{"id":87004,"date":"2021-11-10T10:36:50","date_gmt":"2021-11-10T09:36:50","guid":{"rendered":"https:\/\/radioljubuski.ba\/?p=87004"},"modified":"2021-11-10T10:36:51","modified_gmt":"2021-11-10T09:36:51","slug":"pahor-spreman-sam-pomoci-bih-liderima-predlazem-inicijativu-prijatelji-bih","status":"publish","type":"post","link":"https:\/\/radioljubuski.ba\/index.php\/2021\/11\/10\/pahor-spreman-sam-pomoci-bih-liderima-predlazem-inicijativu-prijatelji-bih\/","title":{"rendered":"Pahor: Spreman sam pomo\u0107i BiH, liderima predla\u017eem inicijativu \u201cPrijatelji BiH\u201d"},"content":{"rendered":"\n<p>Borut Pahor, predsjednik Slovenije istaknuo je da je za sastanak Milorada Dodika, \u010dlana Predsjedni\u0161tva Bosne i Hercegovine i Janeza Jan\u0161e, premijera Slovenije saznao iz medija. Tako\u0111er je istaknuo i to da je spreman na razli\u010dite na\u010dine pomo\u0107i BiH.<\/p>\n\n\n\n<p>Kako ka\u017ee, pomo\u0107 BiH nije spreman pru\u017eiti samo kao kopredsjedavaju\u0107i vi\u0161e od 10 godina trajaju\u0107oj inicijativi Brdo-Brijuni, nego da i u neformalnim razgovorima sa kolegama liderima razmi\u0161ljaju da je mo\u017eda do\u0161lo vrijeme da bi se BiH moglo pomo\u0107i da se iz statusa quo izvu\u010de uz formiranje inicijative \u201cPrijatelji BiH\u201d.<\/p>\n\n\n\n<p>\u201cTako bi na politi\u010dkom kao i na stru\u010dnom nivou u suradnji sa bh. vlastima poku\u0161ali prona\u0107i rje\u0161enja za njihove klju\u010dne probleme da bi se BiH mogla poma\u0107i sa mrtve to\u010dke u pregovorima sa EU. Naime, ako napretka u nekom razumnom vremenu ne\u0107e biti, jo\u0161 \u0107e dodatno poja\u010dati one ideje da zajedno nije mogu\u0107e \u017eivjeti, da je od ve\u0107e koristi da se narodi pridru\u017ee svojim mati\u010dnim zemljama, da tako ka\u017eem. Time bi se otvorilo i pitanje Bo\u0161njaka i njihove politi\u010dke i ekonomske egzistencije i tako dalje\u201d, kazao je Pahor.<\/p>\n\n\n\n<p>Mi\u0161ljenja je da se sve ovo mo\u017ee i mora izbje\u0107i jer se ne mo\u017ee sa sigurno\u0161\u0107u re\u0107i da je to mogu\u0107e napraviti mirnim putem.<\/p>\n\n\n\n<p>\u201cOsobno mislim da to nije mogu\u0107e napraviti mirnim putem zato se i zala\u017eemo da \u0161to vi\u0161e razgovaramo o tome. Ako je taj razgovor Jan\u0161e i Dodika i\u0161ao u tom smjeru mislim da se dijalogu niko ne protivi. Ali ako je Dodik tra\u017eio podr\u0161ku za stavove sa kojima se ja ne sla\u017eem \u2013 bez mije\u0161anja u bh. politiku \u2013 moramo imati jasan stav, ne samo Slovenija, ve\u0107 cijela me\u0111unarodna zajednica \u2013 tu smo zato da BiH pomognemo, naravno da ostane u okviru teritorijalnih granica i da bude funkcionalna\u201d, poru\u010dio je Pahor.<\/p>\n\n\n\n<p>Izvor:N1<\/p>\n","protected":false},"excerpt":{"rendered":"<p>Borut Pahor, predsjednik Slovenije istaknuo je da je za sastanak Milorada Dodika, \u010dlana Predsjedni\u0161tva Bosne i Hercegovine i Janeza Jan\u0161e, premijera Slovenije saznao iz medija. Tako\u0111er je istaknuo i to da je spreman na razli\u010dite na\u010dine pomo\u0107i BiH. Kako ka\u017ee, pomo\u0107 BiH nije spreman pru\u017eiti samo kao kopredsjedavaju\u0107i vi\u0161e od 10 godina trajaju\u0107oj inicijativi Brdo-Brijuni, [&hellip;]<\/p>\n","protected":false},"author":2,"featured_media":87005,"comment_status":"closed","ping_status":"closed","sticky":false,"template":"","format":"standard","meta":{"h5ap_radio_sources":[],"footnotes":""},"categories":[1],"tags":[],"class_list":["post-87004","post","type-post","status-publish","format-standard","has-post-thumbnail","hentry","category-bihiregija"],"yoast_head":"<!-- This site is optimized with the Yoast SEO plugin v27.5 - https:\/\/yoast.com\/product\/yoast-seo-wordpress\/ -->\n<title>Pahor: Spreman sam pomo\u0107i BiH, liderima predla\u017eem inicijativu \u201cPrijatelji BiH\u201d - RADIO LJUBU\u0160KI<\/title>\n<meta name=\"robots\" content=\"index, follow, max-snippet:-1, max-image-preview:large, max-video-preview:-1\" \/>\n<link rel=\"canonical\" href=\"https:\/\/radioljubuski.ba\/index.php\/2021\/11\/10\/pahor-spreman-sam-pomoci-bih-liderima-predlazem-inicijativu-prijatelji-bih\/\" \/>\n<meta property=\"og:locale\" content=\"hr_HR\" \/>\n<meta property=\"og:type\" content=\"article\" \/>\n<meta property=\"og:title\" content=\"Pahor: Spreman sam pomo\u0107i BiH, liderima predla\u017eem inicijativu \u201cPrijatelji BiH\u201d - RADIO LJUBU\u0160KI\" \/>\n<meta property=\"og:description\" content=\"Borut Pahor, predsjednik Slovenije istaknuo je da je za sastanak Milorada Dodika, \u010dlana Predsjedni\u0161tva Bosne i Hercegovine i Janeza Jan\u0161e, premijera Slovenije saznao iz medija. Tako\u0111er je istaknuo i to da je spreman na razli\u010dite na\u010dine pomo\u0107i BiH. Kako ka\u017ee, pomo\u0107 BiH nije spreman pru\u017eiti samo kao kopredsjedavaju\u0107i vi\u0161e od 10 godina trajaju\u0107oj inicijativi Brdo-Brijuni, [&hellip;]\" \/>\n<meta property=\"og:url\" content=\"https:\/\/radioljubuski.ba\/index.php\/2021\/11\/10\/pahor-spreman-sam-pomoci-bih-liderima-predlazem-inicijativu-prijatelji-bih\/\" \/>\n<meta property=\"og:site_name\" content=\"RADIO LJUBU\u0160KI\" \/>\n<meta property=\"article:publisher\" content=\"https:\/\/www.facebook.com\/Radiio-Ljubuski-1490835324566332\" \/>\n<meta property=\"article:published_time\" content=\"2021-11-10T09:36:50+00:00\" \/>\n<meta property=\"article:modified_time\" content=\"2021-11-10T09:36:51+00:00\" \/>\n<meta property=\"og:image\" content=\"https:\/\/radioljubuski.ba\/wp-content\/uploads\/2021\/11\/9-2021-11-09-17-44-24-pahorre.jpg\" \/>\n\t<meta property=\"og:image:width\" content=\"1000\" \/>\n\t<meta property=\"og:image:height\" content=\"625\" \/>\n\t<meta property=\"og:image:type\" content=\"image\/jpeg\" \/>\n<meta name=\"author\" content=\"Radio Ljubu\u0161ki\" \/>\n<meta name=\"twitter:card\" content=\"summary_large_image\" \/>\n<meta name=\"twitter:creator\" content=\"@radioljubuski\" \/>\n<meta name=\"twitter:site\" content=\"@radioljubuski\" \/>\n<meta name=\"twitter:label1\" content=\"Napisao\/la\" \/>\n\t<meta name=\"twitter:data1\" content=\"Radio Ljubu\u0161ki\" \/>\n\t<meta name=\"twitter:label2\" content=\"Procijenjeno vrijeme \u010ditanja\" \/>\n\t<meta name=\"twitter:data2\" content=\"2 minute\" \/>\n<script type=\"application\/ld+json\" class=\"yoast-schema-graph\">{\"@context\":\"https:\\\/\\\/schema.org\",\"@graph\":[{\"@type\":\"Article\",\"@id\":\"https:\\\/\\\/radioljubuski.ba\\\/index.php\\\/2021\\\/11\\\/10\\\/pahor-spreman-sam-pomoci-bih-liderima-predlazem-inicijativu-prijatelji-bih\\\/#article\",\"isPartOf\":{\"@id\":\"https:\\\/\\\/radioljubuski.ba\\\/index.php\\\/2021\\\/11\\\/10\\\/pahor-spreman-sam-pomoci-bih-liderima-predlazem-inicijativu-prijatelji-bih\\\/\"},\"author\":{\"name\":\"Radio Ljubu\u0161ki\",\"@id\":\"https:\\\/\\\/radioljubuski.ba\\\/#\\\/schema\\\/person\\\/19fc700381a780f69665d7956c469e3b\"},\"headline\":\"Pahor: Spreman sam pomo\u0107i BiH, liderima predla\u017eem inicijativu \u201cPrijatelji BiH\u201d\",\"datePublished\":\"2021-11-10T09:36:50+00:00\",\"dateModified\":\"2021-11-10T09:36:51+00:00\",\"mainEntityOfPage\":{\"@id\":\"https:\\\/\\\/radioljubuski.ba\\\/index.php\\\/2021\\\/11\\\/10\\\/pahor-spreman-sam-pomoci-bih-liderima-predlazem-inicijativu-prijatelji-bih\\\/\"},\"wordCount\":350,\"publisher\":{\"@id\":\"https:\\\/\\\/radioljubuski.ba\\\/#organization\"},\"image\":{\"@id\":\"https:\\\/\\\/radioljubuski.ba\\\/index.php\\\/2021\\\/11\\\/10\\\/pahor-spreman-sam-pomoci-bih-liderima-predlazem-inicijativu-prijatelji-bih\\\/#primaryimage\"},\"thumbnailUrl\":\"https:\\\/\\\/radioljubuski.ba\\\/wp-content\\\/uploads\\\/2021\\\/11\\\/9-2021-11-09-17-44-24-pahorre.jpg\",\"articleSection\":[\"BIH i regija\"],\"inLanguage\":\"hr\"},{\"@type\":\"WebPage\",\"@id\":\"https:\\\/\\\/radioljubuski.ba\\\/index.php\\\/2021\\\/11\\\/10\\\/pahor-spreman-sam-pomoci-bih-liderima-predlazem-inicijativu-prijatelji-bih\\\/\",\"url\":\"https:\\\/\\\/radioljubuski.ba\\\/index.php\\\/2021\\\/11\\\/10\\\/pahor-spreman-sam-pomoci-bih-liderima-predlazem-inicijativu-prijatelji-bih\\\/\",\"name\":\"Pahor: Spreman sam pomo\u0107i BiH, liderima predla\u017eem inicijativu \u201cPrijatelji BiH\u201d - RADIO LJUBU\u0160KI\",\"isPartOf\":{\"@id\":\"https:\\\/\\\/radioljubuski.ba\\\/#website\"},\"primaryImageOfPage\":{\"@id\":\"https:\\\/\\\/radioljubuski.ba\\\/index.php\\\/2021\\\/11\\\/10\\\/pahor-spreman-sam-pomoci-bih-liderima-predlazem-inicijativu-prijatelji-bih\\\/#primaryimage\"},\"image\":{\"@id\":\"https:\\\/\\\/radioljubuski.ba\\\/index.php\\\/2021\\\/11\\\/10\\\/pahor-spreman-sam-pomoci-bih-liderima-predlazem-inicijativu-prijatelji-bih\\\/#primaryimage\"},\"thumbnailUrl\":\"https:\\\/\\\/radioljubuski.ba\\\/wp-content\\\/uploads\\\/2021\\\/11\\\/9-2021-11-09-17-44-24-pahorre.jpg\",\"datePublished\":\"2021-11-10T09:36:50+00:00\",\"dateModified\":\"2021-11-10T09:36:51+00:00\",\"breadcrumb\":{\"@id\":\"https:\\\/\\\/radioljubuski.ba\\\/index.php\\\/2021\\\/11\\\/10\\\/pahor-spreman-sam-pomoci-bih-liderima-predlazem-inicijativu-prijatelji-bih\\\/#breadcrumb\"},\"inLanguage\":\"hr\",\"potentialAction\":[{\"@type\":\"ReadAction\",\"target\":[\"https:\\\/\\\/radioljubuski.ba\\\/index.php\\\/2021\\\/11\\\/10\\\/pahor-spreman-sam-pomoci-bih-liderima-predlazem-inicijativu-prijatelji-bih\\\/\"]}]},{\"@type\":\"ImageObject\",\"inLanguage\":\"hr\",\"@id\":\"https:\\\/\\\/radioljubuski.ba\\\/index.php\\\/2021\\\/11\\\/10\\\/pahor-spreman-sam-pomoci-bih-liderima-predlazem-inicijativu-prijatelji-bih\\\/#primaryimage\",\"url\":\"https:\\\/\\\/radioljubuski.ba\\\/wp-content\\\/uploads\\\/2021\\\/11\\\/9-2021-11-09-17-44-24-pahorre.jpg\",\"contentUrl\":\"https:\\\/\\\/radioljubuski.ba\\\/wp-content\\\/uploads\\\/2021\\\/11\\\/9-2021-11-09-17-44-24-pahorre.jpg\",\"width\":1000,\"height\":625},{\"@type\":\"BreadcrumbList\",\"@id\":\"https:\\\/\\\/radioljubuski.ba\\\/index.php\\\/2021\\\/11\\\/10\\\/pahor-spreman-sam-pomoci-bih-liderima-predlazem-inicijativu-prijatelji-bih\\\/#breadcrumb\",\"itemListElement\":[{\"@type\":\"ListItem\",\"position\":1,\"name\":\"Po\u010detna stranica\",\"item\":\"https:\\\/\\\/radioljubuski.ba\\\/\"},{\"@type\":\"ListItem\",\"position\":2,\"name\":\"Pahor: Spreman sam pomo\u0107i BiH, liderima predla\u017eem inicijativu \u201cPrijatelji BiH\u201d\"}]},{\"@type\":\"WebSite\",\"@id\":\"https:\\\/\\\/radioljubuski.ba\\\/#website\",\"url\":\"https:\\\/\\\/radioljubuski.ba\\\/\",\"name\":\"Radio Ljubu\u0161ki\",\"description\":\"Sun\u010dana frekvencija Hercegovine\",\"publisher\":{\"@id\":\"https:\\\/\\\/radioljubuski.ba\\\/#organization\"},\"potentialAction\":[{\"@type\":\"SearchAction\",\"target\":{\"@type\":\"EntryPoint\",\"urlTemplate\":\"https:\\\/\\\/radioljubuski.ba\\\/?s={search_term_string}\"},\"query-input\":{\"@type\":\"PropertyValueSpecification\",\"valueRequired\":true,\"valueName\":\"search_term_string\"}}],\"inLanguage\":\"hr\"},{\"@type\":\"Organization\",\"@id\":\"https:\\\/\\\/radioljubuski.ba\\\/#organization\",\"name\":\"Radio Ljubu\u0161ki\",\"url\":\"https:\\\/\\\/radioljubuski.ba\\\/\",\"logo\":{\"@type\":\"ImageObject\",\"inLanguage\":\"hr\",\"@id\":\"https:\\\/\\\/radioljubuski.ba\\\/#\\\/schema\\\/logo\\\/image\\\/\",\"url\":\"https:\\\/\\\/radioljubuski.ba\\\/wp-content\\\/uploads\\\/2021\\\/02\\\/cropped-Radio_Ljubuski_logo1.jpg\",\"contentUrl\":\"https:\\\/\\\/radioljubuski.ba\\\/wp-content\\\/uploads\\\/2021\\\/02\\\/cropped-Radio_Ljubuski_logo1.jpg\",\"width\":512,\"height\":512,\"caption\":\"Radio Ljubu\u0161ki\"},\"image\":{\"@id\":\"https:\\\/\\\/radioljubuski.ba\\\/#\\\/schema\\\/logo\\\/image\\\/\"},\"sameAs\":[\"https:\\\/\\\/www.facebook.com\\\/Radiio-Ljubuski-1490835324566332\",\"https:\\\/\\\/x.com\\\/radioljubuski\",\"https:\\\/\\\/hr.linkedin.com\\\/company\\\/radio-ljubuski\",\"https:\\\/\\\/www.youtube.com\\\/channel\\\/UCHYaeO_n0Db3tjNGudGpXyw\"]},{\"@type\":\"Person\",\"@id\":\"https:\\\/\\\/radioljubuski.ba\\\/#\\\/schema\\\/person\\\/19fc700381a780f69665d7956c469e3b\",\"name\":\"Radio Ljubu\u0161ki\"}]}<\/script>\n<!-- \/ Yoast SEO plugin. -->","yoast_head_json":{"title":"Pahor: Spreman sam pomo\u0107i BiH, liderima predla\u017eem inicijativu \u201cPrijatelji BiH\u201d - RADIO LJUBU\u0160KI","robots":{"index":"index","follow":"follow","max-snippet":"max-snippet:-1","max-image-preview":"max-image-preview:large","max-video-preview":"max-video-preview:-1"},"canonical":"https:\/\/radioljubuski.ba\/index.php\/2021\/11\/10\/pahor-spreman-sam-pomoci-bih-liderima-predlazem-inicijativu-prijatelji-bih\/","og_locale":"hr_HR","og_type":"article","og_title":"Pahor: Spreman sam pomo\u0107i BiH, liderima predla\u017eem inicijativu \u201cPrijatelji BiH\u201d - RADIO LJUBU\u0160KI","og_description":"Borut Pahor, predsjednik Slovenije istaknuo je da je za sastanak Milorada Dodika, \u010dlana Predsjedni\u0161tva Bosne i Hercegovine i Janeza Jan\u0161e, premijera Slovenije saznao iz medija. Tako\u0111er je istaknuo i to da je spreman na razli\u010dite na\u010dine pomo\u0107i BiH. Kako ka\u017ee, pomo\u0107 BiH nije spreman pru\u017eiti samo kao kopredsjedavaju\u0107i vi\u0161e od 10 godina trajaju\u0107oj inicijativi Brdo-Brijuni, [&hellip;]","og_url":"https:\/\/radioljubuski.ba\/index.php\/2021\/11\/10\/pahor-spreman-sam-pomoci-bih-liderima-predlazem-inicijativu-prijatelji-bih\/","og_site_name":"RADIO LJUBU\u0160KI","article_publisher":"https:\/\/www.facebook.com\/Radiio-Ljubuski-1490835324566332","article_published_time":"2021-11-10T09:36:50+00:00","article_modified_time":"2021-11-10T09:36:51+00:00","og_image":[{"width":1000,"height":625,"url":"https:\/\/radioljubuski.ba\/wp-content\/uploads\/2021\/11\/9-2021-11-09-17-44-24-pahorre.jpg","type":"image\/jpeg"}],"author":"Radio Ljubu\u0161ki","twitter_card":"summary_large_image","twitter_creator":"@radioljubuski","twitter_site":"@radioljubuski","twitter_misc":{"Napisao\/la":"Radio Ljubu\u0161ki","Procijenjeno vrijeme \u010ditanja":"2 minute"},"schema":{"@context":"https:\/\/schema.org","@graph":[{"@type":"Article","@id":"https:\/\/radioljubuski.ba\/index.php\/2021\/11\/10\/pahor-spreman-sam-pomoci-bih-liderima-predlazem-inicijativu-prijatelji-bih\/#article","isPartOf":{"@id":"https:\/\/radioljubuski.ba\/index.php\/2021\/11\/10\/pahor-spreman-sam-pomoci-bih-liderima-predlazem-inicijativu-prijatelji-bih\/"},"author":{"name":"Radio Ljubu\u0161ki","@id":"https:\/\/radioljubuski.ba\/#\/schema\/person\/19fc700381a780f69665d7956c469e3b"},"headline":"Pahor: Spreman sam pomo\u0107i BiH, liderima predla\u017eem inicijativu \u201cPrijatelji BiH\u201d","datePublished":"2021-11-10T09:36:50+00:00","dateModified":"2021-11-10T09:36:51+00:00","mainEntityOfPage":{"@id":"https:\/\/radioljubuski.ba\/index.php\/2021\/11\/10\/pahor-spreman-sam-pomoci-bih-liderima-predlazem-inicijativu-prijatelji-bih\/"},"wordCount":350,"publisher":{"@id":"https:\/\/radioljubuski.ba\/#organization"},"image":{"@id":"https:\/\/radioljubuski.ba\/index.php\/2021\/11\/10\/pahor-spreman-sam-pomoci-bih-liderima-predlazem-inicijativu-prijatelji-bih\/#primaryimage"},"thumbnailUrl":"https:\/\/radioljubuski.ba\/wp-content\/uploads\/2021\/11\/9-2021-11-09-17-44-24-pahorre.jpg","articleSection":["BIH i regija"],"inLanguage":"hr"},{"@type":"WebPage","@id":"https:\/\/radioljubuski.ba\/index.php\/2021\/11\/10\/pahor-spreman-sam-pomoci-bih-liderima-predlazem-inicijativu-prijatelji-bih\/","url":"https:\/\/radioljubuski.ba\/index.php\/2021\/11\/10\/pahor-spreman-sam-pomoci-bih-liderima-predlazem-inicijativu-prijatelji-bih\/","name":"Pahor: Spreman sam pomo\u0107i BiH, liderima predla\u017eem inicijativu \u201cPrijatelji BiH\u201d - RADIO LJUBU\u0160KI","isPartOf":{"@id":"https:\/\/radioljubuski.ba\/#website"},"primaryImageOfPage":{"@id":"https:\/\/radioljubuski.ba\/index.php\/2021\/11\/10\/pahor-spreman-sam-pomoci-bih-liderima-predlazem-inicijativu-prijatelji-bih\/#primaryimage"},"image":{"@id":"https:\/\/radioljubuski.ba\/index.php\/2021\/11\/10\/pahor-spreman-sam-pomoci-bih-liderima-predlazem-inicijativu-prijatelji-bih\/#primaryimage"},"thumbnailUrl":"https:\/\/radioljubuski.ba\/wp-content\/uploads\/2021\/11\/9-2021-11-09-17-44-24-pahorre.jpg","datePublished":"2021-11-10T09:36:50+00:00","dateModified":"2021-11-10T09:36:51+00:00","breadcrumb":{"@id":"https:\/\/radioljubuski.ba\/index.php\/2021\/11\/10\/pahor-spreman-sam-pomoci-bih-liderima-predlazem-inicijativu-prijatelji-bih\/#breadcrumb"},"inLanguage":"hr","potentialAction":[{"@type":"ReadAction","target":["https:\/\/radioljubuski.ba\/index.php\/2021\/11\/10\/pahor-spreman-sam-pomoci-bih-liderima-predlazem-inicijativu-prijatelji-bih\/"]}]},{"@type":"ImageObject","inLanguage":"hr","@id":"https:\/\/radioljubuski.ba\/index.php\/2021\/11\/10\/pahor-spreman-sam-pomoci-bih-liderima-predlazem-inicijativu-prijatelji-bih\/#primaryimage","url":"https:\/\/radioljubuski.ba\/wp-content\/uploads\/2021\/11\/9-2021-11-09-17-44-24-pahorre.jpg","contentUrl":"https:\/\/radioljubuski.ba\/wp-content\/uploads\/2021\/11\/9-2021-11-09-17-44-24-pahorre.jpg","width":1000,"height":625},{"@type":"BreadcrumbList","@id":"https:\/\/radioljubuski.ba\/index.php\/2021\/11\/10\/pahor-spreman-sam-pomoci-bih-liderima-predlazem-inicijativu-prijatelji-bih\/#breadcrumb","itemListElement":[{"@type":"ListItem","position":1,"name":"Po\u010detna stranica","item":"https:\/\/radioljubuski.ba\/"},{"@type":"ListItem","position":2,"name":"Pahor: Spreman sam pomo\u0107i BiH, liderima predla\u017eem inicijativu \u201cPrijatelji BiH\u201d"}]},{"@type":"WebSite","@id":"https:\/\/radioljubuski.ba\/#website","url":"https:\/\/radioljubuski.ba\/","name":"Radio Ljubu\u0161ki","description":"Sun\u010dana frekvencija Hercegovine","publisher":{"@id":"https:\/\/radioljubuski.ba\/#organization"},"potentialAction":[{"@type":"SearchAction","target":{"@type":"EntryPoint","urlTemplate":"https:\/\/radioljubuski.ba\/?s={search_term_string}"},"query-input":{"@type":"PropertyValueSpecification","valueRequired":true,"valueName":"search_term_string"}}],"inLanguage":"hr"},{"@type":"Organization","@id":"https:\/\/radioljubuski.ba\/#organization","name":"Radio Ljubu\u0161ki","url":"https:\/\/radioljubuski.ba\/","logo":{"@type":"ImageObject","inLanguage":"hr","@id":"https:\/\/radioljubuski.ba\/#\/schema\/logo\/image\/","url":"https:\/\/radioljubuski.ba\/wp-content\/uploads\/2021\/02\/cropped-Radio_Ljubuski_logo1.jpg","contentUrl":"https:\/\/radioljubuski.ba\/wp-content\/uploads\/2021\/02\/cropped-Radio_Ljubuski_logo1.jpg","width":512,"height":512,"caption":"Radio Ljubu\u0161ki"},"image":{"@id":"https:\/\/radioljubuski.ba\/#\/schema\/logo\/image\/"},"sameAs":["https:\/\/www.facebook.com\/Radiio-Ljubuski-1490835324566332","https:\/\/x.com\/radioljubuski","https:\/\/hr.linkedin.com\/company\/radio-ljubuski","https:\/\/www.youtube.com\/channel\/UCHYaeO_n0Db3tjNGudGpXyw"]},{"@type":"Person","@id":"https:\/\/radioljubuski.ba\/#\/schema\/person\/19fc700381a780f69665d7956c469e3b","name":"Radio Ljubu\u0161ki"}]}},"_links":{"self":[{"href":"https:\/\/radioljubuski.ba\/index.php\/wp-json\/wp\/v2\/posts\/87004","targetHints":{"allow":["GET"]}}],"collection":[{"href":"https:\/\/radioljubuski.ba\/index.php\/wp-json\/wp\/v2\/posts"}],"about":[{"href":"https:\/\/radioljubuski.ba\/index.php\/wp-json\/wp\/v2\/types\/post"}],"author":[{"embeddable":true,"href":"https:\/\/radioljubuski.ba\/index.php\/wp-json\/wp\/v2\/users\/2"}],"replies":[{"embeddable":true,"href":"https:\/\/radioljubuski.ba\/index.php\/wp-json\/wp\/v2\/comments?post=87004"}],"version-history":[{"count":1,"href":"https:\/\/radioljubuski.ba\/index.php\/wp-json\/wp\/v2\/posts\/87004\/revisions"}],"predecessor-version":[{"id":87006,"href":"https:\/\/radioljubuski.ba\/index.php\/wp-json\/wp\/v2\/posts\/87004\/revisions\/87006"}],"wp:featuredmedia":[{"embeddable":true,"href":"https:\/\/radioljubuski.ba\/index.php\/wp-json\/wp\/v2\/media\/87005"}],"wp:attachment":[{"href":"https:\/\/radioljubuski.ba\/index.php\/wp-json\/wp\/v2\/media?parent=87004"}],"wp:term":[{"taxonomy":"category","embeddable":true,"href":"https:\/\/radioljubuski.ba\/index.php\/wp-json\/wp\/v2\/categories?post=87004"},{"taxonomy":"post_tag","embeddable":true,"href":"https:\/\/radioljubuski.ba\/index.php\/wp-json\/wp\/v2\/tags?post=87004"}],"curies":[{"name":"wp","href":"https:\/\/api.w.org\/{rel}","templated":true}]}}