{"id":87021,"date":"2021-11-10T10:46:29","date_gmt":"2021-11-10T09:46:29","guid":{"rendered":"https:\/\/radioljubuski.ba\/?p=87021"},"modified":"2021-11-10T10:46:30","modified_gmt":"2021-11-10T09:46:30","slug":"vodu-uvozimo-iz-srbije-kamen-iz-turske-krumpir-iz-nizozemske","status":"publish","type":"post","link":"https:\/\/radioljubuski.ba\/index.php\/2021\/11\/10\/vodu-uvozimo-iz-srbije-kamen-iz-turske-krumpir-iz-nizozemske\/","title":{"rendered":"Vodu uvozimo iz Srbije, kamen iz Turske, krumpir iz Nizozemske&#8230;"},"content":{"rendered":"\n<p>BiH je me\u0111u najbogatijim europskim zemljama kada je rije\u010d o pitkoj vodi. No, unato\u010d tome, izdvajaju se milijunski iznosi za uvoz vode, \u0161to pokazuju podaci Uprave za neizravno oporezivanje BiH, pi\u0161e Ve\u010dernji list BiH.<\/p>\n\n\n\n<p>\u0160to pokazuju podaci?<\/p>\n\n\n\n<p>Kako je prikazano u podacima za prvih devet mjeseci ove godine, u BiH su uvezena 40,993.563 kg vode u vrijednosti od 20,085.860 KM, najvi\u0161e iz Srbije. U istom razdoblju izvezeno je tek 22,550.086 kg vode, od \u010dega su doma\u0107i proizvo\u0111a\u010di vode zaradili 4,350.632 KM, \u0161to je za vi\u0161e od 15 mil. KM manje od cijene uvezene robe. Proizvod po kojem je BiH \u201cjaka\u201d kada je rije\u010d o uvozu je kamen, bez obzira na to \u0161to Hercegovina skriva ogroman potencijal i bogatstvo upravo u kamenu. Prema dostupnim podacima, zalihe kamena na kojem le\u017ei Hercegovina vrijedne su nekoliko milijardi eura. No, unato\u010d tomu, u prvih osam mjeseci ove godine u BiH je uvezeno granita i mramora u vrijednosti od 9,722.610,58 KM, dok ga je izvezeno u vrijednosti od 1,229.911,18 KM. Najvi\u0161e kamena iz BiH uvezeno je iz Turske, Hrvatske, Makedonije, dok je kamena iz BiH najvi\u0161e izvezeno u Njema\u010dku, Italiju, Srbiju, Hrvatsku&#8230; Frano Ore\u010d iz Posu\u0161ja, koji se istra\u017eivanjem kamena bavi vi\u0161e od 50 godina, smatra kako je veliki gubitak za dr\u017eavu to \u0161to se kvalitetan kamen, kakav ima Hercegovina, prodaje u blokovima jer je dobit puno ve\u0107a kada se prodaje prera\u0111en kamen. &#8211; Hercegovina nema kamene industrije, ali bilo bi dobro kada bi se i\u0161lo na tu kartu da se Hercegovina razvija u kamenu &#8211; komentirao je Ore\u010d nedavno za BHRT.<\/p>\n\n\n\n<p>Situacija nije bolja ni kad je rije\u010d o poljoprivredi. Iako je BiH itekako pogodna za proizvodnju vo\u0107a i povr\u0107a, sve \u010de\u0161\u0107e se ta vrsta proizvodnje gasi jer se doma\u0107i proizvo\u0111a\u010di sve te\u017ee nose s ogromnim uvozom proizvoda koji se prodaju po ni\u017eim cijenama. Kada je pak rije\u010d o krumpiru, uvezeno ga je 12,754.050,40 kg, za \u0161to je izdvojena 8,856.671,41 KM. Kako stoji u podacima Uprave za neizravno oporezivanje, najvi\u0161e krumpira uvezeno je iz Nizozemske, Njema\u010dke, Egipta, Poljske Ma\u0111arske&#8230; Istina, nije ga se samo uvozilo, odre\u0111ena koli\u010dina bh. krumpira zavr\u0161ila je diljem Europske unije. Kako stoji u podacima, izvezeno je 3,071.176 kg krumpira, na kojem su doma\u0107i proizvo\u0111a\u010di zaradili 1,864.389,28 KM. Raj\u010dica su uvezena 17,234.067,03 kg, dok je 1,452.951 kg raj\u010dica iz BiH zavr\u0161io na trpezama u Hrvatskoj i Makedoniji. Gro\u017e\u0111e, jedan od proizvoda kojima Hercegovina obiluje, tako\u0111er se uvozilo. Tog vo\u0107a u prvih 9 mjeseci uvezeno je u vrijednosti od 5,738.892,89 KM, i to najvi\u0161e iz Italije, Turske i Makedonije.<\/p>\n\n\n\n<p>Pomo\u0107i poljoprivredi<\/p>\n\n\n\n<p>Na ogroman nerazmjer kad su u pitanju uvoz i izvoz konstantno upozorava i Ned\u017ead Bi\u0107o, predsjednik Udruge poljoprivrednika u FBiH, te apelira da je poljoprivredi potrebna pomo\u0107. &#8211; Poljoprivrednicima je potrebna pomo\u0107. Trenuta\u010dno zadovoljavamo nepunih 30% potreba dr\u017eave, sve ostalo se uvozi, \u0161to je premalo. Moramo se osvijestiti i o\u017eiviti proizvodnju &#8211; kazao je Bi\u0107o.&nbsp;<\/p>\n\n\n\n<p>Izvor:vecernji.ba<\/p>\n","protected":false},"excerpt":{"rendered":"<p>BiH je me\u0111u najbogatijim europskim zemljama kada je rije\u010d o pitkoj vodi. No, unato\u010d tome, izdvajaju se milijunski iznosi za uvoz vode, \u0161to pokazuju podaci Uprave za neizravno oporezivanje BiH, pi\u0161e Ve\u010dernji list BiH. \u0160to pokazuju podaci? Kako je prikazano u podacima za prvih devet mjeseci ove godine, u BiH su uvezena 40,993.563 kg vode [&hellip;]<\/p>\n","protected":false},"author":2,"featured_media":87023,"comment_status":"closed","ping_status":"closed","sticky":false,"template":"","format":"standard","meta":{"h5ap_radio_sources":[],"footnotes":""},"categories":[1],"tags":[],"class_list":["post-87021","post","type-post","status-publish","format-standard","has-post-thumbnail","hentry","category-bihiregija"],"yoast_head":"<!-- This site is optimized with the Yoast SEO plugin v27.5 - https:\/\/yoast.com\/product\/yoast-seo-wordpress\/ -->\n<title>Vodu uvozimo iz Srbije, kamen iz Turske, krumpir iz Nizozemske... - RADIO LJUBU\u0160KI<\/title>\n<meta name=\"robots\" content=\"index, follow, max-snippet:-1, max-image-preview:large, max-video-preview:-1\" \/>\n<link rel=\"canonical\" href=\"https:\/\/radioljubuski.ba\/index.php\/2021\/11\/10\/vodu-uvozimo-iz-srbije-kamen-iz-turske-krumpir-iz-nizozemske\/\" \/>\n<meta property=\"og:locale\" content=\"hr_HR\" \/>\n<meta property=\"og:type\" content=\"article\" \/>\n<meta property=\"og:title\" content=\"Vodu uvozimo iz Srbije, kamen iz Turske, krumpir iz Nizozemske... - RADIO LJUBU\u0160KI\" \/>\n<meta property=\"og:description\" content=\"BiH je me\u0111u najbogatijim europskim zemljama kada je rije\u010d o pitkoj vodi. No, unato\u010d tome, izdvajaju se milijunski iznosi za uvoz vode, \u0161to pokazuju podaci Uprave za neizravno oporezivanje BiH, pi\u0161e Ve\u010dernji list BiH. \u0160to pokazuju podaci? Kako je prikazano u podacima za prvih devet mjeseci ove godine, u BiH su uvezena 40,993.563 kg vode [&hellip;]\" \/>\n<meta property=\"og:url\" content=\"https:\/\/radioljubuski.ba\/index.php\/2021\/11\/10\/vodu-uvozimo-iz-srbije-kamen-iz-turske-krumpir-iz-nizozemske\/\" \/>\n<meta property=\"og:site_name\" content=\"RADIO LJUBU\u0160KI\" \/>\n<meta property=\"article:publisher\" content=\"https:\/\/www.facebook.com\/Radiio-Ljubuski-1490835324566332\" \/>\n<meta property=\"article:published_time\" content=\"2021-11-10T09:46:29+00:00\" \/>\n<meta property=\"article:modified_time\" content=\"2021-11-10T09:46:30+00:00\" \/>\n<meta property=\"og:image\" content=\"https:\/\/radioljubuski.ba\/wp-content\/uploads\/2021\/11\/YRMCjPvw_voda.gif\" \/>\n\t<meta property=\"og:image:width\" content=\"1000\" \/>\n\t<meta property=\"og:image:height\" content=\"625\" \/>\n\t<meta property=\"og:image:type\" content=\"image\/gif\" \/>\n<meta name=\"author\" content=\"Radio Ljubu\u0161ki\" \/>\n<meta name=\"twitter:card\" content=\"summary_large_image\" \/>\n<meta name=\"twitter:creator\" content=\"@radioljubuski\" \/>\n<meta name=\"twitter:site\" content=\"@radioljubuski\" \/>\n<meta name=\"twitter:label1\" content=\"Napisao\/la\" \/>\n\t<meta name=\"twitter:data1\" content=\"Radio Ljubu\u0161ki\" \/>\n\t<meta name=\"twitter:label2\" content=\"Procijenjeno vrijeme \u010ditanja\" \/>\n\t<meta name=\"twitter:data2\" content=\"3 minute\" \/>\n<script type=\"application\/ld+json\" class=\"yoast-schema-graph\">{\"@context\":\"https:\\\/\\\/schema.org\",\"@graph\":[{\"@type\":\"Article\",\"@id\":\"https:\\\/\\\/radioljubuski.ba\\\/index.php\\\/2021\\\/11\\\/10\\\/vodu-uvozimo-iz-srbije-kamen-iz-turske-krumpir-iz-nizozemske\\\/#article\",\"isPartOf\":{\"@id\":\"https:\\\/\\\/radioljubuski.ba\\\/index.php\\\/2021\\\/11\\\/10\\\/vodu-uvozimo-iz-srbije-kamen-iz-turske-krumpir-iz-nizozemske\\\/\"},\"author\":{\"name\":\"Radio Ljubu\u0161ki\",\"@id\":\"https:\\\/\\\/radioljubuski.ba\\\/#\\\/schema\\\/person\\\/19fc700381a780f69665d7956c469e3b\"},\"headline\":\"Vodu uvozimo iz Srbije, kamen iz Turske, krumpir iz Nizozemske&#8230;\",\"datePublished\":\"2021-11-10T09:46:29+00:00\",\"dateModified\":\"2021-11-10T09:46:30+00:00\",\"mainEntityOfPage\":{\"@id\":\"https:\\\/\\\/radioljubuski.ba\\\/index.php\\\/2021\\\/11\\\/10\\\/vodu-uvozimo-iz-srbije-kamen-iz-turske-krumpir-iz-nizozemske\\\/\"},\"wordCount\":521,\"publisher\":{\"@id\":\"https:\\\/\\\/radioljubuski.ba\\\/#organization\"},\"image\":{\"@id\":\"https:\\\/\\\/radioljubuski.ba\\\/index.php\\\/2021\\\/11\\\/10\\\/vodu-uvozimo-iz-srbije-kamen-iz-turske-krumpir-iz-nizozemske\\\/#primaryimage\"},\"thumbnailUrl\":\"https:\\\/\\\/radioljubuski.ba\\\/wp-content\\\/uploads\\\/2021\\\/11\\\/YRMCjPvw_voda.gif\",\"articleSection\":[\"BIH i regija\"],\"inLanguage\":\"hr\"},{\"@type\":\"WebPage\",\"@id\":\"https:\\\/\\\/radioljubuski.ba\\\/index.php\\\/2021\\\/11\\\/10\\\/vodu-uvozimo-iz-srbije-kamen-iz-turske-krumpir-iz-nizozemske\\\/\",\"url\":\"https:\\\/\\\/radioljubuski.ba\\\/index.php\\\/2021\\\/11\\\/10\\\/vodu-uvozimo-iz-srbije-kamen-iz-turske-krumpir-iz-nizozemske\\\/\",\"name\":\"Vodu uvozimo iz Srbije, kamen iz Turske, krumpir iz Nizozemske... - RADIO LJUBU\u0160KI\",\"isPartOf\":{\"@id\":\"https:\\\/\\\/radioljubuski.ba\\\/#website\"},\"primaryImageOfPage\":{\"@id\":\"https:\\\/\\\/radioljubuski.ba\\\/index.php\\\/2021\\\/11\\\/10\\\/vodu-uvozimo-iz-srbije-kamen-iz-turske-krumpir-iz-nizozemske\\\/#primaryimage\"},\"image\":{\"@id\":\"https:\\\/\\\/radioljubuski.ba\\\/index.php\\\/2021\\\/11\\\/10\\\/vodu-uvozimo-iz-srbije-kamen-iz-turske-krumpir-iz-nizozemske\\\/#primaryimage\"},\"thumbnailUrl\":\"https:\\\/\\\/radioljubuski.ba\\\/wp-content\\\/uploads\\\/2021\\\/11\\\/YRMCjPvw_voda.gif\",\"datePublished\":\"2021-11-10T09:46:29+00:00\",\"dateModified\":\"2021-11-10T09:46:30+00:00\",\"breadcrumb\":{\"@id\":\"https:\\\/\\\/radioljubuski.ba\\\/index.php\\\/2021\\\/11\\\/10\\\/vodu-uvozimo-iz-srbije-kamen-iz-turske-krumpir-iz-nizozemske\\\/#breadcrumb\"},\"inLanguage\":\"hr\",\"potentialAction\":[{\"@type\":\"ReadAction\",\"target\":[\"https:\\\/\\\/radioljubuski.ba\\\/index.php\\\/2021\\\/11\\\/10\\\/vodu-uvozimo-iz-srbije-kamen-iz-turske-krumpir-iz-nizozemske\\\/\"]}]},{\"@type\":\"ImageObject\",\"inLanguage\":\"hr\",\"@id\":\"https:\\\/\\\/radioljubuski.ba\\\/index.php\\\/2021\\\/11\\\/10\\\/vodu-uvozimo-iz-srbije-kamen-iz-turske-krumpir-iz-nizozemske\\\/#primaryimage\",\"url\":\"https:\\\/\\\/radioljubuski.ba\\\/wp-content\\\/uploads\\\/2021\\\/11\\\/YRMCjPvw_voda.gif\",\"contentUrl\":\"https:\\\/\\\/radioljubuski.ba\\\/wp-content\\\/uploads\\\/2021\\\/11\\\/YRMCjPvw_voda.gif\",\"width\":1000,\"height\":625},{\"@type\":\"BreadcrumbList\",\"@id\":\"https:\\\/\\\/radioljubuski.ba\\\/index.php\\\/2021\\\/11\\\/10\\\/vodu-uvozimo-iz-srbije-kamen-iz-turske-krumpir-iz-nizozemske\\\/#breadcrumb\",\"itemListElement\":[{\"@type\":\"ListItem\",\"position\":1,\"name\":\"Po\u010detna stranica\",\"item\":\"https:\\\/\\\/radioljubuski.ba\\\/\"},{\"@type\":\"ListItem\",\"position\":2,\"name\":\"Vodu uvozimo iz Srbije, kamen iz Turske, krumpir iz Nizozemske&#8230;\"}]},{\"@type\":\"WebSite\",\"@id\":\"https:\\\/\\\/radioljubuski.ba\\\/#website\",\"url\":\"https:\\\/\\\/radioljubuski.ba\\\/\",\"name\":\"Radio Ljubu\u0161ki\",\"description\":\"Sun\u010dana frekvencija Hercegovine\",\"publisher\":{\"@id\":\"https:\\\/\\\/radioljubuski.ba\\\/#organization\"},\"potentialAction\":[{\"@type\":\"SearchAction\",\"target\":{\"@type\":\"EntryPoint\",\"urlTemplate\":\"https:\\\/\\\/radioljubuski.ba\\\/?s={search_term_string}\"},\"query-input\":{\"@type\":\"PropertyValueSpecification\",\"valueRequired\":true,\"valueName\":\"search_term_string\"}}],\"inLanguage\":\"hr\"},{\"@type\":\"Organization\",\"@id\":\"https:\\\/\\\/radioljubuski.ba\\\/#organization\",\"name\":\"Radio Ljubu\u0161ki\",\"url\":\"https:\\\/\\\/radioljubuski.ba\\\/\",\"logo\":{\"@type\":\"ImageObject\",\"inLanguage\":\"hr\",\"@id\":\"https:\\\/\\\/radioljubuski.ba\\\/#\\\/schema\\\/logo\\\/image\\\/\",\"url\":\"https:\\\/\\\/radioljubuski.ba\\\/wp-content\\\/uploads\\\/2021\\\/02\\\/cropped-Radio_Ljubuski_logo1.jpg\",\"contentUrl\":\"https:\\\/\\\/radioljubuski.ba\\\/wp-content\\\/uploads\\\/2021\\\/02\\\/cropped-Radio_Ljubuski_logo1.jpg\",\"width\":512,\"height\":512,\"caption\":\"Radio Ljubu\u0161ki\"},\"image\":{\"@id\":\"https:\\\/\\\/radioljubuski.ba\\\/#\\\/schema\\\/logo\\\/image\\\/\"},\"sameAs\":[\"https:\\\/\\\/www.facebook.com\\\/Radiio-Ljubuski-1490835324566332\",\"https:\\\/\\\/x.com\\\/radioljubuski\",\"https:\\\/\\\/hr.linkedin.com\\\/company\\\/radio-ljubuski\",\"https:\\\/\\\/www.youtube.com\\\/channel\\\/UCHYaeO_n0Db3tjNGudGpXyw\"]},{\"@type\":\"Person\",\"@id\":\"https:\\\/\\\/radioljubuski.ba\\\/#\\\/schema\\\/person\\\/19fc700381a780f69665d7956c469e3b\",\"name\":\"Radio Ljubu\u0161ki\"}]}<\/script>\n<!-- \/ Yoast SEO plugin. -->","yoast_head_json":{"title":"Vodu uvozimo iz Srbije, kamen iz Turske, krumpir iz Nizozemske... - RADIO LJUBU\u0160KI","robots":{"index":"index","follow":"follow","max-snippet":"max-snippet:-1","max-image-preview":"max-image-preview:large","max-video-preview":"max-video-preview:-1"},"canonical":"https:\/\/radioljubuski.ba\/index.php\/2021\/11\/10\/vodu-uvozimo-iz-srbije-kamen-iz-turske-krumpir-iz-nizozemske\/","og_locale":"hr_HR","og_type":"article","og_title":"Vodu uvozimo iz Srbije, kamen iz Turske, krumpir iz Nizozemske... - RADIO LJUBU\u0160KI","og_description":"BiH je me\u0111u najbogatijim europskim zemljama kada je rije\u010d o pitkoj vodi. No, unato\u010d tome, izdvajaju se milijunski iznosi za uvoz vode, \u0161to pokazuju podaci Uprave za neizravno oporezivanje BiH, pi\u0161e Ve\u010dernji list BiH. \u0160to pokazuju podaci? Kako je prikazano u podacima za prvih devet mjeseci ove godine, u BiH su uvezena 40,993.563 kg vode [&hellip;]","og_url":"https:\/\/radioljubuski.ba\/index.php\/2021\/11\/10\/vodu-uvozimo-iz-srbije-kamen-iz-turske-krumpir-iz-nizozemske\/","og_site_name":"RADIO LJUBU\u0160KI","article_publisher":"https:\/\/www.facebook.com\/Radiio-Ljubuski-1490835324566332","article_published_time":"2021-11-10T09:46:29+00:00","article_modified_time":"2021-11-10T09:46:30+00:00","og_image":[{"width":1000,"height":625,"url":"https:\/\/radioljubuski.ba\/wp-content\/uploads\/2021\/11\/YRMCjPvw_voda.gif","type":"image\/gif"}],"author":"Radio Ljubu\u0161ki","twitter_card":"summary_large_image","twitter_creator":"@radioljubuski","twitter_site":"@radioljubuski","twitter_misc":{"Napisao\/la":"Radio Ljubu\u0161ki","Procijenjeno vrijeme \u010ditanja":"3 minute"},"schema":{"@context":"https:\/\/schema.org","@graph":[{"@type":"Article","@id":"https:\/\/radioljubuski.ba\/index.php\/2021\/11\/10\/vodu-uvozimo-iz-srbije-kamen-iz-turske-krumpir-iz-nizozemske\/#article","isPartOf":{"@id":"https:\/\/radioljubuski.ba\/index.php\/2021\/11\/10\/vodu-uvozimo-iz-srbije-kamen-iz-turske-krumpir-iz-nizozemske\/"},"author":{"name":"Radio Ljubu\u0161ki","@id":"https:\/\/radioljubuski.ba\/#\/schema\/person\/19fc700381a780f69665d7956c469e3b"},"headline":"Vodu uvozimo iz Srbije, kamen iz Turske, krumpir iz Nizozemske&#8230;","datePublished":"2021-11-10T09:46:29+00:00","dateModified":"2021-11-10T09:46:30+00:00","mainEntityOfPage":{"@id":"https:\/\/radioljubuski.ba\/index.php\/2021\/11\/10\/vodu-uvozimo-iz-srbije-kamen-iz-turske-krumpir-iz-nizozemske\/"},"wordCount":521,"publisher":{"@id":"https:\/\/radioljubuski.ba\/#organization"},"image":{"@id":"https:\/\/radioljubuski.ba\/index.php\/2021\/11\/10\/vodu-uvozimo-iz-srbije-kamen-iz-turske-krumpir-iz-nizozemske\/#primaryimage"},"thumbnailUrl":"https:\/\/radioljubuski.ba\/wp-content\/uploads\/2021\/11\/YRMCjPvw_voda.gif","articleSection":["BIH i regija"],"inLanguage":"hr"},{"@type":"WebPage","@id":"https:\/\/radioljubuski.ba\/index.php\/2021\/11\/10\/vodu-uvozimo-iz-srbije-kamen-iz-turske-krumpir-iz-nizozemske\/","url":"https:\/\/radioljubuski.ba\/index.php\/2021\/11\/10\/vodu-uvozimo-iz-srbije-kamen-iz-turske-krumpir-iz-nizozemske\/","name":"Vodu uvozimo iz Srbije, kamen iz Turske, krumpir iz Nizozemske... - RADIO LJUBU\u0160KI","isPartOf":{"@id":"https:\/\/radioljubuski.ba\/#website"},"primaryImageOfPage":{"@id":"https:\/\/radioljubuski.ba\/index.php\/2021\/11\/10\/vodu-uvozimo-iz-srbije-kamen-iz-turske-krumpir-iz-nizozemske\/#primaryimage"},"image":{"@id":"https:\/\/radioljubuski.ba\/index.php\/2021\/11\/10\/vodu-uvozimo-iz-srbije-kamen-iz-turske-krumpir-iz-nizozemske\/#primaryimage"},"thumbnailUrl":"https:\/\/radioljubuski.ba\/wp-content\/uploads\/2021\/11\/YRMCjPvw_voda.gif","datePublished":"2021-11-10T09:46:29+00:00","dateModified":"2021-11-10T09:46:30+00:00","breadcrumb":{"@id":"https:\/\/radioljubuski.ba\/index.php\/2021\/11\/10\/vodu-uvozimo-iz-srbije-kamen-iz-turske-krumpir-iz-nizozemske\/#breadcrumb"},"inLanguage":"hr","potentialAction":[{"@type":"ReadAction","target":["https:\/\/radioljubuski.ba\/index.php\/2021\/11\/10\/vodu-uvozimo-iz-srbije-kamen-iz-turske-krumpir-iz-nizozemske\/"]}]},{"@type":"ImageObject","inLanguage":"hr","@id":"https:\/\/radioljubuski.ba\/index.php\/2021\/11\/10\/vodu-uvozimo-iz-srbije-kamen-iz-turske-krumpir-iz-nizozemske\/#primaryimage","url":"https:\/\/radioljubuski.ba\/wp-content\/uploads\/2021\/11\/YRMCjPvw_voda.gif","contentUrl":"https:\/\/radioljubuski.ba\/wp-content\/uploads\/2021\/11\/YRMCjPvw_voda.gif","width":1000,"height":625},{"@type":"BreadcrumbList","@id":"https:\/\/radioljubuski.ba\/index.php\/2021\/11\/10\/vodu-uvozimo-iz-srbije-kamen-iz-turske-krumpir-iz-nizozemske\/#breadcrumb","itemListElement":[{"@type":"ListItem","position":1,"name":"Po\u010detna stranica","item":"https:\/\/radioljubuski.ba\/"},{"@type":"ListItem","position":2,"name":"Vodu uvozimo iz Srbije, kamen iz Turske, krumpir iz Nizozemske&#8230;"}]},{"@type":"WebSite","@id":"https:\/\/radioljubuski.ba\/#website","url":"https:\/\/radioljubuski.ba\/","name":"Radio Ljubu\u0161ki","description":"Sun\u010dana frekvencija Hercegovine","publisher":{"@id":"https:\/\/radioljubuski.ba\/#organization"},"potentialAction":[{"@type":"SearchAction","target":{"@type":"EntryPoint","urlTemplate":"https:\/\/radioljubuski.ba\/?s={search_term_string}"},"query-input":{"@type":"PropertyValueSpecification","valueRequired":true,"valueName":"search_term_string"}}],"inLanguage":"hr"},{"@type":"Organization","@id":"https:\/\/radioljubuski.ba\/#organization","name":"Radio Ljubu\u0161ki","url":"https:\/\/radioljubuski.ba\/","logo":{"@type":"ImageObject","inLanguage":"hr","@id":"https:\/\/radioljubuski.ba\/#\/schema\/logo\/image\/","url":"https:\/\/radioljubuski.ba\/wp-content\/uploads\/2021\/02\/cropped-Radio_Ljubuski_logo1.jpg","contentUrl":"https:\/\/radioljubuski.ba\/wp-content\/uploads\/2021\/02\/cropped-Radio_Ljubuski_logo1.jpg","width":512,"height":512,"caption":"Radio Ljubu\u0161ki"},"image":{"@id":"https:\/\/radioljubuski.ba\/#\/schema\/logo\/image\/"},"sameAs":["https:\/\/www.facebook.com\/Radiio-Ljubuski-1490835324566332","https:\/\/x.com\/radioljubuski","https:\/\/hr.linkedin.com\/company\/radio-ljubuski","https:\/\/www.youtube.com\/channel\/UCHYaeO_n0Db3tjNGudGpXyw"]},{"@type":"Person","@id":"https:\/\/radioljubuski.ba\/#\/schema\/person\/19fc700381a780f69665d7956c469e3b","name":"Radio Ljubu\u0161ki"}]}},"_links":{"self":[{"href":"https:\/\/radioljubuski.ba\/index.php\/wp-json\/wp\/v2\/posts\/87021","targetHints":{"allow":["GET"]}}],"collection":[{"href":"https:\/\/radioljubuski.ba\/index.php\/wp-json\/wp\/v2\/posts"}],"about":[{"href":"https:\/\/radioljubuski.ba\/index.php\/wp-json\/wp\/v2\/types\/post"}],"author":[{"embeddable":true,"href":"https:\/\/radioljubuski.ba\/index.php\/wp-json\/wp\/v2\/users\/2"}],"replies":[{"embeddable":true,"href":"https:\/\/radioljubuski.ba\/index.php\/wp-json\/wp\/v2\/comments?post=87021"}],"version-history":[{"count":1,"href":"https:\/\/radioljubuski.ba\/index.php\/wp-json\/wp\/v2\/posts\/87021\/revisions"}],"predecessor-version":[{"id":87024,"href":"https:\/\/radioljubuski.ba\/index.php\/wp-json\/wp\/v2\/posts\/87021\/revisions\/87024"}],"wp:featuredmedia":[{"embeddable":true,"href":"https:\/\/radioljubuski.ba\/index.php\/wp-json\/wp\/v2\/media\/87023"}],"wp:attachment":[{"href":"https:\/\/radioljubuski.ba\/index.php\/wp-json\/wp\/v2\/media?parent=87021"}],"wp:term":[{"taxonomy":"category","embeddable":true,"href":"https:\/\/radioljubuski.ba\/index.php\/wp-json\/wp\/v2\/categories?post=87021"},{"taxonomy":"post_tag","embeddable":true,"href":"https:\/\/radioljubuski.ba\/index.php\/wp-json\/wp\/v2\/tags?post=87021"}],"curies":[{"name":"wp","href":"https:\/\/api.w.org\/{rel}","templated":true}]}}