{"id":87025,"date":"2021-11-10T10:47:42","date_gmt":"2021-11-10T09:47:42","guid":{"rendered":"https:\/\/radioljubuski.ba\/?p=87025"},"modified":"2021-11-10T10:47:43","modified_gmt":"2021-11-10T09:47:43","slug":"sad-olaksale-vizni-rezim-za-drzavljane-bih-radnici-lakse-do-privremenih-poslova","status":"publish","type":"post","link":"https:\/\/radioljubuski.ba\/index.php\/2021\/11\/10\/sad-olaksale-vizni-rezim-za-drzavljane-bih-radnici-lakse-do-privremenih-poslova\/","title":{"rendered":"SAD olak\u0161ale vizni re\u017eim za dr\u017eavljane BiH: Radnici lak\u0161e do privremenih poslova"},"content":{"rendered":"\n<p>Ministarstvo unutarnje sigurnosti SAD u konsultaciji sa State Departmentom donijelo je odluku o pro\u0161irenju liste zemalja koje mogu sudjelovati u viza programima H-2A i H-2B, a me\u0111u njima se na\u0161la i Bosna i Hercegovina. &nbsp;<\/p>\n\n\n\n<p>Detalji odluke Ministarstva bit \u0107e objavljene 10. studenoga, a kako je priop\u0107eno iz Ministarstva unuarnje sigurnosti na listu \u0107e biti dodano \u0161est zemalja. &#8220;Odjek za unutarnju sigurnost &nbsp;posve\u0107en je radu s na\u0161im partnerima kako bi osigurao da kompanije u SAD mogu popuniti radna mjesta na privremenim i sezonskim poslovima za koje ameri\u010dki radnici nisu dostupni&#8221;, rekao je tajnik Alehandro Majorkas.<\/p>\n\n\n\n<p>&#8220;Dodavanjem \u0161est novih zemalja omogu\u0107i\u0107e se njihovim dr\u017eavljanima da se prijave za privremeni rad u SAD&#8221;, priop\u0107eno je. Prema informacijama, odlukom Ministarstva unutarnje sigurnosti &nbsp;rad kroz dva vizna programa bit \u0107e omogu\u0107en dr\u017eavljanima Bosne i Hercegovine, Republike Cipar, Dominikanske Republike, Haitija, Mauricijusa i Svete Lucije. S druge stranem, dr\u017eavljani Moldavije vi\u0161e ne\u0107e mo\u0107i pristupiti H-2A programu jer ova zemlja vi\u0161e ne ispunjava uvjete za ovaj vizni re\u017eim, prenosi &nbsp;Klix.<\/p>\n\n\n\n<p>Ukupno, dr\u017eavljani 85 zemalja imaju pravo u\u010de\u0161\u0107a u H-2A programu, a dr\u017eavljani 86 zemalja ima\u0107e pravo u\u010de\u0161\u0107a u H-2B programu u narednoj godini. Vi\u0161e detalja o viznom programu H-2A mogu se prona\u0107i na sljede\u0107em <a href=\"https:\/\/www.uscis.gov\/working-in-the-united-states\/temporary-workers\/h-2a-temporary-agricultural-workers?utm_source=Klix.ba&amp;utm_medium=Clanak\">linku<\/a>. Tako\u0111er, detalji programa H-2B dostupni su na slu\u017ebenoj stranici zadu\u017eenoj za izdavanje viznog re\u017eima.<\/p>\n\n\n\n<p>Izvor:Klix.ba<\/p>\n","protected":false},"excerpt":{"rendered":"<p>Ministarstvo unutarnje sigurnosti SAD u konsultaciji sa State Departmentom donijelo je odluku o pro\u0161irenju liste zemalja koje mogu sudjelovati u viza programima H-2A i H-2B, a me\u0111u njima se na\u0161la i Bosna i Hercegovina. &nbsp; Detalji odluke Ministarstva bit \u0107e objavljene 10. studenoga, a kako je priop\u0107eno iz Ministarstva unuarnje sigurnosti na listu \u0107e biti [&hellip;]<\/p>\n","protected":false},"author":2,"featured_media":0,"comment_status":"closed","ping_status":"closed","sticky":false,"template":"","format":"standard","meta":{"h5ap_radio_sources":[],"footnotes":""},"categories":[1],"tags":[],"class_list":["post-87025","post","type-post","status-publish","format-standard","hentry","category-bihiregija"],"yoast_head":"<!-- This site is optimized with the Yoast SEO plugin v27.5 - https:\/\/yoast.com\/product\/yoast-seo-wordpress\/ -->\n<title>SAD olak\u0161ale vizni re\u017eim za dr\u017eavljane BiH: Radnici lak\u0161e do privremenih poslova - RADIO LJUBU\u0160KI<\/title>\n<meta name=\"robots\" content=\"index, follow, max-snippet:-1, max-image-preview:large, max-video-preview:-1\" \/>\n<link rel=\"canonical\" href=\"https:\/\/radioljubuski.ba\/index.php\/2021\/11\/10\/sad-olaksale-vizni-rezim-za-drzavljane-bih-radnici-lakse-do-privremenih-poslova\/\" \/>\n<meta property=\"og:locale\" content=\"hr_HR\" \/>\n<meta property=\"og:type\" content=\"article\" \/>\n<meta property=\"og:title\" content=\"SAD olak\u0161ale vizni re\u017eim za dr\u017eavljane BiH: Radnici lak\u0161e do privremenih poslova - RADIO LJUBU\u0160KI\" \/>\n<meta property=\"og:description\" content=\"Ministarstvo unutarnje sigurnosti SAD u konsultaciji sa State Departmentom donijelo je odluku o pro\u0161irenju liste zemalja koje mogu sudjelovati u viza programima H-2A i H-2B, a me\u0111u njima se na\u0161la i Bosna i Hercegovina. &nbsp; Detalji odluke Ministarstva bit \u0107e objavljene 10. studenoga, a kako je priop\u0107eno iz Ministarstva unuarnje sigurnosti na listu \u0107e biti [&hellip;]\" \/>\n<meta property=\"og:url\" content=\"https:\/\/radioljubuski.ba\/index.php\/2021\/11\/10\/sad-olaksale-vizni-rezim-za-drzavljane-bih-radnici-lakse-do-privremenih-poslova\/\" \/>\n<meta property=\"og:site_name\" content=\"RADIO LJUBU\u0160KI\" \/>\n<meta property=\"article:publisher\" content=\"https:\/\/www.facebook.com\/Radiio-Ljubuski-1490835324566332\" \/>\n<meta property=\"article:published_time\" content=\"2021-11-10T09:47:42+00:00\" \/>\n<meta property=\"article:modified_time\" content=\"2021-11-10T09:47:43+00:00\" \/>\n<meta property=\"og:image\" content=\"https:\/\/radioljubuski.ba\/wp-content\/uploads\/2021\/10\/veleposlanstvo-sad-sarajevo-2-2-1.jpg\" \/>\n\t<meta property=\"og:image:width\" content=\"800\" \/>\n\t<meta property=\"og:image:height\" content=\"550\" \/>\n\t<meta property=\"og:image:type\" content=\"image\/jpeg\" \/>\n<meta name=\"author\" content=\"Radio Ljubu\u0161ki\" \/>\n<meta name=\"twitter:card\" content=\"summary_large_image\" \/>\n<meta name=\"twitter:creator\" content=\"@radioljubuski\" \/>\n<meta name=\"twitter:site\" content=\"@radioljubuski\" \/>\n<meta name=\"twitter:label1\" content=\"Napisao\/la\" \/>\n\t<meta name=\"twitter:data1\" content=\"Radio Ljubu\u0161ki\" \/>\n\t<meta name=\"twitter:label2\" content=\"Procijenjeno vrijeme \u010ditanja\" \/>\n\t<meta name=\"twitter:data2\" content=\"1 minuta\" \/>\n<script type=\"application\/ld+json\" class=\"yoast-schema-graph\">{\"@context\":\"https:\\\/\\\/schema.org\",\"@graph\":[{\"@type\":\"Article\",\"@id\":\"https:\\\/\\\/radioljubuski.ba\\\/index.php\\\/2021\\\/11\\\/10\\\/sad-olaksale-vizni-rezim-za-drzavljane-bih-radnici-lakse-do-privremenih-poslova\\\/#article\",\"isPartOf\":{\"@id\":\"https:\\\/\\\/radioljubuski.ba\\\/index.php\\\/2021\\\/11\\\/10\\\/sad-olaksale-vizni-rezim-za-drzavljane-bih-radnici-lakse-do-privremenih-poslova\\\/\"},\"author\":{\"name\":\"Radio Ljubu\u0161ki\",\"@id\":\"https:\\\/\\\/radioljubuski.ba\\\/#\\\/schema\\\/person\\\/19fc700381a780f69665d7956c469e3b\"},\"headline\":\"SAD olak\u0161ale vizni re\u017eim za dr\u017eavljane BiH: Radnici lak\u0161e do privremenih poslova\",\"datePublished\":\"2021-11-10T09:47:42+00:00\",\"dateModified\":\"2021-11-10T09:47:43+00:00\",\"mainEntityOfPage\":{\"@id\":\"https:\\\/\\\/radioljubuski.ba\\\/index.php\\\/2021\\\/11\\\/10\\\/sad-olaksale-vizni-rezim-za-drzavljane-bih-radnici-lakse-do-privremenih-poslova\\\/\"},\"wordCount\":272,\"publisher\":{\"@id\":\"https:\\\/\\\/radioljubuski.ba\\\/#organization\"},\"articleSection\":[\"BIH i regija\"],\"inLanguage\":\"hr\"},{\"@type\":\"WebPage\",\"@id\":\"https:\\\/\\\/radioljubuski.ba\\\/index.php\\\/2021\\\/11\\\/10\\\/sad-olaksale-vizni-rezim-za-drzavljane-bih-radnici-lakse-do-privremenih-poslova\\\/\",\"url\":\"https:\\\/\\\/radioljubuski.ba\\\/index.php\\\/2021\\\/11\\\/10\\\/sad-olaksale-vizni-rezim-za-drzavljane-bih-radnici-lakse-do-privremenih-poslova\\\/\",\"name\":\"SAD olak\u0161ale vizni re\u017eim za dr\u017eavljane BiH: Radnici lak\u0161e do privremenih poslova - RADIO LJUBU\u0160KI\",\"isPartOf\":{\"@id\":\"https:\\\/\\\/radioljubuski.ba\\\/#website\"},\"datePublished\":\"2021-11-10T09:47:42+00:00\",\"dateModified\":\"2021-11-10T09:47:43+00:00\",\"breadcrumb\":{\"@id\":\"https:\\\/\\\/radioljubuski.ba\\\/index.php\\\/2021\\\/11\\\/10\\\/sad-olaksale-vizni-rezim-za-drzavljane-bih-radnici-lakse-do-privremenih-poslova\\\/#breadcrumb\"},\"inLanguage\":\"hr\",\"potentialAction\":[{\"@type\":\"ReadAction\",\"target\":[\"https:\\\/\\\/radioljubuski.ba\\\/index.php\\\/2021\\\/11\\\/10\\\/sad-olaksale-vizni-rezim-za-drzavljane-bih-radnici-lakse-do-privremenih-poslova\\\/\"]}]},{\"@type\":\"BreadcrumbList\",\"@id\":\"https:\\\/\\\/radioljubuski.ba\\\/index.php\\\/2021\\\/11\\\/10\\\/sad-olaksale-vizni-rezim-za-drzavljane-bih-radnici-lakse-do-privremenih-poslova\\\/#breadcrumb\",\"itemListElement\":[{\"@type\":\"ListItem\",\"position\":1,\"name\":\"Po\u010detna stranica\",\"item\":\"https:\\\/\\\/radioljubuski.ba\\\/\"},{\"@type\":\"ListItem\",\"position\":2,\"name\":\"SAD olak\u0161ale vizni re\u017eim za dr\u017eavljane BiH: Radnici lak\u0161e do privremenih poslova\"}]},{\"@type\":\"WebSite\",\"@id\":\"https:\\\/\\\/radioljubuski.ba\\\/#website\",\"url\":\"https:\\\/\\\/radioljubuski.ba\\\/\",\"name\":\"Radio Ljubu\u0161ki\",\"description\":\"Sun\u010dana frekvencija Hercegovine\",\"publisher\":{\"@id\":\"https:\\\/\\\/radioljubuski.ba\\\/#organization\"},\"potentialAction\":[{\"@type\":\"SearchAction\",\"target\":{\"@type\":\"EntryPoint\",\"urlTemplate\":\"https:\\\/\\\/radioljubuski.ba\\\/?s={search_term_string}\"},\"query-input\":{\"@type\":\"PropertyValueSpecification\",\"valueRequired\":true,\"valueName\":\"search_term_string\"}}],\"inLanguage\":\"hr\"},{\"@type\":\"Organization\",\"@id\":\"https:\\\/\\\/radioljubuski.ba\\\/#organization\",\"name\":\"Radio Ljubu\u0161ki\",\"url\":\"https:\\\/\\\/radioljubuski.ba\\\/\",\"logo\":{\"@type\":\"ImageObject\",\"inLanguage\":\"hr\",\"@id\":\"https:\\\/\\\/radioljubuski.ba\\\/#\\\/schema\\\/logo\\\/image\\\/\",\"url\":\"https:\\\/\\\/radioljubuski.ba\\\/wp-content\\\/uploads\\\/2021\\\/02\\\/cropped-Radio_Ljubuski_logo1.jpg\",\"contentUrl\":\"https:\\\/\\\/radioljubuski.ba\\\/wp-content\\\/uploads\\\/2021\\\/02\\\/cropped-Radio_Ljubuski_logo1.jpg\",\"width\":512,\"height\":512,\"caption\":\"Radio Ljubu\u0161ki\"},\"image\":{\"@id\":\"https:\\\/\\\/radioljubuski.ba\\\/#\\\/schema\\\/logo\\\/image\\\/\"},\"sameAs\":[\"https:\\\/\\\/www.facebook.com\\\/Radiio-Ljubuski-1490835324566332\",\"https:\\\/\\\/x.com\\\/radioljubuski\",\"https:\\\/\\\/hr.linkedin.com\\\/company\\\/radio-ljubuski\",\"https:\\\/\\\/www.youtube.com\\\/channel\\\/UCHYaeO_n0Db3tjNGudGpXyw\"]},{\"@type\":\"Person\",\"@id\":\"https:\\\/\\\/radioljubuski.ba\\\/#\\\/schema\\\/person\\\/19fc700381a780f69665d7956c469e3b\",\"name\":\"Radio Ljubu\u0161ki\"}]}<\/script>\n<!-- \/ Yoast SEO plugin. -->","yoast_head_json":{"title":"SAD olak\u0161ale vizni re\u017eim za dr\u017eavljane BiH: Radnici lak\u0161e do privremenih poslova - RADIO LJUBU\u0160KI","robots":{"index":"index","follow":"follow","max-snippet":"max-snippet:-1","max-image-preview":"max-image-preview:large","max-video-preview":"max-video-preview:-1"},"canonical":"https:\/\/radioljubuski.ba\/index.php\/2021\/11\/10\/sad-olaksale-vizni-rezim-za-drzavljane-bih-radnici-lakse-do-privremenih-poslova\/","og_locale":"hr_HR","og_type":"article","og_title":"SAD olak\u0161ale vizni re\u017eim za dr\u017eavljane BiH: Radnici lak\u0161e do privremenih poslova - RADIO LJUBU\u0160KI","og_description":"Ministarstvo unutarnje sigurnosti SAD u konsultaciji sa State Departmentom donijelo je odluku o pro\u0161irenju liste zemalja koje mogu sudjelovati u viza programima H-2A i H-2B, a me\u0111u njima se na\u0161la i Bosna i Hercegovina. &nbsp; Detalji odluke Ministarstva bit \u0107e objavljene 10. studenoga, a kako je priop\u0107eno iz Ministarstva unuarnje sigurnosti na listu \u0107e biti [&hellip;]","og_url":"https:\/\/radioljubuski.ba\/index.php\/2021\/11\/10\/sad-olaksale-vizni-rezim-za-drzavljane-bih-radnici-lakse-do-privremenih-poslova\/","og_site_name":"RADIO LJUBU\u0160KI","article_publisher":"https:\/\/www.facebook.com\/Radiio-Ljubuski-1490835324566332","article_published_time":"2021-11-10T09:47:42+00:00","article_modified_time":"2021-11-10T09:47:43+00:00","og_image":[{"width":800,"height":550,"url":"https:\/\/radioljubuski.ba\/wp-content\/uploads\/2021\/10\/veleposlanstvo-sad-sarajevo-2-2-1.jpg","type":"image\/jpeg"}],"author":"Radio Ljubu\u0161ki","twitter_card":"summary_large_image","twitter_creator":"@radioljubuski","twitter_site":"@radioljubuski","twitter_misc":{"Napisao\/la":"Radio Ljubu\u0161ki","Procijenjeno vrijeme \u010ditanja":"1 minuta"},"schema":{"@context":"https:\/\/schema.org","@graph":[{"@type":"Article","@id":"https:\/\/radioljubuski.ba\/index.php\/2021\/11\/10\/sad-olaksale-vizni-rezim-za-drzavljane-bih-radnici-lakse-do-privremenih-poslova\/#article","isPartOf":{"@id":"https:\/\/radioljubuski.ba\/index.php\/2021\/11\/10\/sad-olaksale-vizni-rezim-za-drzavljane-bih-radnici-lakse-do-privremenih-poslova\/"},"author":{"name":"Radio Ljubu\u0161ki","@id":"https:\/\/radioljubuski.ba\/#\/schema\/person\/19fc700381a780f69665d7956c469e3b"},"headline":"SAD olak\u0161ale vizni re\u017eim za dr\u017eavljane BiH: Radnici lak\u0161e do privremenih poslova","datePublished":"2021-11-10T09:47:42+00:00","dateModified":"2021-11-10T09:47:43+00:00","mainEntityOfPage":{"@id":"https:\/\/radioljubuski.ba\/index.php\/2021\/11\/10\/sad-olaksale-vizni-rezim-za-drzavljane-bih-radnici-lakse-do-privremenih-poslova\/"},"wordCount":272,"publisher":{"@id":"https:\/\/radioljubuski.ba\/#organization"},"articleSection":["BIH i regija"],"inLanguage":"hr"},{"@type":"WebPage","@id":"https:\/\/radioljubuski.ba\/index.php\/2021\/11\/10\/sad-olaksale-vizni-rezim-za-drzavljane-bih-radnici-lakse-do-privremenih-poslova\/","url":"https:\/\/radioljubuski.ba\/index.php\/2021\/11\/10\/sad-olaksale-vizni-rezim-za-drzavljane-bih-radnici-lakse-do-privremenih-poslova\/","name":"SAD olak\u0161ale vizni re\u017eim za dr\u017eavljane BiH: Radnici lak\u0161e do privremenih poslova - RADIO LJUBU\u0160KI","isPartOf":{"@id":"https:\/\/radioljubuski.ba\/#website"},"datePublished":"2021-11-10T09:47:42+00:00","dateModified":"2021-11-10T09:47:43+00:00","breadcrumb":{"@id":"https:\/\/radioljubuski.ba\/index.php\/2021\/11\/10\/sad-olaksale-vizni-rezim-za-drzavljane-bih-radnici-lakse-do-privremenih-poslova\/#breadcrumb"},"inLanguage":"hr","potentialAction":[{"@type":"ReadAction","target":["https:\/\/radioljubuski.ba\/index.php\/2021\/11\/10\/sad-olaksale-vizni-rezim-za-drzavljane-bih-radnici-lakse-do-privremenih-poslova\/"]}]},{"@type":"BreadcrumbList","@id":"https:\/\/radioljubuski.ba\/index.php\/2021\/11\/10\/sad-olaksale-vizni-rezim-za-drzavljane-bih-radnici-lakse-do-privremenih-poslova\/#breadcrumb","itemListElement":[{"@type":"ListItem","position":1,"name":"Po\u010detna stranica","item":"https:\/\/radioljubuski.ba\/"},{"@type":"ListItem","position":2,"name":"SAD olak\u0161ale vizni re\u017eim za dr\u017eavljane BiH: Radnici lak\u0161e do privremenih poslova"}]},{"@type":"WebSite","@id":"https:\/\/radioljubuski.ba\/#website","url":"https:\/\/radioljubuski.ba\/","name":"Radio Ljubu\u0161ki","description":"Sun\u010dana frekvencija Hercegovine","publisher":{"@id":"https:\/\/radioljubuski.ba\/#organization"},"potentialAction":[{"@type":"SearchAction","target":{"@type":"EntryPoint","urlTemplate":"https:\/\/radioljubuski.ba\/?s={search_term_string}"},"query-input":{"@type":"PropertyValueSpecification","valueRequired":true,"valueName":"search_term_string"}}],"inLanguage":"hr"},{"@type":"Organization","@id":"https:\/\/radioljubuski.ba\/#organization","name":"Radio Ljubu\u0161ki","url":"https:\/\/radioljubuski.ba\/","logo":{"@type":"ImageObject","inLanguage":"hr","@id":"https:\/\/radioljubuski.ba\/#\/schema\/logo\/image\/","url":"https:\/\/radioljubuski.ba\/wp-content\/uploads\/2021\/02\/cropped-Radio_Ljubuski_logo1.jpg","contentUrl":"https:\/\/radioljubuski.ba\/wp-content\/uploads\/2021\/02\/cropped-Radio_Ljubuski_logo1.jpg","width":512,"height":512,"caption":"Radio Ljubu\u0161ki"},"image":{"@id":"https:\/\/radioljubuski.ba\/#\/schema\/logo\/image\/"},"sameAs":["https:\/\/www.facebook.com\/Radiio-Ljubuski-1490835324566332","https:\/\/x.com\/radioljubuski","https:\/\/hr.linkedin.com\/company\/radio-ljubuski","https:\/\/www.youtube.com\/channel\/UCHYaeO_n0Db3tjNGudGpXyw"]},{"@type":"Person","@id":"https:\/\/radioljubuski.ba\/#\/schema\/person\/19fc700381a780f69665d7956c469e3b","name":"Radio Ljubu\u0161ki"}]}},"_links":{"self":[{"href":"https:\/\/radioljubuski.ba\/index.php\/wp-json\/wp\/v2\/posts\/87025","targetHints":{"allow":["GET"]}}],"collection":[{"href":"https:\/\/radioljubuski.ba\/index.php\/wp-json\/wp\/v2\/posts"}],"about":[{"href":"https:\/\/radioljubuski.ba\/index.php\/wp-json\/wp\/v2\/types\/post"}],"author":[{"embeddable":true,"href":"https:\/\/radioljubuski.ba\/index.php\/wp-json\/wp\/v2\/users\/2"}],"replies":[{"embeddable":true,"href":"https:\/\/radioljubuski.ba\/index.php\/wp-json\/wp\/v2\/comments?post=87025"}],"version-history":[{"count":1,"href":"https:\/\/radioljubuski.ba\/index.php\/wp-json\/wp\/v2\/posts\/87025\/revisions"}],"predecessor-version":[{"id":87026,"href":"https:\/\/radioljubuski.ba\/index.php\/wp-json\/wp\/v2\/posts\/87025\/revisions\/87026"}],"wp:attachment":[{"href":"https:\/\/radioljubuski.ba\/index.php\/wp-json\/wp\/v2\/media?parent=87025"}],"wp:term":[{"taxonomy":"category","embeddable":true,"href":"https:\/\/radioljubuski.ba\/index.php\/wp-json\/wp\/v2\/categories?post=87025"},{"taxonomy":"post_tag","embeddable":true,"href":"https:\/\/radioljubuski.ba\/index.php\/wp-json\/wp\/v2\/tags?post=87025"}],"curies":[{"name":"wp","href":"https:\/\/api.w.org\/{rel}","templated":true}]}}