{"id":87037,"date":"2021-11-10T11:12:21","date_gmt":"2021-11-10T10:12:21","guid":{"rendered":"https:\/\/radioljubuski.ba\/?p=87037"},"modified":"2021-11-10T11:12:22","modified_gmt":"2021-11-10T10:12:22","slug":"kosarkaski-talent-igra-za-srpsku-megu-a-odbio-je-bih-kako-bi-nastupao-za-hrvatsku","status":"publish","type":"post","link":"https:\/\/radioljubuski.ba\/index.php\/2021\/11\/10\/kosarkaski-talent-igra-za-srpsku-megu-a-odbio-je-bih-kako-bi-nastupao-za-hrvatsku\/","title":{"rendered":"Ko\u0161arka\u0161ki talent igra za srpsku Megu, a odbio je BiH kako bi nastupao za Hrvatsku"},"content":{"rendered":"\n<p>Izbornik mu\u0161ke ko\u0161arka\u0161ke reprezentacije BiH Vedran Bosni\u0107 skratio je popis igra\u010da na koje ra\u010duna u prvim utakmicama kvalifikacija za Svjetsko prvenstvo 2023. godine u Japanu, Filipinima i Indoneziji.<\/p>\n\n\n\n<p>Na popisu se nalaze sljede\u0107i ko\u0161arka\u0161i: John Roberson (Strasbourg), Sani \u010campara (Split), Amar Gegi\u0107 (Cibona), D\u017eanan Musa (Breogan), Edin Ati\u0107 (Budu\u0107nost), Adin Vrabac (Vienna), Aleksandar Lazi\u0107 (Mornar), Emir Sulejmanovi\u0107 (Tenerife), Kenan Kamenja\u0161 (SC Derby), Miralem Halilovi\u0107 (Metropolitans 92), Ismet Sejfi\u0107 (Podgorica), Ajdin Penava (Mons), Darko Tali\u0107 (Igokea), Haris Delali\u0107 (Sloboda), Jure Zubac (Inter Bratislava), Amar Alibegovi\u0107 (Virtus).<\/p>\n\n\n\n<p>Uo\u010di susreta protiv \u010ce\u0161ke Republike u Skenderiji 26. studenog i tri dana kasnije u Bugarskoj, izbornik Bosni\u0107 dao je izjavu.<\/p>\n\n\n\n<p>&#8220;Pribli\u017eava se meni najdra\u017ei dio godine, dani okupljanja na\u0161e reprezentacije. Period koji je iza nas je bio vrlo intenzivan i poprili\u010dno stresan, s obzirom na sve \u0161to je sa sobom nosila pandemija koronavirusa. Moji suradnici i ja bili smo u stalnom kontaktu i bez obzira na na\u0161e profesionalne obaveze u klubovima, analizirali smo, pratili i pripremali se za ovaj kvalifikacijski ciklus i ve\u0107inu na\u0161ih obaveza uspje\u0161no zavr\u0161ili, posebno kad je skauting u pitanju. Na\u017ealost, u ovom terminu kvalifikacija za Svjetsko prvenstvo zbog ozljeda ne\u0107emo mo\u0107i ra\u010dunati na Muhameda Pa\u0161ali\u0107a i Filipa Adamovi\u0107a, kojima \u017eelim \u0161to br\u017ei oporavak. Karlo Matkovi\u0107 (Mega Basket, Srbija) \u017eeli igrati za hrvatsku reprezentaciju i on ne\u0107e biti na okupljanju&#8221;, poru\u010dio je Bosni\u0107.&nbsp;<\/p>\n\n\n\n<p>Karlo Matkovi\u0107 je Hrvat iz BiH, koji se do odlaska u Beograd ko\u0161arka\u0161ki razvijao u Cedeviti. On \u017eeli igrati za Hrvatsku, ali da bi se to dogodilo, mora se posti\u0107i dogovor ko\u0161arka\u0161kih saveza Hrvatske i BiH.<\/p>\n\n\n\n<p>Izvor:index.hr<\/p>\n","protected":false},"excerpt":{"rendered":"<p>Izbornik mu\u0161ke ko\u0161arka\u0161ke reprezentacije BiH Vedran Bosni\u0107 skratio je popis igra\u010da na koje ra\u010duna u prvim utakmicama kvalifikacija za Svjetsko prvenstvo 2023. godine u Japanu, Filipinima i Indoneziji. Na popisu se nalaze sljede\u0107i ko\u0161arka\u0161i: John Roberson (Strasbourg), Sani \u010campara (Split), Amar Gegi\u0107 (Cibona), D\u017eanan Musa (Breogan), Edin Ati\u0107 (Budu\u0107nost), Adin Vrabac (Vienna), Aleksandar Lazi\u0107 (Mornar), [&hellip;]<\/p>\n","protected":false},"author":2,"featured_media":87038,"comment_status":"closed","ping_status":"closed","sticky":false,"template":"","format":"standard","meta":{"h5ap_radio_sources":[],"footnotes":""},"categories":[7],"tags":[],"class_list":["post-87037","post","type-post","status-publish","format-standard","has-post-thumbnail","hentry","category-sport"],"yoast_head":"<!-- This site is optimized with the Yoast SEO plugin v27.5 - https:\/\/yoast.com\/product\/yoast-seo-wordpress\/ -->\n<title>Ko\u0161arka\u0161ki talent igra za srpsku Megu, a odbio je BiH kako bi nastupao za Hrvatsku - RADIO LJUBU\u0160KI<\/title>\n<meta name=\"robots\" content=\"index, follow, max-snippet:-1, max-image-preview:large, max-video-preview:-1\" \/>\n<link rel=\"canonical\" href=\"https:\/\/radioljubuski.ba\/index.php\/2021\/11\/10\/kosarkaski-talent-igra-za-srpsku-megu-a-odbio-je-bih-kako-bi-nastupao-za-hrvatsku\/\" \/>\n<meta property=\"og:locale\" content=\"hr_HR\" \/>\n<meta property=\"og:type\" content=\"article\" \/>\n<meta property=\"og:title\" content=\"Ko\u0161arka\u0161ki talent igra za srpsku Megu, a odbio je BiH kako bi nastupao za Hrvatsku - RADIO LJUBU\u0160KI\" \/>\n<meta property=\"og:description\" content=\"Izbornik mu\u0161ke ko\u0161arka\u0161ke reprezentacije BiH Vedran Bosni\u0107 skratio je popis igra\u010da na koje ra\u010duna u prvim utakmicama kvalifikacija za Svjetsko prvenstvo 2023. godine u Japanu, Filipinima i Indoneziji. Na popisu se nalaze sljede\u0107i ko\u0161arka\u0161i: John Roberson (Strasbourg), Sani \u010campara (Split), Amar Gegi\u0107 (Cibona), D\u017eanan Musa (Breogan), Edin Ati\u0107 (Budu\u0107nost), Adin Vrabac (Vienna), Aleksandar Lazi\u0107 (Mornar), [&hellip;]\" \/>\n<meta property=\"og:url\" content=\"https:\/\/radioljubuski.ba\/index.php\/2021\/11\/10\/kosarkaski-talent-igra-za-srpsku-megu-a-odbio-je-bih-kako-bi-nastupao-za-hrvatsku\/\" \/>\n<meta property=\"og:site_name\" content=\"RADIO LJUBU\u0160KI\" \/>\n<meta property=\"article:publisher\" content=\"https:\/\/www.facebook.com\/Radiio-Ljubuski-1490835324566332\" \/>\n<meta property=\"article:published_time\" content=\"2021-11-10T10:12:21+00:00\" \/>\n<meta property=\"article:modified_time\" content=\"2021-11-10T10:12:22+00:00\" \/>\n<meta property=\"og:image\" content=\"https:\/\/radioljubuski.ba\/wp-content\/uploads\/2021\/11\/9-2021-11-09-21-31-42-kkcc.jpg\" \/>\n\t<meta property=\"og:image:width\" content=\"1000\" \/>\n\t<meta property=\"og:image:height\" content=\"625\" \/>\n\t<meta property=\"og:image:type\" content=\"image\/jpeg\" \/>\n<meta name=\"author\" content=\"Radio Ljubu\u0161ki\" \/>\n<meta name=\"twitter:card\" content=\"summary_large_image\" \/>\n<meta name=\"twitter:creator\" content=\"@radioljubuski\" \/>\n<meta name=\"twitter:site\" content=\"@radioljubuski\" \/>\n<meta name=\"twitter:label1\" content=\"Napisao\/la\" \/>\n\t<meta name=\"twitter:data1\" content=\"Radio Ljubu\u0161ki\" \/>\n\t<meta name=\"twitter:label2\" content=\"Procijenjeno vrijeme \u010ditanja\" \/>\n\t<meta name=\"twitter:data2\" content=\"2 minute\" \/>\n<script type=\"application\/ld+json\" class=\"yoast-schema-graph\">{\"@context\":\"https:\\\/\\\/schema.org\",\"@graph\":[{\"@type\":\"Article\",\"@id\":\"https:\\\/\\\/radioljubuski.ba\\\/index.php\\\/2021\\\/11\\\/10\\\/kosarkaski-talent-igra-za-srpsku-megu-a-odbio-je-bih-kako-bi-nastupao-za-hrvatsku\\\/#article\",\"isPartOf\":{\"@id\":\"https:\\\/\\\/radioljubuski.ba\\\/index.php\\\/2021\\\/11\\\/10\\\/kosarkaski-talent-igra-za-srpsku-megu-a-odbio-je-bih-kako-bi-nastupao-za-hrvatsku\\\/\"},\"author\":{\"name\":\"Radio Ljubu\u0161ki\",\"@id\":\"https:\\\/\\\/radioljubuski.ba\\\/#\\\/schema\\\/person\\\/19fc700381a780f69665d7956c469e3b\"},\"headline\":\"Ko\u0161arka\u0161ki talent igra za srpsku Megu, a odbio je BiH kako bi nastupao za Hrvatsku\",\"datePublished\":\"2021-11-10T10:12:21+00:00\",\"dateModified\":\"2021-11-10T10:12:22+00:00\",\"mainEntityOfPage\":{\"@id\":\"https:\\\/\\\/radioljubuski.ba\\\/index.php\\\/2021\\\/11\\\/10\\\/kosarkaski-talent-igra-za-srpsku-megu-a-odbio-je-bih-kako-bi-nastupao-za-hrvatsku\\\/\"},\"wordCount\":311,\"publisher\":{\"@id\":\"https:\\\/\\\/radioljubuski.ba\\\/#organization\"},\"image\":{\"@id\":\"https:\\\/\\\/radioljubuski.ba\\\/index.php\\\/2021\\\/11\\\/10\\\/kosarkaski-talent-igra-za-srpsku-megu-a-odbio-je-bih-kako-bi-nastupao-za-hrvatsku\\\/#primaryimage\"},\"thumbnailUrl\":\"https:\\\/\\\/radioljubuski.ba\\\/wp-content\\\/uploads\\\/2021\\\/11\\\/9-2021-11-09-21-31-42-kkcc.jpg\",\"articleSection\":[\"\u0160port\"],\"inLanguage\":\"hr\"},{\"@type\":\"WebPage\",\"@id\":\"https:\\\/\\\/radioljubuski.ba\\\/index.php\\\/2021\\\/11\\\/10\\\/kosarkaski-talent-igra-za-srpsku-megu-a-odbio-je-bih-kako-bi-nastupao-za-hrvatsku\\\/\",\"url\":\"https:\\\/\\\/radioljubuski.ba\\\/index.php\\\/2021\\\/11\\\/10\\\/kosarkaski-talent-igra-za-srpsku-megu-a-odbio-je-bih-kako-bi-nastupao-za-hrvatsku\\\/\",\"name\":\"Ko\u0161arka\u0161ki talent igra za srpsku Megu, a odbio je BiH kako bi nastupao za Hrvatsku - RADIO LJUBU\u0160KI\",\"isPartOf\":{\"@id\":\"https:\\\/\\\/radioljubuski.ba\\\/#website\"},\"primaryImageOfPage\":{\"@id\":\"https:\\\/\\\/radioljubuski.ba\\\/index.php\\\/2021\\\/11\\\/10\\\/kosarkaski-talent-igra-za-srpsku-megu-a-odbio-je-bih-kako-bi-nastupao-za-hrvatsku\\\/#primaryimage\"},\"image\":{\"@id\":\"https:\\\/\\\/radioljubuski.ba\\\/index.php\\\/2021\\\/11\\\/10\\\/kosarkaski-talent-igra-za-srpsku-megu-a-odbio-je-bih-kako-bi-nastupao-za-hrvatsku\\\/#primaryimage\"},\"thumbnailUrl\":\"https:\\\/\\\/radioljubuski.ba\\\/wp-content\\\/uploads\\\/2021\\\/11\\\/9-2021-11-09-21-31-42-kkcc.jpg\",\"datePublished\":\"2021-11-10T10:12:21+00:00\",\"dateModified\":\"2021-11-10T10:12:22+00:00\",\"breadcrumb\":{\"@id\":\"https:\\\/\\\/radioljubuski.ba\\\/index.php\\\/2021\\\/11\\\/10\\\/kosarkaski-talent-igra-za-srpsku-megu-a-odbio-je-bih-kako-bi-nastupao-za-hrvatsku\\\/#breadcrumb\"},\"inLanguage\":\"hr\",\"potentialAction\":[{\"@type\":\"ReadAction\",\"target\":[\"https:\\\/\\\/radioljubuski.ba\\\/index.php\\\/2021\\\/11\\\/10\\\/kosarkaski-talent-igra-za-srpsku-megu-a-odbio-je-bih-kako-bi-nastupao-za-hrvatsku\\\/\"]}]},{\"@type\":\"ImageObject\",\"inLanguage\":\"hr\",\"@id\":\"https:\\\/\\\/radioljubuski.ba\\\/index.php\\\/2021\\\/11\\\/10\\\/kosarkaski-talent-igra-za-srpsku-megu-a-odbio-je-bih-kako-bi-nastupao-za-hrvatsku\\\/#primaryimage\",\"url\":\"https:\\\/\\\/radioljubuski.ba\\\/wp-content\\\/uploads\\\/2021\\\/11\\\/9-2021-11-09-21-31-42-kkcc.jpg\",\"contentUrl\":\"https:\\\/\\\/radioljubuski.ba\\\/wp-content\\\/uploads\\\/2021\\\/11\\\/9-2021-11-09-21-31-42-kkcc.jpg\",\"width\":1000,\"height\":625},{\"@type\":\"BreadcrumbList\",\"@id\":\"https:\\\/\\\/radioljubuski.ba\\\/index.php\\\/2021\\\/11\\\/10\\\/kosarkaski-talent-igra-za-srpsku-megu-a-odbio-je-bih-kako-bi-nastupao-za-hrvatsku\\\/#breadcrumb\",\"itemListElement\":[{\"@type\":\"ListItem\",\"position\":1,\"name\":\"Po\u010detna stranica\",\"item\":\"https:\\\/\\\/radioljubuski.ba\\\/\"},{\"@type\":\"ListItem\",\"position\":2,\"name\":\"Ko\u0161arka\u0161ki talent igra za srpsku Megu, a odbio je BiH kako bi nastupao za Hrvatsku\"}]},{\"@type\":\"WebSite\",\"@id\":\"https:\\\/\\\/radioljubuski.ba\\\/#website\",\"url\":\"https:\\\/\\\/radioljubuski.ba\\\/\",\"name\":\"Radio Ljubu\u0161ki\",\"description\":\"Sun\u010dana frekvencija Hercegovine\",\"publisher\":{\"@id\":\"https:\\\/\\\/radioljubuski.ba\\\/#organization\"},\"potentialAction\":[{\"@type\":\"SearchAction\",\"target\":{\"@type\":\"EntryPoint\",\"urlTemplate\":\"https:\\\/\\\/radioljubuski.ba\\\/?s={search_term_string}\"},\"query-input\":{\"@type\":\"PropertyValueSpecification\",\"valueRequired\":true,\"valueName\":\"search_term_string\"}}],\"inLanguage\":\"hr\"},{\"@type\":\"Organization\",\"@id\":\"https:\\\/\\\/radioljubuski.ba\\\/#organization\",\"name\":\"Radio Ljubu\u0161ki\",\"url\":\"https:\\\/\\\/radioljubuski.ba\\\/\",\"logo\":{\"@type\":\"ImageObject\",\"inLanguage\":\"hr\",\"@id\":\"https:\\\/\\\/radioljubuski.ba\\\/#\\\/schema\\\/logo\\\/image\\\/\",\"url\":\"https:\\\/\\\/radioljubuski.ba\\\/wp-content\\\/uploads\\\/2021\\\/02\\\/cropped-Radio_Ljubuski_logo1.jpg\",\"contentUrl\":\"https:\\\/\\\/radioljubuski.ba\\\/wp-content\\\/uploads\\\/2021\\\/02\\\/cropped-Radio_Ljubuski_logo1.jpg\",\"width\":512,\"height\":512,\"caption\":\"Radio Ljubu\u0161ki\"},\"image\":{\"@id\":\"https:\\\/\\\/radioljubuski.ba\\\/#\\\/schema\\\/logo\\\/image\\\/\"},\"sameAs\":[\"https:\\\/\\\/www.facebook.com\\\/Radiio-Ljubuski-1490835324566332\",\"https:\\\/\\\/x.com\\\/radioljubuski\",\"https:\\\/\\\/hr.linkedin.com\\\/company\\\/radio-ljubuski\",\"https:\\\/\\\/www.youtube.com\\\/channel\\\/UCHYaeO_n0Db3tjNGudGpXyw\"]},{\"@type\":\"Person\",\"@id\":\"https:\\\/\\\/radioljubuski.ba\\\/#\\\/schema\\\/person\\\/19fc700381a780f69665d7956c469e3b\",\"name\":\"Radio Ljubu\u0161ki\"}]}<\/script>\n<!-- \/ Yoast SEO plugin. -->","yoast_head_json":{"title":"Ko\u0161arka\u0161ki talent igra za srpsku Megu, a odbio je BiH kako bi nastupao za Hrvatsku - RADIO LJUBU\u0160KI","robots":{"index":"index","follow":"follow","max-snippet":"max-snippet:-1","max-image-preview":"max-image-preview:large","max-video-preview":"max-video-preview:-1"},"canonical":"https:\/\/radioljubuski.ba\/index.php\/2021\/11\/10\/kosarkaski-talent-igra-za-srpsku-megu-a-odbio-je-bih-kako-bi-nastupao-za-hrvatsku\/","og_locale":"hr_HR","og_type":"article","og_title":"Ko\u0161arka\u0161ki talent igra za srpsku Megu, a odbio je BiH kako bi nastupao za Hrvatsku - RADIO LJUBU\u0160KI","og_description":"Izbornik mu\u0161ke ko\u0161arka\u0161ke reprezentacije BiH Vedran Bosni\u0107 skratio je popis igra\u010da na koje ra\u010duna u prvim utakmicama kvalifikacija za Svjetsko prvenstvo 2023. godine u Japanu, Filipinima i Indoneziji. Na popisu se nalaze sljede\u0107i ko\u0161arka\u0161i: John Roberson (Strasbourg), Sani \u010campara (Split), Amar Gegi\u0107 (Cibona), D\u017eanan Musa (Breogan), Edin Ati\u0107 (Budu\u0107nost), Adin Vrabac (Vienna), Aleksandar Lazi\u0107 (Mornar), [&hellip;]","og_url":"https:\/\/radioljubuski.ba\/index.php\/2021\/11\/10\/kosarkaski-talent-igra-za-srpsku-megu-a-odbio-je-bih-kako-bi-nastupao-za-hrvatsku\/","og_site_name":"RADIO LJUBU\u0160KI","article_publisher":"https:\/\/www.facebook.com\/Radiio-Ljubuski-1490835324566332","article_published_time":"2021-11-10T10:12:21+00:00","article_modified_time":"2021-11-10T10:12:22+00:00","og_image":[{"width":1000,"height":625,"url":"https:\/\/radioljubuski.ba\/wp-content\/uploads\/2021\/11\/9-2021-11-09-21-31-42-kkcc.jpg","type":"image\/jpeg"}],"author":"Radio Ljubu\u0161ki","twitter_card":"summary_large_image","twitter_creator":"@radioljubuski","twitter_site":"@radioljubuski","twitter_misc":{"Napisao\/la":"Radio Ljubu\u0161ki","Procijenjeno vrijeme \u010ditanja":"2 minute"},"schema":{"@context":"https:\/\/schema.org","@graph":[{"@type":"Article","@id":"https:\/\/radioljubuski.ba\/index.php\/2021\/11\/10\/kosarkaski-talent-igra-za-srpsku-megu-a-odbio-je-bih-kako-bi-nastupao-za-hrvatsku\/#article","isPartOf":{"@id":"https:\/\/radioljubuski.ba\/index.php\/2021\/11\/10\/kosarkaski-talent-igra-za-srpsku-megu-a-odbio-je-bih-kako-bi-nastupao-za-hrvatsku\/"},"author":{"name":"Radio Ljubu\u0161ki","@id":"https:\/\/radioljubuski.ba\/#\/schema\/person\/19fc700381a780f69665d7956c469e3b"},"headline":"Ko\u0161arka\u0161ki talent igra za srpsku Megu, a odbio je BiH kako bi nastupao za Hrvatsku","datePublished":"2021-11-10T10:12:21+00:00","dateModified":"2021-11-10T10:12:22+00:00","mainEntityOfPage":{"@id":"https:\/\/radioljubuski.ba\/index.php\/2021\/11\/10\/kosarkaski-talent-igra-za-srpsku-megu-a-odbio-je-bih-kako-bi-nastupao-za-hrvatsku\/"},"wordCount":311,"publisher":{"@id":"https:\/\/radioljubuski.ba\/#organization"},"image":{"@id":"https:\/\/radioljubuski.ba\/index.php\/2021\/11\/10\/kosarkaski-talent-igra-za-srpsku-megu-a-odbio-je-bih-kako-bi-nastupao-za-hrvatsku\/#primaryimage"},"thumbnailUrl":"https:\/\/radioljubuski.ba\/wp-content\/uploads\/2021\/11\/9-2021-11-09-21-31-42-kkcc.jpg","articleSection":["\u0160port"],"inLanguage":"hr"},{"@type":"WebPage","@id":"https:\/\/radioljubuski.ba\/index.php\/2021\/11\/10\/kosarkaski-talent-igra-za-srpsku-megu-a-odbio-je-bih-kako-bi-nastupao-za-hrvatsku\/","url":"https:\/\/radioljubuski.ba\/index.php\/2021\/11\/10\/kosarkaski-talent-igra-za-srpsku-megu-a-odbio-je-bih-kako-bi-nastupao-za-hrvatsku\/","name":"Ko\u0161arka\u0161ki talent igra za srpsku Megu, a odbio je BiH kako bi nastupao za Hrvatsku - RADIO LJUBU\u0160KI","isPartOf":{"@id":"https:\/\/radioljubuski.ba\/#website"},"primaryImageOfPage":{"@id":"https:\/\/radioljubuski.ba\/index.php\/2021\/11\/10\/kosarkaski-talent-igra-za-srpsku-megu-a-odbio-je-bih-kako-bi-nastupao-za-hrvatsku\/#primaryimage"},"image":{"@id":"https:\/\/radioljubuski.ba\/index.php\/2021\/11\/10\/kosarkaski-talent-igra-za-srpsku-megu-a-odbio-je-bih-kako-bi-nastupao-za-hrvatsku\/#primaryimage"},"thumbnailUrl":"https:\/\/radioljubuski.ba\/wp-content\/uploads\/2021\/11\/9-2021-11-09-21-31-42-kkcc.jpg","datePublished":"2021-11-10T10:12:21+00:00","dateModified":"2021-11-10T10:12:22+00:00","breadcrumb":{"@id":"https:\/\/radioljubuski.ba\/index.php\/2021\/11\/10\/kosarkaski-talent-igra-za-srpsku-megu-a-odbio-je-bih-kako-bi-nastupao-za-hrvatsku\/#breadcrumb"},"inLanguage":"hr","potentialAction":[{"@type":"ReadAction","target":["https:\/\/radioljubuski.ba\/index.php\/2021\/11\/10\/kosarkaski-talent-igra-za-srpsku-megu-a-odbio-je-bih-kako-bi-nastupao-za-hrvatsku\/"]}]},{"@type":"ImageObject","inLanguage":"hr","@id":"https:\/\/radioljubuski.ba\/index.php\/2021\/11\/10\/kosarkaski-talent-igra-za-srpsku-megu-a-odbio-je-bih-kako-bi-nastupao-za-hrvatsku\/#primaryimage","url":"https:\/\/radioljubuski.ba\/wp-content\/uploads\/2021\/11\/9-2021-11-09-21-31-42-kkcc.jpg","contentUrl":"https:\/\/radioljubuski.ba\/wp-content\/uploads\/2021\/11\/9-2021-11-09-21-31-42-kkcc.jpg","width":1000,"height":625},{"@type":"BreadcrumbList","@id":"https:\/\/radioljubuski.ba\/index.php\/2021\/11\/10\/kosarkaski-talent-igra-za-srpsku-megu-a-odbio-je-bih-kako-bi-nastupao-za-hrvatsku\/#breadcrumb","itemListElement":[{"@type":"ListItem","position":1,"name":"Po\u010detna stranica","item":"https:\/\/radioljubuski.ba\/"},{"@type":"ListItem","position":2,"name":"Ko\u0161arka\u0161ki talent igra za srpsku Megu, a odbio je BiH kako bi nastupao za Hrvatsku"}]},{"@type":"WebSite","@id":"https:\/\/radioljubuski.ba\/#website","url":"https:\/\/radioljubuski.ba\/","name":"Radio Ljubu\u0161ki","description":"Sun\u010dana frekvencija Hercegovine","publisher":{"@id":"https:\/\/radioljubuski.ba\/#organization"},"potentialAction":[{"@type":"SearchAction","target":{"@type":"EntryPoint","urlTemplate":"https:\/\/radioljubuski.ba\/?s={search_term_string}"},"query-input":{"@type":"PropertyValueSpecification","valueRequired":true,"valueName":"search_term_string"}}],"inLanguage":"hr"},{"@type":"Organization","@id":"https:\/\/radioljubuski.ba\/#organization","name":"Radio Ljubu\u0161ki","url":"https:\/\/radioljubuski.ba\/","logo":{"@type":"ImageObject","inLanguage":"hr","@id":"https:\/\/radioljubuski.ba\/#\/schema\/logo\/image\/","url":"https:\/\/radioljubuski.ba\/wp-content\/uploads\/2021\/02\/cropped-Radio_Ljubuski_logo1.jpg","contentUrl":"https:\/\/radioljubuski.ba\/wp-content\/uploads\/2021\/02\/cropped-Radio_Ljubuski_logo1.jpg","width":512,"height":512,"caption":"Radio Ljubu\u0161ki"},"image":{"@id":"https:\/\/radioljubuski.ba\/#\/schema\/logo\/image\/"},"sameAs":["https:\/\/www.facebook.com\/Radiio-Ljubuski-1490835324566332","https:\/\/x.com\/radioljubuski","https:\/\/hr.linkedin.com\/company\/radio-ljubuski","https:\/\/www.youtube.com\/channel\/UCHYaeO_n0Db3tjNGudGpXyw"]},{"@type":"Person","@id":"https:\/\/radioljubuski.ba\/#\/schema\/person\/19fc700381a780f69665d7956c469e3b","name":"Radio Ljubu\u0161ki"}]}},"_links":{"self":[{"href":"https:\/\/radioljubuski.ba\/index.php\/wp-json\/wp\/v2\/posts\/87037","targetHints":{"allow":["GET"]}}],"collection":[{"href":"https:\/\/radioljubuski.ba\/index.php\/wp-json\/wp\/v2\/posts"}],"about":[{"href":"https:\/\/radioljubuski.ba\/index.php\/wp-json\/wp\/v2\/types\/post"}],"author":[{"embeddable":true,"href":"https:\/\/radioljubuski.ba\/index.php\/wp-json\/wp\/v2\/users\/2"}],"replies":[{"embeddable":true,"href":"https:\/\/radioljubuski.ba\/index.php\/wp-json\/wp\/v2\/comments?post=87037"}],"version-history":[{"count":1,"href":"https:\/\/radioljubuski.ba\/index.php\/wp-json\/wp\/v2\/posts\/87037\/revisions"}],"predecessor-version":[{"id":87039,"href":"https:\/\/radioljubuski.ba\/index.php\/wp-json\/wp\/v2\/posts\/87037\/revisions\/87039"}],"wp:featuredmedia":[{"embeddable":true,"href":"https:\/\/radioljubuski.ba\/index.php\/wp-json\/wp\/v2\/media\/87038"}],"wp:attachment":[{"href":"https:\/\/radioljubuski.ba\/index.php\/wp-json\/wp\/v2\/media?parent=87037"}],"wp:term":[{"taxonomy":"category","embeddable":true,"href":"https:\/\/radioljubuski.ba\/index.php\/wp-json\/wp\/v2\/categories?post=87037"},{"taxonomy":"post_tag","embeddable":true,"href":"https:\/\/radioljubuski.ba\/index.php\/wp-json\/wp\/v2\/tags?post=87037"}],"curies":[{"name":"wp","href":"https:\/\/api.w.org\/{rel}","templated":true}]}}