{"id":87042,"date":"2021-11-10T11:14:26","date_gmt":"2021-11-10T10:14:26","guid":{"rendered":"https:\/\/radioljubuski.ba\/?p=87042"},"modified":"2021-11-10T11:14:27","modified_gmt":"2021-11-10T10:14:27","slug":"kolike-su-kazne-za-neposjedovanje-zimske-opreme-u-hrvatskoj","status":"publish","type":"post","link":"https:\/\/radioljubuski.ba\/index.php\/2021\/11\/10\/kolike-su-kazne-za-neposjedovanje-zimske-opreme-u-hrvatskoj\/","title":{"rendered":"Kolike su kazne za neposjedovanje zimske opreme u Hrvatskoj?"},"content":{"rendered":"\n<p>Kako se pribli\u017eava zima \u2013 tako mnogi voza\u010di u Hrvatskoj masovno odlaze u vulkanizerske radionice na zamjenu ljetnih guma.<\/p>\n\n\n\n<p>Kod vulkanizera ovih se dana stvaraju gu\u017eve, jer od 15. studenog na zimskim dionicama cesta obvezna je zimska oprema. No majstori zanata svjedo\u010de \u2013 voza\u010di \u010desto dolaze s \u201c\u0107elavim\u201d gumama.<\/p>\n\n\n\n<p>A na tr\u017ei\u0161tu u ponudi ima i cjelogodi\u0161njih guma \u2013 zbog blagih zima mnogi se voza\u010di odlu\u010duju za ovu vrstu. Uz to \u0161to \u0161tede, kvalitetnije cjelogodi\u0161nje gume tako\u0111er imaju dobre performanse.<\/p>\n\n\n\n<p>No policija je neumoljiva \u2013 od 15. studenog zimska je oprema \u2013 nu\u017ena.<\/p>\n\n\n\n<p>\u2013 U zimsku opremu spadaju i sve \u010detiri zimske gume, odnosno gume s oznakom M+S, iznimno je bitno da si voza\u010di ispod sedam stupnjeva stave zimske gume jer je zaustavni put puno kra\u0107i, ka\u017eu iz Policije.<\/p>\n\n\n\n<p>Nov\u010dana kazna za one koji se toga ne budu pridr\u017eavali \u2013 iznosi tisu\u0107u kuna, navodi HRT.<\/p>\n\n\n\n<p>Izvor:hrt.hr<\/p>\n","protected":false},"excerpt":{"rendered":"<p>Kako se pribli\u017eava zima \u2013 tako mnogi voza\u010di u Hrvatskoj masovno odlaze u vulkanizerske radionice na zamjenu ljetnih guma. Kod vulkanizera ovih se dana stvaraju gu\u017eve, jer od 15. studenog na zimskim dionicama cesta obvezna je zimska oprema. No majstori zanata svjedo\u010de \u2013 voza\u010di \u010desto dolaze s \u201c\u0107elavim\u201d gumama. A na tr\u017ei\u0161tu u ponudi ima [&hellip;]<\/p>\n","protected":false},"author":2,"featured_media":87043,"comment_status":"closed","ping_status":"closed","sticky":false,"template":"","format":"standard","meta":{"h5ap_radio_sources":[],"footnotes":""},"categories":[1],"tags":[],"class_list":["post-87042","post","type-post","status-publish","format-standard","has-post-thumbnail","hentry","category-bihiregija"],"yoast_head":"<!-- This site is optimized with the Yoast SEO plugin v27.5 - https:\/\/yoast.com\/product\/yoast-seo-wordpress\/ -->\n<title>Kolike su kazne za neposjedovanje zimske opreme u Hrvatskoj? - RADIO LJUBU\u0160KI<\/title>\n<meta name=\"robots\" content=\"index, follow, max-snippet:-1, max-image-preview:large, max-video-preview:-1\" \/>\n<link rel=\"canonical\" href=\"https:\/\/radioljubuski.ba\/index.php\/2021\/11\/10\/kolike-su-kazne-za-neposjedovanje-zimske-opreme-u-hrvatskoj\/\" \/>\n<meta property=\"og:locale\" content=\"hr_HR\" \/>\n<meta property=\"og:type\" content=\"article\" \/>\n<meta property=\"og:title\" content=\"Kolike su kazne za neposjedovanje zimske opreme u Hrvatskoj? - RADIO LJUBU\u0160KI\" \/>\n<meta property=\"og:description\" content=\"Kako se pribli\u017eava zima \u2013 tako mnogi voza\u010di u Hrvatskoj masovno odlaze u vulkanizerske radionice na zamjenu ljetnih guma. Kod vulkanizera ovih se dana stvaraju gu\u017eve, jer od 15. studenog na zimskim dionicama cesta obvezna je zimska oprema. No majstori zanata svjedo\u010de \u2013 voza\u010di \u010desto dolaze s \u201c\u0107elavim\u201d gumama. A na tr\u017ei\u0161tu u ponudi ima [&hellip;]\" \/>\n<meta property=\"og:url\" content=\"https:\/\/radioljubuski.ba\/index.php\/2021\/11\/10\/kolike-su-kazne-za-neposjedovanje-zimske-opreme-u-hrvatskoj\/\" \/>\n<meta property=\"og:site_name\" content=\"RADIO LJUBU\u0160KI\" \/>\n<meta property=\"article:publisher\" content=\"https:\/\/www.facebook.com\/Radiio-Ljubuski-1490835324566332\" \/>\n<meta property=\"article:published_time\" content=\"2021-11-10T10:14:26+00:00\" \/>\n<meta property=\"article:modified_time\" content=\"2021-11-10T10:14:27+00:00\" \/>\n<meta property=\"og:image\" content=\"https:\/\/radioljubuski.ba\/wp-content\/uploads\/2021\/11\/nQEYG2cU_zimska_operma.jpg\" \/>\n\t<meta property=\"og:image:width\" content=\"1000\" \/>\n\t<meta property=\"og:image:height\" content=\"625\" \/>\n\t<meta property=\"og:image:type\" content=\"image\/jpeg\" \/>\n<meta name=\"author\" content=\"Radio Ljubu\u0161ki\" \/>\n<meta name=\"twitter:card\" content=\"summary_large_image\" \/>\n<meta name=\"twitter:creator\" content=\"@radioljubuski\" \/>\n<meta name=\"twitter:site\" content=\"@radioljubuski\" \/>\n<meta name=\"twitter:label1\" content=\"Napisao\/la\" \/>\n\t<meta name=\"twitter:data1\" content=\"Radio Ljubu\u0161ki\" \/>\n\t<meta name=\"twitter:label2\" content=\"Procijenjeno vrijeme \u010ditanja\" \/>\n\t<meta name=\"twitter:data2\" content=\"1 minuta\" \/>\n<script type=\"application\/ld+json\" class=\"yoast-schema-graph\">{\"@context\":\"https:\\\/\\\/schema.org\",\"@graph\":[{\"@type\":\"Article\",\"@id\":\"https:\\\/\\\/radioljubuski.ba\\\/index.php\\\/2021\\\/11\\\/10\\\/kolike-su-kazne-za-neposjedovanje-zimske-opreme-u-hrvatskoj\\\/#article\",\"isPartOf\":{\"@id\":\"https:\\\/\\\/radioljubuski.ba\\\/index.php\\\/2021\\\/11\\\/10\\\/kolike-su-kazne-za-neposjedovanje-zimske-opreme-u-hrvatskoj\\\/\"},\"author\":{\"name\":\"Radio Ljubu\u0161ki\",\"@id\":\"https:\\\/\\\/radioljubuski.ba\\\/#\\\/schema\\\/person\\\/19fc700381a780f69665d7956c469e3b\"},\"headline\":\"Kolike su kazne za neposjedovanje zimske opreme u Hrvatskoj?\",\"datePublished\":\"2021-11-10T10:14:26+00:00\",\"dateModified\":\"2021-11-10T10:14:27+00:00\",\"mainEntityOfPage\":{\"@id\":\"https:\\\/\\\/radioljubuski.ba\\\/index.php\\\/2021\\\/11\\\/10\\\/kolike-su-kazne-za-neposjedovanje-zimske-opreme-u-hrvatskoj\\\/\"},\"wordCount\":168,\"publisher\":{\"@id\":\"https:\\\/\\\/radioljubuski.ba\\\/#organization\"},\"image\":{\"@id\":\"https:\\\/\\\/radioljubuski.ba\\\/index.php\\\/2021\\\/11\\\/10\\\/kolike-su-kazne-za-neposjedovanje-zimske-opreme-u-hrvatskoj\\\/#primaryimage\"},\"thumbnailUrl\":\"https:\\\/\\\/radioljubuski.ba\\\/wp-content\\\/uploads\\\/2021\\\/11\\\/nQEYG2cU_zimska_operma.jpg\",\"articleSection\":[\"BIH i regija\"],\"inLanguage\":\"hr\"},{\"@type\":\"WebPage\",\"@id\":\"https:\\\/\\\/radioljubuski.ba\\\/index.php\\\/2021\\\/11\\\/10\\\/kolike-su-kazne-za-neposjedovanje-zimske-opreme-u-hrvatskoj\\\/\",\"url\":\"https:\\\/\\\/radioljubuski.ba\\\/index.php\\\/2021\\\/11\\\/10\\\/kolike-su-kazne-za-neposjedovanje-zimske-opreme-u-hrvatskoj\\\/\",\"name\":\"Kolike su kazne za neposjedovanje zimske opreme u Hrvatskoj? - RADIO LJUBU\u0160KI\",\"isPartOf\":{\"@id\":\"https:\\\/\\\/radioljubuski.ba\\\/#website\"},\"primaryImageOfPage\":{\"@id\":\"https:\\\/\\\/radioljubuski.ba\\\/index.php\\\/2021\\\/11\\\/10\\\/kolike-su-kazne-za-neposjedovanje-zimske-opreme-u-hrvatskoj\\\/#primaryimage\"},\"image\":{\"@id\":\"https:\\\/\\\/radioljubuski.ba\\\/index.php\\\/2021\\\/11\\\/10\\\/kolike-su-kazne-za-neposjedovanje-zimske-opreme-u-hrvatskoj\\\/#primaryimage\"},\"thumbnailUrl\":\"https:\\\/\\\/radioljubuski.ba\\\/wp-content\\\/uploads\\\/2021\\\/11\\\/nQEYG2cU_zimska_operma.jpg\",\"datePublished\":\"2021-11-10T10:14:26+00:00\",\"dateModified\":\"2021-11-10T10:14:27+00:00\",\"breadcrumb\":{\"@id\":\"https:\\\/\\\/radioljubuski.ba\\\/index.php\\\/2021\\\/11\\\/10\\\/kolike-su-kazne-za-neposjedovanje-zimske-opreme-u-hrvatskoj\\\/#breadcrumb\"},\"inLanguage\":\"hr\",\"potentialAction\":[{\"@type\":\"ReadAction\",\"target\":[\"https:\\\/\\\/radioljubuski.ba\\\/index.php\\\/2021\\\/11\\\/10\\\/kolike-su-kazne-za-neposjedovanje-zimske-opreme-u-hrvatskoj\\\/\"]}]},{\"@type\":\"ImageObject\",\"inLanguage\":\"hr\",\"@id\":\"https:\\\/\\\/radioljubuski.ba\\\/index.php\\\/2021\\\/11\\\/10\\\/kolike-su-kazne-za-neposjedovanje-zimske-opreme-u-hrvatskoj\\\/#primaryimage\",\"url\":\"https:\\\/\\\/radioljubuski.ba\\\/wp-content\\\/uploads\\\/2021\\\/11\\\/nQEYG2cU_zimska_operma.jpg\",\"contentUrl\":\"https:\\\/\\\/radioljubuski.ba\\\/wp-content\\\/uploads\\\/2021\\\/11\\\/nQEYG2cU_zimska_operma.jpg\",\"width\":1000,\"height\":625},{\"@type\":\"BreadcrumbList\",\"@id\":\"https:\\\/\\\/radioljubuski.ba\\\/index.php\\\/2021\\\/11\\\/10\\\/kolike-su-kazne-za-neposjedovanje-zimske-opreme-u-hrvatskoj\\\/#breadcrumb\",\"itemListElement\":[{\"@type\":\"ListItem\",\"position\":1,\"name\":\"Po\u010detna stranica\",\"item\":\"https:\\\/\\\/radioljubuski.ba\\\/\"},{\"@type\":\"ListItem\",\"position\":2,\"name\":\"Kolike su kazne za neposjedovanje zimske opreme u Hrvatskoj?\"}]},{\"@type\":\"WebSite\",\"@id\":\"https:\\\/\\\/radioljubuski.ba\\\/#website\",\"url\":\"https:\\\/\\\/radioljubuski.ba\\\/\",\"name\":\"Radio Ljubu\u0161ki\",\"description\":\"Sun\u010dana frekvencija Hercegovine\",\"publisher\":{\"@id\":\"https:\\\/\\\/radioljubuski.ba\\\/#organization\"},\"potentialAction\":[{\"@type\":\"SearchAction\",\"target\":{\"@type\":\"EntryPoint\",\"urlTemplate\":\"https:\\\/\\\/radioljubuski.ba\\\/?s={search_term_string}\"},\"query-input\":{\"@type\":\"PropertyValueSpecification\",\"valueRequired\":true,\"valueName\":\"search_term_string\"}}],\"inLanguage\":\"hr\"},{\"@type\":\"Organization\",\"@id\":\"https:\\\/\\\/radioljubuski.ba\\\/#organization\",\"name\":\"Radio Ljubu\u0161ki\",\"url\":\"https:\\\/\\\/radioljubuski.ba\\\/\",\"logo\":{\"@type\":\"ImageObject\",\"inLanguage\":\"hr\",\"@id\":\"https:\\\/\\\/radioljubuski.ba\\\/#\\\/schema\\\/logo\\\/image\\\/\",\"url\":\"https:\\\/\\\/radioljubuski.ba\\\/wp-content\\\/uploads\\\/2021\\\/02\\\/cropped-Radio_Ljubuski_logo1.jpg\",\"contentUrl\":\"https:\\\/\\\/radioljubuski.ba\\\/wp-content\\\/uploads\\\/2021\\\/02\\\/cropped-Radio_Ljubuski_logo1.jpg\",\"width\":512,\"height\":512,\"caption\":\"Radio Ljubu\u0161ki\"},\"image\":{\"@id\":\"https:\\\/\\\/radioljubuski.ba\\\/#\\\/schema\\\/logo\\\/image\\\/\"},\"sameAs\":[\"https:\\\/\\\/www.facebook.com\\\/Radiio-Ljubuski-1490835324566332\",\"https:\\\/\\\/x.com\\\/radioljubuski\",\"https:\\\/\\\/hr.linkedin.com\\\/company\\\/radio-ljubuski\",\"https:\\\/\\\/www.youtube.com\\\/channel\\\/UCHYaeO_n0Db3tjNGudGpXyw\"]},{\"@type\":\"Person\",\"@id\":\"https:\\\/\\\/radioljubuski.ba\\\/#\\\/schema\\\/person\\\/19fc700381a780f69665d7956c469e3b\",\"name\":\"Radio Ljubu\u0161ki\"}]}<\/script>\n<!-- \/ Yoast SEO plugin. -->","yoast_head_json":{"title":"Kolike su kazne za neposjedovanje zimske opreme u Hrvatskoj? - RADIO LJUBU\u0160KI","robots":{"index":"index","follow":"follow","max-snippet":"max-snippet:-1","max-image-preview":"max-image-preview:large","max-video-preview":"max-video-preview:-1"},"canonical":"https:\/\/radioljubuski.ba\/index.php\/2021\/11\/10\/kolike-su-kazne-za-neposjedovanje-zimske-opreme-u-hrvatskoj\/","og_locale":"hr_HR","og_type":"article","og_title":"Kolike su kazne za neposjedovanje zimske opreme u Hrvatskoj? - RADIO LJUBU\u0160KI","og_description":"Kako se pribli\u017eava zima \u2013 tako mnogi voza\u010di u Hrvatskoj masovno odlaze u vulkanizerske radionice na zamjenu ljetnih guma. Kod vulkanizera ovih se dana stvaraju gu\u017eve, jer od 15. studenog na zimskim dionicama cesta obvezna je zimska oprema. No majstori zanata svjedo\u010de \u2013 voza\u010di \u010desto dolaze s \u201c\u0107elavim\u201d gumama. A na tr\u017ei\u0161tu u ponudi ima [&hellip;]","og_url":"https:\/\/radioljubuski.ba\/index.php\/2021\/11\/10\/kolike-su-kazne-za-neposjedovanje-zimske-opreme-u-hrvatskoj\/","og_site_name":"RADIO LJUBU\u0160KI","article_publisher":"https:\/\/www.facebook.com\/Radiio-Ljubuski-1490835324566332","article_published_time":"2021-11-10T10:14:26+00:00","article_modified_time":"2021-11-10T10:14:27+00:00","og_image":[{"width":1000,"height":625,"url":"https:\/\/radioljubuski.ba\/wp-content\/uploads\/2021\/11\/nQEYG2cU_zimska_operma.jpg","type":"image\/jpeg"}],"author":"Radio Ljubu\u0161ki","twitter_card":"summary_large_image","twitter_creator":"@radioljubuski","twitter_site":"@radioljubuski","twitter_misc":{"Napisao\/la":"Radio Ljubu\u0161ki","Procijenjeno vrijeme \u010ditanja":"1 minuta"},"schema":{"@context":"https:\/\/schema.org","@graph":[{"@type":"Article","@id":"https:\/\/radioljubuski.ba\/index.php\/2021\/11\/10\/kolike-su-kazne-za-neposjedovanje-zimske-opreme-u-hrvatskoj\/#article","isPartOf":{"@id":"https:\/\/radioljubuski.ba\/index.php\/2021\/11\/10\/kolike-su-kazne-za-neposjedovanje-zimske-opreme-u-hrvatskoj\/"},"author":{"name":"Radio Ljubu\u0161ki","@id":"https:\/\/radioljubuski.ba\/#\/schema\/person\/19fc700381a780f69665d7956c469e3b"},"headline":"Kolike su kazne za neposjedovanje zimske opreme u Hrvatskoj?","datePublished":"2021-11-10T10:14:26+00:00","dateModified":"2021-11-10T10:14:27+00:00","mainEntityOfPage":{"@id":"https:\/\/radioljubuski.ba\/index.php\/2021\/11\/10\/kolike-su-kazne-za-neposjedovanje-zimske-opreme-u-hrvatskoj\/"},"wordCount":168,"publisher":{"@id":"https:\/\/radioljubuski.ba\/#organization"},"image":{"@id":"https:\/\/radioljubuski.ba\/index.php\/2021\/11\/10\/kolike-su-kazne-za-neposjedovanje-zimske-opreme-u-hrvatskoj\/#primaryimage"},"thumbnailUrl":"https:\/\/radioljubuski.ba\/wp-content\/uploads\/2021\/11\/nQEYG2cU_zimska_operma.jpg","articleSection":["BIH i regija"],"inLanguage":"hr"},{"@type":"WebPage","@id":"https:\/\/radioljubuski.ba\/index.php\/2021\/11\/10\/kolike-su-kazne-za-neposjedovanje-zimske-opreme-u-hrvatskoj\/","url":"https:\/\/radioljubuski.ba\/index.php\/2021\/11\/10\/kolike-su-kazne-za-neposjedovanje-zimske-opreme-u-hrvatskoj\/","name":"Kolike su kazne za neposjedovanje zimske opreme u Hrvatskoj? - RADIO LJUBU\u0160KI","isPartOf":{"@id":"https:\/\/radioljubuski.ba\/#website"},"primaryImageOfPage":{"@id":"https:\/\/radioljubuski.ba\/index.php\/2021\/11\/10\/kolike-su-kazne-za-neposjedovanje-zimske-opreme-u-hrvatskoj\/#primaryimage"},"image":{"@id":"https:\/\/radioljubuski.ba\/index.php\/2021\/11\/10\/kolike-su-kazne-za-neposjedovanje-zimske-opreme-u-hrvatskoj\/#primaryimage"},"thumbnailUrl":"https:\/\/radioljubuski.ba\/wp-content\/uploads\/2021\/11\/nQEYG2cU_zimska_operma.jpg","datePublished":"2021-11-10T10:14:26+00:00","dateModified":"2021-11-10T10:14:27+00:00","breadcrumb":{"@id":"https:\/\/radioljubuski.ba\/index.php\/2021\/11\/10\/kolike-su-kazne-za-neposjedovanje-zimske-opreme-u-hrvatskoj\/#breadcrumb"},"inLanguage":"hr","potentialAction":[{"@type":"ReadAction","target":["https:\/\/radioljubuski.ba\/index.php\/2021\/11\/10\/kolike-su-kazne-za-neposjedovanje-zimske-opreme-u-hrvatskoj\/"]}]},{"@type":"ImageObject","inLanguage":"hr","@id":"https:\/\/radioljubuski.ba\/index.php\/2021\/11\/10\/kolike-su-kazne-za-neposjedovanje-zimske-opreme-u-hrvatskoj\/#primaryimage","url":"https:\/\/radioljubuski.ba\/wp-content\/uploads\/2021\/11\/nQEYG2cU_zimska_operma.jpg","contentUrl":"https:\/\/radioljubuski.ba\/wp-content\/uploads\/2021\/11\/nQEYG2cU_zimska_operma.jpg","width":1000,"height":625},{"@type":"BreadcrumbList","@id":"https:\/\/radioljubuski.ba\/index.php\/2021\/11\/10\/kolike-su-kazne-za-neposjedovanje-zimske-opreme-u-hrvatskoj\/#breadcrumb","itemListElement":[{"@type":"ListItem","position":1,"name":"Po\u010detna stranica","item":"https:\/\/radioljubuski.ba\/"},{"@type":"ListItem","position":2,"name":"Kolike su kazne za neposjedovanje zimske opreme u Hrvatskoj?"}]},{"@type":"WebSite","@id":"https:\/\/radioljubuski.ba\/#website","url":"https:\/\/radioljubuski.ba\/","name":"Radio Ljubu\u0161ki","description":"Sun\u010dana frekvencija Hercegovine","publisher":{"@id":"https:\/\/radioljubuski.ba\/#organization"},"potentialAction":[{"@type":"SearchAction","target":{"@type":"EntryPoint","urlTemplate":"https:\/\/radioljubuski.ba\/?s={search_term_string}"},"query-input":{"@type":"PropertyValueSpecification","valueRequired":true,"valueName":"search_term_string"}}],"inLanguage":"hr"},{"@type":"Organization","@id":"https:\/\/radioljubuski.ba\/#organization","name":"Radio Ljubu\u0161ki","url":"https:\/\/radioljubuski.ba\/","logo":{"@type":"ImageObject","inLanguage":"hr","@id":"https:\/\/radioljubuski.ba\/#\/schema\/logo\/image\/","url":"https:\/\/radioljubuski.ba\/wp-content\/uploads\/2021\/02\/cropped-Radio_Ljubuski_logo1.jpg","contentUrl":"https:\/\/radioljubuski.ba\/wp-content\/uploads\/2021\/02\/cropped-Radio_Ljubuski_logo1.jpg","width":512,"height":512,"caption":"Radio Ljubu\u0161ki"},"image":{"@id":"https:\/\/radioljubuski.ba\/#\/schema\/logo\/image\/"},"sameAs":["https:\/\/www.facebook.com\/Radiio-Ljubuski-1490835324566332","https:\/\/x.com\/radioljubuski","https:\/\/hr.linkedin.com\/company\/radio-ljubuski","https:\/\/www.youtube.com\/channel\/UCHYaeO_n0Db3tjNGudGpXyw"]},{"@type":"Person","@id":"https:\/\/radioljubuski.ba\/#\/schema\/person\/19fc700381a780f69665d7956c469e3b","name":"Radio Ljubu\u0161ki"}]}},"_links":{"self":[{"href":"https:\/\/radioljubuski.ba\/index.php\/wp-json\/wp\/v2\/posts\/87042","targetHints":{"allow":["GET"]}}],"collection":[{"href":"https:\/\/radioljubuski.ba\/index.php\/wp-json\/wp\/v2\/posts"}],"about":[{"href":"https:\/\/radioljubuski.ba\/index.php\/wp-json\/wp\/v2\/types\/post"}],"author":[{"embeddable":true,"href":"https:\/\/radioljubuski.ba\/index.php\/wp-json\/wp\/v2\/users\/2"}],"replies":[{"embeddable":true,"href":"https:\/\/radioljubuski.ba\/index.php\/wp-json\/wp\/v2\/comments?post=87042"}],"version-history":[{"count":1,"href":"https:\/\/radioljubuski.ba\/index.php\/wp-json\/wp\/v2\/posts\/87042\/revisions"}],"predecessor-version":[{"id":87044,"href":"https:\/\/radioljubuski.ba\/index.php\/wp-json\/wp\/v2\/posts\/87042\/revisions\/87044"}],"wp:featuredmedia":[{"embeddable":true,"href":"https:\/\/radioljubuski.ba\/index.php\/wp-json\/wp\/v2\/media\/87043"}],"wp:attachment":[{"href":"https:\/\/radioljubuski.ba\/index.php\/wp-json\/wp\/v2\/media?parent=87042"}],"wp:term":[{"taxonomy":"category","embeddable":true,"href":"https:\/\/radioljubuski.ba\/index.php\/wp-json\/wp\/v2\/categories?post=87042"},{"taxonomy":"post_tag","embeddable":true,"href":"https:\/\/radioljubuski.ba\/index.php\/wp-json\/wp\/v2\/tags?post=87042"}],"curies":[{"name":"wp","href":"https:\/\/api.w.org\/{rel}","templated":true}]}}