{"id":87045,"date":"2021-11-10T11:15:33","date_gmt":"2021-11-10T10:15:33","guid":{"rendered":"https:\/\/radioljubuski.ba\/?p=87045"},"modified":"2021-11-10T11:15:33","modified_gmt":"2021-11-10T10:15:33","slug":"epidemija-ne-jenjava-u-hrvatskoj-vise-od-7000-novozarazenih","status":"publish","type":"post","link":"https:\/\/radioljubuski.ba\/index.php\/2021\/11\/10\/epidemija-ne-jenjava-u-hrvatskoj-vise-od-7000-novozarazenih\/","title":{"rendered":"Epidemija ne jenjava: U Hrvatskoj vi\u0161e od 7000 novozara\u017eenih"},"content":{"rendered":"\n<p>U Hrvatskoj je u posljednja 24 sata 7315 novozara\u017eenih, neslu\u017ebeno doznaje <a href=\"https:\/\/vijesti.hrt.hr\/hrvatska\/epidemija-koronavirusa-u-hrvatskoj-ne-jenjava-3425477\" target=\"_blank\" rel=\"noreferrer noopener\">HTV<\/a>.<\/p>\n\n\n\n<p>Ju\u010der je bilo 59 preminulih osoba s koronavirusom, najvi\u0161e u \u010detvrtom valu epidemije.<\/p>\n\n\n\n<p>Zbog pove\u0107anog interesa za cijepljenje, otvaraju se stotine novih punktova&#8230;<\/p>\n\n\n\n<p>Posebno je te\u0161ko u splitskom KBC-u gdje je 38 osoba na respiratoru, a me\u0111u njima su i dvije trudnice u te\u0161kome stanju te 22-godi\u0161njak bez komorbiditeta, koji nisu cijepljeni.<\/p>\n\n\n\n<p>Lo\u0161a epidemiolo\u0161ka slika ubrzala je cijepljenje. Zbog velikog porasta interesa gra\u0111ana u cijeloj Hrvatskoj, otvaraju se stotine novih punktova za cijepljenje te dodatnih tisu\u0107u mjesta za testiranje. Zaklju\u010dak je to sastanka ministra zdravstva Vilija Bero\u0161a i ravnatelja Hrvatskog zavoda za javno zdravstvo Krunoslava Capaka s ravnateljima \u017eupanijskih zavoda. U Zagrebu je otvoreno osam novih cijepnih punktova, pa \u0107e se gra\u0111ani mo\u0107i cijepiti u \u010detvrtima &#8211; u domovima zdravlja i to svakoga dana od 14 do 20 sati.<\/p>\n\n\n\n<p>I sino\u0107 su u Hrvatskoj odr\u017eani prosvjedi protiv \u0161ire primjene COVID potvrda, koja bi trebala stupiti na snagu 15. studenog. Nekoliko stotina gra\u0111ana okupilo se na zagreba\u010dkom Trgu svetog Marka gdje su ponovno palili svije\u0107e i lampione koji, kako poru\u010duju, predstavljaju borbu svjetla protiv tame koja dolazi s potvrdama. Osim u Zagrebu, prosvjedi su odr\u017eani u Splitu, Osijeku, Puli, Zadru, \u0160ibeniku.&nbsp;<\/p>\n\n\n\n<p>Izvor:hrt.hr<\/p>\n","protected":false},"excerpt":{"rendered":"<p>U Hrvatskoj je u posljednja 24 sata 7315 novozara\u017eenih, neslu\u017ebeno doznaje HTV. Ju\u010der je bilo 59 preminulih osoba s koronavirusom, najvi\u0161e u \u010detvrtom valu epidemije. Zbog pove\u0107anog interesa za cijepljenje, otvaraju se stotine novih punktova&#8230; Posebno je te\u0161ko u splitskom KBC-u gdje je 38 osoba na respiratoru, a me\u0111u njima su i dvije trudnice u [&hellip;]<\/p>\n","protected":false},"author":2,"featured_media":72026,"comment_status":"closed","ping_status":"closed","sticky":false,"template":"","format":"standard","meta":{"h5ap_radio_sources":[],"footnotes":""},"categories":[1],"tags":[],"class_list":["post-87045","post","type-post","status-publish","format-standard","has-post-thumbnail","hentry","category-bihiregija"],"yoast_head":"<!-- This site is optimized with the Yoast SEO plugin v27.5 - https:\/\/yoast.com\/product\/yoast-seo-wordpress\/ -->\n<title>Epidemija ne jenjava: U Hrvatskoj vi\u0161e od 7000 novozara\u017eenih - RADIO LJUBU\u0160KI<\/title>\n<meta name=\"robots\" content=\"index, follow, max-snippet:-1, max-image-preview:large, max-video-preview:-1\" \/>\n<link rel=\"canonical\" href=\"https:\/\/radioljubuski.ba\/index.php\/2021\/11\/10\/epidemija-ne-jenjava-u-hrvatskoj-vise-od-7000-novozarazenih\/\" \/>\n<meta property=\"og:locale\" content=\"hr_HR\" \/>\n<meta property=\"og:type\" content=\"article\" \/>\n<meta property=\"og:title\" content=\"Epidemija ne jenjava: U Hrvatskoj vi\u0161e od 7000 novozara\u017eenih - RADIO LJUBU\u0160KI\" \/>\n<meta property=\"og:description\" content=\"U Hrvatskoj je u posljednja 24 sata 7315 novozara\u017eenih, neslu\u017ebeno doznaje HTV. Ju\u010der je bilo 59 preminulih osoba s koronavirusom, najvi\u0161e u \u010detvrtom valu epidemije. Zbog pove\u0107anog interesa za cijepljenje, otvaraju se stotine novih punktova&#8230; Posebno je te\u0161ko u splitskom KBC-u gdje je 38 osoba na respiratoru, a me\u0111u njima su i dvije trudnice u [&hellip;]\" \/>\n<meta property=\"og:url\" content=\"https:\/\/radioljubuski.ba\/index.php\/2021\/11\/10\/epidemija-ne-jenjava-u-hrvatskoj-vise-od-7000-novozarazenih\/\" \/>\n<meta property=\"og:site_name\" content=\"RADIO LJUBU\u0160KI\" \/>\n<meta property=\"article:publisher\" content=\"https:\/\/www.facebook.com\/Radiio-Ljubuski-1490835324566332\" \/>\n<meta property=\"article:published_time\" content=\"2021-11-10T10:15:33+00:00\" \/>\n<meta property=\"og:image\" content=\"https:\/\/radioljubuski.ba\/wp-content\/uploads\/2021\/10\/2-2021-06-03-13-41-00-koronavirus-lijecnici.jpg\" \/>\n\t<meta property=\"og:image:width\" content=\"1000\" \/>\n\t<meta property=\"og:image:height\" content=\"625\" \/>\n\t<meta property=\"og:image:type\" content=\"image\/jpeg\" \/>\n<meta name=\"author\" content=\"Radio Ljubu\u0161ki\" \/>\n<meta name=\"twitter:card\" content=\"summary_large_image\" \/>\n<meta name=\"twitter:creator\" content=\"@radioljubuski\" \/>\n<meta name=\"twitter:site\" content=\"@radioljubuski\" \/>\n<meta name=\"twitter:label1\" content=\"Napisao\/la\" \/>\n\t<meta name=\"twitter:data1\" content=\"Radio Ljubu\u0161ki\" \/>\n\t<meta name=\"twitter:label2\" content=\"Procijenjeno vrijeme \u010ditanja\" \/>\n\t<meta name=\"twitter:data2\" content=\"1 minuta\" \/>\n<script type=\"application\/ld+json\" class=\"yoast-schema-graph\">{\"@context\":\"https:\\\/\\\/schema.org\",\"@graph\":[{\"@type\":\"Article\",\"@id\":\"https:\\\/\\\/radioljubuski.ba\\\/index.php\\\/2021\\\/11\\\/10\\\/epidemija-ne-jenjava-u-hrvatskoj-vise-od-7000-novozarazenih\\\/#article\",\"isPartOf\":{\"@id\":\"https:\\\/\\\/radioljubuski.ba\\\/index.php\\\/2021\\\/11\\\/10\\\/epidemija-ne-jenjava-u-hrvatskoj-vise-od-7000-novozarazenih\\\/\"},\"author\":{\"name\":\"Radio Ljubu\u0161ki\",\"@id\":\"https:\\\/\\\/radioljubuski.ba\\\/#\\\/schema\\\/person\\\/19fc700381a780f69665d7956c469e3b\"},\"headline\":\"Epidemija ne jenjava: U Hrvatskoj vi\u0161e od 7000 novozara\u017eenih\",\"datePublished\":\"2021-11-10T10:15:33+00:00\",\"mainEntityOfPage\":{\"@id\":\"https:\\\/\\\/radioljubuski.ba\\\/index.php\\\/2021\\\/11\\\/10\\\/epidemija-ne-jenjava-u-hrvatskoj-vise-od-7000-novozarazenih\\\/\"},\"wordCount\":232,\"publisher\":{\"@id\":\"https:\\\/\\\/radioljubuski.ba\\\/#organization\"},\"image\":{\"@id\":\"https:\\\/\\\/radioljubuski.ba\\\/index.php\\\/2021\\\/11\\\/10\\\/epidemija-ne-jenjava-u-hrvatskoj-vise-od-7000-novozarazenih\\\/#primaryimage\"},\"thumbnailUrl\":\"https:\\\/\\\/radioljubuski.ba\\\/wp-content\\\/uploads\\\/2021\\\/10\\\/2-2021-06-03-13-41-00-koronavirus-lijecnici.jpg\",\"articleSection\":[\"BIH i regija\"],\"inLanguage\":\"hr\"},{\"@type\":\"WebPage\",\"@id\":\"https:\\\/\\\/radioljubuski.ba\\\/index.php\\\/2021\\\/11\\\/10\\\/epidemija-ne-jenjava-u-hrvatskoj-vise-od-7000-novozarazenih\\\/\",\"url\":\"https:\\\/\\\/radioljubuski.ba\\\/index.php\\\/2021\\\/11\\\/10\\\/epidemija-ne-jenjava-u-hrvatskoj-vise-od-7000-novozarazenih\\\/\",\"name\":\"Epidemija ne jenjava: U Hrvatskoj vi\u0161e od 7000 novozara\u017eenih - RADIO LJUBU\u0160KI\",\"isPartOf\":{\"@id\":\"https:\\\/\\\/radioljubuski.ba\\\/#website\"},\"primaryImageOfPage\":{\"@id\":\"https:\\\/\\\/radioljubuski.ba\\\/index.php\\\/2021\\\/11\\\/10\\\/epidemija-ne-jenjava-u-hrvatskoj-vise-od-7000-novozarazenih\\\/#primaryimage\"},\"image\":{\"@id\":\"https:\\\/\\\/radioljubuski.ba\\\/index.php\\\/2021\\\/11\\\/10\\\/epidemija-ne-jenjava-u-hrvatskoj-vise-od-7000-novozarazenih\\\/#primaryimage\"},\"thumbnailUrl\":\"https:\\\/\\\/radioljubuski.ba\\\/wp-content\\\/uploads\\\/2021\\\/10\\\/2-2021-06-03-13-41-00-koronavirus-lijecnici.jpg\",\"datePublished\":\"2021-11-10T10:15:33+00:00\",\"breadcrumb\":{\"@id\":\"https:\\\/\\\/radioljubuski.ba\\\/index.php\\\/2021\\\/11\\\/10\\\/epidemija-ne-jenjava-u-hrvatskoj-vise-od-7000-novozarazenih\\\/#breadcrumb\"},\"inLanguage\":\"hr\",\"potentialAction\":[{\"@type\":\"ReadAction\",\"target\":[\"https:\\\/\\\/radioljubuski.ba\\\/index.php\\\/2021\\\/11\\\/10\\\/epidemija-ne-jenjava-u-hrvatskoj-vise-od-7000-novozarazenih\\\/\"]}]},{\"@type\":\"ImageObject\",\"inLanguage\":\"hr\",\"@id\":\"https:\\\/\\\/radioljubuski.ba\\\/index.php\\\/2021\\\/11\\\/10\\\/epidemija-ne-jenjava-u-hrvatskoj-vise-od-7000-novozarazenih\\\/#primaryimage\",\"url\":\"https:\\\/\\\/radioljubuski.ba\\\/wp-content\\\/uploads\\\/2021\\\/10\\\/2-2021-06-03-13-41-00-koronavirus-lijecnici.jpg\",\"contentUrl\":\"https:\\\/\\\/radioljubuski.ba\\\/wp-content\\\/uploads\\\/2021\\\/10\\\/2-2021-06-03-13-41-00-koronavirus-lijecnici.jpg\",\"width\":1000,\"height\":625},{\"@type\":\"BreadcrumbList\",\"@id\":\"https:\\\/\\\/radioljubuski.ba\\\/index.php\\\/2021\\\/11\\\/10\\\/epidemija-ne-jenjava-u-hrvatskoj-vise-od-7000-novozarazenih\\\/#breadcrumb\",\"itemListElement\":[{\"@type\":\"ListItem\",\"position\":1,\"name\":\"Po\u010detna stranica\",\"item\":\"https:\\\/\\\/radioljubuski.ba\\\/\"},{\"@type\":\"ListItem\",\"position\":2,\"name\":\"Epidemija ne jenjava: U Hrvatskoj vi\u0161e od 7000 novozara\u017eenih\"}]},{\"@type\":\"WebSite\",\"@id\":\"https:\\\/\\\/radioljubuski.ba\\\/#website\",\"url\":\"https:\\\/\\\/radioljubuski.ba\\\/\",\"name\":\"Radio Ljubu\u0161ki\",\"description\":\"Sun\u010dana frekvencija Hercegovine\",\"publisher\":{\"@id\":\"https:\\\/\\\/radioljubuski.ba\\\/#organization\"},\"potentialAction\":[{\"@type\":\"SearchAction\",\"target\":{\"@type\":\"EntryPoint\",\"urlTemplate\":\"https:\\\/\\\/radioljubuski.ba\\\/?s={search_term_string}\"},\"query-input\":{\"@type\":\"PropertyValueSpecification\",\"valueRequired\":true,\"valueName\":\"search_term_string\"}}],\"inLanguage\":\"hr\"},{\"@type\":\"Organization\",\"@id\":\"https:\\\/\\\/radioljubuski.ba\\\/#organization\",\"name\":\"Radio Ljubu\u0161ki\",\"url\":\"https:\\\/\\\/radioljubuski.ba\\\/\",\"logo\":{\"@type\":\"ImageObject\",\"inLanguage\":\"hr\",\"@id\":\"https:\\\/\\\/radioljubuski.ba\\\/#\\\/schema\\\/logo\\\/image\\\/\",\"url\":\"https:\\\/\\\/radioljubuski.ba\\\/wp-content\\\/uploads\\\/2021\\\/02\\\/cropped-Radio_Ljubuski_logo1.jpg\",\"contentUrl\":\"https:\\\/\\\/radioljubuski.ba\\\/wp-content\\\/uploads\\\/2021\\\/02\\\/cropped-Radio_Ljubuski_logo1.jpg\",\"width\":512,\"height\":512,\"caption\":\"Radio Ljubu\u0161ki\"},\"image\":{\"@id\":\"https:\\\/\\\/radioljubuski.ba\\\/#\\\/schema\\\/logo\\\/image\\\/\"},\"sameAs\":[\"https:\\\/\\\/www.facebook.com\\\/Radiio-Ljubuski-1490835324566332\",\"https:\\\/\\\/x.com\\\/radioljubuski\",\"https:\\\/\\\/hr.linkedin.com\\\/company\\\/radio-ljubuski\",\"https:\\\/\\\/www.youtube.com\\\/channel\\\/UCHYaeO_n0Db3tjNGudGpXyw\"]},{\"@type\":\"Person\",\"@id\":\"https:\\\/\\\/radioljubuski.ba\\\/#\\\/schema\\\/person\\\/19fc700381a780f69665d7956c469e3b\",\"name\":\"Radio Ljubu\u0161ki\"}]}<\/script>\n<!-- \/ Yoast SEO plugin. -->","yoast_head_json":{"title":"Epidemija ne jenjava: U Hrvatskoj vi\u0161e od 7000 novozara\u017eenih - RADIO LJUBU\u0160KI","robots":{"index":"index","follow":"follow","max-snippet":"max-snippet:-1","max-image-preview":"max-image-preview:large","max-video-preview":"max-video-preview:-1"},"canonical":"https:\/\/radioljubuski.ba\/index.php\/2021\/11\/10\/epidemija-ne-jenjava-u-hrvatskoj-vise-od-7000-novozarazenih\/","og_locale":"hr_HR","og_type":"article","og_title":"Epidemija ne jenjava: U Hrvatskoj vi\u0161e od 7000 novozara\u017eenih - RADIO LJUBU\u0160KI","og_description":"U Hrvatskoj je u posljednja 24 sata 7315 novozara\u017eenih, neslu\u017ebeno doznaje HTV. Ju\u010der je bilo 59 preminulih osoba s koronavirusom, najvi\u0161e u \u010detvrtom valu epidemije. Zbog pove\u0107anog interesa za cijepljenje, otvaraju se stotine novih punktova&#8230; Posebno je te\u0161ko u splitskom KBC-u gdje je 38 osoba na respiratoru, a me\u0111u njima su i dvije trudnice u [&hellip;]","og_url":"https:\/\/radioljubuski.ba\/index.php\/2021\/11\/10\/epidemija-ne-jenjava-u-hrvatskoj-vise-od-7000-novozarazenih\/","og_site_name":"RADIO LJUBU\u0160KI","article_publisher":"https:\/\/www.facebook.com\/Radiio-Ljubuski-1490835324566332","article_published_time":"2021-11-10T10:15:33+00:00","og_image":[{"width":1000,"height":625,"url":"https:\/\/radioljubuski.ba\/wp-content\/uploads\/2021\/10\/2-2021-06-03-13-41-00-koronavirus-lijecnici.jpg","type":"image\/jpeg"}],"author":"Radio Ljubu\u0161ki","twitter_card":"summary_large_image","twitter_creator":"@radioljubuski","twitter_site":"@radioljubuski","twitter_misc":{"Napisao\/la":"Radio Ljubu\u0161ki","Procijenjeno vrijeme \u010ditanja":"1 minuta"},"schema":{"@context":"https:\/\/schema.org","@graph":[{"@type":"Article","@id":"https:\/\/radioljubuski.ba\/index.php\/2021\/11\/10\/epidemija-ne-jenjava-u-hrvatskoj-vise-od-7000-novozarazenih\/#article","isPartOf":{"@id":"https:\/\/radioljubuski.ba\/index.php\/2021\/11\/10\/epidemija-ne-jenjava-u-hrvatskoj-vise-od-7000-novozarazenih\/"},"author":{"name":"Radio Ljubu\u0161ki","@id":"https:\/\/radioljubuski.ba\/#\/schema\/person\/19fc700381a780f69665d7956c469e3b"},"headline":"Epidemija ne jenjava: U Hrvatskoj vi\u0161e od 7000 novozara\u017eenih","datePublished":"2021-11-10T10:15:33+00:00","mainEntityOfPage":{"@id":"https:\/\/radioljubuski.ba\/index.php\/2021\/11\/10\/epidemija-ne-jenjava-u-hrvatskoj-vise-od-7000-novozarazenih\/"},"wordCount":232,"publisher":{"@id":"https:\/\/radioljubuski.ba\/#organization"},"image":{"@id":"https:\/\/radioljubuski.ba\/index.php\/2021\/11\/10\/epidemija-ne-jenjava-u-hrvatskoj-vise-od-7000-novozarazenih\/#primaryimage"},"thumbnailUrl":"https:\/\/radioljubuski.ba\/wp-content\/uploads\/2021\/10\/2-2021-06-03-13-41-00-koronavirus-lijecnici.jpg","articleSection":["BIH i regija"],"inLanguage":"hr"},{"@type":"WebPage","@id":"https:\/\/radioljubuski.ba\/index.php\/2021\/11\/10\/epidemija-ne-jenjava-u-hrvatskoj-vise-od-7000-novozarazenih\/","url":"https:\/\/radioljubuski.ba\/index.php\/2021\/11\/10\/epidemija-ne-jenjava-u-hrvatskoj-vise-od-7000-novozarazenih\/","name":"Epidemija ne jenjava: U Hrvatskoj vi\u0161e od 7000 novozara\u017eenih - RADIO LJUBU\u0160KI","isPartOf":{"@id":"https:\/\/radioljubuski.ba\/#website"},"primaryImageOfPage":{"@id":"https:\/\/radioljubuski.ba\/index.php\/2021\/11\/10\/epidemija-ne-jenjava-u-hrvatskoj-vise-od-7000-novozarazenih\/#primaryimage"},"image":{"@id":"https:\/\/radioljubuski.ba\/index.php\/2021\/11\/10\/epidemija-ne-jenjava-u-hrvatskoj-vise-od-7000-novozarazenih\/#primaryimage"},"thumbnailUrl":"https:\/\/radioljubuski.ba\/wp-content\/uploads\/2021\/10\/2-2021-06-03-13-41-00-koronavirus-lijecnici.jpg","datePublished":"2021-11-10T10:15:33+00:00","breadcrumb":{"@id":"https:\/\/radioljubuski.ba\/index.php\/2021\/11\/10\/epidemija-ne-jenjava-u-hrvatskoj-vise-od-7000-novozarazenih\/#breadcrumb"},"inLanguage":"hr","potentialAction":[{"@type":"ReadAction","target":["https:\/\/radioljubuski.ba\/index.php\/2021\/11\/10\/epidemija-ne-jenjava-u-hrvatskoj-vise-od-7000-novozarazenih\/"]}]},{"@type":"ImageObject","inLanguage":"hr","@id":"https:\/\/radioljubuski.ba\/index.php\/2021\/11\/10\/epidemija-ne-jenjava-u-hrvatskoj-vise-od-7000-novozarazenih\/#primaryimage","url":"https:\/\/radioljubuski.ba\/wp-content\/uploads\/2021\/10\/2-2021-06-03-13-41-00-koronavirus-lijecnici.jpg","contentUrl":"https:\/\/radioljubuski.ba\/wp-content\/uploads\/2021\/10\/2-2021-06-03-13-41-00-koronavirus-lijecnici.jpg","width":1000,"height":625},{"@type":"BreadcrumbList","@id":"https:\/\/radioljubuski.ba\/index.php\/2021\/11\/10\/epidemija-ne-jenjava-u-hrvatskoj-vise-od-7000-novozarazenih\/#breadcrumb","itemListElement":[{"@type":"ListItem","position":1,"name":"Po\u010detna stranica","item":"https:\/\/radioljubuski.ba\/"},{"@type":"ListItem","position":2,"name":"Epidemija ne jenjava: U Hrvatskoj vi\u0161e od 7000 novozara\u017eenih"}]},{"@type":"WebSite","@id":"https:\/\/radioljubuski.ba\/#website","url":"https:\/\/radioljubuski.ba\/","name":"Radio Ljubu\u0161ki","description":"Sun\u010dana frekvencija Hercegovine","publisher":{"@id":"https:\/\/radioljubuski.ba\/#organization"},"potentialAction":[{"@type":"SearchAction","target":{"@type":"EntryPoint","urlTemplate":"https:\/\/radioljubuski.ba\/?s={search_term_string}"},"query-input":{"@type":"PropertyValueSpecification","valueRequired":true,"valueName":"search_term_string"}}],"inLanguage":"hr"},{"@type":"Organization","@id":"https:\/\/radioljubuski.ba\/#organization","name":"Radio Ljubu\u0161ki","url":"https:\/\/radioljubuski.ba\/","logo":{"@type":"ImageObject","inLanguage":"hr","@id":"https:\/\/radioljubuski.ba\/#\/schema\/logo\/image\/","url":"https:\/\/radioljubuski.ba\/wp-content\/uploads\/2021\/02\/cropped-Radio_Ljubuski_logo1.jpg","contentUrl":"https:\/\/radioljubuski.ba\/wp-content\/uploads\/2021\/02\/cropped-Radio_Ljubuski_logo1.jpg","width":512,"height":512,"caption":"Radio Ljubu\u0161ki"},"image":{"@id":"https:\/\/radioljubuski.ba\/#\/schema\/logo\/image\/"},"sameAs":["https:\/\/www.facebook.com\/Radiio-Ljubuski-1490835324566332","https:\/\/x.com\/radioljubuski","https:\/\/hr.linkedin.com\/company\/radio-ljubuski","https:\/\/www.youtube.com\/channel\/UCHYaeO_n0Db3tjNGudGpXyw"]},{"@type":"Person","@id":"https:\/\/radioljubuski.ba\/#\/schema\/person\/19fc700381a780f69665d7956c469e3b","name":"Radio Ljubu\u0161ki"}]}},"_links":{"self":[{"href":"https:\/\/radioljubuski.ba\/index.php\/wp-json\/wp\/v2\/posts\/87045","targetHints":{"allow":["GET"]}}],"collection":[{"href":"https:\/\/radioljubuski.ba\/index.php\/wp-json\/wp\/v2\/posts"}],"about":[{"href":"https:\/\/radioljubuski.ba\/index.php\/wp-json\/wp\/v2\/types\/post"}],"author":[{"embeddable":true,"href":"https:\/\/radioljubuski.ba\/index.php\/wp-json\/wp\/v2\/users\/2"}],"replies":[{"embeddable":true,"href":"https:\/\/radioljubuski.ba\/index.php\/wp-json\/wp\/v2\/comments?post=87045"}],"version-history":[{"count":1,"href":"https:\/\/radioljubuski.ba\/index.php\/wp-json\/wp\/v2\/posts\/87045\/revisions"}],"predecessor-version":[{"id":87046,"href":"https:\/\/radioljubuski.ba\/index.php\/wp-json\/wp\/v2\/posts\/87045\/revisions\/87046"}],"wp:featuredmedia":[{"embeddable":true,"href":"https:\/\/radioljubuski.ba\/index.php\/wp-json\/wp\/v2\/media\/72026"}],"wp:attachment":[{"href":"https:\/\/radioljubuski.ba\/index.php\/wp-json\/wp\/v2\/media?parent=87045"}],"wp:term":[{"taxonomy":"category","embeddable":true,"href":"https:\/\/radioljubuski.ba\/index.php\/wp-json\/wp\/v2\/categories?post=87045"},{"taxonomy":"post_tag","embeddable":true,"href":"https:\/\/radioljubuski.ba\/index.php\/wp-json\/wp\/v2\/tags?post=87045"}],"curies":[{"name":"wp","href":"https:\/\/api.w.org\/{rel}","templated":true}]}}