{"id":87060,"date":"2021-11-10T11:22:21","date_gmt":"2021-11-10T10:22:21","guid":{"rendered":"https:\/\/radioljubuski.ba\/?p=87060"},"modified":"2021-11-10T11:22:22","modified_gmt":"2021-11-10T10:22:22","slug":"ujevic-san-i-ludilo-u-mostar","status":"publish","type":"post","link":"https:\/\/radioljubuski.ba\/index.php\/2021\/11\/10\/ujevic-san-i-ludilo-u-mostar\/","title":{"rendered":"Ujevi\u0107 \u201eSan i ludilo\u201c u Mostar"},"content":{"rendered":"\n<p>Scenski kola\u017e \u201eTin Ujevi\u0107: San i ludilo\u201c u izvedbi glumca Gorana Matovi\u0107a i pjeva\u010dice Sare Renar bit \u0107e izveden u \u010detvrtak, 18. studenog 2021. godine u Hrvatskom domu hercega Stjepana Kosa\u010de, s po\u010detkom u 19 sati.<\/p>\n\n\n\n<p>Sudionici scenskog kola\u017ea \u201eSan i ludilo\u201c rekapituliraju dramu velikog hrvatskog pjesnika i boema Tina Ujevi\u0107a. Posrijedi je osebujni hommage Tinu, a od 1976. godine, kada je premijerno izveden, Matovi\u0107 je gostovao s tim programom u mnogim gradovima na\u0161e zemlje i inozemstva\u2026 U novom izdanju predstave nakon Arsena (koji je s Matovi\u0107em preko 35 godina gradio \u017eivi portret Tina Ujevi\u0107a) pojavljuje se Sara Renar.<\/p>\n\n\n\n<p>&nbsp;Nova scenska monta\u017ea \u201eSan i ludilo\u201c izraz je odanosti pjesniku koji je u Goranu Matovi\u0107u i Sari Renar &nbsp;dobio vjerodostojne tuma\u010de. U cjelovitoj viziji zrcali se lucidno i ispa\u0107eno lice neumrlog Tina koji u svakom vremenu tra\u017ei i nalazi novu publiku.<\/p>\n\n\n\n<p>Predstava se izvodi u okviru projekta \u201eGradovi Tina Ujevi\u0107a\u201c, a u povodu 130. obljetnice pjesnikova ro\u0111enja. Ujevi\u0107evi odlasci od Vrgorca, Imotskog, Makarske, Splita, Bra\u010da, Zagreba, Sarajeva, Pariza, Beograda mogu se pratiti kao duhovno putovanje \u201ejedne osobe slo\u017eene od vi\u0161e drugih\u201c jer je Tin u svakom od ovih gradova otkrivao svoje novo pjesni\u010dko lice.<\/p>\n\n\n\n<p>Izvor:pogled.ba<\/p>\n","protected":false},"excerpt":{"rendered":"<p>Scenski kola\u017e \u201eTin Ujevi\u0107: San i ludilo\u201c u izvedbi glumca Gorana Matovi\u0107a i pjeva\u010dice Sare Renar bit \u0107e izveden u \u010detvrtak, 18. studenog 2021. godine u Hrvatskom domu hercega Stjepana Kosa\u010de, s po\u010detkom u 19 sati. Sudionici scenskog kola\u017ea \u201eSan i ludilo\u201c rekapituliraju dramu velikog hrvatskog pjesnika i boema Tina Ujevi\u0107a. Posrijedi je osebujni hommage [&hellip;]<\/p>\n","protected":false},"author":2,"featured_media":87061,"comment_status":"closed","ping_status":"closed","sticky":false,"template":"","format":"standard","meta":{"h5ap_radio_sources":[],"footnotes":""},"categories":[1],"tags":[],"class_list":["post-87060","post","type-post","status-publish","format-standard","has-post-thumbnail","hentry","category-bihiregija"],"yoast_head":"<!-- This site is optimized with the Yoast SEO plugin v27.5 - https:\/\/yoast.com\/product\/yoast-seo-wordpress\/ -->\n<title>Ujevi\u0107 \u201eSan i ludilo\u201c u Mostar - RADIO LJUBU\u0160KI<\/title>\n<meta name=\"robots\" content=\"index, follow, max-snippet:-1, max-image-preview:large, max-video-preview:-1\" \/>\n<link rel=\"canonical\" href=\"https:\/\/radioljubuski.ba\/index.php\/2021\/11\/10\/ujevic-san-i-ludilo-u-mostar\/\" \/>\n<meta property=\"og:locale\" content=\"hr_HR\" \/>\n<meta property=\"og:type\" content=\"article\" \/>\n<meta property=\"og:title\" content=\"Ujevi\u0107 \u201eSan i ludilo\u201c u Mostar - RADIO LJUBU\u0160KI\" \/>\n<meta property=\"og:description\" content=\"Scenski kola\u017e \u201eTin Ujevi\u0107: San i ludilo\u201c u izvedbi glumca Gorana Matovi\u0107a i pjeva\u010dice Sare Renar bit \u0107e izveden u \u010detvrtak, 18. studenog 2021. godine u Hrvatskom domu hercega Stjepana Kosa\u010de, s po\u010detkom u 19 sati. Sudionici scenskog kola\u017ea \u201eSan i ludilo\u201c rekapituliraju dramu velikog hrvatskog pjesnika i boema Tina Ujevi\u0107a. Posrijedi je osebujni hommage [&hellip;]\" \/>\n<meta property=\"og:url\" content=\"https:\/\/radioljubuski.ba\/index.php\/2021\/11\/10\/ujevic-san-i-ludilo-u-mostar\/\" \/>\n<meta property=\"og:site_name\" content=\"RADIO LJUBU\u0160KI\" \/>\n<meta property=\"article:publisher\" content=\"https:\/\/www.facebook.com\/Radiio-Ljubuski-1490835324566332\" \/>\n<meta property=\"article:published_time\" content=\"2021-11-10T10:22:21+00:00\" \/>\n<meta property=\"article:modified_time\" content=\"2021-11-10T10:22:22+00:00\" \/>\n<meta property=\"og:image\" content=\"https:\/\/radioljubuski.ba\/wp-content\/uploads\/2021\/11\/8-2021-11-10-08-02-48-Tin_Mostar_EVENT.jpg\" \/>\n\t<meta property=\"og:image:width\" content=\"1000\" \/>\n\t<meta property=\"og:image:height\" content=\"625\" \/>\n\t<meta property=\"og:image:type\" content=\"image\/jpeg\" \/>\n<meta name=\"author\" content=\"Radio Ljubu\u0161ki\" \/>\n<meta name=\"twitter:card\" content=\"summary_large_image\" \/>\n<meta name=\"twitter:creator\" content=\"@radioljubuski\" \/>\n<meta name=\"twitter:site\" content=\"@radioljubuski\" \/>\n<meta name=\"twitter:label1\" content=\"Napisao\/la\" \/>\n\t<meta name=\"twitter:data1\" content=\"Radio Ljubu\u0161ki\" \/>\n\t<meta name=\"twitter:label2\" content=\"Procijenjeno vrijeme \u010ditanja\" \/>\n\t<meta name=\"twitter:data2\" content=\"1 minuta\" \/>\n<script type=\"application\/ld+json\" class=\"yoast-schema-graph\">{\"@context\":\"https:\\\/\\\/schema.org\",\"@graph\":[{\"@type\":\"Article\",\"@id\":\"https:\\\/\\\/radioljubuski.ba\\\/index.php\\\/2021\\\/11\\\/10\\\/ujevic-san-i-ludilo-u-mostar\\\/#article\",\"isPartOf\":{\"@id\":\"https:\\\/\\\/radioljubuski.ba\\\/index.php\\\/2021\\\/11\\\/10\\\/ujevic-san-i-ludilo-u-mostar\\\/\"},\"author\":{\"name\":\"Radio Ljubu\u0161ki\",\"@id\":\"https:\\\/\\\/radioljubuski.ba\\\/#\\\/schema\\\/person\\\/19fc700381a780f69665d7956c469e3b\"},\"headline\":\"Ujevi\u0107 \u201eSan i ludilo\u201c u Mostar\",\"datePublished\":\"2021-11-10T10:22:21+00:00\",\"dateModified\":\"2021-11-10T10:22:22+00:00\",\"mainEntityOfPage\":{\"@id\":\"https:\\\/\\\/radioljubuski.ba\\\/index.php\\\/2021\\\/11\\\/10\\\/ujevic-san-i-ludilo-u-mostar\\\/\"},\"wordCount\":219,\"publisher\":{\"@id\":\"https:\\\/\\\/radioljubuski.ba\\\/#organization\"},\"image\":{\"@id\":\"https:\\\/\\\/radioljubuski.ba\\\/index.php\\\/2021\\\/11\\\/10\\\/ujevic-san-i-ludilo-u-mostar\\\/#primaryimage\"},\"thumbnailUrl\":\"https:\\\/\\\/radioljubuski.ba\\\/wp-content\\\/uploads\\\/2021\\\/11\\\/8-2021-11-10-08-02-48-Tin_Mostar_EVENT.jpg\",\"articleSection\":[\"BIH i regija\"],\"inLanguage\":\"hr\"},{\"@type\":\"WebPage\",\"@id\":\"https:\\\/\\\/radioljubuski.ba\\\/index.php\\\/2021\\\/11\\\/10\\\/ujevic-san-i-ludilo-u-mostar\\\/\",\"url\":\"https:\\\/\\\/radioljubuski.ba\\\/index.php\\\/2021\\\/11\\\/10\\\/ujevic-san-i-ludilo-u-mostar\\\/\",\"name\":\"Ujevi\u0107 \u201eSan i ludilo\u201c u Mostar - RADIO LJUBU\u0160KI\",\"isPartOf\":{\"@id\":\"https:\\\/\\\/radioljubuski.ba\\\/#website\"},\"primaryImageOfPage\":{\"@id\":\"https:\\\/\\\/radioljubuski.ba\\\/index.php\\\/2021\\\/11\\\/10\\\/ujevic-san-i-ludilo-u-mostar\\\/#primaryimage\"},\"image\":{\"@id\":\"https:\\\/\\\/radioljubuski.ba\\\/index.php\\\/2021\\\/11\\\/10\\\/ujevic-san-i-ludilo-u-mostar\\\/#primaryimage\"},\"thumbnailUrl\":\"https:\\\/\\\/radioljubuski.ba\\\/wp-content\\\/uploads\\\/2021\\\/11\\\/8-2021-11-10-08-02-48-Tin_Mostar_EVENT.jpg\",\"datePublished\":\"2021-11-10T10:22:21+00:00\",\"dateModified\":\"2021-11-10T10:22:22+00:00\",\"breadcrumb\":{\"@id\":\"https:\\\/\\\/radioljubuski.ba\\\/index.php\\\/2021\\\/11\\\/10\\\/ujevic-san-i-ludilo-u-mostar\\\/#breadcrumb\"},\"inLanguage\":\"hr\",\"potentialAction\":[{\"@type\":\"ReadAction\",\"target\":[\"https:\\\/\\\/radioljubuski.ba\\\/index.php\\\/2021\\\/11\\\/10\\\/ujevic-san-i-ludilo-u-mostar\\\/\"]}]},{\"@type\":\"ImageObject\",\"inLanguage\":\"hr\",\"@id\":\"https:\\\/\\\/radioljubuski.ba\\\/index.php\\\/2021\\\/11\\\/10\\\/ujevic-san-i-ludilo-u-mostar\\\/#primaryimage\",\"url\":\"https:\\\/\\\/radioljubuski.ba\\\/wp-content\\\/uploads\\\/2021\\\/11\\\/8-2021-11-10-08-02-48-Tin_Mostar_EVENT.jpg\",\"contentUrl\":\"https:\\\/\\\/radioljubuski.ba\\\/wp-content\\\/uploads\\\/2021\\\/11\\\/8-2021-11-10-08-02-48-Tin_Mostar_EVENT.jpg\",\"width\":1000,\"height\":625},{\"@type\":\"BreadcrumbList\",\"@id\":\"https:\\\/\\\/radioljubuski.ba\\\/index.php\\\/2021\\\/11\\\/10\\\/ujevic-san-i-ludilo-u-mostar\\\/#breadcrumb\",\"itemListElement\":[{\"@type\":\"ListItem\",\"position\":1,\"name\":\"Po\u010detna stranica\",\"item\":\"https:\\\/\\\/radioljubuski.ba\\\/\"},{\"@type\":\"ListItem\",\"position\":2,\"name\":\"Ujevi\u0107 \u201eSan i ludilo\u201c u Mostar\"}]},{\"@type\":\"WebSite\",\"@id\":\"https:\\\/\\\/radioljubuski.ba\\\/#website\",\"url\":\"https:\\\/\\\/radioljubuski.ba\\\/\",\"name\":\"Radio Ljubu\u0161ki\",\"description\":\"Sun\u010dana frekvencija Hercegovine\",\"publisher\":{\"@id\":\"https:\\\/\\\/radioljubuski.ba\\\/#organization\"},\"potentialAction\":[{\"@type\":\"SearchAction\",\"target\":{\"@type\":\"EntryPoint\",\"urlTemplate\":\"https:\\\/\\\/radioljubuski.ba\\\/?s={search_term_string}\"},\"query-input\":{\"@type\":\"PropertyValueSpecification\",\"valueRequired\":true,\"valueName\":\"search_term_string\"}}],\"inLanguage\":\"hr\"},{\"@type\":\"Organization\",\"@id\":\"https:\\\/\\\/radioljubuski.ba\\\/#organization\",\"name\":\"Radio Ljubu\u0161ki\",\"url\":\"https:\\\/\\\/radioljubuski.ba\\\/\",\"logo\":{\"@type\":\"ImageObject\",\"inLanguage\":\"hr\",\"@id\":\"https:\\\/\\\/radioljubuski.ba\\\/#\\\/schema\\\/logo\\\/image\\\/\",\"url\":\"https:\\\/\\\/radioljubuski.ba\\\/wp-content\\\/uploads\\\/2021\\\/02\\\/cropped-Radio_Ljubuski_logo1.jpg\",\"contentUrl\":\"https:\\\/\\\/radioljubuski.ba\\\/wp-content\\\/uploads\\\/2021\\\/02\\\/cropped-Radio_Ljubuski_logo1.jpg\",\"width\":512,\"height\":512,\"caption\":\"Radio Ljubu\u0161ki\"},\"image\":{\"@id\":\"https:\\\/\\\/radioljubuski.ba\\\/#\\\/schema\\\/logo\\\/image\\\/\"},\"sameAs\":[\"https:\\\/\\\/www.facebook.com\\\/Radiio-Ljubuski-1490835324566332\",\"https:\\\/\\\/x.com\\\/radioljubuski\",\"https:\\\/\\\/hr.linkedin.com\\\/company\\\/radio-ljubuski\",\"https:\\\/\\\/www.youtube.com\\\/channel\\\/UCHYaeO_n0Db3tjNGudGpXyw\"]},{\"@type\":\"Person\",\"@id\":\"https:\\\/\\\/radioljubuski.ba\\\/#\\\/schema\\\/person\\\/19fc700381a780f69665d7956c469e3b\",\"name\":\"Radio Ljubu\u0161ki\"}]}<\/script>\n<!-- \/ Yoast SEO plugin. -->","yoast_head_json":{"title":"Ujevi\u0107 \u201eSan i ludilo\u201c u Mostar - RADIO LJUBU\u0160KI","robots":{"index":"index","follow":"follow","max-snippet":"max-snippet:-1","max-image-preview":"max-image-preview:large","max-video-preview":"max-video-preview:-1"},"canonical":"https:\/\/radioljubuski.ba\/index.php\/2021\/11\/10\/ujevic-san-i-ludilo-u-mostar\/","og_locale":"hr_HR","og_type":"article","og_title":"Ujevi\u0107 \u201eSan i ludilo\u201c u Mostar - RADIO LJUBU\u0160KI","og_description":"Scenski kola\u017e \u201eTin Ujevi\u0107: San i ludilo\u201c u izvedbi glumca Gorana Matovi\u0107a i pjeva\u010dice Sare Renar bit \u0107e izveden u \u010detvrtak, 18. studenog 2021. godine u Hrvatskom domu hercega Stjepana Kosa\u010de, s po\u010detkom u 19 sati. Sudionici scenskog kola\u017ea \u201eSan i ludilo\u201c rekapituliraju dramu velikog hrvatskog pjesnika i boema Tina Ujevi\u0107a. Posrijedi je osebujni hommage [&hellip;]","og_url":"https:\/\/radioljubuski.ba\/index.php\/2021\/11\/10\/ujevic-san-i-ludilo-u-mostar\/","og_site_name":"RADIO LJUBU\u0160KI","article_publisher":"https:\/\/www.facebook.com\/Radiio-Ljubuski-1490835324566332","article_published_time":"2021-11-10T10:22:21+00:00","article_modified_time":"2021-11-10T10:22:22+00:00","og_image":[{"width":1000,"height":625,"url":"https:\/\/radioljubuski.ba\/wp-content\/uploads\/2021\/11\/8-2021-11-10-08-02-48-Tin_Mostar_EVENT.jpg","type":"image\/jpeg"}],"author":"Radio Ljubu\u0161ki","twitter_card":"summary_large_image","twitter_creator":"@radioljubuski","twitter_site":"@radioljubuski","twitter_misc":{"Napisao\/la":"Radio Ljubu\u0161ki","Procijenjeno vrijeme \u010ditanja":"1 minuta"},"schema":{"@context":"https:\/\/schema.org","@graph":[{"@type":"Article","@id":"https:\/\/radioljubuski.ba\/index.php\/2021\/11\/10\/ujevic-san-i-ludilo-u-mostar\/#article","isPartOf":{"@id":"https:\/\/radioljubuski.ba\/index.php\/2021\/11\/10\/ujevic-san-i-ludilo-u-mostar\/"},"author":{"name":"Radio Ljubu\u0161ki","@id":"https:\/\/radioljubuski.ba\/#\/schema\/person\/19fc700381a780f69665d7956c469e3b"},"headline":"Ujevi\u0107 \u201eSan i ludilo\u201c u Mostar","datePublished":"2021-11-10T10:22:21+00:00","dateModified":"2021-11-10T10:22:22+00:00","mainEntityOfPage":{"@id":"https:\/\/radioljubuski.ba\/index.php\/2021\/11\/10\/ujevic-san-i-ludilo-u-mostar\/"},"wordCount":219,"publisher":{"@id":"https:\/\/radioljubuski.ba\/#organization"},"image":{"@id":"https:\/\/radioljubuski.ba\/index.php\/2021\/11\/10\/ujevic-san-i-ludilo-u-mostar\/#primaryimage"},"thumbnailUrl":"https:\/\/radioljubuski.ba\/wp-content\/uploads\/2021\/11\/8-2021-11-10-08-02-48-Tin_Mostar_EVENT.jpg","articleSection":["BIH i regija"],"inLanguage":"hr"},{"@type":"WebPage","@id":"https:\/\/radioljubuski.ba\/index.php\/2021\/11\/10\/ujevic-san-i-ludilo-u-mostar\/","url":"https:\/\/radioljubuski.ba\/index.php\/2021\/11\/10\/ujevic-san-i-ludilo-u-mostar\/","name":"Ujevi\u0107 \u201eSan i ludilo\u201c u Mostar - RADIO LJUBU\u0160KI","isPartOf":{"@id":"https:\/\/radioljubuski.ba\/#website"},"primaryImageOfPage":{"@id":"https:\/\/radioljubuski.ba\/index.php\/2021\/11\/10\/ujevic-san-i-ludilo-u-mostar\/#primaryimage"},"image":{"@id":"https:\/\/radioljubuski.ba\/index.php\/2021\/11\/10\/ujevic-san-i-ludilo-u-mostar\/#primaryimage"},"thumbnailUrl":"https:\/\/radioljubuski.ba\/wp-content\/uploads\/2021\/11\/8-2021-11-10-08-02-48-Tin_Mostar_EVENT.jpg","datePublished":"2021-11-10T10:22:21+00:00","dateModified":"2021-11-10T10:22:22+00:00","breadcrumb":{"@id":"https:\/\/radioljubuski.ba\/index.php\/2021\/11\/10\/ujevic-san-i-ludilo-u-mostar\/#breadcrumb"},"inLanguage":"hr","potentialAction":[{"@type":"ReadAction","target":["https:\/\/radioljubuski.ba\/index.php\/2021\/11\/10\/ujevic-san-i-ludilo-u-mostar\/"]}]},{"@type":"ImageObject","inLanguage":"hr","@id":"https:\/\/radioljubuski.ba\/index.php\/2021\/11\/10\/ujevic-san-i-ludilo-u-mostar\/#primaryimage","url":"https:\/\/radioljubuski.ba\/wp-content\/uploads\/2021\/11\/8-2021-11-10-08-02-48-Tin_Mostar_EVENT.jpg","contentUrl":"https:\/\/radioljubuski.ba\/wp-content\/uploads\/2021\/11\/8-2021-11-10-08-02-48-Tin_Mostar_EVENT.jpg","width":1000,"height":625},{"@type":"BreadcrumbList","@id":"https:\/\/radioljubuski.ba\/index.php\/2021\/11\/10\/ujevic-san-i-ludilo-u-mostar\/#breadcrumb","itemListElement":[{"@type":"ListItem","position":1,"name":"Po\u010detna stranica","item":"https:\/\/radioljubuski.ba\/"},{"@type":"ListItem","position":2,"name":"Ujevi\u0107 \u201eSan i ludilo\u201c u Mostar"}]},{"@type":"WebSite","@id":"https:\/\/radioljubuski.ba\/#website","url":"https:\/\/radioljubuski.ba\/","name":"Radio Ljubu\u0161ki","description":"Sun\u010dana frekvencija Hercegovine","publisher":{"@id":"https:\/\/radioljubuski.ba\/#organization"},"potentialAction":[{"@type":"SearchAction","target":{"@type":"EntryPoint","urlTemplate":"https:\/\/radioljubuski.ba\/?s={search_term_string}"},"query-input":{"@type":"PropertyValueSpecification","valueRequired":true,"valueName":"search_term_string"}}],"inLanguage":"hr"},{"@type":"Organization","@id":"https:\/\/radioljubuski.ba\/#organization","name":"Radio Ljubu\u0161ki","url":"https:\/\/radioljubuski.ba\/","logo":{"@type":"ImageObject","inLanguage":"hr","@id":"https:\/\/radioljubuski.ba\/#\/schema\/logo\/image\/","url":"https:\/\/radioljubuski.ba\/wp-content\/uploads\/2021\/02\/cropped-Radio_Ljubuski_logo1.jpg","contentUrl":"https:\/\/radioljubuski.ba\/wp-content\/uploads\/2021\/02\/cropped-Radio_Ljubuski_logo1.jpg","width":512,"height":512,"caption":"Radio Ljubu\u0161ki"},"image":{"@id":"https:\/\/radioljubuski.ba\/#\/schema\/logo\/image\/"},"sameAs":["https:\/\/www.facebook.com\/Radiio-Ljubuski-1490835324566332","https:\/\/x.com\/radioljubuski","https:\/\/hr.linkedin.com\/company\/radio-ljubuski","https:\/\/www.youtube.com\/channel\/UCHYaeO_n0Db3tjNGudGpXyw"]},{"@type":"Person","@id":"https:\/\/radioljubuski.ba\/#\/schema\/person\/19fc700381a780f69665d7956c469e3b","name":"Radio Ljubu\u0161ki"}]}},"_links":{"self":[{"href":"https:\/\/radioljubuski.ba\/index.php\/wp-json\/wp\/v2\/posts\/87060","targetHints":{"allow":["GET"]}}],"collection":[{"href":"https:\/\/radioljubuski.ba\/index.php\/wp-json\/wp\/v2\/posts"}],"about":[{"href":"https:\/\/radioljubuski.ba\/index.php\/wp-json\/wp\/v2\/types\/post"}],"author":[{"embeddable":true,"href":"https:\/\/radioljubuski.ba\/index.php\/wp-json\/wp\/v2\/users\/2"}],"replies":[{"embeddable":true,"href":"https:\/\/radioljubuski.ba\/index.php\/wp-json\/wp\/v2\/comments?post=87060"}],"version-history":[{"count":1,"href":"https:\/\/radioljubuski.ba\/index.php\/wp-json\/wp\/v2\/posts\/87060\/revisions"}],"predecessor-version":[{"id":87062,"href":"https:\/\/radioljubuski.ba\/index.php\/wp-json\/wp\/v2\/posts\/87060\/revisions\/87062"}],"wp:featuredmedia":[{"embeddable":true,"href":"https:\/\/radioljubuski.ba\/index.php\/wp-json\/wp\/v2\/media\/87061"}],"wp:attachment":[{"href":"https:\/\/radioljubuski.ba\/index.php\/wp-json\/wp\/v2\/media?parent=87060"}],"wp:term":[{"taxonomy":"category","embeddable":true,"href":"https:\/\/radioljubuski.ba\/index.php\/wp-json\/wp\/v2\/categories?post=87060"},{"taxonomy":"post_tag","embeddable":true,"href":"https:\/\/radioljubuski.ba\/index.php\/wp-json\/wp\/v2\/tags?post=87060"}],"curies":[{"name":"wp","href":"https:\/\/api.w.org\/{rel}","templated":true}]}}