{"id":87072,"date":"2021-11-10T11:27:26","date_gmt":"2021-11-10T10:27:26","guid":{"rendered":"https:\/\/radioljubuski.ba\/?p=87072"},"modified":"2021-11-10T11:27:27","modified_gmt":"2021-11-10T10:27:27","slug":"hrvatska-nabavlja-dva-nova-lijeka-protiv-korone","status":"publish","type":"post","link":"https:\/\/radioljubuski.ba\/index.php\/2021\/11\/10\/hrvatska-nabavlja-dva-nova-lijeka-protiv-korone\/","title":{"rendered":"Hrvatska nabavlja dva nova lijeka protiv korone"},"content":{"rendered":"\n<p>Hrvatska zajedno s ostalim \u010dlanicama Europske unije sudjeluje u razgovoru o zajedni\u010dkoj javnoj nabavi dvaju novih lijekova protiv covid-19 bolesti, pi\u0161e u srijedu Ve\u010dernji list.<\/p>\n\n\n\n<p>\u201cPridru\u017eili smo se javnoj nabavi EK kako bismo adekvatno mogli lije\u010diti na\u0161e bolesnike. Stru\u010dno povjerenstvo odredit \u0107e koli\u010dine pojedinog lijeka koje \u0107emo naru\u010diti za Hrvatsku\u201d, potvrdio je ministar zdravstva Vili Bero\u0161, donosi dnevnik.<\/p>\n\n\n\n<p>Europska agencija za lijekove (EMA) zapo\u010dela je evaluaciju dostupnih podataka o lijeku protiv covid molnupiraviru, proizvo\u0111a\u010da Mercka, kako bi omogu\u0107ila dr\u017eavama koje to \u017eele da \u0161to prije po\u010dnu s nabavom i kori\u0161tenjem tog lijeka, \u010dak i prije nego \u0161to on dobije slu\u017ebenu autorizaciju. Istovremeno, iz diplomatskih se izvora doznaje da EU pregovara s Merckom, ali i s Pfizerom, proizvo\u0111a\u010dem drugog antivirusnog lijeka u pilulama o mogu\u0107im ugovorima za kupnju lijeka koji bi se koristio u tretmanu oboljelih od covid, \u0161to bi nalikovalo zajedni\u010dkoj nabavi sli\u010dnoj onoj za cjepivo.<\/p>\n\n\n\n<p>Obje ameri\u010dke farmaceutske ku\u0107e razvile su lijekove koji u klini\u010dkim ispitivanjima ubla\u017eavaju tijek bolesti, a uzimanjem nakon pojave simptoma smanjuje se rizik od najte\u017eih oblika i smrti: Merckov 50 posto, a Pfizerov 89 posto. Oba lijeka daju se pet dana i namijenjeni su ku\u0107noj upotrebi. Pfizerov re\u017eim kori\u0161tenja lijeka pod imenom Paxlovid jest tri tablete ujutro i tri tablete nave\u010der. Merckov lijek se uzima po \u010detiri tablete ujutro i \u010detiri nave\u010der.<\/p>\n\n\n\n<p>Kako pandemija ponovno dobiva na zamahu, s Europom u epicentru, EMA i \u010delnici nacionalnih agencija za zdravlje slo\u017eili se da su potrebne nove smjernice u lije\u010denju covid-19. Stoga je EMA zapo\u010dela provjeru dostupnih podataka o upotrebi molnupiravira (tako\u0111er poznatog kao MK 4482 ili Lagevrio u Velikoj Britaniji, gdje je ve\u0107 odobren) kako bi podr\u017eala nacionalna tijela koja mogu odlu\u010diti o uporabi ovog lijeka za lije\u010denje covid-19 prije njegova odobrenja.<\/p>\n\n\n\n<p>Dok jo\u0161 traje sveobuhvatnija i kontinuirana procjena tog lijeka prije mogu\u0107eg zahtjeva za odobrenje za stavljanje u promet, Odbor za lijekove za humanu uporabu (CHMP) Europske agencije za lijekove dat \u0107e u najkra\u0107em mogu\u0107em roku preporuke na razini EU kako bi pomogla nacionalnim tijelima da odlu\u010de o mogu\u0107oj ranoj upotrebi lijeka.<\/p>\n\n\n\n<p>Izvor:pogled.ba<\/p>\n","protected":false},"excerpt":{"rendered":"<p>Hrvatska zajedno s ostalim \u010dlanicama Europske unije sudjeluje u razgovoru o zajedni\u010dkoj javnoj nabavi dvaju novih lijekova protiv covid-19 bolesti, pi\u0161e u srijedu Ve\u010dernji list. \u201cPridru\u017eili smo se javnoj nabavi EK kako bismo adekvatno mogli lije\u010diti na\u0161e bolesnike. Stru\u010dno povjerenstvo odredit \u0107e koli\u010dine pojedinog lijeka koje \u0107emo naru\u010diti za Hrvatsku\u201d, potvrdio je ministar zdravstva Vili [&hellip;]<\/p>\n","protected":false},"author":2,"featured_media":87073,"comment_status":"closed","ping_status":"closed","sticky":false,"template":"","format":"standard","meta":{"h5ap_radio_sources":[],"footnotes":""},"categories":[1],"tags":[],"class_list":["post-87072","post","type-post","status-publish","format-standard","has-post-thumbnail","hentry","category-bihiregija"],"yoast_head":"<!-- This site is optimized with the Yoast SEO plugin v27.5 - https:\/\/yoast.com\/product\/yoast-seo-wordpress\/ -->\n<title>Hrvatska nabavlja dva nova lijeka protiv korone - RADIO LJUBU\u0160KI<\/title>\n<meta name=\"robots\" content=\"index, follow, max-snippet:-1, max-image-preview:large, max-video-preview:-1\" \/>\n<link rel=\"canonical\" href=\"https:\/\/radioljubuski.ba\/index.php\/2021\/11\/10\/hrvatska-nabavlja-dva-nova-lijeka-protiv-korone\/\" \/>\n<meta property=\"og:locale\" content=\"hr_HR\" \/>\n<meta property=\"og:type\" content=\"article\" \/>\n<meta property=\"og:title\" content=\"Hrvatska nabavlja dva nova lijeka protiv korone - RADIO LJUBU\u0160KI\" \/>\n<meta property=\"og:description\" content=\"Hrvatska zajedno s ostalim \u010dlanicama Europske unije sudjeluje u razgovoru o zajedni\u010dkoj javnoj nabavi dvaju novih lijekova protiv covid-19 bolesti, pi\u0161e u srijedu Ve\u010dernji list. \u201cPridru\u017eili smo se javnoj nabavi EK kako bismo adekvatno mogli lije\u010diti na\u0161e bolesnike. Stru\u010dno povjerenstvo odredit \u0107e koli\u010dine pojedinog lijeka koje \u0107emo naru\u010diti za Hrvatsku\u201d, potvrdio je ministar zdravstva Vili [&hellip;]\" \/>\n<meta property=\"og:url\" content=\"https:\/\/radioljubuski.ba\/index.php\/2021\/11\/10\/hrvatska-nabavlja-dva-nova-lijeka-protiv-korone\/\" \/>\n<meta property=\"og:site_name\" content=\"RADIO LJUBU\u0160KI\" \/>\n<meta property=\"article:publisher\" content=\"https:\/\/www.facebook.com\/Radiio-Ljubuski-1490835324566332\" \/>\n<meta property=\"article:published_time\" content=\"2021-11-10T10:27:26+00:00\" \/>\n<meta property=\"article:modified_time\" content=\"2021-11-10T10:27:27+00:00\" \/>\n<meta property=\"og:image\" content=\"https:\/\/radioljubuski.ba\/wp-content\/uploads\/2021\/11\/2-2021-10-19-12-56-26-lijek.jpg\" \/>\n\t<meta property=\"og:image:width\" content=\"1000\" \/>\n\t<meta property=\"og:image:height\" content=\"625\" \/>\n\t<meta property=\"og:image:type\" content=\"image\/jpeg\" \/>\n<meta name=\"author\" content=\"Radio Ljubu\u0161ki\" \/>\n<meta name=\"twitter:card\" content=\"summary_large_image\" \/>\n<meta name=\"twitter:creator\" content=\"@radioljubuski\" \/>\n<meta name=\"twitter:site\" content=\"@radioljubuski\" \/>\n<meta name=\"twitter:label1\" content=\"Napisao\/la\" \/>\n\t<meta name=\"twitter:data1\" content=\"Radio Ljubu\u0161ki\" \/>\n\t<meta name=\"twitter:label2\" content=\"Procijenjeno vrijeme \u010ditanja\" \/>\n\t<meta name=\"twitter:data2\" content=\"2 minute\" \/>\n<script type=\"application\/ld+json\" class=\"yoast-schema-graph\">{\"@context\":\"https:\\\/\\\/schema.org\",\"@graph\":[{\"@type\":\"Article\",\"@id\":\"https:\\\/\\\/radioljubuski.ba\\\/index.php\\\/2021\\\/11\\\/10\\\/hrvatska-nabavlja-dva-nova-lijeka-protiv-korone\\\/#article\",\"isPartOf\":{\"@id\":\"https:\\\/\\\/radioljubuski.ba\\\/index.php\\\/2021\\\/11\\\/10\\\/hrvatska-nabavlja-dva-nova-lijeka-protiv-korone\\\/\"},\"author\":{\"name\":\"Radio Ljubu\u0161ki\",\"@id\":\"https:\\\/\\\/radioljubuski.ba\\\/#\\\/schema\\\/person\\\/19fc700381a780f69665d7956c469e3b\"},\"headline\":\"Hrvatska nabavlja dva nova lijeka protiv korone\",\"datePublished\":\"2021-11-10T10:27:26+00:00\",\"dateModified\":\"2021-11-10T10:27:27+00:00\",\"mainEntityOfPage\":{\"@id\":\"https:\\\/\\\/radioljubuski.ba\\\/index.php\\\/2021\\\/11\\\/10\\\/hrvatska-nabavlja-dva-nova-lijeka-protiv-korone\\\/\"},\"wordCount\":388,\"publisher\":{\"@id\":\"https:\\\/\\\/radioljubuski.ba\\\/#organization\"},\"image\":{\"@id\":\"https:\\\/\\\/radioljubuski.ba\\\/index.php\\\/2021\\\/11\\\/10\\\/hrvatska-nabavlja-dva-nova-lijeka-protiv-korone\\\/#primaryimage\"},\"thumbnailUrl\":\"https:\\\/\\\/radioljubuski.ba\\\/wp-content\\\/uploads\\\/2021\\\/11\\\/2-2021-10-19-12-56-26-lijek.jpg\",\"articleSection\":[\"BIH i regija\"],\"inLanguage\":\"hr\"},{\"@type\":\"WebPage\",\"@id\":\"https:\\\/\\\/radioljubuski.ba\\\/index.php\\\/2021\\\/11\\\/10\\\/hrvatska-nabavlja-dva-nova-lijeka-protiv-korone\\\/\",\"url\":\"https:\\\/\\\/radioljubuski.ba\\\/index.php\\\/2021\\\/11\\\/10\\\/hrvatska-nabavlja-dva-nova-lijeka-protiv-korone\\\/\",\"name\":\"Hrvatska nabavlja dva nova lijeka protiv korone - RADIO LJUBU\u0160KI\",\"isPartOf\":{\"@id\":\"https:\\\/\\\/radioljubuski.ba\\\/#website\"},\"primaryImageOfPage\":{\"@id\":\"https:\\\/\\\/radioljubuski.ba\\\/index.php\\\/2021\\\/11\\\/10\\\/hrvatska-nabavlja-dva-nova-lijeka-protiv-korone\\\/#primaryimage\"},\"image\":{\"@id\":\"https:\\\/\\\/radioljubuski.ba\\\/index.php\\\/2021\\\/11\\\/10\\\/hrvatska-nabavlja-dva-nova-lijeka-protiv-korone\\\/#primaryimage\"},\"thumbnailUrl\":\"https:\\\/\\\/radioljubuski.ba\\\/wp-content\\\/uploads\\\/2021\\\/11\\\/2-2021-10-19-12-56-26-lijek.jpg\",\"datePublished\":\"2021-11-10T10:27:26+00:00\",\"dateModified\":\"2021-11-10T10:27:27+00:00\",\"breadcrumb\":{\"@id\":\"https:\\\/\\\/radioljubuski.ba\\\/index.php\\\/2021\\\/11\\\/10\\\/hrvatska-nabavlja-dva-nova-lijeka-protiv-korone\\\/#breadcrumb\"},\"inLanguage\":\"hr\",\"potentialAction\":[{\"@type\":\"ReadAction\",\"target\":[\"https:\\\/\\\/radioljubuski.ba\\\/index.php\\\/2021\\\/11\\\/10\\\/hrvatska-nabavlja-dva-nova-lijeka-protiv-korone\\\/\"]}]},{\"@type\":\"ImageObject\",\"inLanguage\":\"hr\",\"@id\":\"https:\\\/\\\/radioljubuski.ba\\\/index.php\\\/2021\\\/11\\\/10\\\/hrvatska-nabavlja-dva-nova-lijeka-protiv-korone\\\/#primaryimage\",\"url\":\"https:\\\/\\\/radioljubuski.ba\\\/wp-content\\\/uploads\\\/2021\\\/11\\\/2-2021-10-19-12-56-26-lijek.jpg\",\"contentUrl\":\"https:\\\/\\\/radioljubuski.ba\\\/wp-content\\\/uploads\\\/2021\\\/11\\\/2-2021-10-19-12-56-26-lijek.jpg\",\"width\":1000,\"height\":625},{\"@type\":\"BreadcrumbList\",\"@id\":\"https:\\\/\\\/radioljubuski.ba\\\/index.php\\\/2021\\\/11\\\/10\\\/hrvatska-nabavlja-dva-nova-lijeka-protiv-korone\\\/#breadcrumb\",\"itemListElement\":[{\"@type\":\"ListItem\",\"position\":1,\"name\":\"Po\u010detna stranica\",\"item\":\"https:\\\/\\\/radioljubuski.ba\\\/\"},{\"@type\":\"ListItem\",\"position\":2,\"name\":\"Hrvatska nabavlja dva nova lijeka protiv korone\"}]},{\"@type\":\"WebSite\",\"@id\":\"https:\\\/\\\/radioljubuski.ba\\\/#website\",\"url\":\"https:\\\/\\\/radioljubuski.ba\\\/\",\"name\":\"Radio Ljubu\u0161ki\",\"description\":\"Sun\u010dana frekvencija Hercegovine\",\"publisher\":{\"@id\":\"https:\\\/\\\/radioljubuski.ba\\\/#organization\"},\"potentialAction\":[{\"@type\":\"SearchAction\",\"target\":{\"@type\":\"EntryPoint\",\"urlTemplate\":\"https:\\\/\\\/radioljubuski.ba\\\/?s={search_term_string}\"},\"query-input\":{\"@type\":\"PropertyValueSpecification\",\"valueRequired\":true,\"valueName\":\"search_term_string\"}}],\"inLanguage\":\"hr\"},{\"@type\":\"Organization\",\"@id\":\"https:\\\/\\\/radioljubuski.ba\\\/#organization\",\"name\":\"Radio Ljubu\u0161ki\",\"url\":\"https:\\\/\\\/radioljubuski.ba\\\/\",\"logo\":{\"@type\":\"ImageObject\",\"inLanguage\":\"hr\",\"@id\":\"https:\\\/\\\/radioljubuski.ba\\\/#\\\/schema\\\/logo\\\/image\\\/\",\"url\":\"https:\\\/\\\/radioljubuski.ba\\\/wp-content\\\/uploads\\\/2021\\\/02\\\/cropped-Radio_Ljubuski_logo1.jpg\",\"contentUrl\":\"https:\\\/\\\/radioljubuski.ba\\\/wp-content\\\/uploads\\\/2021\\\/02\\\/cropped-Radio_Ljubuski_logo1.jpg\",\"width\":512,\"height\":512,\"caption\":\"Radio Ljubu\u0161ki\"},\"image\":{\"@id\":\"https:\\\/\\\/radioljubuski.ba\\\/#\\\/schema\\\/logo\\\/image\\\/\"},\"sameAs\":[\"https:\\\/\\\/www.facebook.com\\\/Radiio-Ljubuski-1490835324566332\",\"https:\\\/\\\/x.com\\\/radioljubuski\",\"https:\\\/\\\/hr.linkedin.com\\\/company\\\/radio-ljubuski\",\"https:\\\/\\\/www.youtube.com\\\/channel\\\/UCHYaeO_n0Db3tjNGudGpXyw\"]},{\"@type\":\"Person\",\"@id\":\"https:\\\/\\\/radioljubuski.ba\\\/#\\\/schema\\\/person\\\/19fc700381a780f69665d7956c469e3b\",\"name\":\"Radio Ljubu\u0161ki\"}]}<\/script>\n<!-- \/ Yoast SEO plugin. -->","yoast_head_json":{"title":"Hrvatska nabavlja dva nova lijeka protiv korone - RADIO LJUBU\u0160KI","robots":{"index":"index","follow":"follow","max-snippet":"max-snippet:-1","max-image-preview":"max-image-preview:large","max-video-preview":"max-video-preview:-1"},"canonical":"https:\/\/radioljubuski.ba\/index.php\/2021\/11\/10\/hrvatska-nabavlja-dva-nova-lijeka-protiv-korone\/","og_locale":"hr_HR","og_type":"article","og_title":"Hrvatska nabavlja dva nova lijeka protiv korone - RADIO LJUBU\u0160KI","og_description":"Hrvatska zajedno s ostalim \u010dlanicama Europske unije sudjeluje u razgovoru o zajedni\u010dkoj javnoj nabavi dvaju novih lijekova protiv covid-19 bolesti, pi\u0161e u srijedu Ve\u010dernji list. \u201cPridru\u017eili smo se javnoj nabavi EK kako bismo adekvatno mogli lije\u010diti na\u0161e bolesnike. Stru\u010dno povjerenstvo odredit \u0107e koli\u010dine pojedinog lijeka koje \u0107emo naru\u010diti za Hrvatsku\u201d, potvrdio je ministar zdravstva Vili [&hellip;]","og_url":"https:\/\/radioljubuski.ba\/index.php\/2021\/11\/10\/hrvatska-nabavlja-dva-nova-lijeka-protiv-korone\/","og_site_name":"RADIO LJUBU\u0160KI","article_publisher":"https:\/\/www.facebook.com\/Radiio-Ljubuski-1490835324566332","article_published_time":"2021-11-10T10:27:26+00:00","article_modified_time":"2021-11-10T10:27:27+00:00","og_image":[{"width":1000,"height":625,"url":"https:\/\/radioljubuski.ba\/wp-content\/uploads\/2021\/11\/2-2021-10-19-12-56-26-lijek.jpg","type":"image\/jpeg"}],"author":"Radio Ljubu\u0161ki","twitter_card":"summary_large_image","twitter_creator":"@radioljubuski","twitter_site":"@radioljubuski","twitter_misc":{"Napisao\/la":"Radio Ljubu\u0161ki","Procijenjeno vrijeme \u010ditanja":"2 minute"},"schema":{"@context":"https:\/\/schema.org","@graph":[{"@type":"Article","@id":"https:\/\/radioljubuski.ba\/index.php\/2021\/11\/10\/hrvatska-nabavlja-dva-nova-lijeka-protiv-korone\/#article","isPartOf":{"@id":"https:\/\/radioljubuski.ba\/index.php\/2021\/11\/10\/hrvatska-nabavlja-dva-nova-lijeka-protiv-korone\/"},"author":{"name":"Radio Ljubu\u0161ki","@id":"https:\/\/radioljubuski.ba\/#\/schema\/person\/19fc700381a780f69665d7956c469e3b"},"headline":"Hrvatska nabavlja dva nova lijeka protiv korone","datePublished":"2021-11-10T10:27:26+00:00","dateModified":"2021-11-10T10:27:27+00:00","mainEntityOfPage":{"@id":"https:\/\/radioljubuski.ba\/index.php\/2021\/11\/10\/hrvatska-nabavlja-dva-nova-lijeka-protiv-korone\/"},"wordCount":388,"publisher":{"@id":"https:\/\/radioljubuski.ba\/#organization"},"image":{"@id":"https:\/\/radioljubuski.ba\/index.php\/2021\/11\/10\/hrvatska-nabavlja-dva-nova-lijeka-protiv-korone\/#primaryimage"},"thumbnailUrl":"https:\/\/radioljubuski.ba\/wp-content\/uploads\/2021\/11\/2-2021-10-19-12-56-26-lijek.jpg","articleSection":["BIH i regija"],"inLanguage":"hr"},{"@type":"WebPage","@id":"https:\/\/radioljubuski.ba\/index.php\/2021\/11\/10\/hrvatska-nabavlja-dva-nova-lijeka-protiv-korone\/","url":"https:\/\/radioljubuski.ba\/index.php\/2021\/11\/10\/hrvatska-nabavlja-dva-nova-lijeka-protiv-korone\/","name":"Hrvatska nabavlja dva nova lijeka protiv korone - RADIO LJUBU\u0160KI","isPartOf":{"@id":"https:\/\/radioljubuski.ba\/#website"},"primaryImageOfPage":{"@id":"https:\/\/radioljubuski.ba\/index.php\/2021\/11\/10\/hrvatska-nabavlja-dva-nova-lijeka-protiv-korone\/#primaryimage"},"image":{"@id":"https:\/\/radioljubuski.ba\/index.php\/2021\/11\/10\/hrvatska-nabavlja-dva-nova-lijeka-protiv-korone\/#primaryimage"},"thumbnailUrl":"https:\/\/radioljubuski.ba\/wp-content\/uploads\/2021\/11\/2-2021-10-19-12-56-26-lijek.jpg","datePublished":"2021-11-10T10:27:26+00:00","dateModified":"2021-11-10T10:27:27+00:00","breadcrumb":{"@id":"https:\/\/radioljubuski.ba\/index.php\/2021\/11\/10\/hrvatska-nabavlja-dva-nova-lijeka-protiv-korone\/#breadcrumb"},"inLanguage":"hr","potentialAction":[{"@type":"ReadAction","target":["https:\/\/radioljubuski.ba\/index.php\/2021\/11\/10\/hrvatska-nabavlja-dva-nova-lijeka-protiv-korone\/"]}]},{"@type":"ImageObject","inLanguage":"hr","@id":"https:\/\/radioljubuski.ba\/index.php\/2021\/11\/10\/hrvatska-nabavlja-dva-nova-lijeka-protiv-korone\/#primaryimage","url":"https:\/\/radioljubuski.ba\/wp-content\/uploads\/2021\/11\/2-2021-10-19-12-56-26-lijek.jpg","contentUrl":"https:\/\/radioljubuski.ba\/wp-content\/uploads\/2021\/11\/2-2021-10-19-12-56-26-lijek.jpg","width":1000,"height":625},{"@type":"BreadcrumbList","@id":"https:\/\/radioljubuski.ba\/index.php\/2021\/11\/10\/hrvatska-nabavlja-dva-nova-lijeka-protiv-korone\/#breadcrumb","itemListElement":[{"@type":"ListItem","position":1,"name":"Po\u010detna stranica","item":"https:\/\/radioljubuski.ba\/"},{"@type":"ListItem","position":2,"name":"Hrvatska nabavlja dva nova lijeka protiv korone"}]},{"@type":"WebSite","@id":"https:\/\/radioljubuski.ba\/#website","url":"https:\/\/radioljubuski.ba\/","name":"Radio Ljubu\u0161ki","description":"Sun\u010dana frekvencija Hercegovine","publisher":{"@id":"https:\/\/radioljubuski.ba\/#organization"},"potentialAction":[{"@type":"SearchAction","target":{"@type":"EntryPoint","urlTemplate":"https:\/\/radioljubuski.ba\/?s={search_term_string}"},"query-input":{"@type":"PropertyValueSpecification","valueRequired":true,"valueName":"search_term_string"}}],"inLanguage":"hr"},{"@type":"Organization","@id":"https:\/\/radioljubuski.ba\/#organization","name":"Radio Ljubu\u0161ki","url":"https:\/\/radioljubuski.ba\/","logo":{"@type":"ImageObject","inLanguage":"hr","@id":"https:\/\/radioljubuski.ba\/#\/schema\/logo\/image\/","url":"https:\/\/radioljubuski.ba\/wp-content\/uploads\/2021\/02\/cropped-Radio_Ljubuski_logo1.jpg","contentUrl":"https:\/\/radioljubuski.ba\/wp-content\/uploads\/2021\/02\/cropped-Radio_Ljubuski_logo1.jpg","width":512,"height":512,"caption":"Radio Ljubu\u0161ki"},"image":{"@id":"https:\/\/radioljubuski.ba\/#\/schema\/logo\/image\/"},"sameAs":["https:\/\/www.facebook.com\/Radiio-Ljubuski-1490835324566332","https:\/\/x.com\/radioljubuski","https:\/\/hr.linkedin.com\/company\/radio-ljubuski","https:\/\/www.youtube.com\/channel\/UCHYaeO_n0Db3tjNGudGpXyw"]},{"@type":"Person","@id":"https:\/\/radioljubuski.ba\/#\/schema\/person\/19fc700381a780f69665d7956c469e3b","name":"Radio Ljubu\u0161ki"}]}},"_links":{"self":[{"href":"https:\/\/radioljubuski.ba\/index.php\/wp-json\/wp\/v2\/posts\/87072","targetHints":{"allow":["GET"]}}],"collection":[{"href":"https:\/\/radioljubuski.ba\/index.php\/wp-json\/wp\/v2\/posts"}],"about":[{"href":"https:\/\/radioljubuski.ba\/index.php\/wp-json\/wp\/v2\/types\/post"}],"author":[{"embeddable":true,"href":"https:\/\/radioljubuski.ba\/index.php\/wp-json\/wp\/v2\/users\/2"}],"replies":[{"embeddable":true,"href":"https:\/\/radioljubuski.ba\/index.php\/wp-json\/wp\/v2\/comments?post=87072"}],"version-history":[{"count":1,"href":"https:\/\/radioljubuski.ba\/index.php\/wp-json\/wp\/v2\/posts\/87072\/revisions"}],"predecessor-version":[{"id":87074,"href":"https:\/\/radioljubuski.ba\/index.php\/wp-json\/wp\/v2\/posts\/87072\/revisions\/87074"}],"wp:featuredmedia":[{"embeddable":true,"href":"https:\/\/radioljubuski.ba\/index.php\/wp-json\/wp\/v2\/media\/87073"}],"wp:attachment":[{"href":"https:\/\/radioljubuski.ba\/index.php\/wp-json\/wp\/v2\/media?parent=87072"}],"wp:term":[{"taxonomy":"category","embeddable":true,"href":"https:\/\/radioljubuski.ba\/index.php\/wp-json\/wp\/v2\/categories?post=87072"},{"taxonomy":"post_tag","embeddable":true,"href":"https:\/\/radioljubuski.ba\/index.php\/wp-json\/wp\/v2\/tags?post=87072"}],"curies":[{"name":"wp","href":"https:\/\/api.w.org\/{rel}","templated":true}]}}