{"id":87077,"date":"2021-11-10T11:29:23","date_gmt":"2021-11-10T10:29:23","guid":{"rendered":"https:\/\/radioljubuski.ba\/?p=87077"},"modified":"2021-11-10T11:29:24","modified_gmt":"2021-11-10T10:29:24","slug":"nagli-skok-u-bh-bolnici-u-protekla-24-sata-umrlo-sest-oboljelih-od-koronavirusa","status":"publish","type":"post","link":"https:\/\/radioljubuski.ba\/index.php\/2021\/11\/10\/nagli-skok-u-bh-bolnici-u-protekla-24-sata-umrlo-sest-oboljelih-od-koronavirusa\/","title":{"rendered":"Nagli skok: U bh. bolnici u protekla 24 sata umrlo \u0161est oboljelih od koronavirusa"},"content":{"rendered":"\n<p>\u017dupanijska bolnica Zenica (\u017dBZ) trenutno ima 68 hospitaliziranih na &nbsp;Odjelu za Covid, a u protekla 24 sata preminulo je \u0161est pacijenata oboljelih od koronavirusa &#8211; potvrdio je Feni direktor KBZ-a Rasim Skomorac.<\/p>\n\n\n\n<p>-Od ukupnog broja hospitaliziranih, njih 14 su smje\u0161teni na Intenzivnom odjelu za Covid, a 11 pacijenata priklju\u010deni su na respirator. Preostalih troje su na kisiku. Ina\u010de u posljednjih sedam dana bilje\u017eimo veliko pove\u0107anje broja hospitaliziranih &#8211; isti\u010de Skomorac.<\/p>\n\n\n\n<p>Napominje kako su jo\u0161 na po\u010detku mjeseca prosje\u010dno imali 30-40 hospitaliziranih, dok ih je sada na dnevnom nivou izme\u0111u 70 i 80.<\/p>\n\n\n\n<p>-Duplo ve\u0107i broj pacijenata pristi\u017ee nam unazad sedam dana. Dnevno primamo izme\u0111u 10 i 15 novih pacijenata, od kojih je oko 98 posto necijepljenih. Takav je postotak i broja preminulih necijepljenih pacijenata. Velika su ve\u0107ina necijepljeni &#8211; podvla\u010di Skomorac.<\/p>\n\n\n\n<p>\u017dBZ, isti\u010de, usprkos poplavljenim postrojenima kompanije \u201eMesser\u201c u Sarajevu, nije imao problema sa opskrbom kisikom. Skomorac dodaje kako su u stalnoj komunikaciji s \u201eMesserom\u201c te da ne o\u010dekuju da \u0107e ni u narednom periodu imati problema s nabavkom medicinskog kisika.<\/p>\n\n\n\n<p>Direktor Op\u0107e bolnice Te\u0161anj (OBT) Omer Bedak isti\u010de da ni oni nemaju problema s nabavkom kisika, mada su proteklog vikenda bili upozoreni da bi moglo biti problema s isporukom.<\/p>\n\n\n\n<p>-Uspjeli smo izdr\u017eati s koli\u010dinama koje smo imali. Ina\u010de, mi, sada, za razliku od KBZ-a, imamo ne\u0161to manje hospitaliziranih pacijenata, jer je ovaj val krenuo od sjevera prema jugu \u017eupanije. Mi, trenutno, imamo oko 30 hospitaliziranih pacijenata, od kojih je ve\u0107ina na kisiku. Nemamo respiratorni centar pa najte\u017ee slu\u010dajeve \u0161aljemo za Zenicu &#8211; napominje Bedak.<\/p>\n\n\n\n<p>Pove\u0107an je, ka\u017ee, broj hospitaliziranih koji su i cijepljeni. Trenutno ih je 4-5, ali ih je ve\u0107ina sa samo jednom dozom.<\/p>\n\n\n\n<p>-Specifi\u010dno je da smo ju\u010der imali pove\u0107an broj pacijenata koji su bili upu\u0107eni u na\u0161u Covid ambulantu. Takvih je bilo ukupno 17, a realizirana su dva prijema &#8211; isti\u010de Bedak, koji dodaje kako stanje ostalih pacijenata nije zahtijevalo hospitalizaciju.<\/p>\n\n\n\n<p>OBT u posljednja 24 sata nije imala preminulih pacijenata.<\/p>\n\n\n\n<p>Izvor:pogled.ba<\/p>\n","protected":false},"excerpt":{"rendered":"<p>\u017dupanijska bolnica Zenica (\u017dBZ) trenutno ima 68 hospitaliziranih na &nbsp;Odjelu za Covid, a u protekla 24 sata preminulo je \u0161est pacijenata oboljelih od koronavirusa &#8211; potvrdio je Feni direktor KBZ-a Rasim Skomorac. -Od ukupnog broja hospitaliziranih, njih 14 su smje\u0161teni na Intenzivnom odjelu za Covid, a 11 pacijenata priklju\u010deni su na respirator. Preostalih troje su [&hellip;]<\/p>\n","protected":false},"author":2,"featured_media":87078,"comment_status":"closed","ping_status":"closed","sticky":false,"template":"","format":"standard","meta":{"h5ap_radio_sources":[],"footnotes":""},"categories":[1],"tags":[],"class_list":["post-87077","post","type-post","status-publish","format-standard","has-post-thumbnail","hentry","category-bihiregija"],"yoast_head":"<!-- This site is optimized with the Yoast SEO plugin v27.5 - https:\/\/yoast.com\/product\/yoast-seo-wordpress\/ -->\n<title>Nagli skok: U bh. bolnici u protekla 24 sata umrlo \u0161est oboljelih od koronavirusa - RADIO LJUBU\u0160KI<\/title>\n<meta name=\"robots\" content=\"index, follow, max-snippet:-1, max-image-preview:large, max-video-preview:-1\" \/>\n<link rel=\"canonical\" href=\"https:\/\/radioljubuski.ba\/index.php\/2021\/11\/10\/nagli-skok-u-bh-bolnici-u-protekla-24-sata-umrlo-sest-oboljelih-od-koronavirusa\/\" \/>\n<meta property=\"og:locale\" content=\"hr_HR\" \/>\n<meta property=\"og:type\" content=\"article\" \/>\n<meta property=\"og:title\" content=\"Nagli skok: U bh. bolnici u protekla 24 sata umrlo \u0161est oboljelih od koronavirusa - RADIO LJUBU\u0160KI\" \/>\n<meta property=\"og:description\" content=\"\u017dupanijska bolnica Zenica (\u017dBZ) trenutno ima 68 hospitaliziranih na &nbsp;Odjelu za Covid, a u protekla 24 sata preminulo je \u0161est pacijenata oboljelih od koronavirusa &#8211; potvrdio je Feni direktor KBZ-a Rasim Skomorac. -Od ukupnog broja hospitaliziranih, njih 14 su smje\u0161teni na Intenzivnom odjelu za Covid, a 11 pacijenata priklju\u010deni su na respirator. Preostalih troje su [&hellip;]\" \/>\n<meta property=\"og:url\" content=\"https:\/\/radioljubuski.ba\/index.php\/2021\/11\/10\/nagli-skok-u-bh-bolnici-u-protekla-24-sata-umrlo-sest-oboljelih-od-koronavirusa\/\" \/>\n<meta property=\"og:site_name\" content=\"RADIO LJUBU\u0160KI\" \/>\n<meta property=\"article:publisher\" content=\"https:\/\/www.facebook.com\/Radiio-Ljubuski-1490835324566332\" \/>\n<meta property=\"article:published_time\" content=\"2021-11-10T10:29:23+00:00\" \/>\n<meta property=\"article:modified_time\" content=\"2021-11-10T10:29:24+00:00\" \/>\n<meta property=\"og:image\" content=\"https:\/\/radioljubuski.ba\/wp-content\/uploads\/2021\/11\/8-2021-11-10-09-52-18-ZENICA-BOLNICA.jpg\" \/>\n\t<meta property=\"og:image:width\" content=\"1000\" \/>\n\t<meta property=\"og:image:height\" content=\"625\" \/>\n\t<meta property=\"og:image:type\" content=\"image\/jpeg\" \/>\n<meta name=\"author\" content=\"Radio Ljubu\u0161ki\" \/>\n<meta name=\"twitter:card\" content=\"summary_large_image\" \/>\n<meta name=\"twitter:creator\" content=\"@radioljubuski\" \/>\n<meta name=\"twitter:site\" content=\"@radioljubuski\" \/>\n<meta name=\"twitter:label1\" content=\"Napisao\/la\" \/>\n\t<meta name=\"twitter:data1\" content=\"Radio Ljubu\u0161ki\" \/>\n\t<meta name=\"twitter:label2\" content=\"Procijenjeno vrijeme \u010ditanja\" \/>\n\t<meta name=\"twitter:data2\" content=\"2 minute\" \/>\n<script type=\"application\/ld+json\" class=\"yoast-schema-graph\">{\"@context\":\"https:\\\/\\\/schema.org\",\"@graph\":[{\"@type\":\"Article\",\"@id\":\"https:\\\/\\\/radioljubuski.ba\\\/index.php\\\/2021\\\/11\\\/10\\\/nagli-skok-u-bh-bolnici-u-protekla-24-sata-umrlo-sest-oboljelih-od-koronavirusa\\\/#article\",\"isPartOf\":{\"@id\":\"https:\\\/\\\/radioljubuski.ba\\\/index.php\\\/2021\\\/11\\\/10\\\/nagli-skok-u-bh-bolnici-u-protekla-24-sata-umrlo-sest-oboljelih-od-koronavirusa\\\/\"},\"author\":{\"name\":\"Radio Ljubu\u0161ki\",\"@id\":\"https:\\\/\\\/radioljubuski.ba\\\/#\\\/schema\\\/person\\\/19fc700381a780f69665d7956c469e3b\"},\"headline\":\"Nagli skok: U bh. bolnici u protekla 24 sata umrlo \u0161est oboljelih od koronavirusa\",\"datePublished\":\"2021-11-10T10:29:23+00:00\",\"dateModified\":\"2021-11-10T10:29:24+00:00\",\"mainEntityOfPage\":{\"@id\":\"https:\\\/\\\/radioljubuski.ba\\\/index.php\\\/2021\\\/11\\\/10\\\/nagli-skok-u-bh-bolnici-u-protekla-24-sata-umrlo-sest-oboljelih-od-koronavirusa\\\/\"},\"wordCount\":364,\"publisher\":{\"@id\":\"https:\\\/\\\/radioljubuski.ba\\\/#organization\"},\"image\":{\"@id\":\"https:\\\/\\\/radioljubuski.ba\\\/index.php\\\/2021\\\/11\\\/10\\\/nagli-skok-u-bh-bolnici-u-protekla-24-sata-umrlo-sest-oboljelih-od-koronavirusa\\\/#primaryimage\"},\"thumbnailUrl\":\"https:\\\/\\\/radioljubuski.ba\\\/wp-content\\\/uploads\\\/2021\\\/11\\\/8-2021-11-10-09-52-18-ZENICA-BOLNICA.jpg\",\"articleSection\":[\"BIH i regija\"],\"inLanguage\":\"hr\"},{\"@type\":\"WebPage\",\"@id\":\"https:\\\/\\\/radioljubuski.ba\\\/index.php\\\/2021\\\/11\\\/10\\\/nagli-skok-u-bh-bolnici-u-protekla-24-sata-umrlo-sest-oboljelih-od-koronavirusa\\\/\",\"url\":\"https:\\\/\\\/radioljubuski.ba\\\/index.php\\\/2021\\\/11\\\/10\\\/nagli-skok-u-bh-bolnici-u-protekla-24-sata-umrlo-sest-oboljelih-od-koronavirusa\\\/\",\"name\":\"Nagli skok: U bh. bolnici u protekla 24 sata umrlo \u0161est oboljelih od koronavirusa - RADIO LJUBU\u0160KI\",\"isPartOf\":{\"@id\":\"https:\\\/\\\/radioljubuski.ba\\\/#website\"},\"primaryImageOfPage\":{\"@id\":\"https:\\\/\\\/radioljubuski.ba\\\/index.php\\\/2021\\\/11\\\/10\\\/nagli-skok-u-bh-bolnici-u-protekla-24-sata-umrlo-sest-oboljelih-od-koronavirusa\\\/#primaryimage\"},\"image\":{\"@id\":\"https:\\\/\\\/radioljubuski.ba\\\/index.php\\\/2021\\\/11\\\/10\\\/nagli-skok-u-bh-bolnici-u-protekla-24-sata-umrlo-sest-oboljelih-od-koronavirusa\\\/#primaryimage\"},\"thumbnailUrl\":\"https:\\\/\\\/radioljubuski.ba\\\/wp-content\\\/uploads\\\/2021\\\/11\\\/8-2021-11-10-09-52-18-ZENICA-BOLNICA.jpg\",\"datePublished\":\"2021-11-10T10:29:23+00:00\",\"dateModified\":\"2021-11-10T10:29:24+00:00\",\"breadcrumb\":{\"@id\":\"https:\\\/\\\/radioljubuski.ba\\\/index.php\\\/2021\\\/11\\\/10\\\/nagli-skok-u-bh-bolnici-u-protekla-24-sata-umrlo-sest-oboljelih-od-koronavirusa\\\/#breadcrumb\"},\"inLanguage\":\"hr\",\"potentialAction\":[{\"@type\":\"ReadAction\",\"target\":[\"https:\\\/\\\/radioljubuski.ba\\\/index.php\\\/2021\\\/11\\\/10\\\/nagli-skok-u-bh-bolnici-u-protekla-24-sata-umrlo-sest-oboljelih-od-koronavirusa\\\/\"]}]},{\"@type\":\"ImageObject\",\"inLanguage\":\"hr\",\"@id\":\"https:\\\/\\\/radioljubuski.ba\\\/index.php\\\/2021\\\/11\\\/10\\\/nagli-skok-u-bh-bolnici-u-protekla-24-sata-umrlo-sest-oboljelih-od-koronavirusa\\\/#primaryimage\",\"url\":\"https:\\\/\\\/radioljubuski.ba\\\/wp-content\\\/uploads\\\/2021\\\/11\\\/8-2021-11-10-09-52-18-ZENICA-BOLNICA.jpg\",\"contentUrl\":\"https:\\\/\\\/radioljubuski.ba\\\/wp-content\\\/uploads\\\/2021\\\/11\\\/8-2021-11-10-09-52-18-ZENICA-BOLNICA.jpg\",\"width\":1000,\"height\":625},{\"@type\":\"BreadcrumbList\",\"@id\":\"https:\\\/\\\/radioljubuski.ba\\\/index.php\\\/2021\\\/11\\\/10\\\/nagli-skok-u-bh-bolnici-u-protekla-24-sata-umrlo-sest-oboljelih-od-koronavirusa\\\/#breadcrumb\",\"itemListElement\":[{\"@type\":\"ListItem\",\"position\":1,\"name\":\"Po\u010detna stranica\",\"item\":\"https:\\\/\\\/radioljubuski.ba\\\/\"},{\"@type\":\"ListItem\",\"position\":2,\"name\":\"Nagli skok: U bh. bolnici u protekla 24 sata umrlo \u0161est oboljelih od koronavirusa\"}]},{\"@type\":\"WebSite\",\"@id\":\"https:\\\/\\\/radioljubuski.ba\\\/#website\",\"url\":\"https:\\\/\\\/radioljubuski.ba\\\/\",\"name\":\"Radio Ljubu\u0161ki\",\"description\":\"Sun\u010dana frekvencija Hercegovine\",\"publisher\":{\"@id\":\"https:\\\/\\\/radioljubuski.ba\\\/#organization\"},\"potentialAction\":[{\"@type\":\"SearchAction\",\"target\":{\"@type\":\"EntryPoint\",\"urlTemplate\":\"https:\\\/\\\/radioljubuski.ba\\\/?s={search_term_string}\"},\"query-input\":{\"@type\":\"PropertyValueSpecification\",\"valueRequired\":true,\"valueName\":\"search_term_string\"}}],\"inLanguage\":\"hr\"},{\"@type\":\"Organization\",\"@id\":\"https:\\\/\\\/radioljubuski.ba\\\/#organization\",\"name\":\"Radio Ljubu\u0161ki\",\"url\":\"https:\\\/\\\/radioljubuski.ba\\\/\",\"logo\":{\"@type\":\"ImageObject\",\"inLanguage\":\"hr\",\"@id\":\"https:\\\/\\\/radioljubuski.ba\\\/#\\\/schema\\\/logo\\\/image\\\/\",\"url\":\"https:\\\/\\\/radioljubuski.ba\\\/wp-content\\\/uploads\\\/2021\\\/02\\\/cropped-Radio_Ljubuski_logo1.jpg\",\"contentUrl\":\"https:\\\/\\\/radioljubuski.ba\\\/wp-content\\\/uploads\\\/2021\\\/02\\\/cropped-Radio_Ljubuski_logo1.jpg\",\"width\":512,\"height\":512,\"caption\":\"Radio Ljubu\u0161ki\"},\"image\":{\"@id\":\"https:\\\/\\\/radioljubuski.ba\\\/#\\\/schema\\\/logo\\\/image\\\/\"},\"sameAs\":[\"https:\\\/\\\/www.facebook.com\\\/Radiio-Ljubuski-1490835324566332\",\"https:\\\/\\\/x.com\\\/radioljubuski\",\"https:\\\/\\\/hr.linkedin.com\\\/company\\\/radio-ljubuski\",\"https:\\\/\\\/www.youtube.com\\\/channel\\\/UCHYaeO_n0Db3tjNGudGpXyw\"]},{\"@type\":\"Person\",\"@id\":\"https:\\\/\\\/radioljubuski.ba\\\/#\\\/schema\\\/person\\\/19fc700381a780f69665d7956c469e3b\",\"name\":\"Radio Ljubu\u0161ki\"}]}<\/script>\n<!-- \/ Yoast SEO plugin. -->","yoast_head_json":{"title":"Nagli skok: U bh. bolnici u protekla 24 sata umrlo \u0161est oboljelih od koronavirusa - RADIO LJUBU\u0160KI","robots":{"index":"index","follow":"follow","max-snippet":"max-snippet:-1","max-image-preview":"max-image-preview:large","max-video-preview":"max-video-preview:-1"},"canonical":"https:\/\/radioljubuski.ba\/index.php\/2021\/11\/10\/nagli-skok-u-bh-bolnici-u-protekla-24-sata-umrlo-sest-oboljelih-od-koronavirusa\/","og_locale":"hr_HR","og_type":"article","og_title":"Nagli skok: U bh. bolnici u protekla 24 sata umrlo \u0161est oboljelih od koronavirusa - RADIO LJUBU\u0160KI","og_description":"\u017dupanijska bolnica Zenica (\u017dBZ) trenutno ima 68 hospitaliziranih na &nbsp;Odjelu za Covid, a u protekla 24 sata preminulo je \u0161est pacijenata oboljelih od koronavirusa &#8211; potvrdio je Feni direktor KBZ-a Rasim Skomorac. -Od ukupnog broja hospitaliziranih, njih 14 su smje\u0161teni na Intenzivnom odjelu za Covid, a 11 pacijenata priklju\u010deni su na respirator. Preostalih troje su [&hellip;]","og_url":"https:\/\/radioljubuski.ba\/index.php\/2021\/11\/10\/nagli-skok-u-bh-bolnici-u-protekla-24-sata-umrlo-sest-oboljelih-od-koronavirusa\/","og_site_name":"RADIO LJUBU\u0160KI","article_publisher":"https:\/\/www.facebook.com\/Radiio-Ljubuski-1490835324566332","article_published_time":"2021-11-10T10:29:23+00:00","article_modified_time":"2021-11-10T10:29:24+00:00","og_image":[{"width":1000,"height":625,"url":"https:\/\/radioljubuski.ba\/wp-content\/uploads\/2021\/11\/8-2021-11-10-09-52-18-ZENICA-BOLNICA.jpg","type":"image\/jpeg"}],"author":"Radio Ljubu\u0161ki","twitter_card":"summary_large_image","twitter_creator":"@radioljubuski","twitter_site":"@radioljubuski","twitter_misc":{"Napisao\/la":"Radio Ljubu\u0161ki","Procijenjeno vrijeme \u010ditanja":"2 minute"},"schema":{"@context":"https:\/\/schema.org","@graph":[{"@type":"Article","@id":"https:\/\/radioljubuski.ba\/index.php\/2021\/11\/10\/nagli-skok-u-bh-bolnici-u-protekla-24-sata-umrlo-sest-oboljelih-od-koronavirusa\/#article","isPartOf":{"@id":"https:\/\/radioljubuski.ba\/index.php\/2021\/11\/10\/nagli-skok-u-bh-bolnici-u-protekla-24-sata-umrlo-sest-oboljelih-od-koronavirusa\/"},"author":{"name":"Radio Ljubu\u0161ki","@id":"https:\/\/radioljubuski.ba\/#\/schema\/person\/19fc700381a780f69665d7956c469e3b"},"headline":"Nagli skok: U bh. bolnici u protekla 24 sata umrlo \u0161est oboljelih od koronavirusa","datePublished":"2021-11-10T10:29:23+00:00","dateModified":"2021-11-10T10:29:24+00:00","mainEntityOfPage":{"@id":"https:\/\/radioljubuski.ba\/index.php\/2021\/11\/10\/nagli-skok-u-bh-bolnici-u-protekla-24-sata-umrlo-sest-oboljelih-od-koronavirusa\/"},"wordCount":364,"publisher":{"@id":"https:\/\/radioljubuski.ba\/#organization"},"image":{"@id":"https:\/\/radioljubuski.ba\/index.php\/2021\/11\/10\/nagli-skok-u-bh-bolnici-u-protekla-24-sata-umrlo-sest-oboljelih-od-koronavirusa\/#primaryimage"},"thumbnailUrl":"https:\/\/radioljubuski.ba\/wp-content\/uploads\/2021\/11\/8-2021-11-10-09-52-18-ZENICA-BOLNICA.jpg","articleSection":["BIH i regija"],"inLanguage":"hr"},{"@type":"WebPage","@id":"https:\/\/radioljubuski.ba\/index.php\/2021\/11\/10\/nagli-skok-u-bh-bolnici-u-protekla-24-sata-umrlo-sest-oboljelih-od-koronavirusa\/","url":"https:\/\/radioljubuski.ba\/index.php\/2021\/11\/10\/nagli-skok-u-bh-bolnici-u-protekla-24-sata-umrlo-sest-oboljelih-od-koronavirusa\/","name":"Nagli skok: U bh. bolnici u protekla 24 sata umrlo \u0161est oboljelih od koronavirusa - RADIO LJUBU\u0160KI","isPartOf":{"@id":"https:\/\/radioljubuski.ba\/#website"},"primaryImageOfPage":{"@id":"https:\/\/radioljubuski.ba\/index.php\/2021\/11\/10\/nagli-skok-u-bh-bolnici-u-protekla-24-sata-umrlo-sest-oboljelih-od-koronavirusa\/#primaryimage"},"image":{"@id":"https:\/\/radioljubuski.ba\/index.php\/2021\/11\/10\/nagli-skok-u-bh-bolnici-u-protekla-24-sata-umrlo-sest-oboljelih-od-koronavirusa\/#primaryimage"},"thumbnailUrl":"https:\/\/radioljubuski.ba\/wp-content\/uploads\/2021\/11\/8-2021-11-10-09-52-18-ZENICA-BOLNICA.jpg","datePublished":"2021-11-10T10:29:23+00:00","dateModified":"2021-11-10T10:29:24+00:00","breadcrumb":{"@id":"https:\/\/radioljubuski.ba\/index.php\/2021\/11\/10\/nagli-skok-u-bh-bolnici-u-protekla-24-sata-umrlo-sest-oboljelih-od-koronavirusa\/#breadcrumb"},"inLanguage":"hr","potentialAction":[{"@type":"ReadAction","target":["https:\/\/radioljubuski.ba\/index.php\/2021\/11\/10\/nagli-skok-u-bh-bolnici-u-protekla-24-sata-umrlo-sest-oboljelih-od-koronavirusa\/"]}]},{"@type":"ImageObject","inLanguage":"hr","@id":"https:\/\/radioljubuski.ba\/index.php\/2021\/11\/10\/nagli-skok-u-bh-bolnici-u-protekla-24-sata-umrlo-sest-oboljelih-od-koronavirusa\/#primaryimage","url":"https:\/\/radioljubuski.ba\/wp-content\/uploads\/2021\/11\/8-2021-11-10-09-52-18-ZENICA-BOLNICA.jpg","contentUrl":"https:\/\/radioljubuski.ba\/wp-content\/uploads\/2021\/11\/8-2021-11-10-09-52-18-ZENICA-BOLNICA.jpg","width":1000,"height":625},{"@type":"BreadcrumbList","@id":"https:\/\/radioljubuski.ba\/index.php\/2021\/11\/10\/nagli-skok-u-bh-bolnici-u-protekla-24-sata-umrlo-sest-oboljelih-od-koronavirusa\/#breadcrumb","itemListElement":[{"@type":"ListItem","position":1,"name":"Po\u010detna stranica","item":"https:\/\/radioljubuski.ba\/"},{"@type":"ListItem","position":2,"name":"Nagli skok: U bh. bolnici u protekla 24 sata umrlo \u0161est oboljelih od koronavirusa"}]},{"@type":"WebSite","@id":"https:\/\/radioljubuski.ba\/#website","url":"https:\/\/radioljubuski.ba\/","name":"Radio Ljubu\u0161ki","description":"Sun\u010dana frekvencija Hercegovine","publisher":{"@id":"https:\/\/radioljubuski.ba\/#organization"},"potentialAction":[{"@type":"SearchAction","target":{"@type":"EntryPoint","urlTemplate":"https:\/\/radioljubuski.ba\/?s={search_term_string}"},"query-input":{"@type":"PropertyValueSpecification","valueRequired":true,"valueName":"search_term_string"}}],"inLanguage":"hr"},{"@type":"Organization","@id":"https:\/\/radioljubuski.ba\/#organization","name":"Radio Ljubu\u0161ki","url":"https:\/\/radioljubuski.ba\/","logo":{"@type":"ImageObject","inLanguage":"hr","@id":"https:\/\/radioljubuski.ba\/#\/schema\/logo\/image\/","url":"https:\/\/radioljubuski.ba\/wp-content\/uploads\/2021\/02\/cropped-Radio_Ljubuski_logo1.jpg","contentUrl":"https:\/\/radioljubuski.ba\/wp-content\/uploads\/2021\/02\/cropped-Radio_Ljubuski_logo1.jpg","width":512,"height":512,"caption":"Radio Ljubu\u0161ki"},"image":{"@id":"https:\/\/radioljubuski.ba\/#\/schema\/logo\/image\/"},"sameAs":["https:\/\/www.facebook.com\/Radiio-Ljubuski-1490835324566332","https:\/\/x.com\/radioljubuski","https:\/\/hr.linkedin.com\/company\/radio-ljubuski","https:\/\/www.youtube.com\/channel\/UCHYaeO_n0Db3tjNGudGpXyw"]},{"@type":"Person","@id":"https:\/\/radioljubuski.ba\/#\/schema\/person\/19fc700381a780f69665d7956c469e3b","name":"Radio Ljubu\u0161ki"}]}},"_links":{"self":[{"href":"https:\/\/radioljubuski.ba\/index.php\/wp-json\/wp\/v2\/posts\/87077","targetHints":{"allow":["GET"]}}],"collection":[{"href":"https:\/\/radioljubuski.ba\/index.php\/wp-json\/wp\/v2\/posts"}],"about":[{"href":"https:\/\/radioljubuski.ba\/index.php\/wp-json\/wp\/v2\/types\/post"}],"author":[{"embeddable":true,"href":"https:\/\/radioljubuski.ba\/index.php\/wp-json\/wp\/v2\/users\/2"}],"replies":[{"embeddable":true,"href":"https:\/\/radioljubuski.ba\/index.php\/wp-json\/wp\/v2\/comments?post=87077"}],"version-history":[{"count":1,"href":"https:\/\/radioljubuski.ba\/index.php\/wp-json\/wp\/v2\/posts\/87077\/revisions"}],"predecessor-version":[{"id":87079,"href":"https:\/\/radioljubuski.ba\/index.php\/wp-json\/wp\/v2\/posts\/87077\/revisions\/87079"}],"wp:featuredmedia":[{"embeddable":true,"href":"https:\/\/radioljubuski.ba\/index.php\/wp-json\/wp\/v2\/media\/87078"}],"wp:attachment":[{"href":"https:\/\/radioljubuski.ba\/index.php\/wp-json\/wp\/v2\/media?parent=87077"}],"wp:term":[{"taxonomy":"category","embeddable":true,"href":"https:\/\/radioljubuski.ba\/index.php\/wp-json\/wp\/v2\/categories?post=87077"},{"taxonomy":"post_tag","embeddable":true,"href":"https:\/\/radioljubuski.ba\/index.php\/wp-json\/wp\/v2\/tags?post=87077"}],"curies":[{"name":"wp","href":"https:\/\/api.w.org\/{rel}","templated":true}]}}