{"id":87080,"date":"2021-11-10T11:31:15","date_gmt":"2021-11-10T10:31:15","guid":{"rendered":"https:\/\/radioljubuski.ba\/?p=87080"},"modified":"2021-11-10T11:31:16","modified_gmt":"2021-11-10T10:31:16","slug":"pijan-drogiran-i-bez-vozacke-vozio-automobil-za-kazne-duguje-15-750-km","status":"publish","type":"post","link":"https:\/\/radioljubuski.ba\/index.php\/2021\/11\/10\/pijan-drogiran-i-bez-vozacke-vozio-automobil-za-kazne-duguje-15-750-km\/","title":{"rendered":"Pijan, drogiran i bez voza\u010dke vozio automobil, za kazne duguje 15.750 KM"},"content":{"rendered":"\n<p>Policijski slu\u017ebenici Policijske stanice Gradi\u0161ka, sino\u0107 su oko 20.30 sati, u ulici Mihajla Petrovi\u0107a Alasa u Gradi\u0161ci, tijekom rutinske kontrole, zaustavili putni\u010dki automobil marke Audi kojim je upravljalo mu\u0161karac \u010diji su inicijali M.T. iz tog grada.<\/p>\n\n\n\n<p>Izvr\u0161enom kontrolom, utvr\u0111eno je da je navedeni upravljao neregistriranim vozilom pod utjecajem alkohola i opojnih droga, te kod sebe nije imao voza\u010dku dozvolu.<\/p>\n\n\n\n<p>Na osnovu izvr\u0161enih provjera u Registru nov\u010danih kazni utvr\u0111eno je da osoba ima dug u iznosu od 15.750 \u041aM.<\/p>\n\n\n\n<p>Policijski slu\u017ebenici su privremeno oduzeli putni\u010dki automobil, a protiv lica M.T. \u0107e biti podne\u0161en zahtjev za pokretanje prekr\u0161ajnog postupka nadle\u017enom sudu.&nbsp;<\/p>\n\n\n\n<p>Izvor:pogled.ba<\/p>\n","protected":false},"excerpt":{"rendered":"<p>Policijski slu\u017ebenici Policijske stanice Gradi\u0161ka, sino\u0107 su oko 20.30 sati, u ulici Mihajla Petrovi\u0107a Alasa u Gradi\u0161ci, tijekom rutinske kontrole, zaustavili putni\u010dki automobil marke Audi kojim je upravljalo mu\u0161karac \u010diji su inicijali M.T. iz tog grada. Izvr\u0161enom kontrolom, utvr\u0111eno je da je navedeni upravljao neregistriranim vozilom pod utjecajem alkohola i opojnih droga, te kod sebe [&hellip;]<\/p>\n","protected":false},"author":2,"featured_media":14974,"comment_status":"closed","ping_status":"closed","sticky":false,"template":"","format":"standard","meta":{"h5ap_radio_sources":[],"footnotes":""},"categories":[1],"tags":[],"class_list":["post-87080","post","type-post","status-publish","format-standard","has-post-thumbnail","hentry","category-bihiregija"],"yoast_head":"<!-- This site is optimized with the Yoast SEO plugin v27.5 - https:\/\/yoast.com\/product\/yoast-seo-wordpress\/ -->\n<title>Pijan, drogiran i bez voza\u010dke vozio automobil, za kazne duguje 15.750 KM - RADIO LJUBU\u0160KI<\/title>\n<meta name=\"robots\" content=\"index, follow, max-snippet:-1, max-image-preview:large, max-video-preview:-1\" \/>\n<link rel=\"canonical\" href=\"https:\/\/radioljubuski.ba\/index.php\/2021\/11\/10\/pijan-drogiran-i-bez-vozacke-vozio-automobil-za-kazne-duguje-15-750-km\/\" \/>\n<meta property=\"og:locale\" content=\"hr_HR\" \/>\n<meta property=\"og:type\" content=\"article\" \/>\n<meta property=\"og:title\" content=\"Pijan, drogiran i bez voza\u010dke vozio automobil, za kazne duguje 15.750 KM - RADIO LJUBU\u0160KI\" \/>\n<meta property=\"og:description\" content=\"Policijski slu\u017ebenici Policijske stanice Gradi\u0161ka, sino\u0107 su oko 20.30 sati, u ulici Mihajla Petrovi\u0107a Alasa u Gradi\u0161ci, tijekom rutinske kontrole, zaustavili putni\u010dki automobil marke Audi kojim je upravljalo mu\u0161karac \u010diji su inicijali M.T. iz tog grada. Izvr\u0161enom kontrolom, utvr\u0111eno je da je navedeni upravljao neregistriranim vozilom pod utjecajem alkohola i opojnih droga, te kod sebe [&hellip;]\" \/>\n<meta property=\"og:url\" content=\"https:\/\/radioljubuski.ba\/index.php\/2021\/11\/10\/pijan-drogiran-i-bez-vozacke-vozio-automobil-za-kazne-duguje-15-750-km\/\" \/>\n<meta property=\"og:site_name\" content=\"RADIO LJUBU\u0160KI\" \/>\n<meta property=\"article:publisher\" content=\"https:\/\/www.facebook.com\/Radiio-Ljubuski-1490835324566332\" \/>\n<meta property=\"article:published_time\" content=\"2021-11-10T10:31:15+00:00\" \/>\n<meta property=\"article:modified_time\" content=\"2021-11-10T10:31:16+00:00\" \/>\n<meta property=\"og:image\" content=\"https:\/\/radioljubuski.ba\/wp-content\/uploads\/2021\/04\/mup-zzh-policija-policajac-stop-4-810x541-1.jpg\" \/>\n\t<meta property=\"og:image:width\" content=\"810\" \/>\n\t<meta property=\"og:image:height\" content=\"541\" \/>\n\t<meta property=\"og:image:type\" content=\"image\/jpeg\" \/>\n<meta name=\"author\" content=\"Radio Ljubu\u0161ki\" \/>\n<meta name=\"twitter:card\" content=\"summary_large_image\" \/>\n<meta name=\"twitter:creator\" content=\"@radioljubuski\" \/>\n<meta name=\"twitter:site\" content=\"@radioljubuski\" \/>\n<meta name=\"twitter:label1\" content=\"Napisao\/la\" \/>\n\t<meta name=\"twitter:data1\" content=\"Radio Ljubu\u0161ki\" \/>\n\t<meta name=\"twitter:label2\" content=\"Procijenjeno vrijeme \u010ditanja\" \/>\n\t<meta name=\"twitter:data2\" content=\"1 minuta\" \/>\n<script type=\"application\/ld+json\" class=\"yoast-schema-graph\">{\"@context\":\"https:\\\/\\\/schema.org\",\"@graph\":[{\"@type\":\"Article\",\"@id\":\"https:\\\/\\\/radioljubuski.ba\\\/index.php\\\/2021\\\/11\\\/10\\\/pijan-drogiran-i-bez-vozacke-vozio-automobil-za-kazne-duguje-15-750-km\\\/#article\",\"isPartOf\":{\"@id\":\"https:\\\/\\\/radioljubuski.ba\\\/index.php\\\/2021\\\/11\\\/10\\\/pijan-drogiran-i-bez-vozacke-vozio-automobil-za-kazne-duguje-15-750-km\\\/\"},\"author\":{\"name\":\"Radio Ljubu\u0161ki\",\"@id\":\"https:\\\/\\\/radioljubuski.ba\\\/#\\\/schema\\\/person\\\/19fc700381a780f69665d7956c469e3b\"},\"headline\":\"Pijan, drogiran i bez voza\u010dke vozio automobil, za kazne duguje 15.750 KM\",\"datePublished\":\"2021-11-10T10:31:15+00:00\",\"dateModified\":\"2021-11-10T10:31:16+00:00\",\"mainEntityOfPage\":{\"@id\":\"https:\\\/\\\/radioljubuski.ba\\\/index.php\\\/2021\\\/11\\\/10\\\/pijan-drogiran-i-bez-vozacke-vozio-automobil-za-kazne-duguje-15-750-km\\\/\"},\"wordCount\":133,\"publisher\":{\"@id\":\"https:\\\/\\\/radioljubuski.ba\\\/#organization\"},\"image\":{\"@id\":\"https:\\\/\\\/radioljubuski.ba\\\/index.php\\\/2021\\\/11\\\/10\\\/pijan-drogiran-i-bez-vozacke-vozio-automobil-za-kazne-duguje-15-750-km\\\/#primaryimage\"},\"thumbnailUrl\":\"https:\\\/\\\/radioljubuski.ba\\\/wp-content\\\/uploads\\\/2021\\\/04\\\/mup-zzh-policija-policajac-stop-4-810x541-1.jpg\",\"articleSection\":[\"BIH i regija\"],\"inLanguage\":\"hr\"},{\"@type\":\"WebPage\",\"@id\":\"https:\\\/\\\/radioljubuski.ba\\\/index.php\\\/2021\\\/11\\\/10\\\/pijan-drogiran-i-bez-vozacke-vozio-automobil-za-kazne-duguje-15-750-km\\\/\",\"url\":\"https:\\\/\\\/radioljubuski.ba\\\/index.php\\\/2021\\\/11\\\/10\\\/pijan-drogiran-i-bez-vozacke-vozio-automobil-za-kazne-duguje-15-750-km\\\/\",\"name\":\"Pijan, drogiran i bez voza\u010dke vozio automobil, za kazne duguje 15.750 KM - RADIO LJUBU\u0160KI\",\"isPartOf\":{\"@id\":\"https:\\\/\\\/radioljubuski.ba\\\/#website\"},\"primaryImageOfPage\":{\"@id\":\"https:\\\/\\\/radioljubuski.ba\\\/index.php\\\/2021\\\/11\\\/10\\\/pijan-drogiran-i-bez-vozacke-vozio-automobil-za-kazne-duguje-15-750-km\\\/#primaryimage\"},\"image\":{\"@id\":\"https:\\\/\\\/radioljubuski.ba\\\/index.php\\\/2021\\\/11\\\/10\\\/pijan-drogiran-i-bez-vozacke-vozio-automobil-za-kazne-duguje-15-750-km\\\/#primaryimage\"},\"thumbnailUrl\":\"https:\\\/\\\/radioljubuski.ba\\\/wp-content\\\/uploads\\\/2021\\\/04\\\/mup-zzh-policija-policajac-stop-4-810x541-1.jpg\",\"datePublished\":\"2021-11-10T10:31:15+00:00\",\"dateModified\":\"2021-11-10T10:31:16+00:00\",\"breadcrumb\":{\"@id\":\"https:\\\/\\\/radioljubuski.ba\\\/index.php\\\/2021\\\/11\\\/10\\\/pijan-drogiran-i-bez-vozacke-vozio-automobil-za-kazne-duguje-15-750-km\\\/#breadcrumb\"},\"inLanguage\":\"hr\",\"potentialAction\":[{\"@type\":\"ReadAction\",\"target\":[\"https:\\\/\\\/radioljubuski.ba\\\/index.php\\\/2021\\\/11\\\/10\\\/pijan-drogiran-i-bez-vozacke-vozio-automobil-za-kazne-duguje-15-750-km\\\/\"]}]},{\"@type\":\"ImageObject\",\"inLanguage\":\"hr\",\"@id\":\"https:\\\/\\\/radioljubuski.ba\\\/index.php\\\/2021\\\/11\\\/10\\\/pijan-drogiran-i-bez-vozacke-vozio-automobil-za-kazne-duguje-15-750-km\\\/#primaryimage\",\"url\":\"https:\\\/\\\/radioljubuski.ba\\\/wp-content\\\/uploads\\\/2021\\\/04\\\/mup-zzh-policija-policajac-stop-4-810x541-1.jpg\",\"contentUrl\":\"https:\\\/\\\/radioljubuski.ba\\\/wp-content\\\/uploads\\\/2021\\\/04\\\/mup-zzh-policija-policajac-stop-4-810x541-1.jpg\",\"width\":810,\"height\":541},{\"@type\":\"BreadcrumbList\",\"@id\":\"https:\\\/\\\/radioljubuski.ba\\\/index.php\\\/2021\\\/11\\\/10\\\/pijan-drogiran-i-bez-vozacke-vozio-automobil-za-kazne-duguje-15-750-km\\\/#breadcrumb\",\"itemListElement\":[{\"@type\":\"ListItem\",\"position\":1,\"name\":\"Po\u010detna stranica\",\"item\":\"https:\\\/\\\/radioljubuski.ba\\\/\"},{\"@type\":\"ListItem\",\"position\":2,\"name\":\"Pijan, drogiran i bez voza\u010dke vozio automobil, za kazne duguje 15.750 KM\"}]},{\"@type\":\"WebSite\",\"@id\":\"https:\\\/\\\/radioljubuski.ba\\\/#website\",\"url\":\"https:\\\/\\\/radioljubuski.ba\\\/\",\"name\":\"Radio Ljubu\u0161ki\",\"description\":\"Sun\u010dana frekvencija Hercegovine\",\"publisher\":{\"@id\":\"https:\\\/\\\/radioljubuski.ba\\\/#organization\"},\"potentialAction\":[{\"@type\":\"SearchAction\",\"target\":{\"@type\":\"EntryPoint\",\"urlTemplate\":\"https:\\\/\\\/radioljubuski.ba\\\/?s={search_term_string}\"},\"query-input\":{\"@type\":\"PropertyValueSpecification\",\"valueRequired\":true,\"valueName\":\"search_term_string\"}}],\"inLanguage\":\"hr\"},{\"@type\":\"Organization\",\"@id\":\"https:\\\/\\\/radioljubuski.ba\\\/#organization\",\"name\":\"Radio Ljubu\u0161ki\",\"url\":\"https:\\\/\\\/radioljubuski.ba\\\/\",\"logo\":{\"@type\":\"ImageObject\",\"inLanguage\":\"hr\",\"@id\":\"https:\\\/\\\/radioljubuski.ba\\\/#\\\/schema\\\/logo\\\/image\\\/\",\"url\":\"https:\\\/\\\/radioljubuski.ba\\\/wp-content\\\/uploads\\\/2021\\\/02\\\/cropped-Radio_Ljubuski_logo1.jpg\",\"contentUrl\":\"https:\\\/\\\/radioljubuski.ba\\\/wp-content\\\/uploads\\\/2021\\\/02\\\/cropped-Radio_Ljubuski_logo1.jpg\",\"width\":512,\"height\":512,\"caption\":\"Radio Ljubu\u0161ki\"},\"image\":{\"@id\":\"https:\\\/\\\/radioljubuski.ba\\\/#\\\/schema\\\/logo\\\/image\\\/\"},\"sameAs\":[\"https:\\\/\\\/www.facebook.com\\\/Radiio-Ljubuski-1490835324566332\",\"https:\\\/\\\/x.com\\\/radioljubuski\",\"https:\\\/\\\/hr.linkedin.com\\\/company\\\/radio-ljubuski\",\"https:\\\/\\\/www.youtube.com\\\/channel\\\/UCHYaeO_n0Db3tjNGudGpXyw\"]},{\"@type\":\"Person\",\"@id\":\"https:\\\/\\\/radioljubuski.ba\\\/#\\\/schema\\\/person\\\/19fc700381a780f69665d7956c469e3b\",\"name\":\"Radio Ljubu\u0161ki\"}]}<\/script>\n<!-- \/ Yoast SEO plugin. -->","yoast_head_json":{"title":"Pijan, drogiran i bez voza\u010dke vozio automobil, za kazne duguje 15.750 KM - RADIO LJUBU\u0160KI","robots":{"index":"index","follow":"follow","max-snippet":"max-snippet:-1","max-image-preview":"max-image-preview:large","max-video-preview":"max-video-preview:-1"},"canonical":"https:\/\/radioljubuski.ba\/index.php\/2021\/11\/10\/pijan-drogiran-i-bez-vozacke-vozio-automobil-za-kazne-duguje-15-750-km\/","og_locale":"hr_HR","og_type":"article","og_title":"Pijan, drogiran i bez voza\u010dke vozio automobil, za kazne duguje 15.750 KM - RADIO LJUBU\u0160KI","og_description":"Policijski slu\u017ebenici Policijske stanice Gradi\u0161ka, sino\u0107 su oko 20.30 sati, u ulici Mihajla Petrovi\u0107a Alasa u Gradi\u0161ci, tijekom rutinske kontrole, zaustavili putni\u010dki automobil marke Audi kojim je upravljalo mu\u0161karac \u010diji su inicijali M.T. iz tog grada. Izvr\u0161enom kontrolom, utvr\u0111eno je da je navedeni upravljao neregistriranim vozilom pod utjecajem alkohola i opojnih droga, te kod sebe [&hellip;]","og_url":"https:\/\/radioljubuski.ba\/index.php\/2021\/11\/10\/pijan-drogiran-i-bez-vozacke-vozio-automobil-za-kazne-duguje-15-750-km\/","og_site_name":"RADIO LJUBU\u0160KI","article_publisher":"https:\/\/www.facebook.com\/Radiio-Ljubuski-1490835324566332","article_published_time":"2021-11-10T10:31:15+00:00","article_modified_time":"2021-11-10T10:31:16+00:00","og_image":[{"width":810,"height":541,"url":"https:\/\/radioljubuski.ba\/wp-content\/uploads\/2021\/04\/mup-zzh-policija-policajac-stop-4-810x541-1.jpg","type":"image\/jpeg"}],"author":"Radio Ljubu\u0161ki","twitter_card":"summary_large_image","twitter_creator":"@radioljubuski","twitter_site":"@radioljubuski","twitter_misc":{"Napisao\/la":"Radio Ljubu\u0161ki","Procijenjeno vrijeme \u010ditanja":"1 minuta"},"schema":{"@context":"https:\/\/schema.org","@graph":[{"@type":"Article","@id":"https:\/\/radioljubuski.ba\/index.php\/2021\/11\/10\/pijan-drogiran-i-bez-vozacke-vozio-automobil-za-kazne-duguje-15-750-km\/#article","isPartOf":{"@id":"https:\/\/radioljubuski.ba\/index.php\/2021\/11\/10\/pijan-drogiran-i-bez-vozacke-vozio-automobil-za-kazne-duguje-15-750-km\/"},"author":{"name":"Radio Ljubu\u0161ki","@id":"https:\/\/radioljubuski.ba\/#\/schema\/person\/19fc700381a780f69665d7956c469e3b"},"headline":"Pijan, drogiran i bez voza\u010dke vozio automobil, za kazne duguje 15.750 KM","datePublished":"2021-11-10T10:31:15+00:00","dateModified":"2021-11-10T10:31:16+00:00","mainEntityOfPage":{"@id":"https:\/\/radioljubuski.ba\/index.php\/2021\/11\/10\/pijan-drogiran-i-bez-vozacke-vozio-automobil-za-kazne-duguje-15-750-km\/"},"wordCount":133,"publisher":{"@id":"https:\/\/radioljubuski.ba\/#organization"},"image":{"@id":"https:\/\/radioljubuski.ba\/index.php\/2021\/11\/10\/pijan-drogiran-i-bez-vozacke-vozio-automobil-za-kazne-duguje-15-750-km\/#primaryimage"},"thumbnailUrl":"https:\/\/radioljubuski.ba\/wp-content\/uploads\/2021\/04\/mup-zzh-policija-policajac-stop-4-810x541-1.jpg","articleSection":["BIH i regija"],"inLanguage":"hr"},{"@type":"WebPage","@id":"https:\/\/radioljubuski.ba\/index.php\/2021\/11\/10\/pijan-drogiran-i-bez-vozacke-vozio-automobil-za-kazne-duguje-15-750-km\/","url":"https:\/\/radioljubuski.ba\/index.php\/2021\/11\/10\/pijan-drogiran-i-bez-vozacke-vozio-automobil-za-kazne-duguje-15-750-km\/","name":"Pijan, drogiran i bez voza\u010dke vozio automobil, za kazne duguje 15.750 KM - RADIO LJUBU\u0160KI","isPartOf":{"@id":"https:\/\/radioljubuski.ba\/#website"},"primaryImageOfPage":{"@id":"https:\/\/radioljubuski.ba\/index.php\/2021\/11\/10\/pijan-drogiran-i-bez-vozacke-vozio-automobil-za-kazne-duguje-15-750-km\/#primaryimage"},"image":{"@id":"https:\/\/radioljubuski.ba\/index.php\/2021\/11\/10\/pijan-drogiran-i-bez-vozacke-vozio-automobil-za-kazne-duguje-15-750-km\/#primaryimage"},"thumbnailUrl":"https:\/\/radioljubuski.ba\/wp-content\/uploads\/2021\/04\/mup-zzh-policija-policajac-stop-4-810x541-1.jpg","datePublished":"2021-11-10T10:31:15+00:00","dateModified":"2021-11-10T10:31:16+00:00","breadcrumb":{"@id":"https:\/\/radioljubuski.ba\/index.php\/2021\/11\/10\/pijan-drogiran-i-bez-vozacke-vozio-automobil-za-kazne-duguje-15-750-km\/#breadcrumb"},"inLanguage":"hr","potentialAction":[{"@type":"ReadAction","target":["https:\/\/radioljubuski.ba\/index.php\/2021\/11\/10\/pijan-drogiran-i-bez-vozacke-vozio-automobil-za-kazne-duguje-15-750-km\/"]}]},{"@type":"ImageObject","inLanguage":"hr","@id":"https:\/\/radioljubuski.ba\/index.php\/2021\/11\/10\/pijan-drogiran-i-bez-vozacke-vozio-automobil-za-kazne-duguje-15-750-km\/#primaryimage","url":"https:\/\/radioljubuski.ba\/wp-content\/uploads\/2021\/04\/mup-zzh-policija-policajac-stop-4-810x541-1.jpg","contentUrl":"https:\/\/radioljubuski.ba\/wp-content\/uploads\/2021\/04\/mup-zzh-policija-policajac-stop-4-810x541-1.jpg","width":810,"height":541},{"@type":"BreadcrumbList","@id":"https:\/\/radioljubuski.ba\/index.php\/2021\/11\/10\/pijan-drogiran-i-bez-vozacke-vozio-automobil-za-kazne-duguje-15-750-km\/#breadcrumb","itemListElement":[{"@type":"ListItem","position":1,"name":"Po\u010detna stranica","item":"https:\/\/radioljubuski.ba\/"},{"@type":"ListItem","position":2,"name":"Pijan, drogiran i bez voza\u010dke vozio automobil, za kazne duguje 15.750 KM"}]},{"@type":"WebSite","@id":"https:\/\/radioljubuski.ba\/#website","url":"https:\/\/radioljubuski.ba\/","name":"Radio Ljubu\u0161ki","description":"Sun\u010dana frekvencija Hercegovine","publisher":{"@id":"https:\/\/radioljubuski.ba\/#organization"},"potentialAction":[{"@type":"SearchAction","target":{"@type":"EntryPoint","urlTemplate":"https:\/\/radioljubuski.ba\/?s={search_term_string}"},"query-input":{"@type":"PropertyValueSpecification","valueRequired":true,"valueName":"search_term_string"}}],"inLanguage":"hr"},{"@type":"Organization","@id":"https:\/\/radioljubuski.ba\/#organization","name":"Radio Ljubu\u0161ki","url":"https:\/\/radioljubuski.ba\/","logo":{"@type":"ImageObject","inLanguage":"hr","@id":"https:\/\/radioljubuski.ba\/#\/schema\/logo\/image\/","url":"https:\/\/radioljubuski.ba\/wp-content\/uploads\/2021\/02\/cropped-Radio_Ljubuski_logo1.jpg","contentUrl":"https:\/\/radioljubuski.ba\/wp-content\/uploads\/2021\/02\/cropped-Radio_Ljubuski_logo1.jpg","width":512,"height":512,"caption":"Radio Ljubu\u0161ki"},"image":{"@id":"https:\/\/radioljubuski.ba\/#\/schema\/logo\/image\/"},"sameAs":["https:\/\/www.facebook.com\/Radiio-Ljubuski-1490835324566332","https:\/\/x.com\/radioljubuski","https:\/\/hr.linkedin.com\/company\/radio-ljubuski","https:\/\/www.youtube.com\/channel\/UCHYaeO_n0Db3tjNGudGpXyw"]},{"@type":"Person","@id":"https:\/\/radioljubuski.ba\/#\/schema\/person\/19fc700381a780f69665d7956c469e3b","name":"Radio Ljubu\u0161ki"}]}},"_links":{"self":[{"href":"https:\/\/radioljubuski.ba\/index.php\/wp-json\/wp\/v2\/posts\/87080","targetHints":{"allow":["GET"]}}],"collection":[{"href":"https:\/\/radioljubuski.ba\/index.php\/wp-json\/wp\/v2\/posts"}],"about":[{"href":"https:\/\/radioljubuski.ba\/index.php\/wp-json\/wp\/v2\/types\/post"}],"author":[{"embeddable":true,"href":"https:\/\/radioljubuski.ba\/index.php\/wp-json\/wp\/v2\/users\/2"}],"replies":[{"embeddable":true,"href":"https:\/\/radioljubuski.ba\/index.php\/wp-json\/wp\/v2\/comments?post=87080"}],"version-history":[{"count":1,"href":"https:\/\/radioljubuski.ba\/index.php\/wp-json\/wp\/v2\/posts\/87080\/revisions"}],"predecessor-version":[{"id":87081,"href":"https:\/\/radioljubuski.ba\/index.php\/wp-json\/wp\/v2\/posts\/87080\/revisions\/87081"}],"wp:featuredmedia":[{"embeddable":true,"href":"https:\/\/radioljubuski.ba\/index.php\/wp-json\/wp\/v2\/media\/14974"}],"wp:attachment":[{"href":"https:\/\/radioljubuski.ba\/index.php\/wp-json\/wp\/v2\/media?parent=87080"}],"wp:term":[{"taxonomy":"category","embeddable":true,"href":"https:\/\/radioljubuski.ba\/index.php\/wp-json\/wp\/v2\/categories?post=87080"},{"taxonomy":"post_tag","embeddable":true,"href":"https:\/\/radioljubuski.ba\/index.php\/wp-json\/wp\/v2\/tags?post=87080"}],"curies":[{"name":"wp","href":"https:\/\/api.w.org\/{rel}","templated":true}]}}