{"id":87101,"date":"2021-11-10T12:29:03","date_gmt":"2021-11-10T11:29:03","guid":{"rendered":"https:\/\/radioljubuski.ba\/?p=87101"},"modified":"2021-11-10T12:29:05","modified_gmt":"2021-11-10T11:29:05","slug":"moguci-ograniceni-sukobi-oko-brckog-mostara-i-sarajeva-cilj-zapada-ocuvati-bih-do-izbora","status":"publish","type":"post","link":"https:\/\/radioljubuski.ba\/index.php\/2021\/11\/10\/moguci-ograniceni-sukobi-oko-brckog-mostara-i-sarajeva-cilj-zapada-ocuvati-bih-do-izbora\/","title":{"rendered":"Mogu\u0107i ograni\u010deni sukobi oko Br\u010dkog, Mostara i Sarajeva; cilj Zapada o\u010duvati BiH do izbora"},"content":{"rendered":"\n<p>Me\u0111unarodna krizna skupina (ICG) objavila je zabrinjavaju\u0107u analizu stanja u BiH u kojoj stoji kako ograni\u010deni ratni sukob uop\u0107e nije nezamisliv ali i kako ipak postoji izlaz iz aktualne krize.<\/p>\n\n\n\n<p>U analizi stoji kako se BiH danas suo\u010dava s dvostrukom krizom. Kao problemati\u010dniju od dvije krize, analiti\u010dari ICG-a navode te\u017enje Republike Srpske za ve\u0107om autonomijom ili samostalno\u0161\u0107u. Druga je pak kriza izazvana rupama u izbornom zakonu koje omogu\u0107avaju bo\u0161nja\u010dkom bira\u010dko tijelu da bira hrvatske politi\u010dke predstavnike.<\/p>\n\n\n\n<p>&#8220;Ulozi su visoki jer Hrvati i Srbi prijete da \u0107e bojkotirati izbore 2022. godine ako ne do\u0111e do reformi. Takav bojkot bi de facto zna\u010dio kraj dr\u017eave BiH, kako je to upozorio biv\u0161i visoki predstavnik Wolfgang Petrich&#8221;, stoji u&nbsp;<a href=\"https:\/\/www.crisisgroup.org\/europe-central-asia\/balkans\/bosnia-and-herzegovina\/grappling-bosnias-dual-crises\" target=\"_blank\" rel=\"noreferrer noopener\">analizi ICG-a<\/a>.<\/p>\n\n\n\n<p>Navodi se i kako bez sna\u017enih napora da obuzda srpski separatizam i da ne do\u0111e do izbornog bojkota Hrvata, BiH izgleda spremnom za politi\u010dki raspad kroz sljede\u0107ih 18 mjeseci. To bi dovelo do osamostaljivanja RS-a, iako malo koja dr\u017eava priznala dr\u017eavnost tog entiteta, dok bi FBiH bila paralizirana hrvatsko-bo\u0161nja\u010dkim sukobom.<\/p>\n\n\n\n<p>&#8220;Oru\u017eani sukob, iako manjih razmjera u odnosu na rat 1992.-1995., vi\u0161e nije nezamisliv. Borbe bi lako mogle izbiti ukoliko bi RS ustrajala u svojim namjerama za secesijom. Ukoliko bi, primjerice, policija RS poku\u0161ala preuzeti kontrolu nad grani\u010dnim prijelazima, mogli bi se sukobiti s dr\u017eavnim policijskim agencijama. Tako\u0111er, federalna policija bi mogla odbiti da tolerira prisustvo policije RS na brdima iznad Sarajeva a do sukoba bi moglo do\u0107i i u Br\u010dkom koje povezuje dva dijela RS-a. Jo\u0161 jedna to\u010dka koja ima potencijal izbijanja sukoba je Mostar, gdje bi napetosti izme\u0111u Hrvata i Bo\u0161njaka mogle eskalirati&#8221;.<\/p>\n\n\n\n<p>U analizi se poja\u0161njava kako je nametanje zakona o zabrani negiranja genocida potaknula novi val srpskih separatisti\u010dkih zahtjeva, odnosno vra\u0107anja nadle\u017enosti s razine dr\u017eave na razinu entiteta.<\/p>\n\n\n\n<p>Navodi se i kako u RS-u postoji konsenzus protiv svih aktivnosti visokog predstavnika, a procjenjuje se i kako ve\u0107ina bh. Srba \u017eeli nezavisnost RS-a, sli za nju nisu spremni ratovati.<\/p>\n\n\n\n<p>U dijelu analize koji govori o hrvatsko-bo\u0161nja\u010dkim odnosima, navodi se kako Izborni zakon BiH treba reformu i kako Hrvati tra\u017ee vlastitu izbornu jedinicu kako im bo\u0161nja\u010dka ve\u0107ina ne bi mogla nametati politi\u010dke predstavnike. Za Bo\u0161njake to pak zna\u010di jo\u0161 vi\u0161e separatizma.<\/p>\n\n\n\n<p>Takav odnos pak ide na ruku Dodiku. Frustrirani nedostatkom izbornih reformi, najja\u010da hrvatska stranka je u\u0161la u takti\u010dki savez s Dodikom dijele\u0107i njegovu zabrinutost oko niza tema.&nbsp;<\/p>\n\n\n\n<p>Navodi se i kako BiH nije u fokusu interesa velikih sila. Kad je rije\u010d o EU, samo Hrvatska bez dvojbe \u017eeli vidjeti BiH u EU.<\/p>\n\n\n\n<p>Istovremeno, Dodik tvrdi kako ima podr\u0161ku Moskve za osamostaljenje RS-a.<\/p>\n\n\n\n<p>ICG rje\u0161enje vidi u tomu da se Hvati i Bo\u0161njaci ujedine kao protivnici Dodikovoj politici secesionizma.<\/p>\n\n\n\n<p>&#8220;Cilj u BiH za Ameriku i EU treba biti o\u010duvanje cjelovitosti dr\u017eave do izbora 2022. godine. (&#8230;) Izborna reforma tra\u017ei privremeno primirje izme\u0111u Hrvata i Bo\u0161njaka. Brzi kompromis mogao bi se temeljiti i na &#8216;d\u017eentlmenskom dogovoru&#8217; da Bo\u0161njaci jednostavno ne name\u0107u politi\u010dke predstavnike Hrvatima uz obvezu da se cjelovita reforma provede nakon izbora. U zamjenu za to, HDZ bi trebao odustati od bojkota izbora i boriti se protiv srpskog separatizma.&#8221;<\/p>\n\n\n\n<p>Preporu\u010duje se pak Americi i EU da poku\u0161aju prona\u0107i kompromis s Dodikom koji bi mogao odustati od svojih te\u017enji u zamjenu za bolji status RS-a unutar BiH. Srbe bi se moglo vratiti u institucije BiH suspendiranjem Inzkovog zakona o negiranju genocida za \u0161to ve\u0107 postoji i presedan.<\/p>\n\n\n\n<p>U zamjenu za odustajanje od secesije, srpskim liderima, smatra ICG, Zapad bi mogao ponuditi ustavnu reformu nakon izbora sljede\u0107e godine.<\/p>\n\n\n\n<p>Autori analize su Marko Prelec i Ashush Pradhan.<\/p>\n\n\n\n<p><strong>Izvor: Dnevnik.ba<\/strong><\/p>\n","protected":false},"excerpt":{"rendered":"<p>Me\u0111unarodna krizna skupina (ICG) objavila je zabrinjavaju\u0107u analizu stanja u BiH u kojoj stoji kako ograni\u010deni ratni sukob uop\u0107e nije nezamisliv ali i kako ipak postoji izlaz iz aktualne krize. U analizi stoji kako se BiH danas suo\u010dava s dvostrukom krizom. Kao problemati\u010dniju od dvije krize, analiti\u010dari ICG-a navode te\u017enje Republike Srpske za ve\u0107om autonomijom [&hellip;]<\/p>\n","protected":false},"author":2,"featured_media":83125,"comment_status":"closed","ping_status":"closed","sticky":false,"template":"","format":"standard","meta":{"h5ap_radio_sources":[],"footnotes":""},"categories":[1],"tags":[],"class_list":["post-87101","post","type-post","status-publish","format-standard","has-post-thumbnail","hentry","category-bihiregija"],"yoast_head":"<!-- This site is optimized with the Yoast SEO plugin v27.5 - https:\/\/yoast.com\/product\/yoast-seo-wordpress\/ -->\n<title>Mogu\u0107i ograni\u010deni sukobi oko Br\u010dkog, Mostara i Sarajeva; cilj Zapada o\u010duvati BiH do izbora - RADIO LJUBU\u0160KI<\/title>\n<meta name=\"robots\" content=\"index, follow, max-snippet:-1, max-image-preview:large, max-video-preview:-1\" \/>\n<link rel=\"canonical\" href=\"https:\/\/radioljubuski.ba\/index.php\/2021\/11\/10\/moguci-ograniceni-sukobi-oko-brckog-mostara-i-sarajeva-cilj-zapada-ocuvati-bih-do-izbora\/\" \/>\n<meta property=\"og:locale\" content=\"hr_HR\" \/>\n<meta property=\"og:type\" content=\"article\" \/>\n<meta property=\"og:title\" content=\"Mogu\u0107i ograni\u010deni sukobi oko Br\u010dkog, Mostara i Sarajeva; cilj Zapada o\u010duvati BiH do izbora - RADIO LJUBU\u0160KI\" \/>\n<meta property=\"og:description\" content=\"Me\u0111unarodna krizna skupina (ICG) objavila je zabrinjavaju\u0107u analizu stanja u BiH u kojoj stoji kako ograni\u010deni ratni sukob uop\u0107e nije nezamisliv ali i kako ipak postoji izlaz iz aktualne krize. U analizi stoji kako se BiH danas suo\u010dava s dvostrukom krizom. Kao problemati\u010dniju od dvije krize, analiti\u010dari ICG-a navode te\u017enje Republike Srpske za ve\u0107om autonomijom [&hellip;]\" \/>\n<meta property=\"og:url\" content=\"https:\/\/radioljubuski.ba\/index.php\/2021\/11\/10\/moguci-ograniceni-sukobi-oko-brckog-mostara-i-sarajeva-cilj-zapada-ocuvati-bih-do-izbora\/\" \/>\n<meta property=\"og:site_name\" content=\"RADIO LJUBU\u0160KI\" \/>\n<meta property=\"article:publisher\" content=\"https:\/\/www.facebook.com\/Radiio-Ljubuski-1490835324566332\" \/>\n<meta property=\"article:published_time\" content=\"2021-11-10T11:29:03+00:00\" \/>\n<meta property=\"article:modified_time\" content=\"2021-11-10T11:29:05+00:00\" \/>\n<meta property=\"og:image\" content=\"https:\/\/radioljubuski.ba\/wp-content\/uploads\/2021\/10\/bih-i-eu.jpg\" \/>\n\t<meta property=\"og:image:width\" content=\"1024\" \/>\n\t<meta property=\"og:image:height\" content=\"760\" \/>\n\t<meta property=\"og:image:type\" content=\"image\/jpeg\" \/>\n<meta name=\"author\" content=\"Radio Ljubu\u0161ki\" \/>\n<meta name=\"twitter:card\" content=\"summary_large_image\" \/>\n<meta name=\"twitter:creator\" content=\"@radioljubuski\" \/>\n<meta name=\"twitter:site\" content=\"@radioljubuski\" \/>\n<meta name=\"twitter:label1\" content=\"Napisao\/la\" \/>\n\t<meta name=\"twitter:data1\" content=\"Radio Ljubu\u0161ki\" \/>\n\t<meta name=\"twitter:label2\" content=\"Procijenjeno vrijeme \u010ditanja\" \/>\n\t<meta name=\"twitter:data2\" content=\"3 minute\" \/>\n<script type=\"application\/ld+json\" class=\"yoast-schema-graph\">{\"@context\":\"https:\\\/\\\/schema.org\",\"@graph\":[{\"@type\":\"Article\",\"@id\":\"https:\\\/\\\/radioljubuski.ba\\\/index.php\\\/2021\\\/11\\\/10\\\/moguci-ograniceni-sukobi-oko-brckog-mostara-i-sarajeva-cilj-zapada-ocuvati-bih-do-izbora\\\/#article\",\"isPartOf\":{\"@id\":\"https:\\\/\\\/radioljubuski.ba\\\/index.php\\\/2021\\\/11\\\/10\\\/moguci-ograniceni-sukobi-oko-brckog-mostara-i-sarajeva-cilj-zapada-ocuvati-bih-do-izbora\\\/\"},\"author\":{\"name\":\"Radio Ljubu\u0161ki\",\"@id\":\"https:\\\/\\\/radioljubuski.ba\\\/#\\\/schema\\\/person\\\/19fc700381a780f69665d7956c469e3b\"},\"headline\":\"Mogu\u0107i ograni\u010deni sukobi oko Br\u010dkog, Mostara i Sarajeva; cilj Zapada o\u010duvati BiH do izbora\",\"datePublished\":\"2021-11-10T11:29:03+00:00\",\"dateModified\":\"2021-11-10T11:29:05+00:00\",\"mainEntityOfPage\":{\"@id\":\"https:\\\/\\\/radioljubuski.ba\\\/index.php\\\/2021\\\/11\\\/10\\\/moguci-ograniceni-sukobi-oko-brckog-mostara-i-sarajeva-cilj-zapada-ocuvati-bih-do-izbora\\\/\"},\"wordCount\":676,\"publisher\":{\"@id\":\"https:\\\/\\\/radioljubuski.ba\\\/#organization\"},\"image\":{\"@id\":\"https:\\\/\\\/radioljubuski.ba\\\/index.php\\\/2021\\\/11\\\/10\\\/moguci-ograniceni-sukobi-oko-brckog-mostara-i-sarajeva-cilj-zapada-ocuvati-bih-do-izbora\\\/#primaryimage\"},\"thumbnailUrl\":\"https:\\\/\\\/radioljubuski.ba\\\/wp-content\\\/uploads\\\/2021\\\/10\\\/bih-i-eu.jpg\",\"articleSection\":[\"BIH i regija\"],\"inLanguage\":\"hr\"},{\"@type\":\"WebPage\",\"@id\":\"https:\\\/\\\/radioljubuski.ba\\\/index.php\\\/2021\\\/11\\\/10\\\/moguci-ograniceni-sukobi-oko-brckog-mostara-i-sarajeva-cilj-zapada-ocuvati-bih-do-izbora\\\/\",\"url\":\"https:\\\/\\\/radioljubuski.ba\\\/index.php\\\/2021\\\/11\\\/10\\\/moguci-ograniceni-sukobi-oko-brckog-mostara-i-sarajeva-cilj-zapada-ocuvati-bih-do-izbora\\\/\",\"name\":\"Mogu\u0107i ograni\u010deni sukobi oko Br\u010dkog, Mostara i Sarajeva; cilj Zapada o\u010duvati BiH do izbora - RADIO LJUBU\u0160KI\",\"isPartOf\":{\"@id\":\"https:\\\/\\\/radioljubuski.ba\\\/#website\"},\"primaryImageOfPage\":{\"@id\":\"https:\\\/\\\/radioljubuski.ba\\\/index.php\\\/2021\\\/11\\\/10\\\/moguci-ograniceni-sukobi-oko-brckog-mostara-i-sarajeva-cilj-zapada-ocuvati-bih-do-izbora\\\/#primaryimage\"},\"image\":{\"@id\":\"https:\\\/\\\/radioljubuski.ba\\\/index.php\\\/2021\\\/11\\\/10\\\/moguci-ograniceni-sukobi-oko-brckog-mostara-i-sarajeva-cilj-zapada-ocuvati-bih-do-izbora\\\/#primaryimage\"},\"thumbnailUrl\":\"https:\\\/\\\/radioljubuski.ba\\\/wp-content\\\/uploads\\\/2021\\\/10\\\/bih-i-eu.jpg\",\"datePublished\":\"2021-11-10T11:29:03+00:00\",\"dateModified\":\"2021-11-10T11:29:05+00:00\",\"breadcrumb\":{\"@id\":\"https:\\\/\\\/radioljubuski.ba\\\/index.php\\\/2021\\\/11\\\/10\\\/moguci-ograniceni-sukobi-oko-brckog-mostara-i-sarajeva-cilj-zapada-ocuvati-bih-do-izbora\\\/#breadcrumb\"},\"inLanguage\":\"hr\",\"potentialAction\":[{\"@type\":\"ReadAction\",\"target\":[\"https:\\\/\\\/radioljubuski.ba\\\/index.php\\\/2021\\\/11\\\/10\\\/moguci-ograniceni-sukobi-oko-brckog-mostara-i-sarajeva-cilj-zapada-ocuvati-bih-do-izbora\\\/\"]}]},{\"@type\":\"ImageObject\",\"inLanguage\":\"hr\",\"@id\":\"https:\\\/\\\/radioljubuski.ba\\\/index.php\\\/2021\\\/11\\\/10\\\/moguci-ograniceni-sukobi-oko-brckog-mostara-i-sarajeva-cilj-zapada-ocuvati-bih-do-izbora\\\/#primaryimage\",\"url\":\"https:\\\/\\\/radioljubuski.ba\\\/wp-content\\\/uploads\\\/2021\\\/10\\\/bih-i-eu.jpg\",\"contentUrl\":\"https:\\\/\\\/radioljubuski.ba\\\/wp-content\\\/uploads\\\/2021\\\/10\\\/bih-i-eu.jpg\",\"width\":1024,\"height\":760},{\"@type\":\"BreadcrumbList\",\"@id\":\"https:\\\/\\\/radioljubuski.ba\\\/index.php\\\/2021\\\/11\\\/10\\\/moguci-ograniceni-sukobi-oko-brckog-mostara-i-sarajeva-cilj-zapada-ocuvati-bih-do-izbora\\\/#breadcrumb\",\"itemListElement\":[{\"@type\":\"ListItem\",\"position\":1,\"name\":\"Po\u010detna stranica\",\"item\":\"https:\\\/\\\/radioljubuski.ba\\\/\"},{\"@type\":\"ListItem\",\"position\":2,\"name\":\"Mogu\u0107i ograni\u010deni sukobi oko Br\u010dkog, Mostara i Sarajeva; cilj Zapada o\u010duvati BiH do izbora\"}]},{\"@type\":\"WebSite\",\"@id\":\"https:\\\/\\\/radioljubuski.ba\\\/#website\",\"url\":\"https:\\\/\\\/radioljubuski.ba\\\/\",\"name\":\"Radio Ljubu\u0161ki\",\"description\":\"Sun\u010dana frekvencija Hercegovine\",\"publisher\":{\"@id\":\"https:\\\/\\\/radioljubuski.ba\\\/#organization\"},\"potentialAction\":[{\"@type\":\"SearchAction\",\"target\":{\"@type\":\"EntryPoint\",\"urlTemplate\":\"https:\\\/\\\/radioljubuski.ba\\\/?s={search_term_string}\"},\"query-input\":{\"@type\":\"PropertyValueSpecification\",\"valueRequired\":true,\"valueName\":\"search_term_string\"}}],\"inLanguage\":\"hr\"},{\"@type\":\"Organization\",\"@id\":\"https:\\\/\\\/radioljubuski.ba\\\/#organization\",\"name\":\"Radio Ljubu\u0161ki\",\"url\":\"https:\\\/\\\/radioljubuski.ba\\\/\",\"logo\":{\"@type\":\"ImageObject\",\"inLanguage\":\"hr\",\"@id\":\"https:\\\/\\\/radioljubuski.ba\\\/#\\\/schema\\\/logo\\\/image\\\/\",\"url\":\"https:\\\/\\\/radioljubuski.ba\\\/wp-content\\\/uploads\\\/2021\\\/02\\\/cropped-Radio_Ljubuski_logo1.jpg\",\"contentUrl\":\"https:\\\/\\\/radioljubuski.ba\\\/wp-content\\\/uploads\\\/2021\\\/02\\\/cropped-Radio_Ljubuski_logo1.jpg\",\"width\":512,\"height\":512,\"caption\":\"Radio Ljubu\u0161ki\"},\"image\":{\"@id\":\"https:\\\/\\\/radioljubuski.ba\\\/#\\\/schema\\\/logo\\\/image\\\/\"},\"sameAs\":[\"https:\\\/\\\/www.facebook.com\\\/Radiio-Ljubuski-1490835324566332\",\"https:\\\/\\\/x.com\\\/radioljubuski\",\"https:\\\/\\\/hr.linkedin.com\\\/company\\\/radio-ljubuski\",\"https:\\\/\\\/www.youtube.com\\\/channel\\\/UCHYaeO_n0Db3tjNGudGpXyw\"]},{\"@type\":\"Person\",\"@id\":\"https:\\\/\\\/radioljubuski.ba\\\/#\\\/schema\\\/person\\\/19fc700381a780f69665d7956c469e3b\",\"name\":\"Radio Ljubu\u0161ki\"}]}<\/script>\n<!-- \/ Yoast SEO plugin. -->","yoast_head_json":{"title":"Mogu\u0107i ograni\u010deni sukobi oko Br\u010dkog, Mostara i Sarajeva; cilj Zapada o\u010duvati BiH do izbora - RADIO LJUBU\u0160KI","robots":{"index":"index","follow":"follow","max-snippet":"max-snippet:-1","max-image-preview":"max-image-preview:large","max-video-preview":"max-video-preview:-1"},"canonical":"https:\/\/radioljubuski.ba\/index.php\/2021\/11\/10\/moguci-ograniceni-sukobi-oko-brckog-mostara-i-sarajeva-cilj-zapada-ocuvati-bih-do-izbora\/","og_locale":"hr_HR","og_type":"article","og_title":"Mogu\u0107i ograni\u010deni sukobi oko Br\u010dkog, Mostara i Sarajeva; cilj Zapada o\u010duvati BiH do izbora - RADIO LJUBU\u0160KI","og_description":"Me\u0111unarodna krizna skupina (ICG) objavila je zabrinjavaju\u0107u analizu stanja u BiH u kojoj stoji kako ograni\u010deni ratni sukob uop\u0107e nije nezamisliv ali i kako ipak postoji izlaz iz aktualne krize. U analizi stoji kako se BiH danas suo\u010dava s dvostrukom krizom. Kao problemati\u010dniju od dvije krize, analiti\u010dari ICG-a navode te\u017enje Republike Srpske za ve\u0107om autonomijom [&hellip;]","og_url":"https:\/\/radioljubuski.ba\/index.php\/2021\/11\/10\/moguci-ograniceni-sukobi-oko-brckog-mostara-i-sarajeva-cilj-zapada-ocuvati-bih-do-izbora\/","og_site_name":"RADIO LJUBU\u0160KI","article_publisher":"https:\/\/www.facebook.com\/Radiio-Ljubuski-1490835324566332","article_published_time":"2021-11-10T11:29:03+00:00","article_modified_time":"2021-11-10T11:29:05+00:00","og_image":[{"width":1024,"height":760,"url":"https:\/\/radioljubuski.ba\/wp-content\/uploads\/2021\/10\/bih-i-eu.jpg","type":"image\/jpeg"}],"author":"Radio Ljubu\u0161ki","twitter_card":"summary_large_image","twitter_creator":"@radioljubuski","twitter_site":"@radioljubuski","twitter_misc":{"Napisao\/la":"Radio Ljubu\u0161ki","Procijenjeno vrijeme \u010ditanja":"3 minute"},"schema":{"@context":"https:\/\/schema.org","@graph":[{"@type":"Article","@id":"https:\/\/radioljubuski.ba\/index.php\/2021\/11\/10\/moguci-ograniceni-sukobi-oko-brckog-mostara-i-sarajeva-cilj-zapada-ocuvati-bih-do-izbora\/#article","isPartOf":{"@id":"https:\/\/radioljubuski.ba\/index.php\/2021\/11\/10\/moguci-ograniceni-sukobi-oko-brckog-mostara-i-sarajeva-cilj-zapada-ocuvati-bih-do-izbora\/"},"author":{"name":"Radio Ljubu\u0161ki","@id":"https:\/\/radioljubuski.ba\/#\/schema\/person\/19fc700381a780f69665d7956c469e3b"},"headline":"Mogu\u0107i ograni\u010deni sukobi oko Br\u010dkog, Mostara i Sarajeva; cilj Zapada o\u010duvati BiH do izbora","datePublished":"2021-11-10T11:29:03+00:00","dateModified":"2021-11-10T11:29:05+00:00","mainEntityOfPage":{"@id":"https:\/\/radioljubuski.ba\/index.php\/2021\/11\/10\/moguci-ograniceni-sukobi-oko-brckog-mostara-i-sarajeva-cilj-zapada-ocuvati-bih-do-izbora\/"},"wordCount":676,"publisher":{"@id":"https:\/\/radioljubuski.ba\/#organization"},"image":{"@id":"https:\/\/radioljubuski.ba\/index.php\/2021\/11\/10\/moguci-ograniceni-sukobi-oko-brckog-mostara-i-sarajeva-cilj-zapada-ocuvati-bih-do-izbora\/#primaryimage"},"thumbnailUrl":"https:\/\/radioljubuski.ba\/wp-content\/uploads\/2021\/10\/bih-i-eu.jpg","articleSection":["BIH i regija"],"inLanguage":"hr"},{"@type":"WebPage","@id":"https:\/\/radioljubuski.ba\/index.php\/2021\/11\/10\/moguci-ograniceni-sukobi-oko-brckog-mostara-i-sarajeva-cilj-zapada-ocuvati-bih-do-izbora\/","url":"https:\/\/radioljubuski.ba\/index.php\/2021\/11\/10\/moguci-ograniceni-sukobi-oko-brckog-mostara-i-sarajeva-cilj-zapada-ocuvati-bih-do-izbora\/","name":"Mogu\u0107i ograni\u010deni sukobi oko Br\u010dkog, Mostara i Sarajeva; cilj Zapada o\u010duvati BiH do izbora - RADIO LJUBU\u0160KI","isPartOf":{"@id":"https:\/\/radioljubuski.ba\/#website"},"primaryImageOfPage":{"@id":"https:\/\/radioljubuski.ba\/index.php\/2021\/11\/10\/moguci-ograniceni-sukobi-oko-brckog-mostara-i-sarajeva-cilj-zapada-ocuvati-bih-do-izbora\/#primaryimage"},"image":{"@id":"https:\/\/radioljubuski.ba\/index.php\/2021\/11\/10\/moguci-ograniceni-sukobi-oko-brckog-mostara-i-sarajeva-cilj-zapada-ocuvati-bih-do-izbora\/#primaryimage"},"thumbnailUrl":"https:\/\/radioljubuski.ba\/wp-content\/uploads\/2021\/10\/bih-i-eu.jpg","datePublished":"2021-11-10T11:29:03+00:00","dateModified":"2021-11-10T11:29:05+00:00","breadcrumb":{"@id":"https:\/\/radioljubuski.ba\/index.php\/2021\/11\/10\/moguci-ograniceni-sukobi-oko-brckog-mostara-i-sarajeva-cilj-zapada-ocuvati-bih-do-izbora\/#breadcrumb"},"inLanguage":"hr","potentialAction":[{"@type":"ReadAction","target":["https:\/\/radioljubuski.ba\/index.php\/2021\/11\/10\/moguci-ograniceni-sukobi-oko-brckog-mostara-i-sarajeva-cilj-zapada-ocuvati-bih-do-izbora\/"]}]},{"@type":"ImageObject","inLanguage":"hr","@id":"https:\/\/radioljubuski.ba\/index.php\/2021\/11\/10\/moguci-ograniceni-sukobi-oko-brckog-mostara-i-sarajeva-cilj-zapada-ocuvati-bih-do-izbora\/#primaryimage","url":"https:\/\/radioljubuski.ba\/wp-content\/uploads\/2021\/10\/bih-i-eu.jpg","contentUrl":"https:\/\/radioljubuski.ba\/wp-content\/uploads\/2021\/10\/bih-i-eu.jpg","width":1024,"height":760},{"@type":"BreadcrumbList","@id":"https:\/\/radioljubuski.ba\/index.php\/2021\/11\/10\/moguci-ograniceni-sukobi-oko-brckog-mostara-i-sarajeva-cilj-zapada-ocuvati-bih-do-izbora\/#breadcrumb","itemListElement":[{"@type":"ListItem","position":1,"name":"Po\u010detna stranica","item":"https:\/\/radioljubuski.ba\/"},{"@type":"ListItem","position":2,"name":"Mogu\u0107i ograni\u010deni sukobi oko Br\u010dkog, Mostara i Sarajeva; cilj Zapada o\u010duvati BiH do izbora"}]},{"@type":"WebSite","@id":"https:\/\/radioljubuski.ba\/#website","url":"https:\/\/radioljubuski.ba\/","name":"Radio Ljubu\u0161ki","description":"Sun\u010dana frekvencija Hercegovine","publisher":{"@id":"https:\/\/radioljubuski.ba\/#organization"},"potentialAction":[{"@type":"SearchAction","target":{"@type":"EntryPoint","urlTemplate":"https:\/\/radioljubuski.ba\/?s={search_term_string}"},"query-input":{"@type":"PropertyValueSpecification","valueRequired":true,"valueName":"search_term_string"}}],"inLanguage":"hr"},{"@type":"Organization","@id":"https:\/\/radioljubuski.ba\/#organization","name":"Radio Ljubu\u0161ki","url":"https:\/\/radioljubuski.ba\/","logo":{"@type":"ImageObject","inLanguage":"hr","@id":"https:\/\/radioljubuski.ba\/#\/schema\/logo\/image\/","url":"https:\/\/radioljubuski.ba\/wp-content\/uploads\/2021\/02\/cropped-Radio_Ljubuski_logo1.jpg","contentUrl":"https:\/\/radioljubuski.ba\/wp-content\/uploads\/2021\/02\/cropped-Radio_Ljubuski_logo1.jpg","width":512,"height":512,"caption":"Radio Ljubu\u0161ki"},"image":{"@id":"https:\/\/radioljubuski.ba\/#\/schema\/logo\/image\/"},"sameAs":["https:\/\/www.facebook.com\/Radiio-Ljubuski-1490835324566332","https:\/\/x.com\/radioljubuski","https:\/\/hr.linkedin.com\/company\/radio-ljubuski","https:\/\/www.youtube.com\/channel\/UCHYaeO_n0Db3tjNGudGpXyw"]},{"@type":"Person","@id":"https:\/\/radioljubuski.ba\/#\/schema\/person\/19fc700381a780f69665d7956c469e3b","name":"Radio Ljubu\u0161ki"}]}},"_links":{"self":[{"href":"https:\/\/radioljubuski.ba\/index.php\/wp-json\/wp\/v2\/posts\/87101","targetHints":{"allow":["GET"]}}],"collection":[{"href":"https:\/\/radioljubuski.ba\/index.php\/wp-json\/wp\/v2\/posts"}],"about":[{"href":"https:\/\/radioljubuski.ba\/index.php\/wp-json\/wp\/v2\/types\/post"}],"author":[{"embeddable":true,"href":"https:\/\/radioljubuski.ba\/index.php\/wp-json\/wp\/v2\/users\/2"}],"replies":[{"embeddable":true,"href":"https:\/\/radioljubuski.ba\/index.php\/wp-json\/wp\/v2\/comments?post=87101"}],"version-history":[{"count":1,"href":"https:\/\/radioljubuski.ba\/index.php\/wp-json\/wp\/v2\/posts\/87101\/revisions"}],"predecessor-version":[{"id":87102,"href":"https:\/\/radioljubuski.ba\/index.php\/wp-json\/wp\/v2\/posts\/87101\/revisions\/87102"}],"wp:featuredmedia":[{"embeddable":true,"href":"https:\/\/radioljubuski.ba\/index.php\/wp-json\/wp\/v2\/media\/83125"}],"wp:attachment":[{"href":"https:\/\/radioljubuski.ba\/index.php\/wp-json\/wp\/v2\/media?parent=87101"}],"wp:term":[{"taxonomy":"category","embeddable":true,"href":"https:\/\/radioljubuski.ba\/index.php\/wp-json\/wp\/v2\/categories?post=87101"},{"taxonomy":"post_tag","embeddable":true,"href":"https:\/\/radioljubuski.ba\/index.php\/wp-json\/wp\/v2\/tags?post=87101"}],"curies":[{"name":"wp","href":"https:\/\/api.w.org\/{rel}","templated":true}]}}