{"id":87106,"date":"2021-11-10T13:10:43","date_gmt":"2021-11-10T12:10:43","guid":{"rendered":"https:\/\/radioljubuski.ba\/?p=87106"},"modified":"2021-11-10T13:10:44","modified_gmt":"2021-11-10T12:10:44","slug":"moze-doci-do-upale-srcanog-misica-njemacko-povjerenstvo-ne-preporucuje-mladima-od-30-godina-cijepljenje-modernom","status":"publish","type":"post","link":"https:\/\/radioljubuski.ba\/index.php\/2021\/11\/10\/moze-doci-do-upale-srcanog-misica-njemacko-povjerenstvo-ne-preporucuje-mladima-od-30-godina-cijepljenje-modernom\/","title":{"rendered":"Mo\u017ee do\u0107i do upale sr\u010danog mi\u0161i\u0107a: Njema\u010dko povjerenstvo ne preporu\u010duje mla\u0111ima od 30 godina cijepljenje Modernom"},"content":{"rendered":"\n<p>Njema\u010dko dr\u017eavno Stalno povjerenstvo za cjepiva (Stiko) preporu\u010dilo je u srijedu imunizaciju mla\u0111ih od 30 godina isklju\u010divo cjepivom Biontech\/Pfizer zbog toga \u0161to su kod primjene Moderninog cjepiva u mla\u0111ih pacijenata uo\u010dene popratne pojave poput upale sr\u010danog mi\u0161i\u0107a.<\/p>\n\n\n\n<p>\u201eAktualne analize popratnih pojava kod mla\u0111ih pokazale su u\u010destaliju pojavu upale sr\u010danog mi\u0161i\u0107a i osr\u010dja kod pacijenata koji su bili cijepljeni cjepivom marke Moderna\u201c, stoji u priop\u0107enju Stalnog povjerenstva za cjepiva.<\/p>\n\n\n\n<p>Ova preporuka va\u017ei kako za osnovno cijepljenje tako i za dodatno kao i u slu\u010dajevima gdje je prvo cijepljenje bilo provedeno nekim drugom cjepivom, a ne Biontech\/Pfizerom.<\/p>\n\n\n\n<p>Povjerenstvo tako\u0111er preporu\u010duje, iako za tu skupinu nema dovoljno podataka, da se i trudnice bez obzira na starosnu dob ubudu\u0107e cijepe isklju\u010divo cjepivom Biontech\/Pfizer.<\/p>\n\n\n\n<p><strong><a href=\"https:\/\/fenix-magazin.de\/moze-doci-do-upale-srcanog-misica-njemacko-povjerenstvo-ne-preporucuje-mladima-od-30-godina-cijepljenje-modernom\/\">Izvor: Fenix magazin<\/a><\/strong><\/p>\n","protected":false},"excerpt":{"rendered":"<p>Njema\u010dko dr\u017eavno Stalno povjerenstvo za cjepiva (Stiko) preporu\u010dilo je u srijedu imunizaciju mla\u0111ih od 30 godina isklju\u010divo cjepivom Biontech\/Pfizer zbog toga \u0161to su kod primjene Moderninog cjepiva u mla\u0111ih pacijenata uo\u010dene popratne pojave poput upale sr\u010danog mi\u0161i\u0107a. \u201eAktualne analize popratnih pojava kod mla\u0111ih pokazale su u\u010destaliju pojavu upale sr\u010danog mi\u0161i\u0107a i osr\u010dja kod pacijenata koji [&hellip;]<\/p>\n","protected":false},"author":2,"featured_media":0,"comment_status":"closed","ping_status":"closed","sticky":false,"template":"","format":"standard","meta":{"h5ap_radio_sources":[],"footnotes":""},"categories":[1],"tags":[],"class_list":["post-87106","post","type-post","status-publish","format-standard","hentry","category-bihiregija"],"yoast_head":"<!-- This site is optimized with the Yoast SEO plugin v27.5 - https:\/\/yoast.com\/product\/yoast-seo-wordpress\/ -->\n<title>Mo\u017ee do\u0107i do upale sr\u010danog mi\u0161i\u0107a: Njema\u010dko povjerenstvo ne preporu\u010duje mla\u0111ima od 30 godina cijepljenje Modernom - RADIO LJUBU\u0160KI<\/title>\n<meta name=\"robots\" content=\"index, follow, max-snippet:-1, max-image-preview:large, max-video-preview:-1\" \/>\n<link rel=\"canonical\" href=\"https:\/\/radioljubuski.ba\/index.php\/2021\/11\/10\/moze-doci-do-upale-srcanog-misica-njemacko-povjerenstvo-ne-preporucuje-mladima-od-30-godina-cijepljenje-modernom\/\" \/>\n<meta property=\"og:locale\" content=\"hr_HR\" \/>\n<meta property=\"og:type\" content=\"article\" \/>\n<meta property=\"og:title\" content=\"Mo\u017ee do\u0107i do upale sr\u010danog mi\u0161i\u0107a: Njema\u010dko povjerenstvo ne preporu\u010duje mla\u0111ima od 30 godina cijepljenje Modernom - RADIO LJUBU\u0160KI\" \/>\n<meta property=\"og:description\" content=\"Njema\u010dko dr\u017eavno Stalno povjerenstvo za cjepiva (Stiko) preporu\u010dilo je u srijedu imunizaciju mla\u0111ih od 30 godina isklju\u010divo cjepivom Biontech\/Pfizer zbog toga \u0161to su kod primjene Moderninog cjepiva u mla\u0111ih pacijenata uo\u010dene popratne pojave poput upale sr\u010danog mi\u0161i\u0107a. \u201eAktualne analize popratnih pojava kod mla\u0111ih pokazale su u\u010destaliju pojavu upale sr\u010danog mi\u0161i\u0107a i osr\u010dja kod pacijenata koji [&hellip;]\" \/>\n<meta property=\"og:url\" content=\"https:\/\/radioljubuski.ba\/index.php\/2021\/11\/10\/moze-doci-do-upale-srcanog-misica-njemacko-povjerenstvo-ne-preporucuje-mladima-od-30-godina-cijepljenje-modernom\/\" \/>\n<meta property=\"og:site_name\" content=\"RADIO LJUBU\u0160KI\" \/>\n<meta property=\"article:publisher\" content=\"https:\/\/www.facebook.com\/Radiio-Ljubuski-1490835324566332\" \/>\n<meta property=\"article:published_time\" content=\"2021-11-10T12:10:43+00:00\" \/>\n<meta property=\"article:modified_time\" content=\"2021-11-10T12:10:44+00:00\" \/>\n<meta property=\"og:image\" content=\"https:\/\/radioljubuski.ba\/wp-content\/uploads\/2021\/07\/HN20210407982388-2.jpg\" \/>\n\t<meta property=\"og:image:width\" content=\"1024\" \/>\n\t<meta property=\"og:image:height\" content=\"651\" \/>\n\t<meta property=\"og:image:type\" content=\"image\/jpeg\" \/>\n<meta name=\"author\" content=\"Radio Ljubu\u0161ki\" \/>\n<meta name=\"twitter:card\" content=\"summary_large_image\" \/>\n<meta name=\"twitter:creator\" content=\"@radioljubuski\" \/>\n<meta name=\"twitter:site\" content=\"@radioljubuski\" \/>\n<meta name=\"twitter:label1\" content=\"Napisao\/la\" \/>\n\t<meta name=\"twitter:data1\" content=\"Radio Ljubu\u0161ki\" \/>\n\t<meta name=\"twitter:label2\" content=\"Procijenjeno vrijeme \u010ditanja\" \/>\n\t<meta name=\"twitter:data2\" content=\"1 minuta\" \/>\n<script type=\"application\/ld+json\" class=\"yoast-schema-graph\">{\"@context\":\"https:\\\/\\\/schema.org\",\"@graph\":[{\"@type\":\"Article\",\"@id\":\"https:\\\/\\\/radioljubuski.ba\\\/index.php\\\/2021\\\/11\\\/10\\\/moze-doci-do-upale-srcanog-misica-njemacko-povjerenstvo-ne-preporucuje-mladima-od-30-godina-cijepljenje-modernom\\\/#article\",\"isPartOf\":{\"@id\":\"https:\\\/\\\/radioljubuski.ba\\\/index.php\\\/2021\\\/11\\\/10\\\/moze-doci-do-upale-srcanog-misica-njemacko-povjerenstvo-ne-preporucuje-mladima-od-30-godina-cijepljenje-modernom\\\/\"},\"author\":{\"name\":\"Radio Ljubu\u0161ki\",\"@id\":\"https:\\\/\\\/radioljubuski.ba\\\/#\\\/schema\\\/person\\\/19fc700381a780f69665d7956c469e3b\"},\"headline\":\"Mo\u017ee do\u0107i do upale sr\u010danog mi\u0161i\u0107a: Njema\u010dko povjerenstvo ne preporu\u010duje mla\u0111ima od 30 godina cijepljenje Modernom\",\"datePublished\":\"2021-11-10T12:10:43+00:00\",\"dateModified\":\"2021-11-10T12:10:44+00:00\",\"mainEntityOfPage\":{\"@id\":\"https:\\\/\\\/radioljubuski.ba\\\/index.php\\\/2021\\\/11\\\/10\\\/moze-doci-do-upale-srcanog-misica-njemacko-povjerenstvo-ne-preporucuje-mladima-od-30-godina-cijepljenje-modernom\\\/\"},\"wordCount\":170,\"publisher\":{\"@id\":\"https:\\\/\\\/radioljubuski.ba\\\/#organization\"},\"articleSection\":[\"BIH i regija\"],\"inLanguage\":\"hr\"},{\"@type\":\"WebPage\",\"@id\":\"https:\\\/\\\/radioljubuski.ba\\\/index.php\\\/2021\\\/11\\\/10\\\/moze-doci-do-upale-srcanog-misica-njemacko-povjerenstvo-ne-preporucuje-mladima-od-30-godina-cijepljenje-modernom\\\/\",\"url\":\"https:\\\/\\\/radioljubuski.ba\\\/index.php\\\/2021\\\/11\\\/10\\\/moze-doci-do-upale-srcanog-misica-njemacko-povjerenstvo-ne-preporucuje-mladima-od-30-godina-cijepljenje-modernom\\\/\",\"name\":\"Mo\u017ee do\u0107i do upale sr\u010danog mi\u0161i\u0107a: Njema\u010dko povjerenstvo ne preporu\u010duje mla\u0111ima od 30 godina cijepljenje Modernom - RADIO LJUBU\u0160KI\",\"isPartOf\":{\"@id\":\"https:\\\/\\\/radioljubuski.ba\\\/#website\"},\"datePublished\":\"2021-11-10T12:10:43+00:00\",\"dateModified\":\"2021-11-10T12:10:44+00:00\",\"breadcrumb\":{\"@id\":\"https:\\\/\\\/radioljubuski.ba\\\/index.php\\\/2021\\\/11\\\/10\\\/moze-doci-do-upale-srcanog-misica-njemacko-povjerenstvo-ne-preporucuje-mladima-od-30-godina-cijepljenje-modernom\\\/#breadcrumb\"},\"inLanguage\":\"hr\",\"potentialAction\":[{\"@type\":\"ReadAction\",\"target\":[\"https:\\\/\\\/radioljubuski.ba\\\/index.php\\\/2021\\\/11\\\/10\\\/moze-doci-do-upale-srcanog-misica-njemacko-povjerenstvo-ne-preporucuje-mladima-od-30-godina-cijepljenje-modernom\\\/\"]}]},{\"@type\":\"BreadcrumbList\",\"@id\":\"https:\\\/\\\/radioljubuski.ba\\\/index.php\\\/2021\\\/11\\\/10\\\/moze-doci-do-upale-srcanog-misica-njemacko-povjerenstvo-ne-preporucuje-mladima-od-30-godina-cijepljenje-modernom\\\/#breadcrumb\",\"itemListElement\":[{\"@type\":\"ListItem\",\"position\":1,\"name\":\"Po\u010detna stranica\",\"item\":\"https:\\\/\\\/radioljubuski.ba\\\/\"},{\"@type\":\"ListItem\",\"position\":2,\"name\":\"Mo\u017ee do\u0107i do upale sr\u010danog mi\u0161i\u0107a: Njema\u010dko povjerenstvo ne preporu\u010duje mla\u0111ima od 30 godina cijepljenje Modernom\"}]},{\"@type\":\"WebSite\",\"@id\":\"https:\\\/\\\/radioljubuski.ba\\\/#website\",\"url\":\"https:\\\/\\\/radioljubuski.ba\\\/\",\"name\":\"Radio Ljubu\u0161ki\",\"description\":\"Sun\u010dana frekvencija Hercegovine\",\"publisher\":{\"@id\":\"https:\\\/\\\/radioljubuski.ba\\\/#organization\"},\"potentialAction\":[{\"@type\":\"SearchAction\",\"target\":{\"@type\":\"EntryPoint\",\"urlTemplate\":\"https:\\\/\\\/radioljubuski.ba\\\/?s={search_term_string}\"},\"query-input\":{\"@type\":\"PropertyValueSpecification\",\"valueRequired\":true,\"valueName\":\"search_term_string\"}}],\"inLanguage\":\"hr\"},{\"@type\":\"Organization\",\"@id\":\"https:\\\/\\\/radioljubuski.ba\\\/#organization\",\"name\":\"Radio Ljubu\u0161ki\",\"url\":\"https:\\\/\\\/radioljubuski.ba\\\/\",\"logo\":{\"@type\":\"ImageObject\",\"inLanguage\":\"hr\",\"@id\":\"https:\\\/\\\/radioljubuski.ba\\\/#\\\/schema\\\/logo\\\/image\\\/\",\"url\":\"https:\\\/\\\/radioljubuski.ba\\\/wp-content\\\/uploads\\\/2021\\\/02\\\/cropped-Radio_Ljubuski_logo1.jpg\",\"contentUrl\":\"https:\\\/\\\/radioljubuski.ba\\\/wp-content\\\/uploads\\\/2021\\\/02\\\/cropped-Radio_Ljubuski_logo1.jpg\",\"width\":512,\"height\":512,\"caption\":\"Radio Ljubu\u0161ki\"},\"image\":{\"@id\":\"https:\\\/\\\/radioljubuski.ba\\\/#\\\/schema\\\/logo\\\/image\\\/\"},\"sameAs\":[\"https:\\\/\\\/www.facebook.com\\\/Radiio-Ljubuski-1490835324566332\",\"https:\\\/\\\/x.com\\\/radioljubuski\",\"https:\\\/\\\/hr.linkedin.com\\\/company\\\/radio-ljubuski\",\"https:\\\/\\\/www.youtube.com\\\/channel\\\/UCHYaeO_n0Db3tjNGudGpXyw\"]},{\"@type\":\"Person\",\"@id\":\"https:\\\/\\\/radioljubuski.ba\\\/#\\\/schema\\\/person\\\/19fc700381a780f69665d7956c469e3b\",\"name\":\"Radio Ljubu\u0161ki\"}]}<\/script>\n<!-- \/ Yoast SEO plugin. -->","yoast_head_json":{"title":"Mo\u017ee do\u0107i do upale sr\u010danog mi\u0161i\u0107a: Njema\u010dko povjerenstvo ne preporu\u010duje mla\u0111ima od 30 godina cijepljenje Modernom - RADIO LJUBU\u0160KI","robots":{"index":"index","follow":"follow","max-snippet":"max-snippet:-1","max-image-preview":"max-image-preview:large","max-video-preview":"max-video-preview:-1"},"canonical":"https:\/\/radioljubuski.ba\/index.php\/2021\/11\/10\/moze-doci-do-upale-srcanog-misica-njemacko-povjerenstvo-ne-preporucuje-mladima-od-30-godina-cijepljenje-modernom\/","og_locale":"hr_HR","og_type":"article","og_title":"Mo\u017ee do\u0107i do upale sr\u010danog mi\u0161i\u0107a: Njema\u010dko povjerenstvo ne preporu\u010duje mla\u0111ima od 30 godina cijepljenje Modernom - RADIO LJUBU\u0160KI","og_description":"Njema\u010dko dr\u017eavno Stalno povjerenstvo za cjepiva (Stiko) preporu\u010dilo je u srijedu imunizaciju mla\u0111ih od 30 godina isklju\u010divo cjepivom Biontech\/Pfizer zbog toga \u0161to su kod primjene Moderninog cjepiva u mla\u0111ih pacijenata uo\u010dene popratne pojave poput upale sr\u010danog mi\u0161i\u0107a. \u201eAktualne analize popratnih pojava kod mla\u0111ih pokazale su u\u010destaliju pojavu upale sr\u010danog mi\u0161i\u0107a i osr\u010dja kod pacijenata koji [&hellip;]","og_url":"https:\/\/radioljubuski.ba\/index.php\/2021\/11\/10\/moze-doci-do-upale-srcanog-misica-njemacko-povjerenstvo-ne-preporucuje-mladima-od-30-godina-cijepljenje-modernom\/","og_site_name":"RADIO LJUBU\u0160KI","article_publisher":"https:\/\/www.facebook.com\/Radiio-Ljubuski-1490835324566332","article_published_time":"2021-11-10T12:10:43+00:00","article_modified_time":"2021-11-10T12:10:44+00:00","og_image":[{"width":1024,"height":651,"url":"https:\/\/radioljubuski.ba\/wp-content\/uploads\/2021\/07\/HN20210407982388-2.jpg","type":"image\/jpeg"}],"author":"Radio Ljubu\u0161ki","twitter_card":"summary_large_image","twitter_creator":"@radioljubuski","twitter_site":"@radioljubuski","twitter_misc":{"Napisao\/la":"Radio Ljubu\u0161ki","Procijenjeno vrijeme \u010ditanja":"1 minuta"},"schema":{"@context":"https:\/\/schema.org","@graph":[{"@type":"Article","@id":"https:\/\/radioljubuski.ba\/index.php\/2021\/11\/10\/moze-doci-do-upale-srcanog-misica-njemacko-povjerenstvo-ne-preporucuje-mladima-od-30-godina-cijepljenje-modernom\/#article","isPartOf":{"@id":"https:\/\/radioljubuski.ba\/index.php\/2021\/11\/10\/moze-doci-do-upale-srcanog-misica-njemacko-povjerenstvo-ne-preporucuje-mladima-od-30-godina-cijepljenje-modernom\/"},"author":{"name":"Radio Ljubu\u0161ki","@id":"https:\/\/radioljubuski.ba\/#\/schema\/person\/19fc700381a780f69665d7956c469e3b"},"headline":"Mo\u017ee do\u0107i do upale sr\u010danog mi\u0161i\u0107a: Njema\u010dko povjerenstvo ne preporu\u010duje mla\u0111ima od 30 godina cijepljenje Modernom","datePublished":"2021-11-10T12:10:43+00:00","dateModified":"2021-11-10T12:10:44+00:00","mainEntityOfPage":{"@id":"https:\/\/radioljubuski.ba\/index.php\/2021\/11\/10\/moze-doci-do-upale-srcanog-misica-njemacko-povjerenstvo-ne-preporucuje-mladima-od-30-godina-cijepljenje-modernom\/"},"wordCount":170,"publisher":{"@id":"https:\/\/radioljubuski.ba\/#organization"},"articleSection":["BIH i regija"],"inLanguage":"hr"},{"@type":"WebPage","@id":"https:\/\/radioljubuski.ba\/index.php\/2021\/11\/10\/moze-doci-do-upale-srcanog-misica-njemacko-povjerenstvo-ne-preporucuje-mladima-od-30-godina-cijepljenje-modernom\/","url":"https:\/\/radioljubuski.ba\/index.php\/2021\/11\/10\/moze-doci-do-upale-srcanog-misica-njemacko-povjerenstvo-ne-preporucuje-mladima-od-30-godina-cijepljenje-modernom\/","name":"Mo\u017ee do\u0107i do upale sr\u010danog mi\u0161i\u0107a: Njema\u010dko povjerenstvo ne preporu\u010duje mla\u0111ima od 30 godina cijepljenje Modernom - RADIO LJUBU\u0160KI","isPartOf":{"@id":"https:\/\/radioljubuski.ba\/#website"},"datePublished":"2021-11-10T12:10:43+00:00","dateModified":"2021-11-10T12:10:44+00:00","breadcrumb":{"@id":"https:\/\/radioljubuski.ba\/index.php\/2021\/11\/10\/moze-doci-do-upale-srcanog-misica-njemacko-povjerenstvo-ne-preporucuje-mladima-od-30-godina-cijepljenje-modernom\/#breadcrumb"},"inLanguage":"hr","potentialAction":[{"@type":"ReadAction","target":["https:\/\/radioljubuski.ba\/index.php\/2021\/11\/10\/moze-doci-do-upale-srcanog-misica-njemacko-povjerenstvo-ne-preporucuje-mladima-od-30-godina-cijepljenje-modernom\/"]}]},{"@type":"BreadcrumbList","@id":"https:\/\/radioljubuski.ba\/index.php\/2021\/11\/10\/moze-doci-do-upale-srcanog-misica-njemacko-povjerenstvo-ne-preporucuje-mladima-od-30-godina-cijepljenje-modernom\/#breadcrumb","itemListElement":[{"@type":"ListItem","position":1,"name":"Po\u010detna stranica","item":"https:\/\/radioljubuski.ba\/"},{"@type":"ListItem","position":2,"name":"Mo\u017ee do\u0107i do upale sr\u010danog mi\u0161i\u0107a: Njema\u010dko povjerenstvo ne preporu\u010duje mla\u0111ima od 30 godina cijepljenje Modernom"}]},{"@type":"WebSite","@id":"https:\/\/radioljubuski.ba\/#website","url":"https:\/\/radioljubuski.ba\/","name":"Radio Ljubu\u0161ki","description":"Sun\u010dana frekvencija Hercegovine","publisher":{"@id":"https:\/\/radioljubuski.ba\/#organization"},"potentialAction":[{"@type":"SearchAction","target":{"@type":"EntryPoint","urlTemplate":"https:\/\/radioljubuski.ba\/?s={search_term_string}"},"query-input":{"@type":"PropertyValueSpecification","valueRequired":true,"valueName":"search_term_string"}}],"inLanguage":"hr"},{"@type":"Organization","@id":"https:\/\/radioljubuski.ba\/#organization","name":"Radio Ljubu\u0161ki","url":"https:\/\/radioljubuski.ba\/","logo":{"@type":"ImageObject","inLanguage":"hr","@id":"https:\/\/radioljubuski.ba\/#\/schema\/logo\/image\/","url":"https:\/\/radioljubuski.ba\/wp-content\/uploads\/2021\/02\/cropped-Radio_Ljubuski_logo1.jpg","contentUrl":"https:\/\/radioljubuski.ba\/wp-content\/uploads\/2021\/02\/cropped-Radio_Ljubuski_logo1.jpg","width":512,"height":512,"caption":"Radio Ljubu\u0161ki"},"image":{"@id":"https:\/\/radioljubuski.ba\/#\/schema\/logo\/image\/"},"sameAs":["https:\/\/www.facebook.com\/Radiio-Ljubuski-1490835324566332","https:\/\/x.com\/radioljubuski","https:\/\/hr.linkedin.com\/company\/radio-ljubuski","https:\/\/www.youtube.com\/channel\/UCHYaeO_n0Db3tjNGudGpXyw"]},{"@type":"Person","@id":"https:\/\/radioljubuski.ba\/#\/schema\/person\/19fc700381a780f69665d7956c469e3b","name":"Radio Ljubu\u0161ki"}]}},"_links":{"self":[{"href":"https:\/\/radioljubuski.ba\/index.php\/wp-json\/wp\/v2\/posts\/87106","targetHints":{"allow":["GET"]}}],"collection":[{"href":"https:\/\/radioljubuski.ba\/index.php\/wp-json\/wp\/v2\/posts"}],"about":[{"href":"https:\/\/radioljubuski.ba\/index.php\/wp-json\/wp\/v2\/types\/post"}],"author":[{"embeddable":true,"href":"https:\/\/radioljubuski.ba\/index.php\/wp-json\/wp\/v2\/users\/2"}],"replies":[{"embeddable":true,"href":"https:\/\/radioljubuski.ba\/index.php\/wp-json\/wp\/v2\/comments?post=87106"}],"version-history":[{"count":1,"href":"https:\/\/radioljubuski.ba\/index.php\/wp-json\/wp\/v2\/posts\/87106\/revisions"}],"predecessor-version":[{"id":87107,"href":"https:\/\/radioljubuski.ba\/index.php\/wp-json\/wp\/v2\/posts\/87106\/revisions\/87107"}],"wp:attachment":[{"href":"https:\/\/radioljubuski.ba\/index.php\/wp-json\/wp\/v2\/media?parent=87106"}],"wp:term":[{"taxonomy":"category","embeddable":true,"href":"https:\/\/radioljubuski.ba\/index.php\/wp-json\/wp\/v2\/categories?post=87106"},{"taxonomy":"post_tag","embeddable":true,"href":"https:\/\/radioljubuski.ba\/index.php\/wp-json\/wp\/v2\/tags?post=87106"}],"curies":[{"name":"wp","href":"https:\/\/api.w.org\/{rel}","templated":true}]}}