{"id":87126,"date":"2021-11-10T13:53:26","date_gmt":"2021-11-10T12:53:26","guid":{"rendered":"https:\/\/radioljubuski.ba\/?p=87126"},"modified":"2021-11-10T13:53:27","modified_gmt":"2021-11-10T12:53:27","slug":"medved-situacija-oko-napetosti-u-drzavnom-vrhu-ce-se-rasplesti-postovanjem-zakona","status":"publish","type":"post","link":"https:\/\/radioljubuski.ba\/index.php\/2021\/11\/10\/medved-situacija-oko-napetosti-u-drzavnom-vrhu-ce-se-rasplesti-postovanjem-zakona\/","title":{"rendered":"Medved: Situacija oko napetosti u dr\u017eavnom vrhu \u0107e se rasplesti po\u0161tovanjem zakona"},"content":{"rendered":"\n<p>Vlada RH u potpunosti razumije nu\u017enost ja\u010danja na\u0161ih obrambenih sposobnosti, a to u kona\u010dnici kroz na\u0161e djelovanje sna\u017eno podupiremo i na tome radimo. Uz sve neda\u0107e koje su zadesile RH &#8211; koronu i potrese, mi za sustav obrane izdvajamo od 7 do 10 posto vi\u0161e, osobito u svjetlu nabavke borbenih zrakoplova. U kontekst vremena u kojem \u017eivimo moramo staviti slo\u017eenost i zahtjevnost izdvajanja za zdravstvo, o\u010duvanje radnih mjesta, ali i u tim okolnostima na\u0161a Vlada ni u jednom trenutku nije zaustavila proces opremanja, modernizacije i ulaganja u vojsku, rekao je u emisiji Hrvatskog radija &#8220;A sada Vlada&#8221; ministar hrvatskih branitelja Tomo Medved.&nbsp;<\/p>\n\n\n\n<p>&#8211; Prije dva dana odr\u017ean je radni sastanak u Vladi koji je vodio premijer Andrej Plenkovi\u0107 na kojem su na\u010delnik Glavnog sto\u017eera, njegov zamjenik i zapovjednicima grana gdje su jasno iznijeli program opremanja, postignu\u0107a u proteklih pet godina i program modernizacije opremanja postrojbi HV-a. Mogla se jasno ste\u0107i slika da je Hrvatska vojska danas moderna, spremana izvr\u0161iti sve svoje zada\u0107e. Zapovjednici su iznijeli svoje vi\u0111enje u pogledu daljnje modernizacije i podizanja sposobnosti, kazao je Medved.<\/p>\n\n\n\n<p>&#8211; Na ju\u010dera\u0161njoj sjednici Vije\u0107a za nacionalnu sigurnost analizirali smo stanje sigurnosti na jugoistoku Europe. Ministar vanjskih poslova dao je jasnu sliku glede stanja u tom dijelu Europe, a potpredsjednik Vlade i ministar unutarnjih poslova dao je osvrt i stanje glede ilegalnih migracija i svih mjera koje se poduzimaju u tom pogledu kao i aktivnosti vezanih za ulazak u Schengenski prostor, kazao je.<\/p>\n\n\n\n<p>Medved nagla\u0161ava da su donijeli i smjernice za rad sigurnosno-obavje\u0161tajnog sustava za rad u 2022. godini. Sve su to\u010dke jednoglasno usvojene.<\/p>\n\n\n\n<p>&#8211; \u0160to se ti\u010de sjednice Vije\u0107a za obranu, ponavljamo da dijelimo mi\u0161ljenje o stanju u Oru\u017eanim snagama, dijelimo mi\u0161ljenje u kojoj mjeri su u\u010dinjeni napori i pobolj\u0161ani uvjeti, ali kao Vlada smo svjesni da treba napraviti jo\u0161 niz koraka kako bismo oja\u010dali sposobnosti Hrvatske vojske. Ono gdje dolazi do prijepora je ocjena stanja da na\u0161a Vlada u potpunosti, a na\u0161 stav baziramo na izvje\u0161\u0107a zapovjednika, ne ocjenjuje nu\u017enost nekakvih kriti\u010dnih postupanja, rekao je Medved.<\/p>\n\n\n\n<p><strong>Koliko napetosti utje\u010du na stanje u Hrvatskoj vojsci?<\/strong><\/p>\n\n\n\n<p>&#8211; Situacija \u0107e se rasplesti po\u0161tovanjem zakona. Zakon o obrani vrlo jasno definira nadle\u017enosti i u okviru njega predsjednik Republike, ministar obrane i na\u010delnik Glavnog sto\u017eera imaju definirane svoje nadle\u017enosti. Po\u0161tovati Zakon i sura\u0111ivati &#8211; to je ono \u0161to je nu\u017eno kako bi se donosile odgovaraju\u0107e odluke u skladu s izazovima pred nama. Va\u017eno je naglasiti da se vojska i na\u010delnik Glavnog sto\u017eera moraju pustiti da rade svoj posao prema slovu zakona, kazao je Medved.<\/p>\n\n\n\n<p><strong>Izmjene Zakona o obrani?<\/strong><\/p>\n\n\n\n<p>&#8211; Jasno je da i recentni doga\u0111aji i odre\u0111eni istupi od nas kao Vlade tra\u017ee ozbiljnu analizu normativnog segmenta sustava obrane u pogledu i Zakona o obrani i Zakona o slu\u017ebi gdje \u0107emo zasigurno sagledati sve parametre tih zakona, poglavito u svijetu prepoznavanja eventualnih praznina, koje \u0107e trebati preciznije regulirati, rekao je ministar Medved.<\/p>\n\n\n\n<p><strong>Koliko &#8220;te\u0161ke rije\u010di&#8221; koje padaju utje\u010du na stabilnost vojske?<\/strong><\/p>\n\n\n\n<p>&#8211; Hrvatska vojska je jamac sigurnosti i stabilnosti, stvorena je u Domovinskom ratu, a danas je moderna oru\u017eana sila i ni na koji na\u010din ne o\u010dekujem da \u0107e se u Hrvatskoj vojsci dogoditi bilo \u0161to \u0161to ne bi bilo povoljno za o\u010duvanje njene sposobnosti. Na\u0161i zapovjednici su profesionalni, stru\u010dni ljudi, rekao je.<\/p>\n\n\n\n<p>&#8211; Nagla\u0161avam da smo u ovim te\u0161kim okolnostima donijeli odluku o nabavci vi\u0161enamjenskih borbenih aviona i za tri godine Hrvatska \u0107e biti naoru\u017eana najsuvremenijim borbenim zrakoplovima. paralelno s time niti u jednom trenutku se nije zanemario segment drugih grana, rodova postrojbi HV-a. Ula\u017eu se velika sredstva u postrojbe Hrvatske kopnene vojske, zavr\u0161ili smo projekt opremanja oklopnog vozila Patria, zavr\u0161ili smo s postavljanjem borbenih stanica. Nastavlja se i s modernizacijom HRM-a, sa zavr\u0161etkom programa tj. izgradnje obalnih ophodnih brodova. Zapovjedni\u0161tvo za potporu se oprema s transportnim i logisti\u010dkim kapacitetima kako bi mogao podr\u017eavati ostale grane HV-a. Vlada je u\u010dinila i napor za podizanje sposobnosti Hrvatskog vojnog u\u010dili\u0161ta i stvoreni su preduvjeti za razvoj vojne znanosti, rekao je Medved.<\/p>\n\n\n\n<p>Naglasio je da su&nbsp; posebno ponosni na ulaganje u &#8220;klju\u010dni \u010dimbenik, a to je vojnik&#8221;, kroz zakonodavne okvire.<\/p>\n\n\n\n<p>&#8211; Iznimno bitan segment su uvjeti \u017eivota i rada i na\u0161a ulaganja u vojne objekte. Uz to \u0161to smo u Vukovaru izgradili novu vojarnu, vratili vojsku u Vukovar, Vara\u017edin, Plo\u010de, Sinj, Pulu. Vi\u0161e od 600 mil. kn investirali smo u uvjete rada u vojarnama. Na tom \u0107emo tragu i nastaviti kao i nastaviti nabavljati suvremene, moderne oru\u017eane sustave koji su nu\u017eni kako bi HV odr\u017eao sve sposobnosti, poglavito u svjetlu izgradnje i opremanja sa suvremenim sustavima protuzra\u010dne obrane, oklopne borbe i nabavke oklopnih vozila za prijevoz pje\u0161a\u0161tva. Uz Patriju, koju smo zavr\u0161ili, pred nama je opremanje jedne bojne s prijevozom na gusjenicama, a to \u0107emo napraviti nakon takti\u010dko-tehni\u010dke analize i kada HV obavi sve predradnje, staviti to u prora\u010dun i nabaviti i te prevo\u017enjake, rekao je Medved.\u00a0<\/p>\n\n\n\n<div style=\"width: 640px;\" class=\"wp-video\"><video class=\"wp-video-shortcode\" id=\"video-87126-1\" width=\"640\" height=\"360\" preload=\"metadata\" controls=\"controls\"><source type=\"video\/mp4\" src=\"https:\/\/api.hrt.hr\/media\/07\/36\/asv-medved-1011-20211110100906.mp4?_=1\" \/><a href=\"https:\/\/api.hrt.hr\/media\/07\/36\/asv-medved-1011-20211110100906.mp4\">https:\/\/api.hrt.hr\/media\/07\/36\/asv-medved-1011-20211110100906.mp4<\/a><\/video><\/div>\n\n\n\n<p><strong>Obilje\u017eavanje Dana sje\u0107anja na \u017ertvu Vukovara; Bit \u0107e ograni\u010denja, a smjernice \u0107e dati HZJZ<\/strong><\/p>\n\n\n\n<p>&#8211; Danas \u0107emo na sjednicu Savjeta donijeti odluku, uva\u017eavaju\u0107i okvire i smjernice koje \u0107e nam dati HZJZ. No treba naglasiti, da je Vukovar simbol mlade Hrvatske i Hrvatska \u0107e na odgovaraju\u0107i na\u010din obilje\u017eiti 30. obljetnicu stravi\u010dnog zlo\u010dina i velikog stradanja Vukova i \u0160kabrnje. Danas \u0107emo, uva\u017eavaju\u0107i aktualno stanje, prepoznati format na koji \u0107emo na\u010din obilje\u017eiti te va\u017ene doga\u0111aje. Zasigurno \u0107e biti ograni\u010denja, odnosit \u0107e se prvenstveno na organizirani prijevoz i smje\u0161taj gdje \u0107e biti potrebne COVID potvrde. Pote\u0161ko\u0107a \u0107e biti i u organiziranju prehrane i radu ugostiteljskih objekata, rekao je Medved.<\/p>\n\n\n\n<p><strong>Poziv gra\u0111anima da komemoriranje organiziraju u svojim mjestima<\/strong><\/p>\n\n\n\n<p>&#8211; Na\u017ealost, ovo je druga godina u ovim uvjetima i ponovno \u0107emo pozvati gra\u0111ane da komemoracije organiziraju u svojim mjestima kako bismo smanjili broj ljudi koji bi do\u0161li u Vukovar. Posebno se obra\u0107am ranjivim skupinama, naru\u0161enog zdravlja, da vodimo ra\u010duna o svojem zdravlju i zdravlju svojih bli\u017enjih, rekao je Medved.<\/p>\n\n\n\n<p>&#8211; Danas u 15 sati odr\u017eat \u0107emo Savjet na koji su pozvani predstavnici Vukovara i \u0160kabrnje i svi predstavnici tijela, pa \u0107emo u skladu slike i preporuka HZJZ-a donijeti odluke i priop\u0107iti ih javnosti, rekao je Medved.<\/p>\n\n\n\n<p><strong>Zima na Banovini?<\/strong><\/p>\n\n\n\n<p>Nakon \u0161to je iznio statisti\u010dke podatke o posljedicama potresa na Banovini i dosad u\u010dinjenog, Medved je rekao da je va\u017eno da \u0107e Vlada pru\u017eiti sve oblike potpore kao \u0161to su to \u010dinili i pro\u0161le zime, da su maksimalno iskoristili vrijeme u procesu obnove.&nbsp;<\/p>\n\n\n\n<p>&#8211; U tehni\u010dkom i normativnom segmentu mi smo u potpunosti pripravni. Vlada je osigurala potrebita sredstva za to i pred nama je razdoblje za zapo\u010dinjanje procesa, ako dopusti zima, a ako ne, to \u0107emo u\u010diniti na prolje\u0107e &#8211; izgradnju zamjenskih obiteljskih ku\u0107a i izgradnju vi\u0161estambenih zgrada, kazao je Medved.&nbsp;&nbsp;<\/p>\n\n\n\n<p><strong>Za\u0161to se stje\u010de dojam da sve ide jako sporo?<\/strong><\/p>\n\n\n\n<p>&#8211; Tjedno obnavljamo vi\u0161e od 20 obiteljskih ku\u0107a. Pozivam gra\u0111ane da, izme\u0111u ostalog, iskoriste mehanizam samoobnove iz zakona &#8211; gra\u0111anin mo\u017ee anga\u017eirati ovla\u0161tenog izvo\u0111a\u010da, a RH \u0107e na u potpunosti iznositi tro\u0161ak, kazao je Medved.&nbsp;<\/p>\n\n\n\n<p>Naglasio je da veliki broj obiteljskih ku\u0107a na podru\u010dju Sisa\u010dko-moslava\u010dke \u017eupanije nije imao gra\u0111evinsku dozvolu, a kroz Zakon je reguliran mehanizam legalizacije nakon obnove.<\/p>\n\n\n\n<p>Izvor:hrt.hr<\/p>\n","protected":false},"excerpt":{"rendered":"<p>Vlada RH u potpunosti razumije nu\u017enost ja\u010danja na\u0161ih obrambenih sposobnosti, a to u kona\u010dnici kroz na\u0161e djelovanje sna\u017eno podupiremo i na tome radimo. Uz sve neda\u0107e koje su zadesile RH &#8211; koronu i potrese, mi za sustav obrane izdvajamo od 7 do 10 posto vi\u0161e, osobito u svjetlu nabavke borbenih zrakoplova. U kontekst vremena u [&hellip;]<\/p>\n","protected":false},"author":2,"featured_media":87127,"comment_status":"closed","ping_status":"closed","sticky":false,"template":"","format":"standard","meta":{"h5ap_radio_sources":[],"footnotes":""},"categories":[1],"tags":[],"class_list":["post-87126","post","type-post","status-publish","format-standard","has-post-thumbnail","hentry","category-bihiregija"],"yoast_head":"<!-- This site is optimized with the Yoast SEO plugin v27.5 - https:\/\/yoast.com\/product\/yoast-seo-wordpress\/ -->\n<title>Medved: Situacija oko napetosti u dr\u017eavnom vrhu \u0107e se rasplesti po\u0161tovanjem zakona - RADIO LJUBU\u0160KI<\/title>\n<meta name=\"robots\" content=\"index, follow, max-snippet:-1, max-image-preview:large, max-video-preview:-1\" \/>\n<link rel=\"canonical\" href=\"https:\/\/radioljubuski.ba\/index.php\/2021\/11\/10\/medved-situacija-oko-napetosti-u-drzavnom-vrhu-ce-se-rasplesti-postovanjem-zakona\/\" \/>\n<meta property=\"og:locale\" content=\"hr_HR\" \/>\n<meta property=\"og:type\" content=\"article\" \/>\n<meta property=\"og:title\" content=\"Medved: Situacija oko napetosti u dr\u017eavnom vrhu \u0107e se rasplesti po\u0161tovanjem zakona - RADIO LJUBU\u0160KI\" \/>\n<meta property=\"og:description\" content=\"Vlada RH u potpunosti razumije nu\u017enost ja\u010danja na\u0161ih obrambenih sposobnosti, a to u kona\u010dnici kroz na\u0161e djelovanje sna\u017eno podupiremo i na tome radimo. Uz sve neda\u0107e koje su zadesile RH &#8211; koronu i potrese, mi za sustav obrane izdvajamo od 7 do 10 posto vi\u0161e, osobito u svjetlu nabavke borbenih zrakoplova. U kontekst vremena u [&hellip;]\" \/>\n<meta property=\"og:url\" content=\"https:\/\/radioljubuski.ba\/index.php\/2021\/11\/10\/medved-situacija-oko-napetosti-u-drzavnom-vrhu-ce-se-rasplesti-postovanjem-zakona\/\" \/>\n<meta property=\"og:site_name\" content=\"RADIO LJUBU\u0160KI\" \/>\n<meta property=\"article:publisher\" content=\"https:\/\/www.facebook.com\/Radiio-Ljubuski-1490835324566332\" \/>\n<meta property=\"article:published_time\" content=\"2021-11-10T12:53:26+00:00\" \/>\n<meta property=\"article:modified_time\" content=\"2021-11-10T12:53:27+00:00\" \/>\n<meta property=\"og:image\" content=\"https:\/\/radioljubuski.ba\/wp-content\/uploads\/2021\/11\/33-2.jpg\" \/>\n\t<meta property=\"og:image:width\" content=\"295\" \/>\n\t<meta property=\"og:image:height\" content=\"171\" \/>\n\t<meta property=\"og:image:type\" content=\"image\/jpeg\" \/>\n<meta name=\"author\" content=\"Radio Ljubu\u0161ki\" \/>\n<meta name=\"twitter:card\" content=\"summary_large_image\" \/>\n<meta name=\"twitter:creator\" content=\"@radioljubuski\" \/>\n<meta name=\"twitter:site\" content=\"@radioljubuski\" \/>\n<meta name=\"twitter:label1\" content=\"Napisao\/la\" \/>\n\t<meta name=\"twitter:data1\" content=\"Radio Ljubu\u0161ki\" \/>\n\t<meta name=\"twitter:label2\" content=\"Procijenjeno vrijeme \u010ditanja\" \/>\n\t<meta name=\"twitter:data2\" content=\"6 minuta\" \/>\n<script type=\"application\/ld+json\" class=\"yoast-schema-graph\">{\"@context\":\"https:\\\/\\\/schema.org\",\"@graph\":[{\"@type\":\"Article\",\"@id\":\"https:\\\/\\\/radioljubuski.ba\\\/index.php\\\/2021\\\/11\\\/10\\\/medved-situacija-oko-napetosti-u-drzavnom-vrhu-ce-se-rasplesti-postovanjem-zakona\\\/#article\",\"isPartOf\":{\"@id\":\"https:\\\/\\\/radioljubuski.ba\\\/index.php\\\/2021\\\/11\\\/10\\\/medved-situacija-oko-napetosti-u-drzavnom-vrhu-ce-se-rasplesti-postovanjem-zakona\\\/\"},\"author\":{\"name\":\"Radio Ljubu\u0161ki\",\"@id\":\"https:\\\/\\\/radioljubuski.ba\\\/#\\\/schema\\\/person\\\/19fc700381a780f69665d7956c469e3b\"},\"headline\":\"Medved: Situacija oko napetosti u dr\u017eavnom vrhu \u0107e se rasplesti po\u0161tovanjem zakona\",\"datePublished\":\"2021-11-10T12:53:26+00:00\",\"dateModified\":\"2021-11-10T12:53:27+00:00\",\"mainEntityOfPage\":{\"@id\":\"https:\\\/\\\/radioljubuski.ba\\\/index.php\\\/2021\\\/11\\\/10\\\/medved-situacija-oko-napetosti-u-drzavnom-vrhu-ce-se-rasplesti-postovanjem-zakona\\\/\"},\"wordCount\":1338,\"publisher\":{\"@id\":\"https:\\\/\\\/radioljubuski.ba\\\/#organization\"},\"image\":{\"@id\":\"https:\\\/\\\/radioljubuski.ba\\\/index.php\\\/2021\\\/11\\\/10\\\/medved-situacija-oko-napetosti-u-drzavnom-vrhu-ce-se-rasplesti-postovanjem-zakona\\\/#primaryimage\"},\"thumbnailUrl\":\"https:\\\/\\\/radioljubuski.ba\\\/wp-content\\\/uploads\\\/2021\\\/11\\\/33-2.jpg\",\"articleSection\":[\"BIH i regija\"],\"inLanguage\":\"hr\"},{\"@type\":\"WebPage\",\"@id\":\"https:\\\/\\\/radioljubuski.ba\\\/index.php\\\/2021\\\/11\\\/10\\\/medved-situacija-oko-napetosti-u-drzavnom-vrhu-ce-se-rasplesti-postovanjem-zakona\\\/\",\"url\":\"https:\\\/\\\/radioljubuski.ba\\\/index.php\\\/2021\\\/11\\\/10\\\/medved-situacija-oko-napetosti-u-drzavnom-vrhu-ce-se-rasplesti-postovanjem-zakona\\\/\",\"name\":\"Medved: Situacija oko napetosti u dr\u017eavnom vrhu \u0107e se rasplesti po\u0161tovanjem zakona - RADIO LJUBU\u0160KI\",\"isPartOf\":{\"@id\":\"https:\\\/\\\/radioljubuski.ba\\\/#website\"},\"primaryImageOfPage\":{\"@id\":\"https:\\\/\\\/radioljubuski.ba\\\/index.php\\\/2021\\\/11\\\/10\\\/medved-situacija-oko-napetosti-u-drzavnom-vrhu-ce-se-rasplesti-postovanjem-zakona\\\/#primaryimage\"},\"image\":{\"@id\":\"https:\\\/\\\/radioljubuski.ba\\\/index.php\\\/2021\\\/11\\\/10\\\/medved-situacija-oko-napetosti-u-drzavnom-vrhu-ce-se-rasplesti-postovanjem-zakona\\\/#primaryimage\"},\"thumbnailUrl\":\"https:\\\/\\\/radioljubuski.ba\\\/wp-content\\\/uploads\\\/2021\\\/11\\\/33-2.jpg\",\"datePublished\":\"2021-11-10T12:53:26+00:00\",\"dateModified\":\"2021-11-10T12:53:27+00:00\",\"breadcrumb\":{\"@id\":\"https:\\\/\\\/radioljubuski.ba\\\/index.php\\\/2021\\\/11\\\/10\\\/medved-situacija-oko-napetosti-u-drzavnom-vrhu-ce-se-rasplesti-postovanjem-zakona\\\/#breadcrumb\"},\"inLanguage\":\"hr\",\"potentialAction\":[{\"@type\":\"ReadAction\",\"target\":[\"https:\\\/\\\/radioljubuski.ba\\\/index.php\\\/2021\\\/11\\\/10\\\/medved-situacija-oko-napetosti-u-drzavnom-vrhu-ce-se-rasplesti-postovanjem-zakona\\\/\"]}]},{\"@type\":\"ImageObject\",\"inLanguage\":\"hr\",\"@id\":\"https:\\\/\\\/radioljubuski.ba\\\/index.php\\\/2021\\\/11\\\/10\\\/medved-situacija-oko-napetosti-u-drzavnom-vrhu-ce-se-rasplesti-postovanjem-zakona\\\/#primaryimage\",\"url\":\"https:\\\/\\\/radioljubuski.ba\\\/wp-content\\\/uploads\\\/2021\\\/11\\\/33-2.jpg\",\"contentUrl\":\"https:\\\/\\\/radioljubuski.ba\\\/wp-content\\\/uploads\\\/2021\\\/11\\\/33-2.jpg\",\"width\":295,\"height\":171},{\"@type\":\"BreadcrumbList\",\"@id\":\"https:\\\/\\\/radioljubuski.ba\\\/index.php\\\/2021\\\/11\\\/10\\\/medved-situacija-oko-napetosti-u-drzavnom-vrhu-ce-se-rasplesti-postovanjem-zakona\\\/#breadcrumb\",\"itemListElement\":[{\"@type\":\"ListItem\",\"position\":1,\"name\":\"Po\u010detna stranica\",\"item\":\"https:\\\/\\\/radioljubuski.ba\\\/\"},{\"@type\":\"ListItem\",\"position\":2,\"name\":\"Medved: Situacija oko napetosti u dr\u017eavnom vrhu \u0107e se rasplesti po\u0161tovanjem zakona\"}]},{\"@type\":\"WebSite\",\"@id\":\"https:\\\/\\\/radioljubuski.ba\\\/#website\",\"url\":\"https:\\\/\\\/radioljubuski.ba\\\/\",\"name\":\"Radio Ljubu\u0161ki\",\"description\":\"Sun\u010dana frekvencija Hercegovine\",\"publisher\":{\"@id\":\"https:\\\/\\\/radioljubuski.ba\\\/#organization\"},\"potentialAction\":[{\"@type\":\"SearchAction\",\"target\":{\"@type\":\"EntryPoint\",\"urlTemplate\":\"https:\\\/\\\/radioljubuski.ba\\\/?s={search_term_string}\"},\"query-input\":{\"@type\":\"PropertyValueSpecification\",\"valueRequired\":true,\"valueName\":\"search_term_string\"}}],\"inLanguage\":\"hr\"},{\"@type\":\"Organization\",\"@id\":\"https:\\\/\\\/radioljubuski.ba\\\/#organization\",\"name\":\"Radio Ljubu\u0161ki\",\"url\":\"https:\\\/\\\/radioljubuski.ba\\\/\",\"logo\":{\"@type\":\"ImageObject\",\"inLanguage\":\"hr\",\"@id\":\"https:\\\/\\\/radioljubuski.ba\\\/#\\\/schema\\\/logo\\\/image\\\/\",\"url\":\"https:\\\/\\\/radioljubuski.ba\\\/wp-content\\\/uploads\\\/2021\\\/02\\\/cropped-Radio_Ljubuski_logo1.jpg\",\"contentUrl\":\"https:\\\/\\\/radioljubuski.ba\\\/wp-content\\\/uploads\\\/2021\\\/02\\\/cropped-Radio_Ljubuski_logo1.jpg\",\"width\":512,\"height\":512,\"caption\":\"Radio Ljubu\u0161ki\"},\"image\":{\"@id\":\"https:\\\/\\\/radioljubuski.ba\\\/#\\\/schema\\\/logo\\\/image\\\/\"},\"sameAs\":[\"https:\\\/\\\/www.facebook.com\\\/Radiio-Ljubuski-1490835324566332\",\"https:\\\/\\\/x.com\\\/radioljubuski\",\"https:\\\/\\\/hr.linkedin.com\\\/company\\\/radio-ljubuski\",\"https:\\\/\\\/www.youtube.com\\\/channel\\\/UCHYaeO_n0Db3tjNGudGpXyw\"]},{\"@type\":\"Person\",\"@id\":\"https:\\\/\\\/radioljubuski.ba\\\/#\\\/schema\\\/person\\\/19fc700381a780f69665d7956c469e3b\",\"name\":\"Radio Ljubu\u0161ki\"}]}<\/script>\n<!-- \/ Yoast SEO plugin. -->","yoast_head_json":{"title":"Medved: Situacija oko napetosti u dr\u017eavnom vrhu \u0107e se rasplesti po\u0161tovanjem zakona - RADIO LJUBU\u0160KI","robots":{"index":"index","follow":"follow","max-snippet":"max-snippet:-1","max-image-preview":"max-image-preview:large","max-video-preview":"max-video-preview:-1"},"canonical":"https:\/\/radioljubuski.ba\/index.php\/2021\/11\/10\/medved-situacija-oko-napetosti-u-drzavnom-vrhu-ce-se-rasplesti-postovanjem-zakona\/","og_locale":"hr_HR","og_type":"article","og_title":"Medved: Situacija oko napetosti u dr\u017eavnom vrhu \u0107e se rasplesti po\u0161tovanjem zakona - RADIO LJUBU\u0160KI","og_description":"Vlada RH u potpunosti razumije nu\u017enost ja\u010danja na\u0161ih obrambenih sposobnosti, a to u kona\u010dnici kroz na\u0161e djelovanje sna\u017eno podupiremo i na tome radimo. Uz sve neda\u0107e koje su zadesile RH &#8211; koronu i potrese, mi za sustav obrane izdvajamo od 7 do 10 posto vi\u0161e, osobito u svjetlu nabavke borbenih zrakoplova. U kontekst vremena u [&hellip;]","og_url":"https:\/\/radioljubuski.ba\/index.php\/2021\/11\/10\/medved-situacija-oko-napetosti-u-drzavnom-vrhu-ce-se-rasplesti-postovanjem-zakona\/","og_site_name":"RADIO LJUBU\u0160KI","article_publisher":"https:\/\/www.facebook.com\/Radiio-Ljubuski-1490835324566332","article_published_time":"2021-11-10T12:53:26+00:00","article_modified_time":"2021-11-10T12:53:27+00:00","og_image":[{"width":295,"height":171,"url":"https:\/\/radioljubuski.ba\/wp-content\/uploads\/2021\/11\/33-2.jpg","type":"image\/jpeg"}],"author":"Radio Ljubu\u0161ki","twitter_card":"summary_large_image","twitter_creator":"@radioljubuski","twitter_site":"@radioljubuski","twitter_misc":{"Napisao\/la":"Radio Ljubu\u0161ki","Procijenjeno vrijeme \u010ditanja":"6 minuta"},"schema":{"@context":"https:\/\/schema.org","@graph":[{"@type":"Article","@id":"https:\/\/radioljubuski.ba\/index.php\/2021\/11\/10\/medved-situacija-oko-napetosti-u-drzavnom-vrhu-ce-se-rasplesti-postovanjem-zakona\/#article","isPartOf":{"@id":"https:\/\/radioljubuski.ba\/index.php\/2021\/11\/10\/medved-situacija-oko-napetosti-u-drzavnom-vrhu-ce-se-rasplesti-postovanjem-zakona\/"},"author":{"name":"Radio Ljubu\u0161ki","@id":"https:\/\/radioljubuski.ba\/#\/schema\/person\/19fc700381a780f69665d7956c469e3b"},"headline":"Medved: Situacija oko napetosti u dr\u017eavnom vrhu \u0107e se rasplesti po\u0161tovanjem zakona","datePublished":"2021-11-10T12:53:26+00:00","dateModified":"2021-11-10T12:53:27+00:00","mainEntityOfPage":{"@id":"https:\/\/radioljubuski.ba\/index.php\/2021\/11\/10\/medved-situacija-oko-napetosti-u-drzavnom-vrhu-ce-se-rasplesti-postovanjem-zakona\/"},"wordCount":1338,"publisher":{"@id":"https:\/\/radioljubuski.ba\/#organization"},"image":{"@id":"https:\/\/radioljubuski.ba\/index.php\/2021\/11\/10\/medved-situacija-oko-napetosti-u-drzavnom-vrhu-ce-se-rasplesti-postovanjem-zakona\/#primaryimage"},"thumbnailUrl":"https:\/\/radioljubuski.ba\/wp-content\/uploads\/2021\/11\/33-2.jpg","articleSection":["BIH i regija"],"inLanguage":"hr"},{"@type":"WebPage","@id":"https:\/\/radioljubuski.ba\/index.php\/2021\/11\/10\/medved-situacija-oko-napetosti-u-drzavnom-vrhu-ce-se-rasplesti-postovanjem-zakona\/","url":"https:\/\/radioljubuski.ba\/index.php\/2021\/11\/10\/medved-situacija-oko-napetosti-u-drzavnom-vrhu-ce-se-rasplesti-postovanjem-zakona\/","name":"Medved: Situacija oko napetosti u dr\u017eavnom vrhu \u0107e se rasplesti po\u0161tovanjem zakona - RADIO LJUBU\u0160KI","isPartOf":{"@id":"https:\/\/radioljubuski.ba\/#website"},"primaryImageOfPage":{"@id":"https:\/\/radioljubuski.ba\/index.php\/2021\/11\/10\/medved-situacija-oko-napetosti-u-drzavnom-vrhu-ce-se-rasplesti-postovanjem-zakona\/#primaryimage"},"image":{"@id":"https:\/\/radioljubuski.ba\/index.php\/2021\/11\/10\/medved-situacija-oko-napetosti-u-drzavnom-vrhu-ce-se-rasplesti-postovanjem-zakona\/#primaryimage"},"thumbnailUrl":"https:\/\/radioljubuski.ba\/wp-content\/uploads\/2021\/11\/33-2.jpg","datePublished":"2021-11-10T12:53:26+00:00","dateModified":"2021-11-10T12:53:27+00:00","breadcrumb":{"@id":"https:\/\/radioljubuski.ba\/index.php\/2021\/11\/10\/medved-situacija-oko-napetosti-u-drzavnom-vrhu-ce-se-rasplesti-postovanjem-zakona\/#breadcrumb"},"inLanguage":"hr","potentialAction":[{"@type":"ReadAction","target":["https:\/\/radioljubuski.ba\/index.php\/2021\/11\/10\/medved-situacija-oko-napetosti-u-drzavnom-vrhu-ce-se-rasplesti-postovanjem-zakona\/"]}]},{"@type":"ImageObject","inLanguage":"hr","@id":"https:\/\/radioljubuski.ba\/index.php\/2021\/11\/10\/medved-situacija-oko-napetosti-u-drzavnom-vrhu-ce-se-rasplesti-postovanjem-zakona\/#primaryimage","url":"https:\/\/radioljubuski.ba\/wp-content\/uploads\/2021\/11\/33-2.jpg","contentUrl":"https:\/\/radioljubuski.ba\/wp-content\/uploads\/2021\/11\/33-2.jpg","width":295,"height":171},{"@type":"BreadcrumbList","@id":"https:\/\/radioljubuski.ba\/index.php\/2021\/11\/10\/medved-situacija-oko-napetosti-u-drzavnom-vrhu-ce-se-rasplesti-postovanjem-zakona\/#breadcrumb","itemListElement":[{"@type":"ListItem","position":1,"name":"Po\u010detna stranica","item":"https:\/\/radioljubuski.ba\/"},{"@type":"ListItem","position":2,"name":"Medved: Situacija oko napetosti u dr\u017eavnom vrhu \u0107e se rasplesti po\u0161tovanjem zakona"}]},{"@type":"WebSite","@id":"https:\/\/radioljubuski.ba\/#website","url":"https:\/\/radioljubuski.ba\/","name":"Radio Ljubu\u0161ki","description":"Sun\u010dana frekvencija Hercegovine","publisher":{"@id":"https:\/\/radioljubuski.ba\/#organization"},"potentialAction":[{"@type":"SearchAction","target":{"@type":"EntryPoint","urlTemplate":"https:\/\/radioljubuski.ba\/?s={search_term_string}"},"query-input":{"@type":"PropertyValueSpecification","valueRequired":true,"valueName":"search_term_string"}}],"inLanguage":"hr"},{"@type":"Organization","@id":"https:\/\/radioljubuski.ba\/#organization","name":"Radio Ljubu\u0161ki","url":"https:\/\/radioljubuski.ba\/","logo":{"@type":"ImageObject","inLanguage":"hr","@id":"https:\/\/radioljubuski.ba\/#\/schema\/logo\/image\/","url":"https:\/\/radioljubuski.ba\/wp-content\/uploads\/2021\/02\/cropped-Radio_Ljubuski_logo1.jpg","contentUrl":"https:\/\/radioljubuski.ba\/wp-content\/uploads\/2021\/02\/cropped-Radio_Ljubuski_logo1.jpg","width":512,"height":512,"caption":"Radio Ljubu\u0161ki"},"image":{"@id":"https:\/\/radioljubuski.ba\/#\/schema\/logo\/image\/"},"sameAs":["https:\/\/www.facebook.com\/Radiio-Ljubuski-1490835324566332","https:\/\/x.com\/radioljubuski","https:\/\/hr.linkedin.com\/company\/radio-ljubuski","https:\/\/www.youtube.com\/channel\/UCHYaeO_n0Db3tjNGudGpXyw"]},{"@type":"Person","@id":"https:\/\/radioljubuski.ba\/#\/schema\/person\/19fc700381a780f69665d7956c469e3b","name":"Radio Ljubu\u0161ki"}]}},"_links":{"self":[{"href":"https:\/\/radioljubuski.ba\/index.php\/wp-json\/wp\/v2\/posts\/87126","targetHints":{"allow":["GET"]}}],"collection":[{"href":"https:\/\/radioljubuski.ba\/index.php\/wp-json\/wp\/v2\/posts"}],"about":[{"href":"https:\/\/radioljubuski.ba\/index.php\/wp-json\/wp\/v2\/types\/post"}],"author":[{"embeddable":true,"href":"https:\/\/radioljubuski.ba\/index.php\/wp-json\/wp\/v2\/users\/2"}],"replies":[{"embeddable":true,"href":"https:\/\/radioljubuski.ba\/index.php\/wp-json\/wp\/v2\/comments?post=87126"}],"version-history":[{"count":1,"href":"https:\/\/radioljubuski.ba\/index.php\/wp-json\/wp\/v2\/posts\/87126\/revisions"}],"predecessor-version":[{"id":87128,"href":"https:\/\/radioljubuski.ba\/index.php\/wp-json\/wp\/v2\/posts\/87126\/revisions\/87128"}],"wp:featuredmedia":[{"embeddable":true,"href":"https:\/\/radioljubuski.ba\/index.php\/wp-json\/wp\/v2\/media\/87127"}],"wp:attachment":[{"href":"https:\/\/radioljubuski.ba\/index.php\/wp-json\/wp\/v2\/media?parent=87126"}],"wp:term":[{"taxonomy":"category","embeddable":true,"href":"https:\/\/radioljubuski.ba\/index.php\/wp-json\/wp\/v2\/categories?post=87126"},{"taxonomy":"post_tag","embeddable":true,"href":"https:\/\/radioljubuski.ba\/index.php\/wp-json\/wp\/v2\/tags?post=87126"}],"curies":[{"name":"wp","href":"https:\/\/api.w.org\/{rel}","templated":true}]}}