{"id":87132,"date":"2021-11-10T14:04:16","date_gmt":"2021-11-10T13:04:16","guid":{"rendered":"https:\/\/radioljubuski.ba\/?p=87132"},"modified":"2021-11-10T14:04:17","modified_gmt":"2021-11-10T13:04:17","slug":"najbolja-hrvatska-nordijska-skijasica-peking-su-mi-zadnje-zoi","status":"publish","type":"post","link":"https:\/\/radioljubuski.ba\/index.php\/2021\/11\/10\/najbolja-hrvatska-nordijska-skijasica-peking-su-mi-zadnje-zoi\/","title":{"rendered":"Najbolja hrvatska nordijska skija\u0161ica: Peking su mi zadnje ZOI"},"content":{"rendered":"\n<p><strong>Vedrana<\/strong> <strong>Malec<\/strong> \u0107e u velja\u010di tre\u0107i put nastupiti na Zimskim olimpijskim igrama. Na pro\u0161loj sjednici Vije\u0107a Hrvatskog olimpijskog odbora potvr\u0111en joj je status evidentne olimpijske kandidatkinje, pa \u0107e nakon So\u010dija 2014. i Pjong\u010danga 2018. godine, na\u0161a najbolja nordijska skija\u0161ica nastupiti i na ZOI u Pekingu 2022.<\/p>\n\n\n\n<p>&#8211; Sistem kvalifikacija dosta je kompliciran. Osim osobnih normi, koje se mjere u tzv. FIS bodovima, za ove ZOI je bilo potrebno ostvariti i nacionalnu normu, odnosno skupiti \u0161to vi\u0161e bodova za dr\u017eavu, a na kraju je sve to trebalo potvrditi nastupom na zadnjem Svjetskom prvenstvu. Skupljanjem nacionalnih bodova na utrkama Svjetskog kupa i Svjetskih prvenstava uspijeli smo za ove ZOI otvoriti mjesto za dvije skija\u0161ice, \u0161to je veliki uspijeh za malu zemlju kao \u0161to smo mi, poja\u0161njava Vedrana, koja u Kini planira nastupiti u \u010dak \u010detiri discipline.<\/p>\n\n\n\n<p>&#8211; Za sada je u planu start u utrci sprinta na 1.6 km, na 10 km klasi\u010dnim stilom, u team sprintu i, kao \u0161e\u0107er na kraju, moja velika \u017eelja je start na 30 km. Iako se ne\u0107u posebno pripremati za tu utrku, mislim da \u0107u uz utrku sprinta u njoj mo\u017eda i najvi\u0161e u\u017eivati jer su duge utrke uvijek veliki izazov i mo\u017eda moja prva ljubav.<\/p>\n\n\n\n<p>Usprkos brojnim problemima, Vedranine ambicije za Peking nisu nimalo skromne.<\/p>\n\n\n\n<p>&#8211; Cilj je kao i uvijek do sada postavljen dosta visoko. Kvalificirati se u \u010detvrtfinale sprinta istovremeno je i cilj i \u017eelja, iako je trenutno te\u0161ko re\u0107i koji su realni ciljevi. Pro\u0161le sezone zbog posljedica koje je covid ostavio na moj organizam gotovo da i nisam nastupala na natjecanjima, tako da trenutno jedva \u010dekamo po\u010detak sezone da vidimo gdje smo i kakvo je stanje nakon gotovo dvije sezone bez utrka. Tada \u0107emo mo\u0107i realnije postaviti ciljeve i tempirati formu.<\/p>\n\n\n\n<p>Zbog treninga i natjecanja najbolja hrvatska nordijka dobar dio godine provodi izvan Hrvatske.<\/p>\n\n\n\n<p>&#8211; Ve\u0107 nekoliko godina treniram i radim sa slovenskom ekipom i trenerom <strong>Markom<\/strong> <strong>Gracerom<\/strong>, tako da ve\u0107i dio sezone provodim u Sloveniji, dok ovaj jesenski period koristimo za odlaske na austrijske ili talijanske ledenjake kako bismo trenirali na snijegu i visini, ka\u017ee Vedrana i opisuje kako izgledaju treninzi jedne olimpijke u jednom od najte\u017eih sportova uop\u0107e:<\/p>\n\n\n\n<p>&#8211; Treninzi ovise o dobu godine u kojem se nalazimo. Ljetni dio i ranu jesen koristimo za duge treninge i skupljanje sati i kilometara, pa tada u jednom danu odradim i sedam, osam sati treninga, dok se kako idemo prema sezoni poja\u010dava intenzitet treninga i smanjuje satnica, pa tada treniram oko \u010detiri sata dnevno. Mogu re\u0107i da mi u treningu koristimo gotovo sve \u0161to u sportu postoji. Kroz ljeto puno preventivnih vje\u017ebi za za\u0161titu od ozljeda, puno osnovne snage, specijalne snage, ali i maksimalne snage, kajak, planinarenje, puno tr\u010danja, a naj\u010de\u0161\u0107e sam, naravno, na ski rolerima koje koristim kao zamjenu za skije do prvog snijega. Jako puno je tu brzih treninga i treninga izdr\u017eljivosti kako bi tijelo \u0161to bolje priviknula na napore.<\/p>\n\n\n\n<p>U posljednje vrijeme je naro\u010dito aktualna tema karijera sporta\u0161a nakon kraja sportske karijere. Zanimljiva je i Vedrani Malec \u010dija se skija\u0161ka karijera bli\u017ei kraju.<\/p>\n\n\n\n<p>&#8211; Da, ta tema je meni kao ambasadorici dual karijere pri Hrvatskom olimpijskom odboru izuzetno bliska i izuzetno sam ponosna na rad i promjene koje HOO uspijeva ostvariti. Iako su podaci jo\u0161 uvijek premalo dostupni javnosti i nadam se da \u0107emo to uspjeti \u0161to prije promijeniti. Ono \u0161to ja mogu re\u0107i za sebe jest to da su meni ovo definitivno posljednje Zimske olimpijske igre, polako zatvaram to podru\u010dje svoga \u017eivota i veselim se vidjeti \u0161to me dalje \u010deka. Kao magistra novinarstva vidim se u novinarstvu ili, mo\u017eda, u odnosima s javno\u0161\u0107u, nadam se i dalje u sportu, samo na neki drugi na\u010din, zaklju\u010duje Vedrana koja smatra da sporta\u0161i nakon prestanka karijere trebaju na neki na\u010din ostati uz svoje sportove:<\/p>\n\n\n\n<p>&#8211; Moje je mi\u0161ljenje da bi se biv\u0161im sporta\u0161ima koji \u017eele ostati u svojim sportovima to trebalo omogu\u0107iti, jer vjerujem da su kompetencije (odgovornost, to\u010dnost, timski rad&#8230;), a i iskustva koje mi kao vrhunski sporta\u0161i imamo nakon \u0161to zavr\u0161imo sportsku karijeru itekako korisna i mogu pomo\u0107i. Pri tome ne mislim da svaki sporta\u0161 mora nu\u017eno postati trener, na \u0161to se uglavnom prvo pomisli kod nas, ve\u0107 postoje broje druge pozicije na kojima se mo\u017eemo ostvariti i dokazati, a da smo i dalje u koliko, toliko poznatom okru\u017eenju.<\/p>\n\n\n\n<p>Izvor:hrt.hr<\/p>\n","protected":false},"excerpt":{"rendered":"<p>Vedrana Malec \u0107e u velja\u010di tre\u0107i put nastupiti na Zimskim olimpijskim igrama. Na pro\u0161loj sjednici Vije\u0107a Hrvatskog olimpijskog odbora potvr\u0111en joj je status evidentne olimpijske kandidatkinje, pa \u0107e nakon So\u010dija 2014. i Pjong\u010danga 2018. godine, na\u0161a najbolja nordijska skija\u0161ica nastupiti i na ZOI u Pekingu 2022. &#8211; Sistem kvalifikacija dosta je kompliciran. Osim osobnih normi, [&hellip;]<\/p>\n","protected":false},"author":2,"featured_media":87133,"comment_status":"closed","ping_status":"closed","sticky":false,"template":"","format":"standard","meta":{"h5ap_radio_sources":[],"footnotes":""},"categories":[7],"tags":[],"class_list":["post-87132","post","type-post","status-publish","format-standard","has-post-thumbnail","hentry","category-sport"],"yoast_head":"<!-- This site is optimized with the Yoast SEO plugin v27.5 - https:\/\/yoast.com\/product\/yoast-seo-wordpress\/ -->\n<title>Najbolja hrvatska nordijska skija\u0161ica: Peking su mi zadnje ZOI - RADIO LJUBU\u0160KI<\/title>\n<meta name=\"robots\" content=\"index, follow, max-snippet:-1, max-image-preview:large, max-video-preview:-1\" \/>\n<link rel=\"canonical\" href=\"https:\/\/radioljubuski.ba\/index.php\/2021\/11\/10\/najbolja-hrvatska-nordijska-skijasica-peking-su-mi-zadnje-zoi\/\" \/>\n<meta property=\"og:locale\" content=\"hr_HR\" \/>\n<meta property=\"og:type\" content=\"article\" \/>\n<meta property=\"og:title\" content=\"Najbolja hrvatska nordijska skija\u0161ica: Peking su mi zadnje ZOI - RADIO LJUBU\u0160KI\" \/>\n<meta property=\"og:description\" content=\"Vedrana Malec \u0107e u velja\u010di tre\u0107i put nastupiti na Zimskim olimpijskim igrama. Na pro\u0161loj sjednici Vije\u0107a Hrvatskog olimpijskog odbora potvr\u0111en joj je status evidentne olimpijske kandidatkinje, pa \u0107e nakon So\u010dija 2014. i Pjong\u010danga 2018. godine, na\u0161a najbolja nordijska skija\u0161ica nastupiti i na ZOI u Pekingu 2022. &#8211; Sistem kvalifikacija dosta je kompliciran. Osim osobnih normi, [&hellip;]\" \/>\n<meta property=\"og:url\" content=\"https:\/\/radioljubuski.ba\/index.php\/2021\/11\/10\/najbolja-hrvatska-nordijska-skijasica-peking-su-mi-zadnje-zoi\/\" \/>\n<meta property=\"og:site_name\" content=\"RADIO LJUBU\u0160KI\" \/>\n<meta property=\"article:publisher\" content=\"https:\/\/www.facebook.com\/Radiio-Ljubuski-1490835324566332\" \/>\n<meta property=\"article:published_time\" content=\"2021-11-10T13:04:16+00:00\" \/>\n<meta property=\"article:modified_time\" content=\"2021-11-10T13:04:17+00:00\" \/>\n<meta property=\"og:image\" content=\"https:\/\/radioljubuski.ba\/wp-content\/uploads\/2021\/11\/malec-vedrana-20211108133724.jpg\" \/>\n\t<meta property=\"og:image:width\" content=\"1296\" \/>\n\t<meta property=\"og:image:height\" content=\"783\" \/>\n\t<meta property=\"og:image:type\" content=\"image\/jpeg\" \/>\n<meta name=\"author\" content=\"Radio Ljubu\u0161ki\" \/>\n<meta name=\"twitter:card\" content=\"summary_large_image\" \/>\n<meta name=\"twitter:creator\" content=\"@radioljubuski\" \/>\n<meta name=\"twitter:site\" content=\"@radioljubuski\" \/>\n<meta name=\"twitter:label1\" content=\"Napisao\/la\" \/>\n\t<meta name=\"twitter:data1\" content=\"Radio Ljubu\u0161ki\" \/>\n\t<meta name=\"twitter:label2\" content=\"Procijenjeno vrijeme \u010ditanja\" \/>\n\t<meta name=\"twitter:data2\" content=\"4 minute\" \/>\n<script type=\"application\/ld+json\" class=\"yoast-schema-graph\">{\"@context\":\"https:\\\/\\\/schema.org\",\"@graph\":[{\"@type\":\"Article\",\"@id\":\"https:\\\/\\\/radioljubuski.ba\\\/index.php\\\/2021\\\/11\\\/10\\\/najbolja-hrvatska-nordijska-skijasica-peking-su-mi-zadnje-zoi\\\/#article\",\"isPartOf\":{\"@id\":\"https:\\\/\\\/radioljubuski.ba\\\/index.php\\\/2021\\\/11\\\/10\\\/najbolja-hrvatska-nordijska-skijasica-peking-su-mi-zadnje-zoi\\\/\"},\"author\":{\"name\":\"Radio Ljubu\u0161ki\",\"@id\":\"https:\\\/\\\/radioljubuski.ba\\\/#\\\/schema\\\/person\\\/19fc700381a780f69665d7956c469e3b\"},\"headline\":\"Najbolja hrvatska nordijska skija\u0161ica: Peking su mi zadnje ZOI\",\"datePublished\":\"2021-11-10T13:04:16+00:00\",\"dateModified\":\"2021-11-10T13:04:17+00:00\",\"mainEntityOfPage\":{\"@id\":\"https:\\\/\\\/radioljubuski.ba\\\/index.php\\\/2021\\\/11\\\/10\\\/najbolja-hrvatska-nordijska-skijasica-peking-su-mi-zadnje-zoi\\\/\"},\"wordCount\":777,\"publisher\":{\"@id\":\"https:\\\/\\\/radioljubuski.ba\\\/#organization\"},\"image\":{\"@id\":\"https:\\\/\\\/radioljubuski.ba\\\/index.php\\\/2021\\\/11\\\/10\\\/najbolja-hrvatska-nordijska-skijasica-peking-su-mi-zadnje-zoi\\\/#primaryimage\"},\"thumbnailUrl\":\"https:\\\/\\\/radioljubuski.ba\\\/wp-content\\\/uploads\\\/2021\\\/11\\\/malec-vedrana-20211108133724.jpg\",\"articleSection\":[\"\u0160port\"],\"inLanguage\":\"hr\"},{\"@type\":\"WebPage\",\"@id\":\"https:\\\/\\\/radioljubuski.ba\\\/index.php\\\/2021\\\/11\\\/10\\\/najbolja-hrvatska-nordijska-skijasica-peking-su-mi-zadnje-zoi\\\/\",\"url\":\"https:\\\/\\\/radioljubuski.ba\\\/index.php\\\/2021\\\/11\\\/10\\\/najbolja-hrvatska-nordijska-skijasica-peking-su-mi-zadnje-zoi\\\/\",\"name\":\"Najbolja hrvatska nordijska skija\u0161ica: Peking su mi zadnje ZOI - RADIO LJUBU\u0160KI\",\"isPartOf\":{\"@id\":\"https:\\\/\\\/radioljubuski.ba\\\/#website\"},\"primaryImageOfPage\":{\"@id\":\"https:\\\/\\\/radioljubuski.ba\\\/index.php\\\/2021\\\/11\\\/10\\\/najbolja-hrvatska-nordijska-skijasica-peking-su-mi-zadnje-zoi\\\/#primaryimage\"},\"image\":{\"@id\":\"https:\\\/\\\/radioljubuski.ba\\\/index.php\\\/2021\\\/11\\\/10\\\/najbolja-hrvatska-nordijska-skijasica-peking-su-mi-zadnje-zoi\\\/#primaryimage\"},\"thumbnailUrl\":\"https:\\\/\\\/radioljubuski.ba\\\/wp-content\\\/uploads\\\/2021\\\/11\\\/malec-vedrana-20211108133724.jpg\",\"datePublished\":\"2021-11-10T13:04:16+00:00\",\"dateModified\":\"2021-11-10T13:04:17+00:00\",\"breadcrumb\":{\"@id\":\"https:\\\/\\\/radioljubuski.ba\\\/index.php\\\/2021\\\/11\\\/10\\\/najbolja-hrvatska-nordijska-skijasica-peking-su-mi-zadnje-zoi\\\/#breadcrumb\"},\"inLanguage\":\"hr\",\"potentialAction\":[{\"@type\":\"ReadAction\",\"target\":[\"https:\\\/\\\/radioljubuski.ba\\\/index.php\\\/2021\\\/11\\\/10\\\/najbolja-hrvatska-nordijska-skijasica-peking-su-mi-zadnje-zoi\\\/\"]}]},{\"@type\":\"ImageObject\",\"inLanguage\":\"hr\",\"@id\":\"https:\\\/\\\/radioljubuski.ba\\\/index.php\\\/2021\\\/11\\\/10\\\/najbolja-hrvatska-nordijska-skijasica-peking-su-mi-zadnje-zoi\\\/#primaryimage\",\"url\":\"https:\\\/\\\/radioljubuski.ba\\\/wp-content\\\/uploads\\\/2021\\\/11\\\/malec-vedrana-20211108133724.jpg\",\"contentUrl\":\"https:\\\/\\\/radioljubuski.ba\\\/wp-content\\\/uploads\\\/2021\\\/11\\\/malec-vedrana-20211108133724.jpg\",\"width\":1296,\"height\":783,\"caption\":\"30.01.2018., Zagreb - Hotel WestIn, kristalna dvorana. Sluzbeni ispracaj hrvatskih olimpijaca na ZOI u Pjongcang te predstavljanje opreme tvrtke 4F, novog sponzora HOO-a. Photo: Sanjin Strukic\\\/PIXSELL (30.01.2018., Zagreb - Hotel WestIn, kristalna dvo\"},{\"@type\":\"BreadcrumbList\",\"@id\":\"https:\\\/\\\/radioljubuski.ba\\\/index.php\\\/2021\\\/11\\\/10\\\/najbolja-hrvatska-nordijska-skijasica-peking-su-mi-zadnje-zoi\\\/#breadcrumb\",\"itemListElement\":[{\"@type\":\"ListItem\",\"position\":1,\"name\":\"Po\u010detna stranica\",\"item\":\"https:\\\/\\\/radioljubuski.ba\\\/\"},{\"@type\":\"ListItem\",\"position\":2,\"name\":\"Najbolja hrvatska nordijska skija\u0161ica: Peking su mi zadnje ZOI\"}]},{\"@type\":\"WebSite\",\"@id\":\"https:\\\/\\\/radioljubuski.ba\\\/#website\",\"url\":\"https:\\\/\\\/radioljubuski.ba\\\/\",\"name\":\"Radio Ljubu\u0161ki\",\"description\":\"Sun\u010dana frekvencija Hercegovine\",\"publisher\":{\"@id\":\"https:\\\/\\\/radioljubuski.ba\\\/#organization\"},\"potentialAction\":[{\"@type\":\"SearchAction\",\"target\":{\"@type\":\"EntryPoint\",\"urlTemplate\":\"https:\\\/\\\/radioljubuski.ba\\\/?s={search_term_string}\"},\"query-input\":{\"@type\":\"PropertyValueSpecification\",\"valueRequired\":true,\"valueName\":\"search_term_string\"}}],\"inLanguage\":\"hr\"},{\"@type\":\"Organization\",\"@id\":\"https:\\\/\\\/radioljubuski.ba\\\/#organization\",\"name\":\"Radio Ljubu\u0161ki\",\"url\":\"https:\\\/\\\/radioljubuski.ba\\\/\",\"logo\":{\"@type\":\"ImageObject\",\"inLanguage\":\"hr\",\"@id\":\"https:\\\/\\\/radioljubuski.ba\\\/#\\\/schema\\\/logo\\\/image\\\/\",\"url\":\"https:\\\/\\\/radioljubuski.ba\\\/wp-content\\\/uploads\\\/2021\\\/02\\\/cropped-Radio_Ljubuski_logo1.jpg\",\"contentUrl\":\"https:\\\/\\\/radioljubuski.ba\\\/wp-content\\\/uploads\\\/2021\\\/02\\\/cropped-Radio_Ljubuski_logo1.jpg\",\"width\":512,\"height\":512,\"caption\":\"Radio Ljubu\u0161ki\"},\"image\":{\"@id\":\"https:\\\/\\\/radioljubuski.ba\\\/#\\\/schema\\\/logo\\\/image\\\/\"},\"sameAs\":[\"https:\\\/\\\/www.facebook.com\\\/Radiio-Ljubuski-1490835324566332\",\"https:\\\/\\\/x.com\\\/radioljubuski\",\"https:\\\/\\\/hr.linkedin.com\\\/company\\\/radio-ljubuski\",\"https:\\\/\\\/www.youtube.com\\\/channel\\\/UCHYaeO_n0Db3tjNGudGpXyw\"]},{\"@type\":\"Person\",\"@id\":\"https:\\\/\\\/radioljubuski.ba\\\/#\\\/schema\\\/person\\\/19fc700381a780f69665d7956c469e3b\",\"name\":\"Radio Ljubu\u0161ki\"}]}<\/script>\n<!-- \/ Yoast SEO plugin. -->","yoast_head_json":{"title":"Najbolja hrvatska nordijska skija\u0161ica: Peking su mi zadnje ZOI - RADIO LJUBU\u0160KI","robots":{"index":"index","follow":"follow","max-snippet":"max-snippet:-1","max-image-preview":"max-image-preview:large","max-video-preview":"max-video-preview:-1"},"canonical":"https:\/\/radioljubuski.ba\/index.php\/2021\/11\/10\/najbolja-hrvatska-nordijska-skijasica-peking-su-mi-zadnje-zoi\/","og_locale":"hr_HR","og_type":"article","og_title":"Najbolja hrvatska nordijska skija\u0161ica: Peking su mi zadnje ZOI - RADIO LJUBU\u0160KI","og_description":"Vedrana Malec \u0107e u velja\u010di tre\u0107i put nastupiti na Zimskim olimpijskim igrama. Na pro\u0161loj sjednici Vije\u0107a Hrvatskog olimpijskog odbora potvr\u0111en joj je status evidentne olimpijske kandidatkinje, pa \u0107e nakon So\u010dija 2014. i Pjong\u010danga 2018. godine, na\u0161a najbolja nordijska skija\u0161ica nastupiti i na ZOI u Pekingu 2022. &#8211; Sistem kvalifikacija dosta je kompliciran. Osim osobnih normi, [&hellip;]","og_url":"https:\/\/radioljubuski.ba\/index.php\/2021\/11\/10\/najbolja-hrvatska-nordijska-skijasica-peking-su-mi-zadnje-zoi\/","og_site_name":"RADIO LJUBU\u0160KI","article_publisher":"https:\/\/www.facebook.com\/Radiio-Ljubuski-1490835324566332","article_published_time":"2021-11-10T13:04:16+00:00","article_modified_time":"2021-11-10T13:04:17+00:00","og_image":[{"width":1296,"height":783,"url":"https:\/\/radioljubuski.ba\/wp-content\/uploads\/2021\/11\/malec-vedrana-20211108133724.jpg","type":"image\/jpeg"}],"author":"Radio Ljubu\u0161ki","twitter_card":"summary_large_image","twitter_creator":"@radioljubuski","twitter_site":"@radioljubuski","twitter_misc":{"Napisao\/la":"Radio Ljubu\u0161ki","Procijenjeno vrijeme \u010ditanja":"4 minute"},"schema":{"@context":"https:\/\/schema.org","@graph":[{"@type":"Article","@id":"https:\/\/radioljubuski.ba\/index.php\/2021\/11\/10\/najbolja-hrvatska-nordijska-skijasica-peking-su-mi-zadnje-zoi\/#article","isPartOf":{"@id":"https:\/\/radioljubuski.ba\/index.php\/2021\/11\/10\/najbolja-hrvatska-nordijska-skijasica-peking-su-mi-zadnje-zoi\/"},"author":{"name":"Radio Ljubu\u0161ki","@id":"https:\/\/radioljubuski.ba\/#\/schema\/person\/19fc700381a780f69665d7956c469e3b"},"headline":"Najbolja hrvatska nordijska skija\u0161ica: Peking su mi zadnje ZOI","datePublished":"2021-11-10T13:04:16+00:00","dateModified":"2021-11-10T13:04:17+00:00","mainEntityOfPage":{"@id":"https:\/\/radioljubuski.ba\/index.php\/2021\/11\/10\/najbolja-hrvatska-nordijska-skijasica-peking-su-mi-zadnje-zoi\/"},"wordCount":777,"publisher":{"@id":"https:\/\/radioljubuski.ba\/#organization"},"image":{"@id":"https:\/\/radioljubuski.ba\/index.php\/2021\/11\/10\/najbolja-hrvatska-nordijska-skijasica-peking-su-mi-zadnje-zoi\/#primaryimage"},"thumbnailUrl":"https:\/\/radioljubuski.ba\/wp-content\/uploads\/2021\/11\/malec-vedrana-20211108133724.jpg","articleSection":["\u0160port"],"inLanguage":"hr"},{"@type":"WebPage","@id":"https:\/\/radioljubuski.ba\/index.php\/2021\/11\/10\/najbolja-hrvatska-nordijska-skijasica-peking-su-mi-zadnje-zoi\/","url":"https:\/\/radioljubuski.ba\/index.php\/2021\/11\/10\/najbolja-hrvatska-nordijska-skijasica-peking-su-mi-zadnje-zoi\/","name":"Najbolja hrvatska nordijska skija\u0161ica: Peking su mi zadnje ZOI - RADIO LJUBU\u0160KI","isPartOf":{"@id":"https:\/\/radioljubuski.ba\/#website"},"primaryImageOfPage":{"@id":"https:\/\/radioljubuski.ba\/index.php\/2021\/11\/10\/najbolja-hrvatska-nordijska-skijasica-peking-su-mi-zadnje-zoi\/#primaryimage"},"image":{"@id":"https:\/\/radioljubuski.ba\/index.php\/2021\/11\/10\/najbolja-hrvatska-nordijska-skijasica-peking-su-mi-zadnje-zoi\/#primaryimage"},"thumbnailUrl":"https:\/\/radioljubuski.ba\/wp-content\/uploads\/2021\/11\/malec-vedrana-20211108133724.jpg","datePublished":"2021-11-10T13:04:16+00:00","dateModified":"2021-11-10T13:04:17+00:00","breadcrumb":{"@id":"https:\/\/radioljubuski.ba\/index.php\/2021\/11\/10\/najbolja-hrvatska-nordijska-skijasica-peking-su-mi-zadnje-zoi\/#breadcrumb"},"inLanguage":"hr","potentialAction":[{"@type":"ReadAction","target":["https:\/\/radioljubuski.ba\/index.php\/2021\/11\/10\/najbolja-hrvatska-nordijska-skijasica-peking-su-mi-zadnje-zoi\/"]}]},{"@type":"ImageObject","inLanguage":"hr","@id":"https:\/\/radioljubuski.ba\/index.php\/2021\/11\/10\/najbolja-hrvatska-nordijska-skijasica-peking-su-mi-zadnje-zoi\/#primaryimage","url":"https:\/\/radioljubuski.ba\/wp-content\/uploads\/2021\/11\/malec-vedrana-20211108133724.jpg","contentUrl":"https:\/\/radioljubuski.ba\/wp-content\/uploads\/2021\/11\/malec-vedrana-20211108133724.jpg","width":1296,"height":783,"caption":"30.01.2018., Zagreb - Hotel WestIn, kristalna dvorana. Sluzbeni ispracaj hrvatskih olimpijaca na ZOI u Pjongcang te predstavljanje opreme tvrtke 4F, novog sponzora HOO-a. Photo: Sanjin Strukic\/PIXSELL (30.01.2018., Zagreb - Hotel WestIn, kristalna dvo"},{"@type":"BreadcrumbList","@id":"https:\/\/radioljubuski.ba\/index.php\/2021\/11\/10\/najbolja-hrvatska-nordijska-skijasica-peking-su-mi-zadnje-zoi\/#breadcrumb","itemListElement":[{"@type":"ListItem","position":1,"name":"Po\u010detna stranica","item":"https:\/\/radioljubuski.ba\/"},{"@type":"ListItem","position":2,"name":"Najbolja hrvatska nordijska skija\u0161ica: Peking su mi zadnje ZOI"}]},{"@type":"WebSite","@id":"https:\/\/radioljubuski.ba\/#website","url":"https:\/\/radioljubuski.ba\/","name":"Radio Ljubu\u0161ki","description":"Sun\u010dana frekvencija Hercegovine","publisher":{"@id":"https:\/\/radioljubuski.ba\/#organization"},"potentialAction":[{"@type":"SearchAction","target":{"@type":"EntryPoint","urlTemplate":"https:\/\/radioljubuski.ba\/?s={search_term_string}"},"query-input":{"@type":"PropertyValueSpecification","valueRequired":true,"valueName":"search_term_string"}}],"inLanguage":"hr"},{"@type":"Organization","@id":"https:\/\/radioljubuski.ba\/#organization","name":"Radio Ljubu\u0161ki","url":"https:\/\/radioljubuski.ba\/","logo":{"@type":"ImageObject","inLanguage":"hr","@id":"https:\/\/radioljubuski.ba\/#\/schema\/logo\/image\/","url":"https:\/\/radioljubuski.ba\/wp-content\/uploads\/2021\/02\/cropped-Radio_Ljubuski_logo1.jpg","contentUrl":"https:\/\/radioljubuski.ba\/wp-content\/uploads\/2021\/02\/cropped-Radio_Ljubuski_logo1.jpg","width":512,"height":512,"caption":"Radio Ljubu\u0161ki"},"image":{"@id":"https:\/\/radioljubuski.ba\/#\/schema\/logo\/image\/"},"sameAs":["https:\/\/www.facebook.com\/Radiio-Ljubuski-1490835324566332","https:\/\/x.com\/radioljubuski","https:\/\/hr.linkedin.com\/company\/radio-ljubuski","https:\/\/www.youtube.com\/channel\/UCHYaeO_n0Db3tjNGudGpXyw"]},{"@type":"Person","@id":"https:\/\/radioljubuski.ba\/#\/schema\/person\/19fc700381a780f69665d7956c469e3b","name":"Radio Ljubu\u0161ki"}]}},"_links":{"self":[{"href":"https:\/\/radioljubuski.ba\/index.php\/wp-json\/wp\/v2\/posts\/87132","targetHints":{"allow":["GET"]}}],"collection":[{"href":"https:\/\/radioljubuski.ba\/index.php\/wp-json\/wp\/v2\/posts"}],"about":[{"href":"https:\/\/radioljubuski.ba\/index.php\/wp-json\/wp\/v2\/types\/post"}],"author":[{"embeddable":true,"href":"https:\/\/radioljubuski.ba\/index.php\/wp-json\/wp\/v2\/users\/2"}],"replies":[{"embeddable":true,"href":"https:\/\/radioljubuski.ba\/index.php\/wp-json\/wp\/v2\/comments?post=87132"}],"version-history":[{"count":1,"href":"https:\/\/radioljubuski.ba\/index.php\/wp-json\/wp\/v2\/posts\/87132\/revisions"}],"predecessor-version":[{"id":87134,"href":"https:\/\/radioljubuski.ba\/index.php\/wp-json\/wp\/v2\/posts\/87132\/revisions\/87134"}],"wp:featuredmedia":[{"embeddable":true,"href":"https:\/\/radioljubuski.ba\/index.php\/wp-json\/wp\/v2\/media\/87133"}],"wp:attachment":[{"href":"https:\/\/radioljubuski.ba\/index.php\/wp-json\/wp\/v2\/media?parent=87132"}],"wp:term":[{"taxonomy":"category","embeddable":true,"href":"https:\/\/radioljubuski.ba\/index.php\/wp-json\/wp\/v2\/categories?post=87132"},{"taxonomy":"post_tag","embeddable":true,"href":"https:\/\/radioljubuski.ba\/index.php\/wp-json\/wp\/v2\/tags?post=87132"}],"curies":[{"name":"wp","href":"https:\/\/api.w.org\/{rel}","templated":true}]}}