{"id":87144,"date":"2021-11-10T14:13:10","date_gmt":"2021-11-10T13:13:10","guid":{"rendered":"https:\/\/radioljubuski.ba\/?p=87144"},"modified":"2021-11-10T14:13:12","modified_gmt":"2021-11-10T13:13:12","slug":"hrvatske-veslacke-nade-dvojajcane-smo-blizanke-ali-i-potpuno-razlicite","status":"publish","type":"post","link":"https:\/\/radioljubuski.ba\/index.php\/2021\/11\/10\/hrvatske-veslacke-nade-dvojajcane-smo-blizanke-ali-i-potpuno-razlicite\/","title":{"rendered":"Hrvatske vesla\u010dke nade: Dvojaj\u010dane smo blizanke, ali i potpuno razli\u010dite"},"content":{"rendered":"\n<p>Jo\u0161 jedna lijepa pri\u010da o sportu i hrvatskom veslanju. O bra\u0107i <strong>Sinkovi\u0107 <\/strong>sve znamo, a sino\u0107 su se u prilogu emisije Stadion predstavile dvije sestre blizanke: <strong>Josipa <\/strong>i <strong>Ivana Jurkovi\u0107<\/strong>. One su hrvatske predstavnice u disciplini dvojac bez kormilara. Trenutno su europske i svjetske U-23 prvakinje i sveukupne pobjednice seniorskih svjetskih kupova za 2021. godinu.<\/p>\n\n\n\n<p>&#8211; Potpuno smo razli\u010dite, ne bi se reklo da smo blizanke. Ja sam vi\u0161e sportski tip, a ona je vi\u0161e ovako moderan tip. Bez obzira na to \u0161to se ja volim nekad na\u0161minkat srediti, ako ja ne\u0161to naumim, meni ni\u0161ta ne\u0107e stati na put. Ako smo ja i ona odlu\u010dile da \u0107emo jedan trening rasturiti, napraviti &#8220;personal best&#8221; mi \u0107emo to napraviti bez obzira na to kakvo je vrijeme. Jer imamo takvu glavu, rekla je Ivana.<\/p>\n\n\n\n<p>O tome koje su prednosti biti sestre u jednom ovakvom sportu:&nbsp;<\/p>\n\n\n\n<p>&#8211; Mislim da je to plus za nas sestre i bra\u0107u jer mi jednostavno poznajemo jedan drugoga. I to \u0161to se posva\u0111amo nekad jer smo stalno skupa to je&nbsp;normalno i to nas samo uzdi\u017ee, rekla je&nbsp;Josipa.<\/p>\n\n\n\n<p>&#8211; Kad je utrka ja to\u010dno osjetim kad je njoj kriza, to\u010dno znam kad joj ne\u0161to moram re\u0107i. I to je sama prednost na\u0161eg odnosa to \u0161to smo sestre i jer se poznamo u du\u0161u, nadodala je druga sestra&nbsp; Ivana.<\/p>\n\n\n\n<p>Kako su se&nbsp; dvije sestre odlu\u010dile baviti ovim sportom?<\/p>\n\n\n\n<p>&#8211; Baviti se veslanjem smo po\u010deli davnih dana. Jo\u0161 na nagovor prijateljice 2011. godine, kad smo ve\u0107 trenirale rukomet pet godina. Na prvoj regati smo odmah osvojile bron\u010danu medalju. Tako nam je to postalo zabavno, rekla je Josipa.<\/p>\n\n\n\n<p>Odakle dolazite i kakvi su uvjeti za trening?&nbsp;<\/p>\n\n\n\n<p>&#8211; Dolazimo iz Vele Luke s Kor\u010dule. Kad je do\u0161ao dan kad smo bile svjetske i europske juniorske prvakinje 2017. godine i nismo vi\u0161e imali uvjete na\u017ealost i trebale smo se preseliti u Zagreb kako bi se nastavili trkati s najboljima i stvarati povijest hrvatskog veslanja, rekla je Ivana.<\/p>\n\n\n\n<iframe loading=\"lazy\" src=\"https:\/\/www.facebook.com\/plugins\/video.php?height=476&#038;href=https%3A%2F%2Fwww.facebook.com%2FHRTsport%2Fvideos%2F603198147763228%2F&#038;show_text=false&#038;width=476&#038;t=0\" width=\"476\" height=\"476\" style=\"border:none;overflow:hidden\" scrolling=\"no\" frameborder=\"0\" allowfullscreen=\"true\" allow=\"autoplay; clipboard-write; encrypted-media; picture-in-picture; web-share\" allowFullScreen=\"true\"><\/iframe>\n\n\n\n<p>Koliko truda treba kako bi se ostvarili rezultati i kako bi se mogli natjecati s najboljima?<\/p>\n\n\n\n<p>&nbsp;&#8211; Mo\u017eemo se boriti s najboljima, nema onog lako \u0107emo, danas pu\u0161e pa ne\u0107u u vodu. Treba stisnuti zube i i\u0107i po svojem, ina\u010de uspjeha ne bi bilo, obja\u0161njava Josipa.<\/p>\n\n\n\n<p>&#8211; Govorili su nam \u0161to \u0107e nama curama veslanje, ra\u0161irit \u0107e vam se le\u0111a i tako to. Trenutno nemamo \u017euljeva ni rana.&nbsp;Ali \u0161to vi\u0161e \u017euljeva to je nama dra\u017ee jer onda vidimo da radimo dobro. Ako nema \u017euljeva i krvi onda ne\u0161to nije dobro, nadodala je druga sestra.&nbsp;<\/p>\n\n\n\n<p>Za kraj o bra\u0107i Sinkovi\u0107 i \u017eeljama za budu\u0107nost:&nbsp;<\/p>\n\n\n\n<p>-Bra\u0107a Sinkovi\u0107 bi trebala svima biti uzor. Mi im skidamo kapu i nadamo se da \u0107emo jednog dana mo\u0107i biti pribli\u017eno kao oni. Samim time nadamo se da \u0107emo uspjeti u Parizu izboriti mjesto i biti prva \u017eenska ekipa u toj disciplini na Olimpijskim igrama, zaklju\u010duje Ivana.<\/p>\n\n\n\n<p>Izvor:hrt.hr<\/p>\n","protected":false},"excerpt":{"rendered":"<p>Jo\u0161 jedna lijepa pri\u010da o sportu i hrvatskom veslanju. O bra\u0107i Sinkovi\u0107 sve znamo, a sino\u0107 su se u prilogu emisije Stadion predstavile dvije sestre blizanke: Josipa i Ivana Jurkovi\u0107. One su hrvatske predstavnice u disciplini dvojac bez kormilara. Trenutno su europske i svjetske U-23 prvakinje i sveukupne pobjednice seniorskih svjetskih kupova za 2021. godinu. [&hellip;]<\/p>\n","protected":false},"author":2,"featured_media":87145,"comment_status":"closed","ping_status":"closed","sticky":false,"template":"","format":"standard","meta":{"h5ap_radio_sources":[],"footnotes":""},"categories":[7],"tags":[],"class_list":["post-87144","post","type-post","status-publish","format-standard","has-post-thumbnail","hentry","category-sport"],"yoast_head":"<!-- This site is optimized with the Yoast SEO plugin v27.5 - https:\/\/yoast.com\/product\/yoast-seo-wordpress\/ -->\n<title>Hrvatske vesla\u010dke nade: Dvojaj\u010dane smo blizanke, ali i potpuno razli\u010dite - RADIO LJUBU\u0160KI<\/title>\n<meta name=\"robots\" content=\"index, follow, max-snippet:-1, max-image-preview:large, max-video-preview:-1\" \/>\n<link rel=\"canonical\" href=\"https:\/\/radioljubuski.ba\/index.php\/2021\/11\/10\/hrvatske-veslacke-nade-dvojajcane-smo-blizanke-ali-i-potpuno-razlicite\/\" \/>\n<meta property=\"og:locale\" content=\"hr_HR\" \/>\n<meta property=\"og:type\" content=\"article\" \/>\n<meta property=\"og:title\" content=\"Hrvatske vesla\u010dke nade: Dvojaj\u010dane smo blizanke, ali i potpuno razli\u010dite - RADIO LJUBU\u0160KI\" \/>\n<meta property=\"og:description\" content=\"Jo\u0161 jedna lijepa pri\u010da o sportu i hrvatskom veslanju. O bra\u0107i Sinkovi\u0107 sve znamo, a sino\u0107 su se u prilogu emisije Stadion predstavile dvije sestre blizanke: Josipa i Ivana Jurkovi\u0107. One su hrvatske predstavnice u disciplini dvojac bez kormilara. Trenutno su europske i svjetske U-23 prvakinje i sveukupne pobjednice seniorskih svjetskih kupova za 2021. godinu. [&hellip;]\" \/>\n<meta property=\"og:url\" content=\"https:\/\/radioljubuski.ba\/index.php\/2021\/11\/10\/hrvatske-veslacke-nade-dvojajcane-smo-blizanke-ali-i-potpuno-razlicite\/\" \/>\n<meta property=\"og:site_name\" content=\"RADIO LJUBU\u0160KI\" \/>\n<meta property=\"article:publisher\" content=\"https:\/\/www.facebook.com\/Radiio-Ljubuski-1490835324566332\" \/>\n<meta property=\"article:published_time\" content=\"2021-11-10T13:13:10+00:00\" \/>\n<meta property=\"article:modified_time\" content=\"2021-11-10T13:13:12+00:00\" \/>\n<meta property=\"og:image\" content=\"https:\/\/radioljubuski.ba\/wp-content\/uploads\/2021\/11\/pxl-010521-32720133-20210515155401.jpg\" \/>\n\t<meta property=\"og:image:width\" content=\"1600\" \/>\n\t<meta property=\"og:image:height\" content=\"1077\" \/>\n\t<meta property=\"og:image:type\" content=\"image\/jpeg\" \/>\n<meta name=\"author\" content=\"Radio Ljubu\u0161ki\" \/>\n<meta name=\"twitter:card\" content=\"summary_large_image\" \/>\n<meta name=\"twitter:creator\" content=\"@radioljubuski\" \/>\n<meta name=\"twitter:site\" content=\"@radioljubuski\" \/>\n<meta name=\"twitter:label1\" content=\"Napisao\/la\" \/>\n\t<meta name=\"twitter:data1\" content=\"Radio Ljubu\u0161ki\" \/>\n\t<meta name=\"twitter:label2\" content=\"Procijenjeno vrijeme \u010ditanja\" \/>\n\t<meta name=\"twitter:data2\" content=\"3 minute\" \/>\n<script type=\"application\/ld+json\" class=\"yoast-schema-graph\">{\"@context\":\"https:\\\/\\\/schema.org\",\"@graph\":[{\"@type\":\"Article\",\"@id\":\"https:\\\/\\\/radioljubuski.ba\\\/index.php\\\/2021\\\/11\\\/10\\\/hrvatske-veslacke-nade-dvojajcane-smo-blizanke-ali-i-potpuno-razlicite\\\/#article\",\"isPartOf\":{\"@id\":\"https:\\\/\\\/radioljubuski.ba\\\/index.php\\\/2021\\\/11\\\/10\\\/hrvatske-veslacke-nade-dvojajcane-smo-blizanke-ali-i-potpuno-razlicite\\\/\"},\"author\":{\"name\":\"Radio Ljubu\u0161ki\",\"@id\":\"https:\\\/\\\/radioljubuski.ba\\\/#\\\/schema\\\/person\\\/19fc700381a780f69665d7956c469e3b\"},\"headline\":\"Hrvatske vesla\u010dke nade: Dvojaj\u010dane smo blizanke, ali i potpuno razli\u010dite\",\"datePublished\":\"2021-11-10T13:13:10+00:00\",\"dateModified\":\"2021-11-10T13:13:12+00:00\",\"mainEntityOfPage\":{\"@id\":\"https:\\\/\\\/radioljubuski.ba\\\/index.php\\\/2021\\\/11\\\/10\\\/hrvatske-veslacke-nade-dvojajcane-smo-blizanke-ali-i-potpuno-razlicite\\\/\"},\"wordCount\":541,\"publisher\":{\"@id\":\"https:\\\/\\\/radioljubuski.ba\\\/#organization\"},\"image\":{\"@id\":\"https:\\\/\\\/radioljubuski.ba\\\/index.php\\\/2021\\\/11\\\/10\\\/hrvatske-veslacke-nade-dvojajcane-smo-blizanke-ali-i-potpuno-razlicite\\\/#primaryimage\"},\"thumbnailUrl\":\"https:\\\/\\\/radioljubuski.ba\\\/wp-content\\\/uploads\\\/2021\\\/11\\\/pxl-010521-32720133-20210515155401.jpg\",\"articleSection\":[\"\u0160port\"],\"inLanguage\":\"hr\"},{\"@type\":\"WebPage\",\"@id\":\"https:\\\/\\\/radioljubuski.ba\\\/index.php\\\/2021\\\/11\\\/10\\\/hrvatske-veslacke-nade-dvojajcane-smo-blizanke-ali-i-potpuno-razlicite\\\/\",\"url\":\"https:\\\/\\\/radioljubuski.ba\\\/index.php\\\/2021\\\/11\\\/10\\\/hrvatske-veslacke-nade-dvojajcane-smo-blizanke-ali-i-potpuno-razlicite\\\/\",\"name\":\"Hrvatske vesla\u010dke nade: Dvojaj\u010dane smo blizanke, ali i potpuno razli\u010dite - RADIO LJUBU\u0160KI\",\"isPartOf\":{\"@id\":\"https:\\\/\\\/radioljubuski.ba\\\/#website\"},\"primaryImageOfPage\":{\"@id\":\"https:\\\/\\\/radioljubuski.ba\\\/index.php\\\/2021\\\/11\\\/10\\\/hrvatske-veslacke-nade-dvojajcane-smo-blizanke-ali-i-potpuno-razlicite\\\/#primaryimage\"},\"image\":{\"@id\":\"https:\\\/\\\/radioljubuski.ba\\\/index.php\\\/2021\\\/11\\\/10\\\/hrvatske-veslacke-nade-dvojajcane-smo-blizanke-ali-i-potpuno-razlicite\\\/#primaryimage\"},\"thumbnailUrl\":\"https:\\\/\\\/radioljubuski.ba\\\/wp-content\\\/uploads\\\/2021\\\/11\\\/pxl-010521-32720133-20210515155401.jpg\",\"datePublished\":\"2021-11-10T13:13:10+00:00\",\"dateModified\":\"2021-11-10T13:13:12+00:00\",\"breadcrumb\":{\"@id\":\"https:\\\/\\\/radioljubuski.ba\\\/index.php\\\/2021\\\/11\\\/10\\\/hrvatske-veslacke-nade-dvojajcane-smo-blizanke-ali-i-potpuno-razlicite\\\/#breadcrumb\"},\"inLanguage\":\"hr\",\"potentialAction\":[{\"@type\":\"ReadAction\",\"target\":[\"https:\\\/\\\/radioljubuski.ba\\\/index.php\\\/2021\\\/11\\\/10\\\/hrvatske-veslacke-nade-dvojajcane-smo-blizanke-ali-i-potpuno-razlicite\\\/\"]}]},{\"@type\":\"ImageObject\",\"inLanguage\":\"hr\",\"@id\":\"https:\\\/\\\/radioljubuski.ba\\\/index.php\\\/2021\\\/11\\\/10\\\/hrvatske-veslacke-nade-dvojajcane-smo-blizanke-ali-i-potpuno-razlicite\\\/#primaryimage\",\"url\":\"https:\\\/\\\/radioljubuski.ba\\\/wp-content\\\/uploads\\\/2021\\\/11\\\/pxl-010521-32720133-20210515155401.jpg\",\"contentUrl\":\"https:\\\/\\\/radioljubuski.ba\\\/wp-content\\\/uploads\\\/2021\\\/11\\\/pxl-010521-32720133-20210515155401.jpg\",\"width\":1600,\"height\":1077,\"caption\":\"01.05.2021., Zagreb - Zagreb - Drugi dan Svjetskog veslackog kupa 2021. na Jarunu. Zenski Dvojac bez kormilara Ivana Jurkovic i Josipa Jurkovic. Photo: Matija Habljak\\\/PIXSELL\"},{\"@type\":\"BreadcrumbList\",\"@id\":\"https:\\\/\\\/radioljubuski.ba\\\/index.php\\\/2021\\\/11\\\/10\\\/hrvatske-veslacke-nade-dvojajcane-smo-blizanke-ali-i-potpuno-razlicite\\\/#breadcrumb\",\"itemListElement\":[{\"@type\":\"ListItem\",\"position\":1,\"name\":\"Po\u010detna stranica\",\"item\":\"https:\\\/\\\/radioljubuski.ba\\\/\"},{\"@type\":\"ListItem\",\"position\":2,\"name\":\"Hrvatske vesla\u010dke nade: Dvojaj\u010dane smo blizanke, ali i potpuno razli\u010dite\"}]},{\"@type\":\"WebSite\",\"@id\":\"https:\\\/\\\/radioljubuski.ba\\\/#website\",\"url\":\"https:\\\/\\\/radioljubuski.ba\\\/\",\"name\":\"Radio Ljubu\u0161ki\",\"description\":\"Sun\u010dana frekvencija Hercegovine\",\"publisher\":{\"@id\":\"https:\\\/\\\/radioljubuski.ba\\\/#organization\"},\"potentialAction\":[{\"@type\":\"SearchAction\",\"target\":{\"@type\":\"EntryPoint\",\"urlTemplate\":\"https:\\\/\\\/radioljubuski.ba\\\/?s={search_term_string}\"},\"query-input\":{\"@type\":\"PropertyValueSpecification\",\"valueRequired\":true,\"valueName\":\"search_term_string\"}}],\"inLanguage\":\"hr\"},{\"@type\":\"Organization\",\"@id\":\"https:\\\/\\\/radioljubuski.ba\\\/#organization\",\"name\":\"Radio Ljubu\u0161ki\",\"url\":\"https:\\\/\\\/radioljubuski.ba\\\/\",\"logo\":{\"@type\":\"ImageObject\",\"inLanguage\":\"hr\",\"@id\":\"https:\\\/\\\/radioljubuski.ba\\\/#\\\/schema\\\/logo\\\/image\\\/\",\"url\":\"https:\\\/\\\/radioljubuski.ba\\\/wp-content\\\/uploads\\\/2021\\\/02\\\/cropped-Radio_Ljubuski_logo1.jpg\",\"contentUrl\":\"https:\\\/\\\/radioljubuski.ba\\\/wp-content\\\/uploads\\\/2021\\\/02\\\/cropped-Radio_Ljubuski_logo1.jpg\",\"width\":512,\"height\":512,\"caption\":\"Radio Ljubu\u0161ki\"},\"image\":{\"@id\":\"https:\\\/\\\/radioljubuski.ba\\\/#\\\/schema\\\/logo\\\/image\\\/\"},\"sameAs\":[\"https:\\\/\\\/www.facebook.com\\\/Radiio-Ljubuski-1490835324566332\",\"https:\\\/\\\/x.com\\\/radioljubuski\",\"https:\\\/\\\/hr.linkedin.com\\\/company\\\/radio-ljubuski\",\"https:\\\/\\\/www.youtube.com\\\/channel\\\/UCHYaeO_n0Db3tjNGudGpXyw\"]},{\"@type\":\"Person\",\"@id\":\"https:\\\/\\\/radioljubuski.ba\\\/#\\\/schema\\\/person\\\/19fc700381a780f69665d7956c469e3b\",\"name\":\"Radio Ljubu\u0161ki\"}]}<\/script>\n<!-- \/ Yoast SEO plugin. -->","yoast_head_json":{"title":"Hrvatske vesla\u010dke nade: Dvojaj\u010dane smo blizanke, ali i potpuno razli\u010dite - RADIO LJUBU\u0160KI","robots":{"index":"index","follow":"follow","max-snippet":"max-snippet:-1","max-image-preview":"max-image-preview:large","max-video-preview":"max-video-preview:-1"},"canonical":"https:\/\/radioljubuski.ba\/index.php\/2021\/11\/10\/hrvatske-veslacke-nade-dvojajcane-smo-blizanke-ali-i-potpuno-razlicite\/","og_locale":"hr_HR","og_type":"article","og_title":"Hrvatske vesla\u010dke nade: Dvojaj\u010dane smo blizanke, ali i potpuno razli\u010dite - RADIO LJUBU\u0160KI","og_description":"Jo\u0161 jedna lijepa pri\u010da o sportu i hrvatskom veslanju. O bra\u0107i Sinkovi\u0107 sve znamo, a sino\u0107 su se u prilogu emisije Stadion predstavile dvije sestre blizanke: Josipa i Ivana Jurkovi\u0107. One su hrvatske predstavnice u disciplini dvojac bez kormilara. Trenutno su europske i svjetske U-23 prvakinje i sveukupne pobjednice seniorskih svjetskih kupova za 2021. godinu. [&hellip;]","og_url":"https:\/\/radioljubuski.ba\/index.php\/2021\/11\/10\/hrvatske-veslacke-nade-dvojajcane-smo-blizanke-ali-i-potpuno-razlicite\/","og_site_name":"RADIO LJUBU\u0160KI","article_publisher":"https:\/\/www.facebook.com\/Radiio-Ljubuski-1490835324566332","article_published_time":"2021-11-10T13:13:10+00:00","article_modified_time":"2021-11-10T13:13:12+00:00","og_image":[{"width":1600,"height":1077,"url":"https:\/\/radioljubuski.ba\/wp-content\/uploads\/2021\/11\/pxl-010521-32720133-20210515155401.jpg","type":"image\/jpeg"}],"author":"Radio Ljubu\u0161ki","twitter_card":"summary_large_image","twitter_creator":"@radioljubuski","twitter_site":"@radioljubuski","twitter_misc":{"Napisao\/la":"Radio Ljubu\u0161ki","Procijenjeno vrijeme \u010ditanja":"3 minute"},"schema":{"@context":"https:\/\/schema.org","@graph":[{"@type":"Article","@id":"https:\/\/radioljubuski.ba\/index.php\/2021\/11\/10\/hrvatske-veslacke-nade-dvojajcane-smo-blizanke-ali-i-potpuno-razlicite\/#article","isPartOf":{"@id":"https:\/\/radioljubuski.ba\/index.php\/2021\/11\/10\/hrvatske-veslacke-nade-dvojajcane-smo-blizanke-ali-i-potpuno-razlicite\/"},"author":{"name":"Radio Ljubu\u0161ki","@id":"https:\/\/radioljubuski.ba\/#\/schema\/person\/19fc700381a780f69665d7956c469e3b"},"headline":"Hrvatske vesla\u010dke nade: Dvojaj\u010dane smo blizanke, ali i potpuno razli\u010dite","datePublished":"2021-11-10T13:13:10+00:00","dateModified":"2021-11-10T13:13:12+00:00","mainEntityOfPage":{"@id":"https:\/\/radioljubuski.ba\/index.php\/2021\/11\/10\/hrvatske-veslacke-nade-dvojajcane-smo-blizanke-ali-i-potpuno-razlicite\/"},"wordCount":541,"publisher":{"@id":"https:\/\/radioljubuski.ba\/#organization"},"image":{"@id":"https:\/\/radioljubuski.ba\/index.php\/2021\/11\/10\/hrvatske-veslacke-nade-dvojajcane-smo-blizanke-ali-i-potpuno-razlicite\/#primaryimage"},"thumbnailUrl":"https:\/\/radioljubuski.ba\/wp-content\/uploads\/2021\/11\/pxl-010521-32720133-20210515155401.jpg","articleSection":["\u0160port"],"inLanguage":"hr"},{"@type":"WebPage","@id":"https:\/\/radioljubuski.ba\/index.php\/2021\/11\/10\/hrvatske-veslacke-nade-dvojajcane-smo-blizanke-ali-i-potpuno-razlicite\/","url":"https:\/\/radioljubuski.ba\/index.php\/2021\/11\/10\/hrvatske-veslacke-nade-dvojajcane-smo-blizanke-ali-i-potpuno-razlicite\/","name":"Hrvatske vesla\u010dke nade: Dvojaj\u010dane smo blizanke, ali i potpuno razli\u010dite - RADIO LJUBU\u0160KI","isPartOf":{"@id":"https:\/\/radioljubuski.ba\/#website"},"primaryImageOfPage":{"@id":"https:\/\/radioljubuski.ba\/index.php\/2021\/11\/10\/hrvatske-veslacke-nade-dvojajcane-smo-blizanke-ali-i-potpuno-razlicite\/#primaryimage"},"image":{"@id":"https:\/\/radioljubuski.ba\/index.php\/2021\/11\/10\/hrvatske-veslacke-nade-dvojajcane-smo-blizanke-ali-i-potpuno-razlicite\/#primaryimage"},"thumbnailUrl":"https:\/\/radioljubuski.ba\/wp-content\/uploads\/2021\/11\/pxl-010521-32720133-20210515155401.jpg","datePublished":"2021-11-10T13:13:10+00:00","dateModified":"2021-11-10T13:13:12+00:00","breadcrumb":{"@id":"https:\/\/radioljubuski.ba\/index.php\/2021\/11\/10\/hrvatske-veslacke-nade-dvojajcane-smo-blizanke-ali-i-potpuno-razlicite\/#breadcrumb"},"inLanguage":"hr","potentialAction":[{"@type":"ReadAction","target":["https:\/\/radioljubuski.ba\/index.php\/2021\/11\/10\/hrvatske-veslacke-nade-dvojajcane-smo-blizanke-ali-i-potpuno-razlicite\/"]}]},{"@type":"ImageObject","inLanguage":"hr","@id":"https:\/\/radioljubuski.ba\/index.php\/2021\/11\/10\/hrvatske-veslacke-nade-dvojajcane-smo-blizanke-ali-i-potpuno-razlicite\/#primaryimage","url":"https:\/\/radioljubuski.ba\/wp-content\/uploads\/2021\/11\/pxl-010521-32720133-20210515155401.jpg","contentUrl":"https:\/\/radioljubuski.ba\/wp-content\/uploads\/2021\/11\/pxl-010521-32720133-20210515155401.jpg","width":1600,"height":1077,"caption":"01.05.2021., Zagreb - Zagreb - Drugi dan Svjetskog veslackog kupa 2021. na Jarunu. Zenski Dvojac bez kormilara Ivana Jurkovic i Josipa Jurkovic. Photo: Matija Habljak\/PIXSELL"},{"@type":"BreadcrumbList","@id":"https:\/\/radioljubuski.ba\/index.php\/2021\/11\/10\/hrvatske-veslacke-nade-dvojajcane-smo-blizanke-ali-i-potpuno-razlicite\/#breadcrumb","itemListElement":[{"@type":"ListItem","position":1,"name":"Po\u010detna stranica","item":"https:\/\/radioljubuski.ba\/"},{"@type":"ListItem","position":2,"name":"Hrvatske vesla\u010dke nade: Dvojaj\u010dane smo blizanke, ali i potpuno razli\u010dite"}]},{"@type":"WebSite","@id":"https:\/\/radioljubuski.ba\/#website","url":"https:\/\/radioljubuski.ba\/","name":"Radio Ljubu\u0161ki","description":"Sun\u010dana frekvencija Hercegovine","publisher":{"@id":"https:\/\/radioljubuski.ba\/#organization"},"potentialAction":[{"@type":"SearchAction","target":{"@type":"EntryPoint","urlTemplate":"https:\/\/radioljubuski.ba\/?s={search_term_string}"},"query-input":{"@type":"PropertyValueSpecification","valueRequired":true,"valueName":"search_term_string"}}],"inLanguage":"hr"},{"@type":"Organization","@id":"https:\/\/radioljubuski.ba\/#organization","name":"Radio Ljubu\u0161ki","url":"https:\/\/radioljubuski.ba\/","logo":{"@type":"ImageObject","inLanguage":"hr","@id":"https:\/\/radioljubuski.ba\/#\/schema\/logo\/image\/","url":"https:\/\/radioljubuski.ba\/wp-content\/uploads\/2021\/02\/cropped-Radio_Ljubuski_logo1.jpg","contentUrl":"https:\/\/radioljubuski.ba\/wp-content\/uploads\/2021\/02\/cropped-Radio_Ljubuski_logo1.jpg","width":512,"height":512,"caption":"Radio Ljubu\u0161ki"},"image":{"@id":"https:\/\/radioljubuski.ba\/#\/schema\/logo\/image\/"},"sameAs":["https:\/\/www.facebook.com\/Radiio-Ljubuski-1490835324566332","https:\/\/x.com\/radioljubuski","https:\/\/hr.linkedin.com\/company\/radio-ljubuski","https:\/\/www.youtube.com\/channel\/UCHYaeO_n0Db3tjNGudGpXyw"]},{"@type":"Person","@id":"https:\/\/radioljubuski.ba\/#\/schema\/person\/19fc700381a780f69665d7956c469e3b","name":"Radio Ljubu\u0161ki"}]}},"_links":{"self":[{"href":"https:\/\/radioljubuski.ba\/index.php\/wp-json\/wp\/v2\/posts\/87144","targetHints":{"allow":["GET"]}}],"collection":[{"href":"https:\/\/radioljubuski.ba\/index.php\/wp-json\/wp\/v2\/posts"}],"about":[{"href":"https:\/\/radioljubuski.ba\/index.php\/wp-json\/wp\/v2\/types\/post"}],"author":[{"embeddable":true,"href":"https:\/\/radioljubuski.ba\/index.php\/wp-json\/wp\/v2\/users\/2"}],"replies":[{"embeddable":true,"href":"https:\/\/radioljubuski.ba\/index.php\/wp-json\/wp\/v2\/comments?post=87144"}],"version-history":[{"count":1,"href":"https:\/\/radioljubuski.ba\/index.php\/wp-json\/wp\/v2\/posts\/87144\/revisions"}],"predecessor-version":[{"id":87146,"href":"https:\/\/radioljubuski.ba\/index.php\/wp-json\/wp\/v2\/posts\/87144\/revisions\/87146"}],"wp:featuredmedia":[{"embeddable":true,"href":"https:\/\/radioljubuski.ba\/index.php\/wp-json\/wp\/v2\/media\/87145"}],"wp:attachment":[{"href":"https:\/\/radioljubuski.ba\/index.php\/wp-json\/wp\/v2\/media?parent=87144"}],"wp:term":[{"taxonomy":"category","embeddable":true,"href":"https:\/\/radioljubuski.ba\/index.php\/wp-json\/wp\/v2\/categories?post=87144"},{"taxonomy":"post_tag","embeddable":true,"href":"https:\/\/radioljubuski.ba\/index.php\/wp-json\/wp\/v2\/tags?post=87144"}],"curies":[{"name":"wp","href":"https:\/\/api.w.org\/{rel}","templated":true}]}}