{"id":87171,"date":"2021-11-10T14:33:35","date_gmt":"2021-11-10T13:33:35","guid":{"rendered":"https:\/\/radioljubuski.ba\/?p=87171"},"modified":"2021-11-10T14:33:35","modified_gmt":"2021-11-10T13:33:35","slug":"rodgers-i-packersi-kaznjeni-zbog-krsenja-covid-protokola","status":"publish","type":"post","link":"https:\/\/radioljubuski.ba\/index.php\/2021\/11\/10\/rodgers-i-packersi-kaznjeni-zbog-krsenja-covid-protokola\/","title":{"rendered":"Rodgers i Packersi ka\u017enjeni zbog kr\u0161enja COVID protokola"},"content":{"rendered":"\n<p>Jedna od najve\u0107ih zvijezda ameri\u010dkog sporta, vo\u0111a napada NFL mom\u010dadi Green Bay Packersa Aaaron Rodgers ka\u017enjen je sa 14,600 dolara zbog dolaska na zabavu povodom No\u0107i vje\u0161tica, a da pritom nije bio cijepljen protiv koronavirusa.<\/p>\n\n\n\n<p>Rodgers je pro\u0161loga tjedna bio pozitivan na virus COVID-19, a potom se ispostavilo kako nije bio niti cijepljen \u0161to je navelo vodstvo lige da provede istragu vezanu uz njegovo kretanje.<br><br>Tom istragom ustanovljeno je kako Rodgers nije nosio masku na mjestima na kojima je to bilo obavezno.<br><br>Osim Rodgersa, iz istog razloga je sa 14,600 dolara ka\u017enjen i hvata\u010d Packersa Allen Lazard.<br><br>Packersi su, pak, ka\u017enjeni sa \u010dak 300,000 dolara zbog kr\u0161enja protokola dogovorenih od strane svih klubova. Ta se kazna odnosila na \u010dinjenicu kako Rodgers od po\u010detka sezone nije nosio masku na konferencijama za medije. Usto, Packersima prijeti i gubitak jednog izbora na draftu.<br><br>Zbog zaraze koronavirusom, Rodgers pro\u0161loga tjedna nije igrao protiv Kansas City Chiefsa, no mogao bi se vratiti u mom\u010dad za nedjeljni dvoboj protiv Seattle Seahawksa jer mu 10-dnevna izolacija isti\u010de u subotu.<\/p>\n\n\n\n<p>Izvor:hrt.hr<\/p>\n","protected":false},"excerpt":{"rendered":"<p>Jedna od najve\u0107ih zvijezda ameri\u010dkog sporta, vo\u0111a napada NFL mom\u010dadi Green Bay Packersa Aaaron Rodgers ka\u017enjen je sa 14,600 dolara zbog dolaska na zabavu povodom No\u0107i vje\u0161tica, a da pritom nije bio cijepljen protiv koronavirusa. Rodgers je pro\u0161loga tjedna bio pozitivan na virus COVID-19, a potom se ispostavilo kako nije bio niti cijepljen \u0161to je [&hellip;]<\/p>\n","protected":false},"author":2,"featured_media":87172,"comment_status":"closed","ping_status":"closed","sticky":false,"template":"","format":"standard","meta":{"h5ap_radio_sources":[],"footnotes":""},"categories":[7],"tags":[],"class_list":["post-87171","post","type-post","status-publish","format-standard","has-post-thumbnail","hentry","category-sport"],"yoast_head":"<!-- This site is optimized with the Yoast SEO plugin v27.5 - https:\/\/yoast.com\/product\/yoast-seo-wordpress\/ -->\n<title>Rodgers i Packersi ka\u017enjeni zbog kr\u0161enja COVID protokola - RADIO LJUBU\u0160KI<\/title>\n<meta name=\"robots\" content=\"index, follow, max-snippet:-1, max-image-preview:large, max-video-preview:-1\" \/>\n<link rel=\"canonical\" href=\"https:\/\/radioljubuski.ba\/index.php\/2021\/11\/10\/rodgers-i-packersi-kaznjeni-zbog-krsenja-covid-protokola\/\" \/>\n<meta property=\"og:locale\" content=\"hr_HR\" \/>\n<meta property=\"og:type\" content=\"article\" \/>\n<meta property=\"og:title\" content=\"Rodgers i Packersi ka\u017enjeni zbog kr\u0161enja COVID protokola - RADIO LJUBU\u0160KI\" \/>\n<meta property=\"og:description\" content=\"Jedna od najve\u0107ih zvijezda ameri\u010dkog sporta, vo\u0111a napada NFL mom\u010dadi Green Bay Packersa Aaaron Rodgers ka\u017enjen je sa 14,600 dolara zbog dolaska na zabavu povodom No\u0107i vje\u0161tica, a da pritom nije bio cijepljen protiv koronavirusa. Rodgers je pro\u0161loga tjedna bio pozitivan na virus COVID-19, a potom se ispostavilo kako nije bio niti cijepljen \u0161to je [&hellip;]\" \/>\n<meta property=\"og:url\" content=\"https:\/\/radioljubuski.ba\/index.php\/2021\/11\/10\/rodgers-i-packersi-kaznjeni-zbog-krsenja-covid-protokola\/\" \/>\n<meta property=\"og:site_name\" content=\"RADIO LJUBU\u0160KI\" \/>\n<meta property=\"article:publisher\" content=\"https:\/\/www.facebook.com\/Radiio-Ljubuski-1490835324566332\" \/>\n<meta property=\"article:published_time\" content=\"2021-11-10T13:33:35+00:00\" \/>\n<meta property=\"og:image\" content=\"https:\/\/radioljubuski.ba\/wp-content\/uploads\/2021\/11\/88-1.jpg\" \/>\n\t<meta property=\"og:image:width\" content=\"268\" \/>\n\t<meta property=\"og:image:height\" content=\"188\" \/>\n\t<meta property=\"og:image:type\" content=\"image\/jpeg\" \/>\n<meta name=\"author\" content=\"Radio Ljubu\u0161ki\" \/>\n<meta name=\"twitter:card\" content=\"summary_large_image\" \/>\n<meta name=\"twitter:creator\" content=\"@radioljubuski\" \/>\n<meta name=\"twitter:site\" content=\"@radioljubuski\" \/>\n<meta name=\"twitter:label1\" content=\"Napisao\/la\" \/>\n\t<meta name=\"twitter:data1\" content=\"Radio Ljubu\u0161ki\" \/>\n\t<meta name=\"twitter:label2\" content=\"Procijenjeno vrijeme \u010ditanja\" \/>\n\t<meta name=\"twitter:data2\" content=\"1 minuta\" \/>\n<script type=\"application\/ld+json\" class=\"yoast-schema-graph\">{\"@context\":\"https:\\\/\\\/schema.org\",\"@graph\":[{\"@type\":\"Article\",\"@id\":\"https:\\\/\\\/radioljubuski.ba\\\/index.php\\\/2021\\\/11\\\/10\\\/rodgers-i-packersi-kaznjeni-zbog-krsenja-covid-protokola\\\/#article\",\"isPartOf\":{\"@id\":\"https:\\\/\\\/radioljubuski.ba\\\/index.php\\\/2021\\\/11\\\/10\\\/rodgers-i-packersi-kaznjeni-zbog-krsenja-covid-protokola\\\/\"},\"author\":{\"name\":\"Radio Ljubu\u0161ki\",\"@id\":\"https:\\\/\\\/radioljubuski.ba\\\/#\\\/schema\\\/person\\\/19fc700381a780f69665d7956c469e3b\"},\"headline\":\"Rodgers i Packersi ka\u017enjeni zbog kr\u0161enja COVID protokola\",\"datePublished\":\"2021-11-10T13:33:35+00:00\",\"mainEntityOfPage\":{\"@id\":\"https:\\\/\\\/radioljubuski.ba\\\/index.php\\\/2021\\\/11\\\/10\\\/rodgers-i-packersi-kaznjeni-zbog-krsenja-covid-protokola\\\/\"},\"wordCount\":197,\"publisher\":{\"@id\":\"https:\\\/\\\/radioljubuski.ba\\\/#organization\"},\"image\":{\"@id\":\"https:\\\/\\\/radioljubuski.ba\\\/index.php\\\/2021\\\/11\\\/10\\\/rodgers-i-packersi-kaznjeni-zbog-krsenja-covid-protokola\\\/#primaryimage\"},\"thumbnailUrl\":\"https:\\\/\\\/radioljubuski.ba\\\/wp-content\\\/uploads\\\/2021\\\/11\\\/88-1.jpg\",\"articleSection\":[\"\u0160port\"],\"inLanguage\":\"hr\"},{\"@type\":\"WebPage\",\"@id\":\"https:\\\/\\\/radioljubuski.ba\\\/index.php\\\/2021\\\/11\\\/10\\\/rodgers-i-packersi-kaznjeni-zbog-krsenja-covid-protokola\\\/\",\"url\":\"https:\\\/\\\/radioljubuski.ba\\\/index.php\\\/2021\\\/11\\\/10\\\/rodgers-i-packersi-kaznjeni-zbog-krsenja-covid-protokola\\\/\",\"name\":\"Rodgers i Packersi ka\u017enjeni zbog kr\u0161enja COVID protokola - RADIO LJUBU\u0160KI\",\"isPartOf\":{\"@id\":\"https:\\\/\\\/radioljubuski.ba\\\/#website\"},\"primaryImageOfPage\":{\"@id\":\"https:\\\/\\\/radioljubuski.ba\\\/index.php\\\/2021\\\/11\\\/10\\\/rodgers-i-packersi-kaznjeni-zbog-krsenja-covid-protokola\\\/#primaryimage\"},\"image\":{\"@id\":\"https:\\\/\\\/radioljubuski.ba\\\/index.php\\\/2021\\\/11\\\/10\\\/rodgers-i-packersi-kaznjeni-zbog-krsenja-covid-protokola\\\/#primaryimage\"},\"thumbnailUrl\":\"https:\\\/\\\/radioljubuski.ba\\\/wp-content\\\/uploads\\\/2021\\\/11\\\/88-1.jpg\",\"datePublished\":\"2021-11-10T13:33:35+00:00\",\"breadcrumb\":{\"@id\":\"https:\\\/\\\/radioljubuski.ba\\\/index.php\\\/2021\\\/11\\\/10\\\/rodgers-i-packersi-kaznjeni-zbog-krsenja-covid-protokola\\\/#breadcrumb\"},\"inLanguage\":\"hr\",\"potentialAction\":[{\"@type\":\"ReadAction\",\"target\":[\"https:\\\/\\\/radioljubuski.ba\\\/index.php\\\/2021\\\/11\\\/10\\\/rodgers-i-packersi-kaznjeni-zbog-krsenja-covid-protokola\\\/\"]}]},{\"@type\":\"ImageObject\",\"inLanguage\":\"hr\",\"@id\":\"https:\\\/\\\/radioljubuski.ba\\\/index.php\\\/2021\\\/11\\\/10\\\/rodgers-i-packersi-kaznjeni-zbog-krsenja-covid-protokola\\\/#primaryimage\",\"url\":\"https:\\\/\\\/radioljubuski.ba\\\/wp-content\\\/uploads\\\/2021\\\/11\\\/88-1.jpg\",\"contentUrl\":\"https:\\\/\\\/radioljubuski.ba\\\/wp-content\\\/uploads\\\/2021\\\/11\\\/88-1.jpg\",\"width\":268,\"height\":188},{\"@type\":\"BreadcrumbList\",\"@id\":\"https:\\\/\\\/radioljubuski.ba\\\/index.php\\\/2021\\\/11\\\/10\\\/rodgers-i-packersi-kaznjeni-zbog-krsenja-covid-protokola\\\/#breadcrumb\",\"itemListElement\":[{\"@type\":\"ListItem\",\"position\":1,\"name\":\"Po\u010detna stranica\",\"item\":\"https:\\\/\\\/radioljubuski.ba\\\/\"},{\"@type\":\"ListItem\",\"position\":2,\"name\":\"Rodgers i Packersi ka\u017enjeni zbog kr\u0161enja COVID protokola\"}]},{\"@type\":\"WebSite\",\"@id\":\"https:\\\/\\\/radioljubuski.ba\\\/#website\",\"url\":\"https:\\\/\\\/radioljubuski.ba\\\/\",\"name\":\"Radio Ljubu\u0161ki\",\"description\":\"Sun\u010dana frekvencija Hercegovine\",\"publisher\":{\"@id\":\"https:\\\/\\\/radioljubuski.ba\\\/#organization\"},\"potentialAction\":[{\"@type\":\"SearchAction\",\"target\":{\"@type\":\"EntryPoint\",\"urlTemplate\":\"https:\\\/\\\/radioljubuski.ba\\\/?s={search_term_string}\"},\"query-input\":{\"@type\":\"PropertyValueSpecification\",\"valueRequired\":true,\"valueName\":\"search_term_string\"}}],\"inLanguage\":\"hr\"},{\"@type\":\"Organization\",\"@id\":\"https:\\\/\\\/radioljubuski.ba\\\/#organization\",\"name\":\"Radio Ljubu\u0161ki\",\"url\":\"https:\\\/\\\/radioljubuski.ba\\\/\",\"logo\":{\"@type\":\"ImageObject\",\"inLanguage\":\"hr\",\"@id\":\"https:\\\/\\\/radioljubuski.ba\\\/#\\\/schema\\\/logo\\\/image\\\/\",\"url\":\"https:\\\/\\\/radioljubuski.ba\\\/wp-content\\\/uploads\\\/2021\\\/02\\\/cropped-Radio_Ljubuski_logo1.jpg\",\"contentUrl\":\"https:\\\/\\\/radioljubuski.ba\\\/wp-content\\\/uploads\\\/2021\\\/02\\\/cropped-Radio_Ljubuski_logo1.jpg\",\"width\":512,\"height\":512,\"caption\":\"Radio Ljubu\u0161ki\"},\"image\":{\"@id\":\"https:\\\/\\\/radioljubuski.ba\\\/#\\\/schema\\\/logo\\\/image\\\/\"},\"sameAs\":[\"https:\\\/\\\/www.facebook.com\\\/Radiio-Ljubuski-1490835324566332\",\"https:\\\/\\\/x.com\\\/radioljubuski\",\"https:\\\/\\\/hr.linkedin.com\\\/company\\\/radio-ljubuski\",\"https:\\\/\\\/www.youtube.com\\\/channel\\\/UCHYaeO_n0Db3tjNGudGpXyw\"]},{\"@type\":\"Person\",\"@id\":\"https:\\\/\\\/radioljubuski.ba\\\/#\\\/schema\\\/person\\\/19fc700381a780f69665d7956c469e3b\",\"name\":\"Radio Ljubu\u0161ki\"}]}<\/script>\n<!-- \/ Yoast SEO plugin. -->","yoast_head_json":{"title":"Rodgers i Packersi ka\u017enjeni zbog kr\u0161enja COVID protokola - RADIO LJUBU\u0160KI","robots":{"index":"index","follow":"follow","max-snippet":"max-snippet:-1","max-image-preview":"max-image-preview:large","max-video-preview":"max-video-preview:-1"},"canonical":"https:\/\/radioljubuski.ba\/index.php\/2021\/11\/10\/rodgers-i-packersi-kaznjeni-zbog-krsenja-covid-protokola\/","og_locale":"hr_HR","og_type":"article","og_title":"Rodgers i Packersi ka\u017enjeni zbog kr\u0161enja COVID protokola - RADIO LJUBU\u0160KI","og_description":"Jedna od najve\u0107ih zvijezda ameri\u010dkog sporta, vo\u0111a napada NFL mom\u010dadi Green Bay Packersa Aaaron Rodgers ka\u017enjen je sa 14,600 dolara zbog dolaska na zabavu povodom No\u0107i vje\u0161tica, a da pritom nije bio cijepljen protiv koronavirusa. Rodgers je pro\u0161loga tjedna bio pozitivan na virus COVID-19, a potom se ispostavilo kako nije bio niti cijepljen \u0161to je [&hellip;]","og_url":"https:\/\/radioljubuski.ba\/index.php\/2021\/11\/10\/rodgers-i-packersi-kaznjeni-zbog-krsenja-covid-protokola\/","og_site_name":"RADIO LJUBU\u0160KI","article_publisher":"https:\/\/www.facebook.com\/Radiio-Ljubuski-1490835324566332","article_published_time":"2021-11-10T13:33:35+00:00","og_image":[{"width":268,"height":188,"url":"https:\/\/radioljubuski.ba\/wp-content\/uploads\/2021\/11\/88-1.jpg","type":"image\/jpeg"}],"author":"Radio Ljubu\u0161ki","twitter_card":"summary_large_image","twitter_creator":"@radioljubuski","twitter_site":"@radioljubuski","twitter_misc":{"Napisao\/la":"Radio Ljubu\u0161ki","Procijenjeno vrijeme \u010ditanja":"1 minuta"},"schema":{"@context":"https:\/\/schema.org","@graph":[{"@type":"Article","@id":"https:\/\/radioljubuski.ba\/index.php\/2021\/11\/10\/rodgers-i-packersi-kaznjeni-zbog-krsenja-covid-protokola\/#article","isPartOf":{"@id":"https:\/\/radioljubuski.ba\/index.php\/2021\/11\/10\/rodgers-i-packersi-kaznjeni-zbog-krsenja-covid-protokola\/"},"author":{"name":"Radio Ljubu\u0161ki","@id":"https:\/\/radioljubuski.ba\/#\/schema\/person\/19fc700381a780f69665d7956c469e3b"},"headline":"Rodgers i Packersi ka\u017enjeni zbog kr\u0161enja COVID protokola","datePublished":"2021-11-10T13:33:35+00:00","mainEntityOfPage":{"@id":"https:\/\/radioljubuski.ba\/index.php\/2021\/11\/10\/rodgers-i-packersi-kaznjeni-zbog-krsenja-covid-protokola\/"},"wordCount":197,"publisher":{"@id":"https:\/\/radioljubuski.ba\/#organization"},"image":{"@id":"https:\/\/radioljubuski.ba\/index.php\/2021\/11\/10\/rodgers-i-packersi-kaznjeni-zbog-krsenja-covid-protokola\/#primaryimage"},"thumbnailUrl":"https:\/\/radioljubuski.ba\/wp-content\/uploads\/2021\/11\/88-1.jpg","articleSection":["\u0160port"],"inLanguage":"hr"},{"@type":"WebPage","@id":"https:\/\/radioljubuski.ba\/index.php\/2021\/11\/10\/rodgers-i-packersi-kaznjeni-zbog-krsenja-covid-protokola\/","url":"https:\/\/radioljubuski.ba\/index.php\/2021\/11\/10\/rodgers-i-packersi-kaznjeni-zbog-krsenja-covid-protokola\/","name":"Rodgers i Packersi ka\u017enjeni zbog kr\u0161enja COVID protokola - RADIO LJUBU\u0160KI","isPartOf":{"@id":"https:\/\/radioljubuski.ba\/#website"},"primaryImageOfPage":{"@id":"https:\/\/radioljubuski.ba\/index.php\/2021\/11\/10\/rodgers-i-packersi-kaznjeni-zbog-krsenja-covid-protokola\/#primaryimage"},"image":{"@id":"https:\/\/radioljubuski.ba\/index.php\/2021\/11\/10\/rodgers-i-packersi-kaznjeni-zbog-krsenja-covid-protokola\/#primaryimage"},"thumbnailUrl":"https:\/\/radioljubuski.ba\/wp-content\/uploads\/2021\/11\/88-1.jpg","datePublished":"2021-11-10T13:33:35+00:00","breadcrumb":{"@id":"https:\/\/radioljubuski.ba\/index.php\/2021\/11\/10\/rodgers-i-packersi-kaznjeni-zbog-krsenja-covid-protokola\/#breadcrumb"},"inLanguage":"hr","potentialAction":[{"@type":"ReadAction","target":["https:\/\/radioljubuski.ba\/index.php\/2021\/11\/10\/rodgers-i-packersi-kaznjeni-zbog-krsenja-covid-protokola\/"]}]},{"@type":"ImageObject","inLanguage":"hr","@id":"https:\/\/radioljubuski.ba\/index.php\/2021\/11\/10\/rodgers-i-packersi-kaznjeni-zbog-krsenja-covid-protokola\/#primaryimage","url":"https:\/\/radioljubuski.ba\/wp-content\/uploads\/2021\/11\/88-1.jpg","contentUrl":"https:\/\/radioljubuski.ba\/wp-content\/uploads\/2021\/11\/88-1.jpg","width":268,"height":188},{"@type":"BreadcrumbList","@id":"https:\/\/radioljubuski.ba\/index.php\/2021\/11\/10\/rodgers-i-packersi-kaznjeni-zbog-krsenja-covid-protokola\/#breadcrumb","itemListElement":[{"@type":"ListItem","position":1,"name":"Po\u010detna stranica","item":"https:\/\/radioljubuski.ba\/"},{"@type":"ListItem","position":2,"name":"Rodgers i Packersi ka\u017enjeni zbog kr\u0161enja COVID protokola"}]},{"@type":"WebSite","@id":"https:\/\/radioljubuski.ba\/#website","url":"https:\/\/radioljubuski.ba\/","name":"Radio Ljubu\u0161ki","description":"Sun\u010dana frekvencija Hercegovine","publisher":{"@id":"https:\/\/radioljubuski.ba\/#organization"},"potentialAction":[{"@type":"SearchAction","target":{"@type":"EntryPoint","urlTemplate":"https:\/\/radioljubuski.ba\/?s={search_term_string}"},"query-input":{"@type":"PropertyValueSpecification","valueRequired":true,"valueName":"search_term_string"}}],"inLanguage":"hr"},{"@type":"Organization","@id":"https:\/\/radioljubuski.ba\/#organization","name":"Radio Ljubu\u0161ki","url":"https:\/\/radioljubuski.ba\/","logo":{"@type":"ImageObject","inLanguage":"hr","@id":"https:\/\/radioljubuski.ba\/#\/schema\/logo\/image\/","url":"https:\/\/radioljubuski.ba\/wp-content\/uploads\/2021\/02\/cropped-Radio_Ljubuski_logo1.jpg","contentUrl":"https:\/\/radioljubuski.ba\/wp-content\/uploads\/2021\/02\/cropped-Radio_Ljubuski_logo1.jpg","width":512,"height":512,"caption":"Radio Ljubu\u0161ki"},"image":{"@id":"https:\/\/radioljubuski.ba\/#\/schema\/logo\/image\/"},"sameAs":["https:\/\/www.facebook.com\/Radiio-Ljubuski-1490835324566332","https:\/\/x.com\/radioljubuski","https:\/\/hr.linkedin.com\/company\/radio-ljubuski","https:\/\/www.youtube.com\/channel\/UCHYaeO_n0Db3tjNGudGpXyw"]},{"@type":"Person","@id":"https:\/\/radioljubuski.ba\/#\/schema\/person\/19fc700381a780f69665d7956c469e3b","name":"Radio Ljubu\u0161ki"}]}},"_links":{"self":[{"href":"https:\/\/radioljubuski.ba\/index.php\/wp-json\/wp\/v2\/posts\/87171","targetHints":{"allow":["GET"]}}],"collection":[{"href":"https:\/\/radioljubuski.ba\/index.php\/wp-json\/wp\/v2\/posts"}],"about":[{"href":"https:\/\/radioljubuski.ba\/index.php\/wp-json\/wp\/v2\/types\/post"}],"author":[{"embeddable":true,"href":"https:\/\/radioljubuski.ba\/index.php\/wp-json\/wp\/v2\/users\/2"}],"replies":[{"embeddable":true,"href":"https:\/\/radioljubuski.ba\/index.php\/wp-json\/wp\/v2\/comments?post=87171"}],"version-history":[{"count":1,"href":"https:\/\/radioljubuski.ba\/index.php\/wp-json\/wp\/v2\/posts\/87171\/revisions"}],"predecessor-version":[{"id":87173,"href":"https:\/\/radioljubuski.ba\/index.php\/wp-json\/wp\/v2\/posts\/87171\/revisions\/87173"}],"wp:featuredmedia":[{"embeddable":true,"href":"https:\/\/radioljubuski.ba\/index.php\/wp-json\/wp\/v2\/media\/87172"}],"wp:attachment":[{"href":"https:\/\/radioljubuski.ba\/index.php\/wp-json\/wp\/v2\/media?parent=87171"}],"wp:term":[{"taxonomy":"category","embeddable":true,"href":"https:\/\/radioljubuski.ba\/index.php\/wp-json\/wp\/v2\/categories?post=87171"},{"taxonomy":"post_tag","embeddable":true,"href":"https:\/\/radioljubuski.ba\/index.php\/wp-json\/wp\/v2\/tags?post=87171"}],"curies":[{"name":"wp","href":"https:\/\/api.w.org\/{rel}","templated":true}]}}