{"id":8722,"date":"2021-04-01T21:21:11","date_gmt":"2021-04-01T20:21:11","guid":{"rendered":"https:\/\/radioljubuski.ba\/?p=8722"},"modified":"2021-04-01T21:21:12","modified_gmt":"2021-04-01T20:21:12","slug":"ivana-maric-imenovana-za-vrsiteljicu-duznosti-predsjednice-no-kamernog-teatra-55","status":"publish","type":"post","link":"https:\/\/radioljubuski.ba\/index.php\/2021\/04\/01\/ivana-maric-imenovana-za-vrsiteljicu-duznosti-predsjednice-no-kamernog-teatra-55\/","title":{"rendered":"Ivana Mari\u0107 imenovana za vr\u0161iteljicu du\u017enosti predsjednice NO Kamernog teatra \u201855"},"content":{"rendered":"\n<p><strong>Analiti\u010darka Ivana Mari\u0107 imenovanja je za vr\u0161iteljicu du\u017enosti predsjednice Nadzornog odbora Javne ustanove \u201cKamerni teatar \u201955\u201d, potvr\u0111eno je za N1 iz Vlade Kantona Sarajevo.<\/strong><\/p>\n\n\n\n<p>Nju je Vlada Kantona Sarajevo imenovala na ovu poziciju 26. o\u017eujka na razdoblje do kraja imenovanog v. d. Nadzornog odbora.<\/p>\n\n\n\n<p>Podsjetimo, Mari\u0107 je bila jedna od prijedloga za kandidatkinju Na\u0161e stranke za dogradona\u010delnicu Sarajeva.<\/p>\n\n\n\n<p>\/HMS\/<\/p>\n","protected":false},"excerpt":{"rendered":"<p>Analiti\u010darka Ivana Mari\u0107 imenovanja je za vr\u0161iteljicu du\u017enosti predsjednice Nadzornog odbora Javne ustanove \u201cKamerni teatar \u201955\u201d, potvr\u0111eno je za N1 iz Vlade Kantona Sarajevo. Nju je Vlada Kantona Sarajevo imenovala na ovu poziciju 26. o\u017eujka na razdoblje do kraja imenovanog v. d. Nadzornog odbora. Podsjetimo, Mari\u0107 je bila jedna od prijedloga za kandidatkinju Na\u0161e stranke [&hellip;]<\/p>\n","protected":false},"author":2,"featured_media":8723,"comment_status":"closed","ping_status":"closed","sticky":false,"template":"","format":"standard","meta":{"h5ap_radio_sources":[],"footnotes":""},"categories":[1],"tags":[],"class_list":["post-8722","post","type-post","status-publish","format-standard","has-post-thumbnail","hentry","category-bihiregija"],"yoast_head":"<!-- This site is optimized with the Yoast SEO plugin v27.4 - https:\/\/yoast.com\/product\/yoast-seo-wordpress\/ -->\n<title>Ivana Mari\u0107 imenovana za vr\u0161iteljicu du\u017enosti predsjednice NO Kamernog teatra \u201855 - RADIO LJUBU\u0160KI<\/title>\n<meta name=\"robots\" content=\"index, follow, max-snippet:-1, max-image-preview:large, max-video-preview:-1\" \/>\n<link rel=\"canonical\" href=\"https:\/\/radioljubuski.ba\/index.php\/2021\/04\/01\/ivana-maric-imenovana-za-vrsiteljicu-duznosti-predsjednice-no-kamernog-teatra-55\/\" \/>\n<meta property=\"og:locale\" content=\"hr_HR\" \/>\n<meta property=\"og:type\" content=\"article\" \/>\n<meta property=\"og:title\" content=\"Ivana Mari\u0107 imenovana za vr\u0161iteljicu du\u017enosti predsjednice NO Kamernog teatra \u201855 - RADIO LJUBU\u0160KI\" \/>\n<meta property=\"og:description\" content=\"Analiti\u010darka Ivana Mari\u0107 imenovanja je za vr\u0161iteljicu du\u017enosti predsjednice Nadzornog odbora Javne ustanove \u201cKamerni teatar \u201955\u201d, potvr\u0111eno je za N1 iz Vlade Kantona Sarajevo. Nju je Vlada Kantona Sarajevo imenovala na ovu poziciju 26. o\u017eujka na razdoblje do kraja imenovanog v. d. Nadzornog odbora. Podsjetimo, Mari\u0107 je bila jedna od prijedloga za kandidatkinju Na\u0161e stranke [&hellip;]\" \/>\n<meta property=\"og:url\" content=\"https:\/\/radioljubuski.ba\/index.php\/2021\/04\/01\/ivana-maric-imenovana-za-vrsiteljicu-duznosti-predsjednice-no-kamernog-teatra-55\/\" \/>\n<meta property=\"og:site_name\" content=\"RADIO LJUBU\u0160KI\" \/>\n<meta property=\"article:publisher\" content=\"https:\/\/www.facebook.com\/Radiio-Ljubuski-1490835324566332\" \/>\n<meta property=\"article:published_time\" content=\"2021-04-01T20:21:11+00:00\" \/>\n<meta property=\"article:modified_time\" content=\"2021-04-01T20:21:12+00:00\" \/>\n<meta property=\"og:image\" content=\"https:\/\/radioljubuski.ba\/wp-content\/uploads\/2021\/04\/Ivana-Maric.jpe\" \/>\n\t<meta property=\"og:image:width\" content=\"740\" \/>\n\t<meta property=\"og:image:height\" content=\"389\" \/>\n\t<meta property=\"og:image:type\" content=\"image\/jpeg\" \/>\n<meta name=\"author\" content=\"Radio Ljubu\u0161ki\" \/>\n<meta name=\"twitter:card\" content=\"summary_large_image\" \/>\n<meta name=\"twitter:creator\" content=\"@radioljubuski\" \/>\n<meta name=\"twitter:site\" content=\"@radioljubuski\" \/>\n<meta name=\"twitter:label1\" content=\"Napisao\/la\" \/>\n\t<meta name=\"twitter:data1\" content=\"Radio Ljubu\u0161ki\" \/>\n\t<meta name=\"twitter:label2\" content=\"Procijenjeno vrijeme \u010ditanja\" \/>\n\t<meta name=\"twitter:data2\" content=\"1 minuta\" \/>\n<script type=\"application\/ld+json\" class=\"yoast-schema-graph\">{\"@context\":\"https:\\\/\\\/schema.org\",\"@graph\":[{\"@type\":\"Article\",\"@id\":\"https:\\\/\\\/radioljubuski.ba\\\/index.php\\\/2021\\\/04\\\/01\\\/ivana-maric-imenovana-za-vrsiteljicu-duznosti-predsjednice-no-kamernog-teatra-55\\\/#article\",\"isPartOf\":{\"@id\":\"https:\\\/\\\/radioljubuski.ba\\\/index.php\\\/2021\\\/04\\\/01\\\/ivana-maric-imenovana-za-vrsiteljicu-duznosti-predsjednice-no-kamernog-teatra-55\\\/\"},\"author\":{\"name\":\"Radio Ljubu\u0161ki\",\"@id\":\"https:\\\/\\\/radioljubuski.ba\\\/#\\\/schema\\\/person\\\/19fc700381a780f69665d7956c469e3b\"},\"headline\":\"Ivana Mari\u0107 imenovana za vr\u0161iteljicu du\u017enosti predsjednice NO Kamernog teatra \u201855\",\"datePublished\":\"2021-04-01T20:21:11+00:00\",\"dateModified\":\"2021-04-01T20:21:12+00:00\",\"mainEntityOfPage\":{\"@id\":\"https:\\\/\\\/radioljubuski.ba\\\/index.php\\\/2021\\\/04\\\/01\\\/ivana-maric-imenovana-za-vrsiteljicu-duznosti-predsjednice-no-kamernog-teatra-55\\\/\"},\"wordCount\":76,\"publisher\":{\"@id\":\"https:\\\/\\\/radioljubuski.ba\\\/#organization\"},\"image\":{\"@id\":\"https:\\\/\\\/radioljubuski.ba\\\/index.php\\\/2021\\\/04\\\/01\\\/ivana-maric-imenovana-za-vrsiteljicu-duznosti-predsjednice-no-kamernog-teatra-55\\\/#primaryimage\"},\"thumbnailUrl\":\"https:\\\/\\\/radioljubuski.ba\\\/wp-content\\\/uploads\\\/2021\\\/04\\\/Ivana-Maric.jpe\",\"articleSection\":[\"BIH i regija\"],\"inLanguage\":\"hr\"},{\"@type\":\"WebPage\",\"@id\":\"https:\\\/\\\/radioljubuski.ba\\\/index.php\\\/2021\\\/04\\\/01\\\/ivana-maric-imenovana-za-vrsiteljicu-duznosti-predsjednice-no-kamernog-teatra-55\\\/\",\"url\":\"https:\\\/\\\/radioljubuski.ba\\\/index.php\\\/2021\\\/04\\\/01\\\/ivana-maric-imenovana-za-vrsiteljicu-duznosti-predsjednice-no-kamernog-teatra-55\\\/\",\"name\":\"Ivana Mari\u0107 imenovana za vr\u0161iteljicu du\u017enosti predsjednice NO Kamernog teatra \u201855 - RADIO LJUBU\u0160KI\",\"isPartOf\":{\"@id\":\"https:\\\/\\\/radioljubuski.ba\\\/#website\"},\"primaryImageOfPage\":{\"@id\":\"https:\\\/\\\/radioljubuski.ba\\\/index.php\\\/2021\\\/04\\\/01\\\/ivana-maric-imenovana-za-vrsiteljicu-duznosti-predsjednice-no-kamernog-teatra-55\\\/#primaryimage\"},\"image\":{\"@id\":\"https:\\\/\\\/radioljubuski.ba\\\/index.php\\\/2021\\\/04\\\/01\\\/ivana-maric-imenovana-za-vrsiteljicu-duznosti-predsjednice-no-kamernog-teatra-55\\\/#primaryimage\"},\"thumbnailUrl\":\"https:\\\/\\\/radioljubuski.ba\\\/wp-content\\\/uploads\\\/2021\\\/04\\\/Ivana-Maric.jpe\",\"datePublished\":\"2021-04-01T20:21:11+00:00\",\"dateModified\":\"2021-04-01T20:21:12+00:00\",\"breadcrumb\":{\"@id\":\"https:\\\/\\\/radioljubuski.ba\\\/index.php\\\/2021\\\/04\\\/01\\\/ivana-maric-imenovana-za-vrsiteljicu-duznosti-predsjednice-no-kamernog-teatra-55\\\/#breadcrumb\"},\"inLanguage\":\"hr\",\"potentialAction\":[{\"@type\":\"ReadAction\",\"target\":[\"https:\\\/\\\/radioljubuski.ba\\\/index.php\\\/2021\\\/04\\\/01\\\/ivana-maric-imenovana-za-vrsiteljicu-duznosti-predsjednice-no-kamernog-teatra-55\\\/\"]}]},{\"@type\":\"ImageObject\",\"inLanguage\":\"hr\",\"@id\":\"https:\\\/\\\/radioljubuski.ba\\\/index.php\\\/2021\\\/04\\\/01\\\/ivana-maric-imenovana-za-vrsiteljicu-duznosti-predsjednice-no-kamernog-teatra-55\\\/#primaryimage\",\"url\":\"https:\\\/\\\/radioljubuski.ba\\\/wp-content\\\/uploads\\\/2021\\\/04\\\/Ivana-Maric.jpe\",\"contentUrl\":\"https:\\\/\\\/radioljubuski.ba\\\/wp-content\\\/uploads\\\/2021\\\/04\\\/Ivana-Maric.jpe\",\"width\":740,\"height\":389},{\"@type\":\"BreadcrumbList\",\"@id\":\"https:\\\/\\\/radioljubuski.ba\\\/index.php\\\/2021\\\/04\\\/01\\\/ivana-maric-imenovana-za-vrsiteljicu-duznosti-predsjednice-no-kamernog-teatra-55\\\/#breadcrumb\",\"itemListElement\":[{\"@type\":\"ListItem\",\"position\":1,\"name\":\"Po\u010detna stranica\",\"item\":\"https:\\\/\\\/radioljubuski.ba\\\/\"},{\"@type\":\"ListItem\",\"position\":2,\"name\":\"Ivana Mari\u0107 imenovana za vr\u0161iteljicu du\u017enosti predsjednice NO Kamernog teatra \u201855\"}]},{\"@type\":\"WebSite\",\"@id\":\"https:\\\/\\\/radioljubuski.ba\\\/#website\",\"url\":\"https:\\\/\\\/radioljubuski.ba\\\/\",\"name\":\"Radio Ljubu\u0161ki\",\"description\":\"Sun\u010dana frekvencija Hercegovine\",\"publisher\":{\"@id\":\"https:\\\/\\\/radioljubuski.ba\\\/#organization\"},\"potentialAction\":[{\"@type\":\"SearchAction\",\"target\":{\"@type\":\"EntryPoint\",\"urlTemplate\":\"https:\\\/\\\/radioljubuski.ba\\\/?s={search_term_string}\"},\"query-input\":{\"@type\":\"PropertyValueSpecification\",\"valueRequired\":true,\"valueName\":\"search_term_string\"}}],\"inLanguage\":\"hr\"},{\"@type\":\"Organization\",\"@id\":\"https:\\\/\\\/radioljubuski.ba\\\/#organization\",\"name\":\"Radio Ljubu\u0161ki\",\"url\":\"https:\\\/\\\/radioljubuski.ba\\\/\",\"logo\":{\"@type\":\"ImageObject\",\"inLanguage\":\"hr\",\"@id\":\"https:\\\/\\\/radioljubuski.ba\\\/#\\\/schema\\\/logo\\\/image\\\/\",\"url\":\"https:\\\/\\\/radioljubuski.ba\\\/wp-content\\\/uploads\\\/2021\\\/02\\\/cropped-Radio_Ljubuski_logo1.jpg\",\"contentUrl\":\"https:\\\/\\\/radioljubuski.ba\\\/wp-content\\\/uploads\\\/2021\\\/02\\\/cropped-Radio_Ljubuski_logo1.jpg\",\"width\":512,\"height\":512,\"caption\":\"Radio Ljubu\u0161ki\"},\"image\":{\"@id\":\"https:\\\/\\\/radioljubuski.ba\\\/#\\\/schema\\\/logo\\\/image\\\/\"},\"sameAs\":[\"https:\\\/\\\/www.facebook.com\\\/Radiio-Ljubuski-1490835324566332\",\"https:\\\/\\\/x.com\\\/radioljubuski\",\"https:\\\/\\\/hr.linkedin.com\\\/company\\\/radio-ljubuski\",\"https:\\\/\\\/www.youtube.com\\\/channel\\\/UCHYaeO_n0Db3tjNGudGpXyw\"]},{\"@type\":\"Person\",\"@id\":\"https:\\\/\\\/radioljubuski.ba\\\/#\\\/schema\\\/person\\\/19fc700381a780f69665d7956c469e3b\",\"name\":\"Radio Ljubu\u0161ki\"}]}<\/script>\n<!-- \/ Yoast SEO plugin. -->","yoast_head_json":{"title":"Ivana Mari\u0107 imenovana za vr\u0161iteljicu du\u017enosti predsjednice NO Kamernog teatra \u201855 - RADIO LJUBU\u0160KI","robots":{"index":"index","follow":"follow","max-snippet":"max-snippet:-1","max-image-preview":"max-image-preview:large","max-video-preview":"max-video-preview:-1"},"canonical":"https:\/\/radioljubuski.ba\/index.php\/2021\/04\/01\/ivana-maric-imenovana-za-vrsiteljicu-duznosti-predsjednice-no-kamernog-teatra-55\/","og_locale":"hr_HR","og_type":"article","og_title":"Ivana Mari\u0107 imenovana za vr\u0161iteljicu du\u017enosti predsjednice NO Kamernog teatra \u201855 - RADIO LJUBU\u0160KI","og_description":"Analiti\u010darka Ivana Mari\u0107 imenovanja je za vr\u0161iteljicu du\u017enosti predsjednice Nadzornog odbora Javne ustanove \u201cKamerni teatar \u201955\u201d, potvr\u0111eno je za N1 iz Vlade Kantona Sarajevo. Nju je Vlada Kantona Sarajevo imenovala na ovu poziciju 26. o\u017eujka na razdoblje do kraja imenovanog v. d. Nadzornog odbora. Podsjetimo, Mari\u0107 je bila jedna od prijedloga za kandidatkinju Na\u0161e stranke [&hellip;]","og_url":"https:\/\/radioljubuski.ba\/index.php\/2021\/04\/01\/ivana-maric-imenovana-za-vrsiteljicu-duznosti-predsjednice-no-kamernog-teatra-55\/","og_site_name":"RADIO LJUBU\u0160KI","article_publisher":"https:\/\/www.facebook.com\/Radiio-Ljubuski-1490835324566332","article_published_time":"2021-04-01T20:21:11+00:00","article_modified_time":"2021-04-01T20:21:12+00:00","og_image":[{"width":740,"height":389,"url":"https:\/\/radioljubuski.ba\/wp-content\/uploads\/2021\/04\/Ivana-Maric.jpe","type":"image\/jpeg"}],"author":"Radio Ljubu\u0161ki","twitter_card":"summary_large_image","twitter_creator":"@radioljubuski","twitter_site":"@radioljubuski","twitter_misc":{"Napisao\/la":"Radio Ljubu\u0161ki","Procijenjeno vrijeme \u010ditanja":"1 minuta"},"schema":{"@context":"https:\/\/schema.org","@graph":[{"@type":"Article","@id":"https:\/\/radioljubuski.ba\/index.php\/2021\/04\/01\/ivana-maric-imenovana-za-vrsiteljicu-duznosti-predsjednice-no-kamernog-teatra-55\/#article","isPartOf":{"@id":"https:\/\/radioljubuski.ba\/index.php\/2021\/04\/01\/ivana-maric-imenovana-za-vrsiteljicu-duznosti-predsjednice-no-kamernog-teatra-55\/"},"author":{"name":"Radio Ljubu\u0161ki","@id":"https:\/\/radioljubuski.ba\/#\/schema\/person\/19fc700381a780f69665d7956c469e3b"},"headline":"Ivana Mari\u0107 imenovana za vr\u0161iteljicu du\u017enosti predsjednice NO Kamernog teatra \u201855","datePublished":"2021-04-01T20:21:11+00:00","dateModified":"2021-04-01T20:21:12+00:00","mainEntityOfPage":{"@id":"https:\/\/radioljubuski.ba\/index.php\/2021\/04\/01\/ivana-maric-imenovana-za-vrsiteljicu-duznosti-predsjednice-no-kamernog-teatra-55\/"},"wordCount":76,"publisher":{"@id":"https:\/\/radioljubuski.ba\/#organization"},"image":{"@id":"https:\/\/radioljubuski.ba\/index.php\/2021\/04\/01\/ivana-maric-imenovana-za-vrsiteljicu-duznosti-predsjednice-no-kamernog-teatra-55\/#primaryimage"},"thumbnailUrl":"https:\/\/radioljubuski.ba\/wp-content\/uploads\/2021\/04\/Ivana-Maric.jpe","articleSection":["BIH i regija"],"inLanguage":"hr"},{"@type":"WebPage","@id":"https:\/\/radioljubuski.ba\/index.php\/2021\/04\/01\/ivana-maric-imenovana-za-vrsiteljicu-duznosti-predsjednice-no-kamernog-teatra-55\/","url":"https:\/\/radioljubuski.ba\/index.php\/2021\/04\/01\/ivana-maric-imenovana-za-vrsiteljicu-duznosti-predsjednice-no-kamernog-teatra-55\/","name":"Ivana Mari\u0107 imenovana za vr\u0161iteljicu du\u017enosti predsjednice NO Kamernog teatra \u201855 - RADIO LJUBU\u0160KI","isPartOf":{"@id":"https:\/\/radioljubuski.ba\/#website"},"primaryImageOfPage":{"@id":"https:\/\/radioljubuski.ba\/index.php\/2021\/04\/01\/ivana-maric-imenovana-za-vrsiteljicu-duznosti-predsjednice-no-kamernog-teatra-55\/#primaryimage"},"image":{"@id":"https:\/\/radioljubuski.ba\/index.php\/2021\/04\/01\/ivana-maric-imenovana-za-vrsiteljicu-duznosti-predsjednice-no-kamernog-teatra-55\/#primaryimage"},"thumbnailUrl":"https:\/\/radioljubuski.ba\/wp-content\/uploads\/2021\/04\/Ivana-Maric.jpe","datePublished":"2021-04-01T20:21:11+00:00","dateModified":"2021-04-01T20:21:12+00:00","breadcrumb":{"@id":"https:\/\/radioljubuski.ba\/index.php\/2021\/04\/01\/ivana-maric-imenovana-za-vrsiteljicu-duznosti-predsjednice-no-kamernog-teatra-55\/#breadcrumb"},"inLanguage":"hr","potentialAction":[{"@type":"ReadAction","target":["https:\/\/radioljubuski.ba\/index.php\/2021\/04\/01\/ivana-maric-imenovana-za-vrsiteljicu-duznosti-predsjednice-no-kamernog-teatra-55\/"]}]},{"@type":"ImageObject","inLanguage":"hr","@id":"https:\/\/radioljubuski.ba\/index.php\/2021\/04\/01\/ivana-maric-imenovana-za-vrsiteljicu-duznosti-predsjednice-no-kamernog-teatra-55\/#primaryimage","url":"https:\/\/radioljubuski.ba\/wp-content\/uploads\/2021\/04\/Ivana-Maric.jpe","contentUrl":"https:\/\/radioljubuski.ba\/wp-content\/uploads\/2021\/04\/Ivana-Maric.jpe","width":740,"height":389},{"@type":"BreadcrumbList","@id":"https:\/\/radioljubuski.ba\/index.php\/2021\/04\/01\/ivana-maric-imenovana-za-vrsiteljicu-duznosti-predsjednice-no-kamernog-teatra-55\/#breadcrumb","itemListElement":[{"@type":"ListItem","position":1,"name":"Po\u010detna stranica","item":"https:\/\/radioljubuski.ba\/"},{"@type":"ListItem","position":2,"name":"Ivana Mari\u0107 imenovana za vr\u0161iteljicu du\u017enosti predsjednice NO Kamernog teatra \u201855"}]},{"@type":"WebSite","@id":"https:\/\/radioljubuski.ba\/#website","url":"https:\/\/radioljubuski.ba\/","name":"Radio Ljubu\u0161ki","description":"Sun\u010dana frekvencija Hercegovine","publisher":{"@id":"https:\/\/radioljubuski.ba\/#organization"},"potentialAction":[{"@type":"SearchAction","target":{"@type":"EntryPoint","urlTemplate":"https:\/\/radioljubuski.ba\/?s={search_term_string}"},"query-input":{"@type":"PropertyValueSpecification","valueRequired":true,"valueName":"search_term_string"}}],"inLanguage":"hr"},{"@type":"Organization","@id":"https:\/\/radioljubuski.ba\/#organization","name":"Radio Ljubu\u0161ki","url":"https:\/\/radioljubuski.ba\/","logo":{"@type":"ImageObject","inLanguage":"hr","@id":"https:\/\/radioljubuski.ba\/#\/schema\/logo\/image\/","url":"https:\/\/radioljubuski.ba\/wp-content\/uploads\/2021\/02\/cropped-Radio_Ljubuski_logo1.jpg","contentUrl":"https:\/\/radioljubuski.ba\/wp-content\/uploads\/2021\/02\/cropped-Radio_Ljubuski_logo1.jpg","width":512,"height":512,"caption":"Radio Ljubu\u0161ki"},"image":{"@id":"https:\/\/radioljubuski.ba\/#\/schema\/logo\/image\/"},"sameAs":["https:\/\/www.facebook.com\/Radiio-Ljubuski-1490835324566332","https:\/\/x.com\/radioljubuski","https:\/\/hr.linkedin.com\/company\/radio-ljubuski","https:\/\/www.youtube.com\/channel\/UCHYaeO_n0Db3tjNGudGpXyw"]},{"@type":"Person","@id":"https:\/\/radioljubuski.ba\/#\/schema\/person\/19fc700381a780f69665d7956c469e3b","name":"Radio Ljubu\u0161ki"}]}},"_links":{"self":[{"href":"https:\/\/radioljubuski.ba\/index.php\/wp-json\/wp\/v2\/posts\/8722","targetHints":{"allow":["GET"]}}],"collection":[{"href":"https:\/\/radioljubuski.ba\/index.php\/wp-json\/wp\/v2\/posts"}],"about":[{"href":"https:\/\/radioljubuski.ba\/index.php\/wp-json\/wp\/v2\/types\/post"}],"author":[{"embeddable":true,"href":"https:\/\/radioljubuski.ba\/index.php\/wp-json\/wp\/v2\/users\/2"}],"replies":[{"embeddable":true,"href":"https:\/\/radioljubuski.ba\/index.php\/wp-json\/wp\/v2\/comments?post=8722"}],"version-history":[{"count":1,"href":"https:\/\/radioljubuski.ba\/index.php\/wp-json\/wp\/v2\/posts\/8722\/revisions"}],"predecessor-version":[{"id":8724,"href":"https:\/\/radioljubuski.ba\/index.php\/wp-json\/wp\/v2\/posts\/8722\/revisions\/8724"}],"wp:featuredmedia":[{"embeddable":true,"href":"https:\/\/radioljubuski.ba\/index.php\/wp-json\/wp\/v2\/media\/8723"}],"wp:attachment":[{"href":"https:\/\/radioljubuski.ba\/index.php\/wp-json\/wp\/v2\/media?parent=8722"}],"wp:term":[{"taxonomy":"category","embeddable":true,"href":"https:\/\/radioljubuski.ba\/index.php\/wp-json\/wp\/v2\/categories?post=8722"},{"taxonomy":"post_tag","embeddable":true,"href":"https:\/\/radioljubuski.ba\/index.php\/wp-json\/wp\/v2\/tags?post=8722"}],"curies":[{"name":"wp","href":"https:\/\/api.w.org\/{rel}","templated":true}]}}