{"id":87221,"date":"2021-11-10T15:19:41","date_gmt":"2021-11-10T14:19:41","guid":{"rendered":"https:\/\/radioljubuski.ba\/?p=87221"},"modified":"2021-11-10T15:20:01","modified_gmt":"2021-11-10T14:20:01","slug":"tuga-u-susjedstvu-otac-i-kcer-preminuli-od-korone-u-razmaku-od-sat-vremena","status":"publish","type":"post","link":"https:\/\/radioljubuski.ba\/index.php\/2021\/11\/10\/tuga-u-susjedstvu-otac-i-kcer-preminuli-od-korone-u-razmaku-od-sat-vremena\/","title":{"rendered":"Tuga u susjedstvu: Otac i k\u0107er preminuli od korone u razmaku od sat vremena"},"content":{"rendered":"\n<p>Otac i k\u0107erka su se zarazili na proslavi u obiteljskoj ku\u0107i, a u covid ambulantu javili su se prekasno. Sanitetskim vozilom odmah su prevezeni u bolnicu u Po\u017earevcu, no unato\u010d lije\u010dni\u010dkim naporima za samo sat vremena od prijama umrli su oboje, javlja <a href=\"https:\/\/www.srbijadanas.com\/vesti\/drustvo\/korona-virus-epidemija-dr-radmilo-jankovic-pacijenti-lecenje-privatnik-posledice-infekcija-smrt-2021-11-10?utm_medium=push&amp;utm_source=pushpushgo&amp;utm_campaign=CampaignName\" target=\"_blank\" rel=\"noreferrer noopener\">Srbija danas.<\/a><\/p>\n\n\n\n<p>Obitelj Stanojevi\u0107 je godinama \u017eivjela u Be\u010du, a pro\u0161li su mjesec do\u0161li su u posjetu rodbini u Gradi\u0161te.<\/p>\n\n\n\n<p>&#8211; Oni su organizirali proslavu u svom domu, poslije koje su se zarazili. Lije\u010dili su se u privatnoj lije\u010dni\u010dkoj ordinaciji, a u covid ambulantu su se javili tek kada su bili u jako lo\u0161em stanju. Odmah su prevezeni u bolnicu u Po\u017earevcu u pratnji dva lije\u010dnika, ali nije im bilo spasa &#8211; ka\u017ee za Srbiju danas najbli\u017ei susjed obitelji Stanojevi\u0107 i dodaje:<\/p>\n\n\n\n<p>&#8211; \u010cim su stigli u Po\u017earevac, umrli su u roku od sat vremena, prvo Gorica, a onda odmah za njom i njen otac Jovan. Velika tragedija zadesila je ovu obitelj.<\/p>\n\n\n\n<p>Zamjenik direktora Klini\u010dkog centra u Ni\u0161u prof. dr Radmilo Jankovi\u0107 ka\u017ee kako lije\u010denje u privatnim ordinacijama mo\u017ee biti jako problemati\u010dno.<\/p>\n\n\n\n<p>&#8211; Ne zbog samog lije\u010denja i novca, nego jer se tamo uglavnom ne lije\u010de pacijenti kako treba. Odnosno, terapija koja se daje prili\u010dno odska\u010de od protokola lije\u010denja koji se primjenjuje u dr\u017eavnim institucijama &#8211; objasnio je.<\/p>\n\n\n\n<p>izvor:pogled.ba<\/p>\n","protected":false},"excerpt":{"rendered":"<p>Otac i k\u0107erka su se zarazili na proslavi u obiteljskoj ku\u0107i, a u covid ambulantu javili su se prekasno. Sanitetskim vozilom odmah su prevezeni u bolnicu u Po\u017earevcu, no unato\u010d lije\u010dni\u010dkim naporima za samo sat vremena od prijama umrli su oboje, javlja Srbija danas. Obitelj Stanojevi\u0107 je godinama \u017eivjela u Be\u010du, a pro\u0161li su mjesec [&hellip;]<\/p>\n","protected":false},"author":2,"featured_media":87222,"comment_status":"closed","ping_status":"closed","sticky":false,"template":"","format":"standard","meta":{"h5ap_radio_sources":[],"footnotes":""},"categories":[1],"tags":[],"class_list":["post-87221","post","type-post","status-publish","format-standard","has-post-thumbnail","hentry","category-bihiregija"],"yoast_head":"<!-- This site is optimized with the Yoast SEO plugin v27.5 - https:\/\/yoast.com\/product\/yoast-seo-wordpress\/ -->\n<title>Tuga u susjedstvu: Otac i k\u0107er preminuli od korone u razmaku od sat vremena - RADIO LJUBU\u0160KI<\/title>\n<meta name=\"robots\" content=\"index, follow, max-snippet:-1, max-image-preview:large, max-video-preview:-1\" \/>\n<link rel=\"canonical\" href=\"https:\/\/radioljubuski.ba\/index.php\/2021\/11\/10\/tuga-u-susjedstvu-otac-i-kcer-preminuli-od-korone-u-razmaku-od-sat-vremena\/\" \/>\n<meta property=\"og:locale\" content=\"hr_HR\" \/>\n<meta property=\"og:type\" content=\"article\" \/>\n<meta property=\"og:title\" content=\"Tuga u susjedstvu: Otac i k\u0107er preminuli od korone u razmaku od sat vremena - RADIO LJUBU\u0160KI\" \/>\n<meta property=\"og:description\" content=\"Otac i k\u0107erka su se zarazili na proslavi u obiteljskoj ku\u0107i, a u covid ambulantu javili su se prekasno. Sanitetskim vozilom odmah su prevezeni u bolnicu u Po\u017earevcu, no unato\u010d lije\u010dni\u010dkim naporima za samo sat vremena od prijama umrli su oboje, javlja Srbija danas. Obitelj Stanojevi\u0107 je godinama \u017eivjela u Be\u010du, a pro\u0161li su mjesec [&hellip;]\" \/>\n<meta property=\"og:url\" content=\"https:\/\/radioljubuski.ba\/index.php\/2021\/11\/10\/tuga-u-susjedstvu-otac-i-kcer-preminuli-od-korone-u-razmaku-od-sat-vremena\/\" \/>\n<meta property=\"og:site_name\" content=\"RADIO LJUBU\u0160KI\" \/>\n<meta property=\"article:publisher\" content=\"https:\/\/www.facebook.com\/Radiio-Ljubuski-1490835324566332\" \/>\n<meta property=\"article:published_time\" content=\"2021-11-10T14:19:41+00:00\" \/>\n<meta property=\"article:modified_time\" content=\"2021-11-10T14:20:01+00:00\" \/>\n<meta property=\"og:image\" content=\"https:\/\/radioljubuski.ba\/wp-content\/uploads\/2021\/11\/aaa.png\" \/>\n\t<meta property=\"og:image:width\" content=\"776\" \/>\n\t<meta property=\"og:image:height\" content=\"526\" \/>\n\t<meta property=\"og:image:type\" content=\"image\/png\" \/>\n<meta name=\"author\" content=\"Radio Ljubu\u0161ki\" \/>\n<meta name=\"twitter:card\" content=\"summary_large_image\" \/>\n<meta name=\"twitter:creator\" content=\"@radioljubuski\" \/>\n<meta name=\"twitter:site\" content=\"@radioljubuski\" \/>\n<meta name=\"twitter:label1\" content=\"Napisao\/la\" \/>\n\t<meta name=\"twitter:data1\" content=\"Radio Ljubu\u0161ki\" \/>\n\t<meta name=\"twitter:label2\" content=\"Procijenjeno vrijeme \u010ditanja\" \/>\n\t<meta name=\"twitter:data2\" content=\"1 minuta\" \/>\n<script type=\"application\/ld+json\" class=\"yoast-schema-graph\">{\"@context\":\"https:\\\/\\\/schema.org\",\"@graph\":[{\"@type\":\"Article\",\"@id\":\"https:\\\/\\\/radioljubuski.ba\\\/index.php\\\/2021\\\/11\\\/10\\\/tuga-u-susjedstvu-otac-i-kcer-preminuli-od-korone-u-razmaku-od-sat-vremena\\\/#article\",\"isPartOf\":{\"@id\":\"https:\\\/\\\/radioljubuski.ba\\\/index.php\\\/2021\\\/11\\\/10\\\/tuga-u-susjedstvu-otac-i-kcer-preminuli-od-korone-u-razmaku-od-sat-vremena\\\/\"},\"author\":{\"name\":\"Radio Ljubu\u0161ki\",\"@id\":\"https:\\\/\\\/radioljubuski.ba\\\/#\\\/schema\\\/person\\\/19fc700381a780f69665d7956c469e3b\"},\"headline\":\"Tuga u susjedstvu: Otac i k\u0107er preminuli od korone u razmaku od sat vremena\",\"datePublished\":\"2021-11-10T14:19:41+00:00\",\"dateModified\":\"2021-11-10T14:20:01+00:00\",\"mainEntityOfPage\":{\"@id\":\"https:\\\/\\\/radioljubuski.ba\\\/index.php\\\/2021\\\/11\\\/10\\\/tuga-u-susjedstvu-otac-i-kcer-preminuli-od-korone-u-razmaku-od-sat-vremena\\\/\"},\"wordCount\":258,\"publisher\":{\"@id\":\"https:\\\/\\\/radioljubuski.ba\\\/#organization\"},\"image\":{\"@id\":\"https:\\\/\\\/radioljubuski.ba\\\/index.php\\\/2021\\\/11\\\/10\\\/tuga-u-susjedstvu-otac-i-kcer-preminuli-od-korone-u-razmaku-od-sat-vremena\\\/#primaryimage\"},\"thumbnailUrl\":\"https:\\\/\\\/radioljubuski.ba\\\/wp-content\\\/uploads\\\/2021\\\/11\\\/aaa.png\",\"articleSection\":[\"BIH i regija\"],\"inLanguage\":\"hr\"},{\"@type\":\"WebPage\",\"@id\":\"https:\\\/\\\/radioljubuski.ba\\\/index.php\\\/2021\\\/11\\\/10\\\/tuga-u-susjedstvu-otac-i-kcer-preminuli-od-korone-u-razmaku-od-sat-vremena\\\/\",\"url\":\"https:\\\/\\\/radioljubuski.ba\\\/index.php\\\/2021\\\/11\\\/10\\\/tuga-u-susjedstvu-otac-i-kcer-preminuli-od-korone-u-razmaku-od-sat-vremena\\\/\",\"name\":\"Tuga u susjedstvu: Otac i k\u0107er preminuli od korone u razmaku od sat vremena - RADIO LJUBU\u0160KI\",\"isPartOf\":{\"@id\":\"https:\\\/\\\/radioljubuski.ba\\\/#website\"},\"primaryImageOfPage\":{\"@id\":\"https:\\\/\\\/radioljubuski.ba\\\/index.php\\\/2021\\\/11\\\/10\\\/tuga-u-susjedstvu-otac-i-kcer-preminuli-od-korone-u-razmaku-od-sat-vremena\\\/#primaryimage\"},\"image\":{\"@id\":\"https:\\\/\\\/radioljubuski.ba\\\/index.php\\\/2021\\\/11\\\/10\\\/tuga-u-susjedstvu-otac-i-kcer-preminuli-od-korone-u-razmaku-od-sat-vremena\\\/#primaryimage\"},\"thumbnailUrl\":\"https:\\\/\\\/radioljubuski.ba\\\/wp-content\\\/uploads\\\/2021\\\/11\\\/aaa.png\",\"datePublished\":\"2021-11-10T14:19:41+00:00\",\"dateModified\":\"2021-11-10T14:20:01+00:00\",\"breadcrumb\":{\"@id\":\"https:\\\/\\\/radioljubuski.ba\\\/index.php\\\/2021\\\/11\\\/10\\\/tuga-u-susjedstvu-otac-i-kcer-preminuli-od-korone-u-razmaku-od-sat-vremena\\\/#breadcrumb\"},\"inLanguage\":\"hr\",\"potentialAction\":[{\"@type\":\"ReadAction\",\"target\":[\"https:\\\/\\\/radioljubuski.ba\\\/index.php\\\/2021\\\/11\\\/10\\\/tuga-u-susjedstvu-otac-i-kcer-preminuli-od-korone-u-razmaku-od-sat-vremena\\\/\"]}]},{\"@type\":\"ImageObject\",\"inLanguage\":\"hr\",\"@id\":\"https:\\\/\\\/radioljubuski.ba\\\/index.php\\\/2021\\\/11\\\/10\\\/tuga-u-susjedstvu-otac-i-kcer-preminuli-od-korone-u-razmaku-od-sat-vremena\\\/#primaryimage\",\"url\":\"https:\\\/\\\/radioljubuski.ba\\\/wp-content\\\/uploads\\\/2021\\\/11\\\/aaa.png\",\"contentUrl\":\"https:\\\/\\\/radioljubuski.ba\\\/wp-content\\\/uploads\\\/2021\\\/11\\\/aaa.png\",\"width\":776,\"height\":526},{\"@type\":\"BreadcrumbList\",\"@id\":\"https:\\\/\\\/radioljubuski.ba\\\/index.php\\\/2021\\\/11\\\/10\\\/tuga-u-susjedstvu-otac-i-kcer-preminuli-od-korone-u-razmaku-od-sat-vremena\\\/#breadcrumb\",\"itemListElement\":[{\"@type\":\"ListItem\",\"position\":1,\"name\":\"Po\u010detna stranica\",\"item\":\"https:\\\/\\\/radioljubuski.ba\\\/\"},{\"@type\":\"ListItem\",\"position\":2,\"name\":\"Tuga u susjedstvu: Otac i k\u0107er preminuli od korone u razmaku od sat vremena\"}]},{\"@type\":\"WebSite\",\"@id\":\"https:\\\/\\\/radioljubuski.ba\\\/#website\",\"url\":\"https:\\\/\\\/radioljubuski.ba\\\/\",\"name\":\"Radio Ljubu\u0161ki\",\"description\":\"Sun\u010dana frekvencija Hercegovine\",\"publisher\":{\"@id\":\"https:\\\/\\\/radioljubuski.ba\\\/#organization\"},\"potentialAction\":[{\"@type\":\"SearchAction\",\"target\":{\"@type\":\"EntryPoint\",\"urlTemplate\":\"https:\\\/\\\/radioljubuski.ba\\\/?s={search_term_string}\"},\"query-input\":{\"@type\":\"PropertyValueSpecification\",\"valueRequired\":true,\"valueName\":\"search_term_string\"}}],\"inLanguage\":\"hr\"},{\"@type\":\"Organization\",\"@id\":\"https:\\\/\\\/radioljubuski.ba\\\/#organization\",\"name\":\"Radio Ljubu\u0161ki\",\"url\":\"https:\\\/\\\/radioljubuski.ba\\\/\",\"logo\":{\"@type\":\"ImageObject\",\"inLanguage\":\"hr\",\"@id\":\"https:\\\/\\\/radioljubuski.ba\\\/#\\\/schema\\\/logo\\\/image\\\/\",\"url\":\"https:\\\/\\\/radioljubuski.ba\\\/wp-content\\\/uploads\\\/2021\\\/02\\\/cropped-Radio_Ljubuski_logo1.jpg\",\"contentUrl\":\"https:\\\/\\\/radioljubuski.ba\\\/wp-content\\\/uploads\\\/2021\\\/02\\\/cropped-Radio_Ljubuski_logo1.jpg\",\"width\":512,\"height\":512,\"caption\":\"Radio Ljubu\u0161ki\"},\"image\":{\"@id\":\"https:\\\/\\\/radioljubuski.ba\\\/#\\\/schema\\\/logo\\\/image\\\/\"},\"sameAs\":[\"https:\\\/\\\/www.facebook.com\\\/Radiio-Ljubuski-1490835324566332\",\"https:\\\/\\\/x.com\\\/radioljubuski\",\"https:\\\/\\\/hr.linkedin.com\\\/company\\\/radio-ljubuski\",\"https:\\\/\\\/www.youtube.com\\\/channel\\\/UCHYaeO_n0Db3tjNGudGpXyw\"]},{\"@type\":\"Person\",\"@id\":\"https:\\\/\\\/radioljubuski.ba\\\/#\\\/schema\\\/person\\\/19fc700381a780f69665d7956c469e3b\",\"name\":\"Radio Ljubu\u0161ki\"}]}<\/script>\n<!-- \/ Yoast SEO plugin. -->","yoast_head_json":{"title":"Tuga u susjedstvu: Otac i k\u0107er preminuli od korone u razmaku od sat vremena - RADIO LJUBU\u0160KI","robots":{"index":"index","follow":"follow","max-snippet":"max-snippet:-1","max-image-preview":"max-image-preview:large","max-video-preview":"max-video-preview:-1"},"canonical":"https:\/\/radioljubuski.ba\/index.php\/2021\/11\/10\/tuga-u-susjedstvu-otac-i-kcer-preminuli-od-korone-u-razmaku-od-sat-vremena\/","og_locale":"hr_HR","og_type":"article","og_title":"Tuga u susjedstvu: Otac i k\u0107er preminuli od korone u razmaku od sat vremena - RADIO LJUBU\u0160KI","og_description":"Otac i k\u0107erka su se zarazili na proslavi u obiteljskoj ku\u0107i, a u covid ambulantu javili su se prekasno. Sanitetskim vozilom odmah su prevezeni u bolnicu u Po\u017earevcu, no unato\u010d lije\u010dni\u010dkim naporima za samo sat vremena od prijama umrli su oboje, javlja Srbija danas. Obitelj Stanojevi\u0107 je godinama \u017eivjela u Be\u010du, a pro\u0161li su mjesec [&hellip;]","og_url":"https:\/\/radioljubuski.ba\/index.php\/2021\/11\/10\/tuga-u-susjedstvu-otac-i-kcer-preminuli-od-korone-u-razmaku-od-sat-vremena\/","og_site_name":"RADIO LJUBU\u0160KI","article_publisher":"https:\/\/www.facebook.com\/Radiio-Ljubuski-1490835324566332","article_published_time":"2021-11-10T14:19:41+00:00","article_modified_time":"2021-11-10T14:20:01+00:00","og_image":[{"width":776,"height":526,"url":"https:\/\/radioljubuski.ba\/wp-content\/uploads\/2021\/11\/aaa.png","type":"image\/png"}],"author":"Radio Ljubu\u0161ki","twitter_card":"summary_large_image","twitter_creator":"@radioljubuski","twitter_site":"@radioljubuski","twitter_misc":{"Napisao\/la":"Radio Ljubu\u0161ki","Procijenjeno vrijeme \u010ditanja":"1 minuta"},"schema":{"@context":"https:\/\/schema.org","@graph":[{"@type":"Article","@id":"https:\/\/radioljubuski.ba\/index.php\/2021\/11\/10\/tuga-u-susjedstvu-otac-i-kcer-preminuli-od-korone-u-razmaku-od-sat-vremena\/#article","isPartOf":{"@id":"https:\/\/radioljubuski.ba\/index.php\/2021\/11\/10\/tuga-u-susjedstvu-otac-i-kcer-preminuli-od-korone-u-razmaku-od-sat-vremena\/"},"author":{"name":"Radio Ljubu\u0161ki","@id":"https:\/\/radioljubuski.ba\/#\/schema\/person\/19fc700381a780f69665d7956c469e3b"},"headline":"Tuga u susjedstvu: Otac i k\u0107er preminuli od korone u razmaku od sat vremena","datePublished":"2021-11-10T14:19:41+00:00","dateModified":"2021-11-10T14:20:01+00:00","mainEntityOfPage":{"@id":"https:\/\/radioljubuski.ba\/index.php\/2021\/11\/10\/tuga-u-susjedstvu-otac-i-kcer-preminuli-od-korone-u-razmaku-od-sat-vremena\/"},"wordCount":258,"publisher":{"@id":"https:\/\/radioljubuski.ba\/#organization"},"image":{"@id":"https:\/\/radioljubuski.ba\/index.php\/2021\/11\/10\/tuga-u-susjedstvu-otac-i-kcer-preminuli-od-korone-u-razmaku-od-sat-vremena\/#primaryimage"},"thumbnailUrl":"https:\/\/radioljubuski.ba\/wp-content\/uploads\/2021\/11\/aaa.png","articleSection":["BIH i regija"],"inLanguage":"hr"},{"@type":"WebPage","@id":"https:\/\/radioljubuski.ba\/index.php\/2021\/11\/10\/tuga-u-susjedstvu-otac-i-kcer-preminuli-od-korone-u-razmaku-od-sat-vremena\/","url":"https:\/\/radioljubuski.ba\/index.php\/2021\/11\/10\/tuga-u-susjedstvu-otac-i-kcer-preminuli-od-korone-u-razmaku-od-sat-vremena\/","name":"Tuga u susjedstvu: Otac i k\u0107er preminuli od korone u razmaku od sat vremena - RADIO LJUBU\u0160KI","isPartOf":{"@id":"https:\/\/radioljubuski.ba\/#website"},"primaryImageOfPage":{"@id":"https:\/\/radioljubuski.ba\/index.php\/2021\/11\/10\/tuga-u-susjedstvu-otac-i-kcer-preminuli-od-korone-u-razmaku-od-sat-vremena\/#primaryimage"},"image":{"@id":"https:\/\/radioljubuski.ba\/index.php\/2021\/11\/10\/tuga-u-susjedstvu-otac-i-kcer-preminuli-od-korone-u-razmaku-od-sat-vremena\/#primaryimage"},"thumbnailUrl":"https:\/\/radioljubuski.ba\/wp-content\/uploads\/2021\/11\/aaa.png","datePublished":"2021-11-10T14:19:41+00:00","dateModified":"2021-11-10T14:20:01+00:00","breadcrumb":{"@id":"https:\/\/radioljubuski.ba\/index.php\/2021\/11\/10\/tuga-u-susjedstvu-otac-i-kcer-preminuli-od-korone-u-razmaku-od-sat-vremena\/#breadcrumb"},"inLanguage":"hr","potentialAction":[{"@type":"ReadAction","target":["https:\/\/radioljubuski.ba\/index.php\/2021\/11\/10\/tuga-u-susjedstvu-otac-i-kcer-preminuli-od-korone-u-razmaku-od-sat-vremena\/"]}]},{"@type":"ImageObject","inLanguage":"hr","@id":"https:\/\/radioljubuski.ba\/index.php\/2021\/11\/10\/tuga-u-susjedstvu-otac-i-kcer-preminuli-od-korone-u-razmaku-od-sat-vremena\/#primaryimage","url":"https:\/\/radioljubuski.ba\/wp-content\/uploads\/2021\/11\/aaa.png","contentUrl":"https:\/\/radioljubuski.ba\/wp-content\/uploads\/2021\/11\/aaa.png","width":776,"height":526},{"@type":"BreadcrumbList","@id":"https:\/\/radioljubuski.ba\/index.php\/2021\/11\/10\/tuga-u-susjedstvu-otac-i-kcer-preminuli-od-korone-u-razmaku-od-sat-vremena\/#breadcrumb","itemListElement":[{"@type":"ListItem","position":1,"name":"Po\u010detna stranica","item":"https:\/\/radioljubuski.ba\/"},{"@type":"ListItem","position":2,"name":"Tuga u susjedstvu: Otac i k\u0107er preminuli od korone u razmaku od sat vremena"}]},{"@type":"WebSite","@id":"https:\/\/radioljubuski.ba\/#website","url":"https:\/\/radioljubuski.ba\/","name":"Radio Ljubu\u0161ki","description":"Sun\u010dana frekvencija Hercegovine","publisher":{"@id":"https:\/\/radioljubuski.ba\/#organization"},"potentialAction":[{"@type":"SearchAction","target":{"@type":"EntryPoint","urlTemplate":"https:\/\/radioljubuski.ba\/?s={search_term_string}"},"query-input":{"@type":"PropertyValueSpecification","valueRequired":true,"valueName":"search_term_string"}}],"inLanguage":"hr"},{"@type":"Organization","@id":"https:\/\/radioljubuski.ba\/#organization","name":"Radio Ljubu\u0161ki","url":"https:\/\/radioljubuski.ba\/","logo":{"@type":"ImageObject","inLanguage":"hr","@id":"https:\/\/radioljubuski.ba\/#\/schema\/logo\/image\/","url":"https:\/\/radioljubuski.ba\/wp-content\/uploads\/2021\/02\/cropped-Radio_Ljubuski_logo1.jpg","contentUrl":"https:\/\/radioljubuski.ba\/wp-content\/uploads\/2021\/02\/cropped-Radio_Ljubuski_logo1.jpg","width":512,"height":512,"caption":"Radio Ljubu\u0161ki"},"image":{"@id":"https:\/\/radioljubuski.ba\/#\/schema\/logo\/image\/"},"sameAs":["https:\/\/www.facebook.com\/Radiio-Ljubuski-1490835324566332","https:\/\/x.com\/radioljubuski","https:\/\/hr.linkedin.com\/company\/radio-ljubuski","https:\/\/www.youtube.com\/channel\/UCHYaeO_n0Db3tjNGudGpXyw"]},{"@type":"Person","@id":"https:\/\/radioljubuski.ba\/#\/schema\/person\/19fc700381a780f69665d7956c469e3b","name":"Radio Ljubu\u0161ki"}]}},"_links":{"self":[{"href":"https:\/\/radioljubuski.ba\/index.php\/wp-json\/wp\/v2\/posts\/87221","targetHints":{"allow":["GET"]}}],"collection":[{"href":"https:\/\/radioljubuski.ba\/index.php\/wp-json\/wp\/v2\/posts"}],"about":[{"href":"https:\/\/radioljubuski.ba\/index.php\/wp-json\/wp\/v2\/types\/post"}],"author":[{"embeddable":true,"href":"https:\/\/radioljubuski.ba\/index.php\/wp-json\/wp\/v2\/users\/2"}],"replies":[{"embeddable":true,"href":"https:\/\/radioljubuski.ba\/index.php\/wp-json\/wp\/v2\/comments?post=87221"}],"version-history":[{"count":1,"href":"https:\/\/radioljubuski.ba\/index.php\/wp-json\/wp\/v2\/posts\/87221\/revisions"}],"predecessor-version":[{"id":87223,"href":"https:\/\/radioljubuski.ba\/index.php\/wp-json\/wp\/v2\/posts\/87221\/revisions\/87223"}],"wp:featuredmedia":[{"embeddable":true,"href":"https:\/\/radioljubuski.ba\/index.php\/wp-json\/wp\/v2\/media\/87222"}],"wp:attachment":[{"href":"https:\/\/radioljubuski.ba\/index.php\/wp-json\/wp\/v2\/media?parent=87221"}],"wp:term":[{"taxonomy":"category","embeddable":true,"href":"https:\/\/radioljubuski.ba\/index.php\/wp-json\/wp\/v2\/categories?post=87221"},{"taxonomy":"post_tag","embeddable":true,"href":"https:\/\/radioljubuski.ba\/index.php\/wp-json\/wp\/v2\/tags?post=87221"}],"curies":[{"name":"wp","href":"https:\/\/api.w.org\/{rel}","templated":true}]}}