{"id":87231,"date":"2021-11-10T15:27:06","date_gmt":"2021-11-10T14:27:06","guid":{"rendered":"https:\/\/radioljubuski.ba\/?p=87231"},"modified":"2021-11-10T15:27:07","modified_gmt":"2021-11-10T14:27:07","slug":"u-posusju-predstavljena-knjiga-aforizama-ivana-vrljica","status":"publish","type":"post","link":"https:\/\/radioljubuski.ba\/index.php\/2021\/11\/10\/u-posusju-predstavljena-knjiga-aforizama-ivana-vrljica\/","title":{"rendered":"U Posu\u0161ju predstavljena knjiga aforizama Ivana Vrlji\u0107a"},"content":{"rendered":"\n<p>U organizaciji HKD Napredak, podru\u017enica Posu\u0161je, u utorak je u Posu\u0161ju predstavljena knjiga aforizama mostarskog knji\u017eevnika Ivana Vrlji\u0107a \u201eKula od karata zlata\u201c.<\/p>\n\n\n\n<p>Promotori knjige bili su splitski knji\u017eevnik i aforisti\u010dar Mladen Vukovi\u0107, ina\u010de biv\u0161i predsjednik HKD Napredak podru\u017enica u Splitu, te posu\u0161ke knji\u017eevnice Radica Leko i Miljenka Ko\u0161tro.<\/p>\n\n\n\n<p>Moderator i doma\u0107in predstavljanja knjige bio je predsjednik posu\u0161ke podru\u017enice Napretka prof. Ljubo Begi\u0107, koji je istaknuo kako posu\u0161ki Napredak svih ovih godina nastoji promovirati knjigu i kulturu \u010ditanja te da svojim glazbenim projektima nastoji obogatiti kulturni \u017eivot u Posu\u0161ju, priop\u0107eno je iz Napretka.<\/p>\n\n\n\n<p>Dopredsjednik HKD Napredak Miroslav Landeka pozdravio je nazo\u010dne uime Sredi\u0161nje uprave HKD Napredak i Povjerenstva za izdava\u0161tvo i medije. Landeka je kazao kako je zadovoljan \u0161to se promocija Vrlji\u0107eve knjige aforizama nakon Mostara, Fojnice i Ljubu\u0161kog doga\u0111a u Posu\u0161ju, u srcu Hercegovine, te da se na taj na\u010din uspostavlja suradnja me\u0111u podru\u017enicama velike Napretkove obitelji, \u0161to je jedna od vodilja Dru\u0161tva u cjelini.<\/p>\n\n\n\n<p>Knji\u017eevnica Radica Leko rekla je kako Vrlji\u0107eva knjiga korespondira s o\u010ditim misaonim tendencijama i duhovitim porivima, naglasiv\u0161i kako to ovu knjigu &#8220;\u010dini zanimljivom jer je aforizam upravo sa\u017eeta misao \u010diji se postanak kroz povijest ve\u017ee ve\u0107 od rimskog vremena do danas&#8221;.<\/p>\n\n\n\n<p>Aforisti\u010dar Mladen Vukovi\u0107, glavni urednik knjige, govorio je o nastanku knjige i suradnje s autorom Ivanom Vrlji\u0107em te kako je do\u0161lo do ideje kori\u010denja ove knjige.<\/p>\n\n\n\n<p>Iskrene rije\u010di zahvale uputio je sam autor knjige Ivan Vrlji\u0107 najprije samim promotorima i predstavlja\u010dima, posebno HKD Napredak kao i svim ostalima koji su omogu\u0107ili da knjiga ugleda svjetlo dana.<\/p>\n\n\n\n<p>Ovaj kulturni doga\u0111aj nastupom je uveli\u010dao i obogatio Napretkov dje\u010dji zbog \u201eCvr\u010dak\u201c uz glasovirsku pratnju Ljube Begi\u0107a te knji\u017eevnica i novinarka Miljenka Ko\u0161tro koja je \u010ditala aforizme, navode iz Napretka.<\/p>\n\n\n\n<p>Izvor:pogled.ba<\/p>\n","protected":false},"excerpt":{"rendered":"<p>U organizaciji HKD Napredak, podru\u017enica Posu\u0161je, u utorak je u Posu\u0161ju predstavljena knjiga aforizama mostarskog knji\u017eevnika Ivana Vrlji\u0107a \u201eKula od karata zlata\u201c. Promotori knjige bili su splitski knji\u017eevnik i aforisti\u010dar Mladen Vukovi\u0107, ina\u010de biv\u0161i predsjednik HKD Napredak podru\u017enica u Splitu, te posu\u0161ke knji\u017eevnice Radica Leko i Miljenka Ko\u0161tro. Moderator i doma\u0107in predstavljanja knjige bio je [&hellip;]<\/p>\n","protected":false},"author":2,"featured_media":87232,"comment_status":"closed","ping_status":"closed","sticky":false,"template":"","format":"standard","meta":{"h5ap_radio_sources":[],"footnotes":""},"categories":[1],"tags":[],"class_list":["post-87231","post","type-post","status-publish","format-standard","has-post-thumbnail","hentry","category-bihiregija"],"yoast_head":"<!-- This site is optimized with the Yoast SEO plugin v27.5 - https:\/\/yoast.com\/product\/yoast-seo-wordpress\/ -->\n<title>U Posu\u0161ju predstavljena knjiga aforizama Ivana Vrlji\u0107a - RADIO LJUBU\u0160KI<\/title>\n<meta name=\"robots\" content=\"index, follow, max-snippet:-1, max-image-preview:large, max-video-preview:-1\" \/>\n<link rel=\"canonical\" href=\"https:\/\/radioljubuski.ba\/index.php\/2021\/11\/10\/u-posusju-predstavljena-knjiga-aforizama-ivana-vrljica\/\" \/>\n<meta property=\"og:locale\" content=\"hr_HR\" \/>\n<meta property=\"og:type\" content=\"article\" \/>\n<meta property=\"og:title\" content=\"U Posu\u0161ju predstavljena knjiga aforizama Ivana Vrlji\u0107a - RADIO LJUBU\u0160KI\" \/>\n<meta property=\"og:description\" content=\"U organizaciji HKD Napredak, podru\u017enica Posu\u0161je, u utorak je u Posu\u0161ju predstavljena knjiga aforizama mostarskog knji\u017eevnika Ivana Vrlji\u0107a \u201eKula od karata zlata\u201c. Promotori knjige bili su splitski knji\u017eevnik i aforisti\u010dar Mladen Vukovi\u0107, ina\u010de biv\u0161i predsjednik HKD Napredak podru\u017enica u Splitu, te posu\u0161ke knji\u017eevnice Radica Leko i Miljenka Ko\u0161tro. Moderator i doma\u0107in predstavljanja knjige bio je [&hellip;]\" \/>\n<meta property=\"og:url\" content=\"https:\/\/radioljubuski.ba\/index.php\/2021\/11\/10\/u-posusju-predstavljena-knjiga-aforizama-ivana-vrljica\/\" \/>\n<meta property=\"og:site_name\" content=\"RADIO LJUBU\u0160KI\" \/>\n<meta property=\"article:publisher\" content=\"https:\/\/www.facebook.com\/Radiio-Ljubuski-1490835324566332\" \/>\n<meta property=\"article:published_time\" content=\"2021-11-10T14:27:06+00:00\" \/>\n<meta property=\"article:modified_time\" content=\"2021-11-10T14:27:07+00:00\" \/>\n<meta property=\"og:image\" content=\"https:\/\/radioljubuski.ba\/wp-content\/uploads\/2021\/11\/4444.jpg\" \/>\n\t<meta property=\"og:image:width\" content=\"647\" \/>\n\t<meta property=\"og:image:height\" content=\"404\" \/>\n\t<meta property=\"og:image:type\" content=\"image\/jpeg\" \/>\n<meta name=\"author\" content=\"Radio Ljubu\u0161ki\" \/>\n<meta name=\"twitter:card\" content=\"summary_large_image\" \/>\n<meta name=\"twitter:creator\" content=\"@radioljubuski\" \/>\n<meta name=\"twitter:site\" content=\"@radioljubuski\" \/>\n<meta name=\"twitter:label1\" content=\"Napisao\/la\" \/>\n\t<meta name=\"twitter:data1\" content=\"Radio Ljubu\u0161ki\" \/>\n\t<meta name=\"twitter:label2\" content=\"Procijenjeno vrijeme \u010ditanja\" \/>\n\t<meta name=\"twitter:data2\" content=\"2 minute\" \/>\n<script type=\"application\/ld+json\" class=\"yoast-schema-graph\">{\"@context\":\"https:\\\/\\\/schema.org\",\"@graph\":[{\"@type\":\"Article\",\"@id\":\"https:\\\/\\\/radioljubuski.ba\\\/index.php\\\/2021\\\/11\\\/10\\\/u-posusju-predstavljena-knjiga-aforizama-ivana-vrljica\\\/#article\",\"isPartOf\":{\"@id\":\"https:\\\/\\\/radioljubuski.ba\\\/index.php\\\/2021\\\/11\\\/10\\\/u-posusju-predstavljena-knjiga-aforizama-ivana-vrljica\\\/\"},\"author\":{\"name\":\"Radio Ljubu\u0161ki\",\"@id\":\"https:\\\/\\\/radioljubuski.ba\\\/#\\\/schema\\\/person\\\/19fc700381a780f69665d7956c469e3b\"},\"headline\":\"U Posu\u0161ju predstavljena knjiga aforizama Ivana Vrlji\u0107a\",\"datePublished\":\"2021-11-10T14:27:06+00:00\",\"dateModified\":\"2021-11-10T14:27:07+00:00\",\"mainEntityOfPage\":{\"@id\":\"https:\\\/\\\/radioljubuski.ba\\\/index.php\\\/2021\\\/11\\\/10\\\/u-posusju-predstavljena-knjiga-aforizama-ivana-vrljica\\\/\"},\"wordCount\":344,\"publisher\":{\"@id\":\"https:\\\/\\\/radioljubuski.ba\\\/#organization\"},\"image\":{\"@id\":\"https:\\\/\\\/radioljubuski.ba\\\/index.php\\\/2021\\\/11\\\/10\\\/u-posusju-predstavljena-knjiga-aforizama-ivana-vrljica\\\/#primaryimage\"},\"thumbnailUrl\":\"https:\\\/\\\/radioljubuski.ba\\\/wp-content\\\/uploads\\\/2021\\\/11\\\/4444.jpg\",\"articleSection\":[\"BIH i regija\"],\"inLanguage\":\"hr\"},{\"@type\":\"WebPage\",\"@id\":\"https:\\\/\\\/radioljubuski.ba\\\/index.php\\\/2021\\\/11\\\/10\\\/u-posusju-predstavljena-knjiga-aforizama-ivana-vrljica\\\/\",\"url\":\"https:\\\/\\\/radioljubuski.ba\\\/index.php\\\/2021\\\/11\\\/10\\\/u-posusju-predstavljena-knjiga-aforizama-ivana-vrljica\\\/\",\"name\":\"U Posu\u0161ju predstavljena knjiga aforizama Ivana Vrlji\u0107a - RADIO LJUBU\u0160KI\",\"isPartOf\":{\"@id\":\"https:\\\/\\\/radioljubuski.ba\\\/#website\"},\"primaryImageOfPage\":{\"@id\":\"https:\\\/\\\/radioljubuski.ba\\\/index.php\\\/2021\\\/11\\\/10\\\/u-posusju-predstavljena-knjiga-aforizama-ivana-vrljica\\\/#primaryimage\"},\"image\":{\"@id\":\"https:\\\/\\\/radioljubuski.ba\\\/index.php\\\/2021\\\/11\\\/10\\\/u-posusju-predstavljena-knjiga-aforizama-ivana-vrljica\\\/#primaryimage\"},\"thumbnailUrl\":\"https:\\\/\\\/radioljubuski.ba\\\/wp-content\\\/uploads\\\/2021\\\/11\\\/4444.jpg\",\"datePublished\":\"2021-11-10T14:27:06+00:00\",\"dateModified\":\"2021-11-10T14:27:07+00:00\",\"breadcrumb\":{\"@id\":\"https:\\\/\\\/radioljubuski.ba\\\/index.php\\\/2021\\\/11\\\/10\\\/u-posusju-predstavljena-knjiga-aforizama-ivana-vrljica\\\/#breadcrumb\"},\"inLanguage\":\"hr\",\"potentialAction\":[{\"@type\":\"ReadAction\",\"target\":[\"https:\\\/\\\/radioljubuski.ba\\\/index.php\\\/2021\\\/11\\\/10\\\/u-posusju-predstavljena-knjiga-aforizama-ivana-vrljica\\\/\"]}]},{\"@type\":\"ImageObject\",\"inLanguage\":\"hr\",\"@id\":\"https:\\\/\\\/radioljubuski.ba\\\/index.php\\\/2021\\\/11\\\/10\\\/u-posusju-predstavljena-knjiga-aforizama-ivana-vrljica\\\/#primaryimage\",\"url\":\"https:\\\/\\\/radioljubuski.ba\\\/wp-content\\\/uploads\\\/2021\\\/11\\\/4444.jpg\",\"contentUrl\":\"https:\\\/\\\/radioljubuski.ba\\\/wp-content\\\/uploads\\\/2021\\\/11\\\/4444.jpg\",\"width\":647,\"height\":404},{\"@type\":\"BreadcrumbList\",\"@id\":\"https:\\\/\\\/radioljubuski.ba\\\/index.php\\\/2021\\\/11\\\/10\\\/u-posusju-predstavljena-knjiga-aforizama-ivana-vrljica\\\/#breadcrumb\",\"itemListElement\":[{\"@type\":\"ListItem\",\"position\":1,\"name\":\"Po\u010detna stranica\",\"item\":\"https:\\\/\\\/radioljubuski.ba\\\/\"},{\"@type\":\"ListItem\",\"position\":2,\"name\":\"U Posu\u0161ju predstavljena knjiga aforizama Ivana Vrlji\u0107a\"}]},{\"@type\":\"WebSite\",\"@id\":\"https:\\\/\\\/radioljubuski.ba\\\/#website\",\"url\":\"https:\\\/\\\/radioljubuski.ba\\\/\",\"name\":\"Radio Ljubu\u0161ki\",\"description\":\"Sun\u010dana frekvencija Hercegovine\",\"publisher\":{\"@id\":\"https:\\\/\\\/radioljubuski.ba\\\/#organization\"},\"potentialAction\":[{\"@type\":\"SearchAction\",\"target\":{\"@type\":\"EntryPoint\",\"urlTemplate\":\"https:\\\/\\\/radioljubuski.ba\\\/?s={search_term_string}\"},\"query-input\":{\"@type\":\"PropertyValueSpecification\",\"valueRequired\":true,\"valueName\":\"search_term_string\"}}],\"inLanguage\":\"hr\"},{\"@type\":\"Organization\",\"@id\":\"https:\\\/\\\/radioljubuski.ba\\\/#organization\",\"name\":\"Radio Ljubu\u0161ki\",\"url\":\"https:\\\/\\\/radioljubuski.ba\\\/\",\"logo\":{\"@type\":\"ImageObject\",\"inLanguage\":\"hr\",\"@id\":\"https:\\\/\\\/radioljubuski.ba\\\/#\\\/schema\\\/logo\\\/image\\\/\",\"url\":\"https:\\\/\\\/radioljubuski.ba\\\/wp-content\\\/uploads\\\/2021\\\/02\\\/cropped-Radio_Ljubuski_logo1.jpg\",\"contentUrl\":\"https:\\\/\\\/radioljubuski.ba\\\/wp-content\\\/uploads\\\/2021\\\/02\\\/cropped-Radio_Ljubuski_logo1.jpg\",\"width\":512,\"height\":512,\"caption\":\"Radio Ljubu\u0161ki\"},\"image\":{\"@id\":\"https:\\\/\\\/radioljubuski.ba\\\/#\\\/schema\\\/logo\\\/image\\\/\"},\"sameAs\":[\"https:\\\/\\\/www.facebook.com\\\/Radiio-Ljubuski-1490835324566332\",\"https:\\\/\\\/x.com\\\/radioljubuski\",\"https:\\\/\\\/hr.linkedin.com\\\/company\\\/radio-ljubuski\",\"https:\\\/\\\/www.youtube.com\\\/channel\\\/UCHYaeO_n0Db3tjNGudGpXyw\"]},{\"@type\":\"Person\",\"@id\":\"https:\\\/\\\/radioljubuski.ba\\\/#\\\/schema\\\/person\\\/19fc700381a780f69665d7956c469e3b\",\"name\":\"Radio Ljubu\u0161ki\"}]}<\/script>\n<!-- \/ Yoast SEO plugin. -->","yoast_head_json":{"title":"U Posu\u0161ju predstavljena knjiga aforizama Ivana Vrlji\u0107a - RADIO LJUBU\u0160KI","robots":{"index":"index","follow":"follow","max-snippet":"max-snippet:-1","max-image-preview":"max-image-preview:large","max-video-preview":"max-video-preview:-1"},"canonical":"https:\/\/radioljubuski.ba\/index.php\/2021\/11\/10\/u-posusju-predstavljena-knjiga-aforizama-ivana-vrljica\/","og_locale":"hr_HR","og_type":"article","og_title":"U Posu\u0161ju predstavljena knjiga aforizama Ivana Vrlji\u0107a - RADIO LJUBU\u0160KI","og_description":"U organizaciji HKD Napredak, podru\u017enica Posu\u0161je, u utorak je u Posu\u0161ju predstavljena knjiga aforizama mostarskog knji\u017eevnika Ivana Vrlji\u0107a \u201eKula od karata zlata\u201c. Promotori knjige bili su splitski knji\u017eevnik i aforisti\u010dar Mladen Vukovi\u0107, ina\u010de biv\u0161i predsjednik HKD Napredak podru\u017enica u Splitu, te posu\u0161ke knji\u017eevnice Radica Leko i Miljenka Ko\u0161tro. Moderator i doma\u0107in predstavljanja knjige bio je [&hellip;]","og_url":"https:\/\/radioljubuski.ba\/index.php\/2021\/11\/10\/u-posusju-predstavljena-knjiga-aforizama-ivana-vrljica\/","og_site_name":"RADIO LJUBU\u0160KI","article_publisher":"https:\/\/www.facebook.com\/Radiio-Ljubuski-1490835324566332","article_published_time":"2021-11-10T14:27:06+00:00","article_modified_time":"2021-11-10T14:27:07+00:00","og_image":[{"width":647,"height":404,"url":"https:\/\/radioljubuski.ba\/wp-content\/uploads\/2021\/11\/4444.jpg","type":"image\/jpeg"}],"author":"Radio Ljubu\u0161ki","twitter_card":"summary_large_image","twitter_creator":"@radioljubuski","twitter_site":"@radioljubuski","twitter_misc":{"Napisao\/la":"Radio Ljubu\u0161ki","Procijenjeno vrijeme \u010ditanja":"2 minute"},"schema":{"@context":"https:\/\/schema.org","@graph":[{"@type":"Article","@id":"https:\/\/radioljubuski.ba\/index.php\/2021\/11\/10\/u-posusju-predstavljena-knjiga-aforizama-ivana-vrljica\/#article","isPartOf":{"@id":"https:\/\/radioljubuski.ba\/index.php\/2021\/11\/10\/u-posusju-predstavljena-knjiga-aforizama-ivana-vrljica\/"},"author":{"name":"Radio Ljubu\u0161ki","@id":"https:\/\/radioljubuski.ba\/#\/schema\/person\/19fc700381a780f69665d7956c469e3b"},"headline":"U Posu\u0161ju predstavljena knjiga aforizama Ivana Vrlji\u0107a","datePublished":"2021-11-10T14:27:06+00:00","dateModified":"2021-11-10T14:27:07+00:00","mainEntityOfPage":{"@id":"https:\/\/radioljubuski.ba\/index.php\/2021\/11\/10\/u-posusju-predstavljena-knjiga-aforizama-ivana-vrljica\/"},"wordCount":344,"publisher":{"@id":"https:\/\/radioljubuski.ba\/#organization"},"image":{"@id":"https:\/\/radioljubuski.ba\/index.php\/2021\/11\/10\/u-posusju-predstavljena-knjiga-aforizama-ivana-vrljica\/#primaryimage"},"thumbnailUrl":"https:\/\/radioljubuski.ba\/wp-content\/uploads\/2021\/11\/4444.jpg","articleSection":["BIH i regija"],"inLanguage":"hr"},{"@type":"WebPage","@id":"https:\/\/radioljubuski.ba\/index.php\/2021\/11\/10\/u-posusju-predstavljena-knjiga-aforizama-ivana-vrljica\/","url":"https:\/\/radioljubuski.ba\/index.php\/2021\/11\/10\/u-posusju-predstavljena-knjiga-aforizama-ivana-vrljica\/","name":"U Posu\u0161ju predstavljena knjiga aforizama Ivana Vrlji\u0107a - RADIO LJUBU\u0160KI","isPartOf":{"@id":"https:\/\/radioljubuski.ba\/#website"},"primaryImageOfPage":{"@id":"https:\/\/radioljubuski.ba\/index.php\/2021\/11\/10\/u-posusju-predstavljena-knjiga-aforizama-ivana-vrljica\/#primaryimage"},"image":{"@id":"https:\/\/radioljubuski.ba\/index.php\/2021\/11\/10\/u-posusju-predstavljena-knjiga-aforizama-ivana-vrljica\/#primaryimage"},"thumbnailUrl":"https:\/\/radioljubuski.ba\/wp-content\/uploads\/2021\/11\/4444.jpg","datePublished":"2021-11-10T14:27:06+00:00","dateModified":"2021-11-10T14:27:07+00:00","breadcrumb":{"@id":"https:\/\/radioljubuski.ba\/index.php\/2021\/11\/10\/u-posusju-predstavljena-knjiga-aforizama-ivana-vrljica\/#breadcrumb"},"inLanguage":"hr","potentialAction":[{"@type":"ReadAction","target":["https:\/\/radioljubuski.ba\/index.php\/2021\/11\/10\/u-posusju-predstavljena-knjiga-aforizama-ivana-vrljica\/"]}]},{"@type":"ImageObject","inLanguage":"hr","@id":"https:\/\/radioljubuski.ba\/index.php\/2021\/11\/10\/u-posusju-predstavljena-knjiga-aforizama-ivana-vrljica\/#primaryimage","url":"https:\/\/radioljubuski.ba\/wp-content\/uploads\/2021\/11\/4444.jpg","contentUrl":"https:\/\/radioljubuski.ba\/wp-content\/uploads\/2021\/11\/4444.jpg","width":647,"height":404},{"@type":"BreadcrumbList","@id":"https:\/\/radioljubuski.ba\/index.php\/2021\/11\/10\/u-posusju-predstavljena-knjiga-aforizama-ivana-vrljica\/#breadcrumb","itemListElement":[{"@type":"ListItem","position":1,"name":"Po\u010detna stranica","item":"https:\/\/radioljubuski.ba\/"},{"@type":"ListItem","position":2,"name":"U Posu\u0161ju predstavljena knjiga aforizama Ivana Vrlji\u0107a"}]},{"@type":"WebSite","@id":"https:\/\/radioljubuski.ba\/#website","url":"https:\/\/radioljubuski.ba\/","name":"Radio Ljubu\u0161ki","description":"Sun\u010dana frekvencija Hercegovine","publisher":{"@id":"https:\/\/radioljubuski.ba\/#organization"},"potentialAction":[{"@type":"SearchAction","target":{"@type":"EntryPoint","urlTemplate":"https:\/\/radioljubuski.ba\/?s={search_term_string}"},"query-input":{"@type":"PropertyValueSpecification","valueRequired":true,"valueName":"search_term_string"}}],"inLanguage":"hr"},{"@type":"Organization","@id":"https:\/\/radioljubuski.ba\/#organization","name":"Radio Ljubu\u0161ki","url":"https:\/\/radioljubuski.ba\/","logo":{"@type":"ImageObject","inLanguage":"hr","@id":"https:\/\/radioljubuski.ba\/#\/schema\/logo\/image\/","url":"https:\/\/radioljubuski.ba\/wp-content\/uploads\/2021\/02\/cropped-Radio_Ljubuski_logo1.jpg","contentUrl":"https:\/\/radioljubuski.ba\/wp-content\/uploads\/2021\/02\/cropped-Radio_Ljubuski_logo1.jpg","width":512,"height":512,"caption":"Radio Ljubu\u0161ki"},"image":{"@id":"https:\/\/radioljubuski.ba\/#\/schema\/logo\/image\/"},"sameAs":["https:\/\/www.facebook.com\/Radiio-Ljubuski-1490835324566332","https:\/\/x.com\/radioljubuski","https:\/\/hr.linkedin.com\/company\/radio-ljubuski","https:\/\/www.youtube.com\/channel\/UCHYaeO_n0Db3tjNGudGpXyw"]},{"@type":"Person","@id":"https:\/\/radioljubuski.ba\/#\/schema\/person\/19fc700381a780f69665d7956c469e3b","name":"Radio Ljubu\u0161ki"}]}},"_links":{"self":[{"href":"https:\/\/radioljubuski.ba\/index.php\/wp-json\/wp\/v2\/posts\/87231","targetHints":{"allow":["GET"]}}],"collection":[{"href":"https:\/\/radioljubuski.ba\/index.php\/wp-json\/wp\/v2\/posts"}],"about":[{"href":"https:\/\/radioljubuski.ba\/index.php\/wp-json\/wp\/v2\/types\/post"}],"author":[{"embeddable":true,"href":"https:\/\/radioljubuski.ba\/index.php\/wp-json\/wp\/v2\/users\/2"}],"replies":[{"embeddable":true,"href":"https:\/\/radioljubuski.ba\/index.php\/wp-json\/wp\/v2\/comments?post=87231"}],"version-history":[{"count":1,"href":"https:\/\/radioljubuski.ba\/index.php\/wp-json\/wp\/v2\/posts\/87231\/revisions"}],"predecessor-version":[{"id":87233,"href":"https:\/\/radioljubuski.ba\/index.php\/wp-json\/wp\/v2\/posts\/87231\/revisions\/87233"}],"wp:featuredmedia":[{"embeddable":true,"href":"https:\/\/radioljubuski.ba\/index.php\/wp-json\/wp\/v2\/media\/87232"}],"wp:attachment":[{"href":"https:\/\/radioljubuski.ba\/index.php\/wp-json\/wp\/v2\/media?parent=87231"}],"wp:term":[{"taxonomy":"category","embeddable":true,"href":"https:\/\/radioljubuski.ba\/index.php\/wp-json\/wp\/v2\/categories?post=87231"},{"taxonomy":"post_tag","embeddable":true,"href":"https:\/\/radioljubuski.ba\/index.php\/wp-json\/wp\/v2\/tags?post=87231"}],"curies":[{"name":"wp","href":"https:\/\/api.w.org\/{rel}","templated":true}]}}