{"id":87266,"date":"2021-11-11T10:40:31","date_gmt":"2021-11-11T09:40:31","guid":{"rendered":"https:\/\/radioljubuski.ba\/?p=87266"},"modified":"2021-11-11T10:40:32","modified_gmt":"2021-11-11T09:40:32","slug":"pic-podrzao-schmidta-kazu-da-je-njegova-uloga-kljucna-rusija-protiv","status":"publish","type":"post","link":"https:\/\/radioljubuski.ba\/index.php\/2021\/11\/11\/pic-podrzao-schmidta-kazu-da-je-njegova-uloga-kljucna-rusija-protiv\/","title":{"rendered":"PIC podr\u017eao Schmidta, ka\u017eu da je njegova uloga klju\u010dna; Rusija protiv"},"content":{"rendered":"\n<p><strong>Iz OHR-a su uputili zajedni\u010dku izjavu veleposlanika Upravnog odbora Vije\u0107a za provedbu mira (PIC), u kojoj iskazuju podr\u0161ku \u201cvisokom predstavniku\u201d Christianu Schmidtu.<\/strong><\/p>\n\n\n\n<p>Priop\u0107enje prenosimo u cijelosti:<\/p>\n\n\n\n<p>\u2013 U svjetlu nedavnih poku\u0161aja podrivanja njegove uloge, veleposlanici Upravnog odbora Vije\u0107a za implementaciju mira ponavljaju njihovu \u010dvrstu podr\u0161ku autoritetu i mandatu visokog predstavnika kao \u010duvara implementacije civilnog aspekta Dejtonskog mirovnog sporazuma. Uloga visokog predstavnika je klju\u010dna da bi BiH ispunila 5+2 uvjete i nakon toga zavr\u0161ila s me\u0111unarodnom supervizijom, pribli\u017eavaju\u0107i se EU.<\/p>\n\n\n\n<p><strong>Ve\u0107a politi\u010dka volja<\/strong><\/p>\n\n\n\n<p>Glavna odgovornost za postizanje ovih ciljeva le\u017ei na vlastima i institucijama Bosne i Hercegovine. Pozivamo sve nivoe vlasti da preuzmu svoju odgovornost i ispune mandat koji su im dali glasa\u010di. Potrebna je ve\u0107a politi\u010dka volja da se postigne napredak na polju zajedni\u010dkih ciljeva i premoste podjele. Retorika ili djela koja dovode do destabilizacije i podjela, uklju\u010duju\u0107i podrivanje dr\u017eavnih institucija i reformi koje su pru\u017eile stabilnost, financijsku dobrobit i funkcionalnost za sve u BiH, moraju prestati. To nije u interesu bilo kog gra\u0111anina BiH ili kompanije i odvla\u010di pa\u017enju s prijeko potrebnog djelovanja i reformi na europskom putu. Mi podvla\u010dimo na\u0161u nedvosmislenu podr\u0161ku postojanju BiH kao jedinstvene i suverene dr\u017eave koja se sastoji od dva entiteta i Br\u010dko distrikta.<\/p>\n\n\n\n<p><strong>Ruska Federacija ne potpisuje izjavu<\/strong><\/p>\n\n\n\n<p>Upu\u0107ujemo pohvalu visokom predstavniku za njegovu predanost anga\u017emanu sa svim stranama. Pozdravljamo fokus visokog predstavnika na pitanje dr\u017eavne i vojne imovine i pozivamo sve politi\u010dke aktere da u potpunosti sura\u0111uju s OHR-om u pronalasku funkcionalnog rje\u0161enja u interesu BiH i njenih entiteta. Potvr\u0111ujemo kontinuiranu va\u017enost EUFOR\/Althea u osiguravanju sigurnog i sigurnog okru\u017eenja u BiH, koje ostaje preduvjet za miran i stabilan razvoj na dobrobit svih gra\u0111ana. Zato pozdravljamo odluku Vije\u0107a sigurnosti UN-a o produ\u017eenju mandata EUFOR\/Althea na dodatnih 12 mjeseci, donijetu 3.studenog.<\/p>\n\n\n\n<p>Zajedno s visokim predstavnikom Christianom Schmidtom, mi, \u010dlanice Upravnog odbora Vije\u0107a za implementaciju mira, ostajemo spremne da pomognemo i podr\u017eimo doma\u0107e aktere u njihovim nastojanjima da osiguraju mirnu, demokratsku i prosperitetnu budu\u0107nost za sve gra\u0111ane BiH \u2013 pi\u0161e u priop\u0107enju.<\/p>\n\n\n\n<p>Napomenuto je da Ruska Federacija se ne pridru\u017euje ovoj izjavi.<\/p>\n\n\n\n<p>\/HMS\/<\/p>\n","protected":false},"excerpt":{"rendered":"<p>Iz OHR-a su uputili zajedni\u010dku izjavu veleposlanika Upravnog odbora Vije\u0107a za provedbu mira (PIC), u kojoj iskazuju podr\u0161ku \u201cvisokom predstavniku\u201d Christianu Schmidtu. Priop\u0107enje prenosimo u cijelosti: \u2013 U svjetlu nedavnih poku\u0161aja podrivanja njegove uloge, veleposlanici Upravnog odbora Vije\u0107a za implementaciju mira ponavljaju njihovu \u010dvrstu podr\u0161ku autoritetu i mandatu visokog predstavnika kao \u010duvara implementacije civilnog aspekta [&hellip;]<\/p>\n","protected":false},"author":2,"featured_media":53292,"comment_status":"closed","ping_status":"closed","sticky":false,"template":"","format":"standard","meta":{"h5ap_radio_sources":[],"footnotes":""},"categories":[1],"tags":[],"class_list":["post-87266","post","type-post","status-publish","format-standard","has-post-thumbnail","hentry","category-bihiregija"],"yoast_head":"<!-- This site is optimized with the Yoast SEO plugin v27.5 - https:\/\/yoast.com\/product\/yoast-seo-wordpress\/ -->\n<title>PIC podr\u017eao Schmidta, ka\u017eu da je njegova uloga klju\u010dna; Rusija protiv - RADIO LJUBU\u0160KI<\/title>\n<meta name=\"robots\" content=\"index, follow, max-snippet:-1, max-image-preview:large, max-video-preview:-1\" \/>\n<link rel=\"canonical\" href=\"https:\/\/radioljubuski.ba\/index.php\/2021\/11\/11\/pic-podrzao-schmidta-kazu-da-je-njegova-uloga-kljucna-rusija-protiv\/\" \/>\n<meta property=\"og:locale\" content=\"hr_HR\" \/>\n<meta property=\"og:type\" content=\"article\" \/>\n<meta property=\"og:title\" content=\"PIC podr\u017eao Schmidta, ka\u017eu da je njegova uloga klju\u010dna; Rusija protiv - RADIO LJUBU\u0160KI\" \/>\n<meta property=\"og:description\" content=\"Iz OHR-a su uputili zajedni\u010dku izjavu veleposlanika Upravnog odbora Vije\u0107a za provedbu mira (PIC), u kojoj iskazuju podr\u0161ku \u201cvisokom predstavniku\u201d Christianu Schmidtu. Priop\u0107enje prenosimo u cijelosti: \u2013 U svjetlu nedavnih poku\u0161aja podrivanja njegove uloge, veleposlanici Upravnog odbora Vije\u0107a za implementaciju mira ponavljaju njihovu \u010dvrstu podr\u0161ku autoritetu i mandatu visokog predstavnika kao \u010duvara implementacije civilnog aspekta [&hellip;]\" \/>\n<meta property=\"og:url\" content=\"https:\/\/radioljubuski.ba\/index.php\/2021\/11\/11\/pic-podrzao-schmidta-kazu-da-je-njegova-uloga-kljucna-rusija-protiv\/\" \/>\n<meta property=\"og:site_name\" content=\"RADIO LJUBU\u0160KI\" \/>\n<meta property=\"article:publisher\" content=\"https:\/\/www.facebook.com\/Radiio-Ljubuski-1490835324566332\" \/>\n<meta property=\"article:published_time\" content=\"2021-11-11T09:40:31+00:00\" \/>\n<meta property=\"article:modified_time\" content=\"2021-11-11T09:40:32+00:00\" \/>\n<meta property=\"og:image\" content=\"https:\/\/radioljubuski.ba\/wp-content\/uploads\/2021\/08\/schmidt-press-1.jpg\" \/>\n\t<meta property=\"og:image:width\" content=\"750\" \/>\n\t<meta property=\"og:image:height\" content=\"465\" \/>\n\t<meta property=\"og:image:type\" content=\"image\/jpeg\" \/>\n<meta name=\"author\" content=\"Radio Ljubu\u0161ki\" \/>\n<meta name=\"twitter:card\" content=\"summary_large_image\" \/>\n<meta name=\"twitter:creator\" content=\"@radioljubuski\" \/>\n<meta name=\"twitter:site\" content=\"@radioljubuski\" \/>\n<meta name=\"twitter:label1\" content=\"Napisao\/la\" \/>\n\t<meta name=\"twitter:data1\" content=\"Radio Ljubu\u0161ki\" \/>\n\t<meta name=\"twitter:label2\" content=\"Procijenjeno vrijeme \u010ditanja\" \/>\n\t<meta name=\"twitter:data2\" content=\"2 minute\" \/>\n<script type=\"application\/ld+json\" class=\"yoast-schema-graph\">{\"@context\":\"https:\\\/\\\/schema.org\",\"@graph\":[{\"@type\":\"Article\",\"@id\":\"https:\\\/\\\/radioljubuski.ba\\\/index.php\\\/2021\\\/11\\\/11\\\/pic-podrzao-schmidta-kazu-da-je-njegova-uloga-kljucna-rusija-protiv\\\/#article\",\"isPartOf\":{\"@id\":\"https:\\\/\\\/radioljubuski.ba\\\/index.php\\\/2021\\\/11\\\/11\\\/pic-podrzao-schmidta-kazu-da-je-njegova-uloga-kljucna-rusija-protiv\\\/\"},\"author\":{\"name\":\"Radio Ljubu\u0161ki\",\"@id\":\"https:\\\/\\\/radioljubuski.ba\\\/#\\\/schema\\\/person\\\/19fc700381a780f69665d7956c469e3b\"},\"headline\":\"PIC podr\u017eao Schmidta, ka\u017eu da je njegova uloga klju\u010dna; Rusija protiv\",\"datePublished\":\"2021-11-11T09:40:31+00:00\",\"dateModified\":\"2021-11-11T09:40:32+00:00\",\"mainEntityOfPage\":{\"@id\":\"https:\\\/\\\/radioljubuski.ba\\\/index.php\\\/2021\\\/11\\\/11\\\/pic-podrzao-schmidta-kazu-da-je-njegova-uloga-kljucna-rusija-protiv\\\/\"},\"wordCount\":401,\"publisher\":{\"@id\":\"https:\\\/\\\/radioljubuski.ba\\\/#organization\"},\"image\":{\"@id\":\"https:\\\/\\\/radioljubuski.ba\\\/index.php\\\/2021\\\/11\\\/11\\\/pic-podrzao-schmidta-kazu-da-je-njegova-uloga-kljucna-rusija-protiv\\\/#primaryimage\"},\"thumbnailUrl\":\"https:\\\/\\\/radioljubuski.ba\\\/wp-content\\\/uploads\\\/2021\\\/08\\\/schmidt-press-1.jpg\",\"articleSection\":[\"BIH i regija\"],\"inLanguage\":\"hr\"},{\"@type\":\"WebPage\",\"@id\":\"https:\\\/\\\/radioljubuski.ba\\\/index.php\\\/2021\\\/11\\\/11\\\/pic-podrzao-schmidta-kazu-da-je-njegova-uloga-kljucna-rusija-protiv\\\/\",\"url\":\"https:\\\/\\\/radioljubuski.ba\\\/index.php\\\/2021\\\/11\\\/11\\\/pic-podrzao-schmidta-kazu-da-je-njegova-uloga-kljucna-rusija-protiv\\\/\",\"name\":\"PIC podr\u017eao Schmidta, ka\u017eu da je njegova uloga klju\u010dna; Rusija protiv - RADIO LJUBU\u0160KI\",\"isPartOf\":{\"@id\":\"https:\\\/\\\/radioljubuski.ba\\\/#website\"},\"primaryImageOfPage\":{\"@id\":\"https:\\\/\\\/radioljubuski.ba\\\/index.php\\\/2021\\\/11\\\/11\\\/pic-podrzao-schmidta-kazu-da-je-njegova-uloga-kljucna-rusija-protiv\\\/#primaryimage\"},\"image\":{\"@id\":\"https:\\\/\\\/radioljubuski.ba\\\/index.php\\\/2021\\\/11\\\/11\\\/pic-podrzao-schmidta-kazu-da-je-njegova-uloga-kljucna-rusija-protiv\\\/#primaryimage\"},\"thumbnailUrl\":\"https:\\\/\\\/radioljubuski.ba\\\/wp-content\\\/uploads\\\/2021\\\/08\\\/schmidt-press-1.jpg\",\"datePublished\":\"2021-11-11T09:40:31+00:00\",\"dateModified\":\"2021-11-11T09:40:32+00:00\",\"breadcrumb\":{\"@id\":\"https:\\\/\\\/radioljubuski.ba\\\/index.php\\\/2021\\\/11\\\/11\\\/pic-podrzao-schmidta-kazu-da-je-njegova-uloga-kljucna-rusija-protiv\\\/#breadcrumb\"},\"inLanguage\":\"hr\",\"potentialAction\":[{\"@type\":\"ReadAction\",\"target\":[\"https:\\\/\\\/radioljubuski.ba\\\/index.php\\\/2021\\\/11\\\/11\\\/pic-podrzao-schmidta-kazu-da-je-njegova-uloga-kljucna-rusija-protiv\\\/\"]}]},{\"@type\":\"ImageObject\",\"inLanguage\":\"hr\",\"@id\":\"https:\\\/\\\/radioljubuski.ba\\\/index.php\\\/2021\\\/11\\\/11\\\/pic-podrzao-schmidta-kazu-da-je-njegova-uloga-kljucna-rusija-protiv\\\/#primaryimage\",\"url\":\"https:\\\/\\\/radioljubuski.ba\\\/wp-content\\\/uploads\\\/2021\\\/08\\\/schmidt-press-1.jpg\",\"contentUrl\":\"https:\\\/\\\/radioljubuski.ba\\\/wp-content\\\/uploads\\\/2021\\\/08\\\/schmidt-press-1.jpg\",\"width\":750,\"height\":465},{\"@type\":\"BreadcrumbList\",\"@id\":\"https:\\\/\\\/radioljubuski.ba\\\/index.php\\\/2021\\\/11\\\/11\\\/pic-podrzao-schmidta-kazu-da-je-njegova-uloga-kljucna-rusija-protiv\\\/#breadcrumb\",\"itemListElement\":[{\"@type\":\"ListItem\",\"position\":1,\"name\":\"Po\u010detna stranica\",\"item\":\"https:\\\/\\\/radioljubuski.ba\\\/\"},{\"@type\":\"ListItem\",\"position\":2,\"name\":\"PIC podr\u017eao Schmidta, ka\u017eu da je njegova uloga klju\u010dna; Rusija protiv\"}]},{\"@type\":\"WebSite\",\"@id\":\"https:\\\/\\\/radioljubuski.ba\\\/#website\",\"url\":\"https:\\\/\\\/radioljubuski.ba\\\/\",\"name\":\"Radio Ljubu\u0161ki\",\"description\":\"Sun\u010dana frekvencija Hercegovine\",\"publisher\":{\"@id\":\"https:\\\/\\\/radioljubuski.ba\\\/#organization\"},\"potentialAction\":[{\"@type\":\"SearchAction\",\"target\":{\"@type\":\"EntryPoint\",\"urlTemplate\":\"https:\\\/\\\/radioljubuski.ba\\\/?s={search_term_string}\"},\"query-input\":{\"@type\":\"PropertyValueSpecification\",\"valueRequired\":true,\"valueName\":\"search_term_string\"}}],\"inLanguage\":\"hr\"},{\"@type\":\"Organization\",\"@id\":\"https:\\\/\\\/radioljubuski.ba\\\/#organization\",\"name\":\"Radio Ljubu\u0161ki\",\"url\":\"https:\\\/\\\/radioljubuski.ba\\\/\",\"logo\":{\"@type\":\"ImageObject\",\"inLanguage\":\"hr\",\"@id\":\"https:\\\/\\\/radioljubuski.ba\\\/#\\\/schema\\\/logo\\\/image\\\/\",\"url\":\"https:\\\/\\\/radioljubuski.ba\\\/wp-content\\\/uploads\\\/2021\\\/02\\\/cropped-Radio_Ljubuski_logo1.jpg\",\"contentUrl\":\"https:\\\/\\\/radioljubuski.ba\\\/wp-content\\\/uploads\\\/2021\\\/02\\\/cropped-Radio_Ljubuski_logo1.jpg\",\"width\":512,\"height\":512,\"caption\":\"Radio Ljubu\u0161ki\"},\"image\":{\"@id\":\"https:\\\/\\\/radioljubuski.ba\\\/#\\\/schema\\\/logo\\\/image\\\/\"},\"sameAs\":[\"https:\\\/\\\/www.facebook.com\\\/Radiio-Ljubuski-1490835324566332\",\"https:\\\/\\\/x.com\\\/radioljubuski\",\"https:\\\/\\\/hr.linkedin.com\\\/company\\\/radio-ljubuski\",\"https:\\\/\\\/www.youtube.com\\\/channel\\\/UCHYaeO_n0Db3tjNGudGpXyw\"]},{\"@type\":\"Person\",\"@id\":\"https:\\\/\\\/radioljubuski.ba\\\/#\\\/schema\\\/person\\\/19fc700381a780f69665d7956c469e3b\",\"name\":\"Radio Ljubu\u0161ki\"}]}<\/script>\n<!-- \/ Yoast SEO plugin. -->","yoast_head_json":{"title":"PIC podr\u017eao Schmidta, ka\u017eu da je njegova uloga klju\u010dna; Rusija protiv - RADIO LJUBU\u0160KI","robots":{"index":"index","follow":"follow","max-snippet":"max-snippet:-1","max-image-preview":"max-image-preview:large","max-video-preview":"max-video-preview:-1"},"canonical":"https:\/\/radioljubuski.ba\/index.php\/2021\/11\/11\/pic-podrzao-schmidta-kazu-da-je-njegova-uloga-kljucna-rusija-protiv\/","og_locale":"hr_HR","og_type":"article","og_title":"PIC podr\u017eao Schmidta, ka\u017eu da je njegova uloga klju\u010dna; Rusija protiv - RADIO LJUBU\u0160KI","og_description":"Iz OHR-a su uputili zajedni\u010dku izjavu veleposlanika Upravnog odbora Vije\u0107a za provedbu mira (PIC), u kojoj iskazuju podr\u0161ku \u201cvisokom predstavniku\u201d Christianu Schmidtu. Priop\u0107enje prenosimo u cijelosti: \u2013 U svjetlu nedavnih poku\u0161aja podrivanja njegove uloge, veleposlanici Upravnog odbora Vije\u0107a za implementaciju mira ponavljaju njihovu \u010dvrstu podr\u0161ku autoritetu i mandatu visokog predstavnika kao \u010duvara implementacije civilnog aspekta [&hellip;]","og_url":"https:\/\/radioljubuski.ba\/index.php\/2021\/11\/11\/pic-podrzao-schmidta-kazu-da-je-njegova-uloga-kljucna-rusija-protiv\/","og_site_name":"RADIO LJUBU\u0160KI","article_publisher":"https:\/\/www.facebook.com\/Radiio-Ljubuski-1490835324566332","article_published_time":"2021-11-11T09:40:31+00:00","article_modified_time":"2021-11-11T09:40:32+00:00","og_image":[{"width":750,"height":465,"url":"https:\/\/radioljubuski.ba\/wp-content\/uploads\/2021\/08\/schmidt-press-1.jpg","type":"image\/jpeg"}],"author":"Radio Ljubu\u0161ki","twitter_card":"summary_large_image","twitter_creator":"@radioljubuski","twitter_site":"@radioljubuski","twitter_misc":{"Napisao\/la":"Radio Ljubu\u0161ki","Procijenjeno vrijeme \u010ditanja":"2 minute"},"schema":{"@context":"https:\/\/schema.org","@graph":[{"@type":"Article","@id":"https:\/\/radioljubuski.ba\/index.php\/2021\/11\/11\/pic-podrzao-schmidta-kazu-da-je-njegova-uloga-kljucna-rusija-protiv\/#article","isPartOf":{"@id":"https:\/\/radioljubuski.ba\/index.php\/2021\/11\/11\/pic-podrzao-schmidta-kazu-da-je-njegova-uloga-kljucna-rusija-protiv\/"},"author":{"name":"Radio Ljubu\u0161ki","@id":"https:\/\/radioljubuski.ba\/#\/schema\/person\/19fc700381a780f69665d7956c469e3b"},"headline":"PIC podr\u017eao Schmidta, ka\u017eu da je njegova uloga klju\u010dna; Rusija protiv","datePublished":"2021-11-11T09:40:31+00:00","dateModified":"2021-11-11T09:40:32+00:00","mainEntityOfPage":{"@id":"https:\/\/radioljubuski.ba\/index.php\/2021\/11\/11\/pic-podrzao-schmidta-kazu-da-je-njegova-uloga-kljucna-rusija-protiv\/"},"wordCount":401,"publisher":{"@id":"https:\/\/radioljubuski.ba\/#organization"},"image":{"@id":"https:\/\/radioljubuski.ba\/index.php\/2021\/11\/11\/pic-podrzao-schmidta-kazu-da-je-njegova-uloga-kljucna-rusija-protiv\/#primaryimage"},"thumbnailUrl":"https:\/\/radioljubuski.ba\/wp-content\/uploads\/2021\/08\/schmidt-press-1.jpg","articleSection":["BIH i regija"],"inLanguage":"hr"},{"@type":"WebPage","@id":"https:\/\/radioljubuski.ba\/index.php\/2021\/11\/11\/pic-podrzao-schmidta-kazu-da-je-njegova-uloga-kljucna-rusija-protiv\/","url":"https:\/\/radioljubuski.ba\/index.php\/2021\/11\/11\/pic-podrzao-schmidta-kazu-da-je-njegova-uloga-kljucna-rusija-protiv\/","name":"PIC podr\u017eao Schmidta, ka\u017eu da je njegova uloga klju\u010dna; Rusija protiv - RADIO LJUBU\u0160KI","isPartOf":{"@id":"https:\/\/radioljubuski.ba\/#website"},"primaryImageOfPage":{"@id":"https:\/\/radioljubuski.ba\/index.php\/2021\/11\/11\/pic-podrzao-schmidta-kazu-da-je-njegova-uloga-kljucna-rusija-protiv\/#primaryimage"},"image":{"@id":"https:\/\/radioljubuski.ba\/index.php\/2021\/11\/11\/pic-podrzao-schmidta-kazu-da-je-njegova-uloga-kljucna-rusija-protiv\/#primaryimage"},"thumbnailUrl":"https:\/\/radioljubuski.ba\/wp-content\/uploads\/2021\/08\/schmidt-press-1.jpg","datePublished":"2021-11-11T09:40:31+00:00","dateModified":"2021-11-11T09:40:32+00:00","breadcrumb":{"@id":"https:\/\/radioljubuski.ba\/index.php\/2021\/11\/11\/pic-podrzao-schmidta-kazu-da-je-njegova-uloga-kljucna-rusija-protiv\/#breadcrumb"},"inLanguage":"hr","potentialAction":[{"@type":"ReadAction","target":["https:\/\/radioljubuski.ba\/index.php\/2021\/11\/11\/pic-podrzao-schmidta-kazu-da-je-njegova-uloga-kljucna-rusija-protiv\/"]}]},{"@type":"ImageObject","inLanguage":"hr","@id":"https:\/\/radioljubuski.ba\/index.php\/2021\/11\/11\/pic-podrzao-schmidta-kazu-da-je-njegova-uloga-kljucna-rusija-protiv\/#primaryimage","url":"https:\/\/radioljubuski.ba\/wp-content\/uploads\/2021\/08\/schmidt-press-1.jpg","contentUrl":"https:\/\/radioljubuski.ba\/wp-content\/uploads\/2021\/08\/schmidt-press-1.jpg","width":750,"height":465},{"@type":"BreadcrumbList","@id":"https:\/\/radioljubuski.ba\/index.php\/2021\/11\/11\/pic-podrzao-schmidta-kazu-da-je-njegova-uloga-kljucna-rusija-protiv\/#breadcrumb","itemListElement":[{"@type":"ListItem","position":1,"name":"Po\u010detna stranica","item":"https:\/\/radioljubuski.ba\/"},{"@type":"ListItem","position":2,"name":"PIC podr\u017eao Schmidta, ka\u017eu da je njegova uloga klju\u010dna; Rusija protiv"}]},{"@type":"WebSite","@id":"https:\/\/radioljubuski.ba\/#website","url":"https:\/\/radioljubuski.ba\/","name":"Radio Ljubu\u0161ki","description":"Sun\u010dana frekvencija Hercegovine","publisher":{"@id":"https:\/\/radioljubuski.ba\/#organization"},"potentialAction":[{"@type":"SearchAction","target":{"@type":"EntryPoint","urlTemplate":"https:\/\/radioljubuski.ba\/?s={search_term_string}"},"query-input":{"@type":"PropertyValueSpecification","valueRequired":true,"valueName":"search_term_string"}}],"inLanguage":"hr"},{"@type":"Organization","@id":"https:\/\/radioljubuski.ba\/#organization","name":"Radio Ljubu\u0161ki","url":"https:\/\/radioljubuski.ba\/","logo":{"@type":"ImageObject","inLanguage":"hr","@id":"https:\/\/radioljubuski.ba\/#\/schema\/logo\/image\/","url":"https:\/\/radioljubuski.ba\/wp-content\/uploads\/2021\/02\/cropped-Radio_Ljubuski_logo1.jpg","contentUrl":"https:\/\/radioljubuski.ba\/wp-content\/uploads\/2021\/02\/cropped-Radio_Ljubuski_logo1.jpg","width":512,"height":512,"caption":"Radio Ljubu\u0161ki"},"image":{"@id":"https:\/\/radioljubuski.ba\/#\/schema\/logo\/image\/"},"sameAs":["https:\/\/www.facebook.com\/Radiio-Ljubuski-1490835324566332","https:\/\/x.com\/radioljubuski","https:\/\/hr.linkedin.com\/company\/radio-ljubuski","https:\/\/www.youtube.com\/channel\/UCHYaeO_n0Db3tjNGudGpXyw"]},{"@type":"Person","@id":"https:\/\/radioljubuski.ba\/#\/schema\/person\/19fc700381a780f69665d7956c469e3b","name":"Radio Ljubu\u0161ki"}]}},"_links":{"self":[{"href":"https:\/\/radioljubuski.ba\/index.php\/wp-json\/wp\/v2\/posts\/87266","targetHints":{"allow":["GET"]}}],"collection":[{"href":"https:\/\/radioljubuski.ba\/index.php\/wp-json\/wp\/v2\/posts"}],"about":[{"href":"https:\/\/radioljubuski.ba\/index.php\/wp-json\/wp\/v2\/types\/post"}],"author":[{"embeddable":true,"href":"https:\/\/radioljubuski.ba\/index.php\/wp-json\/wp\/v2\/users\/2"}],"replies":[{"embeddable":true,"href":"https:\/\/radioljubuski.ba\/index.php\/wp-json\/wp\/v2\/comments?post=87266"}],"version-history":[{"count":1,"href":"https:\/\/radioljubuski.ba\/index.php\/wp-json\/wp\/v2\/posts\/87266\/revisions"}],"predecessor-version":[{"id":87267,"href":"https:\/\/radioljubuski.ba\/index.php\/wp-json\/wp\/v2\/posts\/87266\/revisions\/87267"}],"wp:featuredmedia":[{"embeddable":true,"href":"https:\/\/radioljubuski.ba\/index.php\/wp-json\/wp\/v2\/media\/53292"}],"wp:attachment":[{"href":"https:\/\/radioljubuski.ba\/index.php\/wp-json\/wp\/v2\/media?parent=87266"}],"wp:term":[{"taxonomy":"category","embeddable":true,"href":"https:\/\/radioljubuski.ba\/index.php\/wp-json\/wp\/v2\/categories?post=87266"},{"taxonomy":"post_tag","embeddable":true,"href":"https:\/\/radioljubuski.ba\/index.php\/wp-json\/wp\/v2\/tags?post=87266"}],"curies":[{"name":"wp","href":"https:\/\/api.w.org\/{rel}","templated":true}]}}