{"id":87277,"date":"2021-11-11T10:46:10","date_gmt":"2021-11-11T09:46:10","guid":{"rendered":"https:\/\/radioljubuski.ba\/?p=87277"},"modified":"2021-11-11T10:46:12","modified_gmt":"2021-11-11T09:46:12","slug":"marko-radic-nazvao-svjedoka-par-minuta-prije-nego-sto-ga-je-cvitanovic-ubio","status":"publish","type":"post","link":"https:\/\/radioljubuski.ba\/index.php\/2021\/11\/11\/marko-radic-nazvao-svjedoka-par-minuta-prije-nego-sto-ga-je-cvitanovic-ubio\/","title":{"rendered":"Marko Radi\u0107 nazvao svjedoka par minuta prije nego \u0161to ga je Cvitanovi\u0107 ubio"},"content":{"rendered":"\n<p><strong>Na \u017dupanijskom sudu u Mostaru ju\u010der je nastavljeno su\u0111enje zbog ubojstva Marka Radi\u0107a Make, za koje je optu\u017een Josip Cvitanovi\u0107 Cviki.<\/strong><\/p>\n\n\n\n<p>Godinu dana nakon smrti Radi\u0107a na sudu se vodi glavni pretres, a danas su po rasporedu svoj iskaz iznijela tri svjedoka, od kojih se isti\u010de onaj \u017deljka Planini\u0107a, pi\u0161e <a href=\"https:\/\/www.bljesak.info\/vijesti\/crna-kronika\/sudenje-cvikiju-maka-nazvao-planinica-par-minuta-poslije-je-ubijen\/364984\" target=\"_blank\" rel=\"noreferrer noopener\">Bljesak.info<\/a>.<\/p>\n\n\n\n<p>Planini\u0107 u svom svjedo\u010denju je rekao kako je poznavao ubijenog Radi\u0107a, ali i Cvikija. Njihova poznanstva, kako je kazao svjedok, se\u017eu iz ratnog i post-ratnog razdoblja. Planini\u0107 je potvrdio i da je s Makom bio u prijateljskim odnosima.<\/p>\n\n\n\n<p>Na upit tu\u017eitelja \u017deljka Reze da objasni gdje je i \u0161to radio u no\u0107i ubojstva, Planini\u0107 je odgovorio kako je bio u \u0161etnji koju prakticira redovito.<\/p>\n\n\n\n<p>\u201eNa ulasku u mostarsko \u0161etali\u0161te Bare zazvonio mi je telefon. Javio sam se, Marko Radi\u0107 je bio na telefonu i rekao mi je \u2018Dolazio mi je Cviki, imao sam incident s njim, udario sam ga glavom, mo\u017ee\u0161 li do\u0107i?\u2019 Ja sam mu odgovorio da \u0107u do\u0107i\u201c, kazao je Planini\u0107.<\/p>\n\n\n\n<p>U daljnjem svjedo\u010denju, Planini\u0107 je kazao kako mu je negdje kod hotela \u201eBevande\u201c opet zazvonio telefon.<\/p>\n\n\n\n<p>\u201eNegdje oko hotela Bevande zazvonio mi je telefon, nazvao me je kolega koji mi je rekao \u2018Upucan je Maka\u2019. Kad sam do\u0161ao tamo bilo je dosta ljudi, policije, prolaznika\u2026 pitao sam \u2018tko, \u0161to, kako\u2019, rekli su mi tad da policija traga za Cvikijem\u201c.<\/p>\n\n\n\n<p>Svjedok Planini\u0107 rekao je i kako mu je Maka spominjao da Cviki \u201dzvoni na interfon\u201d, dosa\u0111uje djeci tra\u017ee\u0107i da se \u010duje s njim, te kako se sve poslije toga smirilo.<\/p>\n\n\n\n<p>Optu\u017eeni Cvitanovi\u0107 postavio je pitanje svjedoku Planini\u0107u.<\/p>\n\n\n\n<p>\u201dJe li to\u010dno da sam vas oko mjesec dana prije doga\u0111aja pitao broj mobitela Marka Radi\u0107a, i pitao sam \u010dujete li s njim. Rekli ste mi da nemate njegov broj mobitela i da se ne \u010dujete s njim?\u201d.<\/p>\n\n\n\n<p>Planini\u0107 je odgovorio da je to to\u010dno. Cvitanovi\u0107 je nakon toga postavio par pitanja iz njihove pro\u0161losti.<\/p>\n\n\n\n<p>\u201cJe li ti poznato da sam ja spasio \u017eivot Marku Radi\u0107u 1994. godine?\u201c, na \u0161to je svjedok odgovorio da ne zna.<\/p>\n\n\n\n<p>Nakon toga, Cviki je kazao kako nema vi\u0161e pitanja te da je svjedok sasvim dovoljno rekao.<\/p>\n\n\n\n<p>Su\u0111enje u ovom predmetu nastavlja se 16. studenog, dok je za sutra, \u010detvrtak 11.11., zakazano glavni pretres slu\u010daja \u201cLiska park\u201d poznato kao i \u201cKrvavi Bajram\u201d. Ovo su\u0111enje je prekinuto 2013. godine.<\/p>\n\n\n\n<p>\/HMS\/<\/p>\n","protected":false},"excerpt":{"rendered":"<p>Na \u017dupanijskom sudu u Mostaru ju\u010der je nastavljeno su\u0111enje zbog ubojstva Marka Radi\u0107a Make, za koje je optu\u017een Josip Cvitanovi\u0107 Cviki. Godinu dana nakon smrti Radi\u0107a na sudu se vodi glavni pretres, a danas su po rasporedu svoj iskaz iznijela tri svjedoka, od kojih se isti\u010de onaj \u017deljka Planini\u0107a, pi\u0161e Bljesak.info. Planini\u0107 u svom svjedo\u010denju [&hellip;]<\/p>\n","protected":false},"author":2,"featured_media":87278,"comment_status":"closed","ping_status":"closed","sticky":false,"template":"","format":"standard","meta":{"h5ap_radio_sources":[],"footnotes":""},"categories":[1],"tags":[],"class_list":["post-87277","post","type-post","status-publish","format-standard","has-post-thumbnail","hentry","category-bihiregija"],"yoast_head":"<!-- This site is optimized with the Yoast SEO plugin v27.5 - https:\/\/yoast.com\/product\/yoast-seo-wordpress\/ -->\n<title>Marko Radi\u0107 nazvao svjedoka par minuta prije nego \u0161to ga je Cvitanovi\u0107 ubio - RADIO LJUBU\u0160KI<\/title>\n<meta name=\"robots\" content=\"index, follow, max-snippet:-1, max-image-preview:large, max-video-preview:-1\" \/>\n<link rel=\"canonical\" href=\"https:\/\/radioljubuski.ba\/index.php\/2021\/11\/11\/marko-radic-nazvao-svjedoka-par-minuta-prije-nego-sto-ga-je-cvitanovic-ubio\/\" \/>\n<meta property=\"og:locale\" content=\"hr_HR\" \/>\n<meta property=\"og:type\" content=\"article\" \/>\n<meta property=\"og:title\" content=\"Marko Radi\u0107 nazvao svjedoka par minuta prije nego \u0161to ga je Cvitanovi\u0107 ubio - RADIO LJUBU\u0160KI\" \/>\n<meta property=\"og:description\" content=\"Na \u017dupanijskom sudu u Mostaru ju\u010der je nastavljeno su\u0111enje zbog ubojstva Marka Radi\u0107a Make, za koje je optu\u017een Josip Cvitanovi\u0107 Cviki. Godinu dana nakon smrti Radi\u0107a na sudu se vodi glavni pretres, a danas su po rasporedu svoj iskaz iznijela tri svjedoka, od kojih se isti\u010de onaj \u017deljka Planini\u0107a, pi\u0161e Bljesak.info. Planini\u0107 u svom svjedo\u010denju [&hellip;]\" \/>\n<meta property=\"og:url\" content=\"https:\/\/radioljubuski.ba\/index.php\/2021\/11\/11\/marko-radic-nazvao-svjedoka-par-minuta-prije-nego-sto-ga-je-cvitanovic-ubio\/\" \/>\n<meta property=\"og:site_name\" content=\"RADIO LJUBU\u0160KI\" \/>\n<meta property=\"article:publisher\" content=\"https:\/\/www.facebook.com\/Radiio-Ljubuski-1490835324566332\" \/>\n<meta property=\"article:published_time\" content=\"2021-11-11T09:46:10+00:00\" \/>\n<meta property=\"article:modified_time\" content=\"2021-11-11T09:46:12+00:00\" \/>\n<meta property=\"og:image\" content=\"https:\/\/radioljubuski.ba\/wp-content\/uploads\/2021\/11\/josip-svitanovic-cviki.jpg\" \/>\n\t<meta property=\"og:image:width\" content=\"800\" \/>\n\t<meta property=\"og:image:height\" content=\"550\" \/>\n\t<meta property=\"og:image:type\" content=\"image\/jpeg\" \/>\n<meta name=\"author\" content=\"Radio Ljubu\u0161ki\" \/>\n<meta name=\"twitter:card\" content=\"summary_large_image\" \/>\n<meta name=\"twitter:creator\" content=\"@radioljubuski\" \/>\n<meta name=\"twitter:site\" content=\"@radioljubuski\" \/>\n<meta name=\"twitter:label1\" content=\"Napisao\/la\" \/>\n\t<meta name=\"twitter:data1\" content=\"Radio Ljubu\u0161ki\" \/>\n\t<meta name=\"twitter:label2\" content=\"Procijenjeno vrijeme \u010ditanja\" \/>\n\t<meta name=\"twitter:data2\" content=\"2 minute\" \/>\n<script type=\"application\/ld+json\" class=\"yoast-schema-graph\">{\"@context\":\"https:\\\/\\\/schema.org\",\"@graph\":[{\"@type\":\"Article\",\"@id\":\"https:\\\/\\\/radioljubuski.ba\\\/index.php\\\/2021\\\/11\\\/11\\\/marko-radic-nazvao-svjedoka-par-minuta-prije-nego-sto-ga-je-cvitanovic-ubio\\\/#article\",\"isPartOf\":{\"@id\":\"https:\\\/\\\/radioljubuski.ba\\\/index.php\\\/2021\\\/11\\\/11\\\/marko-radic-nazvao-svjedoka-par-minuta-prije-nego-sto-ga-je-cvitanovic-ubio\\\/\"},\"author\":{\"name\":\"Radio Ljubu\u0161ki\",\"@id\":\"https:\\\/\\\/radioljubuski.ba\\\/#\\\/schema\\\/person\\\/19fc700381a780f69665d7956c469e3b\"},\"headline\":\"Marko Radi\u0107 nazvao svjedoka par minuta prije nego \u0161to ga je Cvitanovi\u0107 ubio\",\"datePublished\":\"2021-11-11T09:46:10+00:00\",\"dateModified\":\"2021-11-11T09:46:12+00:00\",\"mainEntityOfPage\":{\"@id\":\"https:\\\/\\\/radioljubuski.ba\\\/index.php\\\/2021\\\/11\\\/11\\\/marko-radic-nazvao-svjedoka-par-minuta-prije-nego-sto-ga-je-cvitanovic-ubio\\\/\"},\"wordCount\":428,\"publisher\":{\"@id\":\"https:\\\/\\\/radioljubuski.ba\\\/#organization\"},\"image\":{\"@id\":\"https:\\\/\\\/radioljubuski.ba\\\/index.php\\\/2021\\\/11\\\/11\\\/marko-radic-nazvao-svjedoka-par-minuta-prije-nego-sto-ga-je-cvitanovic-ubio\\\/#primaryimage\"},\"thumbnailUrl\":\"https:\\\/\\\/radioljubuski.ba\\\/wp-content\\\/uploads\\\/2021\\\/11\\\/josip-svitanovic-cviki.jpg\",\"articleSection\":[\"BIH i regija\"],\"inLanguage\":\"hr\"},{\"@type\":\"WebPage\",\"@id\":\"https:\\\/\\\/radioljubuski.ba\\\/index.php\\\/2021\\\/11\\\/11\\\/marko-radic-nazvao-svjedoka-par-minuta-prije-nego-sto-ga-je-cvitanovic-ubio\\\/\",\"url\":\"https:\\\/\\\/radioljubuski.ba\\\/index.php\\\/2021\\\/11\\\/11\\\/marko-radic-nazvao-svjedoka-par-minuta-prije-nego-sto-ga-je-cvitanovic-ubio\\\/\",\"name\":\"Marko Radi\u0107 nazvao svjedoka par minuta prije nego \u0161to ga je Cvitanovi\u0107 ubio - RADIO LJUBU\u0160KI\",\"isPartOf\":{\"@id\":\"https:\\\/\\\/radioljubuski.ba\\\/#website\"},\"primaryImageOfPage\":{\"@id\":\"https:\\\/\\\/radioljubuski.ba\\\/index.php\\\/2021\\\/11\\\/11\\\/marko-radic-nazvao-svjedoka-par-minuta-prije-nego-sto-ga-je-cvitanovic-ubio\\\/#primaryimage\"},\"image\":{\"@id\":\"https:\\\/\\\/radioljubuski.ba\\\/index.php\\\/2021\\\/11\\\/11\\\/marko-radic-nazvao-svjedoka-par-minuta-prije-nego-sto-ga-je-cvitanovic-ubio\\\/#primaryimage\"},\"thumbnailUrl\":\"https:\\\/\\\/radioljubuski.ba\\\/wp-content\\\/uploads\\\/2021\\\/11\\\/josip-svitanovic-cviki.jpg\",\"datePublished\":\"2021-11-11T09:46:10+00:00\",\"dateModified\":\"2021-11-11T09:46:12+00:00\",\"breadcrumb\":{\"@id\":\"https:\\\/\\\/radioljubuski.ba\\\/index.php\\\/2021\\\/11\\\/11\\\/marko-radic-nazvao-svjedoka-par-minuta-prije-nego-sto-ga-je-cvitanovic-ubio\\\/#breadcrumb\"},\"inLanguage\":\"hr\",\"potentialAction\":[{\"@type\":\"ReadAction\",\"target\":[\"https:\\\/\\\/radioljubuski.ba\\\/index.php\\\/2021\\\/11\\\/11\\\/marko-radic-nazvao-svjedoka-par-minuta-prije-nego-sto-ga-je-cvitanovic-ubio\\\/\"]}]},{\"@type\":\"ImageObject\",\"inLanguage\":\"hr\",\"@id\":\"https:\\\/\\\/radioljubuski.ba\\\/index.php\\\/2021\\\/11\\\/11\\\/marko-radic-nazvao-svjedoka-par-minuta-prije-nego-sto-ga-je-cvitanovic-ubio\\\/#primaryimage\",\"url\":\"https:\\\/\\\/radioljubuski.ba\\\/wp-content\\\/uploads\\\/2021\\\/11\\\/josip-svitanovic-cviki.jpg\",\"contentUrl\":\"https:\\\/\\\/radioljubuski.ba\\\/wp-content\\\/uploads\\\/2021\\\/11\\\/josip-svitanovic-cviki.jpg\",\"width\":800,\"height\":550},{\"@type\":\"BreadcrumbList\",\"@id\":\"https:\\\/\\\/radioljubuski.ba\\\/index.php\\\/2021\\\/11\\\/11\\\/marko-radic-nazvao-svjedoka-par-minuta-prije-nego-sto-ga-je-cvitanovic-ubio\\\/#breadcrumb\",\"itemListElement\":[{\"@type\":\"ListItem\",\"position\":1,\"name\":\"Po\u010detna stranica\",\"item\":\"https:\\\/\\\/radioljubuski.ba\\\/\"},{\"@type\":\"ListItem\",\"position\":2,\"name\":\"Marko Radi\u0107 nazvao svjedoka par minuta prije nego \u0161to ga je Cvitanovi\u0107 ubio\"}]},{\"@type\":\"WebSite\",\"@id\":\"https:\\\/\\\/radioljubuski.ba\\\/#website\",\"url\":\"https:\\\/\\\/radioljubuski.ba\\\/\",\"name\":\"Radio Ljubu\u0161ki\",\"description\":\"Sun\u010dana frekvencija Hercegovine\",\"publisher\":{\"@id\":\"https:\\\/\\\/radioljubuski.ba\\\/#organization\"},\"potentialAction\":[{\"@type\":\"SearchAction\",\"target\":{\"@type\":\"EntryPoint\",\"urlTemplate\":\"https:\\\/\\\/radioljubuski.ba\\\/?s={search_term_string}\"},\"query-input\":{\"@type\":\"PropertyValueSpecification\",\"valueRequired\":true,\"valueName\":\"search_term_string\"}}],\"inLanguage\":\"hr\"},{\"@type\":\"Organization\",\"@id\":\"https:\\\/\\\/radioljubuski.ba\\\/#organization\",\"name\":\"Radio Ljubu\u0161ki\",\"url\":\"https:\\\/\\\/radioljubuski.ba\\\/\",\"logo\":{\"@type\":\"ImageObject\",\"inLanguage\":\"hr\",\"@id\":\"https:\\\/\\\/radioljubuski.ba\\\/#\\\/schema\\\/logo\\\/image\\\/\",\"url\":\"https:\\\/\\\/radioljubuski.ba\\\/wp-content\\\/uploads\\\/2021\\\/02\\\/cropped-Radio_Ljubuski_logo1.jpg\",\"contentUrl\":\"https:\\\/\\\/radioljubuski.ba\\\/wp-content\\\/uploads\\\/2021\\\/02\\\/cropped-Radio_Ljubuski_logo1.jpg\",\"width\":512,\"height\":512,\"caption\":\"Radio Ljubu\u0161ki\"},\"image\":{\"@id\":\"https:\\\/\\\/radioljubuski.ba\\\/#\\\/schema\\\/logo\\\/image\\\/\"},\"sameAs\":[\"https:\\\/\\\/www.facebook.com\\\/Radiio-Ljubuski-1490835324566332\",\"https:\\\/\\\/x.com\\\/radioljubuski\",\"https:\\\/\\\/hr.linkedin.com\\\/company\\\/radio-ljubuski\",\"https:\\\/\\\/www.youtube.com\\\/channel\\\/UCHYaeO_n0Db3tjNGudGpXyw\"]},{\"@type\":\"Person\",\"@id\":\"https:\\\/\\\/radioljubuski.ba\\\/#\\\/schema\\\/person\\\/19fc700381a780f69665d7956c469e3b\",\"name\":\"Radio Ljubu\u0161ki\"}]}<\/script>\n<!-- \/ Yoast SEO plugin. -->","yoast_head_json":{"title":"Marko Radi\u0107 nazvao svjedoka par minuta prije nego \u0161to ga je Cvitanovi\u0107 ubio - RADIO LJUBU\u0160KI","robots":{"index":"index","follow":"follow","max-snippet":"max-snippet:-1","max-image-preview":"max-image-preview:large","max-video-preview":"max-video-preview:-1"},"canonical":"https:\/\/radioljubuski.ba\/index.php\/2021\/11\/11\/marko-radic-nazvao-svjedoka-par-minuta-prije-nego-sto-ga-je-cvitanovic-ubio\/","og_locale":"hr_HR","og_type":"article","og_title":"Marko Radi\u0107 nazvao svjedoka par minuta prije nego \u0161to ga je Cvitanovi\u0107 ubio - RADIO LJUBU\u0160KI","og_description":"Na \u017dupanijskom sudu u Mostaru ju\u010der je nastavljeno su\u0111enje zbog ubojstva Marka Radi\u0107a Make, za koje je optu\u017een Josip Cvitanovi\u0107 Cviki. Godinu dana nakon smrti Radi\u0107a na sudu se vodi glavni pretres, a danas su po rasporedu svoj iskaz iznijela tri svjedoka, od kojih se isti\u010de onaj \u017deljka Planini\u0107a, pi\u0161e Bljesak.info. Planini\u0107 u svom svjedo\u010denju [&hellip;]","og_url":"https:\/\/radioljubuski.ba\/index.php\/2021\/11\/11\/marko-radic-nazvao-svjedoka-par-minuta-prije-nego-sto-ga-je-cvitanovic-ubio\/","og_site_name":"RADIO LJUBU\u0160KI","article_publisher":"https:\/\/www.facebook.com\/Radiio-Ljubuski-1490835324566332","article_published_time":"2021-11-11T09:46:10+00:00","article_modified_time":"2021-11-11T09:46:12+00:00","og_image":[{"width":800,"height":550,"url":"https:\/\/radioljubuski.ba\/wp-content\/uploads\/2021\/11\/josip-svitanovic-cviki.jpg","type":"image\/jpeg"}],"author":"Radio Ljubu\u0161ki","twitter_card":"summary_large_image","twitter_creator":"@radioljubuski","twitter_site":"@radioljubuski","twitter_misc":{"Napisao\/la":"Radio Ljubu\u0161ki","Procijenjeno vrijeme \u010ditanja":"2 minute"},"schema":{"@context":"https:\/\/schema.org","@graph":[{"@type":"Article","@id":"https:\/\/radioljubuski.ba\/index.php\/2021\/11\/11\/marko-radic-nazvao-svjedoka-par-minuta-prije-nego-sto-ga-je-cvitanovic-ubio\/#article","isPartOf":{"@id":"https:\/\/radioljubuski.ba\/index.php\/2021\/11\/11\/marko-radic-nazvao-svjedoka-par-minuta-prije-nego-sto-ga-je-cvitanovic-ubio\/"},"author":{"name":"Radio Ljubu\u0161ki","@id":"https:\/\/radioljubuski.ba\/#\/schema\/person\/19fc700381a780f69665d7956c469e3b"},"headline":"Marko Radi\u0107 nazvao svjedoka par minuta prije nego \u0161to ga je Cvitanovi\u0107 ubio","datePublished":"2021-11-11T09:46:10+00:00","dateModified":"2021-11-11T09:46:12+00:00","mainEntityOfPage":{"@id":"https:\/\/radioljubuski.ba\/index.php\/2021\/11\/11\/marko-radic-nazvao-svjedoka-par-minuta-prije-nego-sto-ga-je-cvitanovic-ubio\/"},"wordCount":428,"publisher":{"@id":"https:\/\/radioljubuski.ba\/#organization"},"image":{"@id":"https:\/\/radioljubuski.ba\/index.php\/2021\/11\/11\/marko-radic-nazvao-svjedoka-par-minuta-prije-nego-sto-ga-je-cvitanovic-ubio\/#primaryimage"},"thumbnailUrl":"https:\/\/radioljubuski.ba\/wp-content\/uploads\/2021\/11\/josip-svitanovic-cviki.jpg","articleSection":["BIH i regija"],"inLanguage":"hr"},{"@type":"WebPage","@id":"https:\/\/radioljubuski.ba\/index.php\/2021\/11\/11\/marko-radic-nazvao-svjedoka-par-minuta-prije-nego-sto-ga-je-cvitanovic-ubio\/","url":"https:\/\/radioljubuski.ba\/index.php\/2021\/11\/11\/marko-radic-nazvao-svjedoka-par-minuta-prije-nego-sto-ga-je-cvitanovic-ubio\/","name":"Marko Radi\u0107 nazvao svjedoka par minuta prije nego \u0161to ga je Cvitanovi\u0107 ubio - RADIO LJUBU\u0160KI","isPartOf":{"@id":"https:\/\/radioljubuski.ba\/#website"},"primaryImageOfPage":{"@id":"https:\/\/radioljubuski.ba\/index.php\/2021\/11\/11\/marko-radic-nazvao-svjedoka-par-minuta-prije-nego-sto-ga-je-cvitanovic-ubio\/#primaryimage"},"image":{"@id":"https:\/\/radioljubuski.ba\/index.php\/2021\/11\/11\/marko-radic-nazvao-svjedoka-par-minuta-prije-nego-sto-ga-je-cvitanovic-ubio\/#primaryimage"},"thumbnailUrl":"https:\/\/radioljubuski.ba\/wp-content\/uploads\/2021\/11\/josip-svitanovic-cviki.jpg","datePublished":"2021-11-11T09:46:10+00:00","dateModified":"2021-11-11T09:46:12+00:00","breadcrumb":{"@id":"https:\/\/radioljubuski.ba\/index.php\/2021\/11\/11\/marko-radic-nazvao-svjedoka-par-minuta-prije-nego-sto-ga-je-cvitanovic-ubio\/#breadcrumb"},"inLanguage":"hr","potentialAction":[{"@type":"ReadAction","target":["https:\/\/radioljubuski.ba\/index.php\/2021\/11\/11\/marko-radic-nazvao-svjedoka-par-minuta-prije-nego-sto-ga-je-cvitanovic-ubio\/"]}]},{"@type":"ImageObject","inLanguage":"hr","@id":"https:\/\/radioljubuski.ba\/index.php\/2021\/11\/11\/marko-radic-nazvao-svjedoka-par-minuta-prije-nego-sto-ga-je-cvitanovic-ubio\/#primaryimage","url":"https:\/\/radioljubuski.ba\/wp-content\/uploads\/2021\/11\/josip-svitanovic-cviki.jpg","contentUrl":"https:\/\/radioljubuski.ba\/wp-content\/uploads\/2021\/11\/josip-svitanovic-cviki.jpg","width":800,"height":550},{"@type":"BreadcrumbList","@id":"https:\/\/radioljubuski.ba\/index.php\/2021\/11\/11\/marko-radic-nazvao-svjedoka-par-minuta-prije-nego-sto-ga-je-cvitanovic-ubio\/#breadcrumb","itemListElement":[{"@type":"ListItem","position":1,"name":"Po\u010detna stranica","item":"https:\/\/radioljubuski.ba\/"},{"@type":"ListItem","position":2,"name":"Marko Radi\u0107 nazvao svjedoka par minuta prije nego \u0161to ga je Cvitanovi\u0107 ubio"}]},{"@type":"WebSite","@id":"https:\/\/radioljubuski.ba\/#website","url":"https:\/\/radioljubuski.ba\/","name":"Radio Ljubu\u0161ki","description":"Sun\u010dana frekvencija Hercegovine","publisher":{"@id":"https:\/\/radioljubuski.ba\/#organization"},"potentialAction":[{"@type":"SearchAction","target":{"@type":"EntryPoint","urlTemplate":"https:\/\/radioljubuski.ba\/?s={search_term_string}"},"query-input":{"@type":"PropertyValueSpecification","valueRequired":true,"valueName":"search_term_string"}}],"inLanguage":"hr"},{"@type":"Organization","@id":"https:\/\/radioljubuski.ba\/#organization","name":"Radio Ljubu\u0161ki","url":"https:\/\/radioljubuski.ba\/","logo":{"@type":"ImageObject","inLanguage":"hr","@id":"https:\/\/radioljubuski.ba\/#\/schema\/logo\/image\/","url":"https:\/\/radioljubuski.ba\/wp-content\/uploads\/2021\/02\/cropped-Radio_Ljubuski_logo1.jpg","contentUrl":"https:\/\/radioljubuski.ba\/wp-content\/uploads\/2021\/02\/cropped-Radio_Ljubuski_logo1.jpg","width":512,"height":512,"caption":"Radio Ljubu\u0161ki"},"image":{"@id":"https:\/\/radioljubuski.ba\/#\/schema\/logo\/image\/"},"sameAs":["https:\/\/www.facebook.com\/Radiio-Ljubuski-1490835324566332","https:\/\/x.com\/radioljubuski","https:\/\/hr.linkedin.com\/company\/radio-ljubuski","https:\/\/www.youtube.com\/channel\/UCHYaeO_n0Db3tjNGudGpXyw"]},{"@type":"Person","@id":"https:\/\/radioljubuski.ba\/#\/schema\/person\/19fc700381a780f69665d7956c469e3b","name":"Radio Ljubu\u0161ki"}]}},"_links":{"self":[{"href":"https:\/\/radioljubuski.ba\/index.php\/wp-json\/wp\/v2\/posts\/87277","targetHints":{"allow":["GET"]}}],"collection":[{"href":"https:\/\/radioljubuski.ba\/index.php\/wp-json\/wp\/v2\/posts"}],"about":[{"href":"https:\/\/radioljubuski.ba\/index.php\/wp-json\/wp\/v2\/types\/post"}],"author":[{"embeddable":true,"href":"https:\/\/radioljubuski.ba\/index.php\/wp-json\/wp\/v2\/users\/2"}],"replies":[{"embeddable":true,"href":"https:\/\/radioljubuski.ba\/index.php\/wp-json\/wp\/v2\/comments?post=87277"}],"version-history":[{"count":1,"href":"https:\/\/radioljubuski.ba\/index.php\/wp-json\/wp\/v2\/posts\/87277\/revisions"}],"predecessor-version":[{"id":87279,"href":"https:\/\/radioljubuski.ba\/index.php\/wp-json\/wp\/v2\/posts\/87277\/revisions\/87279"}],"wp:featuredmedia":[{"embeddable":true,"href":"https:\/\/radioljubuski.ba\/index.php\/wp-json\/wp\/v2\/media\/87278"}],"wp:attachment":[{"href":"https:\/\/radioljubuski.ba\/index.php\/wp-json\/wp\/v2\/media?parent=87277"}],"wp:term":[{"taxonomy":"category","embeddable":true,"href":"https:\/\/radioljubuski.ba\/index.php\/wp-json\/wp\/v2\/categories?post=87277"},{"taxonomy":"post_tag","embeddable":true,"href":"https:\/\/radioljubuski.ba\/index.php\/wp-json\/wp\/v2\/tags?post=87277"}],"curies":[{"name":"wp","href":"https:\/\/api.w.org\/{rel}","templated":true}]}}