{"id":8731,"date":"2021-04-01T21:32:46","date_gmt":"2021-04-01T20:32:46","guid":{"rendered":"https:\/\/radioljubuski.ba\/?p=8731"},"modified":"2021-04-01T21:32:46","modified_gmt":"2021-04-01T20:32:46","slug":"eurosong-2021-ipak-ispred-publike-ali-broj-mjesta-je-ogranicen-a-bez-negativnog-testa-na-covid-19-se-ne-moze-uci-u-dvoranu","status":"publish","type":"post","link":"https:\/\/radioljubuski.ba\/index.php\/2021\/04\/01\/eurosong-2021-ipak-ispred-publike-ali-broj-mjesta-je-ogranicen-a-bez-negativnog-testa-na-covid-19-se-ne-moze-uci-u-dvoranu\/","title":{"rendered":"Eurosong 2021. ipak ispred publike, ali broj mjesta je ograni\u010den, a bez negativnog testa na Covid-19 se ne mo\u017ee u\u0107i u dvoranu"},"content":{"rendered":"\n<p>Jo\u0161 malo nas dijeli od ovogodi\u0161njeg Eurosonga koji \u0107e se odr\u017eati 18. svibnja 2021. u Rotterdamu. Iako se mislilo da \u0107e&nbsp;zbog pandemije koronavirusa natjecatelji nastupati ispred praznog auditorija, \u010dini se da organizatori to nisu mogli dopustiti. Naime, publika \u0107e ipak mo\u0107i u\u017eivo u\u017eivati u glazbenom spektaklu u dvorani Ahoy, no broj mjesta je ograni\u010den, pi\u0161e&nbsp;<a href=\"https:\/\/www.gloria.hr\/gl\/fokus\/zvjezdane-staze\/eurosong-2021-ipak-ce-se-odrzati-ispred-publike-no-za-svakog-tko-zeli-gledati-spektakl-vrijedi-posebno-pravilo-15062508\">gloria.hr<\/a>.<\/p>\n\n\n\n<p>Maksimalno 3500 posjetitelja&nbsp;mo\u0107i \u0107e gledati svih \u0161est proba, dva polufinala i finale&nbsp;Eurosonga, no svaki od njih mora na ulazu pokazati negativan test na Covid-19 jer bez njega ne mogu u\u0107i u dvoranu.<\/p>\n\n\n\n<p>&#8220;\u010cinjenica da sada imamo priliku ponovno odr\u017eati Eurosong i to pred publikom, ostvarenje je sna.\u00a0Zahvalni smo kabinetu i Fieldlab Events-u na ovoj perspektivi i povjerenju koje su nam dali&#8221;, rekao je izvr\u0161ni producent showa\u00a0Sietse Bakker.<\/p>\n\n\n\n<figure class=\"wp-block-embed is-type-video is-provider-youtube wp-block-embed-youtube wp-embed-aspect-16-9 wp-has-aspect-ratio\"><div class=\"wp-block-embed__wrapper\">\n<iframe loading=\"lazy\" title=\"Albina - Tick-Tock\" width=\"640\" height=\"360\" src=\"https:\/\/www.youtube.com\/embed\/c8IM3Y5gY9E?feature=oembed\" frameborder=\"0\" allow=\"accelerometer; autoplay; clipboard-write; encrypted-media; gyroscope; picture-in-picture; web-share\" referrerpolicy=\"strict-origin-when-cross-origin\" allowfullscreen><\/iframe>\n<\/div><\/figure>\n\n\n\n<p>Na natjecanju u Nizozemskoj sudjelovat \u0107e ukupno 39 zemalja, a me\u0111u njima je i Hrvatska. Na\u0161a predstavnica&nbsp;Albina Gr\u010di\u0107&nbsp;natje\u010de se s pjesmom &#8220;Tik Tok&#8221;, a sude\u0107i prema ranijim anketama, lako bi mogla odnijeti pobjedu.&nbsp;Odmah iza nje je predstavnica Rumunjske, Roxen, s pjesmom \u2018Amnesia\u2018 zatim predstavnici Cipra, Italije pa Francuske, a najmanje glasova ima Danska.<\/p>\n\n\n\n<p>Iako je na estradi relativno kratko, Albinu jako dobro znaju svi obo\u017eavatelji HRT-ovog showa &#8220;The Voice&#8221;. Upravo tamo se pojavila i predstavila \u0161iroj publici te odu\u0161evila \u017eiri. No, glazba nije jedino \u0161to je zanima &#8211; studentica je \u010detvrte godine povijesti i engleskog jezika na Filozofskom fakultetu u Splitu i uspje\u0161no balansira obrazovanje i karijeru.<\/p>\n\n\n\n<p>\u0160est godina svirala je klavir u glazbenoj \u0161koli, a na pozornicu je prvi put stala prije 16 godina. Za Gloriju je uo\u010di Dore otkrila da je glazbeni talent naslijedila od svog oca. Osim obitelji, najve\u0107a podr\u0161ka joj je de\u010dko Ivan, nogometa\u0161 druge lige HNL-a.<\/p>\n\n\n\n<blockquote class=\"instagram-media\" data-instgrm-captioned data-instgrm-permalink=\"https:\/\/www.instagram.com\/p\/CKixgT-MLId\/?utm_source=ig_embed&amp;utm_campaign=loading\" data-instgrm-version=\"13\" style=\" background:#FFF; border:0; border-radius:3px; box-shadow:0 0 1px 0 rgba(0,0,0,0.5),0 1px 10px 0 rgba(0,0,0,0.15); margin: 1px; max-width:540px; min-width:326px; padding:0; width:99.375%; width:-webkit-calc(100% - 2px); width:calc(100% - 2px);\"><div style=\"padding:16px;\"> <a href=\"https:\/\/www.instagram.com\/p\/CKixgT-MLId\/?utm_source=ig_embed&amp;utm_campaign=loading\" style=\" background:#FFFFFF; line-height:0; padding:0 0; text-align:center; text-decoration:none; width:100%;\" target=\"_blank\" rel=\"noopener\"> <div style=\" display: flex; flex-direction: row; align-items: center;\"> <div style=\"background-color: #F4F4F4; border-radius: 50%; flex-grow: 0; height: 40px; margin-right: 14px; width: 40px;\"><\/div> <div style=\"display: flex; flex-direction: column; flex-grow: 1; justify-content: center;\"> <div style=\" background-color: #F4F4F4; border-radius: 4px; flex-grow: 0; height: 14px; margin-bottom: 6px; width: 100px;\"><\/div> <div style=\" background-color: #F4F4F4; border-radius: 4px; flex-grow: 0; height: 14px; width: 60px;\"><\/div><\/div><\/div><div style=\"padding: 19% 0;\"><\/div> <div style=\"display:block; height:50px; margin:0 auto 12px; width:50px;\"><svg width=\"50px\" height=\"50px\" viewBox=\"0 0 60 60\" version=\"1.1\" xmlns=\"https:\/\/www.w3.org\/2000\/svg\" xmlns:xlink=\"https:\/\/www.w3.org\/1999\/xlink\"><g stroke=\"none\" stroke-width=\"1\" fill=\"none\" fill-rule=\"evenodd\"><g transform=\"translate(-511.000000, -20.000000)\" fill=\"#000000\"><g><path d=\"M556.869,30.41 C554.814,30.41 553.148,32.076 553.148,34.131 C553.148,36.186 554.814,37.852 556.869,37.852 C558.924,37.852 560.59,36.186 560.59,34.131 C560.59,32.076 558.924,30.41 556.869,30.41 M541,60.657 C535.114,60.657 530.342,55.887 530.342,50 C530.342,44.114 535.114,39.342 541,39.342 C546.887,39.342 551.658,44.114 551.658,50 C551.658,55.887 546.887,60.657 541,60.657 M541,33.886 C532.1,33.886 524.886,41.1 524.886,50 C524.886,58.899 532.1,66.113 541,66.113 C549.9,66.113 557.115,58.899 557.115,50 C557.115,41.1 549.9,33.886 541,33.886 M565.378,62.101 C565.244,65.022 564.756,66.606 564.346,67.663 C563.803,69.06 563.154,70.057 562.106,71.106 C561.058,72.155 560.06,72.803 558.662,73.347 C557.607,73.757 556.021,74.244 553.102,74.378 C549.944,74.521 548.997,74.552 541,74.552 C533.003,74.552 532.056,74.521 528.898,74.378 C525.979,74.244 524.393,73.757 523.338,73.347 C521.94,72.803 520.942,72.155 519.894,71.106 C518.846,70.057 518.197,69.06 517.654,67.663 C517.244,66.606 516.755,65.022 516.623,62.101 C516.479,58.943 516.448,57.996 516.448,50 C516.448,42.003 516.479,41.056 516.623,37.899 C516.755,34.978 517.244,33.391 517.654,32.338 C518.197,30.938 518.846,29.942 519.894,28.894 C520.942,27.846 521.94,27.196 523.338,26.654 C524.393,26.244 525.979,25.756 528.898,25.623 C532.057,25.479 533.004,25.448 541,25.448 C548.997,25.448 549.943,25.479 553.102,25.623 C556.021,25.756 557.607,26.244 558.662,26.654 C560.06,27.196 561.058,27.846 562.106,28.894 C563.154,29.942 563.803,30.938 564.346,32.338 C564.756,33.391 565.244,34.978 565.378,37.899 C565.522,41.056 565.552,42.003 565.552,50 C565.552,57.996 565.522,58.943 565.378,62.101 M570.82,37.631 C570.674,34.438 570.167,32.258 569.425,30.349 C568.659,28.377 567.633,26.702 565.965,25.035 C564.297,23.368 562.623,22.342 560.652,21.575 C558.743,20.834 556.562,20.326 553.369,20.18 C550.169,20.033 549.148,20 541,20 C532.853,20 531.831,20.033 528.631,20.18 C525.438,20.326 523.257,20.834 521.349,21.575 C519.376,22.342 517.703,23.368 516.035,25.035 C514.368,26.702 513.342,28.377 512.574,30.349 C511.834,32.258 511.326,34.438 511.181,37.631 C511.035,40.831 511,41.851 511,50 C511,58.147 511.035,59.17 511.181,62.369 C511.326,65.562 511.834,67.743 512.574,69.651 C513.342,71.625 514.368,73.296 516.035,74.965 C517.703,76.634 519.376,77.658 521.349,78.425 C523.257,79.167 525.438,79.673 528.631,79.82 C531.831,79.965 532.853,80.001 541,80.001 C549.148,80.001 550.169,79.965 553.369,79.82 C556.562,79.673 558.743,79.167 560.652,78.425 C562.623,77.658 564.297,76.634 565.965,74.965 C567.633,73.296 568.659,71.625 569.425,69.651 C570.167,67.743 570.674,65.562 570.82,62.369 C570.966,59.17 571,58.147 571,50 C571,41.851 570.966,40.831 570.82,37.631\"><\/path><\/g><\/g><\/g><\/svg><\/div><div style=\"padding-top: 8px;\"> <div style=\" color:#3897f0; font-family:Arial,sans-serif; font-size:14px; font-style:normal; font-weight:550; line-height:18px;\"> Pogledajte ovu objavu na Instagramu.<\/div><\/div><div style=\"padding: 12.5% 0;\"><\/div> <div style=\"display: flex; flex-direction: row; margin-bottom: 14px; align-items: center;\"><div> <div style=\"background-color: #F4F4F4; border-radius: 50%; height: 12.5px; width: 12.5px; transform: translateX(0px) translateY(7px);\"><\/div> <div style=\"background-color: #F4F4F4; height: 12.5px; transform: rotate(-45deg) translateX(3px) translateY(1px); width: 12.5px; flex-grow: 0; margin-right: 14px; margin-left: 2px;\"><\/div> <div style=\"background-color: #F4F4F4; border-radius: 50%; height: 12.5px; width: 12.5px; transform: translateX(9px) translateY(-18px);\"><\/div><\/div><div style=\"margin-left: 8px;\"> <div style=\" background-color: #F4F4F4; border-radius: 50%; flex-grow: 0; height: 20px; width: 20px;\"><\/div> <div style=\" width: 0; height: 0; border-top: 2px solid transparent; border-left: 6px solid #f4f4f4; border-bottom: 2px solid transparent; transform: translateX(16px) translateY(-4px) rotate(30deg)\"><\/div><\/div><div style=\"margin-left: auto;\"> <div style=\" width: 0px; border-top: 8px solid #F4F4F4; border-right: 8px solid transparent; transform: translateY(16px);\"><\/div> <div style=\" background-color: #F4F4F4; flex-grow: 0; height: 12px; width: 16px; transform: translateY(-4px);\"><\/div> <div style=\" width: 0; height: 0; border-top: 8px solid #F4F4F4; border-left: 8px solid transparent; transform: translateY(-4px) translateX(8px);\"><\/div><\/div><\/div> <div style=\"display: flex; flex-direction: column; flex-grow: 1; justify-content: center; margin-bottom: 24px;\"> <div style=\" background-color: #F4F4F4; border-radius: 4px; flex-grow: 0; height: 14px; margin-bottom: 6px; width: 224px;\"><\/div> <div style=\" background-color: #F4F4F4; border-radius: 4px; flex-grow: 0; height: 14px; width: 144px;\"><\/div><\/div><\/a><p style=\" color:#c9c8cd; font-family:Arial,sans-serif; font-size:14px; line-height:17px; margin-bottom:0; margin-top:8px; overflow:hidden; padding:8px 0 7px; text-align:center; text-overflow:ellipsis; white-space:nowrap;\"><a href=\"https:\/\/www.instagram.com\/p\/CKixgT-MLId\/?utm_source=ig_embed&amp;utm_campaign=loading\" style=\" color:#c9c8cd; font-family:Arial,sans-serif; font-size:14px; font-style:normal; font-weight:normal; line-height:17px; text-decoration:none;\" target=\"_blank\" rel=\"noopener\">Objavu dijeli ALBINA (@albina.music)<\/a><\/p><\/div><\/blockquote> <script async src=\"\/\/www.instagram.com\/embed.js\"><\/script>\n\n\n\n<p><strong>PI\u0160E&nbsp;<\/strong>PSD<\/p>\n","protected":false},"excerpt":{"rendered":"<p>Jo\u0161 malo nas dijeli od ovogodi\u0161njeg Eurosonga koji \u0107e se odr\u017eati 18. svibnja 2021. u Rotterdamu. Iako se mislilo da \u0107e&nbsp;zbog pandemije koronavirusa natjecatelji nastupati ispred praznog auditorija, \u010dini se da organizatori to nisu mogli dopustiti. Naime, publika \u0107e ipak mo\u0107i u\u017eivo u\u017eivati u glazbenom spektaklu u dvorani Ahoy, no broj mjesta je ograni\u010den, pi\u0161e&nbsp;gloria.hr. [&hellip;]<\/p>\n","protected":false},"author":2,"featured_media":8732,"comment_status":"closed","ping_status":"closed","sticky":false,"template":"","format":"standard","meta":{"h5ap_radio_sources":[],"footnotes":""},"categories":[1],"tags":[],"class_list":["post-8731","post","type-post","status-publish","format-standard","has-post-thumbnail","hentry","category-bihiregija"],"yoast_head":"<!-- This site is optimized with the Yoast SEO plugin v27.5 - https:\/\/yoast.com\/product\/yoast-seo-wordpress\/ -->\n<title>Eurosong 2021. ipak ispred publike, ali broj mjesta je ograni\u010den, a bez negativnog testa na Covid-19 se ne mo\u017ee u\u0107i u dvoranu - RADIO LJUBU\u0160KI<\/title>\n<meta name=\"robots\" content=\"index, follow, max-snippet:-1, max-image-preview:large, max-video-preview:-1\" \/>\n<link rel=\"canonical\" href=\"https:\/\/radioljubuski.ba\/index.php\/2021\/04\/01\/eurosong-2021-ipak-ispred-publike-ali-broj-mjesta-je-ogranicen-a-bez-negativnog-testa-na-covid-19-se-ne-moze-uci-u-dvoranu\/\" \/>\n<meta property=\"og:locale\" content=\"hr_HR\" \/>\n<meta property=\"og:type\" content=\"article\" \/>\n<meta property=\"og:title\" content=\"Eurosong 2021. ipak ispred publike, ali broj mjesta je ograni\u010den, a bez negativnog testa na Covid-19 se ne mo\u017ee u\u0107i u dvoranu - RADIO LJUBU\u0160KI\" \/>\n<meta property=\"og:description\" content=\"Jo\u0161 malo nas dijeli od ovogodi\u0161njeg Eurosonga koji \u0107e se odr\u017eati 18. svibnja 2021. u Rotterdamu. Iako se mislilo da \u0107e&nbsp;zbog pandemije koronavirusa natjecatelji nastupati ispred praznog auditorija, \u010dini se da organizatori to nisu mogli dopustiti. Naime, publika \u0107e ipak mo\u0107i u\u017eivo u\u017eivati u glazbenom spektaklu u dvorani Ahoy, no broj mjesta je ograni\u010den, pi\u0161e&nbsp;gloria.hr. [&hellip;]\" \/>\n<meta property=\"og:url\" content=\"https:\/\/radioljubuski.ba\/index.php\/2021\/04\/01\/eurosong-2021-ipak-ispred-publike-ali-broj-mjesta-je-ogranicen-a-bez-negativnog-testa-na-covid-19-se-ne-moze-uci-u-dvoranu\/\" \/>\n<meta property=\"og:site_name\" content=\"RADIO LJUBU\u0160KI\" \/>\n<meta property=\"article:publisher\" content=\"https:\/\/www.facebook.com\/Radiio-Ljubuski-1490835324566332\" \/>\n<meta property=\"article:published_time\" content=\"2021-04-01T20:32:46+00:00\" \/>\n<meta property=\"og:image\" content=\"https:\/\/radioljubuski.ba\/wp-content\/uploads\/2021\/04\/33-1.png\" \/>\n\t<meta property=\"og:image:width\" content=\"600\" \/>\n\t<meta property=\"og:image:height\" content=\"399\" \/>\n\t<meta property=\"og:image:type\" content=\"image\/png\" \/>\n<meta name=\"author\" content=\"Radio Ljubu\u0161ki\" \/>\n<meta name=\"twitter:card\" content=\"summary_large_image\" \/>\n<meta name=\"twitter:creator\" content=\"@radioljubuski\" \/>\n<meta name=\"twitter:site\" content=\"@radioljubuski\" \/>\n<meta name=\"twitter:label1\" content=\"Napisao\/la\" \/>\n\t<meta name=\"twitter:data1\" content=\"Radio Ljubu\u0161ki\" \/>\n\t<meta name=\"twitter:label2\" content=\"Procijenjeno vrijeme \u010ditanja\" \/>\n\t<meta name=\"twitter:data2\" content=\"2 minute\" \/>\n<script type=\"application\/ld+json\" class=\"yoast-schema-graph\">{\"@context\":\"https:\\\/\\\/schema.org\",\"@graph\":[{\"@type\":\"Article\",\"@id\":\"https:\\\/\\\/radioljubuski.ba\\\/index.php\\\/2021\\\/04\\\/01\\\/eurosong-2021-ipak-ispred-publike-ali-broj-mjesta-je-ogranicen-a-bez-negativnog-testa-na-covid-19-se-ne-moze-uci-u-dvoranu\\\/#article\",\"isPartOf\":{\"@id\":\"https:\\\/\\\/radioljubuski.ba\\\/index.php\\\/2021\\\/04\\\/01\\\/eurosong-2021-ipak-ispred-publike-ali-broj-mjesta-je-ogranicen-a-bez-negativnog-testa-na-covid-19-se-ne-moze-uci-u-dvoranu\\\/\"},\"author\":{\"name\":\"Radio Ljubu\u0161ki\",\"@id\":\"https:\\\/\\\/radioljubuski.ba\\\/#\\\/schema\\\/person\\\/19fc700381a780f69665d7956c469e3b\"},\"headline\":\"Eurosong 2021. ipak ispred publike, ali broj mjesta je ograni\u010den, a bez negativnog testa na Covid-19 se ne mo\u017ee u\u0107i u dvoranu\",\"datePublished\":\"2021-04-01T20:32:46+00:00\",\"mainEntityOfPage\":{\"@id\":\"https:\\\/\\\/radioljubuski.ba\\\/index.php\\\/2021\\\/04\\\/01\\\/eurosong-2021-ipak-ispred-publike-ali-broj-mjesta-je-ogranicen-a-bez-negativnog-testa-na-covid-19-se-ne-moze-uci-u-dvoranu\\\/\"},\"wordCount\":357,\"publisher\":{\"@id\":\"https:\\\/\\\/radioljubuski.ba\\\/#organization\"},\"image\":{\"@id\":\"https:\\\/\\\/radioljubuski.ba\\\/index.php\\\/2021\\\/04\\\/01\\\/eurosong-2021-ipak-ispred-publike-ali-broj-mjesta-je-ogranicen-a-bez-negativnog-testa-na-covid-19-se-ne-moze-uci-u-dvoranu\\\/#primaryimage\"},\"thumbnailUrl\":\"https:\\\/\\\/radioljubuski.ba\\\/wp-content\\\/uploads\\\/2021\\\/04\\\/33-1.png\",\"articleSection\":[\"BIH i regija\"],\"inLanguage\":\"hr\"},{\"@type\":\"WebPage\",\"@id\":\"https:\\\/\\\/radioljubuski.ba\\\/index.php\\\/2021\\\/04\\\/01\\\/eurosong-2021-ipak-ispred-publike-ali-broj-mjesta-je-ogranicen-a-bez-negativnog-testa-na-covid-19-se-ne-moze-uci-u-dvoranu\\\/\",\"url\":\"https:\\\/\\\/radioljubuski.ba\\\/index.php\\\/2021\\\/04\\\/01\\\/eurosong-2021-ipak-ispred-publike-ali-broj-mjesta-je-ogranicen-a-bez-negativnog-testa-na-covid-19-se-ne-moze-uci-u-dvoranu\\\/\",\"name\":\"Eurosong 2021. ipak ispred publike, ali broj mjesta je ograni\u010den, a bez negativnog testa na Covid-19 se ne mo\u017ee u\u0107i u dvoranu - RADIO LJUBU\u0160KI\",\"isPartOf\":{\"@id\":\"https:\\\/\\\/radioljubuski.ba\\\/#website\"},\"primaryImageOfPage\":{\"@id\":\"https:\\\/\\\/radioljubuski.ba\\\/index.php\\\/2021\\\/04\\\/01\\\/eurosong-2021-ipak-ispred-publike-ali-broj-mjesta-je-ogranicen-a-bez-negativnog-testa-na-covid-19-se-ne-moze-uci-u-dvoranu\\\/#primaryimage\"},\"image\":{\"@id\":\"https:\\\/\\\/radioljubuski.ba\\\/index.php\\\/2021\\\/04\\\/01\\\/eurosong-2021-ipak-ispred-publike-ali-broj-mjesta-je-ogranicen-a-bez-negativnog-testa-na-covid-19-se-ne-moze-uci-u-dvoranu\\\/#primaryimage\"},\"thumbnailUrl\":\"https:\\\/\\\/radioljubuski.ba\\\/wp-content\\\/uploads\\\/2021\\\/04\\\/33-1.png\",\"datePublished\":\"2021-04-01T20:32:46+00:00\",\"breadcrumb\":{\"@id\":\"https:\\\/\\\/radioljubuski.ba\\\/index.php\\\/2021\\\/04\\\/01\\\/eurosong-2021-ipak-ispred-publike-ali-broj-mjesta-je-ogranicen-a-bez-negativnog-testa-na-covid-19-se-ne-moze-uci-u-dvoranu\\\/#breadcrumb\"},\"inLanguage\":\"hr\",\"potentialAction\":[{\"@type\":\"ReadAction\",\"target\":[\"https:\\\/\\\/radioljubuski.ba\\\/index.php\\\/2021\\\/04\\\/01\\\/eurosong-2021-ipak-ispred-publike-ali-broj-mjesta-je-ogranicen-a-bez-negativnog-testa-na-covid-19-se-ne-moze-uci-u-dvoranu\\\/\"]}]},{\"@type\":\"ImageObject\",\"inLanguage\":\"hr\",\"@id\":\"https:\\\/\\\/radioljubuski.ba\\\/index.php\\\/2021\\\/04\\\/01\\\/eurosong-2021-ipak-ispred-publike-ali-broj-mjesta-je-ogranicen-a-bez-negativnog-testa-na-covid-19-se-ne-moze-uci-u-dvoranu\\\/#primaryimage\",\"url\":\"https:\\\/\\\/radioljubuski.ba\\\/wp-content\\\/uploads\\\/2021\\\/04\\\/33-1.png\",\"contentUrl\":\"https:\\\/\\\/radioljubuski.ba\\\/wp-content\\\/uploads\\\/2021\\\/04\\\/33-1.png\",\"width\":600,\"height\":399},{\"@type\":\"BreadcrumbList\",\"@id\":\"https:\\\/\\\/radioljubuski.ba\\\/index.php\\\/2021\\\/04\\\/01\\\/eurosong-2021-ipak-ispred-publike-ali-broj-mjesta-je-ogranicen-a-bez-negativnog-testa-na-covid-19-se-ne-moze-uci-u-dvoranu\\\/#breadcrumb\",\"itemListElement\":[{\"@type\":\"ListItem\",\"position\":1,\"name\":\"Po\u010detna stranica\",\"item\":\"https:\\\/\\\/radioljubuski.ba\\\/\"},{\"@type\":\"ListItem\",\"position\":2,\"name\":\"Eurosong 2021. ipak ispred publike, ali broj mjesta je ograni\u010den, a bez negativnog testa na Covid-19 se ne mo\u017ee u\u0107i u dvoranu\"}]},{\"@type\":\"WebSite\",\"@id\":\"https:\\\/\\\/radioljubuski.ba\\\/#website\",\"url\":\"https:\\\/\\\/radioljubuski.ba\\\/\",\"name\":\"Radio Ljubu\u0161ki\",\"description\":\"Sun\u010dana frekvencija Hercegovine\",\"publisher\":{\"@id\":\"https:\\\/\\\/radioljubuski.ba\\\/#organization\"},\"potentialAction\":[{\"@type\":\"SearchAction\",\"target\":{\"@type\":\"EntryPoint\",\"urlTemplate\":\"https:\\\/\\\/radioljubuski.ba\\\/?s={search_term_string}\"},\"query-input\":{\"@type\":\"PropertyValueSpecification\",\"valueRequired\":true,\"valueName\":\"search_term_string\"}}],\"inLanguage\":\"hr\"},{\"@type\":\"Organization\",\"@id\":\"https:\\\/\\\/radioljubuski.ba\\\/#organization\",\"name\":\"Radio Ljubu\u0161ki\",\"url\":\"https:\\\/\\\/radioljubuski.ba\\\/\",\"logo\":{\"@type\":\"ImageObject\",\"inLanguage\":\"hr\",\"@id\":\"https:\\\/\\\/radioljubuski.ba\\\/#\\\/schema\\\/logo\\\/image\\\/\",\"url\":\"https:\\\/\\\/radioljubuski.ba\\\/wp-content\\\/uploads\\\/2021\\\/02\\\/cropped-Radio_Ljubuski_logo1.jpg\",\"contentUrl\":\"https:\\\/\\\/radioljubuski.ba\\\/wp-content\\\/uploads\\\/2021\\\/02\\\/cropped-Radio_Ljubuski_logo1.jpg\",\"width\":512,\"height\":512,\"caption\":\"Radio Ljubu\u0161ki\"},\"image\":{\"@id\":\"https:\\\/\\\/radioljubuski.ba\\\/#\\\/schema\\\/logo\\\/image\\\/\"},\"sameAs\":[\"https:\\\/\\\/www.facebook.com\\\/Radiio-Ljubuski-1490835324566332\",\"https:\\\/\\\/x.com\\\/radioljubuski\",\"https:\\\/\\\/hr.linkedin.com\\\/company\\\/radio-ljubuski\",\"https:\\\/\\\/www.youtube.com\\\/channel\\\/UCHYaeO_n0Db3tjNGudGpXyw\"]},{\"@type\":\"Person\",\"@id\":\"https:\\\/\\\/radioljubuski.ba\\\/#\\\/schema\\\/person\\\/19fc700381a780f69665d7956c469e3b\",\"name\":\"Radio Ljubu\u0161ki\"}]}<\/script>\n<!-- \/ Yoast SEO plugin. -->","yoast_head_json":{"title":"Eurosong 2021. ipak ispred publike, ali broj mjesta je ograni\u010den, a bez negativnog testa na Covid-19 se ne mo\u017ee u\u0107i u dvoranu - RADIO LJUBU\u0160KI","robots":{"index":"index","follow":"follow","max-snippet":"max-snippet:-1","max-image-preview":"max-image-preview:large","max-video-preview":"max-video-preview:-1"},"canonical":"https:\/\/radioljubuski.ba\/index.php\/2021\/04\/01\/eurosong-2021-ipak-ispred-publike-ali-broj-mjesta-je-ogranicen-a-bez-negativnog-testa-na-covid-19-se-ne-moze-uci-u-dvoranu\/","og_locale":"hr_HR","og_type":"article","og_title":"Eurosong 2021. ipak ispred publike, ali broj mjesta je ograni\u010den, a bez negativnog testa na Covid-19 se ne mo\u017ee u\u0107i u dvoranu - RADIO LJUBU\u0160KI","og_description":"Jo\u0161 malo nas dijeli od ovogodi\u0161njeg Eurosonga koji \u0107e se odr\u017eati 18. svibnja 2021. u Rotterdamu. Iako se mislilo da \u0107e&nbsp;zbog pandemije koronavirusa natjecatelji nastupati ispred praznog auditorija, \u010dini se da organizatori to nisu mogli dopustiti. Naime, publika \u0107e ipak mo\u0107i u\u017eivo u\u017eivati u glazbenom spektaklu u dvorani Ahoy, no broj mjesta je ograni\u010den, pi\u0161e&nbsp;gloria.hr. [&hellip;]","og_url":"https:\/\/radioljubuski.ba\/index.php\/2021\/04\/01\/eurosong-2021-ipak-ispred-publike-ali-broj-mjesta-je-ogranicen-a-bez-negativnog-testa-na-covid-19-se-ne-moze-uci-u-dvoranu\/","og_site_name":"RADIO LJUBU\u0160KI","article_publisher":"https:\/\/www.facebook.com\/Radiio-Ljubuski-1490835324566332","article_published_time":"2021-04-01T20:32:46+00:00","og_image":[{"width":600,"height":399,"url":"https:\/\/radioljubuski.ba\/wp-content\/uploads\/2021\/04\/33-1.png","type":"image\/png"}],"author":"Radio Ljubu\u0161ki","twitter_card":"summary_large_image","twitter_creator":"@radioljubuski","twitter_site":"@radioljubuski","twitter_misc":{"Napisao\/la":"Radio Ljubu\u0161ki","Procijenjeno vrijeme \u010ditanja":"2 minute"},"schema":{"@context":"https:\/\/schema.org","@graph":[{"@type":"Article","@id":"https:\/\/radioljubuski.ba\/index.php\/2021\/04\/01\/eurosong-2021-ipak-ispred-publike-ali-broj-mjesta-je-ogranicen-a-bez-negativnog-testa-na-covid-19-se-ne-moze-uci-u-dvoranu\/#article","isPartOf":{"@id":"https:\/\/radioljubuski.ba\/index.php\/2021\/04\/01\/eurosong-2021-ipak-ispred-publike-ali-broj-mjesta-je-ogranicen-a-bez-negativnog-testa-na-covid-19-se-ne-moze-uci-u-dvoranu\/"},"author":{"name":"Radio Ljubu\u0161ki","@id":"https:\/\/radioljubuski.ba\/#\/schema\/person\/19fc700381a780f69665d7956c469e3b"},"headline":"Eurosong 2021. ipak ispred publike, ali broj mjesta je ograni\u010den, a bez negativnog testa na Covid-19 se ne mo\u017ee u\u0107i u dvoranu","datePublished":"2021-04-01T20:32:46+00:00","mainEntityOfPage":{"@id":"https:\/\/radioljubuski.ba\/index.php\/2021\/04\/01\/eurosong-2021-ipak-ispred-publike-ali-broj-mjesta-je-ogranicen-a-bez-negativnog-testa-na-covid-19-se-ne-moze-uci-u-dvoranu\/"},"wordCount":357,"publisher":{"@id":"https:\/\/radioljubuski.ba\/#organization"},"image":{"@id":"https:\/\/radioljubuski.ba\/index.php\/2021\/04\/01\/eurosong-2021-ipak-ispred-publike-ali-broj-mjesta-je-ogranicen-a-bez-negativnog-testa-na-covid-19-se-ne-moze-uci-u-dvoranu\/#primaryimage"},"thumbnailUrl":"https:\/\/radioljubuski.ba\/wp-content\/uploads\/2021\/04\/33-1.png","articleSection":["BIH i regija"],"inLanguage":"hr"},{"@type":"WebPage","@id":"https:\/\/radioljubuski.ba\/index.php\/2021\/04\/01\/eurosong-2021-ipak-ispred-publike-ali-broj-mjesta-je-ogranicen-a-bez-negativnog-testa-na-covid-19-se-ne-moze-uci-u-dvoranu\/","url":"https:\/\/radioljubuski.ba\/index.php\/2021\/04\/01\/eurosong-2021-ipak-ispred-publike-ali-broj-mjesta-je-ogranicen-a-bez-negativnog-testa-na-covid-19-se-ne-moze-uci-u-dvoranu\/","name":"Eurosong 2021. ipak ispred publike, ali broj mjesta je ograni\u010den, a bez negativnog testa na Covid-19 se ne mo\u017ee u\u0107i u dvoranu - RADIO LJUBU\u0160KI","isPartOf":{"@id":"https:\/\/radioljubuski.ba\/#website"},"primaryImageOfPage":{"@id":"https:\/\/radioljubuski.ba\/index.php\/2021\/04\/01\/eurosong-2021-ipak-ispred-publike-ali-broj-mjesta-je-ogranicen-a-bez-negativnog-testa-na-covid-19-se-ne-moze-uci-u-dvoranu\/#primaryimage"},"image":{"@id":"https:\/\/radioljubuski.ba\/index.php\/2021\/04\/01\/eurosong-2021-ipak-ispred-publike-ali-broj-mjesta-je-ogranicen-a-bez-negativnog-testa-na-covid-19-se-ne-moze-uci-u-dvoranu\/#primaryimage"},"thumbnailUrl":"https:\/\/radioljubuski.ba\/wp-content\/uploads\/2021\/04\/33-1.png","datePublished":"2021-04-01T20:32:46+00:00","breadcrumb":{"@id":"https:\/\/radioljubuski.ba\/index.php\/2021\/04\/01\/eurosong-2021-ipak-ispred-publike-ali-broj-mjesta-je-ogranicen-a-bez-negativnog-testa-na-covid-19-se-ne-moze-uci-u-dvoranu\/#breadcrumb"},"inLanguage":"hr","potentialAction":[{"@type":"ReadAction","target":["https:\/\/radioljubuski.ba\/index.php\/2021\/04\/01\/eurosong-2021-ipak-ispred-publike-ali-broj-mjesta-je-ogranicen-a-bez-negativnog-testa-na-covid-19-se-ne-moze-uci-u-dvoranu\/"]}]},{"@type":"ImageObject","inLanguage":"hr","@id":"https:\/\/radioljubuski.ba\/index.php\/2021\/04\/01\/eurosong-2021-ipak-ispred-publike-ali-broj-mjesta-je-ogranicen-a-bez-negativnog-testa-na-covid-19-se-ne-moze-uci-u-dvoranu\/#primaryimage","url":"https:\/\/radioljubuski.ba\/wp-content\/uploads\/2021\/04\/33-1.png","contentUrl":"https:\/\/radioljubuski.ba\/wp-content\/uploads\/2021\/04\/33-1.png","width":600,"height":399},{"@type":"BreadcrumbList","@id":"https:\/\/radioljubuski.ba\/index.php\/2021\/04\/01\/eurosong-2021-ipak-ispred-publike-ali-broj-mjesta-je-ogranicen-a-bez-negativnog-testa-na-covid-19-se-ne-moze-uci-u-dvoranu\/#breadcrumb","itemListElement":[{"@type":"ListItem","position":1,"name":"Po\u010detna stranica","item":"https:\/\/radioljubuski.ba\/"},{"@type":"ListItem","position":2,"name":"Eurosong 2021. ipak ispred publike, ali broj mjesta je ograni\u010den, a bez negativnog testa na Covid-19 se ne mo\u017ee u\u0107i u dvoranu"}]},{"@type":"WebSite","@id":"https:\/\/radioljubuski.ba\/#website","url":"https:\/\/radioljubuski.ba\/","name":"Radio Ljubu\u0161ki","description":"Sun\u010dana frekvencija Hercegovine","publisher":{"@id":"https:\/\/radioljubuski.ba\/#organization"},"potentialAction":[{"@type":"SearchAction","target":{"@type":"EntryPoint","urlTemplate":"https:\/\/radioljubuski.ba\/?s={search_term_string}"},"query-input":{"@type":"PropertyValueSpecification","valueRequired":true,"valueName":"search_term_string"}}],"inLanguage":"hr"},{"@type":"Organization","@id":"https:\/\/radioljubuski.ba\/#organization","name":"Radio Ljubu\u0161ki","url":"https:\/\/radioljubuski.ba\/","logo":{"@type":"ImageObject","inLanguage":"hr","@id":"https:\/\/radioljubuski.ba\/#\/schema\/logo\/image\/","url":"https:\/\/radioljubuski.ba\/wp-content\/uploads\/2021\/02\/cropped-Radio_Ljubuski_logo1.jpg","contentUrl":"https:\/\/radioljubuski.ba\/wp-content\/uploads\/2021\/02\/cropped-Radio_Ljubuski_logo1.jpg","width":512,"height":512,"caption":"Radio Ljubu\u0161ki"},"image":{"@id":"https:\/\/radioljubuski.ba\/#\/schema\/logo\/image\/"},"sameAs":["https:\/\/www.facebook.com\/Radiio-Ljubuski-1490835324566332","https:\/\/x.com\/radioljubuski","https:\/\/hr.linkedin.com\/company\/radio-ljubuski","https:\/\/www.youtube.com\/channel\/UCHYaeO_n0Db3tjNGudGpXyw"]},{"@type":"Person","@id":"https:\/\/radioljubuski.ba\/#\/schema\/person\/19fc700381a780f69665d7956c469e3b","name":"Radio Ljubu\u0161ki"}]}},"_links":{"self":[{"href":"https:\/\/radioljubuski.ba\/index.php\/wp-json\/wp\/v2\/posts\/8731","targetHints":{"allow":["GET"]}}],"collection":[{"href":"https:\/\/radioljubuski.ba\/index.php\/wp-json\/wp\/v2\/posts"}],"about":[{"href":"https:\/\/radioljubuski.ba\/index.php\/wp-json\/wp\/v2\/types\/post"}],"author":[{"embeddable":true,"href":"https:\/\/radioljubuski.ba\/index.php\/wp-json\/wp\/v2\/users\/2"}],"replies":[{"embeddable":true,"href":"https:\/\/radioljubuski.ba\/index.php\/wp-json\/wp\/v2\/comments?post=8731"}],"version-history":[{"count":1,"href":"https:\/\/radioljubuski.ba\/index.php\/wp-json\/wp\/v2\/posts\/8731\/revisions"}],"predecessor-version":[{"id":8733,"href":"https:\/\/radioljubuski.ba\/index.php\/wp-json\/wp\/v2\/posts\/8731\/revisions\/8733"}],"wp:featuredmedia":[{"embeddable":true,"href":"https:\/\/radioljubuski.ba\/index.php\/wp-json\/wp\/v2\/media\/8732"}],"wp:attachment":[{"href":"https:\/\/radioljubuski.ba\/index.php\/wp-json\/wp\/v2\/media?parent=8731"}],"wp:term":[{"taxonomy":"category","embeddable":true,"href":"https:\/\/radioljubuski.ba\/index.php\/wp-json\/wp\/v2\/categories?post=8731"},{"taxonomy":"post_tag","embeddable":true,"href":"https:\/\/radioljubuski.ba\/index.php\/wp-json\/wp\/v2\/tags?post=8731"}],"curies":[{"name":"wp","href":"https:\/\/api.w.org\/{rel}","templated":true}]}}