{"id":8737,"date":"2021-04-01T21:40:39","date_gmt":"2021-04-01T20:40:39","guid":{"rendered":"https:\/\/radioljubuski.ba\/?p=8737"},"modified":"2021-04-01T21:40:41","modified_gmt":"2021-04-01T20:40:41","slug":"marijan-ban-ovi-misec-san-jos-dva-puta-posta-dida","status":"publish","type":"post","link":"https:\/\/radioljubuski.ba\/index.php\/2021\/04\/01\/marijan-ban-ovi-misec-san-jos-dva-puta-posta-dida\/","title":{"rendered":"Marijan Ban: Ovi misec san jo\u0161 dva puta posta dida"},"content":{"rendered":"\n<p>Marijan Ban sa suprugom Dominom ima troje djece, a sad u\u017eiva u ulozi trostrukog djeda. Nedavno je, naime, dobio unuka Juru i unu\u010dicu Palmu.<\/p>\n\n\n\n<p>58-godi\u0161nji legendarni splitski glazbenik ne mo\u017ee i ne \u017eeli skrivati koliko u\u017eiva u ovoj fazi svog \u017eivota.<\/p>\n\n\n\n<p>&#8220;Vama moran re\u0107, jer \u0107u puknit od sri\u0107e. Ovi misec san jo\u0161 dva puta posta dida. Jure Ban i Palma Ni\u017eeti\u0107&#8221; &#8211;\u00a0objavio je na svom Twitter profilu, koji je zatrpan \u010destitkama, pi\u0161e\u00a0<a href=\"https:\/\/www.gloria.hr\/gl\/fokus\/price\/marijan-ban-ponosan-i-sretan-vama-moran-rec-jer-cu-puknit-ovi-misec-san-jos-dva-puta-posta-dida-15061901\" target=\"_blank\" rel=\"noreferrer noopener\">Gloria<\/a>.<\/p>\n\n\n\n<blockquote class=\"twitter-tweet\"><p lang=\"und\" dir=\"ltr\">Vama moran re\u0107 jer \u0107u puknit od sri\u0107e: Ovi misec san jo\u0161 dva puta posta dida. Jure Ban i Palma Ni\u017eeti\u0107.<\/p>&mdash; Marijan Ban (@ruzina) <a href=\"https:\/\/twitter.com\/ruzina\/status\/1376591793706442760?ref_src=twsrc%5Etfw\">March 29, 2021<\/a><\/blockquote> <script async src=\"https:\/\/platform.twitter.com\/widgets.js\" charset=\"utf-8\"><\/script>\n\n\n\n<p>Frontmen Daleke obale i Diktatora, \u010diji se pjevaju na svakom tulumu i proslavi sportskih uspjeha, djed je prvi put postao u ljeto 2017., kad je dobio unuka \u0160imu Bana.<\/p>\n\n\n\n<p>&#8220;Mo\u017eete me zvat dida (nono, djed, deda&#8230;)&#8221; &#8211;&nbsp;objavio je tada, ne kriju\u0107i ponos.<\/p>\n\n\n\n<p>Sa suprugom Dominom, s kojom se vjen\u010dao na prvi dan prolje\u0107a 1987. godine, Marijan Ban ima troje djece: sina Marka (34), k\u0107eri Anku (31) i Mirtu (28).<\/p>\n\n\n\n<p>Beskrajno talentirani i osebujni glazbenik, osebujno je&nbsp;sa\u017eeo i svoju biografiju na slu\u017ebenoj stranici svoje diskografske ku\u0107e, a ona glasi ovako:<\/p>\n\n\n\n<p>&#8220;Rodjen sam 8. velja\u010de 1963. u Splitu.<\/p>\n\n\n\n<p>Prvih deset godina sam \u017eivio u Ka\u0161tel Gomilici, u Naselju, Hotel br.1, Jugovinilska 7. Ljetne i zimske praznike sam naj\u010de\u0161\u0107e provodio u Slavoniji kod dida Marka i bake Ivke Kesi\u0107, na sala\u0161u blizu Alaginaca, 3 km sjeverno od Po\u017eege.<\/p>\n\n\n\n<p>U Split se selim 1973., u peti razred O\u0160 Marjan (ex. Djermano Senjanovi\u0107). \u017divio sam u Gajevoj 18 i vrijeme provodio po Marjanu i u lu\u010dici Split, gdje sam 1975. po\u010deo jedriti kao flokista u Kadeta, pa u Optimista, pa kormilar u Kadeta.<\/p>\n\n\n\n<p>U ljetu sa sedmog na osmi razred sam izrastao 20 cm, pa sam uskoro, sa samo 14 godina, pre\u0161ao u najte\u017eu klasu Finn.<\/p>\n\n\n\n<p>Godine 1978.&nbsp;bio sam juniorski prvak Hrvatske i reprezentativac one \u201cdr\u017eave\u201d. Igrao sam ko\u0161arku u kadetima Dalvina i baseball u Nade, ali bi se uvijek vra\u0107ao jedrenju.<\/p>\n\n\n\n<p>Zavr\u0161io sam Srednju tehni\u010dku \u0161kolu \u2013 preciznu mehaniku i tri godine studirao strojarstvo.<\/p>\n\n\n\n<p>Ve\u0107ina mojih prijatelja jedri, a naj\u010de\u0161\u0107e smo se okupljali u Mornara. D\u017eeparac sam zaradjivao vade\u0107i prstace, \u010diste\u0107i tapete, nose\u0107i cement, a od osnutka ACI-ja kao skiper.<\/p>\n\n\n\n<p>Naj\u010de\u0161\u0107e sam prebacivao jedrilice do (od) Rovinja, Portoro\u017ea i Dubrovnika. Na taj na\u010din, a i jedreci po regatama krsta\u0161a, upoznao sam \u010ditavu na\u0161u obalu.<\/p>\n\n\n\n<p>Voljeli smo zapivat, pa je ispalo na mene, da sa 20&nbsp;godina nau\u010dim svirati gitaru.<\/p>\n\n\n\n<p>U po\u010detku sam svirao dalmatinske pisme u tri akorda i u dva ritma (valcer i polka). Vremenom su mi po\u010dele dolazit pisme, pa sam sve vi\u0161e vremena provodio uz gitaru sam u svojoj sobici ili zabavljaju\u0107i ekipu sa jedrenja ili iz ulice.&#8221;<\/p>\n\n\n\n<p>Tako je Ban opisao svoje glazbene po\u010detke, a njegov kolega Boris Hrepi\u0107 Hrepa, suosniva\u010d Daleke obale, prisjetio se prvog nastupa benda:<\/p>\n\n\n\n<p>\u201cBilo je to u ljeto 1985., u mjesnoj zajednici pred dvadesetak prijatelja, to\u010dno u podne. Mladi je Ban bio, kao i cijeli bend, \u010dista i neponovljiva energija. Odisao je \u0161armantnom trapavom karizmom, kojoj niste mogli odoljeti.\u201d<\/p>\n\n\n\n<figure class=\"wp-block-embed is-type-video is-provider-youtube wp-block-embed-youtube wp-embed-aspect-16-9 wp-has-aspect-ratio\"><div class=\"wp-block-embed__wrapper\">\n<iframe loading=\"lazy\" title=\"DALEKA OBALA- 14 PALMI\" width=\"640\" height=\"360\" src=\"https:\/\/www.youtube.com\/embed\/2EMmmGkY4zY?feature=oembed\" frameborder=\"0\" allow=\"accelerometer; autoplay; clipboard-write; encrypted-media; gyroscope; picture-in-picture; web-share\" referrerpolicy=\"strict-origin-when-cross-origin\" allowfullscreen><\/iframe>\n<\/div><\/figure>\n\n\n\n<p><strong>PI\u0160E&nbsp;<\/strong>&nbsp;KRUNO PETRINOVI\u0106\/slobodnadalmacija.hr<\/p>\n","protected":false},"excerpt":{"rendered":"<p>Marijan Ban sa suprugom Dominom ima troje djece, a sad u\u017eiva u ulozi trostrukog djeda. Nedavno je, naime, dobio unuka Juru i unu\u010dicu Palmu. 58-godi\u0161nji legendarni splitski glazbenik ne mo\u017ee i ne \u017eeli skrivati koliko u\u017eiva u ovoj fazi svog \u017eivota. &#8220;Vama moran re\u0107, jer \u0107u puknit od sri\u0107e. Ovi misec san jo\u0161 dva puta [&hellip;]<\/p>\n","protected":false},"author":2,"featured_media":8738,"comment_status":"closed","ping_status":"closed","sticky":false,"template":"","format":"standard","meta":{"h5ap_radio_sources":[],"footnotes":""},"categories":[1],"tags":[],"class_list":["post-8737","post","type-post","status-publish","format-standard","has-post-thumbnail","hentry","category-bihiregija"],"yoast_head":"<!-- This site is optimized with the Yoast SEO plugin v27.4 - https:\/\/yoast.com\/product\/yoast-seo-wordpress\/ -->\n<title>Marijan Ban: Ovi misec san jo\u0161 dva puta posta dida - RADIO LJUBU\u0160KI<\/title>\n<meta name=\"robots\" content=\"index, follow, max-snippet:-1, max-image-preview:large, max-video-preview:-1\" \/>\n<link rel=\"canonical\" href=\"https:\/\/radioljubuski.ba\/index.php\/2021\/04\/01\/marijan-ban-ovi-misec-san-jos-dva-puta-posta-dida\/\" \/>\n<meta property=\"og:locale\" content=\"hr_HR\" \/>\n<meta property=\"og:type\" content=\"article\" \/>\n<meta property=\"og:title\" content=\"Marijan Ban: Ovi misec san jo\u0161 dva puta posta dida - RADIO LJUBU\u0160KI\" \/>\n<meta property=\"og:description\" content=\"Marijan Ban sa suprugom Dominom ima troje djece, a sad u\u017eiva u ulozi trostrukog djeda. Nedavno je, naime, dobio unuka Juru i unu\u010dicu Palmu. 58-godi\u0161nji legendarni splitski glazbenik ne mo\u017ee i ne \u017eeli skrivati koliko u\u017eiva u ovoj fazi svog \u017eivota. &#8220;Vama moran re\u0107, jer \u0107u puknit od sri\u0107e. Ovi misec san jo\u0161 dva puta [&hellip;]\" \/>\n<meta property=\"og:url\" content=\"https:\/\/radioljubuski.ba\/index.php\/2021\/04\/01\/marijan-ban-ovi-misec-san-jos-dva-puta-posta-dida\/\" \/>\n<meta property=\"og:site_name\" content=\"RADIO LJUBU\u0160KI\" \/>\n<meta property=\"article:publisher\" content=\"https:\/\/www.facebook.com\/Radiio-Ljubuski-1490835324566332\" \/>\n<meta property=\"article:published_time\" content=\"2021-04-01T20:40:39+00:00\" \/>\n<meta property=\"article:modified_time\" content=\"2021-04-01T20:40:41+00:00\" \/>\n<meta property=\"og:image\" content=\"https:\/\/radioljubuski.ba\/wp-content\/uploads\/2021\/04\/5-1.png\" \/>\n\t<meta property=\"og:image:width\" content=\"900\" \/>\n\t<meta property=\"og:image:height\" content=\"600\" \/>\n\t<meta property=\"og:image:type\" content=\"image\/png\" \/>\n<meta name=\"author\" content=\"Radio Ljubu\u0161ki\" \/>\n<meta name=\"twitter:card\" content=\"summary_large_image\" \/>\n<meta name=\"twitter:creator\" content=\"@radioljubuski\" \/>\n<meta name=\"twitter:site\" content=\"@radioljubuski\" \/>\n<meta name=\"twitter:label1\" content=\"Napisao\/la\" \/>\n\t<meta name=\"twitter:data1\" content=\"Radio Ljubu\u0161ki\" \/>\n\t<meta name=\"twitter:label2\" content=\"Procijenjeno vrijeme \u010ditanja\" \/>\n\t<meta name=\"twitter:data2\" content=\"3 minute\" \/>\n<script type=\"application\/ld+json\" class=\"yoast-schema-graph\">{\"@context\":\"https:\\\/\\\/schema.org\",\"@graph\":[{\"@type\":\"Article\",\"@id\":\"https:\\\/\\\/radioljubuski.ba\\\/index.php\\\/2021\\\/04\\\/01\\\/marijan-ban-ovi-misec-san-jos-dva-puta-posta-dida\\\/#article\",\"isPartOf\":{\"@id\":\"https:\\\/\\\/radioljubuski.ba\\\/index.php\\\/2021\\\/04\\\/01\\\/marijan-ban-ovi-misec-san-jos-dva-puta-posta-dida\\\/\"},\"author\":{\"name\":\"Radio Ljubu\u0161ki\",\"@id\":\"https:\\\/\\\/radioljubuski.ba\\\/#\\\/schema\\\/person\\\/19fc700381a780f69665d7956c469e3b\"},\"headline\":\"Marijan Ban: Ovi misec san jo\u0161 dva puta posta dida\",\"datePublished\":\"2021-04-01T20:40:39+00:00\",\"dateModified\":\"2021-04-01T20:40:41+00:00\",\"mainEntityOfPage\":{\"@id\":\"https:\\\/\\\/radioljubuski.ba\\\/index.php\\\/2021\\\/04\\\/01\\\/marijan-ban-ovi-misec-san-jos-dva-puta-posta-dida\\\/\"},\"wordCount\":573,\"publisher\":{\"@id\":\"https:\\\/\\\/radioljubuski.ba\\\/#organization\"},\"image\":{\"@id\":\"https:\\\/\\\/radioljubuski.ba\\\/index.php\\\/2021\\\/04\\\/01\\\/marijan-ban-ovi-misec-san-jos-dva-puta-posta-dida\\\/#primaryimage\"},\"thumbnailUrl\":\"https:\\\/\\\/radioljubuski.ba\\\/wp-content\\\/uploads\\\/2021\\\/04\\\/5-1.png\",\"articleSection\":[\"BIH i regija\"],\"inLanguage\":\"hr\"},{\"@type\":\"WebPage\",\"@id\":\"https:\\\/\\\/radioljubuski.ba\\\/index.php\\\/2021\\\/04\\\/01\\\/marijan-ban-ovi-misec-san-jos-dva-puta-posta-dida\\\/\",\"url\":\"https:\\\/\\\/radioljubuski.ba\\\/index.php\\\/2021\\\/04\\\/01\\\/marijan-ban-ovi-misec-san-jos-dva-puta-posta-dida\\\/\",\"name\":\"Marijan Ban: Ovi misec san jo\u0161 dva puta posta dida - RADIO LJUBU\u0160KI\",\"isPartOf\":{\"@id\":\"https:\\\/\\\/radioljubuski.ba\\\/#website\"},\"primaryImageOfPage\":{\"@id\":\"https:\\\/\\\/radioljubuski.ba\\\/index.php\\\/2021\\\/04\\\/01\\\/marijan-ban-ovi-misec-san-jos-dva-puta-posta-dida\\\/#primaryimage\"},\"image\":{\"@id\":\"https:\\\/\\\/radioljubuski.ba\\\/index.php\\\/2021\\\/04\\\/01\\\/marijan-ban-ovi-misec-san-jos-dva-puta-posta-dida\\\/#primaryimage\"},\"thumbnailUrl\":\"https:\\\/\\\/radioljubuski.ba\\\/wp-content\\\/uploads\\\/2021\\\/04\\\/5-1.png\",\"datePublished\":\"2021-04-01T20:40:39+00:00\",\"dateModified\":\"2021-04-01T20:40:41+00:00\",\"breadcrumb\":{\"@id\":\"https:\\\/\\\/radioljubuski.ba\\\/index.php\\\/2021\\\/04\\\/01\\\/marijan-ban-ovi-misec-san-jos-dva-puta-posta-dida\\\/#breadcrumb\"},\"inLanguage\":\"hr\",\"potentialAction\":[{\"@type\":\"ReadAction\",\"target\":[\"https:\\\/\\\/radioljubuski.ba\\\/index.php\\\/2021\\\/04\\\/01\\\/marijan-ban-ovi-misec-san-jos-dva-puta-posta-dida\\\/\"]}]},{\"@type\":\"ImageObject\",\"inLanguage\":\"hr\",\"@id\":\"https:\\\/\\\/radioljubuski.ba\\\/index.php\\\/2021\\\/04\\\/01\\\/marijan-ban-ovi-misec-san-jos-dva-puta-posta-dida\\\/#primaryimage\",\"url\":\"https:\\\/\\\/radioljubuski.ba\\\/wp-content\\\/uploads\\\/2021\\\/04\\\/5-1.png\",\"contentUrl\":\"https:\\\/\\\/radioljubuski.ba\\\/wp-content\\\/uploads\\\/2021\\\/04\\\/5-1.png\",\"width\":900,\"height\":600},{\"@type\":\"BreadcrumbList\",\"@id\":\"https:\\\/\\\/radioljubuski.ba\\\/index.php\\\/2021\\\/04\\\/01\\\/marijan-ban-ovi-misec-san-jos-dva-puta-posta-dida\\\/#breadcrumb\",\"itemListElement\":[{\"@type\":\"ListItem\",\"position\":1,\"name\":\"Po\u010detna stranica\",\"item\":\"https:\\\/\\\/radioljubuski.ba\\\/\"},{\"@type\":\"ListItem\",\"position\":2,\"name\":\"Marijan Ban: Ovi misec san jo\u0161 dva puta posta dida\"}]},{\"@type\":\"WebSite\",\"@id\":\"https:\\\/\\\/radioljubuski.ba\\\/#website\",\"url\":\"https:\\\/\\\/radioljubuski.ba\\\/\",\"name\":\"Radio Ljubu\u0161ki\",\"description\":\"Sun\u010dana frekvencija Hercegovine\",\"publisher\":{\"@id\":\"https:\\\/\\\/radioljubuski.ba\\\/#organization\"},\"potentialAction\":[{\"@type\":\"SearchAction\",\"target\":{\"@type\":\"EntryPoint\",\"urlTemplate\":\"https:\\\/\\\/radioljubuski.ba\\\/?s={search_term_string}\"},\"query-input\":{\"@type\":\"PropertyValueSpecification\",\"valueRequired\":true,\"valueName\":\"search_term_string\"}}],\"inLanguage\":\"hr\"},{\"@type\":\"Organization\",\"@id\":\"https:\\\/\\\/radioljubuski.ba\\\/#organization\",\"name\":\"Radio Ljubu\u0161ki\",\"url\":\"https:\\\/\\\/radioljubuski.ba\\\/\",\"logo\":{\"@type\":\"ImageObject\",\"inLanguage\":\"hr\",\"@id\":\"https:\\\/\\\/radioljubuski.ba\\\/#\\\/schema\\\/logo\\\/image\\\/\",\"url\":\"https:\\\/\\\/radioljubuski.ba\\\/wp-content\\\/uploads\\\/2021\\\/02\\\/cropped-Radio_Ljubuski_logo1.jpg\",\"contentUrl\":\"https:\\\/\\\/radioljubuski.ba\\\/wp-content\\\/uploads\\\/2021\\\/02\\\/cropped-Radio_Ljubuski_logo1.jpg\",\"width\":512,\"height\":512,\"caption\":\"Radio Ljubu\u0161ki\"},\"image\":{\"@id\":\"https:\\\/\\\/radioljubuski.ba\\\/#\\\/schema\\\/logo\\\/image\\\/\"},\"sameAs\":[\"https:\\\/\\\/www.facebook.com\\\/Radiio-Ljubuski-1490835324566332\",\"https:\\\/\\\/x.com\\\/radioljubuski\",\"https:\\\/\\\/hr.linkedin.com\\\/company\\\/radio-ljubuski\",\"https:\\\/\\\/www.youtube.com\\\/channel\\\/UCHYaeO_n0Db3tjNGudGpXyw\"]},{\"@type\":\"Person\",\"@id\":\"https:\\\/\\\/radioljubuski.ba\\\/#\\\/schema\\\/person\\\/19fc700381a780f69665d7956c469e3b\",\"name\":\"Radio Ljubu\u0161ki\"}]}<\/script>\n<!-- \/ Yoast SEO plugin. -->","yoast_head_json":{"title":"Marijan Ban: Ovi misec san jo\u0161 dva puta posta dida - RADIO LJUBU\u0160KI","robots":{"index":"index","follow":"follow","max-snippet":"max-snippet:-1","max-image-preview":"max-image-preview:large","max-video-preview":"max-video-preview:-1"},"canonical":"https:\/\/radioljubuski.ba\/index.php\/2021\/04\/01\/marijan-ban-ovi-misec-san-jos-dva-puta-posta-dida\/","og_locale":"hr_HR","og_type":"article","og_title":"Marijan Ban: Ovi misec san jo\u0161 dva puta posta dida - RADIO LJUBU\u0160KI","og_description":"Marijan Ban sa suprugom Dominom ima troje djece, a sad u\u017eiva u ulozi trostrukog djeda. Nedavno je, naime, dobio unuka Juru i unu\u010dicu Palmu. 58-godi\u0161nji legendarni splitski glazbenik ne mo\u017ee i ne \u017eeli skrivati koliko u\u017eiva u ovoj fazi svog \u017eivota. &#8220;Vama moran re\u0107, jer \u0107u puknit od sri\u0107e. Ovi misec san jo\u0161 dva puta [&hellip;]","og_url":"https:\/\/radioljubuski.ba\/index.php\/2021\/04\/01\/marijan-ban-ovi-misec-san-jos-dva-puta-posta-dida\/","og_site_name":"RADIO LJUBU\u0160KI","article_publisher":"https:\/\/www.facebook.com\/Radiio-Ljubuski-1490835324566332","article_published_time":"2021-04-01T20:40:39+00:00","article_modified_time":"2021-04-01T20:40:41+00:00","og_image":[{"width":900,"height":600,"url":"https:\/\/radioljubuski.ba\/wp-content\/uploads\/2021\/04\/5-1.png","type":"image\/png"}],"author":"Radio Ljubu\u0161ki","twitter_card":"summary_large_image","twitter_creator":"@radioljubuski","twitter_site":"@radioljubuski","twitter_misc":{"Napisao\/la":"Radio Ljubu\u0161ki","Procijenjeno vrijeme \u010ditanja":"3 minute"},"schema":{"@context":"https:\/\/schema.org","@graph":[{"@type":"Article","@id":"https:\/\/radioljubuski.ba\/index.php\/2021\/04\/01\/marijan-ban-ovi-misec-san-jos-dva-puta-posta-dida\/#article","isPartOf":{"@id":"https:\/\/radioljubuski.ba\/index.php\/2021\/04\/01\/marijan-ban-ovi-misec-san-jos-dva-puta-posta-dida\/"},"author":{"name":"Radio Ljubu\u0161ki","@id":"https:\/\/radioljubuski.ba\/#\/schema\/person\/19fc700381a780f69665d7956c469e3b"},"headline":"Marijan Ban: Ovi misec san jo\u0161 dva puta posta dida","datePublished":"2021-04-01T20:40:39+00:00","dateModified":"2021-04-01T20:40:41+00:00","mainEntityOfPage":{"@id":"https:\/\/radioljubuski.ba\/index.php\/2021\/04\/01\/marijan-ban-ovi-misec-san-jos-dva-puta-posta-dida\/"},"wordCount":573,"publisher":{"@id":"https:\/\/radioljubuski.ba\/#organization"},"image":{"@id":"https:\/\/radioljubuski.ba\/index.php\/2021\/04\/01\/marijan-ban-ovi-misec-san-jos-dva-puta-posta-dida\/#primaryimage"},"thumbnailUrl":"https:\/\/radioljubuski.ba\/wp-content\/uploads\/2021\/04\/5-1.png","articleSection":["BIH i regija"],"inLanguage":"hr"},{"@type":"WebPage","@id":"https:\/\/radioljubuski.ba\/index.php\/2021\/04\/01\/marijan-ban-ovi-misec-san-jos-dva-puta-posta-dida\/","url":"https:\/\/radioljubuski.ba\/index.php\/2021\/04\/01\/marijan-ban-ovi-misec-san-jos-dva-puta-posta-dida\/","name":"Marijan Ban: Ovi misec san jo\u0161 dva puta posta dida - RADIO LJUBU\u0160KI","isPartOf":{"@id":"https:\/\/radioljubuski.ba\/#website"},"primaryImageOfPage":{"@id":"https:\/\/radioljubuski.ba\/index.php\/2021\/04\/01\/marijan-ban-ovi-misec-san-jos-dva-puta-posta-dida\/#primaryimage"},"image":{"@id":"https:\/\/radioljubuski.ba\/index.php\/2021\/04\/01\/marijan-ban-ovi-misec-san-jos-dva-puta-posta-dida\/#primaryimage"},"thumbnailUrl":"https:\/\/radioljubuski.ba\/wp-content\/uploads\/2021\/04\/5-1.png","datePublished":"2021-04-01T20:40:39+00:00","dateModified":"2021-04-01T20:40:41+00:00","breadcrumb":{"@id":"https:\/\/radioljubuski.ba\/index.php\/2021\/04\/01\/marijan-ban-ovi-misec-san-jos-dva-puta-posta-dida\/#breadcrumb"},"inLanguage":"hr","potentialAction":[{"@type":"ReadAction","target":["https:\/\/radioljubuski.ba\/index.php\/2021\/04\/01\/marijan-ban-ovi-misec-san-jos-dva-puta-posta-dida\/"]}]},{"@type":"ImageObject","inLanguage":"hr","@id":"https:\/\/radioljubuski.ba\/index.php\/2021\/04\/01\/marijan-ban-ovi-misec-san-jos-dva-puta-posta-dida\/#primaryimage","url":"https:\/\/radioljubuski.ba\/wp-content\/uploads\/2021\/04\/5-1.png","contentUrl":"https:\/\/radioljubuski.ba\/wp-content\/uploads\/2021\/04\/5-1.png","width":900,"height":600},{"@type":"BreadcrumbList","@id":"https:\/\/radioljubuski.ba\/index.php\/2021\/04\/01\/marijan-ban-ovi-misec-san-jos-dva-puta-posta-dida\/#breadcrumb","itemListElement":[{"@type":"ListItem","position":1,"name":"Po\u010detna stranica","item":"https:\/\/radioljubuski.ba\/"},{"@type":"ListItem","position":2,"name":"Marijan Ban: Ovi misec san jo\u0161 dva puta posta dida"}]},{"@type":"WebSite","@id":"https:\/\/radioljubuski.ba\/#website","url":"https:\/\/radioljubuski.ba\/","name":"Radio Ljubu\u0161ki","description":"Sun\u010dana frekvencija Hercegovine","publisher":{"@id":"https:\/\/radioljubuski.ba\/#organization"},"potentialAction":[{"@type":"SearchAction","target":{"@type":"EntryPoint","urlTemplate":"https:\/\/radioljubuski.ba\/?s={search_term_string}"},"query-input":{"@type":"PropertyValueSpecification","valueRequired":true,"valueName":"search_term_string"}}],"inLanguage":"hr"},{"@type":"Organization","@id":"https:\/\/radioljubuski.ba\/#organization","name":"Radio Ljubu\u0161ki","url":"https:\/\/radioljubuski.ba\/","logo":{"@type":"ImageObject","inLanguage":"hr","@id":"https:\/\/radioljubuski.ba\/#\/schema\/logo\/image\/","url":"https:\/\/radioljubuski.ba\/wp-content\/uploads\/2021\/02\/cropped-Radio_Ljubuski_logo1.jpg","contentUrl":"https:\/\/radioljubuski.ba\/wp-content\/uploads\/2021\/02\/cropped-Radio_Ljubuski_logo1.jpg","width":512,"height":512,"caption":"Radio Ljubu\u0161ki"},"image":{"@id":"https:\/\/radioljubuski.ba\/#\/schema\/logo\/image\/"},"sameAs":["https:\/\/www.facebook.com\/Radiio-Ljubuski-1490835324566332","https:\/\/x.com\/radioljubuski","https:\/\/hr.linkedin.com\/company\/radio-ljubuski","https:\/\/www.youtube.com\/channel\/UCHYaeO_n0Db3tjNGudGpXyw"]},{"@type":"Person","@id":"https:\/\/radioljubuski.ba\/#\/schema\/person\/19fc700381a780f69665d7956c469e3b","name":"Radio Ljubu\u0161ki"}]}},"_links":{"self":[{"href":"https:\/\/radioljubuski.ba\/index.php\/wp-json\/wp\/v2\/posts\/8737","targetHints":{"allow":["GET"]}}],"collection":[{"href":"https:\/\/radioljubuski.ba\/index.php\/wp-json\/wp\/v2\/posts"}],"about":[{"href":"https:\/\/radioljubuski.ba\/index.php\/wp-json\/wp\/v2\/types\/post"}],"author":[{"embeddable":true,"href":"https:\/\/radioljubuski.ba\/index.php\/wp-json\/wp\/v2\/users\/2"}],"replies":[{"embeddable":true,"href":"https:\/\/radioljubuski.ba\/index.php\/wp-json\/wp\/v2\/comments?post=8737"}],"version-history":[{"count":1,"href":"https:\/\/radioljubuski.ba\/index.php\/wp-json\/wp\/v2\/posts\/8737\/revisions"}],"predecessor-version":[{"id":8739,"href":"https:\/\/radioljubuski.ba\/index.php\/wp-json\/wp\/v2\/posts\/8737\/revisions\/8739"}],"wp:featuredmedia":[{"embeddable":true,"href":"https:\/\/radioljubuski.ba\/index.php\/wp-json\/wp\/v2\/media\/8738"}],"wp:attachment":[{"href":"https:\/\/radioljubuski.ba\/index.php\/wp-json\/wp\/v2\/media?parent=8737"}],"wp:term":[{"taxonomy":"category","embeddable":true,"href":"https:\/\/radioljubuski.ba\/index.php\/wp-json\/wp\/v2\/categories?post=8737"},{"taxonomy":"post_tag","embeddable":true,"href":"https:\/\/radioljubuski.ba\/index.php\/wp-json\/wp\/v2\/tags?post=8737"}],"curies":[{"name":"wp","href":"https:\/\/api.w.org\/{rel}","templated":true}]}}