{"id":8812,"date":"2021-04-02T07:49:11","date_gmt":"2021-04-02T06:49:11","guid":{"rendered":"https:\/\/radioljubuski.ba\/?p=8812"},"modified":"2021-04-02T07:49:12","modified_gmt":"2021-04-02T06:49:12","slug":"jos-jedna-pobjeda-u-nizu-izvidac-bolji-od-maglaja-photo","status":"publish","type":"post","link":"https:\/\/radioljubuski.ba\/index.php\/2021\/04\/02\/jos-jedna-pobjeda-u-nizu-izvidac-bolji-od-maglaja-photo\/","title":{"rendered":"Jo\u0161 jedna pobjeda u nizu, Izvi\u0111a\u010d bolji od Maglaja \u2013 photo"},"content":{"rendered":"\n<p>Utakmica 22. kola Premijer lige BiH izme\u0111u RK Izvi\u0111a\u010da Central osiguranje i RK Maglaj protekla je u pravoj \u201egolijadi\u201c. Ukupno su postignuta 73 gola. Zna\u010di, rukometa\u0161i jedne i druge mom\u010dadi poga\u0111ali protivni\u010dki gol u prosjeku svaki 49 sekundi.<\/p>\n\n\n\n<p>Gosti su se dobro dr\u017eali prvih dvadesetak minuta susreta. Uglavnom, u tom vremenskom intervalu, jedna i druga mom\u010dad su se izmjenjivali u rezultatskoj prednosti. Me\u0111utim, prednost jednih i drugih nije bila ve\u0107a od jednog pogotka. Od 20. do 26. minute \u201eSkauti\u201c podi\u017eu tempu i serijom 5:1 sti\u017eu do prednosti od \u010detiri pogotka (16:12), koju su uspjeli zadr\u017eati do poluvremena.<\/p>\n\n\n\n<p>U drugo poluvremenu dobra igra Maglaja u prvih desetak minuta kad uspijevaju sti\u0107i na gol zaostatka (23:22, 40.minuta). Me\u0111utim, sljede\u0107ih pet minuta utakmice otklonilo je upitnik tko \u0107e biti pobjednik. Uslijedila je serija \u201eSkauta\u201c od 6:0 za \u201eplus sedam\u201c te njihovo privo\u0111enje utakmice u \u201emirne vode\u201c. Do kraja, jedan i drugi trener pru\u017eili su priliku svim raspolo\u017eivim snagama. Uglavnom svi koji su bili u zapisniku su igrali. Na koncu zavr\u0161ilo je uvjerljivom pobjedom \u201eSkauta\u201c rezultatom 41:32.<\/p>\n\n\n\n<p>Kod Izvi\u0111a\u010da skoro svi rukometa\u0161i su se upisali u listu strijelaca. Najvi\u0161e pogodaka postigli su&nbsp;<strong>Domagoj Alilovi\u0107<\/strong>&nbsp;i&nbsp;<strong>Stjepan Jozinovi\u0107<\/strong>&nbsp;po \u0161est. Po pet pogodaka upisali su&nbsp;<strong>Amir Muhovi\u0107<\/strong>&nbsp;i&nbsp;<strong>Ivan Mili\u010devi\u0107<\/strong>&nbsp;te po \u010detiri&nbsp;<strong>Nikola Primorac<\/strong>&nbsp;i&nbsp;<strong>Milo\u0161 Kos<\/strong>.<\/p>\n\n\n\n<p>Uvjerljivo najefikasniji igra\u010d Maglaja a i susreta bio je&nbsp;<strong>Edo Mehinagi\u0107<\/strong>&nbsp;s dvanaest golova , pet je postigao&nbsp;<strong>Amir Kendi\u0107<\/strong>&nbsp;te po \u010detiri&nbsp;<strong>Tarik Karabeg<\/strong>&nbsp;i&nbsp;<strong>Haso \u0106osi\u0107<\/strong>.<\/p>\n\n\n\n<p>U sljede\u0107em 23. kolu koje je na rasporedu sljede\u0107eg vikenda pred \u201eSkautima\u201c je jo\u0161 te\u017eak i klju\u010dan susret protiv odli\u010dne mom\u010dadi RK Leotara u Trebinju.<\/p>\n\n\n\n<p>Premijer liga BiH, sezona 2020\/2021, 22. kolo.<br>Ljubu\u0161ki, 01.04.2021. u 16:00 sati.<\/p>\n\n\n\n<p><strong>RK Izvi\u0111a\u010d Central osiguranje \u2013 RK Maglaj 41:32 (19:15)<\/strong><\/p>\n\n\n\n<p>Ljubu\u0161ki, Gradska \u0161portska dvorana, bez gledatelja.<br>Suci: Alen Kadi\u0107 (Zavidovi\u0107i) i Mirza Memi\u0107 (Gra\u010danica).<br>Nadzornik: Sr\u0111an Jovi\u0107 (Doboj).<\/p>\n\n\n\n<p><strong>RK Izvi\u0111a\u010d CO<\/strong>: Herceg (6 obrana), Mandi\u0107 (8 obrana), Vuk\u0161i\u0107 2\/2, Alilovi\u0107 6, Kos 4, Odak 1, Jozinovi\u0107 6, Primorac 4, F. Pavlovi\u0107 1, Bo\u0161kovi\u0107 2\/1, Mi\u0161eti\u0107 2, Bubalo 1, Mili\u010devi\u0107 5, \u0160olji\u0107 1, Bebek 2, Muhovi\u0107 5.<br>Trener: Toni \u010colina.<\/p>\n\n\n\n<p><strong>RK Maglaj<\/strong>: Stankovi\u0107 (5 obrana, 2 sedmerca), D\u017eanbegovi\u0107 (4 obrane), Mehinagi\u0107 12\/2, Suljakovi\u0107, Kendi\u0107 5\/2, Rid\u017eal 1, Bajraktari\u0107 2, Karabegovi\u0107 4, Basor, \u010cakrama, \u0106osi\u0107 4, Stojisavljevi\u0107 3.<br>Trener: Emir Bajri\u0107.<\/p>\n\n\n\n<p>Isklju\u010denja: RK Izvi\u0111a\u010d CO 6 minuta, RK Maglaj 4 minuta.<br>Sedmerci: RK Izvi\u0111a\u010d CO 5\/3, RK Maglaj 4\/4.<\/p>\n\n\n\n<p><strong>Izvor: izvidjac.com<\/strong><\/p>\n","protected":false},"excerpt":{"rendered":"<p>Utakmica 22. kola Premijer lige BiH izme\u0111u RK Izvi\u0111a\u010da Central osiguranje i RK Maglaj protekla je u pravoj \u201egolijadi\u201c. Ukupno su postignuta 73 gola. Zna\u010di, rukometa\u0161i jedne i druge mom\u010dadi poga\u0111ali protivni\u010dki gol u prosjeku svaki 49 sekundi. Gosti su se dobro dr\u017eali prvih dvadesetak minuta susreta. Uglavnom, u tom vremenskom intervalu, jedna i druga [&hellip;]<\/p>\n","protected":false},"author":2,"featured_media":8813,"comment_status":"closed","ping_status":"closed","sticky":false,"template":"","format":"standard","meta":{"h5ap_radio_sources":[],"footnotes":""},"categories":[3],"tags":[],"class_list":["post-8812","post","type-post","status-publish","format-standard","has-post-thumbnail","hentry","category-ljubuski"],"yoast_head":"<!-- This site is optimized with the Yoast SEO plugin v27.5 - https:\/\/yoast.com\/product\/yoast-seo-wordpress\/ -->\n<title>Jo\u0161 jedna pobjeda u nizu, Izvi\u0111a\u010d bolji od Maglaja \u2013 photo - RADIO LJUBU\u0160KI<\/title>\n<meta name=\"robots\" content=\"index, follow, max-snippet:-1, max-image-preview:large, max-video-preview:-1\" \/>\n<link rel=\"canonical\" href=\"https:\/\/radioljubuski.ba\/index.php\/2021\/04\/02\/jos-jedna-pobjeda-u-nizu-izvidac-bolji-od-maglaja-photo\/\" \/>\n<meta property=\"og:locale\" content=\"hr_HR\" \/>\n<meta property=\"og:type\" content=\"article\" \/>\n<meta property=\"og:title\" content=\"Jo\u0161 jedna pobjeda u nizu, Izvi\u0111a\u010d bolji od Maglaja \u2013 photo - RADIO LJUBU\u0160KI\" \/>\n<meta property=\"og:description\" content=\"Utakmica 22. kola Premijer lige BiH izme\u0111u RK Izvi\u0111a\u010da Central osiguranje i RK Maglaj protekla je u pravoj \u201egolijadi\u201c. Ukupno su postignuta 73 gola. Zna\u010di, rukometa\u0161i jedne i druge mom\u010dadi poga\u0111ali protivni\u010dki gol u prosjeku svaki 49 sekundi. Gosti su se dobro dr\u017eali prvih dvadesetak minuta susreta. Uglavnom, u tom vremenskom intervalu, jedna i druga [&hellip;]\" \/>\n<meta property=\"og:url\" content=\"https:\/\/radioljubuski.ba\/index.php\/2021\/04\/02\/jos-jedna-pobjeda-u-nizu-izvidac-bolji-od-maglaja-photo\/\" \/>\n<meta property=\"og:site_name\" content=\"RADIO LJUBU\u0160KI\" \/>\n<meta property=\"article:publisher\" content=\"https:\/\/www.facebook.com\/Radiio-Ljubuski-1490835324566332\" \/>\n<meta property=\"article:published_time\" content=\"2021-04-02T06:49:11+00:00\" \/>\n<meta property=\"article:modified_time\" content=\"2021-04-02T06:49:12+00:00\" \/>\n<meta property=\"og:image\" content=\"https:\/\/radioljubuski.ba\/wp-content\/uploads\/2021\/04\/izvidjac-maglaj.jpg\" \/>\n\t<meta property=\"og:image:width\" content=\"1024\" \/>\n\t<meta property=\"og:image:height\" content=\"644\" \/>\n\t<meta property=\"og:image:type\" content=\"image\/jpeg\" \/>\n<meta name=\"author\" content=\"Radio Ljubu\u0161ki\" \/>\n<meta name=\"twitter:card\" content=\"summary_large_image\" \/>\n<meta name=\"twitter:creator\" content=\"@radioljubuski\" \/>\n<meta name=\"twitter:site\" content=\"@radioljubuski\" \/>\n<meta name=\"twitter:label1\" content=\"Napisao\/la\" \/>\n\t<meta name=\"twitter:data1\" content=\"Radio Ljubu\u0161ki\" \/>\n\t<meta name=\"twitter:label2\" content=\"Procijenjeno vrijeme \u010ditanja\" \/>\n\t<meta name=\"twitter:data2\" content=\"2 minute\" \/>\n<script type=\"application\/ld+json\" class=\"yoast-schema-graph\">{\"@context\":\"https:\\\/\\\/schema.org\",\"@graph\":[{\"@type\":\"Article\",\"@id\":\"https:\\\/\\\/radioljubuski.ba\\\/index.php\\\/2021\\\/04\\\/02\\\/jos-jedna-pobjeda-u-nizu-izvidac-bolji-od-maglaja-photo\\\/#article\",\"isPartOf\":{\"@id\":\"https:\\\/\\\/radioljubuski.ba\\\/index.php\\\/2021\\\/04\\\/02\\\/jos-jedna-pobjeda-u-nizu-izvidac-bolji-od-maglaja-photo\\\/\"},\"author\":{\"name\":\"Radio Ljubu\u0161ki\",\"@id\":\"https:\\\/\\\/radioljubuski.ba\\\/#\\\/schema\\\/person\\\/19fc700381a780f69665d7956c469e3b\"},\"headline\":\"Jo\u0161 jedna pobjeda u nizu, Izvi\u0111a\u010d bolji od Maglaja \u2013 photo\",\"datePublished\":\"2021-04-02T06:49:11+00:00\",\"dateModified\":\"2021-04-02T06:49:12+00:00\",\"mainEntityOfPage\":{\"@id\":\"https:\\\/\\\/radioljubuski.ba\\\/index.php\\\/2021\\\/04\\\/02\\\/jos-jedna-pobjeda-u-nizu-izvidac-bolji-od-maglaja-photo\\\/\"},\"wordCount\":426,\"publisher\":{\"@id\":\"https:\\\/\\\/radioljubuski.ba\\\/#organization\"},\"image\":{\"@id\":\"https:\\\/\\\/radioljubuski.ba\\\/index.php\\\/2021\\\/04\\\/02\\\/jos-jedna-pobjeda-u-nizu-izvidac-bolji-od-maglaja-photo\\\/#primaryimage\"},\"thumbnailUrl\":\"https:\\\/\\\/radioljubuski.ba\\\/wp-content\\\/uploads\\\/2021\\\/04\\\/izvidjac-maglaj.jpg\",\"articleSection\":[\"Ljubu\u0161ki\"],\"inLanguage\":\"hr\"},{\"@type\":\"WebPage\",\"@id\":\"https:\\\/\\\/radioljubuski.ba\\\/index.php\\\/2021\\\/04\\\/02\\\/jos-jedna-pobjeda-u-nizu-izvidac-bolji-od-maglaja-photo\\\/\",\"url\":\"https:\\\/\\\/radioljubuski.ba\\\/index.php\\\/2021\\\/04\\\/02\\\/jos-jedna-pobjeda-u-nizu-izvidac-bolji-od-maglaja-photo\\\/\",\"name\":\"Jo\u0161 jedna pobjeda u nizu, Izvi\u0111a\u010d bolji od Maglaja \u2013 photo - RADIO LJUBU\u0160KI\",\"isPartOf\":{\"@id\":\"https:\\\/\\\/radioljubuski.ba\\\/#website\"},\"primaryImageOfPage\":{\"@id\":\"https:\\\/\\\/radioljubuski.ba\\\/index.php\\\/2021\\\/04\\\/02\\\/jos-jedna-pobjeda-u-nizu-izvidac-bolji-od-maglaja-photo\\\/#primaryimage\"},\"image\":{\"@id\":\"https:\\\/\\\/radioljubuski.ba\\\/index.php\\\/2021\\\/04\\\/02\\\/jos-jedna-pobjeda-u-nizu-izvidac-bolji-od-maglaja-photo\\\/#primaryimage\"},\"thumbnailUrl\":\"https:\\\/\\\/radioljubuski.ba\\\/wp-content\\\/uploads\\\/2021\\\/04\\\/izvidjac-maglaj.jpg\",\"datePublished\":\"2021-04-02T06:49:11+00:00\",\"dateModified\":\"2021-04-02T06:49:12+00:00\",\"breadcrumb\":{\"@id\":\"https:\\\/\\\/radioljubuski.ba\\\/index.php\\\/2021\\\/04\\\/02\\\/jos-jedna-pobjeda-u-nizu-izvidac-bolji-od-maglaja-photo\\\/#breadcrumb\"},\"inLanguage\":\"hr\",\"potentialAction\":[{\"@type\":\"ReadAction\",\"target\":[\"https:\\\/\\\/radioljubuski.ba\\\/index.php\\\/2021\\\/04\\\/02\\\/jos-jedna-pobjeda-u-nizu-izvidac-bolji-od-maglaja-photo\\\/\"]}]},{\"@type\":\"ImageObject\",\"inLanguage\":\"hr\",\"@id\":\"https:\\\/\\\/radioljubuski.ba\\\/index.php\\\/2021\\\/04\\\/02\\\/jos-jedna-pobjeda-u-nizu-izvidac-bolji-od-maglaja-photo\\\/#primaryimage\",\"url\":\"https:\\\/\\\/radioljubuski.ba\\\/wp-content\\\/uploads\\\/2021\\\/04\\\/izvidjac-maglaj.jpg\",\"contentUrl\":\"https:\\\/\\\/radioljubuski.ba\\\/wp-content\\\/uploads\\\/2021\\\/04\\\/izvidjac-maglaj.jpg\",\"width\":1024,\"height\":644},{\"@type\":\"BreadcrumbList\",\"@id\":\"https:\\\/\\\/radioljubuski.ba\\\/index.php\\\/2021\\\/04\\\/02\\\/jos-jedna-pobjeda-u-nizu-izvidac-bolji-od-maglaja-photo\\\/#breadcrumb\",\"itemListElement\":[{\"@type\":\"ListItem\",\"position\":1,\"name\":\"Po\u010detna stranica\",\"item\":\"https:\\\/\\\/radioljubuski.ba\\\/\"},{\"@type\":\"ListItem\",\"position\":2,\"name\":\"Jo\u0161 jedna pobjeda u nizu, Izvi\u0111a\u010d bolji od Maglaja \u2013 photo\"}]},{\"@type\":\"WebSite\",\"@id\":\"https:\\\/\\\/radioljubuski.ba\\\/#website\",\"url\":\"https:\\\/\\\/radioljubuski.ba\\\/\",\"name\":\"Radio Ljubu\u0161ki\",\"description\":\"Sun\u010dana frekvencija Hercegovine\",\"publisher\":{\"@id\":\"https:\\\/\\\/radioljubuski.ba\\\/#organization\"},\"potentialAction\":[{\"@type\":\"SearchAction\",\"target\":{\"@type\":\"EntryPoint\",\"urlTemplate\":\"https:\\\/\\\/radioljubuski.ba\\\/?s={search_term_string}\"},\"query-input\":{\"@type\":\"PropertyValueSpecification\",\"valueRequired\":true,\"valueName\":\"search_term_string\"}}],\"inLanguage\":\"hr\"},{\"@type\":\"Organization\",\"@id\":\"https:\\\/\\\/radioljubuski.ba\\\/#organization\",\"name\":\"Radio Ljubu\u0161ki\",\"url\":\"https:\\\/\\\/radioljubuski.ba\\\/\",\"logo\":{\"@type\":\"ImageObject\",\"inLanguage\":\"hr\",\"@id\":\"https:\\\/\\\/radioljubuski.ba\\\/#\\\/schema\\\/logo\\\/image\\\/\",\"url\":\"https:\\\/\\\/radioljubuski.ba\\\/wp-content\\\/uploads\\\/2021\\\/02\\\/cropped-Radio_Ljubuski_logo1.jpg\",\"contentUrl\":\"https:\\\/\\\/radioljubuski.ba\\\/wp-content\\\/uploads\\\/2021\\\/02\\\/cropped-Radio_Ljubuski_logo1.jpg\",\"width\":512,\"height\":512,\"caption\":\"Radio Ljubu\u0161ki\"},\"image\":{\"@id\":\"https:\\\/\\\/radioljubuski.ba\\\/#\\\/schema\\\/logo\\\/image\\\/\"},\"sameAs\":[\"https:\\\/\\\/www.facebook.com\\\/Radiio-Ljubuski-1490835324566332\",\"https:\\\/\\\/x.com\\\/radioljubuski\",\"https:\\\/\\\/hr.linkedin.com\\\/company\\\/radio-ljubuski\",\"https:\\\/\\\/www.youtube.com\\\/channel\\\/UCHYaeO_n0Db3tjNGudGpXyw\"]},{\"@type\":\"Person\",\"@id\":\"https:\\\/\\\/radioljubuski.ba\\\/#\\\/schema\\\/person\\\/19fc700381a780f69665d7956c469e3b\",\"name\":\"Radio Ljubu\u0161ki\"}]}<\/script>\n<!-- \/ Yoast SEO plugin. -->","yoast_head_json":{"title":"Jo\u0161 jedna pobjeda u nizu, Izvi\u0111a\u010d bolji od Maglaja \u2013 photo - RADIO LJUBU\u0160KI","robots":{"index":"index","follow":"follow","max-snippet":"max-snippet:-1","max-image-preview":"max-image-preview:large","max-video-preview":"max-video-preview:-1"},"canonical":"https:\/\/radioljubuski.ba\/index.php\/2021\/04\/02\/jos-jedna-pobjeda-u-nizu-izvidac-bolji-od-maglaja-photo\/","og_locale":"hr_HR","og_type":"article","og_title":"Jo\u0161 jedna pobjeda u nizu, Izvi\u0111a\u010d bolji od Maglaja \u2013 photo - RADIO LJUBU\u0160KI","og_description":"Utakmica 22. kola Premijer lige BiH izme\u0111u RK Izvi\u0111a\u010da Central osiguranje i RK Maglaj protekla je u pravoj \u201egolijadi\u201c. Ukupno su postignuta 73 gola. Zna\u010di, rukometa\u0161i jedne i druge mom\u010dadi poga\u0111ali protivni\u010dki gol u prosjeku svaki 49 sekundi. Gosti su se dobro dr\u017eali prvih dvadesetak minuta susreta. Uglavnom, u tom vremenskom intervalu, jedna i druga [&hellip;]","og_url":"https:\/\/radioljubuski.ba\/index.php\/2021\/04\/02\/jos-jedna-pobjeda-u-nizu-izvidac-bolji-od-maglaja-photo\/","og_site_name":"RADIO LJUBU\u0160KI","article_publisher":"https:\/\/www.facebook.com\/Radiio-Ljubuski-1490835324566332","article_published_time":"2021-04-02T06:49:11+00:00","article_modified_time":"2021-04-02T06:49:12+00:00","og_image":[{"width":1024,"height":644,"url":"https:\/\/radioljubuski.ba\/wp-content\/uploads\/2021\/04\/izvidjac-maglaj.jpg","type":"image\/jpeg"}],"author":"Radio Ljubu\u0161ki","twitter_card":"summary_large_image","twitter_creator":"@radioljubuski","twitter_site":"@radioljubuski","twitter_misc":{"Napisao\/la":"Radio Ljubu\u0161ki","Procijenjeno vrijeme \u010ditanja":"2 minute"},"schema":{"@context":"https:\/\/schema.org","@graph":[{"@type":"Article","@id":"https:\/\/radioljubuski.ba\/index.php\/2021\/04\/02\/jos-jedna-pobjeda-u-nizu-izvidac-bolji-od-maglaja-photo\/#article","isPartOf":{"@id":"https:\/\/radioljubuski.ba\/index.php\/2021\/04\/02\/jos-jedna-pobjeda-u-nizu-izvidac-bolji-od-maglaja-photo\/"},"author":{"name":"Radio Ljubu\u0161ki","@id":"https:\/\/radioljubuski.ba\/#\/schema\/person\/19fc700381a780f69665d7956c469e3b"},"headline":"Jo\u0161 jedna pobjeda u nizu, Izvi\u0111a\u010d bolji od Maglaja \u2013 photo","datePublished":"2021-04-02T06:49:11+00:00","dateModified":"2021-04-02T06:49:12+00:00","mainEntityOfPage":{"@id":"https:\/\/radioljubuski.ba\/index.php\/2021\/04\/02\/jos-jedna-pobjeda-u-nizu-izvidac-bolji-od-maglaja-photo\/"},"wordCount":426,"publisher":{"@id":"https:\/\/radioljubuski.ba\/#organization"},"image":{"@id":"https:\/\/radioljubuski.ba\/index.php\/2021\/04\/02\/jos-jedna-pobjeda-u-nizu-izvidac-bolji-od-maglaja-photo\/#primaryimage"},"thumbnailUrl":"https:\/\/radioljubuski.ba\/wp-content\/uploads\/2021\/04\/izvidjac-maglaj.jpg","articleSection":["Ljubu\u0161ki"],"inLanguage":"hr"},{"@type":"WebPage","@id":"https:\/\/radioljubuski.ba\/index.php\/2021\/04\/02\/jos-jedna-pobjeda-u-nizu-izvidac-bolji-od-maglaja-photo\/","url":"https:\/\/radioljubuski.ba\/index.php\/2021\/04\/02\/jos-jedna-pobjeda-u-nizu-izvidac-bolji-od-maglaja-photo\/","name":"Jo\u0161 jedna pobjeda u nizu, Izvi\u0111a\u010d bolji od Maglaja \u2013 photo - RADIO LJUBU\u0160KI","isPartOf":{"@id":"https:\/\/radioljubuski.ba\/#website"},"primaryImageOfPage":{"@id":"https:\/\/radioljubuski.ba\/index.php\/2021\/04\/02\/jos-jedna-pobjeda-u-nizu-izvidac-bolji-od-maglaja-photo\/#primaryimage"},"image":{"@id":"https:\/\/radioljubuski.ba\/index.php\/2021\/04\/02\/jos-jedna-pobjeda-u-nizu-izvidac-bolji-od-maglaja-photo\/#primaryimage"},"thumbnailUrl":"https:\/\/radioljubuski.ba\/wp-content\/uploads\/2021\/04\/izvidjac-maglaj.jpg","datePublished":"2021-04-02T06:49:11+00:00","dateModified":"2021-04-02T06:49:12+00:00","breadcrumb":{"@id":"https:\/\/radioljubuski.ba\/index.php\/2021\/04\/02\/jos-jedna-pobjeda-u-nizu-izvidac-bolji-od-maglaja-photo\/#breadcrumb"},"inLanguage":"hr","potentialAction":[{"@type":"ReadAction","target":["https:\/\/radioljubuski.ba\/index.php\/2021\/04\/02\/jos-jedna-pobjeda-u-nizu-izvidac-bolji-od-maglaja-photo\/"]}]},{"@type":"ImageObject","inLanguage":"hr","@id":"https:\/\/radioljubuski.ba\/index.php\/2021\/04\/02\/jos-jedna-pobjeda-u-nizu-izvidac-bolji-od-maglaja-photo\/#primaryimage","url":"https:\/\/radioljubuski.ba\/wp-content\/uploads\/2021\/04\/izvidjac-maglaj.jpg","contentUrl":"https:\/\/radioljubuski.ba\/wp-content\/uploads\/2021\/04\/izvidjac-maglaj.jpg","width":1024,"height":644},{"@type":"BreadcrumbList","@id":"https:\/\/radioljubuski.ba\/index.php\/2021\/04\/02\/jos-jedna-pobjeda-u-nizu-izvidac-bolji-od-maglaja-photo\/#breadcrumb","itemListElement":[{"@type":"ListItem","position":1,"name":"Po\u010detna stranica","item":"https:\/\/radioljubuski.ba\/"},{"@type":"ListItem","position":2,"name":"Jo\u0161 jedna pobjeda u nizu, Izvi\u0111a\u010d bolji od Maglaja \u2013 photo"}]},{"@type":"WebSite","@id":"https:\/\/radioljubuski.ba\/#website","url":"https:\/\/radioljubuski.ba\/","name":"Radio Ljubu\u0161ki","description":"Sun\u010dana frekvencija Hercegovine","publisher":{"@id":"https:\/\/radioljubuski.ba\/#organization"},"potentialAction":[{"@type":"SearchAction","target":{"@type":"EntryPoint","urlTemplate":"https:\/\/radioljubuski.ba\/?s={search_term_string}"},"query-input":{"@type":"PropertyValueSpecification","valueRequired":true,"valueName":"search_term_string"}}],"inLanguage":"hr"},{"@type":"Organization","@id":"https:\/\/radioljubuski.ba\/#organization","name":"Radio Ljubu\u0161ki","url":"https:\/\/radioljubuski.ba\/","logo":{"@type":"ImageObject","inLanguage":"hr","@id":"https:\/\/radioljubuski.ba\/#\/schema\/logo\/image\/","url":"https:\/\/radioljubuski.ba\/wp-content\/uploads\/2021\/02\/cropped-Radio_Ljubuski_logo1.jpg","contentUrl":"https:\/\/radioljubuski.ba\/wp-content\/uploads\/2021\/02\/cropped-Radio_Ljubuski_logo1.jpg","width":512,"height":512,"caption":"Radio Ljubu\u0161ki"},"image":{"@id":"https:\/\/radioljubuski.ba\/#\/schema\/logo\/image\/"},"sameAs":["https:\/\/www.facebook.com\/Radiio-Ljubuski-1490835324566332","https:\/\/x.com\/radioljubuski","https:\/\/hr.linkedin.com\/company\/radio-ljubuski","https:\/\/www.youtube.com\/channel\/UCHYaeO_n0Db3tjNGudGpXyw"]},{"@type":"Person","@id":"https:\/\/radioljubuski.ba\/#\/schema\/person\/19fc700381a780f69665d7956c469e3b","name":"Radio Ljubu\u0161ki"}]}},"_links":{"self":[{"href":"https:\/\/radioljubuski.ba\/index.php\/wp-json\/wp\/v2\/posts\/8812","targetHints":{"allow":["GET"]}}],"collection":[{"href":"https:\/\/radioljubuski.ba\/index.php\/wp-json\/wp\/v2\/posts"}],"about":[{"href":"https:\/\/radioljubuski.ba\/index.php\/wp-json\/wp\/v2\/types\/post"}],"author":[{"embeddable":true,"href":"https:\/\/radioljubuski.ba\/index.php\/wp-json\/wp\/v2\/users\/2"}],"replies":[{"embeddable":true,"href":"https:\/\/radioljubuski.ba\/index.php\/wp-json\/wp\/v2\/comments?post=8812"}],"version-history":[{"count":1,"href":"https:\/\/radioljubuski.ba\/index.php\/wp-json\/wp\/v2\/posts\/8812\/revisions"}],"predecessor-version":[{"id":8814,"href":"https:\/\/radioljubuski.ba\/index.php\/wp-json\/wp\/v2\/posts\/8812\/revisions\/8814"}],"wp:featuredmedia":[{"embeddable":true,"href":"https:\/\/radioljubuski.ba\/index.php\/wp-json\/wp\/v2\/media\/8813"}],"wp:attachment":[{"href":"https:\/\/radioljubuski.ba\/index.php\/wp-json\/wp\/v2\/media?parent=8812"}],"wp:term":[{"taxonomy":"category","embeddable":true,"href":"https:\/\/radioljubuski.ba\/index.php\/wp-json\/wp\/v2\/categories?post=8812"},{"taxonomy":"post_tag","embeddable":true,"href":"https:\/\/radioljubuski.ba\/index.php\/wp-json\/wp\/v2\/tags?post=8812"}],"curies":[{"name":"wp","href":"https:\/\/api.w.org\/{rel}","templated":true}]}}