{"id":8876,"date":"2021-04-02T10:45:12","date_gmt":"2021-04-02T09:45:12","guid":{"rendered":"https:\/\/radioljubuski.ba\/?p=8876"},"modified":"2021-04-02T10:45:13","modified_gmt":"2021-04-02T09:45:13","slug":"malisani-iz-djecjeg-vrtica-ljubuski-u-uskrsnoj-posjeti-gradskoj-upravi","status":"publish","type":"post","link":"https:\/\/radioljubuski.ba\/index.php\/2021\/04\/02\/malisani-iz-djecjeg-vrtica-ljubuski-u-uskrsnoj-posjeti-gradskoj-upravi\/","title":{"rendered":"Mali\u0161ani iz Dje\u010djeg vrti\u0107a Ljubu\u0161ki u uskrsnoj posjeti Gradskoj upravi"},"content":{"rendered":"\n<p><strong><em>\u201cZahvaljuju\u0107i Javnoj ustanovi Dje\u010dji vrti\u0107 Ljubu\u0161ki mo\u017eemo se pohvaliti jo\u0161 jednom manifestacijom koja na\u0161 Ljubu\u0161ki \u010dini posebnim i kojom se isti\u010de i razlikuje od drugih te po kojoj postajemo prepoznatljivi.<\/em><\/strong><\/p>\n\n\n\n<p><em>Ljubu\u0161ki se prvi put spominje 1444. godine pod nazivom Lubussa, pa je iz tog razloga osmi\u0161ljena akcija podijele 1444 \u0161arenih pisanica gra\u0111anima, kojima se na taj na\u010din \u010destitaju uskrsni blagdani\u201d,<\/em>&nbsp;objavljeno je na Facebook stranici Dje\u010djeg vrti\u0107a Ljubu\u0161ki.<\/p>\n\n\n\n<p>Ove godine epidemiolo\u0161ka situacija nije dozvolila odr\u017eavanje akcije podjele gra\u0111anima, pa su posjetili Gradsku upravu i odnijeli im korpu s pisanicama.<br><br>Na glavnom gradskom trgu gdje je dosada\u0161njih godina organizirana akcija do\u010dekala ih je pomo\u0107nica gradona\u010delnika Ankica \u0160aravanja koja je djeci uru\u010dila korpu sa slatki\u0161ima \u2013 poklon od gradona\u010delnika Vedrana Markoti\u0107a.<\/p>\n\n\n\n<p><em>\u201cBudu\u0107i da je sutra Veliki petak slatki\u0161ima \u0107emo se po\u010dastiti nakon blagdana\u201d,<\/em>\u00a0poru\u010dili su iz Dje\u010djeg vrti\u0107a Ljubu\u0161ki.<\/p>\n\n\n\n<p><strong>Izvor: Iks-portal.info<\/strong><\/p>\n","protected":false},"excerpt":{"rendered":"<p>\u201cZahvaljuju\u0107i Javnoj ustanovi Dje\u010dji vrti\u0107 Ljubu\u0161ki mo\u017eemo se pohvaliti jo\u0161 jednom manifestacijom koja na\u0161 Ljubu\u0161ki \u010dini posebnim i kojom se isti\u010de i razlikuje od drugih te po kojoj postajemo prepoznatljivi. Ljubu\u0161ki se prvi put spominje 1444. godine pod nazivom Lubussa, pa je iz tog razloga osmi\u0161ljena akcija podijele 1444 \u0161arenih pisanica gra\u0111anima, kojima se na [&hellip;]<\/p>\n","protected":false},"author":2,"featured_media":8877,"comment_status":"closed","ping_status":"closed","sticky":false,"template":"","format":"standard","meta":{"h5ap_radio_sources":[],"footnotes":""},"categories":[3],"tags":[],"class_list":["post-8876","post","type-post","status-publish","format-standard","has-post-thumbnail","hentry","category-ljubuski"],"yoast_head":"<!-- This site is optimized with the Yoast SEO plugin v27.4 - https:\/\/yoast.com\/product\/yoast-seo-wordpress\/ -->\n<title>Mali\u0161ani iz Dje\u010djeg vrti\u0107a Ljubu\u0161ki u uskrsnoj posjeti Gradskoj upravi - RADIO LJUBU\u0160KI<\/title>\n<meta name=\"robots\" content=\"index, follow, max-snippet:-1, max-image-preview:large, max-video-preview:-1\" \/>\n<link rel=\"canonical\" href=\"https:\/\/radioljubuski.ba\/index.php\/2021\/04\/02\/malisani-iz-djecjeg-vrtica-ljubuski-u-uskrsnoj-posjeti-gradskoj-upravi\/\" \/>\n<meta property=\"og:locale\" content=\"hr_HR\" \/>\n<meta property=\"og:type\" content=\"article\" \/>\n<meta property=\"og:title\" content=\"Mali\u0161ani iz Dje\u010djeg vrti\u0107a Ljubu\u0161ki u uskrsnoj posjeti Gradskoj upravi - RADIO LJUBU\u0160KI\" \/>\n<meta property=\"og:description\" content=\"\u201cZahvaljuju\u0107i Javnoj ustanovi Dje\u010dji vrti\u0107 Ljubu\u0161ki mo\u017eemo se pohvaliti jo\u0161 jednom manifestacijom koja na\u0161 Ljubu\u0161ki \u010dini posebnim i kojom se isti\u010de i razlikuje od drugih te po kojoj postajemo prepoznatljivi. Ljubu\u0161ki se prvi put spominje 1444. godine pod nazivom Lubussa, pa je iz tog razloga osmi\u0161ljena akcija podijele 1444 \u0161arenih pisanica gra\u0111anima, kojima se na [&hellip;]\" \/>\n<meta property=\"og:url\" content=\"https:\/\/radioljubuski.ba\/index.php\/2021\/04\/02\/malisani-iz-djecjeg-vrtica-ljubuski-u-uskrsnoj-posjeti-gradskoj-upravi\/\" \/>\n<meta property=\"og:site_name\" content=\"RADIO LJUBU\u0160KI\" \/>\n<meta property=\"article:publisher\" content=\"https:\/\/www.facebook.com\/Radiio-Ljubuski-1490835324566332\" \/>\n<meta property=\"article:published_time\" content=\"2021-04-02T09:45:12+00:00\" \/>\n<meta property=\"article:modified_time\" content=\"2021-04-02T09:45:13+00:00\" \/>\n<meta property=\"og:image\" content=\"https:\/\/radioljubuski.ba\/wp-content\/uploads\/2021\/04\/posjet-gradska-uprava.jpg\" \/>\n\t<meta property=\"og:image:width\" content=\"1024\" \/>\n\t<meta property=\"og:image:height\" content=\"683\" \/>\n\t<meta property=\"og:image:type\" content=\"image\/jpeg\" \/>\n<meta name=\"author\" content=\"Radio Ljubu\u0161ki\" \/>\n<meta name=\"twitter:card\" content=\"summary_large_image\" \/>\n<meta name=\"twitter:creator\" content=\"@radioljubuski\" \/>\n<meta name=\"twitter:site\" content=\"@radioljubuski\" \/>\n<meta name=\"twitter:label1\" content=\"Napisao\/la\" \/>\n\t<meta name=\"twitter:data1\" content=\"Radio Ljubu\u0161ki\" \/>\n\t<meta name=\"twitter:label2\" content=\"Procijenjeno vrijeme \u010ditanja\" \/>\n\t<meta name=\"twitter:data2\" content=\"1 minuta\" \/>\n<script type=\"application\/ld+json\" class=\"yoast-schema-graph\">{\"@context\":\"https:\\\/\\\/schema.org\",\"@graph\":[{\"@type\":\"Article\",\"@id\":\"https:\\\/\\\/radioljubuski.ba\\\/index.php\\\/2021\\\/04\\\/02\\\/malisani-iz-djecjeg-vrtica-ljubuski-u-uskrsnoj-posjeti-gradskoj-upravi\\\/#article\",\"isPartOf\":{\"@id\":\"https:\\\/\\\/radioljubuski.ba\\\/index.php\\\/2021\\\/04\\\/02\\\/malisani-iz-djecjeg-vrtica-ljubuski-u-uskrsnoj-posjeti-gradskoj-upravi\\\/\"},\"author\":{\"name\":\"Radio Ljubu\u0161ki\",\"@id\":\"https:\\\/\\\/radioljubuski.ba\\\/#\\\/schema\\\/person\\\/19fc700381a780f69665d7956c469e3b\"},\"headline\":\"Mali\u0161ani iz Dje\u010djeg vrti\u0107a Ljubu\u0161ki u uskrsnoj posjeti Gradskoj upravi\",\"datePublished\":\"2021-04-02T09:45:12+00:00\",\"dateModified\":\"2021-04-02T09:45:13+00:00\",\"mainEntityOfPage\":{\"@id\":\"https:\\\/\\\/radioljubuski.ba\\\/index.php\\\/2021\\\/04\\\/02\\\/malisani-iz-djecjeg-vrtica-ljubuski-u-uskrsnoj-posjeti-gradskoj-upravi\\\/\"},\"wordCount\":183,\"publisher\":{\"@id\":\"https:\\\/\\\/radioljubuski.ba\\\/#organization\"},\"image\":{\"@id\":\"https:\\\/\\\/radioljubuski.ba\\\/index.php\\\/2021\\\/04\\\/02\\\/malisani-iz-djecjeg-vrtica-ljubuski-u-uskrsnoj-posjeti-gradskoj-upravi\\\/#primaryimage\"},\"thumbnailUrl\":\"https:\\\/\\\/radioljubuski.ba\\\/wp-content\\\/uploads\\\/2021\\\/04\\\/posjet-gradska-uprava.jpg\",\"articleSection\":[\"Ljubu\u0161ki\"],\"inLanguage\":\"hr\"},{\"@type\":\"WebPage\",\"@id\":\"https:\\\/\\\/radioljubuski.ba\\\/index.php\\\/2021\\\/04\\\/02\\\/malisani-iz-djecjeg-vrtica-ljubuski-u-uskrsnoj-posjeti-gradskoj-upravi\\\/\",\"url\":\"https:\\\/\\\/radioljubuski.ba\\\/index.php\\\/2021\\\/04\\\/02\\\/malisani-iz-djecjeg-vrtica-ljubuski-u-uskrsnoj-posjeti-gradskoj-upravi\\\/\",\"name\":\"Mali\u0161ani iz Dje\u010djeg vrti\u0107a Ljubu\u0161ki u uskrsnoj posjeti Gradskoj upravi - RADIO LJUBU\u0160KI\",\"isPartOf\":{\"@id\":\"https:\\\/\\\/radioljubuski.ba\\\/#website\"},\"primaryImageOfPage\":{\"@id\":\"https:\\\/\\\/radioljubuski.ba\\\/index.php\\\/2021\\\/04\\\/02\\\/malisani-iz-djecjeg-vrtica-ljubuski-u-uskrsnoj-posjeti-gradskoj-upravi\\\/#primaryimage\"},\"image\":{\"@id\":\"https:\\\/\\\/radioljubuski.ba\\\/index.php\\\/2021\\\/04\\\/02\\\/malisani-iz-djecjeg-vrtica-ljubuski-u-uskrsnoj-posjeti-gradskoj-upravi\\\/#primaryimage\"},\"thumbnailUrl\":\"https:\\\/\\\/radioljubuski.ba\\\/wp-content\\\/uploads\\\/2021\\\/04\\\/posjet-gradska-uprava.jpg\",\"datePublished\":\"2021-04-02T09:45:12+00:00\",\"dateModified\":\"2021-04-02T09:45:13+00:00\",\"breadcrumb\":{\"@id\":\"https:\\\/\\\/radioljubuski.ba\\\/index.php\\\/2021\\\/04\\\/02\\\/malisani-iz-djecjeg-vrtica-ljubuski-u-uskrsnoj-posjeti-gradskoj-upravi\\\/#breadcrumb\"},\"inLanguage\":\"hr\",\"potentialAction\":[{\"@type\":\"ReadAction\",\"target\":[\"https:\\\/\\\/radioljubuski.ba\\\/index.php\\\/2021\\\/04\\\/02\\\/malisani-iz-djecjeg-vrtica-ljubuski-u-uskrsnoj-posjeti-gradskoj-upravi\\\/\"]}]},{\"@type\":\"ImageObject\",\"inLanguage\":\"hr\",\"@id\":\"https:\\\/\\\/radioljubuski.ba\\\/index.php\\\/2021\\\/04\\\/02\\\/malisani-iz-djecjeg-vrtica-ljubuski-u-uskrsnoj-posjeti-gradskoj-upravi\\\/#primaryimage\",\"url\":\"https:\\\/\\\/radioljubuski.ba\\\/wp-content\\\/uploads\\\/2021\\\/04\\\/posjet-gradska-uprava.jpg\",\"contentUrl\":\"https:\\\/\\\/radioljubuski.ba\\\/wp-content\\\/uploads\\\/2021\\\/04\\\/posjet-gradska-uprava.jpg\",\"width\":1024,\"height\":683},{\"@type\":\"BreadcrumbList\",\"@id\":\"https:\\\/\\\/radioljubuski.ba\\\/index.php\\\/2021\\\/04\\\/02\\\/malisani-iz-djecjeg-vrtica-ljubuski-u-uskrsnoj-posjeti-gradskoj-upravi\\\/#breadcrumb\",\"itemListElement\":[{\"@type\":\"ListItem\",\"position\":1,\"name\":\"Po\u010detna stranica\",\"item\":\"https:\\\/\\\/radioljubuski.ba\\\/\"},{\"@type\":\"ListItem\",\"position\":2,\"name\":\"Mali\u0161ani iz Dje\u010djeg vrti\u0107a Ljubu\u0161ki u uskrsnoj posjeti Gradskoj upravi\"}]},{\"@type\":\"WebSite\",\"@id\":\"https:\\\/\\\/radioljubuski.ba\\\/#website\",\"url\":\"https:\\\/\\\/radioljubuski.ba\\\/\",\"name\":\"Radio Ljubu\u0161ki\",\"description\":\"Sun\u010dana frekvencija Hercegovine\",\"publisher\":{\"@id\":\"https:\\\/\\\/radioljubuski.ba\\\/#organization\"},\"potentialAction\":[{\"@type\":\"SearchAction\",\"target\":{\"@type\":\"EntryPoint\",\"urlTemplate\":\"https:\\\/\\\/radioljubuski.ba\\\/?s={search_term_string}\"},\"query-input\":{\"@type\":\"PropertyValueSpecification\",\"valueRequired\":true,\"valueName\":\"search_term_string\"}}],\"inLanguage\":\"hr\"},{\"@type\":\"Organization\",\"@id\":\"https:\\\/\\\/radioljubuski.ba\\\/#organization\",\"name\":\"Radio Ljubu\u0161ki\",\"url\":\"https:\\\/\\\/radioljubuski.ba\\\/\",\"logo\":{\"@type\":\"ImageObject\",\"inLanguage\":\"hr\",\"@id\":\"https:\\\/\\\/radioljubuski.ba\\\/#\\\/schema\\\/logo\\\/image\\\/\",\"url\":\"https:\\\/\\\/radioljubuski.ba\\\/wp-content\\\/uploads\\\/2021\\\/02\\\/cropped-Radio_Ljubuski_logo1.jpg\",\"contentUrl\":\"https:\\\/\\\/radioljubuski.ba\\\/wp-content\\\/uploads\\\/2021\\\/02\\\/cropped-Radio_Ljubuski_logo1.jpg\",\"width\":512,\"height\":512,\"caption\":\"Radio Ljubu\u0161ki\"},\"image\":{\"@id\":\"https:\\\/\\\/radioljubuski.ba\\\/#\\\/schema\\\/logo\\\/image\\\/\"},\"sameAs\":[\"https:\\\/\\\/www.facebook.com\\\/Radiio-Ljubuski-1490835324566332\",\"https:\\\/\\\/x.com\\\/radioljubuski\",\"https:\\\/\\\/hr.linkedin.com\\\/company\\\/radio-ljubuski\",\"https:\\\/\\\/www.youtube.com\\\/channel\\\/UCHYaeO_n0Db3tjNGudGpXyw\"]},{\"@type\":\"Person\",\"@id\":\"https:\\\/\\\/radioljubuski.ba\\\/#\\\/schema\\\/person\\\/19fc700381a780f69665d7956c469e3b\",\"name\":\"Radio Ljubu\u0161ki\"}]}<\/script>\n<!-- \/ Yoast SEO plugin. -->","yoast_head_json":{"title":"Mali\u0161ani iz Dje\u010djeg vrti\u0107a Ljubu\u0161ki u uskrsnoj posjeti Gradskoj upravi - RADIO LJUBU\u0160KI","robots":{"index":"index","follow":"follow","max-snippet":"max-snippet:-1","max-image-preview":"max-image-preview:large","max-video-preview":"max-video-preview:-1"},"canonical":"https:\/\/radioljubuski.ba\/index.php\/2021\/04\/02\/malisani-iz-djecjeg-vrtica-ljubuski-u-uskrsnoj-posjeti-gradskoj-upravi\/","og_locale":"hr_HR","og_type":"article","og_title":"Mali\u0161ani iz Dje\u010djeg vrti\u0107a Ljubu\u0161ki u uskrsnoj posjeti Gradskoj upravi - RADIO LJUBU\u0160KI","og_description":"\u201cZahvaljuju\u0107i Javnoj ustanovi Dje\u010dji vrti\u0107 Ljubu\u0161ki mo\u017eemo se pohvaliti jo\u0161 jednom manifestacijom koja na\u0161 Ljubu\u0161ki \u010dini posebnim i kojom se isti\u010de i razlikuje od drugih te po kojoj postajemo prepoznatljivi. Ljubu\u0161ki se prvi put spominje 1444. godine pod nazivom Lubussa, pa je iz tog razloga osmi\u0161ljena akcija podijele 1444 \u0161arenih pisanica gra\u0111anima, kojima se na [&hellip;]","og_url":"https:\/\/radioljubuski.ba\/index.php\/2021\/04\/02\/malisani-iz-djecjeg-vrtica-ljubuski-u-uskrsnoj-posjeti-gradskoj-upravi\/","og_site_name":"RADIO LJUBU\u0160KI","article_publisher":"https:\/\/www.facebook.com\/Radiio-Ljubuski-1490835324566332","article_published_time":"2021-04-02T09:45:12+00:00","article_modified_time":"2021-04-02T09:45:13+00:00","og_image":[{"width":1024,"height":683,"url":"https:\/\/radioljubuski.ba\/wp-content\/uploads\/2021\/04\/posjet-gradska-uprava.jpg","type":"image\/jpeg"}],"author":"Radio Ljubu\u0161ki","twitter_card":"summary_large_image","twitter_creator":"@radioljubuski","twitter_site":"@radioljubuski","twitter_misc":{"Napisao\/la":"Radio Ljubu\u0161ki","Procijenjeno vrijeme \u010ditanja":"1 minuta"},"schema":{"@context":"https:\/\/schema.org","@graph":[{"@type":"Article","@id":"https:\/\/radioljubuski.ba\/index.php\/2021\/04\/02\/malisani-iz-djecjeg-vrtica-ljubuski-u-uskrsnoj-posjeti-gradskoj-upravi\/#article","isPartOf":{"@id":"https:\/\/radioljubuski.ba\/index.php\/2021\/04\/02\/malisani-iz-djecjeg-vrtica-ljubuski-u-uskrsnoj-posjeti-gradskoj-upravi\/"},"author":{"name":"Radio Ljubu\u0161ki","@id":"https:\/\/radioljubuski.ba\/#\/schema\/person\/19fc700381a780f69665d7956c469e3b"},"headline":"Mali\u0161ani iz Dje\u010djeg vrti\u0107a Ljubu\u0161ki u uskrsnoj posjeti Gradskoj upravi","datePublished":"2021-04-02T09:45:12+00:00","dateModified":"2021-04-02T09:45:13+00:00","mainEntityOfPage":{"@id":"https:\/\/radioljubuski.ba\/index.php\/2021\/04\/02\/malisani-iz-djecjeg-vrtica-ljubuski-u-uskrsnoj-posjeti-gradskoj-upravi\/"},"wordCount":183,"publisher":{"@id":"https:\/\/radioljubuski.ba\/#organization"},"image":{"@id":"https:\/\/radioljubuski.ba\/index.php\/2021\/04\/02\/malisani-iz-djecjeg-vrtica-ljubuski-u-uskrsnoj-posjeti-gradskoj-upravi\/#primaryimage"},"thumbnailUrl":"https:\/\/radioljubuski.ba\/wp-content\/uploads\/2021\/04\/posjet-gradska-uprava.jpg","articleSection":["Ljubu\u0161ki"],"inLanguage":"hr"},{"@type":"WebPage","@id":"https:\/\/radioljubuski.ba\/index.php\/2021\/04\/02\/malisani-iz-djecjeg-vrtica-ljubuski-u-uskrsnoj-posjeti-gradskoj-upravi\/","url":"https:\/\/radioljubuski.ba\/index.php\/2021\/04\/02\/malisani-iz-djecjeg-vrtica-ljubuski-u-uskrsnoj-posjeti-gradskoj-upravi\/","name":"Mali\u0161ani iz Dje\u010djeg vrti\u0107a Ljubu\u0161ki u uskrsnoj posjeti Gradskoj upravi - RADIO LJUBU\u0160KI","isPartOf":{"@id":"https:\/\/radioljubuski.ba\/#website"},"primaryImageOfPage":{"@id":"https:\/\/radioljubuski.ba\/index.php\/2021\/04\/02\/malisani-iz-djecjeg-vrtica-ljubuski-u-uskrsnoj-posjeti-gradskoj-upravi\/#primaryimage"},"image":{"@id":"https:\/\/radioljubuski.ba\/index.php\/2021\/04\/02\/malisani-iz-djecjeg-vrtica-ljubuski-u-uskrsnoj-posjeti-gradskoj-upravi\/#primaryimage"},"thumbnailUrl":"https:\/\/radioljubuski.ba\/wp-content\/uploads\/2021\/04\/posjet-gradska-uprava.jpg","datePublished":"2021-04-02T09:45:12+00:00","dateModified":"2021-04-02T09:45:13+00:00","breadcrumb":{"@id":"https:\/\/radioljubuski.ba\/index.php\/2021\/04\/02\/malisani-iz-djecjeg-vrtica-ljubuski-u-uskrsnoj-posjeti-gradskoj-upravi\/#breadcrumb"},"inLanguage":"hr","potentialAction":[{"@type":"ReadAction","target":["https:\/\/radioljubuski.ba\/index.php\/2021\/04\/02\/malisani-iz-djecjeg-vrtica-ljubuski-u-uskrsnoj-posjeti-gradskoj-upravi\/"]}]},{"@type":"ImageObject","inLanguage":"hr","@id":"https:\/\/radioljubuski.ba\/index.php\/2021\/04\/02\/malisani-iz-djecjeg-vrtica-ljubuski-u-uskrsnoj-posjeti-gradskoj-upravi\/#primaryimage","url":"https:\/\/radioljubuski.ba\/wp-content\/uploads\/2021\/04\/posjet-gradska-uprava.jpg","contentUrl":"https:\/\/radioljubuski.ba\/wp-content\/uploads\/2021\/04\/posjet-gradska-uprava.jpg","width":1024,"height":683},{"@type":"BreadcrumbList","@id":"https:\/\/radioljubuski.ba\/index.php\/2021\/04\/02\/malisani-iz-djecjeg-vrtica-ljubuski-u-uskrsnoj-posjeti-gradskoj-upravi\/#breadcrumb","itemListElement":[{"@type":"ListItem","position":1,"name":"Po\u010detna stranica","item":"https:\/\/radioljubuski.ba\/"},{"@type":"ListItem","position":2,"name":"Mali\u0161ani iz Dje\u010djeg vrti\u0107a Ljubu\u0161ki u uskrsnoj posjeti Gradskoj upravi"}]},{"@type":"WebSite","@id":"https:\/\/radioljubuski.ba\/#website","url":"https:\/\/radioljubuski.ba\/","name":"Radio Ljubu\u0161ki","description":"Sun\u010dana frekvencija Hercegovine","publisher":{"@id":"https:\/\/radioljubuski.ba\/#organization"},"potentialAction":[{"@type":"SearchAction","target":{"@type":"EntryPoint","urlTemplate":"https:\/\/radioljubuski.ba\/?s={search_term_string}"},"query-input":{"@type":"PropertyValueSpecification","valueRequired":true,"valueName":"search_term_string"}}],"inLanguage":"hr"},{"@type":"Organization","@id":"https:\/\/radioljubuski.ba\/#organization","name":"Radio Ljubu\u0161ki","url":"https:\/\/radioljubuski.ba\/","logo":{"@type":"ImageObject","inLanguage":"hr","@id":"https:\/\/radioljubuski.ba\/#\/schema\/logo\/image\/","url":"https:\/\/radioljubuski.ba\/wp-content\/uploads\/2021\/02\/cropped-Radio_Ljubuski_logo1.jpg","contentUrl":"https:\/\/radioljubuski.ba\/wp-content\/uploads\/2021\/02\/cropped-Radio_Ljubuski_logo1.jpg","width":512,"height":512,"caption":"Radio Ljubu\u0161ki"},"image":{"@id":"https:\/\/radioljubuski.ba\/#\/schema\/logo\/image\/"},"sameAs":["https:\/\/www.facebook.com\/Radiio-Ljubuski-1490835324566332","https:\/\/x.com\/radioljubuski","https:\/\/hr.linkedin.com\/company\/radio-ljubuski","https:\/\/www.youtube.com\/channel\/UCHYaeO_n0Db3tjNGudGpXyw"]},{"@type":"Person","@id":"https:\/\/radioljubuski.ba\/#\/schema\/person\/19fc700381a780f69665d7956c469e3b","name":"Radio Ljubu\u0161ki"}]}},"_links":{"self":[{"href":"https:\/\/radioljubuski.ba\/index.php\/wp-json\/wp\/v2\/posts\/8876","targetHints":{"allow":["GET"]}}],"collection":[{"href":"https:\/\/radioljubuski.ba\/index.php\/wp-json\/wp\/v2\/posts"}],"about":[{"href":"https:\/\/radioljubuski.ba\/index.php\/wp-json\/wp\/v2\/types\/post"}],"author":[{"embeddable":true,"href":"https:\/\/radioljubuski.ba\/index.php\/wp-json\/wp\/v2\/users\/2"}],"replies":[{"embeddable":true,"href":"https:\/\/radioljubuski.ba\/index.php\/wp-json\/wp\/v2\/comments?post=8876"}],"version-history":[{"count":1,"href":"https:\/\/radioljubuski.ba\/index.php\/wp-json\/wp\/v2\/posts\/8876\/revisions"}],"predecessor-version":[{"id":8878,"href":"https:\/\/radioljubuski.ba\/index.php\/wp-json\/wp\/v2\/posts\/8876\/revisions\/8878"}],"wp:featuredmedia":[{"embeddable":true,"href":"https:\/\/radioljubuski.ba\/index.php\/wp-json\/wp\/v2\/media\/8877"}],"wp:attachment":[{"href":"https:\/\/radioljubuski.ba\/index.php\/wp-json\/wp\/v2\/media?parent=8876"}],"wp:term":[{"taxonomy":"category","embeddable":true,"href":"https:\/\/radioljubuski.ba\/index.php\/wp-json\/wp\/v2\/categories?post=8876"},{"taxonomy":"post_tag","embeddable":true,"href":"https:\/\/radioljubuski.ba\/index.php\/wp-json\/wp\/v2\/tags?post=8876"}],"curies":[{"name":"wp","href":"https:\/\/api.w.org\/{rel}","templated":true}]}}