{"id":8936,"date":"2021-04-02T13:25:37","date_gmt":"2021-04-02T12:25:37","guid":{"rendered":"https:\/\/radioljubuski.ba\/?p=8936"},"modified":"2021-04-02T13:25:38","modified_gmt":"2021-04-02T12:25:38","slug":"u-automobilu-zatekao-vise-od-15-000-pcela","status":"publish","type":"post","link":"https:\/\/radioljubuski.ba\/index.php\/2021\/04\/02\/u-automobilu-zatekao-vise-od-15-000-pcela\/","title":{"rendered":"U automobilu zatekao vi\u0161e od 15.000 p\u010dela"},"content":{"rendered":"\n<p>Meksikanac je pro\u0161le nedjelje u svom automobilu imao vrlo posebne goste. Naime, kada se vratio iz kupovine, otkrio je na zadnjem sjedalu vi\u0161e od 15.000 p\u010dela.<\/p>\n\n\n\n<p>Nesvakida\u0161nji incident dogodio se na parkirali\u0161tu u Las Crucesu u u ameri\u010dkoj saveznoj dr\u017eavi Novi Meksiko. Mu\u0161karac, \u010dije ime nije poznato, rekao je da je bio samo 10 minuta u supermarketu, ali je po\u017ealio \u0161to je ostavio otvoren prozor automobila. Tek kad se vratio u automobil i po\u017eelio se odvesti, otkrio je p\u010delinje dru\u0161tvo na stra\u017enjem sjedalu automobila. Odmah se odmaknuo od automobila i nazvao hitnu slu\u017ebu, pi\u0161e Revija HAK.<\/p>\n\n\n\n<p>\u2013 Nazvao je 911 jer nije znao \u0161to u\u010diniti. Uz to, mu\u0161karac je bio zabrinut jer je to bio prijateljev automobil &nbsp;\u2013 ka\u017ee vatrogasac i p\u010delar Jesse Johnson. Johnson je u to vrijeme bio izvan slu\u017ebe i na obiteljskom ro\u0161tilju. Na poziv je reagirao odmah i krenuo u akciju.<\/p>\n\n\n\n<p>Johnson se odvezao do parkirali\u0161ta te u roku od pola sata uhvatio sve insekte u praznu ko\u0161nicu.<\/p>\n\n\n\n<p>\u2013 Ko\u0161nicu sam tretirao uljem limunske trave. Ona opona\u0161a miris matice, tako da je privukla sve p\u010dele. Johnson je istaknuo i razlog za\u0161to je u automobilu bilo toliko p\u010dela:<\/p>\n\n\n\n<p>\u2013 U prolje\u0107e se \u010desto dogodi da se p\u010delinje zajednice podijele, tako da roj slijedi novu maticu na drugo mjesto.<\/p>\n\n\n\n<p>Nova je kraljica je izabrala automobil kao mjesto za novu ko\u0161nicu, ali je sve dobro zavr\u0161ilo i za ljude i za p\u010dele.<\/p>\n\n\n\n<p>Izvor:revija HAK<\/p>\n","protected":false},"excerpt":{"rendered":"<p>Meksikanac je pro\u0161le nedjelje u svom automobilu imao vrlo posebne goste. Naime, kada se vratio iz kupovine, otkrio je na zadnjem sjedalu vi\u0161e od 15.000 p\u010dela. Nesvakida\u0161nji incident dogodio se na parkirali\u0161tu u Las Crucesu u u ameri\u010dkoj saveznoj dr\u017eavi Novi Meksiko. Mu\u0161karac, \u010dije ime nije poznato, rekao je da je bio samo 10 minuta [&hellip;]<\/p>\n","protected":false},"author":2,"featured_media":8937,"comment_status":"closed","ping_status":"closed","sticky":false,"template":"","format":"standard","meta":{"h5ap_radio_sources":[],"footnotes":""},"categories":[1],"tags":[],"class_list":["post-8936","post","type-post","status-publish","format-standard","has-post-thumbnail","hentry","category-bihiregija"],"yoast_head":"<!-- This site is optimized with the Yoast SEO plugin v27.4 - https:\/\/yoast.com\/product\/yoast-seo-wordpress\/ -->\n<title>U automobilu zatekao vi\u0161e od 15.000 p\u010dela - RADIO LJUBU\u0160KI<\/title>\n<meta name=\"robots\" content=\"index, follow, max-snippet:-1, max-image-preview:large, max-video-preview:-1\" \/>\n<link rel=\"canonical\" href=\"https:\/\/radioljubuski.ba\/index.php\/2021\/04\/02\/u-automobilu-zatekao-vise-od-15-000-pcela\/\" \/>\n<meta property=\"og:locale\" content=\"hr_HR\" \/>\n<meta property=\"og:type\" content=\"article\" \/>\n<meta property=\"og:title\" content=\"U automobilu zatekao vi\u0161e od 15.000 p\u010dela - RADIO LJUBU\u0160KI\" \/>\n<meta property=\"og:description\" content=\"Meksikanac je pro\u0161le nedjelje u svom automobilu imao vrlo posebne goste. Naime, kada se vratio iz kupovine, otkrio je na zadnjem sjedalu vi\u0161e od 15.000 p\u010dela. Nesvakida\u0161nji incident dogodio se na parkirali\u0161tu u Las Crucesu u u ameri\u010dkoj saveznoj dr\u017eavi Novi Meksiko. Mu\u0161karac, \u010dije ime nije poznato, rekao je da je bio samo 10 minuta [&hellip;]\" \/>\n<meta property=\"og:url\" content=\"https:\/\/radioljubuski.ba\/index.php\/2021\/04\/02\/u-automobilu-zatekao-vise-od-15-000-pcela\/\" \/>\n<meta property=\"og:site_name\" content=\"RADIO LJUBU\u0160KI\" \/>\n<meta property=\"article:publisher\" content=\"https:\/\/www.facebook.com\/Radiio-Ljubuski-1490835324566332\" \/>\n<meta property=\"article:published_time\" content=\"2021-04-02T12:25:37+00:00\" \/>\n<meta property=\"article:modified_time\" content=\"2021-04-02T12:25:38+00:00\" \/>\n<meta property=\"og:image\" content=\"https:\/\/radioljubuski.ba\/wp-content\/uploads\/2021\/04\/2-2021-04-02-12-40-58-PCELE-AUTOMOBIL.jpeg\" \/>\n\t<meta property=\"og:image:width\" content=\"1000\" \/>\n\t<meta property=\"og:image:height\" content=\"625\" \/>\n\t<meta property=\"og:image:type\" content=\"image\/jpeg\" \/>\n<meta name=\"author\" content=\"Radio Ljubu\u0161ki\" \/>\n<meta name=\"twitter:card\" content=\"summary_large_image\" \/>\n<meta name=\"twitter:creator\" content=\"@radioljubuski\" \/>\n<meta name=\"twitter:site\" content=\"@radioljubuski\" \/>\n<meta name=\"twitter:label1\" content=\"Napisao\/la\" \/>\n\t<meta name=\"twitter:data1\" content=\"Radio Ljubu\u0161ki\" \/>\n\t<meta name=\"twitter:label2\" content=\"Procijenjeno vrijeme \u010ditanja\" \/>\n\t<meta name=\"twitter:data2\" content=\"2 minute\" \/>\n<script type=\"application\/ld+json\" class=\"yoast-schema-graph\">{\"@context\":\"https:\\\/\\\/schema.org\",\"@graph\":[{\"@type\":\"Article\",\"@id\":\"https:\\\/\\\/radioljubuski.ba\\\/index.php\\\/2021\\\/04\\\/02\\\/u-automobilu-zatekao-vise-od-15-000-pcela\\\/#article\",\"isPartOf\":{\"@id\":\"https:\\\/\\\/radioljubuski.ba\\\/index.php\\\/2021\\\/04\\\/02\\\/u-automobilu-zatekao-vise-od-15-000-pcela\\\/\"},\"author\":{\"name\":\"Radio Ljubu\u0161ki\",\"@id\":\"https:\\\/\\\/radioljubuski.ba\\\/#\\\/schema\\\/person\\\/19fc700381a780f69665d7956c469e3b\"},\"headline\":\"U automobilu zatekao vi\u0161e od 15.000 p\u010dela\",\"datePublished\":\"2021-04-02T12:25:37+00:00\",\"dateModified\":\"2021-04-02T12:25:38+00:00\",\"mainEntityOfPage\":{\"@id\":\"https:\\\/\\\/radioljubuski.ba\\\/index.php\\\/2021\\\/04\\\/02\\\/u-automobilu-zatekao-vise-od-15-000-pcela\\\/\"},\"wordCount\":271,\"publisher\":{\"@id\":\"https:\\\/\\\/radioljubuski.ba\\\/#organization\"},\"image\":{\"@id\":\"https:\\\/\\\/radioljubuski.ba\\\/index.php\\\/2021\\\/04\\\/02\\\/u-automobilu-zatekao-vise-od-15-000-pcela\\\/#primaryimage\"},\"thumbnailUrl\":\"https:\\\/\\\/radioljubuski.ba\\\/wp-content\\\/uploads\\\/2021\\\/04\\\/2-2021-04-02-12-40-58-PCELE-AUTOMOBIL.jpeg\",\"articleSection\":[\"BIH i regija\"],\"inLanguage\":\"hr\"},{\"@type\":\"WebPage\",\"@id\":\"https:\\\/\\\/radioljubuski.ba\\\/index.php\\\/2021\\\/04\\\/02\\\/u-automobilu-zatekao-vise-od-15-000-pcela\\\/\",\"url\":\"https:\\\/\\\/radioljubuski.ba\\\/index.php\\\/2021\\\/04\\\/02\\\/u-automobilu-zatekao-vise-od-15-000-pcela\\\/\",\"name\":\"U automobilu zatekao vi\u0161e od 15.000 p\u010dela - RADIO LJUBU\u0160KI\",\"isPartOf\":{\"@id\":\"https:\\\/\\\/radioljubuski.ba\\\/#website\"},\"primaryImageOfPage\":{\"@id\":\"https:\\\/\\\/radioljubuski.ba\\\/index.php\\\/2021\\\/04\\\/02\\\/u-automobilu-zatekao-vise-od-15-000-pcela\\\/#primaryimage\"},\"image\":{\"@id\":\"https:\\\/\\\/radioljubuski.ba\\\/index.php\\\/2021\\\/04\\\/02\\\/u-automobilu-zatekao-vise-od-15-000-pcela\\\/#primaryimage\"},\"thumbnailUrl\":\"https:\\\/\\\/radioljubuski.ba\\\/wp-content\\\/uploads\\\/2021\\\/04\\\/2-2021-04-02-12-40-58-PCELE-AUTOMOBIL.jpeg\",\"datePublished\":\"2021-04-02T12:25:37+00:00\",\"dateModified\":\"2021-04-02T12:25:38+00:00\",\"breadcrumb\":{\"@id\":\"https:\\\/\\\/radioljubuski.ba\\\/index.php\\\/2021\\\/04\\\/02\\\/u-automobilu-zatekao-vise-od-15-000-pcela\\\/#breadcrumb\"},\"inLanguage\":\"hr\",\"potentialAction\":[{\"@type\":\"ReadAction\",\"target\":[\"https:\\\/\\\/radioljubuski.ba\\\/index.php\\\/2021\\\/04\\\/02\\\/u-automobilu-zatekao-vise-od-15-000-pcela\\\/\"]}]},{\"@type\":\"ImageObject\",\"inLanguage\":\"hr\",\"@id\":\"https:\\\/\\\/radioljubuski.ba\\\/index.php\\\/2021\\\/04\\\/02\\\/u-automobilu-zatekao-vise-od-15-000-pcela\\\/#primaryimage\",\"url\":\"https:\\\/\\\/radioljubuski.ba\\\/wp-content\\\/uploads\\\/2021\\\/04\\\/2-2021-04-02-12-40-58-PCELE-AUTOMOBIL.jpeg\",\"contentUrl\":\"https:\\\/\\\/radioljubuski.ba\\\/wp-content\\\/uploads\\\/2021\\\/04\\\/2-2021-04-02-12-40-58-PCELE-AUTOMOBIL.jpeg\",\"width\":1000,\"height\":625},{\"@type\":\"BreadcrumbList\",\"@id\":\"https:\\\/\\\/radioljubuski.ba\\\/index.php\\\/2021\\\/04\\\/02\\\/u-automobilu-zatekao-vise-od-15-000-pcela\\\/#breadcrumb\",\"itemListElement\":[{\"@type\":\"ListItem\",\"position\":1,\"name\":\"Po\u010detna stranica\",\"item\":\"https:\\\/\\\/radioljubuski.ba\\\/\"},{\"@type\":\"ListItem\",\"position\":2,\"name\":\"U automobilu zatekao vi\u0161e od 15.000 p\u010dela\"}]},{\"@type\":\"WebSite\",\"@id\":\"https:\\\/\\\/radioljubuski.ba\\\/#website\",\"url\":\"https:\\\/\\\/radioljubuski.ba\\\/\",\"name\":\"Radio Ljubu\u0161ki\",\"description\":\"Sun\u010dana frekvencija Hercegovine\",\"publisher\":{\"@id\":\"https:\\\/\\\/radioljubuski.ba\\\/#organization\"},\"potentialAction\":[{\"@type\":\"SearchAction\",\"target\":{\"@type\":\"EntryPoint\",\"urlTemplate\":\"https:\\\/\\\/radioljubuski.ba\\\/?s={search_term_string}\"},\"query-input\":{\"@type\":\"PropertyValueSpecification\",\"valueRequired\":true,\"valueName\":\"search_term_string\"}}],\"inLanguage\":\"hr\"},{\"@type\":\"Organization\",\"@id\":\"https:\\\/\\\/radioljubuski.ba\\\/#organization\",\"name\":\"Radio Ljubu\u0161ki\",\"url\":\"https:\\\/\\\/radioljubuski.ba\\\/\",\"logo\":{\"@type\":\"ImageObject\",\"inLanguage\":\"hr\",\"@id\":\"https:\\\/\\\/radioljubuski.ba\\\/#\\\/schema\\\/logo\\\/image\\\/\",\"url\":\"https:\\\/\\\/radioljubuski.ba\\\/wp-content\\\/uploads\\\/2021\\\/02\\\/cropped-Radio_Ljubuski_logo1.jpg\",\"contentUrl\":\"https:\\\/\\\/radioljubuski.ba\\\/wp-content\\\/uploads\\\/2021\\\/02\\\/cropped-Radio_Ljubuski_logo1.jpg\",\"width\":512,\"height\":512,\"caption\":\"Radio Ljubu\u0161ki\"},\"image\":{\"@id\":\"https:\\\/\\\/radioljubuski.ba\\\/#\\\/schema\\\/logo\\\/image\\\/\"},\"sameAs\":[\"https:\\\/\\\/www.facebook.com\\\/Radiio-Ljubuski-1490835324566332\",\"https:\\\/\\\/x.com\\\/radioljubuski\",\"https:\\\/\\\/hr.linkedin.com\\\/company\\\/radio-ljubuski\",\"https:\\\/\\\/www.youtube.com\\\/channel\\\/UCHYaeO_n0Db3tjNGudGpXyw\"]},{\"@type\":\"Person\",\"@id\":\"https:\\\/\\\/radioljubuski.ba\\\/#\\\/schema\\\/person\\\/19fc700381a780f69665d7956c469e3b\",\"name\":\"Radio Ljubu\u0161ki\"}]}<\/script>\n<!-- \/ Yoast SEO plugin. -->","yoast_head_json":{"title":"U automobilu zatekao vi\u0161e od 15.000 p\u010dela - RADIO LJUBU\u0160KI","robots":{"index":"index","follow":"follow","max-snippet":"max-snippet:-1","max-image-preview":"max-image-preview:large","max-video-preview":"max-video-preview:-1"},"canonical":"https:\/\/radioljubuski.ba\/index.php\/2021\/04\/02\/u-automobilu-zatekao-vise-od-15-000-pcela\/","og_locale":"hr_HR","og_type":"article","og_title":"U automobilu zatekao vi\u0161e od 15.000 p\u010dela - RADIO LJUBU\u0160KI","og_description":"Meksikanac je pro\u0161le nedjelje u svom automobilu imao vrlo posebne goste. Naime, kada se vratio iz kupovine, otkrio je na zadnjem sjedalu vi\u0161e od 15.000 p\u010dela. Nesvakida\u0161nji incident dogodio se na parkirali\u0161tu u Las Crucesu u u ameri\u010dkoj saveznoj dr\u017eavi Novi Meksiko. Mu\u0161karac, \u010dije ime nije poznato, rekao je da je bio samo 10 minuta [&hellip;]","og_url":"https:\/\/radioljubuski.ba\/index.php\/2021\/04\/02\/u-automobilu-zatekao-vise-od-15-000-pcela\/","og_site_name":"RADIO LJUBU\u0160KI","article_publisher":"https:\/\/www.facebook.com\/Radiio-Ljubuski-1490835324566332","article_published_time":"2021-04-02T12:25:37+00:00","article_modified_time":"2021-04-02T12:25:38+00:00","og_image":[{"width":1000,"height":625,"url":"https:\/\/radioljubuski.ba\/wp-content\/uploads\/2021\/04\/2-2021-04-02-12-40-58-PCELE-AUTOMOBIL.jpeg","type":"image\/jpeg"}],"author":"Radio Ljubu\u0161ki","twitter_card":"summary_large_image","twitter_creator":"@radioljubuski","twitter_site":"@radioljubuski","twitter_misc":{"Napisao\/la":"Radio Ljubu\u0161ki","Procijenjeno vrijeme \u010ditanja":"2 minute"},"schema":{"@context":"https:\/\/schema.org","@graph":[{"@type":"Article","@id":"https:\/\/radioljubuski.ba\/index.php\/2021\/04\/02\/u-automobilu-zatekao-vise-od-15-000-pcela\/#article","isPartOf":{"@id":"https:\/\/radioljubuski.ba\/index.php\/2021\/04\/02\/u-automobilu-zatekao-vise-od-15-000-pcela\/"},"author":{"name":"Radio Ljubu\u0161ki","@id":"https:\/\/radioljubuski.ba\/#\/schema\/person\/19fc700381a780f69665d7956c469e3b"},"headline":"U automobilu zatekao vi\u0161e od 15.000 p\u010dela","datePublished":"2021-04-02T12:25:37+00:00","dateModified":"2021-04-02T12:25:38+00:00","mainEntityOfPage":{"@id":"https:\/\/radioljubuski.ba\/index.php\/2021\/04\/02\/u-automobilu-zatekao-vise-od-15-000-pcela\/"},"wordCount":271,"publisher":{"@id":"https:\/\/radioljubuski.ba\/#organization"},"image":{"@id":"https:\/\/radioljubuski.ba\/index.php\/2021\/04\/02\/u-automobilu-zatekao-vise-od-15-000-pcela\/#primaryimage"},"thumbnailUrl":"https:\/\/radioljubuski.ba\/wp-content\/uploads\/2021\/04\/2-2021-04-02-12-40-58-PCELE-AUTOMOBIL.jpeg","articleSection":["BIH i regija"],"inLanguage":"hr"},{"@type":"WebPage","@id":"https:\/\/radioljubuski.ba\/index.php\/2021\/04\/02\/u-automobilu-zatekao-vise-od-15-000-pcela\/","url":"https:\/\/radioljubuski.ba\/index.php\/2021\/04\/02\/u-automobilu-zatekao-vise-od-15-000-pcela\/","name":"U automobilu zatekao vi\u0161e od 15.000 p\u010dela - RADIO LJUBU\u0160KI","isPartOf":{"@id":"https:\/\/radioljubuski.ba\/#website"},"primaryImageOfPage":{"@id":"https:\/\/radioljubuski.ba\/index.php\/2021\/04\/02\/u-automobilu-zatekao-vise-od-15-000-pcela\/#primaryimage"},"image":{"@id":"https:\/\/radioljubuski.ba\/index.php\/2021\/04\/02\/u-automobilu-zatekao-vise-od-15-000-pcela\/#primaryimage"},"thumbnailUrl":"https:\/\/radioljubuski.ba\/wp-content\/uploads\/2021\/04\/2-2021-04-02-12-40-58-PCELE-AUTOMOBIL.jpeg","datePublished":"2021-04-02T12:25:37+00:00","dateModified":"2021-04-02T12:25:38+00:00","breadcrumb":{"@id":"https:\/\/radioljubuski.ba\/index.php\/2021\/04\/02\/u-automobilu-zatekao-vise-od-15-000-pcela\/#breadcrumb"},"inLanguage":"hr","potentialAction":[{"@type":"ReadAction","target":["https:\/\/radioljubuski.ba\/index.php\/2021\/04\/02\/u-automobilu-zatekao-vise-od-15-000-pcela\/"]}]},{"@type":"ImageObject","inLanguage":"hr","@id":"https:\/\/radioljubuski.ba\/index.php\/2021\/04\/02\/u-automobilu-zatekao-vise-od-15-000-pcela\/#primaryimage","url":"https:\/\/radioljubuski.ba\/wp-content\/uploads\/2021\/04\/2-2021-04-02-12-40-58-PCELE-AUTOMOBIL.jpeg","contentUrl":"https:\/\/radioljubuski.ba\/wp-content\/uploads\/2021\/04\/2-2021-04-02-12-40-58-PCELE-AUTOMOBIL.jpeg","width":1000,"height":625},{"@type":"BreadcrumbList","@id":"https:\/\/radioljubuski.ba\/index.php\/2021\/04\/02\/u-automobilu-zatekao-vise-od-15-000-pcela\/#breadcrumb","itemListElement":[{"@type":"ListItem","position":1,"name":"Po\u010detna stranica","item":"https:\/\/radioljubuski.ba\/"},{"@type":"ListItem","position":2,"name":"U automobilu zatekao vi\u0161e od 15.000 p\u010dela"}]},{"@type":"WebSite","@id":"https:\/\/radioljubuski.ba\/#website","url":"https:\/\/radioljubuski.ba\/","name":"Radio Ljubu\u0161ki","description":"Sun\u010dana frekvencija Hercegovine","publisher":{"@id":"https:\/\/radioljubuski.ba\/#organization"},"potentialAction":[{"@type":"SearchAction","target":{"@type":"EntryPoint","urlTemplate":"https:\/\/radioljubuski.ba\/?s={search_term_string}"},"query-input":{"@type":"PropertyValueSpecification","valueRequired":true,"valueName":"search_term_string"}}],"inLanguage":"hr"},{"@type":"Organization","@id":"https:\/\/radioljubuski.ba\/#organization","name":"Radio Ljubu\u0161ki","url":"https:\/\/radioljubuski.ba\/","logo":{"@type":"ImageObject","inLanguage":"hr","@id":"https:\/\/radioljubuski.ba\/#\/schema\/logo\/image\/","url":"https:\/\/radioljubuski.ba\/wp-content\/uploads\/2021\/02\/cropped-Radio_Ljubuski_logo1.jpg","contentUrl":"https:\/\/radioljubuski.ba\/wp-content\/uploads\/2021\/02\/cropped-Radio_Ljubuski_logo1.jpg","width":512,"height":512,"caption":"Radio Ljubu\u0161ki"},"image":{"@id":"https:\/\/radioljubuski.ba\/#\/schema\/logo\/image\/"},"sameAs":["https:\/\/www.facebook.com\/Radiio-Ljubuski-1490835324566332","https:\/\/x.com\/radioljubuski","https:\/\/hr.linkedin.com\/company\/radio-ljubuski","https:\/\/www.youtube.com\/channel\/UCHYaeO_n0Db3tjNGudGpXyw"]},{"@type":"Person","@id":"https:\/\/radioljubuski.ba\/#\/schema\/person\/19fc700381a780f69665d7956c469e3b","name":"Radio Ljubu\u0161ki"}]}},"_links":{"self":[{"href":"https:\/\/radioljubuski.ba\/index.php\/wp-json\/wp\/v2\/posts\/8936","targetHints":{"allow":["GET"]}}],"collection":[{"href":"https:\/\/radioljubuski.ba\/index.php\/wp-json\/wp\/v2\/posts"}],"about":[{"href":"https:\/\/radioljubuski.ba\/index.php\/wp-json\/wp\/v2\/types\/post"}],"author":[{"embeddable":true,"href":"https:\/\/radioljubuski.ba\/index.php\/wp-json\/wp\/v2\/users\/2"}],"replies":[{"embeddable":true,"href":"https:\/\/radioljubuski.ba\/index.php\/wp-json\/wp\/v2\/comments?post=8936"}],"version-history":[{"count":1,"href":"https:\/\/radioljubuski.ba\/index.php\/wp-json\/wp\/v2\/posts\/8936\/revisions"}],"predecessor-version":[{"id":8938,"href":"https:\/\/radioljubuski.ba\/index.php\/wp-json\/wp\/v2\/posts\/8936\/revisions\/8938"}],"wp:featuredmedia":[{"embeddable":true,"href":"https:\/\/radioljubuski.ba\/index.php\/wp-json\/wp\/v2\/media\/8937"}],"wp:attachment":[{"href":"https:\/\/radioljubuski.ba\/index.php\/wp-json\/wp\/v2\/media?parent=8936"}],"wp:term":[{"taxonomy":"category","embeddable":true,"href":"https:\/\/radioljubuski.ba\/index.php\/wp-json\/wp\/v2\/categories?post=8936"},{"taxonomy":"post_tag","embeddable":true,"href":"https:\/\/radioljubuski.ba\/index.php\/wp-json\/wp\/v2\/tags?post=8936"}],"curies":[{"name":"wp","href":"https:\/\/api.w.org\/{rel}","templated":true}]}}