{"id":9078,"date":"2021-04-03T00:03:44","date_gmt":"2021-04-02T23:03:44","guid":{"rendered":"https:\/\/radioljubuski.ba\/?p=9078"},"modified":"2021-04-03T00:03:45","modified_gmt":"2021-04-02T23:03:45","slug":"udruga-poslodavaca-f-bih-necemo-provoditi-odluku-federalne-vlade-o-ogranicenju-marzi-jer-je-nezakonita-i-neustavna","status":"publish","type":"post","link":"https:\/\/radioljubuski.ba\/index.php\/2021\/04\/03\/udruga-poslodavaca-f-bih-necemo-provoditi-odluku-federalne-vlade-o-ogranicenju-marzi-jer-je-nezakonita-i-neustavna\/","title":{"rendered":"Udruga poslodavaca F BiH: Ne\u0107emo provoditi odluku Federalne vlade o ograni\u010denju mar\u017ei jer je nezakonita i neustavna"},"content":{"rendered":"\n<p><strong>Trgovci, veletrgovci i proizvo\u0111a\u010di u Federaciji BiH ne\u0107e sprovoditi odluku federalne Vlade o ograni\u010denju mar\u017ei jer je smatraju neustavnom, nezakonitom i nesprovodivom sa nesagledivim \u0161tetnim posljedicama, priop\u0107eno je iz Udruge poslodavaca FBiH.<\/strong><\/p>\n\n\n\n<p>Poslodavci tra\u017ee hitno povla\u010denje ove odluke i upozoravaju na pogubne posljedice do kojih bi njena provedba dovela, ne samo u oblasti trgovine, nego i distribucije, ali i proizvodnje, naro\u010dito kod doma\u0107ih proizvo\u0111a\u010da hrane.<\/p>\n\n\n\n<p><strong>Odluka ne\u0107e biti provedena<\/strong><\/p>\n\n\n\n<p>Na sastanku kojeg je organizirala ova udruga, a kojem su nazo\u010dili predstavnici trgovaca, veletrgovaca i proizvo\u0111a\u010da jednoglasno je zaklju\u010deno da se odluka Vlade FBiH ne\u0107e provoditi i da \u0107e biti pokrenuti sudski postupci s ciljem njenog poni\u0161tavanja, ali i protiv osoba u federalnoj Vladi, odgovornih za njeno dono\u0161enje.<\/p>\n\n\n\n<p>Donesena odluka ne\u0107e biti provedena u znak po\u0161tovanja prema kupcima jer bi njena provedba nesumnjivo dovela do nesta\u0161ice znatnog broja artikala u trgova\u010dkim radnjama, ga\u0161enja znatnog broja radnih mjesta, zatvaranja trgova\u010dkih radnji, a imalo bi negativan utjecaj i na BDP te zna\u010dajan pad priliva sredstava po osnovu uplate PDV-a, stoji u priop\u0107enju Udruge poslodavaca fBiH<\/p>\n\n\n\n<p>Obrazla\u017eu da je donesena odluka neustavna i nezakonita, jer nisu ispo\u0161tovane va\u017ee\u0107e zakonske odredbe.<\/p>\n\n\n\n<p><strong>Tra\u017ee hitan sastanak s premijerom<\/strong><\/p>\n\n\n\n<p>Navode da rast cijena na tr\u017ei\u0161tu nije rezultat pove\u0107anja trgova\u010dkih mar\u017ei, ve\u0107 isklju\u010divo rasta cijena sirovina globalno, uvjetovano trenutnim okolnostima, a \u0161to za rezultat ima pove\u0107anje nabavne vrijednosti proizvoda.<\/p>\n\n\n\n<p>\u2013 Cijena tone p\u0161enice prije pandemije iznosila je od 150 do 170 eura, dok je danas cijena znatno ve\u0107a, te iznosi od 220 do 240 eura po toni\u201d, isti\u010du poslodavci i zahtijevaju hitan sastanak s premijerom FBiH Fadilom Novali\u0107em i resornim ministrom, \u201ckako bi se prona\u0161lo rje\u0161enje koje \u0107e biti ustavno, zakonito i provodivo\u201d.<\/p>\n\n\n\n<p>\/HMS\/<\/p>\n","protected":false},"excerpt":{"rendered":"<p>Trgovci, veletrgovci i proizvo\u0111a\u010di u Federaciji BiH ne\u0107e sprovoditi odluku federalne Vlade o ograni\u010denju mar\u017ei jer je smatraju neustavnom, nezakonitom i nesprovodivom sa nesagledivim \u0161tetnim posljedicama, priop\u0107eno je iz Udruge poslodavaca FBiH. Poslodavci tra\u017ee hitno povla\u010denje ove odluke i upozoravaju na pogubne posljedice do kojih bi njena provedba dovela, ne samo u oblasti trgovine, nego [&hellip;]<\/p>\n","protected":false},"author":2,"featured_media":9079,"comment_status":"closed","ping_status":"closed","sticky":false,"template":"","format":"standard","meta":{"h5ap_radio_sources":[],"footnotes":""},"categories":[1],"tags":[],"class_list":["post-9078","post","type-post","status-publish","format-standard","has-post-thumbnail","hentry","category-bihiregija"],"yoast_head":"<!-- This site is optimized with the Yoast SEO plugin v27.5 - https:\/\/yoast.com\/product\/yoast-seo-wordpress\/ -->\n<title>Udruga poslodavaca F BiH: Ne\u0107emo provoditi odluku Federalne vlade o ograni\u010denju mar\u017ei jer je nezakonita i neustavna - RADIO LJUBU\u0160KI<\/title>\n<meta name=\"robots\" content=\"index, follow, max-snippet:-1, max-image-preview:large, max-video-preview:-1\" \/>\n<link rel=\"canonical\" href=\"https:\/\/radioljubuski.ba\/index.php\/2021\/04\/03\/udruga-poslodavaca-f-bih-necemo-provoditi-odluku-federalne-vlade-o-ogranicenju-marzi-jer-je-nezakonita-i-neustavna\/\" \/>\n<meta property=\"og:locale\" content=\"hr_HR\" \/>\n<meta property=\"og:type\" content=\"article\" \/>\n<meta property=\"og:title\" content=\"Udruga poslodavaca F BiH: Ne\u0107emo provoditi odluku Federalne vlade o ograni\u010denju mar\u017ei jer je nezakonita i neustavna - RADIO LJUBU\u0160KI\" \/>\n<meta property=\"og:description\" content=\"Trgovci, veletrgovci i proizvo\u0111a\u010di u Federaciji BiH ne\u0107e sprovoditi odluku federalne Vlade o ograni\u010denju mar\u017ei jer je smatraju neustavnom, nezakonitom i nesprovodivom sa nesagledivim \u0161tetnim posljedicama, priop\u0107eno je iz Udruge poslodavaca FBiH. Poslodavci tra\u017ee hitno povla\u010denje ove odluke i upozoravaju na pogubne posljedice do kojih bi njena provedba dovela, ne samo u oblasti trgovine, nego [&hellip;]\" \/>\n<meta property=\"og:url\" content=\"https:\/\/radioljubuski.ba\/index.php\/2021\/04\/03\/udruga-poslodavaca-f-bih-necemo-provoditi-odluku-federalne-vlade-o-ogranicenju-marzi-jer-je-nezakonita-i-neustavna\/\" \/>\n<meta property=\"og:site_name\" content=\"RADIO LJUBU\u0160KI\" \/>\n<meta property=\"article:publisher\" content=\"https:\/\/www.facebook.com\/Radiio-Ljubuski-1490835324566332\" \/>\n<meta property=\"article:published_time\" content=\"2021-04-02T23:03:44+00:00\" \/>\n<meta property=\"article:modified_time\" content=\"2021-04-02T23:03:45+00:00\" \/>\n<meta property=\"og:image\" content=\"https:\/\/radioljubuski.ba\/wp-content\/uploads\/2021\/04\/Kupovina-supermarket.jpeg\" \/>\n\t<meta property=\"og:image:width\" content=\"740\" \/>\n\t<meta property=\"og:image:height\" content=\"416\" \/>\n\t<meta property=\"og:image:type\" content=\"image\/jpeg\" \/>\n<meta name=\"author\" content=\"Radio Ljubu\u0161ki\" \/>\n<meta name=\"twitter:card\" content=\"summary_large_image\" \/>\n<meta name=\"twitter:creator\" content=\"@radioljubuski\" \/>\n<meta name=\"twitter:site\" content=\"@radioljubuski\" \/>\n<meta name=\"twitter:label1\" content=\"Napisao\/la\" \/>\n\t<meta name=\"twitter:data1\" content=\"Radio Ljubu\u0161ki\" \/>\n\t<meta name=\"twitter:label2\" content=\"Procijenjeno vrijeme \u010ditanja\" \/>\n\t<meta name=\"twitter:data2\" content=\"2 minute\" \/>\n<script type=\"application\/ld+json\" class=\"yoast-schema-graph\">{\"@context\":\"https:\\\/\\\/schema.org\",\"@graph\":[{\"@type\":\"Article\",\"@id\":\"https:\\\/\\\/radioljubuski.ba\\\/index.php\\\/2021\\\/04\\\/03\\\/udruga-poslodavaca-f-bih-necemo-provoditi-odluku-federalne-vlade-o-ogranicenju-marzi-jer-je-nezakonita-i-neustavna\\\/#article\",\"isPartOf\":{\"@id\":\"https:\\\/\\\/radioljubuski.ba\\\/index.php\\\/2021\\\/04\\\/03\\\/udruga-poslodavaca-f-bih-necemo-provoditi-odluku-federalne-vlade-o-ogranicenju-marzi-jer-je-nezakonita-i-neustavna\\\/\"},\"author\":{\"name\":\"Radio Ljubu\u0161ki\",\"@id\":\"https:\\\/\\\/radioljubuski.ba\\\/#\\\/schema\\\/person\\\/19fc700381a780f69665d7956c469e3b\"},\"headline\":\"Udruga poslodavaca F BiH: Ne\u0107emo provoditi odluku Federalne vlade o ograni\u010denju mar\u017ei jer je nezakonita i neustavna\",\"datePublished\":\"2021-04-02T23:03:44+00:00\",\"dateModified\":\"2021-04-02T23:03:45+00:00\",\"mainEntityOfPage\":{\"@id\":\"https:\\\/\\\/radioljubuski.ba\\\/index.php\\\/2021\\\/04\\\/03\\\/udruga-poslodavaca-f-bih-necemo-provoditi-odluku-federalne-vlade-o-ogranicenju-marzi-jer-je-nezakonita-i-neustavna\\\/\"},\"wordCount\":336,\"publisher\":{\"@id\":\"https:\\\/\\\/radioljubuski.ba\\\/#organization\"},\"image\":{\"@id\":\"https:\\\/\\\/radioljubuski.ba\\\/index.php\\\/2021\\\/04\\\/03\\\/udruga-poslodavaca-f-bih-necemo-provoditi-odluku-federalne-vlade-o-ogranicenju-marzi-jer-je-nezakonita-i-neustavna\\\/#primaryimage\"},\"thumbnailUrl\":\"https:\\\/\\\/radioljubuski.ba\\\/wp-content\\\/uploads\\\/2021\\\/04\\\/Kupovina-supermarket.jpeg\",\"articleSection\":[\"BIH i regija\"],\"inLanguage\":\"hr\"},{\"@type\":\"WebPage\",\"@id\":\"https:\\\/\\\/radioljubuski.ba\\\/index.php\\\/2021\\\/04\\\/03\\\/udruga-poslodavaca-f-bih-necemo-provoditi-odluku-federalne-vlade-o-ogranicenju-marzi-jer-je-nezakonita-i-neustavna\\\/\",\"url\":\"https:\\\/\\\/radioljubuski.ba\\\/index.php\\\/2021\\\/04\\\/03\\\/udruga-poslodavaca-f-bih-necemo-provoditi-odluku-federalne-vlade-o-ogranicenju-marzi-jer-je-nezakonita-i-neustavna\\\/\",\"name\":\"Udruga poslodavaca F BiH: Ne\u0107emo provoditi odluku Federalne vlade o ograni\u010denju mar\u017ei jer je nezakonita i neustavna - RADIO LJUBU\u0160KI\",\"isPartOf\":{\"@id\":\"https:\\\/\\\/radioljubuski.ba\\\/#website\"},\"primaryImageOfPage\":{\"@id\":\"https:\\\/\\\/radioljubuski.ba\\\/index.php\\\/2021\\\/04\\\/03\\\/udruga-poslodavaca-f-bih-necemo-provoditi-odluku-federalne-vlade-o-ogranicenju-marzi-jer-je-nezakonita-i-neustavna\\\/#primaryimage\"},\"image\":{\"@id\":\"https:\\\/\\\/radioljubuski.ba\\\/index.php\\\/2021\\\/04\\\/03\\\/udruga-poslodavaca-f-bih-necemo-provoditi-odluku-federalne-vlade-o-ogranicenju-marzi-jer-je-nezakonita-i-neustavna\\\/#primaryimage\"},\"thumbnailUrl\":\"https:\\\/\\\/radioljubuski.ba\\\/wp-content\\\/uploads\\\/2021\\\/04\\\/Kupovina-supermarket.jpeg\",\"datePublished\":\"2021-04-02T23:03:44+00:00\",\"dateModified\":\"2021-04-02T23:03:45+00:00\",\"breadcrumb\":{\"@id\":\"https:\\\/\\\/radioljubuski.ba\\\/index.php\\\/2021\\\/04\\\/03\\\/udruga-poslodavaca-f-bih-necemo-provoditi-odluku-federalne-vlade-o-ogranicenju-marzi-jer-je-nezakonita-i-neustavna\\\/#breadcrumb\"},\"inLanguage\":\"hr\",\"potentialAction\":[{\"@type\":\"ReadAction\",\"target\":[\"https:\\\/\\\/radioljubuski.ba\\\/index.php\\\/2021\\\/04\\\/03\\\/udruga-poslodavaca-f-bih-necemo-provoditi-odluku-federalne-vlade-o-ogranicenju-marzi-jer-je-nezakonita-i-neustavna\\\/\"]}]},{\"@type\":\"ImageObject\",\"inLanguage\":\"hr\",\"@id\":\"https:\\\/\\\/radioljubuski.ba\\\/index.php\\\/2021\\\/04\\\/03\\\/udruga-poslodavaca-f-bih-necemo-provoditi-odluku-federalne-vlade-o-ogranicenju-marzi-jer-je-nezakonita-i-neustavna\\\/#primaryimage\",\"url\":\"https:\\\/\\\/radioljubuski.ba\\\/wp-content\\\/uploads\\\/2021\\\/04\\\/Kupovina-supermarket.jpeg\",\"contentUrl\":\"https:\\\/\\\/radioljubuski.ba\\\/wp-content\\\/uploads\\\/2021\\\/04\\\/Kupovina-supermarket.jpeg\",\"width\":740,\"height\":416},{\"@type\":\"BreadcrumbList\",\"@id\":\"https:\\\/\\\/radioljubuski.ba\\\/index.php\\\/2021\\\/04\\\/03\\\/udruga-poslodavaca-f-bih-necemo-provoditi-odluku-federalne-vlade-o-ogranicenju-marzi-jer-je-nezakonita-i-neustavna\\\/#breadcrumb\",\"itemListElement\":[{\"@type\":\"ListItem\",\"position\":1,\"name\":\"Po\u010detna stranica\",\"item\":\"https:\\\/\\\/radioljubuski.ba\\\/\"},{\"@type\":\"ListItem\",\"position\":2,\"name\":\"Udruga poslodavaca F BiH: Ne\u0107emo provoditi odluku Federalne vlade o ograni\u010denju mar\u017ei jer je nezakonita i neustavna\"}]},{\"@type\":\"WebSite\",\"@id\":\"https:\\\/\\\/radioljubuski.ba\\\/#website\",\"url\":\"https:\\\/\\\/radioljubuski.ba\\\/\",\"name\":\"Radio Ljubu\u0161ki\",\"description\":\"Sun\u010dana frekvencija Hercegovine\",\"publisher\":{\"@id\":\"https:\\\/\\\/radioljubuski.ba\\\/#organization\"},\"potentialAction\":[{\"@type\":\"SearchAction\",\"target\":{\"@type\":\"EntryPoint\",\"urlTemplate\":\"https:\\\/\\\/radioljubuski.ba\\\/?s={search_term_string}\"},\"query-input\":{\"@type\":\"PropertyValueSpecification\",\"valueRequired\":true,\"valueName\":\"search_term_string\"}}],\"inLanguage\":\"hr\"},{\"@type\":\"Organization\",\"@id\":\"https:\\\/\\\/radioljubuski.ba\\\/#organization\",\"name\":\"Radio Ljubu\u0161ki\",\"url\":\"https:\\\/\\\/radioljubuski.ba\\\/\",\"logo\":{\"@type\":\"ImageObject\",\"inLanguage\":\"hr\",\"@id\":\"https:\\\/\\\/radioljubuski.ba\\\/#\\\/schema\\\/logo\\\/image\\\/\",\"url\":\"https:\\\/\\\/radioljubuski.ba\\\/wp-content\\\/uploads\\\/2021\\\/02\\\/cropped-Radio_Ljubuski_logo1.jpg\",\"contentUrl\":\"https:\\\/\\\/radioljubuski.ba\\\/wp-content\\\/uploads\\\/2021\\\/02\\\/cropped-Radio_Ljubuski_logo1.jpg\",\"width\":512,\"height\":512,\"caption\":\"Radio Ljubu\u0161ki\"},\"image\":{\"@id\":\"https:\\\/\\\/radioljubuski.ba\\\/#\\\/schema\\\/logo\\\/image\\\/\"},\"sameAs\":[\"https:\\\/\\\/www.facebook.com\\\/Radiio-Ljubuski-1490835324566332\",\"https:\\\/\\\/x.com\\\/radioljubuski\",\"https:\\\/\\\/hr.linkedin.com\\\/company\\\/radio-ljubuski\",\"https:\\\/\\\/www.youtube.com\\\/channel\\\/UCHYaeO_n0Db3tjNGudGpXyw\"]},{\"@type\":\"Person\",\"@id\":\"https:\\\/\\\/radioljubuski.ba\\\/#\\\/schema\\\/person\\\/19fc700381a780f69665d7956c469e3b\",\"name\":\"Radio Ljubu\u0161ki\"}]}<\/script>\n<!-- \/ Yoast SEO plugin. -->","yoast_head_json":{"title":"Udruga poslodavaca F BiH: Ne\u0107emo provoditi odluku Federalne vlade o ograni\u010denju mar\u017ei jer je nezakonita i neustavna - RADIO LJUBU\u0160KI","robots":{"index":"index","follow":"follow","max-snippet":"max-snippet:-1","max-image-preview":"max-image-preview:large","max-video-preview":"max-video-preview:-1"},"canonical":"https:\/\/radioljubuski.ba\/index.php\/2021\/04\/03\/udruga-poslodavaca-f-bih-necemo-provoditi-odluku-federalne-vlade-o-ogranicenju-marzi-jer-je-nezakonita-i-neustavna\/","og_locale":"hr_HR","og_type":"article","og_title":"Udruga poslodavaca F BiH: Ne\u0107emo provoditi odluku Federalne vlade o ograni\u010denju mar\u017ei jer je nezakonita i neustavna - RADIO LJUBU\u0160KI","og_description":"Trgovci, veletrgovci i proizvo\u0111a\u010di u Federaciji BiH ne\u0107e sprovoditi odluku federalne Vlade o ograni\u010denju mar\u017ei jer je smatraju neustavnom, nezakonitom i nesprovodivom sa nesagledivim \u0161tetnim posljedicama, priop\u0107eno je iz Udruge poslodavaca FBiH. Poslodavci tra\u017ee hitno povla\u010denje ove odluke i upozoravaju na pogubne posljedice do kojih bi njena provedba dovela, ne samo u oblasti trgovine, nego [&hellip;]","og_url":"https:\/\/radioljubuski.ba\/index.php\/2021\/04\/03\/udruga-poslodavaca-f-bih-necemo-provoditi-odluku-federalne-vlade-o-ogranicenju-marzi-jer-je-nezakonita-i-neustavna\/","og_site_name":"RADIO LJUBU\u0160KI","article_publisher":"https:\/\/www.facebook.com\/Radiio-Ljubuski-1490835324566332","article_published_time":"2021-04-02T23:03:44+00:00","article_modified_time":"2021-04-02T23:03:45+00:00","og_image":[{"width":740,"height":416,"url":"https:\/\/radioljubuski.ba\/wp-content\/uploads\/2021\/04\/Kupovina-supermarket.jpeg","type":"image\/jpeg"}],"author":"Radio Ljubu\u0161ki","twitter_card":"summary_large_image","twitter_creator":"@radioljubuski","twitter_site":"@radioljubuski","twitter_misc":{"Napisao\/la":"Radio Ljubu\u0161ki","Procijenjeno vrijeme \u010ditanja":"2 minute"},"schema":{"@context":"https:\/\/schema.org","@graph":[{"@type":"Article","@id":"https:\/\/radioljubuski.ba\/index.php\/2021\/04\/03\/udruga-poslodavaca-f-bih-necemo-provoditi-odluku-federalne-vlade-o-ogranicenju-marzi-jer-je-nezakonita-i-neustavna\/#article","isPartOf":{"@id":"https:\/\/radioljubuski.ba\/index.php\/2021\/04\/03\/udruga-poslodavaca-f-bih-necemo-provoditi-odluku-federalne-vlade-o-ogranicenju-marzi-jer-je-nezakonita-i-neustavna\/"},"author":{"name":"Radio Ljubu\u0161ki","@id":"https:\/\/radioljubuski.ba\/#\/schema\/person\/19fc700381a780f69665d7956c469e3b"},"headline":"Udruga poslodavaca F BiH: Ne\u0107emo provoditi odluku Federalne vlade o ograni\u010denju mar\u017ei jer je nezakonita i neustavna","datePublished":"2021-04-02T23:03:44+00:00","dateModified":"2021-04-02T23:03:45+00:00","mainEntityOfPage":{"@id":"https:\/\/radioljubuski.ba\/index.php\/2021\/04\/03\/udruga-poslodavaca-f-bih-necemo-provoditi-odluku-federalne-vlade-o-ogranicenju-marzi-jer-je-nezakonita-i-neustavna\/"},"wordCount":336,"publisher":{"@id":"https:\/\/radioljubuski.ba\/#organization"},"image":{"@id":"https:\/\/radioljubuski.ba\/index.php\/2021\/04\/03\/udruga-poslodavaca-f-bih-necemo-provoditi-odluku-federalne-vlade-o-ogranicenju-marzi-jer-je-nezakonita-i-neustavna\/#primaryimage"},"thumbnailUrl":"https:\/\/radioljubuski.ba\/wp-content\/uploads\/2021\/04\/Kupovina-supermarket.jpeg","articleSection":["BIH i regija"],"inLanguage":"hr"},{"@type":"WebPage","@id":"https:\/\/radioljubuski.ba\/index.php\/2021\/04\/03\/udruga-poslodavaca-f-bih-necemo-provoditi-odluku-federalne-vlade-o-ogranicenju-marzi-jer-je-nezakonita-i-neustavna\/","url":"https:\/\/radioljubuski.ba\/index.php\/2021\/04\/03\/udruga-poslodavaca-f-bih-necemo-provoditi-odluku-federalne-vlade-o-ogranicenju-marzi-jer-je-nezakonita-i-neustavna\/","name":"Udruga poslodavaca F BiH: Ne\u0107emo provoditi odluku Federalne vlade o ograni\u010denju mar\u017ei jer je nezakonita i neustavna - RADIO LJUBU\u0160KI","isPartOf":{"@id":"https:\/\/radioljubuski.ba\/#website"},"primaryImageOfPage":{"@id":"https:\/\/radioljubuski.ba\/index.php\/2021\/04\/03\/udruga-poslodavaca-f-bih-necemo-provoditi-odluku-federalne-vlade-o-ogranicenju-marzi-jer-je-nezakonita-i-neustavna\/#primaryimage"},"image":{"@id":"https:\/\/radioljubuski.ba\/index.php\/2021\/04\/03\/udruga-poslodavaca-f-bih-necemo-provoditi-odluku-federalne-vlade-o-ogranicenju-marzi-jer-je-nezakonita-i-neustavna\/#primaryimage"},"thumbnailUrl":"https:\/\/radioljubuski.ba\/wp-content\/uploads\/2021\/04\/Kupovina-supermarket.jpeg","datePublished":"2021-04-02T23:03:44+00:00","dateModified":"2021-04-02T23:03:45+00:00","breadcrumb":{"@id":"https:\/\/radioljubuski.ba\/index.php\/2021\/04\/03\/udruga-poslodavaca-f-bih-necemo-provoditi-odluku-federalne-vlade-o-ogranicenju-marzi-jer-je-nezakonita-i-neustavna\/#breadcrumb"},"inLanguage":"hr","potentialAction":[{"@type":"ReadAction","target":["https:\/\/radioljubuski.ba\/index.php\/2021\/04\/03\/udruga-poslodavaca-f-bih-necemo-provoditi-odluku-federalne-vlade-o-ogranicenju-marzi-jer-je-nezakonita-i-neustavna\/"]}]},{"@type":"ImageObject","inLanguage":"hr","@id":"https:\/\/radioljubuski.ba\/index.php\/2021\/04\/03\/udruga-poslodavaca-f-bih-necemo-provoditi-odluku-federalne-vlade-o-ogranicenju-marzi-jer-je-nezakonita-i-neustavna\/#primaryimage","url":"https:\/\/radioljubuski.ba\/wp-content\/uploads\/2021\/04\/Kupovina-supermarket.jpeg","contentUrl":"https:\/\/radioljubuski.ba\/wp-content\/uploads\/2021\/04\/Kupovina-supermarket.jpeg","width":740,"height":416},{"@type":"BreadcrumbList","@id":"https:\/\/radioljubuski.ba\/index.php\/2021\/04\/03\/udruga-poslodavaca-f-bih-necemo-provoditi-odluku-federalne-vlade-o-ogranicenju-marzi-jer-je-nezakonita-i-neustavna\/#breadcrumb","itemListElement":[{"@type":"ListItem","position":1,"name":"Po\u010detna stranica","item":"https:\/\/radioljubuski.ba\/"},{"@type":"ListItem","position":2,"name":"Udruga poslodavaca F BiH: Ne\u0107emo provoditi odluku Federalne vlade o ograni\u010denju mar\u017ei jer je nezakonita i neustavna"}]},{"@type":"WebSite","@id":"https:\/\/radioljubuski.ba\/#website","url":"https:\/\/radioljubuski.ba\/","name":"Radio Ljubu\u0161ki","description":"Sun\u010dana frekvencija Hercegovine","publisher":{"@id":"https:\/\/radioljubuski.ba\/#organization"},"potentialAction":[{"@type":"SearchAction","target":{"@type":"EntryPoint","urlTemplate":"https:\/\/radioljubuski.ba\/?s={search_term_string}"},"query-input":{"@type":"PropertyValueSpecification","valueRequired":true,"valueName":"search_term_string"}}],"inLanguage":"hr"},{"@type":"Organization","@id":"https:\/\/radioljubuski.ba\/#organization","name":"Radio Ljubu\u0161ki","url":"https:\/\/radioljubuski.ba\/","logo":{"@type":"ImageObject","inLanguage":"hr","@id":"https:\/\/radioljubuski.ba\/#\/schema\/logo\/image\/","url":"https:\/\/radioljubuski.ba\/wp-content\/uploads\/2021\/02\/cropped-Radio_Ljubuski_logo1.jpg","contentUrl":"https:\/\/radioljubuski.ba\/wp-content\/uploads\/2021\/02\/cropped-Radio_Ljubuski_logo1.jpg","width":512,"height":512,"caption":"Radio Ljubu\u0161ki"},"image":{"@id":"https:\/\/radioljubuski.ba\/#\/schema\/logo\/image\/"},"sameAs":["https:\/\/www.facebook.com\/Radiio-Ljubuski-1490835324566332","https:\/\/x.com\/radioljubuski","https:\/\/hr.linkedin.com\/company\/radio-ljubuski","https:\/\/www.youtube.com\/channel\/UCHYaeO_n0Db3tjNGudGpXyw"]},{"@type":"Person","@id":"https:\/\/radioljubuski.ba\/#\/schema\/person\/19fc700381a780f69665d7956c469e3b","name":"Radio Ljubu\u0161ki"}]}},"_links":{"self":[{"href":"https:\/\/radioljubuski.ba\/index.php\/wp-json\/wp\/v2\/posts\/9078","targetHints":{"allow":["GET"]}}],"collection":[{"href":"https:\/\/radioljubuski.ba\/index.php\/wp-json\/wp\/v2\/posts"}],"about":[{"href":"https:\/\/radioljubuski.ba\/index.php\/wp-json\/wp\/v2\/types\/post"}],"author":[{"embeddable":true,"href":"https:\/\/radioljubuski.ba\/index.php\/wp-json\/wp\/v2\/users\/2"}],"replies":[{"embeddable":true,"href":"https:\/\/radioljubuski.ba\/index.php\/wp-json\/wp\/v2\/comments?post=9078"}],"version-history":[{"count":1,"href":"https:\/\/radioljubuski.ba\/index.php\/wp-json\/wp\/v2\/posts\/9078\/revisions"}],"predecessor-version":[{"id":9080,"href":"https:\/\/radioljubuski.ba\/index.php\/wp-json\/wp\/v2\/posts\/9078\/revisions\/9080"}],"wp:featuredmedia":[{"embeddable":true,"href":"https:\/\/radioljubuski.ba\/index.php\/wp-json\/wp\/v2\/media\/9079"}],"wp:attachment":[{"href":"https:\/\/radioljubuski.ba\/index.php\/wp-json\/wp\/v2\/media?parent=9078"}],"wp:term":[{"taxonomy":"category","embeddable":true,"href":"https:\/\/radioljubuski.ba\/index.php\/wp-json\/wp\/v2\/categories?post=9078"},{"taxonomy":"post_tag","embeddable":true,"href":"https:\/\/radioljubuski.ba\/index.php\/wp-json\/wp\/v2\/tags?post=9078"}],"curies":[{"name":"wp","href":"https:\/\/api.w.org\/{rel}","templated":true}]}}