{"id":909,"date":"2021-03-03T08:01:46","date_gmt":"2021-03-03T08:01:46","guid":{"rendered":"https:\/\/radioljubuski.ba\/?p=909"},"modified":"2021-03-03T08:01:46","modified_gmt":"2021-03-03T08:01:46","slug":"cak-8-tisuca-poljoprivrednika-manje-promijenili-su-posao-napustili-bih","status":"publish","type":"post","link":"https:\/\/radioljubuski.ba\/index.php\/2021\/03\/03\/cak-8-tisuca-poljoprivrednika-manje-promijenili-su-posao-napustili-bih\/","title":{"rendered":"\u010cak 8 tisu\u0107a poljoprivrednika manje, promijenili su posao, napustili BiH\u2026"},"content":{"rendered":"\n<p>Pripreme za proljetne radove u punom su jeku, a o\u017eujak i predstoje\u0107i mjeseci izmamit \u0107e ljude u polja. Sijanje i sadnja postat \u0107e svakodnevica. Pro\u0161le godine proizvodnja hrane za vlastite potrebe bila je na rekordnoj razini, a pretpostavlja \u0107e da \u0107e ova godina nadma\u0161iti pro\u0161lu. Me\u0111utim, u jednoj \u0107e stvari proizvodnja patiti, a to je za ona restoransku prodaju, pi\u0161e Ve\u010dernji list BiH.<\/p>\n\n\n\n<p>Pro\u0161la godina mnoge je uni\u0161tila, \u0161to nam je potvrdila i jedna obitelj iz zapadne Hercegovine koja je uzgajala vo\u0107e i povr\u0107e za restorane.<\/p>\n\n\n\n<p>\u2013 Pro\u0161la je sezona, iako na ljeto nije bilo strogog zatvaranja na Jadranu, podbacila. Pro\u0161le zime nismo nigdje u kontinentalnoj Hrvatskoj mogli prodati krumpire jer restorani nisu radili. Ovdje kod nas uspjeli smo prodati, ali ne u onolikoj mjeri kako se prodavalo u normalnim vremenima. Zamislite kako je obitelji koja \u017eivi od zemljoradnje sve ovo podnijeti. Lanjske pri\u010de da proizvodimo, da je dobro da dr\u017eava ima zalihe hrane za sebe, da se stvaraju rezerve, da \u0107e se organizirati otkup\u2026. sve su to bile pri\u010de za naivne, kakvih smo se u BiH naslu\u0161ali. Ljudi di\u017eu sidro, a kad ova korona pro\u0111e, bit \u0107e jo\u0161 gore \u2013 ispri\u010dali su nam. Krajem pro\u0161le godine i prvi \u010dovjek poljoprivrednika u BiH Vladimir Usorac povukao je radikalnu odluku i odlu\u010dio prodati farmu.<\/p>\n\n\n\n<p>\u2013 Cijena mesa u RS-u drasti\u010dno je pala, a prodaja se smanjila za 50 posto. Ministarstvo poljoprivrede pro\u0161log je prolje\u0107a pomoglo, posijali smo, godina je rodila, ali prodati ni\u0161ta ne mo\u017eemo \u2013 naveo je me\u0111u razlozima. Oglasio ju je za prodaju jer vi\u0161e nije u stanju proizvoditi s obzirom na to da, kako ka\u017ee, dr\u017eava ne \u017eeli stati iza poljoprivrednika.<\/p>\n\n\n\n<p>A ovih dana i poljoprivrednici u selima Semberije po\u010deli su s radom. Zimsko oranje su okon\u010dali. Vo\u0107ari su radili na orezivanju i prskanju vo\u0107a, povrtlari sijali i sadili, ratari prehranjivali p\u0161enicu.<\/p>\n\n\n\n<p>\u2013 Poljoprivrednici su zasad uspjeli posti\u0107i sve ono su planirali, a posebno smo zadovoljni p\u0161enicom koja je u jako dobroj fazi. Pogodovao joj je izostanak jake zime, na njivama izgleda svje\u017ee, a samo se nadamo da ne\u0107e do\u0107i do novih minusa koji bi mogli spr\u017eiti njezino korijenje \u2013 kazao je za Klix predsjednik Udruge poljoprivrednika Semberije Savo Bakajli\u0107.<\/p>\n\n\n\n<p><strong>Pad broja registriranih<\/strong><\/p>\n\n\n\n<p>Naglasio je probleme u kojima su se na\u0161li ovda\u0161nji proizvo\u0111a\u010di, od toga da je gorivo skuplje od 10 do 20 feninga do toga da su cijene repromaterijala vi\u0161e za 40% u odnosu na pro\u0161lu godinu. Ljudi se sve vi\u0161e okre\u0107u k smanjenju proizvodnje, a pada i broj registriranih proizvo\u0111a\u010da. Za samo \u0161est godina od posla je odustalo \u010dak 7870 proizvo\u0111a\u010da.<\/p>\n\n\n\n<p>\u2013 Mi smo 2015. imali 12.570 registriranih poljoprivrednih proizvo\u0111a\u010da, a danas nas je 4700. Jednostavno, ljudi su nestali, prebacili su se u neke druge oblasti ili su napustili BiH. Oti\u0161li su trbuhom za kruhom u europske zemlje gdje imaju znatno bolji status. Ovdje im se ne vrijedi zadu\u017eivati i raditi bez dobitaka \u2013 kazao je Bakajli\u0107.<\/p>\n\n\n\n<p><strong>Izvor: Vrisak.info<\/strong><\/p>\n","protected":false},"excerpt":{"rendered":"<p>Pripreme za proljetne radove u punom su jeku, a o\u017eujak i predstoje\u0107i mjeseci izmamit \u0107e ljude u polja. Sijanje i sadnja postat \u0107e svakodnevica. Pro\u0161le godine proizvodnja hrane za vlastite potrebe bila je na rekordnoj razini, a pretpostavlja \u0107e da \u0107e ova godina nadma\u0161iti pro\u0161lu. Me\u0111utim, u jednoj \u0107e stvari proizvodnja patiti, a to je [&hellip;]<\/p>\n","protected":false},"author":2,"featured_media":910,"comment_status":"closed","ping_status":"closed","sticky":false,"template":"","format":"standard","meta":{"h5ap_radio_sources":[],"footnotes":""},"categories":[1],"tags":[],"class_list":["post-909","post","type-post","status-publish","format-standard","has-post-thumbnail","hentry","category-bihiregija"],"yoast_head":"<!-- This site is optimized with the Yoast SEO plugin v27.5 - https:\/\/yoast.com\/product\/yoast-seo-wordpress\/ -->\n<title>\u010cak 8 tisu\u0107a poljoprivrednika manje, promijenili su posao, napustili BiH\u2026 - RADIO LJUBU\u0160KI<\/title>\n<meta name=\"robots\" content=\"index, follow, max-snippet:-1, max-image-preview:large, max-video-preview:-1\" \/>\n<link rel=\"canonical\" href=\"https:\/\/radioljubuski.ba\/index.php\/2021\/03\/03\/cak-8-tisuca-poljoprivrednika-manje-promijenili-su-posao-napustili-bih\/\" \/>\n<meta property=\"og:locale\" content=\"hr_HR\" \/>\n<meta property=\"og:type\" content=\"article\" \/>\n<meta property=\"og:title\" content=\"\u010cak 8 tisu\u0107a poljoprivrednika manje, promijenili su posao, napustili BiH\u2026 - RADIO LJUBU\u0160KI\" \/>\n<meta property=\"og:description\" content=\"Pripreme za proljetne radove u punom su jeku, a o\u017eujak i predstoje\u0107i mjeseci izmamit \u0107e ljude u polja. Sijanje i sadnja postat \u0107e svakodnevica. Pro\u0161le godine proizvodnja hrane za vlastite potrebe bila je na rekordnoj razini, a pretpostavlja \u0107e da \u0107e ova godina nadma\u0161iti pro\u0161lu. Me\u0111utim, u jednoj \u0107e stvari proizvodnja patiti, a to je [&hellip;]\" \/>\n<meta property=\"og:url\" content=\"https:\/\/radioljubuski.ba\/index.php\/2021\/03\/03\/cak-8-tisuca-poljoprivrednika-manje-promijenili-su-posao-napustili-bih\/\" \/>\n<meta property=\"og:site_name\" content=\"RADIO LJUBU\u0160KI\" \/>\n<meta property=\"article:publisher\" content=\"https:\/\/www.facebook.com\/Radiio-Ljubuski-1490835324566332\" \/>\n<meta property=\"article:published_time\" content=\"2021-03-03T08:01:46+00:00\" \/>\n<meta property=\"og:image\" content=\"https:\/\/radioljubuski.ba\/wp-content\/uploads\/2021\/03\/pijaca.jpeg\" \/>\n\t<meta property=\"og:image:width\" content=\"701\" \/>\n\t<meta property=\"og:image:height\" content=\"450\" \/>\n\t<meta property=\"og:image:type\" content=\"image\/jpeg\" \/>\n<meta name=\"author\" content=\"Radio Ljubu\u0161ki\" \/>\n<meta name=\"twitter:card\" content=\"summary_large_image\" \/>\n<meta name=\"twitter:creator\" content=\"@radioljubuski\" \/>\n<meta name=\"twitter:site\" content=\"@radioljubuski\" \/>\n<meta name=\"twitter:label1\" content=\"Napisao\/la\" \/>\n\t<meta name=\"twitter:data1\" content=\"Radio Ljubu\u0161ki\" \/>\n\t<meta name=\"twitter:label2\" content=\"Procijenjeno vrijeme \u010ditanja\" \/>\n\t<meta name=\"twitter:data2\" content=\"3 minute\" \/>\n<script type=\"application\/ld+json\" class=\"yoast-schema-graph\">{\"@context\":\"https:\\\/\\\/schema.org\",\"@graph\":[{\"@type\":\"Article\",\"@id\":\"https:\\\/\\\/radioljubuski.ba\\\/index.php\\\/2021\\\/03\\\/03\\\/cak-8-tisuca-poljoprivrednika-manje-promijenili-su-posao-napustili-bih\\\/#article\",\"isPartOf\":{\"@id\":\"https:\\\/\\\/radioljubuski.ba\\\/index.php\\\/2021\\\/03\\\/03\\\/cak-8-tisuca-poljoprivrednika-manje-promijenili-su-posao-napustili-bih\\\/\"},\"author\":{\"name\":\"Radio Ljubu\u0161ki\",\"@id\":\"https:\\\/\\\/radioljubuski.ba\\\/#\\\/schema\\\/person\\\/19fc700381a780f69665d7956c469e3b\"},\"headline\":\"\u010cak 8 tisu\u0107a poljoprivrednika manje, promijenili su posao, napustili BiH\u2026\",\"datePublished\":\"2021-03-03T08:01:46+00:00\",\"mainEntityOfPage\":{\"@id\":\"https:\\\/\\\/radioljubuski.ba\\\/index.php\\\/2021\\\/03\\\/03\\\/cak-8-tisuca-poljoprivrednika-manje-promijenili-su-posao-napustili-bih\\\/\"},\"wordCount\":537,\"publisher\":{\"@id\":\"https:\\\/\\\/radioljubuski.ba\\\/#organization\"},\"image\":{\"@id\":\"https:\\\/\\\/radioljubuski.ba\\\/index.php\\\/2021\\\/03\\\/03\\\/cak-8-tisuca-poljoprivrednika-manje-promijenili-su-posao-napustili-bih\\\/#primaryimage\"},\"thumbnailUrl\":\"https:\\\/\\\/radioljubuski.ba\\\/wp-content\\\/uploads\\\/2021\\\/03\\\/pijaca.jpeg\",\"articleSection\":[\"BIH i regija\"],\"inLanguage\":\"hr\"},{\"@type\":\"WebPage\",\"@id\":\"https:\\\/\\\/radioljubuski.ba\\\/index.php\\\/2021\\\/03\\\/03\\\/cak-8-tisuca-poljoprivrednika-manje-promijenili-su-posao-napustili-bih\\\/\",\"url\":\"https:\\\/\\\/radioljubuski.ba\\\/index.php\\\/2021\\\/03\\\/03\\\/cak-8-tisuca-poljoprivrednika-manje-promijenili-su-posao-napustili-bih\\\/\",\"name\":\"\u010cak 8 tisu\u0107a poljoprivrednika manje, promijenili su posao, napustili BiH\u2026 - RADIO LJUBU\u0160KI\",\"isPartOf\":{\"@id\":\"https:\\\/\\\/radioljubuski.ba\\\/#website\"},\"primaryImageOfPage\":{\"@id\":\"https:\\\/\\\/radioljubuski.ba\\\/index.php\\\/2021\\\/03\\\/03\\\/cak-8-tisuca-poljoprivrednika-manje-promijenili-su-posao-napustili-bih\\\/#primaryimage\"},\"image\":{\"@id\":\"https:\\\/\\\/radioljubuski.ba\\\/index.php\\\/2021\\\/03\\\/03\\\/cak-8-tisuca-poljoprivrednika-manje-promijenili-su-posao-napustili-bih\\\/#primaryimage\"},\"thumbnailUrl\":\"https:\\\/\\\/radioljubuski.ba\\\/wp-content\\\/uploads\\\/2021\\\/03\\\/pijaca.jpeg\",\"datePublished\":\"2021-03-03T08:01:46+00:00\",\"breadcrumb\":{\"@id\":\"https:\\\/\\\/radioljubuski.ba\\\/index.php\\\/2021\\\/03\\\/03\\\/cak-8-tisuca-poljoprivrednika-manje-promijenili-su-posao-napustili-bih\\\/#breadcrumb\"},\"inLanguage\":\"hr\",\"potentialAction\":[{\"@type\":\"ReadAction\",\"target\":[\"https:\\\/\\\/radioljubuski.ba\\\/index.php\\\/2021\\\/03\\\/03\\\/cak-8-tisuca-poljoprivrednika-manje-promijenili-su-posao-napustili-bih\\\/\"]}]},{\"@type\":\"ImageObject\",\"inLanguage\":\"hr\",\"@id\":\"https:\\\/\\\/radioljubuski.ba\\\/index.php\\\/2021\\\/03\\\/03\\\/cak-8-tisuca-poljoprivrednika-manje-promijenili-su-posao-napustili-bih\\\/#primaryimage\",\"url\":\"https:\\\/\\\/radioljubuski.ba\\\/wp-content\\\/uploads\\\/2021\\\/03\\\/pijaca.jpeg\",\"contentUrl\":\"https:\\\/\\\/radioljubuski.ba\\\/wp-content\\\/uploads\\\/2021\\\/03\\\/pijaca.jpeg\",\"width\":701,\"height\":450},{\"@type\":\"BreadcrumbList\",\"@id\":\"https:\\\/\\\/radioljubuski.ba\\\/index.php\\\/2021\\\/03\\\/03\\\/cak-8-tisuca-poljoprivrednika-manje-promijenili-su-posao-napustili-bih\\\/#breadcrumb\",\"itemListElement\":[{\"@type\":\"ListItem\",\"position\":1,\"name\":\"Po\u010detna stranica\",\"item\":\"https:\\\/\\\/radioljubuski.ba\\\/\"},{\"@type\":\"ListItem\",\"position\":2,\"name\":\"\u010cak 8 tisu\u0107a poljoprivrednika manje, promijenili su posao, napustili BiH\u2026\"}]},{\"@type\":\"WebSite\",\"@id\":\"https:\\\/\\\/radioljubuski.ba\\\/#website\",\"url\":\"https:\\\/\\\/radioljubuski.ba\\\/\",\"name\":\"Radio Ljubu\u0161ki\",\"description\":\"Sun\u010dana frekvencija Hercegovine\",\"publisher\":{\"@id\":\"https:\\\/\\\/radioljubuski.ba\\\/#organization\"},\"potentialAction\":[{\"@type\":\"SearchAction\",\"target\":{\"@type\":\"EntryPoint\",\"urlTemplate\":\"https:\\\/\\\/radioljubuski.ba\\\/?s={search_term_string}\"},\"query-input\":{\"@type\":\"PropertyValueSpecification\",\"valueRequired\":true,\"valueName\":\"search_term_string\"}}],\"inLanguage\":\"hr\"},{\"@type\":\"Organization\",\"@id\":\"https:\\\/\\\/radioljubuski.ba\\\/#organization\",\"name\":\"Radio Ljubu\u0161ki\",\"url\":\"https:\\\/\\\/radioljubuski.ba\\\/\",\"logo\":{\"@type\":\"ImageObject\",\"inLanguage\":\"hr\",\"@id\":\"https:\\\/\\\/radioljubuski.ba\\\/#\\\/schema\\\/logo\\\/image\\\/\",\"url\":\"https:\\\/\\\/radioljubuski.ba\\\/wp-content\\\/uploads\\\/2021\\\/02\\\/cropped-Radio_Ljubuski_logo1.jpg\",\"contentUrl\":\"https:\\\/\\\/radioljubuski.ba\\\/wp-content\\\/uploads\\\/2021\\\/02\\\/cropped-Radio_Ljubuski_logo1.jpg\",\"width\":512,\"height\":512,\"caption\":\"Radio Ljubu\u0161ki\"},\"image\":{\"@id\":\"https:\\\/\\\/radioljubuski.ba\\\/#\\\/schema\\\/logo\\\/image\\\/\"},\"sameAs\":[\"https:\\\/\\\/www.facebook.com\\\/Radiio-Ljubuski-1490835324566332\",\"https:\\\/\\\/x.com\\\/radioljubuski\",\"https:\\\/\\\/hr.linkedin.com\\\/company\\\/radio-ljubuski\",\"https:\\\/\\\/www.youtube.com\\\/channel\\\/UCHYaeO_n0Db3tjNGudGpXyw\"]},{\"@type\":\"Person\",\"@id\":\"https:\\\/\\\/radioljubuski.ba\\\/#\\\/schema\\\/person\\\/19fc700381a780f69665d7956c469e3b\",\"name\":\"Radio Ljubu\u0161ki\"}]}<\/script>\n<!-- \/ Yoast SEO plugin. -->","yoast_head_json":{"title":"\u010cak 8 tisu\u0107a poljoprivrednika manje, promijenili su posao, napustili BiH\u2026 - RADIO LJUBU\u0160KI","robots":{"index":"index","follow":"follow","max-snippet":"max-snippet:-1","max-image-preview":"max-image-preview:large","max-video-preview":"max-video-preview:-1"},"canonical":"https:\/\/radioljubuski.ba\/index.php\/2021\/03\/03\/cak-8-tisuca-poljoprivrednika-manje-promijenili-su-posao-napustili-bih\/","og_locale":"hr_HR","og_type":"article","og_title":"\u010cak 8 tisu\u0107a poljoprivrednika manje, promijenili su posao, napustili BiH\u2026 - RADIO LJUBU\u0160KI","og_description":"Pripreme za proljetne radove u punom su jeku, a o\u017eujak i predstoje\u0107i mjeseci izmamit \u0107e ljude u polja. Sijanje i sadnja postat \u0107e svakodnevica. Pro\u0161le godine proizvodnja hrane za vlastite potrebe bila je na rekordnoj razini, a pretpostavlja \u0107e da \u0107e ova godina nadma\u0161iti pro\u0161lu. Me\u0111utim, u jednoj \u0107e stvari proizvodnja patiti, a to je [&hellip;]","og_url":"https:\/\/radioljubuski.ba\/index.php\/2021\/03\/03\/cak-8-tisuca-poljoprivrednika-manje-promijenili-su-posao-napustili-bih\/","og_site_name":"RADIO LJUBU\u0160KI","article_publisher":"https:\/\/www.facebook.com\/Radiio-Ljubuski-1490835324566332","article_published_time":"2021-03-03T08:01:46+00:00","og_image":[{"width":701,"height":450,"url":"https:\/\/radioljubuski.ba\/wp-content\/uploads\/2021\/03\/pijaca.jpeg","type":"image\/jpeg"}],"author":"Radio Ljubu\u0161ki","twitter_card":"summary_large_image","twitter_creator":"@radioljubuski","twitter_site":"@radioljubuski","twitter_misc":{"Napisao\/la":"Radio Ljubu\u0161ki","Procijenjeno vrijeme \u010ditanja":"3 minute"},"schema":{"@context":"https:\/\/schema.org","@graph":[{"@type":"Article","@id":"https:\/\/radioljubuski.ba\/index.php\/2021\/03\/03\/cak-8-tisuca-poljoprivrednika-manje-promijenili-su-posao-napustili-bih\/#article","isPartOf":{"@id":"https:\/\/radioljubuski.ba\/index.php\/2021\/03\/03\/cak-8-tisuca-poljoprivrednika-manje-promijenili-su-posao-napustili-bih\/"},"author":{"name":"Radio Ljubu\u0161ki","@id":"https:\/\/radioljubuski.ba\/#\/schema\/person\/19fc700381a780f69665d7956c469e3b"},"headline":"\u010cak 8 tisu\u0107a poljoprivrednika manje, promijenili su posao, napustili BiH\u2026","datePublished":"2021-03-03T08:01:46+00:00","mainEntityOfPage":{"@id":"https:\/\/radioljubuski.ba\/index.php\/2021\/03\/03\/cak-8-tisuca-poljoprivrednika-manje-promijenili-su-posao-napustili-bih\/"},"wordCount":537,"publisher":{"@id":"https:\/\/radioljubuski.ba\/#organization"},"image":{"@id":"https:\/\/radioljubuski.ba\/index.php\/2021\/03\/03\/cak-8-tisuca-poljoprivrednika-manje-promijenili-su-posao-napustili-bih\/#primaryimage"},"thumbnailUrl":"https:\/\/radioljubuski.ba\/wp-content\/uploads\/2021\/03\/pijaca.jpeg","articleSection":["BIH i regija"],"inLanguage":"hr"},{"@type":"WebPage","@id":"https:\/\/radioljubuski.ba\/index.php\/2021\/03\/03\/cak-8-tisuca-poljoprivrednika-manje-promijenili-su-posao-napustili-bih\/","url":"https:\/\/radioljubuski.ba\/index.php\/2021\/03\/03\/cak-8-tisuca-poljoprivrednika-manje-promijenili-su-posao-napustili-bih\/","name":"\u010cak 8 tisu\u0107a poljoprivrednika manje, promijenili su posao, napustili BiH\u2026 - RADIO LJUBU\u0160KI","isPartOf":{"@id":"https:\/\/radioljubuski.ba\/#website"},"primaryImageOfPage":{"@id":"https:\/\/radioljubuski.ba\/index.php\/2021\/03\/03\/cak-8-tisuca-poljoprivrednika-manje-promijenili-su-posao-napustili-bih\/#primaryimage"},"image":{"@id":"https:\/\/radioljubuski.ba\/index.php\/2021\/03\/03\/cak-8-tisuca-poljoprivrednika-manje-promijenili-su-posao-napustili-bih\/#primaryimage"},"thumbnailUrl":"https:\/\/radioljubuski.ba\/wp-content\/uploads\/2021\/03\/pijaca.jpeg","datePublished":"2021-03-03T08:01:46+00:00","breadcrumb":{"@id":"https:\/\/radioljubuski.ba\/index.php\/2021\/03\/03\/cak-8-tisuca-poljoprivrednika-manje-promijenili-su-posao-napustili-bih\/#breadcrumb"},"inLanguage":"hr","potentialAction":[{"@type":"ReadAction","target":["https:\/\/radioljubuski.ba\/index.php\/2021\/03\/03\/cak-8-tisuca-poljoprivrednika-manje-promijenili-su-posao-napustili-bih\/"]}]},{"@type":"ImageObject","inLanguage":"hr","@id":"https:\/\/radioljubuski.ba\/index.php\/2021\/03\/03\/cak-8-tisuca-poljoprivrednika-manje-promijenili-su-posao-napustili-bih\/#primaryimage","url":"https:\/\/radioljubuski.ba\/wp-content\/uploads\/2021\/03\/pijaca.jpeg","contentUrl":"https:\/\/radioljubuski.ba\/wp-content\/uploads\/2021\/03\/pijaca.jpeg","width":701,"height":450},{"@type":"BreadcrumbList","@id":"https:\/\/radioljubuski.ba\/index.php\/2021\/03\/03\/cak-8-tisuca-poljoprivrednika-manje-promijenili-su-posao-napustili-bih\/#breadcrumb","itemListElement":[{"@type":"ListItem","position":1,"name":"Po\u010detna stranica","item":"https:\/\/radioljubuski.ba\/"},{"@type":"ListItem","position":2,"name":"\u010cak 8 tisu\u0107a poljoprivrednika manje, promijenili su posao, napustili BiH\u2026"}]},{"@type":"WebSite","@id":"https:\/\/radioljubuski.ba\/#website","url":"https:\/\/radioljubuski.ba\/","name":"Radio Ljubu\u0161ki","description":"Sun\u010dana frekvencija Hercegovine","publisher":{"@id":"https:\/\/radioljubuski.ba\/#organization"},"potentialAction":[{"@type":"SearchAction","target":{"@type":"EntryPoint","urlTemplate":"https:\/\/radioljubuski.ba\/?s={search_term_string}"},"query-input":{"@type":"PropertyValueSpecification","valueRequired":true,"valueName":"search_term_string"}}],"inLanguage":"hr"},{"@type":"Organization","@id":"https:\/\/radioljubuski.ba\/#organization","name":"Radio Ljubu\u0161ki","url":"https:\/\/radioljubuski.ba\/","logo":{"@type":"ImageObject","inLanguage":"hr","@id":"https:\/\/radioljubuski.ba\/#\/schema\/logo\/image\/","url":"https:\/\/radioljubuski.ba\/wp-content\/uploads\/2021\/02\/cropped-Radio_Ljubuski_logo1.jpg","contentUrl":"https:\/\/radioljubuski.ba\/wp-content\/uploads\/2021\/02\/cropped-Radio_Ljubuski_logo1.jpg","width":512,"height":512,"caption":"Radio Ljubu\u0161ki"},"image":{"@id":"https:\/\/radioljubuski.ba\/#\/schema\/logo\/image\/"},"sameAs":["https:\/\/www.facebook.com\/Radiio-Ljubuski-1490835324566332","https:\/\/x.com\/radioljubuski","https:\/\/hr.linkedin.com\/company\/radio-ljubuski","https:\/\/www.youtube.com\/channel\/UCHYaeO_n0Db3tjNGudGpXyw"]},{"@type":"Person","@id":"https:\/\/radioljubuski.ba\/#\/schema\/person\/19fc700381a780f69665d7956c469e3b","name":"Radio Ljubu\u0161ki"}]}},"_links":{"self":[{"href":"https:\/\/radioljubuski.ba\/index.php\/wp-json\/wp\/v2\/posts\/909","targetHints":{"allow":["GET"]}}],"collection":[{"href":"https:\/\/radioljubuski.ba\/index.php\/wp-json\/wp\/v2\/posts"}],"about":[{"href":"https:\/\/radioljubuski.ba\/index.php\/wp-json\/wp\/v2\/types\/post"}],"author":[{"embeddable":true,"href":"https:\/\/radioljubuski.ba\/index.php\/wp-json\/wp\/v2\/users\/2"}],"replies":[{"embeddable":true,"href":"https:\/\/radioljubuski.ba\/index.php\/wp-json\/wp\/v2\/comments?post=909"}],"version-history":[{"count":1,"href":"https:\/\/radioljubuski.ba\/index.php\/wp-json\/wp\/v2\/posts\/909\/revisions"}],"predecessor-version":[{"id":911,"href":"https:\/\/radioljubuski.ba\/index.php\/wp-json\/wp\/v2\/posts\/909\/revisions\/911"}],"wp:featuredmedia":[{"embeddable":true,"href":"https:\/\/radioljubuski.ba\/index.php\/wp-json\/wp\/v2\/media\/910"}],"wp:attachment":[{"href":"https:\/\/radioljubuski.ba\/index.php\/wp-json\/wp\/v2\/media?parent=909"}],"wp:term":[{"taxonomy":"category","embeddable":true,"href":"https:\/\/radioljubuski.ba\/index.php\/wp-json\/wp\/v2\/categories?post=909"},{"taxonomy":"post_tag","embeddable":true,"href":"https:\/\/radioljubuski.ba\/index.php\/wp-json\/wp\/v2\/tags?post=909"}],"curies":[{"name":"wp","href":"https:\/\/api.w.org\/{rel}","templated":true}]}}