{"id":9145,"date":"2021-04-03T09:06:59","date_gmt":"2021-04-03T08:06:59","guid":{"rendered":"https:\/\/radioljubuski.ba\/?p=9145"},"modified":"2021-04-03T09:06:59","modified_gmt":"2021-04-03T08:06:59","slug":"lagani-zadaci-ljubuskog-i-klisa-derbi-u-jablanici-gostuje-sloga","status":"publish","type":"post","link":"https:\/\/radioljubuski.ba\/index.php\/2021\/04\/03\/lagani-zadaci-ljubuskog-i-klisa-derbi-u-jablanici-gostuje-sloga\/","title":{"rendered":"Lagani zadaci Ljubu\u0161kog i Klisa, derbi u Jablanici, gostuje Sloga"},"content":{"rendered":"\n<p><strong>Sve utakmice 17. kola Druge lige FBiH, skupina \u201eJug\u201c igraju se u subotu 3. travnja, lider Ljubu\u0161ki na svom travnjaku \u0107e ugostiti pretposljednju ekipu Bjelopoljca, Klis je doma\u0107in \u201efenjera\u0161u\u201c Kame\u0161nici.<\/strong><\/p>\n\n\n\n<p>Derbi kola se igra u Jablanici gdje \u0161estoporedana Turbina, 24 boda je doma\u0107in tre\u0107eporedanoj Slogi iz GV-U koja ima tri boda vi\u0161e od Jablani\u010dana. Jedina maksimalna ekipa u proljetnom dijelu prvenstva je Troglav 1918 koji je na tre\u0107em mjestu, u ovom kolu gost mu je Brotnjo \u010ciltluk koji je pri dnu ljestvice, Livnjaci o\u010dekuju nastavak dobrih igara i rezultata.<\/p>\n\n\n\n<p>Desetoporedana ekipa NK Stolac, 16 bodova igra \u201esusjedski\u201c derbi, po stanju na tabeli, protiv Rame, koja je za mjesto bolje poredana od doma\u0107ina utakmica, uz isti broj bodova.<\/p>\n\n\n\n<p>U Grudama istoimeni doma\u0107i sastav, 19 bodova, ugostit \u0107e sastav Tomislava koji ima dva boda manje od Gru\u0111ana.<\/p>\n\n\n\n<p><strong>Subota, 3. travnja u 16:00 sati,<\/strong><\/p>\n\n\n\n<p>Buturovi\u0107 Polje: FK Klis \u2013 NK Kame\u0161nica, glavni sudac: Jure Deli\u0107 (Mostar), pomo\u0107nici: Marko Odak (\u010citluk) i Nedim Kozi\u0107 (Mostar), opunomo\u0107enik:Gojko Bandi\u0107 (Grude).<\/p>\n\n\n\n<p>Stolac: NK Stolac &#8211; NK Rama, Oliver Ko\u017eul (\u0160iroki Brijeg), Matej Bevanda (\u010citluk) i Josip Begi\u0107 (Posu\u0161je), Enes \u0160ljivo (Konjic ).<\/p>\n\n\n\n<p>Livno: NK Troglav 1918-Brotnjo \u010citluk, Luka Smoljo (Kupres), Muamer Memi\u0107 (Mostar) i Toni Jelonji\u0107 (Mostar), Mihovil Kli\u0161anin (\u0160ujica, Tomislavgrad).<\/p>\n\n\n\n<p>Ljubu\u0161ki: NK Ljubu\u0161ki &#8211; FK Bjelopoljac, Vedad Begluk, Goran Kolobara i Alem Kru\u0161konja svi Mostar, Josip \u0106oli\u0107 (Kupres).<\/p>\n\n\n\n<p>Jablanica: FK Turbina &#8211; NK Sloga, Dominik Jureta (Livno), Luka Papac (Tomislavgrad) i Antonio \u010ca\u010dija (Livno), Oliver Glibo (Mostar).<\/p>\n\n\n\n<p>Grude: NK Grude &#8211; NK Tomislav, Sandi Ljevo (Mostar), Said Hakalovi\u0107 (Buturovi\u0107 Polje-Konjic) i Ivan Ljubi\u0107 (Mostar), Samir Spahali\u0107 (Mostar).<\/p>\n\n\n\n<p>Slobodna ekipa, NK Neum.<\/p>\n\n\n\n<p><strong>Izovr: Iks-portal.info<\/strong><\/p>\n","protected":false},"excerpt":{"rendered":"<p>Sve utakmice 17. kola Druge lige FBiH, skupina \u201eJug\u201c igraju se u subotu 3. travnja, lider Ljubu\u0161ki na svom travnjaku \u0107e ugostiti pretposljednju ekipu Bjelopoljca, Klis je doma\u0107in \u201efenjera\u0161u\u201c Kame\u0161nici. Derbi kola se igra u Jablanici gdje \u0161estoporedana Turbina, 24 boda je doma\u0107in tre\u0107eporedanoj Slogi iz GV-U koja ima tri boda vi\u0161e od Jablani\u010dana. Jedina [&hellip;]<\/p>\n","protected":false},"author":2,"featured_media":9146,"comment_status":"closed","ping_status":"closed","sticky":false,"template":"","format":"standard","meta":{"h5ap_radio_sources":[],"footnotes":""},"categories":[3],"tags":[],"class_list":["post-9145","post","type-post","status-publish","format-standard","has-post-thumbnail","hentry","category-ljubuski"],"yoast_head":"<!-- This site is optimized with the Yoast SEO plugin v27.5 - https:\/\/yoast.com\/product\/yoast-seo-wordpress\/ -->\n<title>Lagani zadaci Ljubu\u0161kog i Klisa, derbi u Jablanici, gostuje Sloga - RADIO LJUBU\u0160KI<\/title>\n<meta name=\"robots\" content=\"index, follow, max-snippet:-1, max-image-preview:large, max-video-preview:-1\" \/>\n<link rel=\"canonical\" href=\"https:\/\/radioljubuski.ba\/index.php\/2021\/04\/03\/lagani-zadaci-ljubuskog-i-klisa-derbi-u-jablanici-gostuje-sloga\/\" \/>\n<meta property=\"og:locale\" content=\"hr_HR\" \/>\n<meta property=\"og:type\" content=\"article\" \/>\n<meta property=\"og:title\" content=\"Lagani zadaci Ljubu\u0161kog i Klisa, derbi u Jablanici, gostuje Sloga - RADIO LJUBU\u0160KI\" \/>\n<meta property=\"og:description\" content=\"Sve utakmice 17. kola Druge lige FBiH, skupina \u201eJug\u201c igraju se u subotu 3. travnja, lider Ljubu\u0161ki na svom travnjaku \u0107e ugostiti pretposljednju ekipu Bjelopoljca, Klis je doma\u0107in \u201efenjera\u0161u\u201c Kame\u0161nici. Derbi kola se igra u Jablanici gdje \u0161estoporedana Turbina, 24 boda je doma\u0107in tre\u0107eporedanoj Slogi iz GV-U koja ima tri boda vi\u0161e od Jablani\u010dana. Jedina [&hellip;]\" \/>\n<meta property=\"og:url\" content=\"https:\/\/radioljubuski.ba\/index.php\/2021\/04\/03\/lagani-zadaci-ljubuskog-i-klisa-derbi-u-jablanici-gostuje-sloga\/\" \/>\n<meta property=\"og:site_name\" content=\"RADIO LJUBU\u0160KI\" \/>\n<meta property=\"article:publisher\" content=\"https:\/\/www.facebook.com\/Radiio-Ljubuski-1490835324566332\" \/>\n<meta property=\"article:published_time\" content=\"2021-04-03T08:06:59+00:00\" \/>\n<meta property=\"og:image\" content=\"https:\/\/radioljubuski.ba\/wp-content\/uploads\/2021\/04\/ljubuski-nk.jpg\" \/>\n\t<meta property=\"og:image:width\" content=\"1024\" \/>\n\t<meta property=\"og:image:height\" content=\"683\" \/>\n\t<meta property=\"og:image:type\" content=\"image\/jpeg\" \/>\n<meta name=\"author\" content=\"Radio Ljubu\u0161ki\" \/>\n<meta name=\"twitter:card\" content=\"summary_large_image\" \/>\n<meta name=\"twitter:creator\" content=\"@radioljubuski\" \/>\n<meta name=\"twitter:site\" content=\"@radioljubuski\" \/>\n<meta name=\"twitter:label1\" content=\"Napisao\/la\" \/>\n\t<meta name=\"twitter:data1\" content=\"Radio Ljubu\u0161ki\" \/>\n\t<meta name=\"twitter:label2\" content=\"Procijenjeno vrijeme \u010ditanja\" \/>\n\t<meta name=\"twitter:data2\" content=\"2 minute\" \/>\n<script type=\"application\/ld+json\" class=\"yoast-schema-graph\">{\"@context\":\"https:\\\/\\\/schema.org\",\"@graph\":[{\"@type\":\"Article\",\"@id\":\"https:\\\/\\\/radioljubuski.ba\\\/index.php\\\/2021\\\/04\\\/03\\\/lagani-zadaci-ljubuskog-i-klisa-derbi-u-jablanici-gostuje-sloga\\\/#article\",\"isPartOf\":{\"@id\":\"https:\\\/\\\/radioljubuski.ba\\\/index.php\\\/2021\\\/04\\\/03\\\/lagani-zadaci-ljubuskog-i-klisa-derbi-u-jablanici-gostuje-sloga\\\/\"},\"author\":{\"name\":\"Radio Ljubu\u0161ki\",\"@id\":\"https:\\\/\\\/radioljubuski.ba\\\/#\\\/schema\\\/person\\\/19fc700381a780f69665d7956c469e3b\"},\"headline\":\"Lagani zadaci Ljubu\u0161kog i Klisa, derbi u Jablanici, gostuje Sloga\",\"datePublished\":\"2021-04-03T08:06:59+00:00\",\"mainEntityOfPage\":{\"@id\":\"https:\\\/\\\/radioljubuski.ba\\\/index.php\\\/2021\\\/04\\\/03\\\/lagani-zadaci-ljubuskog-i-klisa-derbi-u-jablanici-gostuje-sloga\\\/\"},\"wordCount\":293,\"publisher\":{\"@id\":\"https:\\\/\\\/radioljubuski.ba\\\/#organization\"},\"image\":{\"@id\":\"https:\\\/\\\/radioljubuski.ba\\\/index.php\\\/2021\\\/04\\\/03\\\/lagani-zadaci-ljubuskog-i-klisa-derbi-u-jablanici-gostuje-sloga\\\/#primaryimage\"},\"thumbnailUrl\":\"https:\\\/\\\/radioljubuski.ba\\\/wp-content\\\/uploads\\\/2021\\\/04\\\/ljubuski-nk.jpg\",\"articleSection\":[\"Ljubu\u0161ki\"],\"inLanguage\":\"hr\"},{\"@type\":\"WebPage\",\"@id\":\"https:\\\/\\\/radioljubuski.ba\\\/index.php\\\/2021\\\/04\\\/03\\\/lagani-zadaci-ljubuskog-i-klisa-derbi-u-jablanici-gostuje-sloga\\\/\",\"url\":\"https:\\\/\\\/radioljubuski.ba\\\/index.php\\\/2021\\\/04\\\/03\\\/lagani-zadaci-ljubuskog-i-klisa-derbi-u-jablanici-gostuje-sloga\\\/\",\"name\":\"Lagani zadaci Ljubu\u0161kog i Klisa, derbi u Jablanici, gostuje Sloga - RADIO LJUBU\u0160KI\",\"isPartOf\":{\"@id\":\"https:\\\/\\\/radioljubuski.ba\\\/#website\"},\"primaryImageOfPage\":{\"@id\":\"https:\\\/\\\/radioljubuski.ba\\\/index.php\\\/2021\\\/04\\\/03\\\/lagani-zadaci-ljubuskog-i-klisa-derbi-u-jablanici-gostuje-sloga\\\/#primaryimage\"},\"image\":{\"@id\":\"https:\\\/\\\/radioljubuski.ba\\\/index.php\\\/2021\\\/04\\\/03\\\/lagani-zadaci-ljubuskog-i-klisa-derbi-u-jablanici-gostuje-sloga\\\/#primaryimage\"},\"thumbnailUrl\":\"https:\\\/\\\/radioljubuski.ba\\\/wp-content\\\/uploads\\\/2021\\\/04\\\/ljubuski-nk.jpg\",\"datePublished\":\"2021-04-03T08:06:59+00:00\",\"breadcrumb\":{\"@id\":\"https:\\\/\\\/radioljubuski.ba\\\/index.php\\\/2021\\\/04\\\/03\\\/lagani-zadaci-ljubuskog-i-klisa-derbi-u-jablanici-gostuje-sloga\\\/#breadcrumb\"},\"inLanguage\":\"hr\",\"potentialAction\":[{\"@type\":\"ReadAction\",\"target\":[\"https:\\\/\\\/radioljubuski.ba\\\/index.php\\\/2021\\\/04\\\/03\\\/lagani-zadaci-ljubuskog-i-klisa-derbi-u-jablanici-gostuje-sloga\\\/\"]}]},{\"@type\":\"ImageObject\",\"inLanguage\":\"hr\",\"@id\":\"https:\\\/\\\/radioljubuski.ba\\\/index.php\\\/2021\\\/04\\\/03\\\/lagani-zadaci-ljubuskog-i-klisa-derbi-u-jablanici-gostuje-sloga\\\/#primaryimage\",\"url\":\"https:\\\/\\\/radioljubuski.ba\\\/wp-content\\\/uploads\\\/2021\\\/04\\\/ljubuski-nk.jpg\",\"contentUrl\":\"https:\\\/\\\/radioljubuski.ba\\\/wp-content\\\/uploads\\\/2021\\\/04\\\/ljubuski-nk.jpg\",\"width\":1024,\"height\":683},{\"@type\":\"BreadcrumbList\",\"@id\":\"https:\\\/\\\/radioljubuski.ba\\\/index.php\\\/2021\\\/04\\\/03\\\/lagani-zadaci-ljubuskog-i-klisa-derbi-u-jablanici-gostuje-sloga\\\/#breadcrumb\",\"itemListElement\":[{\"@type\":\"ListItem\",\"position\":1,\"name\":\"Po\u010detna stranica\",\"item\":\"https:\\\/\\\/radioljubuski.ba\\\/\"},{\"@type\":\"ListItem\",\"position\":2,\"name\":\"Lagani zadaci Ljubu\u0161kog i Klisa, derbi u Jablanici, gostuje Sloga\"}]},{\"@type\":\"WebSite\",\"@id\":\"https:\\\/\\\/radioljubuski.ba\\\/#website\",\"url\":\"https:\\\/\\\/radioljubuski.ba\\\/\",\"name\":\"Radio Ljubu\u0161ki\",\"description\":\"Sun\u010dana frekvencija Hercegovine\",\"publisher\":{\"@id\":\"https:\\\/\\\/radioljubuski.ba\\\/#organization\"},\"potentialAction\":[{\"@type\":\"SearchAction\",\"target\":{\"@type\":\"EntryPoint\",\"urlTemplate\":\"https:\\\/\\\/radioljubuski.ba\\\/?s={search_term_string}\"},\"query-input\":{\"@type\":\"PropertyValueSpecification\",\"valueRequired\":true,\"valueName\":\"search_term_string\"}}],\"inLanguage\":\"hr\"},{\"@type\":\"Organization\",\"@id\":\"https:\\\/\\\/radioljubuski.ba\\\/#organization\",\"name\":\"Radio Ljubu\u0161ki\",\"url\":\"https:\\\/\\\/radioljubuski.ba\\\/\",\"logo\":{\"@type\":\"ImageObject\",\"inLanguage\":\"hr\",\"@id\":\"https:\\\/\\\/radioljubuski.ba\\\/#\\\/schema\\\/logo\\\/image\\\/\",\"url\":\"https:\\\/\\\/radioljubuski.ba\\\/wp-content\\\/uploads\\\/2021\\\/02\\\/cropped-Radio_Ljubuski_logo1.jpg\",\"contentUrl\":\"https:\\\/\\\/radioljubuski.ba\\\/wp-content\\\/uploads\\\/2021\\\/02\\\/cropped-Radio_Ljubuski_logo1.jpg\",\"width\":512,\"height\":512,\"caption\":\"Radio Ljubu\u0161ki\"},\"image\":{\"@id\":\"https:\\\/\\\/radioljubuski.ba\\\/#\\\/schema\\\/logo\\\/image\\\/\"},\"sameAs\":[\"https:\\\/\\\/www.facebook.com\\\/Radiio-Ljubuski-1490835324566332\",\"https:\\\/\\\/x.com\\\/radioljubuski\",\"https:\\\/\\\/hr.linkedin.com\\\/company\\\/radio-ljubuski\",\"https:\\\/\\\/www.youtube.com\\\/channel\\\/UCHYaeO_n0Db3tjNGudGpXyw\"]},{\"@type\":\"Person\",\"@id\":\"https:\\\/\\\/radioljubuski.ba\\\/#\\\/schema\\\/person\\\/19fc700381a780f69665d7956c469e3b\",\"name\":\"Radio Ljubu\u0161ki\"}]}<\/script>\n<!-- \/ Yoast SEO plugin. -->","yoast_head_json":{"title":"Lagani zadaci Ljubu\u0161kog i Klisa, derbi u Jablanici, gostuje Sloga - RADIO LJUBU\u0160KI","robots":{"index":"index","follow":"follow","max-snippet":"max-snippet:-1","max-image-preview":"max-image-preview:large","max-video-preview":"max-video-preview:-1"},"canonical":"https:\/\/radioljubuski.ba\/index.php\/2021\/04\/03\/lagani-zadaci-ljubuskog-i-klisa-derbi-u-jablanici-gostuje-sloga\/","og_locale":"hr_HR","og_type":"article","og_title":"Lagani zadaci Ljubu\u0161kog i Klisa, derbi u Jablanici, gostuje Sloga - RADIO LJUBU\u0160KI","og_description":"Sve utakmice 17. kola Druge lige FBiH, skupina \u201eJug\u201c igraju se u subotu 3. travnja, lider Ljubu\u0161ki na svom travnjaku \u0107e ugostiti pretposljednju ekipu Bjelopoljca, Klis je doma\u0107in \u201efenjera\u0161u\u201c Kame\u0161nici. Derbi kola se igra u Jablanici gdje \u0161estoporedana Turbina, 24 boda je doma\u0107in tre\u0107eporedanoj Slogi iz GV-U koja ima tri boda vi\u0161e od Jablani\u010dana. Jedina [&hellip;]","og_url":"https:\/\/radioljubuski.ba\/index.php\/2021\/04\/03\/lagani-zadaci-ljubuskog-i-klisa-derbi-u-jablanici-gostuje-sloga\/","og_site_name":"RADIO LJUBU\u0160KI","article_publisher":"https:\/\/www.facebook.com\/Radiio-Ljubuski-1490835324566332","article_published_time":"2021-04-03T08:06:59+00:00","og_image":[{"width":1024,"height":683,"url":"https:\/\/radioljubuski.ba\/wp-content\/uploads\/2021\/04\/ljubuski-nk.jpg","type":"image\/jpeg"}],"author":"Radio Ljubu\u0161ki","twitter_card":"summary_large_image","twitter_creator":"@radioljubuski","twitter_site":"@radioljubuski","twitter_misc":{"Napisao\/la":"Radio Ljubu\u0161ki","Procijenjeno vrijeme \u010ditanja":"2 minute"},"schema":{"@context":"https:\/\/schema.org","@graph":[{"@type":"Article","@id":"https:\/\/radioljubuski.ba\/index.php\/2021\/04\/03\/lagani-zadaci-ljubuskog-i-klisa-derbi-u-jablanici-gostuje-sloga\/#article","isPartOf":{"@id":"https:\/\/radioljubuski.ba\/index.php\/2021\/04\/03\/lagani-zadaci-ljubuskog-i-klisa-derbi-u-jablanici-gostuje-sloga\/"},"author":{"name":"Radio Ljubu\u0161ki","@id":"https:\/\/radioljubuski.ba\/#\/schema\/person\/19fc700381a780f69665d7956c469e3b"},"headline":"Lagani zadaci Ljubu\u0161kog i Klisa, derbi u Jablanici, gostuje Sloga","datePublished":"2021-04-03T08:06:59+00:00","mainEntityOfPage":{"@id":"https:\/\/radioljubuski.ba\/index.php\/2021\/04\/03\/lagani-zadaci-ljubuskog-i-klisa-derbi-u-jablanici-gostuje-sloga\/"},"wordCount":293,"publisher":{"@id":"https:\/\/radioljubuski.ba\/#organization"},"image":{"@id":"https:\/\/radioljubuski.ba\/index.php\/2021\/04\/03\/lagani-zadaci-ljubuskog-i-klisa-derbi-u-jablanici-gostuje-sloga\/#primaryimage"},"thumbnailUrl":"https:\/\/radioljubuski.ba\/wp-content\/uploads\/2021\/04\/ljubuski-nk.jpg","articleSection":["Ljubu\u0161ki"],"inLanguage":"hr"},{"@type":"WebPage","@id":"https:\/\/radioljubuski.ba\/index.php\/2021\/04\/03\/lagani-zadaci-ljubuskog-i-klisa-derbi-u-jablanici-gostuje-sloga\/","url":"https:\/\/radioljubuski.ba\/index.php\/2021\/04\/03\/lagani-zadaci-ljubuskog-i-klisa-derbi-u-jablanici-gostuje-sloga\/","name":"Lagani zadaci Ljubu\u0161kog i Klisa, derbi u Jablanici, gostuje Sloga - RADIO LJUBU\u0160KI","isPartOf":{"@id":"https:\/\/radioljubuski.ba\/#website"},"primaryImageOfPage":{"@id":"https:\/\/radioljubuski.ba\/index.php\/2021\/04\/03\/lagani-zadaci-ljubuskog-i-klisa-derbi-u-jablanici-gostuje-sloga\/#primaryimage"},"image":{"@id":"https:\/\/radioljubuski.ba\/index.php\/2021\/04\/03\/lagani-zadaci-ljubuskog-i-klisa-derbi-u-jablanici-gostuje-sloga\/#primaryimage"},"thumbnailUrl":"https:\/\/radioljubuski.ba\/wp-content\/uploads\/2021\/04\/ljubuski-nk.jpg","datePublished":"2021-04-03T08:06:59+00:00","breadcrumb":{"@id":"https:\/\/radioljubuski.ba\/index.php\/2021\/04\/03\/lagani-zadaci-ljubuskog-i-klisa-derbi-u-jablanici-gostuje-sloga\/#breadcrumb"},"inLanguage":"hr","potentialAction":[{"@type":"ReadAction","target":["https:\/\/radioljubuski.ba\/index.php\/2021\/04\/03\/lagani-zadaci-ljubuskog-i-klisa-derbi-u-jablanici-gostuje-sloga\/"]}]},{"@type":"ImageObject","inLanguage":"hr","@id":"https:\/\/radioljubuski.ba\/index.php\/2021\/04\/03\/lagani-zadaci-ljubuskog-i-klisa-derbi-u-jablanici-gostuje-sloga\/#primaryimage","url":"https:\/\/radioljubuski.ba\/wp-content\/uploads\/2021\/04\/ljubuski-nk.jpg","contentUrl":"https:\/\/radioljubuski.ba\/wp-content\/uploads\/2021\/04\/ljubuski-nk.jpg","width":1024,"height":683},{"@type":"BreadcrumbList","@id":"https:\/\/radioljubuski.ba\/index.php\/2021\/04\/03\/lagani-zadaci-ljubuskog-i-klisa-derbi-u-jablanici-gostuje-sloga\/#breadcrumb","itemListElement":[{"@type":"ListItem","position":1,"name":"Po\u010detna stranica","item":"https:\/\/radioljubuski.ba\/"},{"@type":"ListItem","position":2,"name":"Lagani zadaci Ljubu\u0161kog i Klisa, derbi u Jablanici, gostuje Sloga"}]},{"@type":"WebSite","@id":"https:\/\/radioljubuski.ba\/#website","url":"https:\/\/radioljubuski.ba\/","name":"Radio Ljubu\u0161ki","description":"Sun\u010dana frekvencija Hercegovine","publisher":{"@id":"https:\/\/radioljubuski.ba\/#organization"},"potentialAction":[{"@type":"SearchAction","target":{"@type":"EntryPoint","urlTemplate":"https:\/\/radioljubuski.ba\/?s={search_term_string}"},"query-input":{"@type":"PropertyValueSpecification","valueRequired":true,"valueName":"search_term_string"}}],"inLanguage":"hr"},{"@type":"Organization","@id":"https:\/\/radioljubuski.ba\/#organization","name":"Radio Ljubu\u0161ki","url":"https:\/\/radioljubuski.ba\/","logo":{"@type":"ImageObject","inLanguage":"hr","@id":"https:\/\/radioljubuski.ba\/#\/schema\/logo\/image\/","url":"https:\/\/radioljubuski.ba\/wp-content\/uploads\/2021\/02\/cropped-Radio_Ljubuski_logo1.jpg","contentUrl":"https:\/\/radioljubuski.ba\/wp-content\/uploads\/2021\/02\/cropped-Radio_Ljubuski_logo1.jpg","width":512,"height":512,"caption":"Radio Ljubu\u0161ki"},"image":{"@id":"https:\/\/radioljubuski.ba\/#\/schema\/logo\/image\/"},"sameAs":["https:\/\/www.facebook.com\/Radiio-Ljubuski-1490835324566332","https:\/\/x.com\/radioljubuski","https:\/\/hr.linkedin.com\/company\/radio-ljubuski","https:\/\/www.youtube.com\/channel\/UCHYaeO_n0Db3tjNGudGpXyw"]},{"@type":"Person","@id":"https:\/\/radioljubuski.ba\/#\/schema\/person\/19fc700381a780f69665d7956c469e3b","name":"Radio Ljubu\u0161ki"}]}},"_links":{"self":[{"href":"https:\/\/radioljubuski.ba\/index.php\/wp-json\/wp\/v2\/posts\/9145","targetHints":{"allow":["GET"]}}],"collection":[{"href":"https:\/\/radioljubuski.ba\/index.php\/wp-json\/wp\/v2\/posts"}],"about":[{"href":"https:\/\/radioljubuski.ba\/index.php\/wp-json\/wp\/v2\/types\/post"}],"author":[{"embeddable":true,"href":"https:\/\/radioljubuski.ba\/index.php\/wp-json\/wp\/v2\/users\/2"}],"replies":[{"embeddable":true,"href":"https:\/\/radioljubuski.ba\/index.php\/wp-json\/wp\/v2\/comments?post=9145"}],"version-history":[{"count":1,"href":"https:\/\/radioljubuski.ba\/index.php\/wp-json\/wp\/v2\/posts\/9145\/revisions"}],"predecessor-version":[{"id":9147,"href":"https:\/\/radioljubuski.ba\/index.php\/wp-json\/wp\/v2\/posts\/9145\/revisions\/9147"}],"wp:featuredmedia":[{"embeddable":true,"href":"https:\/\/radioljubuski.ba\/index.php\/wp-json\/wp\/v2\/media\/9146"}],"wp:attachment":[{"href":"https:\/\/radioljubuski.ba\/index.php\/wp-json\/wp\/v2\/media?parent=9145"}],"wp:term":[{"taxonomy":"category","embeddable":true,"href":"https:\/\/radioljubuski.ba\/index.php\/wp-json\/wp\/v2\/categories?post=9145"},{"taxonomy":"post_tag","embeddable":true,"href":"https:\/\/radioljubuski.ba\/index.php\/wp-json\/wp\/v2\/tags?post=9145"}],"curies":[{"name":"wp","href":"https:\/\/api.w.org\/{rel}","templated":true}]}}