{"id":9190,"date":"2021-04-03T10:30:11","date_gmt":"2021-04-03T09:30:11","guid":{"rendered":"https:\/\/radioljubuski.ba\/?p=9190"},"modified":"2021-04-03T10:30:13","modified_gmt":"2021-04-03T09:30:13","slug":"djevojcica-i-dalje-kriticno-aladrovic-u-13-sati-o-rezultatima-nadzora","status":"publish","type":"post","link":"https:\/\/radioljubuski.ba\/index.php\/2021\/04\/03\/djevojcica-i-dalje-kriticno-aladrovic-u-13-sati-o-rezultatima-nadzora\/","title":{"rendered":"Djevoj\u010dica i dalje kriti\u010dno, Aladrovi\u0107 u 13 sati o rezultatima nadzora"},"content":{"rendered":"\n<p>Roditelji dvoipolgodi\u0161nje djevoj\u010dice koja je u iznimno te\u0161kom stanju dovezena iz Nove Gradi\u0161ke u zagreba\u010dku dje\u010dju bolnicu danas \u0107e biti ispitani u \u017dupanijskom dr\u017eavnom odvjetni\u0161tvu u Slavonskom Brodu.\u00a0Kako je policija otkrila, zlostavljali su i tjelesno ka\u017enjavali dijete, \u0161to je uzrok njezinih te\u0161kih ozljeda. Pokrenut je i postupak razrje\u0161enja ravnatelja novogradi\u0161koga Centra za socijalnu skrb. Prema posljednjim podacima, djevoj\u010dica je i dalje vrlo kriti\u010dno i bori se za \u017eivot.<\/p>\n\n\n\n<figure class=\"wp-block-embed is-type-wp-embed is-provider-radio-ljubuski wp-block-embed-radio-ljubuski\"><div class=\"wp-block-embed__wrapper\">\n<blockquote class=\"wp-embedded-content\" data-secret=\"ZpLYZwdLoA\"><a href=\"https:\/\/radioljubuski.ba\/index.php\/2021\/04\/02\/policija-o-detaljima-strasnog-slucaja-iz-nove-gradiske\/\">Policija o detaljima stra\u0161nog slu\u010daja iz Nove Gradi\u0161ke<\/a><\/blockquote><iframe loading=\"lazy\" class=\"wp-embedded-content\" sandbox=\"allow-scripts\" security=\"restricted\" style=\"position: absolute; clip: rect(1px, 1px, 1px, 1px);\" title=\"&#8220;Policija o detaljima stra\u0161nog slu\u010daja iz Nove Gradi\u0161ke&#8221; &#8212;   RADIO LJUBU\u0160KI\" src=\"https:\/\/radioljubuski.ba\/index.php\/2021\/04\/02\/policija-o-detaljima-strasnog-slucaja-iz-nove-gradiske\/embed\/#?secret=V615CgkXqh#?secret=ZpLYZwdLoA\" data-secret=\"ZpLYZwdLoA\" width=\"600\" height=\"338\" frameborder=\"0\" marginwidth=\"0\" marginheight=\"0\" scrolling=\"no\"><\/iframe>\n<\/div><\/figure>\n\n\n\n<p>Ministar rada, mirovinskog sustava, obitelji i socijalne politike <strong>Josip Aladrovi\u0107 <\/strong>u 13 sati dat \u0107e izjavu vezano uz rezultate upravnog nadzora Centra za socijalnu skrb u Novoj Gradi\u0161ki.<br><br>U povodu slu\u010daja te\u0161kog ozlje\u0111ivanja dvoipolgodi\u0161nje djevoj\u010dice, za \u010diji se \u017eivote bore lije\u010dnici, Ministarstvo rada, mirovinskog sustava, obitelji i socijalne politike u petak je poslalo izvanredni upravni nadzor u Centar za socijalnu skrb u Novoj Gradi\u0161ki.<\/p>\n\n\n\n<figure class=\"wp-block-embed is-type-wp-embed is-provider-radio-ljubuski wp-block-embed-radio-ljubuski\"><div class=\"wp-block-embed__wrapper\">\n<blockquote class=\"wp-embedded-content\" data-secret=\"qcMxaRePv3\"><a href=\"https:\/\/radioljubuski.ba\/index.php\/2021\/04\/02\/djevojcica-je-kriticno-medunic-nista-nije-upucivalo-da-bi-se-moglo-nesto-dogoditi\/\">Djevoj\u010dica je kriti\u010dno; Meduni\u0107: Ni\u0161ta nije upu\u0107ivalo da bi se moglo ne\u0161to dogoditi<\/a><\/blockquote><iframe loading=\"lazy\" class=\"wp-embedded-content\" sandbox=\"allow-scripts\" security=\"restricted\" style=\"position: absolute; clip: rect(1px, 1px, 1px, 1px);\" title=\"&#8220;Djevoj\u010dica je kriti\u010dno; Meduni\u0107: Ni\u0161ta nije upu\u0107ivalo da bi se moglo ne\u0161to dogoditi&#8221; &#8212;   RADIO LJUBU\u0160KI\" src=\"https:\/\/radioljubuski.ba\/index.php\/2021\/04\/02\/djevojcica-je-kriticno-medunic-nista-nije-upucivalo-da-bi-se-moglo-nesto-dogoditi\/embed\/#?secret=wySO6sOWpS#?secret=qcMxaRePv3\" data-secret=\"qcMxaRePv3\" width=\"600\" height=\"338\" frameborder=\"0\" marginwidth=\"0\" marginheight=\"0\" scrolling=\"no\"><\/iframe>\n<\/div><\/figure>\n\n\n\n<p>Pravobraniteljica za djecu Helenca Pirnat Dragi\u010devi\u0107 rekla je u sredi\u0161njem Dnevniku HTV-a da je rije\u010d o zastra\u0161uju\u0107em slu\u010daju te uputila apel.<\/p>\n\n\n\n<figure class=\"wp-block-embed is-type-wp-embed is-provider-radio-ljubuski wp-block-embed-radio-ljubuski\"><div class=\"wp-block-embed__wrapper\">\n<blockquote class=\"wp-embedded-content\" data-secret=\"Pin4kjuZap\"><a href=\"https:\/\/radioljubuski.ba\/index.php\/2021\/04\/02\/uhiceni-roditelji-djevojcice-koja-se-u-klaicevoj-bori-za-zivot\/\">Uhi\u0107eni roditelji djevoj\u010dice koja se u Klai\u0107evoj bori za \u017eivot<\/a><\/blockquote><iframe loading=\"lazy\" class=\"wp-embedded-content\" sandbox=\"allow-scripts\" security=\"restricted\" style=\"position: absolute; clip: rect(1px, 1px, 1px, 1px);\" title=\"&#8220;Uhi\u0107eni roditelji djevoj\u010dice koja se u Klai\u0107evoj bori za \u017eivot&#8221; &#8212;   RADIO LJUBU\u0160KI\" src=\"https:\/\/radioljubuski.ba\/index.php\/2021\/04\/02\/uhiceni-roditelji-djevojcice-koja-se-u-klaicevoj-bori-za-zivot\/embed\/#?secret=BFghHph2tQ#?secret=Pin4kjuZap\" data-secret=\"Pin4kjuZap\" width=\"600\" height=\"338\" frameborder=\"0\" marginwidth=\"0\" marginheight=\"0\" scrolling=\"no\"><\/iframe>\n<\/div><\/figure>\n\n\n\n<p><\/p>\n\n\n\n<p>Izvor:hrt.hr<\/p>\n","protected":false},"excerpt":{"rendered":"<p>Roditelji dvoipolgodi\u0161nje djevoj\u010dice koja je u iznimno te\u0161kom stanju dovezena iz Nove Gradi\u0161ke u zagreba\u010dku dje\u010dju bolnicu danas \u0107e biti ispitani u \u017dupanijskom dr\u017eavnom odvjetni\u0161tvu u Slavonskom Brodu.\u00a0Kako je policija otkrila, zlostavljali su i tjelesno ka\u017enjavali dijete, \u0161to je uzrok njezinih te\u0161kih ozljeda. Pokrenut je i postupak razrje\u0161enja ravnatelja novogradi\u0161koga Centra za socijalnu skrb. Prema [&hellip;]<\/p>\n","protected":false},"author":2,"featured_media":9191,"comment_status":"closed","ping_status":"closed","sticky":false,"template":"","format":"standard","meta":{"h5ap_radio_sources":[],"footnotes":""},"categories":[1],"tags":[],"class_list":["post-9190","post","type-post","status-publish","format-standard","has-post-thumbnail","hentry","category-bihiregija"],"yoast_head":"<!-- This site is optimized with the Yoast SEO plugin v27.5 - https:\/\/yoast.com\/product\/yoast-seo-wordpress\/ -->\n<title>Djevoj\u010dica i dalje kriti\u010dno, Aladrovi\u0107 u 13 sati o rezultatima nadzora - RADIO LJUBU\u0160KI<\/title>\n<meta name=\"robots\" content=\"index, follow, max-snippet:-1, max-image-preview:large, max-video-preview:-1\" \/>\n<link rel=\"canonical\" href=\"https:\/\/radioljubuski.ba\/index.php\/2021\/04\/03\/djevojcica-i-dalje-kriticno-aladrovic-u-13-sati-o-rezultatima-nadzora\/\" \/>\n<meta property=\"og:locale\" content=\"hr_HR\" \/>\n<meta property=\"og:type\" content=\"article\" \/>\n<meta property=\"og:title\" content=\"Djevoj\u010dica i dalje kriti\u010dno, Aladrovi\u0107 u 13 sati o rezultatima nadzora - RADIO LJUBU\u0160KI\" \/>\n<meta property=\"og:description\" content=\"Roditelji dvoipolgodi\u0161nje djevoj\u010dice koja je u iznimno te\u0161kom stanju dovezena iz Nove Gradi\u0161ke u zagreba\u010dku dje\u010dju bolnicu danas \u0107e biti ispitani u \u017dupanijskom dr\u017eavnom odvjetni\u0161tvu u Slavonskom Brodu.\u00a0Kako je policija otkrila, zlostavljali su i tjelesno ka\u017enjavali dijete, \u0161to je uzrok njezinih te\u0161kih ozljeda. Pokrenut je i postupak razrje\u0161enja ravnatelja novogradi\u0161koga Centra za socijalnu skrb. Prema [&hellip;]\" \/>\n<meta property=\"og:url\" content=\"https:\/\/radioljubuski.ba\/index.php\/2021\/04\/03\/djevojcica-i-dalje-kriticno-aladrovic-u-13-sati-o-rezultatima-nadzora\/\" \/>\n<meta property=\"og:site_name\" content=\"RADIO LJUBU\u0160KI\" \/>\n<meta property=\"article:publisher\" content=\"https:\/\/www.facebook.com\/Radiio-Ljubuski-1490835324566332\" \/>\n<meta property=\"article:published_time\" content=\"2021-04-03T09:30:11+00:00\" \/>\n<meta property=\"article:modified_time\" content=\"2021-04-03T09:30:13+00:00\" \/>\n<meta property=\"og:image\" content=\"https:\/\/radioljubuski.ba\/wp-content\/uploads\/2021\/04\/6-1.png\" \/>\n\t<meta property=\"og:image:width\" content=\"643\" \/>\n\t<meta property=\"og:image:height\" content=\"359\" \/>\n\t<meta property=\"og:image:type\" content=\"image\/png\" \/>\n<meta name=\"author\" content=\"Radio Ljubu\u0161ki\" \/>\n<meta name=\"twitter:card\" content=\"summary_large_image\" \/>\n<meta name=\"twitter:creator\" content=\"@radioljubuski\" \/>\n<meta name=\"twitter:site\" content=\"@radioljubuski\" \/>\n<meta name=\"twitter:label1\" content=\"Napisao\/la\" \/>\n\t<meta name=\"twitter:data1\" content=\"Radio Ljubu\u0161ki\" \/>\n\t<meta name=\"twitter:label2\" content=\"Procijenjeno vrijeme \u010ditanja\" \/>\n\t<meta name=\"twitter:data2\" content=\"1 minuta\" \/>\n<script type=\"application\/ld+json\" class=\"yoast-schema-graph\">{\"@context\":\"https:\\\/\\\/schema.org\",\"@graph\":[{\"@type\":\"Article\",\"@id\":\"https:\\\/\\\/radioljubuski.ba\\\/index.php\\\/2021\\\/04\\\/03\\\/djevojcica-i-dalje-kriticno-aladrovic-u-13-sati-o-rezultatima-nadzora\\\/#article\",\"isPartOf\":{\"@id\":\"https:\\\/\\\/radioljubuski.ba\\\/index.php\\\/2021\\\/04\\\/03\\\/djevojcica-i-dalje-kriticno-aladrovic-u-13-sati-o-rezultatima-nadzora\\\/\"},\"author\":{\"name\":\"Radio Ljubu\u0161ki\",\"@id\":\"https:\\\/\\\/radioljubuski.ba\\\/#\\\/schema\\\/person\\\/19fc700381a780f69665d7956c469e3b\"},\"headline\":\"Djevoj\u010dica i dalje kriti\u010dno, Aladrovi\u0107 u 13 sati o rezultatima nadzora\",\"datePublished\":\"2021-04-03T09:30:11+00:00\",\"dateModified\":\"2021-04-03T09:30:13+00:00\",\"mainEntityOfPage\":{\"@id\":\"https:\\\/\\\/radioljubuski.ba\\\/index.php\\\/2021\\\/04\\\/03\\\/djevojcica-i-dalje-kriticno-aladrovic-u-13-sati-o-rezultatima-nadzora\\\/\"},\"wordCount\":213,\"publisher\":{\"@id\":\"https:\\\/\\\/radioljubuski.ba\\\/#organization\"},\"image\":{\"@id\":\"https:\\\/\\\/radioljubuski.ba\\\/index.php\\\/2021\\\/04\\\/03\\\/djevojcica-i-dalje-kriticno-aladrovic-u-13-sati-o-rezultatima-nadzora\\\/#primaryimage\"},\"thumbnailUrl\":\"https:\\\/\\\/radioljubuski.ba\\\/wp-content\\\/uploads\\\/2021\\\/04\\\/6-1.png\",\"articleSection\":[\"BIH i regija\"],\"inLanguage\":\"hr\"},{\"@type\":\"WebPage\",\"@id\":\"https:\\\/\\\/radioljubuski.ba\\\/index.php\\\/2021\\\/04\\\/03\\\/djevojcica-i-dalje-kriticno-aladrovic-u-13-sati-o-rezultatima-nadzora\\\/\",\"url\":\"https:\\\/\\\/radioljubuski.ba\\\/index.php\\\/2021\\\/04\\\/03\\\/djevojcica-i-dalje-kriticno-aladrovic-u-13-sati-o-rezultatima-nadzora\\\/\",\"name\":\"Djevoj\u010dica i dalje kriti\u010dno, Aladrovi\u0107 u 13 sati o rezultatima nadzora - RADIO LJUBU\u0160KI\",\"isPartOf\":{\"@id\":\"https:\\\/\\\/radioljubuski.ba\\\/#website\"},\"primaryImageOfPage\":{\"@id\":\"https:\\\/\\\/radioljubuski.ba\\\/index.php\\\/2021\\\/04\\\/03\\\/djevojcica-i-dalje-kriticno-aladrovic-u-13-sati-o-rezultatima-nadzora\\\/#primaryimage\"},\"image\":{\"@id\":\"https:\\\/\\\/radioljubuski.ba\\\/index.php\\\/2021\\\/04\\\/03\\\/djevojcica-i-dalje-kriticno-aladrovic-u-13-sati-o-rezultatima-nadzora\\\/#primaryimage\"},\"thumbnailUrl\":\"https:\\\/\\\/radioljubuski.ba\\\/wp-content\\\/uploads\\\/2021\\\/04\\\/6-1.png\",\"datePublished\":\"2021-04-03T09:30:11+00:00\",\"dateModified\":\"2021-04-03T09:30:13+00:00\",\"breadcrumb\":{\"@id\":\"https:\\\/\\\/radioljubuski.ba\\\/index.php\\\/2021\\\/04\\\/03\\\/djevojcica-i-dalje-kriticno-aladrovic-u-13-sati-o-rezultatima-nadzora\\\/#breadcrumb\"},\"inLanguage\":\"hr\",\"potentialAction\":[{\"@type\":\"ReadAction\",\"target\":[\"https:\\\/\\\/radioljubuski.ba\\\/index.php\\\/2021\\\/04\\\/03\\\/djevojcica-i-dalje-kriticno-aladrovic-u-13-sati-o-rezultatima-nadzora\\\/\"]}]},{\"@type\":\"ImageObject\",\"inLanguage\":\"hr\",\"@id\":\"https:\\\/\\\/radioljubuski.ba\\\/index.php\\\/2021\\\/04\\\/03\\\/djevojcica-i-dalje-kriticno-aladrovic-u-13-sati-o-rezultatima-nadzora\\\/#primaryimage\",\"url\":\"https:\\\/\\\/radioljubuski.ba\\\/wp-content\\\/uploads\\\/2021\\\/04\\\/6-1.png\",\"contentUrl\":\"https:\\\/\\\/radioljubuski.ba\\\/wp-content\\\/uploads\\\/2021\\\/04\\\/6-1.png\",\"width\":643,\"height\":359},{\"@type\":\"BreadcrumbList\",\"@id\":\"https:\\\/\\\/radioljubuski.ba\\\/index.php\\\/2021\\\/04\\\/03\\\/djevojcica-i-dalje-kriticno-aladrovic-u-13-sati-o-rezultatima-nadzora\\\/#breadcrumb\",\"itemListElement\":[{\"@type\":\"ListItem\",\"position\":1,\"name\":\"Po\u010detna stranica\",\"item\":\"https:\\\/\\\/radioljubuski.ba\\\/\"},{\"@type\":\"ListItem\",\"position\":2,\"name\":\"Djevoj\u010dica i dalje kriti\u010dno, Aladrovi\u0107 u 13 sati o rezultatima nadzora\"}]},{\"@type\":\"WebSite\",\"@id\":\"https:\\\/\\\/radioljubuski.ba\\\/#website\",\"url\":\"https:\\\/\\\/radioljubuski.ba\\\/\",\"name\":\"Radio Ljubu\u0161ki\",\"description\":\"Sun\u010dana frekvencija Hercegovine\",\"publisher\":{\"@id\":\"https:\\\/\\\/radioljubuski.ba\\\/#organization\"},\"potentialAction\":[{\"@type\":\"SearchAction\",\"target\":{\"@type\":\"EntryPoint\",\"urlTemplate\":\"https:\\\/\\\/radioljubuski.ba\\\/?s={search_term_string}\"},\"query-input\":{\"@type\":\"PropertyValueSpecification\",\"valueRequired\":true,\"valueName\":\"search_term_string\"}}],\"inLanguage\":\"hr\"},{\"@type\":\"Organization\",\"@id\":\"https:\\\/\\\/radioljubuski.ba\\\/#organization\",\"name\":\"Radio Ljubu\u0161ki\",\"url\":\"https:\\\/\\\/radioljubuski.ba\\\/\",\"logo\":{\"@type\":\"ImageObject\",\"inLanguage\":\"hr\",\"@id\":\"https:\\\/\\\/radioljubuski.ba\\\/#\\\/schema\\\/logo\\\/image\\\/\",\"url\":\"https:\\\/\\\/radioljubuski.ba\\\/wp-content\\\/uploads\\\/2021\\\/02\\\/cropped-Radio_Ljubuski_logo1.jpg\",\"contentUrl\":\"https:\\\/\\\/radioljubuski.ba\\\/wp-content\\\/uploads\\\/2021\\\/02\\\/cropped-Radio_Ljubuski_logo1.jpg\",\"width\":512,\"height\":512,\"caption\":\"Radio Ljubu\u0161ki\"},\"image\":{\"@id\":\"https:\\\/\\\/radioljubuski.ba\\\/#\\\/schema\\\/logo\\\/image\\\/\"},\"sameAs\":[\"https:\\\/\\\/www.facebook.com\\\/Radiio-Ljubuski-1490835324566332\",\"https:\\\/\\\/x.com\\\/radioljubuski\",\"https:\\\/\\\/hr.linkedin.com\\\/company\\\/radio-ljubuski\",\"https:\\\/\\\/www.youtube.com\\\/channel\\\/UCHYaeO_n0Db3tjNGudGpXyw\"]},{\"@type\":\"Person\",\"@id\":\"https:\\\/\\\/radioljubuski.ba\\\/#\\\/schema\\\/person\\\/19fc700381a780f69665d7956c469e3b\",\"name\":\"Radio Ljubu\u0161ki\"}]}<\/script>\n<!-- \/ Yoast SEO plugin. -->","yoast_head_json":{"title":"Djevoj\u010dica i dalje kriti\u010dno, Aladrovi\u0107 u 13 sati o rezultatima nadzora - RADIO LJUBU\u0160KI","robots":{"index":"index","follow":"follow","max-snippet":"max-snippet:-1","max-image-preview":"max-image-preview:large","max-video-preview":"max-video-preview:-1"},"canonical":"https:\/\/radioljubuski.ba\/index.php\/2021\/04\/03\/djevojcica-i-dalje-kriticno-aladrovic-u-13-sati-o-rezultatima-nadzora\/","og_locale":"hr_HR","og_type":"article","og_title":"Djevoj\u010dica i dalje kriti\u010dno, Aladrovi\u0107 u 13 sati o rezultatima nadzora - RADIO LJUBU\u0160KI","og_description":"Roditelji dvoipolgodi\u0161nje djevoj\u010dice koja je u iznimno te\u0161kom stanju dovezena iz Nove Gradi\u0161ke u zagreba\u010dku dje\u010dju bolnicu danas \u0107e biti ispitani u \u017dupanijskom dr\u017eavnom odvjetni\u0161tvu u Slavonskom Brodu.\u00a0Kako je policija otkrila, zlostavljali su i tjelesno ka\u017enjavali dijete, \u0161to je uzrok njezinih te\u0161kih ozljeda. Pokrenut je i postupak razrje\u0161enja ravnatelja novogradi\u0161koga Centra za socijalnu skrb. Prema [&hellip;]","og_url":"https:\/\/radioljubuski.ba\/index.php\/2021\/04\/03\/djevojcica-i-dalje-kriticno-aladrovic-u-13-sati-o-rezultatima-nadzora\/","og_site_name":"RADIO LJUBU\u0160KI","article_publisher":"https:\/\/www.facebook.com\/Radiio-Ljubuski-1490835324566332","article_published_time":"2021-04-03T09:30:11+00:00","article_modified_time":"2021-04-03T09:30:13+00:00","og_image":[{"width":643,"height":359,"url":"https:\/\/radioljubuski.ba\/wp-content\/uploads\/2021\/04\/6-1.png","type":"image\/png"}],"author":"Radio Ljubu\u0161ki","twitter_card":"summary_large_image","twitter_creator":"@radioljubuski","twitter_site":"@radioljubuski","twitter_misc":{"Napisao\/la":"Radio Ljubu\u0161ki","Procijenjeno vrijeme \u010ditanja":"1 minuta"},"schema":{"@context":"https:\/\/schema.org","@graph":[{"@type":"Article","@id":"https:\/\/radioljubuski.ba\/index.php\/2021\/04\/03\/djevojcica-i-dalje-kriticno-aladrovic-u-13-sati-o-rezultatima-nadzora\/#article","isPartOf":{"@id":"https:\/\/radioljubuski.ba\/index.php\/2021\/04\/03\/djevojcica-i-dalje-kriticno-aladrovic-u-13-sati-o-rezultatima-nadzora\/"},"author":{"name":"Radio Ljubu\u0161ki","@id":"https:\/\/radioljubuski.ba\/#\/schema\/person\/19fc700381a780f69665d7956c469e3b"},"headline":"Djevoj\u010dica i dalje kriti\u010dno, Aladrovi\u0107 u 13 sati o rezultatima nadzora","datePublished":"2021-04-03T09:30:11+00:00","dateModified":"2021-04-03T09:30:13+00:00","mainEntityOfPage":{"@id":"https:\/\/radioljubuski.ba\/index.php\/2021\/04\/03\/djevojcica-i-dalje-kriticno-aladrovic-u-13-sati-o-rezultatima-nadzora\/"},"wordCount":213,"publisher":{"@id":"https:\/\/radioljubuski.ba\/#organization"},"image":{"@id":"https:\/\/radioljubuski.ba\/index.php\/2021\/04\/03\/djevojcica-i-dalje-kriticno-aladrovic-u-13-sati-o-rezultatima-nadzora\/#primaryimage"},"thumbnailUrl":"https:\/\/radioljubuski.ba\/wp-content\/uploads\/2021\/04\/6-1.png","articleSection":["BIH i regija"],"inLanguage":"hr"},{"@type":"WebPage","@id":"https:\/\/radioljubuski.ba\/index.php\/2021\/04\/03\/djevojcica-i-dalje-kriticno-aladrovic-u-13-sati-o-rezultatima-nadzora\/","url":"https:\/\/radioljubuski.ba\/index.php\/2021\/04\/03\/djevojcica-i-dalje-kriticno-aladrovic-u-13-sati-o-rezultatima-nadzora\/","name":"Djevoj\u010dica i dalje kriti\u010dno, Aladrovi\u0107 u 13 sati o rezultatima nadzora - RADIO LJUBU\u0160KI","isPartOf":{"@id":"https:\/\/radioljubuski.ba\/#website"},"primaryImageOfPage":{"@id":"https:\/\/radioljubuski.ba\/index.php\/2021\/04\/03\/djevojcica-i-dalje-kriticno-aladrovic-u-13-sati-o-rezultatima-nadzora\/#primaryimage"},"image":{"@id":"https:\/\/radioljubuski.ba\/index.php\/2021\/04\/03\/djevojcica-i-dalje-kriticno-aladrovic-u-13-sati-o-rezultatima-nadzora\/#primaryimage"},"thumbnailUrl":"https:\/\/radioljubuski.ba\/wp-content\/uploads\/2021\/04\/6-1.png","datePublished":"2021-04-03T09:30:11+00:00","dateModified":"2021-04-03T09:30:13+00:00","breadcrumb":{"@id":"https:\/\/radioljubuski.ba\/index.php\/2021\/04\/03\/djevojcica-i-dalje-kriticno-aladrovic-u-13-sati-o-rezultatima-nadzora\/#breadcrumb"},"inLanguage":"hr","potentialAction":[{"@type":"ReadAction","target":["https:\/\/radioljubuski.ba\/index.php\/2021\/04\/03\/djevojcica-i-dalje-kriticno-aladrovic-u-13-sati-o-rezultatima-nadzora\/"]}]},{"@type":"ImageObject","inLanguage":"hr","@id":"https:\/\/radioljubuski.ba\/index.php\/2021\/04\/03\/djevojcica-i-dalje-kriticno-aladrovic-u-13-sati-o-rezultatima-nadzora\/#primaryimage","url":"https:\/\/radioljubuski.ba\/wp-content\/uploads\/2021\/04\/6-1.png","contentUrl":"https:\/\/radioljubuski.ba\/wp-content\/uploads\/2021\/04\/6-1.png","width":643,"height":359},{"@type":"BreadcrumbList","@id":"https:\/\/radioljubuski.ba\/index.php\/2021\/04\/03\/djevojcica-i-dalje-kriticno-aladrovic-u-13-sati-o-rezultatima-nadzora\/#breadcrumb","itemListElement":[{"@type":"ListItem","position":1,"name":"Po\u010detna stranica","item":"https:\/\/radioljubuski.ba\/"},{"@type":"ListItem","position":2,"name":"Djevoj\u010dica i dalje kriti\u010dno, Aladrovi\u0107 u 13 sati o rezultatima nadzora"}]},{"@type":"WebSite","@id":"https:\/\/radioljubuski.ba\/#website","url":"https:\/\/radioljubuski.ba\/","name":"Radio Ljubu\u0161ki","description":"Sun\u010dana frekvencija Hercegovine","publisher":{"@id":"https:\/\/radioljubuski.ba\/#organization"},"potentialAction":[{"@type":"SearchAction","target":{"@type":"EntryPoint","urlTemplate":"https:\/\/radioljubuski.ba\/?s={search_term_string}"},"query-input":{"@type":"PropertyValueSpecification","valueRequired":true,"valueName":"search_term_string"}}],"inLanguage":"hr"},{"@type":"Organization","@id":"https:\/\/radioljubuski.ba\/#organization","name":"Radio Ljubu\u0161ki","url":"https:\/\/radioljubuski.ba\/","logo":{"@type":"ImageObject","inLanguage":"hr","@id":"https:\/\/radioljubuski.ba\/#\/schema\/logo\/image\/","url":"https:\/\/radioljubuski.ba\/wp-content\/uploads\/2021\/02\/cropped-Radio_Ljubuski_logo1.jpg","contentUrl":"https:\/\/radioljubuski.ba\/wp-content\/uploads\/2021\/02\/cropped-Radio_Ljubuski_logo1.jpg","width":512,"height":512,"caption":"Radio Ljubu\u0161ki"},"image":{"@id":"https:\/\/radioljubuski.ba\/#\/schema\/logo\/image\/"},"sameAs":["https:\/\/www.facebook.com\/Radiio-Ljubuski-1490835324566332","https:\/\/x.com\/radioljubuski","https:\/\/hr.linkedin.com\/company\/radio-ljubuski","https:\/\/www.youtube.com\/channel\/UCHYaeO_n0Db3tjNGudGpXyw"]},{"@type":"Person","@id":"https:\/\/radioljubuski.ba\/#\/schema\/person\/19fc700381a780f69665d7956c469e3b","name":"Radio Ljubu\u0161ki"}]}},"_links":{"self":[{"href":"https:\/\/radioljubuski.ba\/index.php\/wp-json\/wp\/v2\/posts\/9190","targetHints":{"allow":["GET"]}}],"collection":[{"href":"https:\/\/radioljubuski.ba\/index.php\/wp-json\/wp\/v2\/posts"}],"about":[{"href":"https:\/\/radioljubuski.ba\/index.php\/wp-json\/wp\/v2\/types\/post"}],"author":[{"embeddable":true,"href":"https:\/\/radioljubuski.ba\/index.php\/wp-json\/wp\/v2\/users\/2"}],"replies":[{"embeddable":true,"href":"https:\/\/radioljubuski.ba\/index.php\/wp-json\/wp\/v2\/comments?post=9190"}],"version-history":[{"count":1,"href":"https:\/\/radioljubuski.ba\/index.php\/wp-json\/wp\/v2\/posts\/9190\/revisions"}],"predecessor-version":[{"id":9198,"href":"https:\/\/radioljubuski.ba\/index.php\/wp-json\/wp\/v2\/posts\/9190\/revisions\/9198"}],"wp:featuredmedia":[{"embeddable":true,"href":"https:\/\/radioljubuski.ba\/index.php\/wp-json\/wp\/v2\/media\/9191"}],"wp:attachment":[{"href":"https:\/\/radioljubuski.ba\/index.php\/wp-json\/wp\/v2\/media?parent=9190"}],"wp:term":[{"taxonomy":"category","embeddable":true,"href":"https:\/\/radioljubuski.ba\/index.php\/wp-json\/wp\/v2\/categories?post=9190"},{"taxonomy":"post_tag","embeddable":true,"href":"https:\/\/radioljubuski.ba\/index.php\/wp-json\/wp\/v2\/tags?post=9190"}],"curies":[{"name":"wp","href":"https:\/\/api.w.org\/{rel}","templated":true}]}}