{"id":92202,"date":"2021-11-25T13:23:25","date_gmt":"2021-11-25T12:23:25","guid":{"rendered":"https:\/\/radioljubuski.ba\/?p=92202"},"modified":"2021-11-29T00:21:56","modified_gmt":"2021-11-28T23:21:56","slug":"proslavljen-blagdan-svete-kate-u-ljubuskom","status":"publish","type":"post","link":"https:\/\/radioljubuski.ba\/index.php\/2021\/11\/25\/proslavljen-blagdan-svete-kate-u-ljubuskom\/","title":{"rendered":"Proslavljen blagdan svete Kate u Ljubu\u0161kom &#8211; foto"},"content":{"rendered":"\n<p>Nakon duhovne priprave i pobo\u017enosti Trodnevnice vjernici Ljubu\u0161kog proslavili su danas blagdan svete Kate, za\u0161titnice Grada.<\/p>\n\n\n\n<p>Sredi\u0161nja proslava zapo\u010dela je procesijom s kipom svete Kate ulicama Ljubu\u0161kom, a cijelo vrijeme procesije pjevale su se litanije svete Kate. Unato\u010d vremenu i ki\u0161i koja je stalno prijetila okupio se veliki broj vjernika koji su ispunili crkvu, ali i dvori\u0161te pored crkve.<\/p>\n\n\n\n<p>Svima njima predvodnik misnog slavlja fra Goran Azinovi\u0107, kapelan u \u010citluku, zahvalio se rije\u010dima \u201eponosan sam i sretan \u0161to se do\u0161li u ovolikom broju i niste tra\u017eili nikakav izgovor da danas ne budete na svetoj Misi. Dana\u0161nji svetac, sveta Katarina Aleksandrijska je svetica koju vi\u0161e slavi Isto\u010dna crkva od Zapadne. Ona se na Istoku slavi kao velemu\u010denica \u010diji zagovor ima posebnu te\u017einu\u201c.<\/p>\n\n\n\n<p>Predvodnik misnog slavlja spomenuo je Kopte, egipatske kr\u0161\u0107ane kojih ima oko deset tisu\u0107a, a podsjetio je na 21 koptskog mu\u010denika koje su najsvirepije ubili pripadnici Islamske dr\u017eave na libijskoj obali Sredozemnog mora iz 2015. godine ne\u0107e izblijedjeti nikada. Kopti koji imaju izravnu vetu sa svetom Katom i nakon osamnaest stolje\u0107a ostali su vjerni Kristu i crkvi.<\/p>\n\n\n\n<p>\u201eA mi se danas pitamo ho\u0107e li biti vjernika u Hercegovini za deset-dvadeset godina. Naravno da \u0107e biti jer crkvu Kristovu ni\u0161ta ne mo\u017ee pobijediti, a svjedoci ste i vi koji ste danas do\u0161li proslaviti blagdan svetice i mu\u010denice, svete Kate\u201c poru\u010dio je fra Goran s Oltara na po\u010detku svete Mise.<\/p>\n\n\n\n<p>U prigodnoj propovijedi govorio je i o vlastitom iskustvu i do\u017eivljaju dana\u0161njeg blagdana, osobito o sve\u0107eni\u010dkim \u201epo\u010decima\u201c dok je bio \u0111akon na Humcu. Liturgijskim pjevanjem misno slavlje uveli\u010dao je zbor \u201eSvete Kate\u201c Ljubu\u0161ki kojeg je pohvalio i predvodnik misnog slavlja. Na kraju svete Mise svima se zahvalio \u017eupnik fra Ljubo Kurtovi\u0107 i pozvao sve da ne idu odmah doma ve\u0107 da ostanu malo za \u201estolom\u201c kojeg su u crkvenom dvori\u0161tu pripremili \u017eupljani.<\/p>\n\n\n\n<figure class=\"wp-block-gallery columns-3 is-cropped wp-block-gallery-1 is-layout-flex wp-block-gallery-is-layout-flex\"><ul class=\"blocks-gallery-grid\"><li class=\"blocks-gallery-item\"><figure><img loading=\"lazy\" decoding=\"async\" width=\"1024\" height=\"683\" src=\"https:\/\/radioljubuski.ba\/wp-content\/uploads\/2021\/11\/DSC0004.jpg\" alt=\"\" data-id=\"92203\" data-full-url=\"https:\/\/radioljubuski.ba\/wp-content\/uploads\/2021\/11\/DSC0004.jpg\" data-link=\"https:\/\/radioljubuski.ba\/?attachment_id=92203\" class=\"wp-image-92203\" srcset=\"https:\/\/radioljubuski.ba\/wp-content\/uploads\/2021\/11\/DSC0004.jpg 1024w, https:\/\/radioljubuski.ba\/wp-content\/uploads\/2021\/11\/DSC0004-300x200.jpg 300w, https:\/\/radioljubuski.ba\/wp-content\/uploads\/2021\/11\/DSC0004-768x512.jpg 768w, https:\/\/radioljubuski.ba\/wp-content\/uploads\/2021\/11\/DSC0004-18x12.jpg 18w\" sizes=\"auto, (max-width: 1024px) 100vw, 1024px\" \/><\/figure><\/li><li class=\"blocks-gallery-item\"><figure><img loading=\"lazy\" decoding=\"async\" width=\"1024\" height=\"683\" src=\"https:\/\/radioljubuski.ba\/wp-content\/uploads\/2021\/11\/DSC0005.jpg\" alt=\"\" data-id=\"92204\" data-full-url=\"https:\/\/radioljubuski.ba\/wp-content\/uploads\/2021\/11\/DSC0005.jpg\" data-link=\"https:\/\/radioljubuski.ba\/?attachment_id=92204\" class=\"wp-image-92204\" srcset=\"https:\/\/radioljubuski.ba\/wp-content\/uploads\/2021\/11\/DSC0005.jpg 1024w, https:\/\/radioljubuski.ba\/wp-content\/uploads\/2021\/11\/DSC0005-300x200.jpg 300w, https:\/\/radioljubuski.ba\/wp-content\/uploads\/2021\/11\/DSC0005-768x512.jpg 768w, https:\/\/radioljubuski.ba\/wp-content\/uploads\/2021\/11\/DSC0005-18x12.jpg 18w\" sizes=\"auto, (max-width: 1024px) 100vw, 1024px\" \/><\/figure><\/li><li class=\"blocks-gallery-item\"><figure><img loading=\"lazy\" decoding=\"async\" width=\"975\" height=\"683\" src=\"https:\/\/radioljubuski.ba\/wp-content\/uploads\/2021\/11\/DSC0007-1.jpg\" alt=\"\" data-id=\"92205\" data-full-url=\"https:\/\/radioljubuski.ba\/wp-content\/uploads\/2021\/11\/DSC0007-1.jpg\" data-link=\"https:\/\/radioljubuski.ba\/?attachment_id=92205\" class=\"wp-image-92205\" srcset=\"https:\/\/radioljubuski.ba\/wp-content\/uploads\/2021\/11\/DSC0007-1.jpg 975w, https:\/\/radioljubuski.ba\/wp-content\/uploads\/2021\/11\/DSC0007-1-300x210.jpg 300w, https:\/\/radioljubuski.ba\/wp-content\/uploads\/2021\/11\/DSC0007-1-768x538.jpg 768w, https:\/\/radioljubuski.ba\/wp-content\/uploads\/2021\/11\/DSC0007-1-18x12.jpg 18w\" sizes=\"auto, (max-width: 975px) 100vw, 975px\" \/><\/figure><\/li><li class=\"blocks-gallery-item\"><figure><img loading=\"lazy\" decoding=\"async\" width=\"1024\" height=\"683\" src=\"https:\/\/radioljubuski.ba\/wp-content\/uploads\/2021\/11\/DSC0009-1.jpg\" alt=\"\" data-id=\"92206\" data-full-url=\"https:\/\/radioljubuski.ba\/wp-content\/uploads\/2021\/11\/DSC0009-1.jpg\" data-link=\"https:\/\/radioljubuski.ba\/?attachment_id=92206\" class=\"wp-image-92206\" srcset=\"https:\/\/radioljubuski.ba\/wp-content\/uploads\/2021\/11\/DSC0009-1.jpg 1024w, https:\/\/radioljubuski.ba\/wp-content\/uploads\/2021\/11\/DSC0009-1-300x200.jpg 300w, https:\/\/radioljubuski.ba\/wp-content\/uploads\/2021\/11\/DSC0009-1-768x512.jpg 768w, https:\/\/radioljubuski.ba\/wp-content\/uploads\/2021\/11\/DSC0009-1-18x12.jpg 18w\" sizes=\"auto, (max-width: 1024px) 100vw, 1024px\" \/><\/figure><\/li><li class=\"blocks-gallery-item\"><figure><img loading=\"lazy\" decoding=\"async\" width=\"1024\" height=\"683\" src=\"https:\/\/radioljubuski.ba\/wp-content\/uploads\/2021\/11\/DSC0014.jpg\" alt=\"\" data-id=\"92207\" data-full-url=\"https:\/\/radioljubuski.ba\/wp-content\/uploads\/2021\/11\/DSC0014.jpg\" data-link=\"https:\/\/radioljubuski.ba\/?attachment_id=92207\" class=\"wp-image-92207\" srcset=\"https:\/\/radioljubuski.ba\/wp-content\/uploads\/2021\/11\/DSC0014.jpg 1024w, https:\/\/radioljubuski.ba\/wp-content\/uploads\/2021\/11\/DSC0014-300x200.jpg 300w, https:\/\/radioljubuski.ba\/wp-content\/uploads\/2021\/11\/DSC0014-768x512.jpg 768w, https:\/\/radioljubuski.ba\/wp-content\/uploads\/2021\/11\/DSC0014-18x12.jpg 18w\" sizes=\"auto, (max-width: 1024px) 100vw, 1024px\" \/><\/figure><\/li><li class=\"blocks-gallery-item\"><figure><img loading=\"lazy\" decoding=\"async\" width=\"1024\" height=\"683\" src=\"https:\/\/radioljubuski.ba\/wp-content\/uploads\/2021\/11\/DSC0017.jpg\" alt=\"\" data-id=\"92208\" data-full-url=\"https:\/\/radioljubuski.ba\/wp-content\/uploads\/2021\/11\/DSC0017.jpg\" data-link=\"https:\/\/radioljubuski.ba\/?attachment_id=92208\" class=\"wp-image-92208\" srcset=\"https:\/\/radioljubuski.ba\/wp-content\/uploads\/2021\/11\/DSC0017.jpg 1024w, https:\/\/radioljubuski.ba\/wp-content\/uploads\/2021\/11\/DSC0017-300x200.jpg 300w, https:\/\/radioljubuski.ba\/wp-content\/uploads\/2021\/11\/DSC0017-768x512.jpg 768w, https:\/\/radioljubuski.ba\/wp-content\/uploads\/2021\/11\/DSC0017-18x12.jpg 18w\" sizes=\"auto, (max-width: 1024px) 100vw, 1024px\" \/><\/figure><\/li><li class=\"blocks-gallery-item\"><figure><img loading=\"lazy\" decoding=\"async\" width=\"1024\" height=\"683\" src=\"https:\/\/radioljubuski.ba\/wp-content\/uploads\/2021\/11\/DSC0019.jpg\" alt=\"\" data-id=\"92209\" data-full-url=\"https:\/\/radioljubuski.ba\/wp-content\/uploads\/2021\/11\/DSC0019.jpg\" data-link=\"https:\/\/radioljubuski.ba\/?attachment_id=92209\" class=\"wp-image-92209\" srcset=\"https:\/\/radioljubuski.ba\/wp-content\/uploads\/2021\/11\/DSC0019.jpg 1024w, https:\/\/radioljubuski.ba\/wp-content\/uploads\/2021\/11\/DSC0019-300x200.jpg 300w, https:\/\/radioljubuski.ba\/wp-content\/uploads\/2021\/11\/DSC0019-768x512.jpg 768w, https:\/\/radioljubuski.ba\/wp-content\/uploads\/2021\/11\/DSC0019-18x12.jpg 18w\" sizes=\"auto, (max-width: 1024px) 100vw, 1024px\" \/><\/figure><\/li><li class=\"blocks-gallery-item\"><figure><img loading=\"lazy\" decoding=\"async\" width=\"1024\" height=\"683\" src=\"https:\/\/radioljubuski.ba\/wp-content\/uploads\/2021\/11\/DSC0022.jpg\" alt=\"\" data-id=\"92210\" data-full-url=\"https:\/\/radioljubuski.ba\/wp-content\/uploads\/2021\/11\/DSC0022.jpg\" data-link=\"https:\/\/radioljubuski.ba\/?attachment_id=92210\" class=\"wp-image-92210\" srcset=\"https:\/\/radioljubuski.ba\/wp-content\/uploads\/2021\/11\/DSC0022.jpg 1024w, https:\/\/radioljubuski.ba\/wp-content\/uploads\/2021\/11\/DSC0022-300x200.jpg 300w, https:\/\/radioljubuski.ba\/wp-content\/uploads\/2021\/11\/DSC0022-768x512.jpg 768w, https:\/\/radioljubuski.ba\/wp-content\/uploads\/2021\/11\/DSC0022-18x12.jpg 18w\" sizes=\"auto, (max-width: 1024px) 100vw, 1024px\" \/><\/figure><\/li><li class=\"blocks-gallery-item\"><figure><img loading=\"lazy\" decoding=\"async\" width=\"1024\" height=\"683\" src=\"https:\/\/radioljubuski.ba\/wp-content\/uploads\/2021\/11\/DSC0023.jpg\" alt=\"\" data-id=\"92211\" data-full-url=\"https:\/\/radioljubuski.ba\/wp-content\/uploads\/2021\/11\/DSC0023.jpg\" data-link=\"https:\/\/radioljubuski.ba\/?attachment_id=92211\" class=\"wp-image-92211\" srcset=\"https:\/\/radioljubuski.ba\/wp-content\/uploads\/2021\/11\/DSC0023.jpg 1024w, https:\/\/radioljubuski.ba\/wp-content\/uploads\/2021\/11\/DSC0023-300x200.jpg 300w, https:\/\/radioljubuski.ba\/wp-content\/uploads\/2021\/11\/DSC0023-768x512.jpg 768w, https:\/\/radioljubuski.ba\/wp-content\/uploads\/2021\/11\/DSC0023-18x12.jpg 18w\" sizes=\"auto, (max-width: 1024px) 100vw, 1024px\" \/><\/figure><\/li><li class=\"blocks-gallery-item\"><figure><img loading=\"lazy\" decoding=\"async\" width=\"1024\" height=\"683\" src=\"https:\/\/radioljubuski.ba\/wp-content\/uploads\/2021\/11\/DSC0026-1.jpg\" alt=\"\" data-id=\"92212\" data-full-url=\"https:\/\/radioljubuski.ba\/wp-content\/uploads\/2021\/11\/DSC0026-1.jpg\" data-link=\"https:\/\/radioljubuski.ba\/?attachment_id=92212\" class=\"wp-image-92212\" srcset=\"https:\/\/radioljubuski.ba\/wp-content\/uploads\/2021\/11\/DSC0026-1.jpg 1024w, https:\/\/radioljubuski.ba\/wp-content\/uploads\/2021\/11\/DSC0026-1-300x200.jpg 300w, https:\/\/radioljubuski.ba\/wp-content\/uploads\/2021\/11\/DSC0026-1-768x512.jpg 768w, https:\/\/radioljubuski.ba\/wp-content\/uploads\/2021\/11\/DSC0026-1-18x12.jpg 18w\" sizes=\"auto, (max-width: 1024px) 100vw, 1024px\" \/><\/figure><\/li><li class=\"blocks-gallery-item\"><figure><img loading=\"lazy\" decoding=\"async\" width=\"1024\" height=\"683\" src=\"https:\/\/radioljubuski.ba\/wp-content\/uploads\/2021\/11\/DSC0027.jpg\" alt=\"\" data-id=\"92213\" data-full-url=\"https:\/\/radioljubuski.ba\/wp-content\/uploads\/2021\/11\/DSC0027.jpg\" data-link=\"https:\/\/radioljubuski.ba\/?attachment_id=92213\" class=\"wp-image-92213\" srcset=\"https:\/\/radioljubuski.ba\/wp-content\/uploads\/2021\/11\/DSC0027.jpg 1024w, https:\/\/radioljubuski.ba\/wp-content\/uploads\/2021\/11\/DSC0027-300x200.jpg 300w, https:\/\/radioljubuski.ba\/wp-content\/uploads\/2021\/11\/DSC0027-768x512.jpg 768w, https:\/\/radioljubuski.ba\/wp-content\/uploads\/2021\/11\/DSC0027-18x12.jpg 18w\" sizes=\"auto, (max-width: 1024px) 100vw, 1024px\" \/><\/figure><\/li><li class=\"blocks-gallery-item\"><figure><img loading=\"lazy\" decoding=\"async\" width=\"1024\" height=\"683\" src=\"https:\/\/radioljubuski.ba\/wp-content\/uploads\/2021\/11\/DSC0028.jpg\" alt=\"\" data-id=\"92214\" data-full-url=\"https:\/\/radioljubuski.ba\/wp-content\/uploads\/2021\/11\/DSC0028.jpg\" data-link=\"https:\/\/radioljubuski.ba\/?attachment_id=92214\" class=\"wp-image-92214\" srcset=\"https:\/\/radioljubuski.ba\/wp-content\/uploads\/2021\/11\/DSC0028.jpg 1024w, https:\/\/radioljubuski.ba\/wp-content\/uploads\/2021\/11\/DSC0028-300x200.jpg 300w, https:\/\/radioljubuski.ba\/wp-content\/uploads\/2021\/11\/DSC0028-768x512.jpg 768w, https:\/\/radioljubuski.ba\/wp-content\/uploads\/2021\/11\/DSC0028-18x12.jpg 18w\" sizes=\"auto, (max-width: 1024px) 100vw, 1024px\" \/><\/figure><\/li><\/ul><\/figure>\n\n\n\n<p>M.Kraljevi\u0107\/Radio Ljubu\u0161ki<\/p>\n","protected":false},"excerpt":{"rendered":"<p>Nakon duhovne priprave i pobo\u017enosti Trodnevnice vjernici Ljubu\u0161kog proslavili su danas blagdan svete Kate, za\u0161titnice Grada. Sredi\u0161nja proslava zapo\u010dela je procesijom s kipom svete Kate ulicama Ljubu\u0161kom, a cijelo vrijeme procesije pjevale su se litanije svete Kate. Unato\u010d vremenu i ki\u0161i koja je stalno prijetila okupio se veliki broj vjernika koji su ispunili crkvu, ali [&hellip;]<\/p>\n","protected":false},"author":2,"featured_media":92203,"comment_status":"closed","ping_status":"closed","sticky":false,"template":"","format":"standard","meta":{"h5ap_radio_sources":[],"footnotes":""},"categories":[3],"tags":[],"class_list":["post-92202","post","type-post","status-publish","format-standard","has-post-thumbnail","hentry","category-ljubuski"],"yoast_head":"<!-- This site is optimized with the Yoast SEO plugin v27.5 - https:\/\/yoast.com\/product\/yoast-seo-wordpress\/ -->\n<title>Proslavljen blagdan svete Kate u Ljubu\u0161kom - foto - RADIO LJUBU\u0160KI<\/title>\n<meta name=\"robots\" content=\"index, follow, max-snippet:-1, max-image-preview:large, max-video-preview:-1\" \/>\n<link rel=\"canonical\" href=\"https:\/\/radioljubuski.ba\/index.php\/2021\/11\/25\/proslavljen-blagdan-svete-kate-u-ljubuskom\/\" \/>\n<meta property=\"og:locale\" content=\"hr_HR\" \/>\n<meta property=\"og:type\" content=\"article\" \/>\n<meta property=\"og:title\" content=\"Proslavljen blagdan svete Kate u Ljubu\u0161kom - foto - RADIO LJUBU\u0160KI\" \/>\n<meta property=\"og:description\" content=\"Nakon duhovne priprave i pobo\u017enosti Trodnevnice vjernici Ljubu\u0161kog proslavili su danas blagdan svete Kate, za\u0161titnice Grada. Sredi\u0161nja proslava zapo\u010dela je procesijom s kipom svete Kate ulicama Ljubu\u0161kom, a cijelo vrijeme procesije pjevale su se litanije svete Kate. Unato\u010d vremenu i ki\u0161i koja je stalno prijetila okupio se veliki broj vjernika koji su ispunili crkvu, ali [&hellip;]\" \/>\n<meta property=\"og:url\" content=\"https:\/\/radioljubuski.ba\/index.php\/2021\/11\/25\/proslavljen-blagdan-svete-kate-u-ljubuskom\/\" \/>\n<meta property=\"og:site_name\" content=\"RADIO LJUBU\u0160KI\" \/>\n<meta property=\"article:publisher\" content=\"https:\/\/www.facebook.com\/Radiio-Ljubuski-1490835324566332\" \/>\n<meta property=\"article:published_time\" content=\"2021-11-25T12:23:25+00:00\" \/>\n<meta property=\"article:modified_time\" content=\"2021-11-28T23:21:56+00:00\" \/>\n<meta property=\"og:image\" content=\"https:\/\/radioljubuski.ba\/wp-content\/uploads\/2021\/11\/DSC0004.jpg\" \/>\n\t<meta property=\"og:image:width\" content=\"1024\" \/>\n\t<meta property=\"og:image:height\" content=\"683\" \/>\n\t<meta property=\"og:image:type\" content=\"image\/jpeg\" \/>\n<meta name=\"author\" content=\"Radio Ljubu\u0161ki\" \/>\n<meta name=\"twitter:card\" content=\"summary_large_image\" \/>\n<meta name=\"twitter:creator\" content=\"@radioljubuski\" \/>\n<meta name=\"twitter:site\" content=\"@radioljubuski\" \/>\n<meta name=\"twitter:label1\" content=\"Napisao\/la\" \/>\n\t<meta name=\"twitter:data1\" content=\"Radio Ljubu\u0161ki\" \/>\n\t<meta name=\"twitter:label2\" content=\"Procijenjeno vrijeme \u010ditanja\" \/>\n\t<meta name=\"twitter:data2\" content=\"4 minute\" \/>\n<script type=\"application\/ld+json\" class=\"yoast-schema-graph\">{\"@context\":\"https:\\\/\\\/schema.org\",\"@graph\":[{\"@type\":\"Article\",\"@id\":\"https:\\\/\\\/radioljubuski.ba\\\/index.php\\\/2021\\\/11\\\/25\\\/proslavljen-blagdan-svete-kate-u-ljubuskom\\\/#article\",\"isPartOf\":{\"@id\":\"https:\\\/\\\/radioljubuski.ba\\\/index.php\\\/2021\\\/11\\\/25\\\/proslavljen-blagdan-svete-kate-u-ljubuskom\\\/\"},\"author\":{\"name\":\"Radio Ljubu\u0161ki\",\"@id\":\"https:\\\/\\\/radioljubuski.ba\\\/#\\\/schema\\\/person\\\/19fc700381a780f69665d7956c469e3b\"},\"headline\":\"Proslavljen blagdan svete Kate u Ljubu\u0161kom &#8211; foto\",\"datePublished\":\"2021-11-25T12:23:25+00:00\",\"dateModified\":\"2021-11-28T23:21:56+00:00\",\"mainEntityOfPage\":{\"@id\":\"https:\\\/\\\/radioljubuski.ba\\\/index.php\\\/2021\\\/11\\\/25\\\/proslavljen-blagdan-svete-kate-u-ljubuskom\\\/\"},\"wordCount\":349,\"publisher\":{\"@id\":\"https:\\\/\\\/radioljubuski.ba\\\/#organization\"},\"image\":{\"@id\":\"https:\\\/\\\/radioljubuski.ba\\\/index.php\\\/2021\\\/11\\\/25\\\/proslavljen-blagdan-svete-kate-u-ljubuskom\\\/#primaryimage\"},\"thumbnailUrl\":\"https:\\\/\\\/radioljubuski.ba\\\/wp-content\\\/uploads\\\/2021\\\/11\\\/DSC0004.jpg\",\"articleSection\":[\"Ljubu\u0161ki\"],\"inLanguage\":\"hr\"},{\"@type\":\"WebPage\",\"@id\":\"https:\\\/\\\/radioljubuski.ba\\\/index.php\\\/2021\\\/11\\\/25\\\/proslavljen-blagdan-svete-kate-u-ljubuskom\\\/\",\"url\":\"https:\\\/\\\/radioljubuski.ba\\\/index.php\\\/2021\\\/11\\\/25\\\/proslavljen-blagdan-svete-kate-u-ljubuskom\\\/\",\"name\":\"Proslavljen blagdan svete Kate u Ljubu\u0161kom - foto - RADIO LJUBU\u0160KI\",\"isPartOf\":{\"@id\":\"https:\\\/\\\/radioljubuski.ba\\\/#website\"},\"primaryImageOfPage\":{\"@id\":\"https:\\\/\\\/radioljubuski.ba\\\/index.php\\\/2021\\\/11\\\/25\\\/proslavljen-blagdan-svete-kate-u-ljubuskom\\\/#primaryimage\"},\"image\":{\"@id\":\"https:\\\/\\\/radioljubuski.ba\\\/index.php\\\/2021\\\/11\\\/25\\\/proslavljen-blagdan-svete-kate-u-ljubuskom\\\/#primaryimage\"},\"thumbnailUrl\":\"https:\\\/\\\/radioljubuski.ba\\\/wp-content\\\/uploads\\\/2021\\\/11\\\/DSC0004.jpg\",\"datePublished\":\"2021-11-25T12:23:25+00:00\",\"dateModified\":\"2021-11-28T23:21:56+00:00\",\"breadcrumb\":{\"@id\":\"https:\\\/\\\/radioljubuski.ba\\\/index.php\\\/2021\\\/11\\\/25\\\/proslavljen-blagdan-svete-kate-u-ljubuskom\\\/#breadcrumb\"},\"inLanguage\":\"hr\",\"potentialAction\":[{\"@type\":\"ReadAction\",\"target\":[\"https:\\\/\\\/radioljubuski.ba\\\/index.php\\\/2021\\\/11\\\/25\\\/proslavljen-blagdan-svete-kate-u-ljubuskom\\\/\"]}]},{\"@type\":\"ImageObject\",\"inLanguage\":\"hr\",\"@id\":\"https:\\\/\\\/radioljubuski.ba\\\/index.php\\\/2021\\\/11\\\/25\\\/proslavljen-blagdan-svete-kate-u-ljubuskom\\\/#primaryimage\",\"url\":\"https:\\\/\\\/radioljubuski.ba\\\/wp-content\\\/uploads\\\/2021\\\/11\\\/DSC0004.jpg\",\"contentUrl\":\"https:\\\/\\\/radioljubuski.ba\\\/wp-content\\\/uploads\\\/2021\\\/11\\\/DSC0004.jpg\",\"width\":1024,\"height\":683},{\"@type\":\"BreadcrumbList\",\"@id\":\"https:\\\/\\\/radioljubuski.ba\\\/index.php\\\/2021\\\/11\\\/25\\\/proslavljen-blagdan-svete-kate-u-ljubuskom\\\/#breadcrumb\",\"itemListElement\":[{\"@type\":\"ListItem\",\"position\":1,\"name\":\"Po\u010detna stranica\",\"item\":\"https:\\\/\\\/radioljubuski.ba\\\/\"},{\"@type\":\"ListItem\",\"position\":2,\"name\":\"Proslavljen blagdan svete Kate u Ljubu\u0161kom &#8211; foto\"}]},{\"@type\":\"WebSite\",\"@id\":\"https:\\\/\\\/radioljubuski.ba\\\/#website\",\"url\":\"https:\\\/\\\/radioljubuski.ba\\\/\",\"name\":\"Radio Ljubu\u0161ki\",\"description\":\"Sun\u010dana frekvencija Hercegovine\",\"publisher\":{\"@id\":\"https:\\\/\\\/radioljubuski.ba\\\/#organization\"},\"potentialAction\":[{\"@type\":\"SearchAction\",\"target\":{\"@type\":\"EntryPoint\",\"urlTemplate\":\"https:\\\/\\\/radioljubuski.ba\\\/?s={search_term_string}\"},\"query-input\":{\"@type\":\"PropertyValueSpecification\",\"valueRequired\":true,\"valueName\":\"search_term_string\"}}],\"inLanguage\":\"hr\"},{\"@type\":\"Organization\",\"@id\":\"https:\\\/\\\/radioljubuski.ba\\\/#organization\",\"name\":\"Radio Ljubu\u0161ki\",\"url\":\"https:\\\/\\\/radioljubuski.ba\\\/\",\"logo\":{\"@type\":\"ImageObject\",\"inLanguage\":\"hr\",\"@id\":\"https:\\\/\\\/radioljubuski.ba\\\/#\\\/schema\\\/logo\\\/image\\\/\",\"url\":\"https:\\\/\\\/radioljubuski.ba\\\/wp-content\\\/uploads\\\/2021\\\/02\\\/cropped-Radio_Ljubuski_logo1.jpg\",\"contentUrl\":\"https:\\\/\\\/radioljubuski.ba\\\/wp-content\\\/uploads\\\/2021\\\/02\\\/cropped-Radio_Ljubuski_logo1.jpg\",\"width\":512,\"height\":512,\"caption\":\"Radio Ljubu\u0161ki\"},\"image\":{\"@id\":\"https:\\\/\\\/radioljubuski.ba\\\/#\\\/schema\\\/logo\\\/image\\\/\"},\"sameAs\":[\"https:\\\/\\\/www.facebook.com\\\/Radiio-Ljubuski-1490835324566332\",\"https:\\\/\\\/x.com\\\/radioljubuski\",\"https:\\\/\\\/hr.linkedin.com\\\/company\\\/radio-ljubuski\",\"https:\\\/\\\/www.youtube.com\\\/channel\\\/UCHYaeO_n0Db3tjNGudGpXyw\"]},{\"@type\":\"Person\",\"@id\":\"https:\\\/\\\/radioljubuski.ba\\\/#\\\/schema\\\/person\\\/19fc700381a780f69665d7956c469e3b\",\"name\":\"Radio Ljubu\u0161ki\"}]}<\/script>\n<!-- \/ Yoast SEO plugin. -->","yoast_head_json":{"title":"Proslavljen blagdan svete Kate u Ljubu\u0161kom - foto - RADIO LJUBU\u0160KI","robots":{"index":"index","follow":"follow","max-snippet":"max-snippet:-1","max-image-preview":"max-image-preview:large","max-video-preview":"max-video-preview:-1"},"canonical":"https:\/\/radioljubuski.ba\/index.php\/2021\/11\/25\/proslavljen-blagdan-svete-kate-u-ljubuskom\/","og_locale":"hr_HR","og_type":"article","og_title":"Proslavljen blagdan svete Kate u Ljubu\u0161kom - foto - RADIO LJUBU\u0160KI","og_description":"Nakon duhovne priprave i pobo\u017enosti Trodnevnice vjernici Ljubu\u0161kog proslavili su danas blagdan svete Kate, za\u0161titnice Grada. Sredi\u0161nja proslava zapo\u010dela je procesijom s kipom svete Kate ulicama Ljubu\u0161kom, a cijelo vrijeme procesije pjevale su se litanije svete Kate. Unato\u010d vremenu i ki\u0161i koja je stalno prijetila okupio se veliki broj vjernika koji su ispunili crkvu, ali [&hellip;]","og_url":"https:\/\/radioljubuski.ba\/index.php\/2021\/11\/25\/proslavljen-blagdan-svete-kate-u-ljubuskom\/","og_site_name":"RADIO LJUBU\u0160KI","article_publisher":"https:\/\/www.facebook.com\/Radiio-Ljubuski-1490835324566332","article_published_time":"2021-11-25T12:23:25+00:00","article_modified_time":"2021-11-28T23:21:56+00:00","og_image":[{"width":1024,"height":683,"url":"https:\/\/radioljubuski.ba\/wp-content\/uploads\/2021\/11\/DSC0004.jpg","type":"image\/jpeg"}],"author":"Radio Ljubu\u0161ki","twitter_card":"summary_large_image","twitter_creator":"@radioljubuski","twitter_site":"@radioljubuski","twitter_misc":{"Napisao\/la":"Radio Ljubu\u0161ki","Procijenjeno vrijeme \u010ditanja":"4 minute"},"schema":{"@context":"https:\/\/schema.org","@graph":[{"@type":"Article","@id":"https:\/\/radioljubuski.ba\/index.php\/2021\/11\/25\/proslavljen-blagdan-svete-kate-u-ljubuskom\/#article","isPartOf":{"@id":"https:\/\/radioljubuski.ba\/index.php\/2021\/11\/25\/proslavljen-blagdan-svete-kate-u-ljubuskom\/"},"author":{"name":"Radio Ljubu\u0161ki","@id":"https:\/\/radioljubuski.ba\/#\/schema\/person\/19fc700381a780f69665d7956c469e3b"},"headline":"Proslavljen blagdan svete Kate u Ljubu\u0161kom &#8211; foto","datePublished":"2021-11-25T12:23:25+00:00","dateModified":"2021-11-28T23:21:56+00:00","mainEntityOfPage":{"@id":"https:\/\/radioljubuski.ba\/index.php\/2021\/11\/25\/proslavljen-blagdan-svete-kate-u-ljubuskom\/"},"wordCount":349,"publisher":{"@id":"https:\/\/radioljubuski.ba\/#organization"},"image":{"@id":"https:\/\/radioljubuski.ba\/index.php\/2021\/11\/25\/proslavljen-blagdan-svete-kate-u-ljubuskom\/#primaryimage"},"thumbnailUrl":"https:\/\/radioljubuski.ba\/wp-content\/uploads\/2021\/11\/DSC0004.jpg","articleSection":["Ljubu\u0161ki"],"inLanguage":"hr"},{"@type":"WebPage","@id":"https:\/\/radioljubuski.ba\/index.php\/2021\/11\/25\/proslavljen-blagdan-svete-kate-u-ljubuskom\/","url":"https:\/\/radioljubuski.ba\/index.php\/2021\/11\/25\/proslavljen-blagdan-svete-kate-u-ljubuskom\/","name":"Proslavljen blagdan svete Kate u Ljubu\u0161kom - foto - RADIO LJUBU\u0160KI","isPartOf":{"@id":"https:\/\/radioljubuski.ba\/#website"},"primaryImageOfPage":{"@id":"https:\/\/radioljubuski.ba\/index.php\/2021\/11\/25\/proslavljen-blagdan-svete-kate-u-ljubuskom\/#primaryimage"},"image":{"@id":"https:\/\/radioljubuski.ba\/index.php\/2021\/11\/25\/proslavljen-blagdan-svete-kate-u-ljubuskom\/#primaryimage"},"thumbnailUrl":"https:\/\/radioljubuski.ba\/wp-content\/uploads\/2021\/11\/DSC0004.jpg","datePublished":"2021-11-25T12:23:25+00:00","dateModified":"2021-11-28T23:21:56+00:00","breadcrumb":{"@id":"https:\/\/radioljubuski.ba\/index.php\/2021\/11\/25\/proslavljen-blagdan-svete-kate-u-ljubuskom\/#breadcrumb"},"inLanguage":"hr","potentialAction":[{"@type":"ReadAction","target":["https:\/\/radioljubuski.ba\/index.php\/2021\/11\/25\/proslavljen-blagdan-svete-kate-u-ljubuskom\/"]}]},{"@type":"ImageObject","inLanguage":"hr","@id":"https:\/\/radioljubuski.ba\/index.php\/2021\/11\/25\/proslavljen-blagdan-svete-kate-u-ljubuskom\/#primaryimage","url":"https:\/\/radioljubuski.ba\/wp-content\/uploads\/2021\/11\/DSC0004.jpg","contentUrl":"https:\/\/radioljubuski.ba\/wp-content\/uploads\/2021\/11\/DSC0004.jpg","width":1024,"height":683},{"@type":"BreadcrumbList","@id":"https:\/\/radioljubuski.ba\/index.php\/2021\/11\/25\/proslavljen-blagdan-svete-kate-u-ljubuskom\/#breadcrumb","itemListElement":[{"@type":"ListItem","position":1,"name":"Po\u010detna stranica","item":"https:\/\/radioljubuski.ba\/"},{"@type":"ListItem","position":2,"name":"Proslavljen blagdan svete Kate u Ljubu\u0161kom &#8211; foto"}]},{"@type":"WebSite","@id":"https:\/\/radioljubuski.ba\/#website","url":"https:\/\/radioljubuski.ba\/","name":"Radio Ljubu\u0161ki","description":"Sun\u010dana frekvencija Hercegovine","publisher":{"@id":"https:\/\/radioljubuski.ba\/#organization"},"potentialAction":[{"@type":"SearchAction","target":{"@type":"EntryPoint","urlTemplate":"https:\/\/radioljubuski.ba\/?s={search_term_string}"},"query-input":{"@type":"PropertyValueSpecification","valueRequired":true,"valueName":"search_term_string"}}],"inLanguage":"hr"},{"@type":"Organization","@id":"https:\/\/radioljubuski.ba\/#organization","name":"Radio Ljubu\u0161ki","url":"https:\/\/radioljubuski.ba\/","logo":{"@type":"ImageObject","inLanguage":"hr","@id":"https:\/\/radioljubuski.ba\/#\/schema\/logo\/image\/","url":"https:\/\/radioljubuski.ba\/wp-content\/uploads\/2021\/02\/cropped-Radio_Ljubuski_logo1.jpg","contentUrl":"https:\/\/radioljubuski.ba\/wp-content\/uploads\/2021\/02\/cropped-Radio_Ljubuski_logo1.jpg","width":512,"height":512,"caption":"Radio Ljubu\u0161ki"},"image":{"@id":"https:\/\/radioljubuski.ba\/#\/schema\/logo\/image\/"},"sameAs":["https:\/\/www.facebook.com\/Radiio-Ljubuski-1490835324566332","https:\/\/x.com\/radioljubuski","https:\/\/hr.linkedin.com\/company\/radio-ljubuski","https:\/\/www.youtube.com\/channel\/UCHYaeO_n0Db3tjNGudGpXyw"]},{"@type":"Person","@id":"https:\/\/radioljubuski.ba\/#\/schema\/person\/19fc700381a780f69665d7956c469e3b","name":"Radio Ljubu\u0161ki"}]}},"_links":{"self":[{"href":"https:\/\/radioljubuski.ba\/index.php\/wp-json\/wp\/v2\/posts\/92202","targetHints":{"allow":["GET"]}}],"collection":[{"href":"https:\/\/radioljubuski.ba\/index.php\/wp-json\/wp\/v2\/posts"}],"about":[{"href":"https:\/\/radioljubuski.ba\/index.php\/wp-json\/wp\/v2\/types\/post"}],"author":[{"embeddable":true,"href":"https:\/\/radioljubuski.ba\/index.php\/wp-json\/wp\/v2\/users\/2"}],"replies":[{"embeddable":true,"href":"https:\/\/radioljubuski.ba\/index.php\/wp-json\/wp\/v2\/comments?post=92202"}],"version-history":[{"count":2,"href":"https:\/\/radioljubuski.ba\/index.php\/wp-json\/wp\/v2\/posts\/92202\/revisions"}],"predecessor-version":[{"id":93563,"href":"https:\/\/radioljubuski.ba\/index.php\/wp-json\/wp\/v2\/posts\/92202\/revisions\/93563"}],"wp:featuredmedia":[{"embeddable":true,"href":"https:\/\/radioljubuski.ba\/index.php\/wp-json\/wp\/v2\/media\/92203"}],"wp:attachment":[{"href":"https:\/\/radioljubuski.ba\/index.php\/wp-json\/wp\/v2\/media?parent=92202"}],"wp:term":[{"taxonomy":"category","embeddable":true,"href":"https:\/\/radioljubuski.ba\/index.php\/wp-json\/wp\/v2\/categories?post=92202"},{"taxonomy":"post_tag","embeddable":true,"href":"https:\/\/radioljubuski.ba\/index.php\/wp-json\/wp\/v2\/tags?post=92202"}],"curies":[{"name":"wp","href":"https:\/\/api.w.org\/{rel}","templated":true}]}}