{"id":9252,"date":"2021-04-03T14:18:43","date_gmt":"2021-04-03T13:18:43","guid":{"rendered":"https:\/\/radioljubuski.ba\/?p=9252"},"modified":"2021-04-03T14:18:45","modified_gmt":"2021-04-03T13:18:45","slug":"aladrovic-ravnatelj-smijenjen-rezultat-strucnog-nadzora-ocekuje-se-u-utorak","status":"publish","type":"post","link":"https:\/\/radioljubuski.ba\/index.php\/2021\/04\/03\/aladrovic-ravnatelj-smijenjen-rezultat-strucnog-nadzora-ocekuje-se-u-utorak\/","title":{"rendered":"Aladrovi\u0107: Ravnatelj smijenjen, rezultat stru\u010dnog nadzora o\u010dekuje se u utorak"},"content":{"rendered":"\n<p>Zbog nezapam\u0107enog slu\u010daja te\u0161kog ozlje\u0111ivanja dvoipolgodi\u0161nje djevoj\u010dice, smijenjen je ravnatelj novogradi\u0161kog Centra za socijalnu skrb Branko Meduni\u0107. Provedenim nadzorom utvr\u0111eno je da je Centar mjesecima znao za probleme u obitelji.\u00a0Ministar rada, mirovinskog sustava, obitelji i socijalne politike Josip Aladrovi\u0107 obratio se javnosti u povodu slu\u010daja te\u0161kog ozlje\u0111ivanja dvoipolgodi\u0161nje djevoj\u010dice, za \u010diji se \u017eivote bore lije\u010dnici. Obiteljske centre \u0107e zakonski, najavio je izme\u0111u ostalog, odvojiti od centara za socijalnu skrb.<\/p>\n\n\n\n<iframe loading=\"lazy\" src=\"https:\/\/www.facebook.com\/plugins\/video.php?height=314&#038;href=https%3A%2F%2Fwww.facebook.com%2FHRTvijesti%2Fvideos%2F2904434673133062%2F&#038;show_text=false&#038;width=560\" width=\"560\" height=\"314\" style=\"border:none;overflow:hidden\" scrolling=\"no\" frameborder=\"0\" allowfullscreen=\"true\" allow=\"autoplay; clipboard-write; encrypted-media; picture-in-picture; web-share\" allowFullScreen=\"true\"><\/iframe>\n\n\n\n<p>Ministarstvo rada, mirovinskog sustava, obitelji i socijalne politike u petak je poslalo izvanredni upravni nadzor u Centar za socijalnu skrb u Novoj Gradi\u0161ki. Rezultati se o\u010dekuju u utorak. Ministar je rekao kako je ravnatelj Centra za socijalnu skrb u Novoj Gradi\u0161ki danas i slu\u017ebeno smijenjen, vr\u0161iteljica du\u017enosti ravnateljice Centra bit \u0107e Maja Jugovi\u0107.<br><br>&#8211; Povodom ovog nemilog i tragi\u010dnog doga\u0111aja koji se dogodio proteklih dana, jo\u0161 jednom \u017eelim izraziti sa svoje osobne razine, razine kao oca i razine ministra, \u017ealjenje zbog ovog doga\u0111aja.\u017delim jo\u0161 jednom potvrditi svoje o\u010dekivanje o brzom oporavku djevoj\u010dice koju je zadesila ova tragedija, rekao je.<br><br>Rekao je da je ministarstvo na slu\u010daj reagiralo&nbsp;u \u010detvrtak, izdvajanjem ostalih \u010dlanova, odnosno ostale djece iz obitelji te su pokrenuli postupak upravnog nadzora prema Centru za socijalnu skrb, kao i postupak stru\u010dnog nadzora iz domene socijalnih radnika, odnosno odgovornosti socijalnih radnika i psihologa.<br><br>&#8211; Ju\u010der je proveden upravni nadzor. Rezultati upravnog nadzora su bili takvi da se mo\u017ee utvrditi odgovornost. Rezultate upravnog nadzora smo proslijedili Upravnom vije\u0107u. Upravno vije\u0107e je donijelo odluku o razrje\u0161enju ravnatelja, \u0161to smo mi potvrdili odnosno odobrili, nastavio je.<br><br>Ravnatelj je jutros na sjednici Upravnog vije\u0107a slu\u017ebeno razrije\u0161en. Imenovana je vr\u0161iteljica du\u017enosti koja \u0107e upravljati Centrom za socijalnu skrb u sljede\u0107em periodu.<br><br>Upravni nadzor je, kako je re\u010deno na presici, utvrdio da je obitelj nekoliko godina bila u tretmanu Centra za socijalnu skrb i da je djevoj\u010dica u ranoj dobi bila izdvojena iz obitelji zbog rizika od strane roditelja. Prilikom procjene povratka djeteta u obitelj utvr\u0111eno je da postoje propusti na strani procjene sigurnosti povratka djeteta u obitelj i utvr\u0111eno je da dijete nije trebalo biti vra\u0107eno iz udomiteljske obitelji biolo\u0161kim roditeljima. Dijete je oko dvije godine bilo u udomiteljskom obitelji, gdje je sa skrbnicima ostvarila emotivnu vezu. Temeljem toga zatra\u017eeno je preispitivanje utvr\u0111ivanja odgovornosti stru\u010dnih radnika Centra za socijalnu skrb Nova Gradi\u0161ka, ali i njegova ravnatelja.<br><br>&#8211; O\u010dekujem da \u0107emo u prvom radnom danu nakon uskrsnih blagdana dobiti i rezultate stru\u010dnog nadzora, i za socijalne radnike i za psihologe, rekao je, dodav\u0161i da \u0107e tek nakon toga mo\u0107i eventualno progovarati o dodatnim odgovornostima.<br><br>&#8211; Ono \u0161to \u017eelim u povodu ovog slu\u010daja naglasiti, to je da, bez obzira na to \u0161to sada na\u017ealost ovom tragedijom dobivamo medijsku vidljivost, mi smo u izmjene zakona o socijalnoj skrbi krenuli ve\u0107 ranije. Duboko sam uvjeren i mogu priznati da imamo strukturne probleme u domeni socijalne skrbi, ali se mogu isto tako i obvezati da \u0107emo te probleme ukloniti, rekao je.<br><br>Zakonske izmjene idu prema tome da se osna\u017ei sustav i radnici za socijalnu skrb kako bi im fokus bio na bitne stvari iz domene socijalnog rada, poru\u010dio je. Osna\u017euju, rekao je, cjelo\u017eivotno obrazovanje, formiraju Akademiju socijalne skrbi, koja \u0107e u stru\u010dnom pogledu raditi sa svim radnicima centara za socijalnu skrb. Ocijenio je da je sustav centara za socijalnu skrb vrlo disperziran, \u0161to je tako\u0111er jedan od izazova.<br><br>&#8211; Stoga \u0107emo centralizirati poslovanje centara, kako bismo dobili bolje, kvalitetnije upravljanje, ve\u0107u standardizaciju poslova i kako bismo, ja sam duboko uvjeren, ovakve slu\u010dajeve izbjegli, rekao je.<br><br>Obiteljske centre \u0107e zakonski, najavio je, odvojiti od centara za socijalnu skrb.<br><br>U suradnji s inicijativom &#8220;Spasi me&#8221; do\u0161li su do rje\u0161enja o formiranju povjerenstva za predstavke na rad centara za socijalnu skrb i to \u0107e povjerenstvo imati izvaninstitucionalni okvir koji \u0107e se definirati kroz zakon, najavio je.<\/p>\n\n\n\n<p>Izvor:hrt.hr<\/p>\n","protected":false},"excerpt":{"rendered":"<p>Zbog nezapam\u0107enog slu\u010daja te\u0161kog ozlje\u0111ivanja dvoipolgodi\u0161nje djevoj\u010dice, smijenjen je ravnatelj novogradi\u0161kog Centra za socijalnu skrb Branko Meduni\u0107. Provedenim nadzorom utvr\u0111eno je da je Centar mjesecima znao za probleme u obitelji.\u00a0Ministar rada, mirovinskog sustava, obitelji i socijalne politike Josip Aladrovi\u0107 obratio se javnosti u povodu slu\u010daja te\u0161kog ozlje\u0111ivanja dvoipolgodi\u0161nje djevoj\u010dice, za \u010diji se \u017eivote bore lije\u010dnici. [&hellip;]<\/p>\n","protected":false},"author":2,"featured_media":9253,"comment_status":"closed","ping_status":"closed","sticky":false,"template":"","format":"standard","meta":{"h5ap_radio_sources":[],"footnotes":""},"categories":[1],"tags":[],"class_list":["post-9252","post","type-post","status-publish","format-standard","has-post-thumbnail","hentry","category-bihiregija"],"yoast_head":"<!-- This site is optimized with the Yoast SEO plugin v27.5 - https:\/\/yoast.com\/product\/yoast-seo-wordpress\/ -->\n<title>Aladrovi\u0107: Ravnatelj smijenjen, rezultat stru\u010dnog nadzora o\u010dekuje se u utorak - RADIO LJUBU\u0160KI<\/title>\n<meta name=\"robots\" content=\"index, follow, max-snippet:-1, max-image-preview:large, max-video-preview:-1\" \/>\n<link rel=\"canonical\" href=\"https:\/\/radioljubuski.ba\/index.php\/2021\/04\/03\/aladrovic-ravnatelj-smijenjen-rezultat-strucnog-nadzora-ocekuje-se-u-utorak\/\" \/>\n<meta property=\"og:locale\" content=\"hr_HR\" \/>\n<meta property=\"og:type\" content=\"article\" \/>\n<meta property=\"og:title\" content=\"Aladrovi\u0107: Ravnatelj smijenjen, rezultat stru\u010dnog nadzora o\u010dekuje se u utorak - RADIO LJUBU\u0160KI\" \/>\n<meta property=\"og:description\" content=\"Zbog nezapam\u0107enog slu\u010daja te\u0161kog ozlje\u0111ivanja dvoipolgodi\u0161nje djevoj\u010dice, smijenjen je ravnatelj novogradi\u0161kog Centra za socijalnu skrb Branko Meduni\u0107. Provedenim nadzorom utvr\u0111eno je da je Centar mjesecima znao za probleme u obitelji.\u00a0Ministar rada, mirovinskog sustava, obitelji i socijalne politike Josip Aladrovi\u0107 obratio se javnosti u povodu slu\u010daja te\u0161kog ozlje\u0111ivanja dvoipolgodi\u0161nje djevoj\u010dice, za \u010diji se \u017eivote bore lije\u010dnici. [&hellip;]\" \/>\n<meta property=\"og:url\" content=\"https:\/\/radioljubuski.ba\/index.php\/2021\/04\/03\/aladrovic-ravnatelj-smijenjen-rezultat-strucnog-nadzora-ocekuje-se-u-utorak\/\" \/>\n<meta property=\"og:site_name\" content=\"RADIO LJUBU\u0160KI\" \/>\n<meta property=\"article:publisher\" content=\"https:\/\/www.facebook.com\/Radiio-Ljubuski-1490835324566332\" \/>\n<meta property=\"article:published_time\" content=\"2021-04-03T13:18:43+00:00\" \/>\n<meta property=\"article:modified_time\" content=\"2021-04-03T13:18:45+00:00\" \/>\n<meta property=\"og:image\" content=\"https:\/\/radioljubuski.ba\/wp-content\/uploads\/2021\/04\/ala.png\" \/>\n\t<meta property=\"og:image:width\" content=\"646\" \/>\n\t<meta property=\"og:image:height\" content=\"363\" \/>\n\t<meta property=\"og:image:type\" content=\"image\/png\" \/>\n<meta name=\"author\" content=\"Radio Ljubu\u0161ki\" \/>\n<meta name=\"twitter:card\" content=\"summary_large_image\" \/>\n<meta name=\"twitter:creator\" content=\"@radioljubuski\" \/>\n<meta name=\"twitter:site\" content=\"@radioljubuski\" \/>\n<meta name=\"twitter:label1\" content=\"Napisao\/la\" \/>\n\t<meta name=\"twitter:data1\" content=\"Radio Ljubu\u0161ki\" \/>\n\t<meta name=\"twitter:label2\" content=\"Procijenjeno vrijeme \u010ditanja\" \/>\n\t<meta name=\"twitter:data2\" content=\"3 minute\" \/>\n<script type=\"application\/ld+json\" class=\"yoast-schema-graph\">{\"@context\":\"https:\\\/\\\/schema.org\",\"@graph\":[{\"@type\":\"Article\",\"@id\":\"https:\\\/\\\/radioljubuski.ba\\\/index.php\\\/2021\\\/04\\\/03\\\/aladrovic-ravnatelj-smijenjen-rezultat-strucnog-nadzora-ocekuje-se-u-utorak\\\/#article\",\"isPartOf\":{\"@id\":\"https:\\\/\\\/radioljubuski.ba\\\/index.php\\\/2021\\\/04\\\/03\\\/aladrovic-ravnatelj-smijenjen-rezultat-strucnog-nadzora-ocekuje-se-u-utorak\\\/\"},\"author\":{\"name\":\"Radio Ljubu\u0161ki\",\"@id\":\"https:\\\/\\\/radioljubuski.ba\\\/#\\\/schema\\\/person\\\/19fc700381a780f69665d7956c469e3b\"},\"headline\":\"Aladrovi\u0107: Ravnatelj smijenjen, rezultat stru\u010dnog nadzora o\u010dekuje se u utorak\",\"datePublished\":\"2021-04-03T13:18:43+00:00\",\"dateModified\":\"2021-04-03T13:18:45+00:00\",\"mainEntityOfPage\":{\"@id\":\"https:\\\/\\\/radioljubuski.ba\\\/index.php\\\/2021\\\/04\\\/03\\\/aladrovic-ravnatelj-smijenjen-rezultat-strucnog-nadzora-ocekuje-se-u-utorak\\\/\"},\"wordCount\":705,\"publisher\":{\"@id\":\"https:\\\/\\\/radioljubuski.ba\\\/#organization\"},\"image\":{\"@id\":\"https:\\\/\\\/radioljubuski.ba\\\/index.php\\\/2021\\\/04\\\/03\\\/aladrovic-ravnatelj-smijenjen-rezultat-strucnog-nadzora-ocekuje-se-u-utorak\\\/#primaryimage\"},\"thumbnailUrl\":\"https:\\\/\\\/radioljubuski.ba\\\/wp-content\\\/uploads\\\/2021\\\/04\\\/ala.png\",\"articleSection\":[\"BIH i regija\"],\"inLanguage\":\"hr\"},{\"@type\":\"WebPage\",\"@id\":\"https:\\\/\\\/radioljubuski.ba\\\/index.php\\\/2021\\\/04\\\/03\\\/aladrovic-ravnatelj-smijenjen-rezultat-strucnog-nadzora-ocekuje-se-u-utorak\\\/\",\"url\":\"https:\\\/\\\/radioljubuski.ba\\\/index.php\\\/2021\\\/04\\\/03\\\/aladrovic-ravnatelj-smijenjen-rezultat-strucnog-nadzora-ocekuje-se-u-utorak\\\/\",\"name\":\"Aladrovi\u0107: Ravnatelj smijenjen, rezultat stru\u010dnog nadzora o\u010dekuje se u utorak - RADIO LJUBU\u0160KI\",\"isPartOf\":{\"@id\":\"https:\\\/\\\/radioljubuski.ba\\\/#website\"},\"primaryImageOfPage\":{\"@id\":\"https:\\\/\\\/radioljubuski.ba\\\/index.php\\\/2021\\\/04\\\/03\\\/aladrovic-ravnatelj-smijenjen-rezultat-strucnog-nadzora-ocekuje-se-u-utorak\\\/#primaryimage\"},\"image\":{\"@id\":\"https:\\\/\\\/radioljubuski.ba\\\/index.php\\\/2021\\\/04\\\/03\\\/aladrovic-ravnatelj-smijenjen-rezultat-strucnog-nadzora-ocekuje-se-u-utorak\\\/#primaryimage\"},\"thumbnailUrl\":\"https:\\\/\\\/radioljubuski.ba\\\/wp-content\\\/uploads\\\/2021\\\/04\\\/ala.png\",\"datePublished\":\"2021-04-03T13:18:43+00:00\",\"dateModified\":\"2021-04-03T13:18:45+00:00\",\"breadcrumb\":{\"@id\":\"https:\\\/\\\/radioljubuski.ba\\\/index.php\\\/2021\\\/04\\\/03\\\/aladrovic-ravnatelj-smijenjen-rezultat-strucnog-nadzora-ocekuje-se-u-utorak\\\/#breadcrumb\"},\"inLanguage\":\"hr\",\"potentialAction\":[{\"@type\":\"ReadAction\",\"target\":[\"https:\\\/\\\/radioljubuski.ba\\\/index.php\\\/2021\\\/04\\\/03\\\/aladrovic-ravnatelj-smijenjen-rezultat-strucnog-nadzora-ocekuje-se-u-utorak\\\/\"]}]},{\"@type\":\"ImageObject\",\"inLanguage\":\"hr\",\"@id\":\"https:\\\/\\\/radioljubuski.ba\\\/index.php\\\/2021\\\/04\\\/03\\\/aladrovic-ravnatelj-smijenjen-rezultat-strucnog-nadzora-ocekuje-se-u-utorak\\\/#primaryimage\",\"url\":\"https:\\\/\\\/radioljubuski.ba\\\/wp-content\\\/uploads\\\/2021\\\/04\\\/ala.png\",\"contentUrl\":\"https:\\\/\\\/radioljubuski.ba\\\/wp-content\\\/uploads\\\/2021\\\/04\\\/ala.png\",\"width\":646,\"height\":363},{\"@type\":\"BreadcrumbList\",\"@id\":\"https:\\\/\\\/radioljubuski.ba\\\/index.php\\\/2021\\\/04\\\/03\\\/aladrovic-ravnatelj-smijenjen-rezultat-strucnog-nadzora-ocekuje-se-u-utorak\\\/#breadcrumb\",\"itemListElement\":[{\"@type\":\"ListItem\",\"position\":1,\"name\":\"Po\u010detna stranica\",\"item\":\"https:\\\/\\\/radioljubuski.ba\\\/\"},{\"@type\":\"ListItem\",\"position\":2,\"name\":\"Aladrovi\u0107: Ravnatelj smijenjen, rezultat stru\u010dnog nadzora o\u010dekuje se u utorak\"}]},{\"@type\":\"WebSite\",\"@id\":\"https:\\\/\\\/radioljubuski.ba\\\/#website\",\"url\":\"https:\\\/\\\/radioljubuski.ba\\\/\",\"name\":\"Radio Ljubu\u0161ki\",\"description\":\"Sun\u010dana frekvencija Hercegovine\",\"publisher\":{\"@id\":\"https:\\\/\\\/radioljubuski.ba\\\/#organization\"},\"potentialAction\":[{\"@type\":\"SearchAction\",\"target\":{\"@type\":\"EntryPoint\",\"urlTemplate\":\"https:\\\/\\\/radioljubuski.ba\\\/?s={search_term_string}\"},\"query-input\":{\"@type\":\"PropertyValueSpecification\",\"valueRequired\":true,\"valueName\":\"search_term_string\"}}],\"inLanguage\":\"hr\"},{\"@type\":\"Organization\",\"@id\":\"https:\\\/\\\/radioljubuski.ba\\\/#organization\",\"name\":\"Radio Ljubu\u0161ki\",\"url\":\"https:\\\/\\\/radioljubuski.ba\\\/\",\"logo\":{\"@type\":\"ImageObject\",\"inLanguage\":\"hr\",\"@id\":\"https:\\\/\\\/radioljubuski.ba\\\/#\\\/schema\\\/logo\\\/image\\\/\",\"url\":\"https:\\\/\\\/radioljubuski.ba\\\/wp-content\\\/uploads\\\/2021\\\/02\\\/cropped-Radio_Ljubuski_logo1.jpg\",\"contentUrl\":\"https:\\\/\\\/radioljubuski.ba\\\/wp-content\\\/uploads\\\/2021\\\/02\\\/cropped-Radio_Ljubuski_logo1.jpg\",\"width\":512,\"height\":512,\"caption\":\"Radio Ljubu\u0161ki\"},\"image\":{\"@id\":\"https:\\\/\\\/radioljubuski.ba\\\/#\\\/schema\\\/logo\\\/image\\\/\"},\"sameAs\":[\"https:\\\/\\\/www.facebook.com\\\/Radiio-Ljubuski-1490835324566332\",\"https:\\\/\\\/x.com\\\/radioljubuski\",\"https:\\\/\\\/hr.linkedin.com\\\/company\\\/radio-ljubuski\",\"https:\\\/\\\/www.youtube.com\\\/channel\\\/UCHYaeO_n0Db3tjNGudGpXyw\"]},{\"@type\":\"Person\",\"@id\":\"https:\\\/\\\/radioljubuski.ba\\\/#\\\/schema\\\/person\\\/19fc700381a780f69665d7956c469e3b\",\"name\":\"Radio Ljubu\u0161ki\"}]}<\/script>\n<!-- \/ Yoast SEO plugin. -->","yoast_head_json":{"title":"Aladrovi\u0107: Ravnatelj smijenjen, rezultat stru\u010dnog nadzora o\u010dekuje se u utorak - RADIO LJUBU\u0160KI","robots":{"index":"index","follow":"follow","max-snippet":"max-snippet:-1","max-image-preview":"max-image-preview:large","max-video-preview":"max-video-preview:-1"},"canonical":"https:\/\/radioljubuski.ba\/index.php\/2021\/04\/03\/aladrovic-ravnatelj-smijenjen-rezultat-strucnog-nadzora-ocekuje-se-u-utorak\/","og_locale":"hr_HR","og_type":"article","og_title":"Aladrovi\u0107: Ravnatelj smijenjen, rezultat stru\u010dnog nadzora o\u010dekuje se u utorak - RADIO LJUBU\u0160KI","og_description":"Zbog nezapam\u0107enog slu\u010daja te\u0161kog ozlje\u0111ivanja dvoipolgodi\u0161nje djevoj\u010dice, smijenjen je ravnatelj novogradi\u0161kog Centra za socijalnu skrb Branko Meduni\u0107. Provedenim nadzorom utvr\u0111eno je da je Centar mjesecima znao za probleme u obitelji.\u00a0Ministar rada, mirovinskog sustava, obitelji i socijalne politike Josip Aladrovi\u0107 obratio se javnosti u povodu slu\u010daja te\u0161kog ozlje\u0111ivanja dvoipolgodi\u0161nje djevoj\u010dice, za \u010diji se \u017eivote bore lije\u010dnici. [&hellip;]","og_url":"https:\/\/radioljubuski.ba\/index.php\/2021\/04\/03\/aladrovic-ravnatelj-smijenjen-rezultat-strucnog-nadzora-ocekuje-se-u-utorak\/","og_site_name":"RADIO LJUBU\u0160KI","article_publisher":"https:\/\/www.facebook.com\/Radiio-Ljubuski-1490835324566332","article_published_time":"2021-04-03T13:18:43+00:00","article_modified_time":"2021-04-03T13:18:45+00:00","og_image":[{"width":646,"height":363,"url":"https:\/\/radioljubuski.ba\/wp-content\/uploads\/2021\/04\/ala.png","type":"image\/png"}],"author":"Radio Ljubu\u0161ki","twitter_card":"summary_large_image","twitter_creator":"@radioljubuski","twitter_site":"@radioljubuski","twitter_misc":{"Napisao\/la":"Radio Ljubu\u0161ki","Procijenjeno vrijeme \u010ditanja":"3 minute"},"schema":{"@context":"https:\/\/schema.org","@graph":[{"@type":"Article","@id":"https:\/\/radioljubuski.ba\/index.php\/2021\/04\/03\/aladrovic-ravnatelj-smijenjen-rezultat-strucnog-nadzora-ocekuje-se-u-utorak\/#article","isPartOf":{"@id":"https:\/\/radioljubuski.ba\/index.php\/2021\/04\/03\/aladrovic-ravnatelj-smijenjen-rezultat-strucnog-nadzora-ocekuje-se-u-utorak\/"},"author":{"name":"Radio Ljubu\u0161ki","@id":"https:\/\/radioljubuski.ba\/#\/schema\/person\/19fc700381a780f69665d7956c469e3b"},"headline":"Aladrovi\u0107: Ravnatelj smijenjen, rezultat stru\u010dnog nadzora o\u010dekuje se u utorak","datePublished":"2021-04-03T13:18:43+00:00","dateModified":"2021-04-03T13:18:45+00:00","mainEntityOfPage":{"@id":"https:\/\/radioljubuski.ba\/index.php\/2021\/04\/03\/aladrovic-ravnatelj-smijenjen-rezultat-strucnog-nadzora-ocekuje-se-u-utorak\/"},"wordCount":705,"publisher":{"@id":"https:\/\/radioljubuski.ba\/#organization"},"image":{"@id":"https:\/\/radioljubuski.ba\/index.php\/2021\/04\/03\/aladrovic-ravnatelj-smijenjen-rezultat-strucnog-nadzora-ocekuje-se-u-utorak\/#primaryimage"},"thumbnailUrl":"https:\/\/radioljubuski.ba\/wp-content\/uploads\/2021\/04\/ala.png","articleSection":["BIH i regija"],"inLanguage":"hr"},{"@type":"WebPage","@id":"https:\/\/radioljubuski.ba\/index.php\/2021\/04\/03\/aladrovic-ravnatelj-smijenjen-rezultat-strucnog-nadzora-ocekuje-se-u-utorak\/","url":"https:\/\/radioljubuski.ba\/index.php\/2021\/04\/03\/aladrovic-ravnatelj-smijenjen-rezultat-strucnog-nadzora-ocekuje-se-u-utorak\/","name":"Aladrovi\u0107: Ravnatelj smijenjen, rezultat stru\u010dnog nadzora o\u010dekuje se u utorak - RADIO LJUBU\u0160KI","isPartOf":{"@id":"https:\/\/radioljubuski.ba\/#website"},"primaryImageOfPage":{"@id":"https:\/\/radioljubuski.ba\/index.php\/2021\/04\/03\/aladrovic-ravnatelj-smijenjen-rezultat-strucnog-nadzora-ocekuje-se-u-utorak\/#primaryimage"},"image":{"@id":"https:\/\/radioljubuski.ba\/index.php\/2021\/04\/03\/aladrovic-ravnatelj-smijenjen-rezultat-strucnog-nadzora-ocekuje-se-u-utorak\/#primaryimage"},"thumbnailUrl":"https:\/\/radioljubuski.ba\/wp-content\/uploads\/2021\/04\/ala.png","datePublished":"2021-04-03T13:18:43+00:00","dateModified":"2021-04-03T13:18:45+00:00","breadcrumb":{"@id":"https:\/\/radioljubuski.ba\/index.php\/2021\/04\/03\/aladrovic-ravnatelj-smijenjen-rezultat-strucnog-nadzora-ocekuje-se-u-utorak\/#breadcrumb"},"inLanguage":"hr","potentialAction":[{"@type":"ReadAction","target":["https:\/\/radioljubuski.ba\/index.php\/2021\/04\/03\/aladrovic-ravnatelj-smijenjen-rezultat-strucnog-nadzora-ocekuje-se-u-utorak\/"]}]},{"@type":"ImageObject","inLanguage":"hr","@id":"https:\/\/radioljubuski.ba\/index.php\/2021\/04\/03\/aladrovic-ravnatelj-smijenjen-rezultat-strucnog-nadzora-ocekuje-se-u-utorak\/#primaryimage","url":"https:\/\/radioljubuski.ba\/wp-content\/uploads\/2021\/04\/ala.png","contentUrl":"https:\/\/radioljubuski.ba\/wp-content\/uploads\/2021\/04\/ala.png","width":646,"height":363},{"@type":"BreadcrumbList","@id":"https:\/\/radioljubuski.ba\/index.php\/2021\/04\/03\/aladrovic-ravnatelj-smijenjen-rezultat-strucnog-nadzora-ocekuje-se-u-utorak\/#breadcrumb","itemListElement":[{"@type":"ListItem","position":1,"name":"Po\u010detna stranica","item":"https:\/\/radioljubuski.ba\/"},{"@type":"ListItem","position":2,"name":"Aladrovi\u0107: Ravnatelj smijenjen, rezultat stru\u010dnog nadzora o\u010dekuje se u utorak"}]},{"@type":"WebSite","@id":"https:\/\/radioljubuski.ba\/#website","url":"https:\/\/radioljubuski.ba\/","name":"Radio Ljubu\u0161ki","description":"Sun\u010dana frekvencija Hercegovine","publisher":{"@id":"https:\/\/radioljubuski.ba\/#organization"},"potentialAction":[{"@type":"SearchAction","target":{"@type":"EntryPoint","urlTemplate":"https:\/\/radioljubuski.ba\/?s={search_term_string}"},"query-input":{"@type":"PropertyValueSpecification","valueRequired":true,"valueName":"search_term_string"}}],"inLanguage":"hr"},{"@type":"Organization","@id":"https:\/\/radioljubuski.ba\/#organization","name":"Radio Ljubu\u0161ki","url":"https:\/\/radioljubuski.ba\/","logo":{"@type":"ImageObject","inLanguage":"hr","@id":"https:\/\/radioljubuski.ba\/#\/schema\/logo\/image\/","url":"https:\/\/radioljubuski.ba\/wp-content\/uploads\/2021\/02\/cropped-Radio_Ljubuski_logo1.jpg","contentUrl":"https:\/\/radioljubuski.ba\/wp-content\/uploads\/2021\/02\/cropped-Radio_Ljubuski_logo1.jpg","width":512,"height":512,"caption":"Radio Ljubu\u0161ki"},"image":{"@id":"https:\/\/radioljubuski.ba\/#\/schema\/logo\/image\/"},"sameAs":["https:\/\/www.facebook.com\/Radiio-Ljubuski-1490835324566332","https:\/\/x.com\/radioljubuski","https:\/\/hr.linkedin.com\/company\/radio-ljubuski","https:\/\/www.youtube.com\/channel\/UCHYaeO_n0Db3tjNGudGpXyw"]},{"@type":"Person","@id":"https:\/\/radioljubuski.ba\/#\/schema\/person\/19fc700381a780f69665d7956c469e3b","name":"Radio Ljubu\u0161ki"}]}},"_links":{"self":[{"href":"https:\/\/radioljubuski.ba\/index.php\/wp-json\/wp\/v2\/posts\/9252","targetHints":{"allow":["GET"]}}],"collection":[{"href":"https:\/\/radioljubuski.ba\/index.php\/wp-json\/wp\/v2\/posts"}],"about":[{"href":"https:\/\/radioljubuski.ba\/index.php\/wp-json\/wp\/v2\/types\/post"}],"author":[{"embeddable":true,"href":"https:\/\/radioljubuski.ba\/index.php\/wp-json\/wp\/v2\/users\/2"}],"replies":[{"embeddable":true,"href":"https:\/\/radioljubuski.ba\/index.php\/wp-json\/wp\/v2\/comments?post=9252"}],"version-history":[{"count":1,"href":"https:\/\/radioljubuski.ba\/index.php\/wp-json\/wp\/v2\/posts\/9252\/revisions"}],"predecessor-version":[{"id":9254,"href":"https:\/\/radioljubuski.ba\/index.php\/wp-json\/wp\/v2\/posts\/9252\/revisions\/9254"}],"wp:featuredmedia":[{"embeddable":true,"href":"https:\/\/radioljubuski.ba\/index.php\/wp-json\/wp\/v2\/media\/9253"}],"wp:attachment":[{"href":"https:\/\/radioljubuski.ba\/index.php\/wp-json\/wp\/v2\/media?parent=9252"}],"wp:term":[{"taxonomy":"category","embeddable":true,"href":"https:\/\/radioljubuski.ba\/index.php\/wp-json\/wp\/v2\/categories?post=9252"},{"taxonomy":"post_tag","embeddable":true,"href":"https:\/\/radioljubuski.ba\/index.php\/wp-json\/wp\/v2\/tags?post=9252"}],"curies":[{"name":"wp","href":"https:\/\/api.w.org\/{rel}","templated":true}]}}