{"id":92642,"date":"2021-11-27T00:36:21","date_gmt":"2021-11-26T23:36:21","guid":{"rendered":"https:\/\/radioljubuski.ba\/?p=92642"},"modified":"2021-11-27T00:36:22","modified_gmt":"2021-11-26T23:36:22","slug":"zdrijeb-dodatnih-kvalifikacija-donio-dobre-vijesti-vatrenima","status":"publish","type":"post","link":"https:\/\/radioljubuski.ba\/index.php\/2021\/11\/27\/zdrijeb-dodatnih-kvalifikacija-donio-dobre-vijesti-vatrenima\/","title":{"rendered":"\u017ddrijeb dodatnih kvalifikacija donio dobre vijesti Vatrenima"},"content":{"rendered":"\n<p><strong>Italija i Portugal su u istoj skupini u europskim dodatnim kvalifikacijama za Svjetsko prvenstvo, \u0161to zna\u010di da jedna od te dvije jake reprezentacije ne\u0107e vidjeti svjetsku smotru. To ide na ruku hrvatskoj nogometnoj vrsti.<\/strong><\/p>\n\n\n\n<p>Naime, Vatreni su trenuta\u010dno 15. reprezentacija svijeta po FIFA-inoj ljestvici, \u0161to bi im trebalo donijeti drugu jakosnu skupinu na \u017edrijebu skupina SP-a, koji \u0107e se odr\u017eati 1. travnja.<\/p>\n\n\n\n<p>Zadnje mjesto u drugom potu trenuta\u010dno vjerojatno dr\u017eimo mi, jer \u0107e me\u0111u najbolje biti uvr\u0161ten i doma\u0107in Katar, a izostanak Italije ili Portugala vodi nas korak bli\u017ee tome da u drugoj jakosnoj skupini, gdje bi trebali biti po sada\u0161njem plasmanu, i ostanemo.<\/p>\n\n\n\n<p>Jo\u0161 se ne zna koji renking \u0107e FIFA uzeti kao mjerodavan za odre\u0111ivanje jakosnih grupa. Ako to bude onaj nakon svih odigranih utakmica u o\u017eujku, Vatrene bi nizom pobjeda mogli presko\u010diti 16-plasirani Kolumbijci ili Urugvajci. Na ruku Hrvatskoj ide i potencijalna odluka da sve reprezentacije koje izbore SP kroz dodatno doigravanje idu u \u010detvrti \u0161e\u0161ir, no to je jo\u0161 neizvjesno.<\/p>\n\n\n\n<p>Izvor:hrt.hr<\/p>\n","protected":false},"excerpt":{"rendered":"<p>Italija i Portugal su u istoj skupini u europskim dodatnim kvalifikacijama za Svjetsko prvenstvo, \u0161to zna\u010di da jedna od te dvije jake reprezentacije ne\u0107e vidjeti svjetsku smotru. To ide na ruku hrvatskoj nogometnoj vrsti. Naime, Vatreni su trenuta\u010dno 15. reprezentacija svijeta po FIFA-inoj ljestvici, \u0161to bi im trebalo donijeti drugu jakosnu skupinu na \u017edrijebu skupina [&hellip;]<\/p>\n","protected":false},"author":2,"featured_media":35136,"comment_status":"closed","ping_status":"closed","sticky":false,"template":"","format":"standard","meta":{"h5ap_radio_sources":[],"footnotes":""},"categories":[7],"tags":[],"class_list":["post-92642","post","type-post","status-publish","format-standard","has-post-thumbnail","hentry","category-sport"],"yoast_head":"<!-- This site is optimized with the Yoast SEO plugin v27.4 - https:\/\/yoast.com\/product\/yoast-seo-wordpress\/ -->\n<title>\u017ddrijeb dodatnih kvalifikacija donio dobre vijesti Vatrenima - RADIO LJUBU\u0160KI<\/title>\n<meta name=\"robots\" content=\"index, follow, max-snippet:-1, max-image-preview:large, max-video-preview:-1\" \/>\n<link rel=\"canonical\" href=\"https:\/\/radioljubuski.ba\/index.php\/2021\/11\/27\/zdrijeb-dodatnih-kvalifikacija-donio-dobre-vijesti-vatrenima\/\" \/>\n<meta property=\"og:locale\" content=\"hr_HR\" \/>\n<meta property=\"og:type\" content=\"article\" \/>\n<meta property=\"og:title\" content=\"\u017ddrijeb dodatnih kvalifikacija donio dobre vijesti Vatrenima - RADIO LJUBU\u0160KI\" \/>\n<meta property=\"og:description\" content=\"Italija i Portugal su u istoj skupini u europskim dodatnim kvalifikacijama za Svjetsko prvenstvo, \u0161to zna\u010di da jedna od te dvije jake reprezentacije ne\u0107e vidjeti svjetsku smotru. To ide na ruku hrvatskoj nogometnoj vrsti. Naime, Vatreni su trenuta\u010dno 15. reprezentacija svijeta po FIFA-inoj ljestvici, \u0161to bi im trebalo donijeti drugu jakosnu skupinu na \u017edrijebu skupina [&hellip;]\" \/>\n<meta property=\"og:url\" content=\"https:\/\/radioljubuski.ba\/index.php\/2021\/11\/27\/zdrijeb-dodatnih-kvalifikacija-donio-dobre-vijesti-vatrenima\/\" \/>\n<meta property=\"og:site_name\" content=\"RADIO LJUBU\u0160KI\" \/>\n<meta property=\"article:publisher\" content=\"https:\/\/www.facebook.com\/Radiio-Ljubuski-1490835324566332\" \/>\n<meta property=\"article:published_time\" content=\"2021-11-26T23:36:21+00:00\" \/>\n<meta property=\"article:modified_time\" content=\"2021-11-26T23:36:22+00:00\" \/>\n<meta property=\"og:image\" content=\"https:\/\/radioljubuski.ba\/wp-content\/uploads\/2021\/06\/modric-luka2306-20210623063807-scaled.jpg\" \/>\n\t<meta property=\"og:image:width\" content=\"2560\" \/>\n\t<meta property=\"og:image:height\" content=\"1481\" \/>\n\t<meta property=\"og:image:type\" content=\"image\/jpeg\" \/>\n<meta name=\"author\" content=\"Radio Ljubu\u0161ki\" \/>\n<meta name=\"twitter:card\" content=\"summary_large_image\" \/>\n<meta name=\"twitter:creator\" content=\"@radioljubuski\" \/>\n<meta name=\"twitter:site\" content=\"@radioljubuski\" \/>\n<meta name=\"twitter:label1\" content=\"Napisao\/la\" \/>\n\t<meta name=\"twitter:data1\" content=\"Radio Ljubu\u0161ki\" \/>\n\t<meta name=\"twitter:label2\" content=\"Procijenjeno vrijeme \u010ditanja\" \/>\n\t<meta name=\"twitter:data2\" content=\"1 minuta\" \/>\n<script type=\"application\/ld+json\" class=\"yoast-schema-graph\">{\"@context\":\"https:\\\/\\\/schema.org\",\"@graph\":[{\"@type\":\"Article\",\"@id\":\"https:\\\/\\\/radioljubuski.ba\\\/index.php\\\/2021\\\/11\\\/27\\\/zdrijeb-dodatnih-kvalifikacija-donio-dobre-vijesti-vatrenima\\\/#article\",\"isPartOf\":{\"@id\":\"https:\\\/\\\/radioljubuski.ba\\\/index.php\\\/2021\\\/11\\\/27\\\/zdrijeb-dodatnih-kvalifikacija-donio-dobre-vijesti-vatrenima\\\/\"},\"author\":{\"name\":\"Radio Ljubu\u0161ki\",\"@id\":\"https:\\\/\\\/radioljubuski.ba\\\/#\\\/schema\\\/person\\\/19fc700381a780f69665d7956c469e3b\"},\"headline\":\"\u017ddrijeb dodatnih kvalifikacija donio dobre vijesti Vatrenima\",\"datePublished\":\"2021-11-26T23:36:21+00:00\",\"dateModified\":\"2021-11-26T23:36:22+00:00\",\"mainEntityOfPage\":{\"@id\":\"https:\\\/\\\/radioljubuski.ba\\\/index.php\\\/2021\\\/11\\\/27\\\/zdrijeb-dodatnih-kvalifikacija-donio-dobre-vijesti-vatrenima\\\/\"},\"wordCount\":187,\"publisher\":{\"@id\":\"https:\\\/\\\/radioljubuski.ba\\\/#organization\"},\"image\":{\"@id\":\"https:\\\/\\\/radioljubuski.ba\\\/index.php\\\/2021\\\/11\\\/27\\\/zdrijeb-dodatnih-kvalifikacija-donio-dobre-vijesti-vatrenima\\\/#primaryimage\"},\"thumbnailUrl\":\"https:\\\/\\\/radioljubuski.ba\\\/wp-content\\\/uploads\\\/2021\\\/06\\\/modric-luka2306-20210623063807-scaled.jpg\",\"articleSection\":[\"\u0160port\"],\"inLanguage\":\"hr\"},{\"@type\":\"WebPage\",\"@id\":\"https:\\\/\\\/radioljubuski.ba\\\/index.php\\\/2021\\\/11\\\/27\\\/zdrijeb-dodatnih-kvalifikacija-donio-dobre-vijesti-vatrenima\\\/\",\"url\":\"https:\\\/\\\/radioljubuski.ba\\\/index.php\\\/2021\\\/11\\\/27\\\/zdrijeb-dodatnih-kvalifikacija-donio-dobre-vijesti-vatrenima\\\/\",\"name\":\"\u017ddrijeb dodatnih kvalifikacija donio dobre vijesti Vatrenima - RADIO LJUBU\u0160KI\",\"isPartOf\":{\"@id\":\"https:\\\/\\\/radioljubuski.ba\\\/#website\"},\"primaryImageOfPage\":{\"@id\":\"https:\\\/\\\/radioljubuski.ba\\\/index.php\\\/2021\\\/11\\\/27\\\/zdrijeb-dodatnih-kvalifikacija-donio-dobre-vijesti-vatrenima\\\/#primaryimage\"},\"image\":{\"@id\":\"https:\\\/\\\/radioljubuski.ba\\\/index.php\\\/2021\\\/11\\\/27\\\/zdrijeb-dodatnih-kvalifikacija-donio-dobre-vijesti-vatrenima\\\/#primaryimage\"},\"thumbnailUrl\":\"https:\\\/\\\/radioljubuski.ba\\\/wp-content\\\/uploads\\\/2021\\\/06\\\/modric-luka2306-20210623063807-scaled.jpg\",\"datePublished\":\"2021-11-26T23:36:21+00:00\",\"dateModified\":\"2021-11-26T23:36:22+00:00\",\"breadcrumb\":{\"@id\":\"https:\\\/\\\/radioljubuski.ba\\\/index.php\\\/2021\\\/11\\\/27\\\/zdrijeb-dodatnih-kvalifikacija-donio-dobre-vijesti-vatrenima\\\/#breadcrumb\"},\"inLanguage\":\"hr\",\"potentialAction\":[{\"@type\":\"ReadAction\",\"target\":[\"https:\\\/\\\/radioljubuski.ba\\\/index.php\\\/2021\\\/11\\\/27\\\/zdrijeb-dodatnih-kvalifikacija-donio-dobre-vijesti-vatrenima\\\/\"]}]},{\"@type\":\"ImageObject\",\"inLanguage\":\"hr\",\"@id\":\"https:\\\/\\\/radioljubuski.ba\\\/index.php\\\/2021\\\/11\\\/27\\\/zdrijeb-dodatnih-kvalifikacija-donio-dobre-vijesti-vatrenima\\\/#primaryimage\",\"url\":\"https:\\\/\\\/radioljubuski.ba\\\/wp-content\\\/uploads\\\/2021\\\/06\\\/modric-luka2306-20210623063807-scaled.jpg\",\"contentUrl\":\"https:\\\/\\\/radioljubuski.ba\\\/wp-content\\\/uploads\\\/2021\\\/06\\\/modric-luka2306-20210623063807-scaled.jpg\",\"width\":2560,\"height\":1481},{\"@type\":\"BreadcrumbList\",\"@id\":\"https:\\\/\\\/radioljubuski.ba\\\/index.php\\\/2021\\\/11\\\/27\\\/zdrijeb-dodatnih-kvalifikacija-donio-dobre-vijesti-vatrenima\\\/#breadcrumb\",\"itemListElement\":[{\"@type\":\"ListItem\",\"position\":1,\"name\":\"Po\u010detna stranica\",\"item\":\"https:\\\/\\\/radioljubuski.ba\\\/\"},{\"@type\":\"ListItem\",\"position\":2,\"name\":\"\u017ddrijeb dodatnih kvalifikacija donio dobre vijesti Vatrenima\"}]},{\"@type\":\"WebSite\",\"@id\":\"https:\\\/\\\/radioljubuski.ba\\\/#website\",\"url\":\"https:\\\/\\\/radioljubuski.ba\\\/\",\"name\":\"Radio Ljubu\u0161ki\",\"description\":\"Sun\u010dana frekvencija Hercegovine\",\"publisher\":{\"@id\":\"https:\\\/\\\/radioljubuski.ba\\\/#organization\"},\"potentialAction\":[{\"@type\":\"SearchAction\",\"target\":{\"@type\":\"EntryPoint\",\"urlTemplate\":\"https:\\\/\\\/radioljubuski.ba\\\/?s={search_term_string}\"},\"query-input\":{\"@type\":\"PropertyValueSpecification\",\"valueRequired\":true,\"valueName\":\"search_term_string\"}}],\"inLanguage\":\"hr\"},{\"@type\":\"Organization\",\"@id\":\"https:\\\/\\\/radioljubuski.ba\\\/#organization\",\"name\":\"Radio Ljubu\u0161ki\",\"url\":\"https:\\\/\\\/radioljubuski.ba\\\/\",\"logo\":{\"@type\":\"ImageObject\",\"inLanguage\":\"hr\",\"@id\":\"https:\\\/\\\/radioljubuski.ba\\\/#\\\/schema\\\/logo\\\/image\\\/\",\"url\":\"https:\\\/\\\/radioljubuski.ba\\\/wp-content\\\/uploads\\\/2021\\\/02\\\/cropped-Radio_Ljubuski_logo1.jpg\",\"contentUrl\":\"https:\\\/\\\/radioljubuski.ba\\\/wp-content\\\/uploads\\\/2021\\\/02\\\/cropped-Radio_Ljubuski_logo1.jpg\",\"width\":512,\"height\":512,\"caption\":\"Radio Ljubu\u0161ki\"},\"image\":{\"@id\":\"https:\\\/\\\/radioljubuski.ba\\\/#\\\/schema\\\/logo\\\/image\\\/\"},\"sameAs\":[\"https:\\\/\\\/www.facebook.com\\\/Radiio-Ljubuski-1490835324566332\",\"https:\\\/\\\/x.com\\\/radioljubuski\",\"https:\\\/\\\/hr.linkedin.com\\\/company\\\/radio-ljubuski\",\"https:\\\/\\\/www.youtube.com\\\/channel\\\/UCHYaeO_n0Db3tjNGudGpXyw\"]},{\"@type\":\"Person\",\"@id\":\"https:\\\/\\\/radioljubuski.ba\\\/#\\\/schema\\\/person\\\/19fc700381a780f69665d7956c469e3b\",\"name\":\"Radio Ljubu\u0161ki\"}]}<\/script>\n<!-- \/ Yoast SEO plugin. -->","yoast_head_json":{"title":"\u017ddrijeb dodatnih kvalifikacija donio dobre vijesti Vatrenima - RADIO LJUBU\u0160KI","robots":{"index":"index","follow":"follow","max-snippet":"max-snippet:-1","max-image-preview":"max-image-preview:large","max-video-preview":"max-video-preview:-1"},"canonical":"https:\/\/radioljubuski.ba\/index.php\/2021\/11\/27\/zdrijeb-dodatnih-kvalifikacija-donio-dobre-vijesti-vatrenima\/","og_locale":"hr_HR","og_type":"article","og_title":"\u017ddrijeb dodatnih kvalifikacija donio dobre vijesti Vatrenima - RADIO LJUBU\u0160KI","og_description":"Italija i Portugal su u istoj skupini u europskim dodatnim kvalifikacijama za Svjetsko prvenstvo, \u0161to zna\u010di da jedna od te dvije jake reprezentacije ne\u0107e vidjeti svjetsku smotru. To ide na ruku hrvatskoj nogometnoj vrsti. Naime, Vatreni su trenuta\u010dno 15. reprezentacija svijeta po FIFA-inoj ljestvici, \u0161to bi im trebalo donijeti drugu jakosnu skupinu na \u017edrijebu skupina [&hellip;]","og_url":"https:\/\/radioljubuski.ba\/index.php\/2021\/11\/27\/zdrijeb-dodatnih-kvalifikacija-donio-dobre-vijesti-vatrenima\/","og_site_name":"RADIO LJUBU\u0160KI","article_publisher":"https:\/\/www.facebook.com\/Radiio-Ljubuski-1490835324566332","article_published_time":"2021-11-26T23:36:21+00:00","article_modified_time":"2021-11-26T23:36:22+00:00","og_image":[{"width":2560,"height":1481,"url":"https:\/\/radioljubuski.ba\/wp-content\/uploads\/2021\/06\/modric-luka2306-20210623063807-scaled.jpg","type":"image\/jpeg"}],"author":"Radio Ljubu\u0161ki","twitter_card":"summary_large_image","twitter_creator":"@radioljubuski","twitter_site":"@radioljubuski","twitter_misc":{"Napisao\/la":"Radio Ljubu\u0161ki","Procijenjeno vrijeme \u010ditanja":"1 minuta"},"schema":{"@context":"https:\/\/schema.org","@graph":[{"@type":"Article","@id":"https:\/\/radioljubuski.ba\/index.php\/2021\/11\/27\/zdrijeb-dodatnih-kvalifikacija-donio-dobre-vijesti-vatrenima\/#article","isPartOf":{"@id":"https:\/\/radioljubuski.ba\/index.php\/2021\/11\/27\/zdrijeb-dodatnih-kvalifikacija-donio-dobre-vijesti-vatrenima\/"},"author":{"name":"Radio Ljubu\u0161ki","@id":"https:\/\/radioljubuski.ba\/#\/schema\/person\/19fc700381a780f69665d7956c469e3b"},"headline":"\u017ddrijeb dodatnih kvalifikacija donio dobre vijesti Vatrenima","datePublished":"2021-11-26T23:36:21+00:00","dateModified":"2021-11-26T23:36:22+00:00","mainEntityOfPage":{"@id":"https:\/\/radioljubuski.ba\/index.php\/2021\/11\/27\/zdrijeb-dodatnih-kvalifikacija-donio-dobre-vijesti-vatrenima\/"},"wordCount":187,"publisher":{"@id":"https:\/\/radioljubuski.ba\/#organization"},"image":{"@id":"https:\/\/radioljubuski.ba\/index.php\/2021\/11\/27\/zdrijeb-dodatnih-kvalifikacija-donio-dobre-vijesti-vatrenima\/#primaryimage"},"thumbnailUrl":"https:\/\/radioljubuski.ba\/wp-content\/uploads\/2021\/06\/modric-luka2306-20210623063807-scaled.jpg","articleSection":["\u0160port"],"inLanguage":"hr"},{"@type":"WebPage","@id":"https:\/\/radioljubuski.ba\/index.php\/2021\/11\/27\/zdrijeb-dodatnih-kvalifikacija-donio-dobre-vijesti-vatrenima\/","url":"https:\/\/radioljubuski.ba\/index.php\/2021\/11\/27\/zdrijeb-dodatnih-kvalifikacija-donio-dobre-vijesti-vatrenima\/","name":"\u017ddrijeb dodatnih kvalifikacija donio dobre vijesti Vatrenima - RADIO LJUBU\u0160KI","isPartOf":{"@id":"https:\/\/radioljubuski.ba\/#website"},"primaryImageOfPage":{"@id":"https:\/\/radioljubuski.ba\/index.php\/2021\/11\/27\/zdrijeb-dodatnih-kvalifikacija-donio-dobre-vijesti-vatrenima\/#primaryimage"},"image":{"@id":"https:\/\/radioljubuski.ba\/index.php\/2021\/11\/27\/zdrijeb-dodatnih-kvalifikacija-donio-dobre-vijesti-vatrenima\/#primaryimage"},"thumbnailUrl":"https:\/\/radioljubuski.ba\/wp-content\/uploads\/2021\/06\/modric-luka2306-20210623063807-scaled.jpg","datePublished":"2021-11-26T23:36:21+00:00","dateModified":"2021-11-26T23:36:22+00:00","breadcrumb":{"@id":"https:\/\/radioljubuski.ba\/index.php\/2021\/11\/27\/zdrijeb-dodatnih-kvalifikacija-donio-dobre-vijesti-vatrenima\/#breadcrumb"},"inLanguage":"hr","potentialAction":[{"@type":"ReadAction","target":["https:\/\/radioljubuski.ba\/index.php\/2021\/11\/27\/zdrijeb-dodatnih-kvalifikacija-donio-dobre-vijesti-vatrenima\/"]}]},{"@type":"ImageObject","inLanguage":"hr","@id":"https:\/\/radioljubuski.ba\/index.php\/2021\/11\/27\/zdrijeb-dodatnih-kvalifikacija-donio-dobre-vijesti-vatrenima\/#primaryimage","url":"https:\/\/radioljubuski.ba\/wp-content\/uploads\/2021\/06\/modric-luka2306-20210623063807-scaled.jpg","contentUrl":"https:\/\/radioljubuski.ba\/wp-content\/uploads\/2021\/06\/modric-luka2306-20210623063807-scaled.jpg","width":2560,"height":1481},{"@type":"BreadcrumbList","@id":"https:\/\/radioljubuski.ba\/index.php\/2021\/11\/27\/zdrijeb-dodatnih-kvalifikacija-donio-dobre-vijesti-vatrenima\/#breadcrumb","itemListElement":[{"@type":"ListItem","position":1,"name":"Po\u010detna stranica","item":"https:\/\/radioljubuski.ba\/"},{"@type":"ListItem","position":2,"name":"\u017ddrijeb dodatnih kvalifikacija donio dobre vijesti Vatrenima"}]},{"@type":"WebSite","@id":"https:\/\/radioljubuski.ba\/#website","url":"https:\/\/radioljubuski.ba\/","name":"Radio Ljubu\u0161ki","description":"Sun\u010dana frekvencija Hercegovine","publisher":{"@id":"https:\/\/radioljubuski.ba\/#organization"},"potentialAction":[{"@type":"SearchAction","target":{"@type":"EntryPoint","urlTemplate":"https:\/\/radioljubuski.ba\/?s={search_term_string}"},"query-input":{"@type":"PropertyValueSpecification","valueRequired":true,"valueName":"search_term_string"}}],"inLanguage":"hr"},{"@type":"Organization","@id":"https:\/\/radioljubuski.ba\/#organization","name":"Radio Ljubu\u0161ki","url":"https:\/\/radioljubuski.ba\/","logo":{"@type":"ImageObject","inLanguage":"hr","@id":"https:\/\/radioljubuski.ba\/#\/schema\/logo\/image\/","url":"https:\/\/radioljubuski.ba\/wp-content\/uploads\/2021\/02\/cropped-Radio_Ljubuski_logo1.jpg","contentUrl":"https:\/\/radioljubuski.ba\/wp-content\/uploads\/2021\/02\/cropped-Radio_Ljubuski_logo1.jpg","width":512,"height":512,"caption":"Radio Ljubu\u0161ki"},"image":{"@id":"https:\/\/radioljubuski.ba\/#\/schema\/logo\/image\/"},"sameAs":["https:\/\/www.facebook.com\/Radiio-Ljubuski-1490835324566332","https:\/\/x.com\/radioljubuski","https:\/\/hr.linkedin.com\/company\/radio-ljubuski","https:\/\/www.youtube.com\/channel\/UCHYaeO_n0Db3tjNGudGpXyw"]},{"@type":"Person","@id":"https:\/\/radioljubuski.ba\/#\/schema\/person\/19fc700381a780f69665d7956c469e3b","name":"Radio Ljubu\u0161ki"}]}},"_links":{"self":[{"href":"https:\/\/radioljubuski.ba\/index.php\/wp-json\/wp\/v2\/posts\/92642","targetHints":{"allow":["GET"]}}],"collection":[{"href":"https:\/\/radioljubuski.ba\/index.php\/wp-json\/wp\/v2\/posts"}],"about":[{"href":"https:\/\/radioljubuski.ba\/index.php\/wp-json\/wp\/v2\/types\/post"}],"author":[{"embeddable":true,"href":"https:\/\/radioljubuski.ba\/index.php\/wp-json\/wp\/v2\/users\/2"}],"replies":[{"embeddable":true,"href":"https:\/\/radioljubuski.ba\/index.php\/wp-json\/wp\/v2\/comments?post=92642"}],"version-history":[{"count":1,"href":"https:\/\/radioljubuski.ba\/index.php\/wp-json\/wp\/v2\/posts\/92642\/revisions"}],"predecessor-version":[{"id":92643,"href":"https:\/\/radioljubuski.ba\/index.php\/wp-json\/wp\/v2\/posts\/92642\/revisions\/92643"}],"wp:featuredmedia":[{"embeddable":true,"href":"https:\/\/radioljubuski.ba\/index.php\/wp-json\/wp\/v2\/media\/35136"}],"wp:attachment":[{"href":"https:\/\/radioljubuski.ba\/index.php\/wp-json\/wp\/v2\/media?parent=92642"}],"wp:term":[{"taxonomy":"category","embeddable":true,"href":"https:\/\/radioljubuski.ba\/index.php\/wp-json\/wp\/v2\/categories?post=92642"},{"taxonomy":"post_tag","embeddable":true,"href":"https:\/\/radioljubuski.ba\/index.php\/wp-json\/wp\/v2\/tags?post=92642"}],"curies":[{"name":"wp","href":"https:\/\/api.w.org\/{rel}","templated":true}]}}