{"id":9287,"date":"2021-04-04T12:43:54","date_gmt":"2021-04-04T11:43:54","guid":{"rendered":"https:\/\/radioljubuski.ba\/?p=9287"},"modified":"2021-04-04T12:43:55","modified_gmt":"2021-04-04T11:43:55","slug":"papa-franjo-i-od-rusevina-naseg-srca-bog-moze-napraviti-umjetnicko-djelo","status":"publish","type":"post","link":"https:\/\/radioljubuski.ba\/index.php\/2021\/04\/04\/papa-franjo-i-od-rusevina-naseg-srca-bog-moze-napraviti-umjetnicko-djelo\/","title":{"rendered":"Papa Franjo: I od ru\u0161evina na\u0161eg srca Bog mo\u017ee napraviti umjetni\u010dko djelo"},"content":{"rendered":"\n<p>Papa Franjo predvodio je u Svetoj no\u0107i 3. travnja u Bazilici svetoga Petra Vazmeno bdjenje na kojem je mogao sudjelovati ograni\u010deni broj vjernika. \u201eI od ru\u0161evina na\u0161eg srca Bog mo\u017ee napraviti umjetni\u010dko djelo, i od razvalina na\u0161eg \u010dovje\u0161tva Bog priprema novu povijest. Uvijek ide ispred nas: u kri\u017eu patnje, pusto\u0161i i smrti, kao i u slavi \u017eivota koji je uskrsnuo, povijesti koja se mijenja, nade koja se ponovno ra\u0111a. I u ovim mra\u010dnim mjesecima pandemije \u010dujemo Uskrslog Gospodina koji nas poziva da krenemo iznova, da nikada ne gubimo nadu\u201d, rekao je Sveti Otac u homiliji.<\/p>\n\n\n\n<p>Bdjenje je zapo\u010delo blagoslovom ognja nakon \u010dega je uslijedila procesija do oltara s \u0111akonom koji je nosio podignutu svije\u0107u i pjevao zaziv \u201eLumen Christi\u201c (Svjetlo Kristovo). Bazilika svetog Petra postupno se osvjetljivala dok se nisu upalila sva svjetla. Vjernici su zatim s upaljenom svije\u0107om u ruci slu\u0161ali Hvalospjev uskrsnoj svije\u0107i kojim se progla\u0161ava pobjeda svjetlosti nad tamom.<\/p>\n\n\n\n<p>U homiliji papa Franjo podsjetio je da su \u017eene koje su po\u0161le na grob mislile da \u0107e na\u0107i tijelo koje \u0107e pomazati, a umjesto toga prona\u0161le su prazan grob. Potom je potaknuo vjernike da prihvate poziv koji je Isus preko \u017eena uputio u\u010denicima, a to je da po\u0111emo \u201eu Galileju gdje nam uskrsli Gospodin prethodi\u201c. Ali \u0161to zna\u010di \u201epo\u0107i u Galileju\u201c, upitao se Sveti Otac? \u201ePrije svega to zna\u010di po\u010deti iznova\u201c, objasnio je. Za u\u010denike to zna\u010di vratiti se \u201cna mjesto gdje ih je Gospodin prvi put tra\u017eio i pozvao da ga slijede\u201d. To je mjesto prvog susreta i prve ljubavi. Uskrsli poru\u010duje u\u010denicima: \u201eKrenimo iznova odakle smo zapo\u010deli. Krenimo iznova. \u017delim te opet sa mnom, unato\u010d i bez obzira na sve neuspjehe\u201d. U toj Galileji u\u010dimo se \u010du\u0111enju nad Gospodinovom beskrajnom ljubavi koja trasira nove putove na cestama na\u0161ih poraza.<\/p>\n\n\n\n<p>Gospodin utire nove putove na stazama na\u0161ih poraza. Poziv \u201epo\u0107i u Galileju\u201c povezan je s prvim navje\u0161tajem Uskrsa koji Papa predaje vjernicima iz cijeloga svijeta: \u201euvijek je mogu\u0107e zapo\u010deti iznova, jer uvijek postoji novi \u017eivot koji Bog mo\u017ee ponovno pokrenuti u nama neovisno o svim na\u0161im neuspjesima\u201c.<\/p>\n\n\n\n<p>I od ru\u0161evina na\u0161eg srca Bog mo\u017ee napraviti umjetni\u010dko djelo, i od razvalina na\u0161eg \u010dovje\u0161tva Bog priprema novu povijest. Uvijek ide ispred nas: u kri\u017eu patnje, pusto\u0161i i smrti, kao i u slavi \u017eivota koji je uskrsnuo, povijesti koja se mijenja, nade koja se ponovno ra\u0111a. I u ovim mra\u010dnim mjesecima pandemije \u010dujemo Uskrslog Gospodina koji nas poziva da krenemo iznova, da nikada ne gubimo nadu.<\/p>\n\n\n\n<p>Papa je u nastavku homilije na misi Vazmenog bdjenja rekao da po\u0107i u Galileju tako\u0111er zna\u010di i\u0107i novim putovima, i\u0107i u smjeru suprotnom od groba. \u201eMnogi \u017eive \u2018vjeru uspomen\u00e2\u2019, kao da je Isus neka osoba iz pro\u0161losti, prijatelj iz davno minule mladosti, doga\u0111aj koji se dogodio davno, kad sam kao dijete i\u0161ao na vjeronauk\u201c. To je, objasnio je Papa, vjera koju \u010dine navike, stvari iz pro\u0161losti, lijepe uspomene iz djetinjstva. Vjera koja me vi\u0161e ne doti\u010de, koja za mene vi\u0161e nije izazov i ne tra\u017ei od mene osobno uklju\u010divanje i zalaganje.<\/p>\n\n\n\n<p>Po\u0107i u Galileju, naprotiv, zna\u010di nau\u010diti da vjera, da bi bila \u017eiva, mora nas potaknuti da krenemo na put. Mora svaki dan o\u017eivjeti po\u010detak putovanja, udivljenost prvog susreta. Mora nas potaknuti da stavimo pouzdanje u Boga, bez preuzetnosti da ve\u0107 sve znamo, ve\u0107 s ponizno\u0161\u0107u onih koji dopu\u0161taju da ih iznenade Bo\u017eji putevi. Idemo u Galileju otkriti da se Boga ne mo\u017ee staviti me\u0111u uspomene iz djetinjstva, On je \u017eiv, uvijek iznena\u0111uje. Uskrsli nas ne prestaje o\u010daravati. To je drugi navje\u0161taj Uskrsa: vjera nije povijesna ropotarnica, Isus nije lik iz pro\u0161losti. \u201e\u017div je, ovdje i sada. Hoda s tobom svaki dan, u situaciji u kojoj se nalazi\u0161, u ku\u0161nji kroz koju prolazi\u0161, u snovima koje nosi\u0161 u sebi. Otvara nove putove gdje ti se \u010dini da ih nema, tjera te da pliva\u0161 protiv plime \u017ealjenja i \u2018ve\u0107 vi\u0111enog\u2019. \u010cak i ako ti se sve \u010dini izgubljenim, otvori se sa \u010du\u0111enjem njegovoj novosti: iznenadit \u0107e te\u201c, pozvao je Papa u homiliji na misi Vazmenog bdjenja.<\/p>\n\n\n\n<p>U nastavku je istaknuo da po\u0107i u Galileju zna\u010di usto \u201epo\u0107i na granice\u201c. Galileja je zaba\u010deni kraj u kojem \u201e\u017eive oni koji su najdalje od ritualne \u010disto\u0107e Jeruzalema\u201c. Isus je, ipak, zapo\u010deo svoje poslanje odande, uputiv\u0161i svoj navje\u0161taj onima koji te\u0161ko \u017eive, isklju\u010denima, nemo\u0107nima, siroma\u0161nima, kako bi bio lice i prisutnost Boga koji ide tra\u017eiti onoga koji je obeshrabren ili izgubljen, koji ide do granica egzistencije jer u njegovim o\u010dima nitko nije posljednji, nitko nije isklju\u010den. Uskrsli tra\u017ei i danas od svojih da idu tamo. To je mjesto svakodnevnog \u017eivota, to su ulice kojima svaki dan prolazimo, to su uglovi ulica na\u0161ih gradova u kojima nas Gospodin prethodi i \u010dini se prisutnim, upravo u \u017eivotu onih koji \u017eive pokraj nas i s nama dijele vrijeme i dom, posao, napore i nade.<\/p>\n\n\n\n<p>\u201eU Galileji u\u010dimo da Uskrsloga mo\u017eemo prona\u0107i na licima na\u0161e bra\u0107e, u entuzijazmu onih koji sanjaju i u rezignaciji obeshrabrenih, u osmijesima onih koji se raduju i u suzama onih koji pate, posebno u siroma\u0161nima i onima koji su marginalizirani. Za\u010dudit \u0107emo se kako se Bo\u017eja veli\u010dina otkriva u malenkosti, kako njegova ljepota blista u jednostavnim i siroma\u0161nim. To je, dakle, tre\u0107i navje\u0161taj Uskrsa: Isus, Uskrsli, ljubi nas bezgrani\u010dno i pohodi nas u svakoj na\u0161oj \u017eivotnoj situaciji. Utkao je svoju prisutnost u srce svijeta i poziva i nas da nadi\u0111emo barijere, da pobijedimo predrasude, da svaki dan pristupamo onima koji su uz nas i ponovno otkrijemo milost svakodnevnog \u017eivota. Prepoznajmo ga prisutna u na\u0161oj Galileji, u svakodnevnom \u017eivotu. S njim \u0107e se \u017eivot promijeniti. Jer onkraj svih poraza, zla i nasilja, onkraj svake patnje i smrti, Uskrsli \u017eivi i vodi povijest\u201c, rekao je Papa.<\/p>\n\n\n\n<p>Izvor:bitno.net<\/p>\n","protected":false},"excerpt":{"rendered":"<p>Papa Franjo predvodio je u Svetoj no\u0107i 3. travnja u Bazilici svetoga Petra Vazmeno bdjenje na kojem je mogao sudjelovati ograni\u010deni broj vjernika. \u201eI od ru\u0161evina na\u0161eg srca Bog mo\u017ee napraviti umjetni\u010dko djelo, i od razvalina na\u0161eg \u010dovje\u0161tva Bog priprema novu povijest. Uvijek ide ispred nas: u kri\u017eu patnje, pusto\u0161i i smrti, kao i u [&hellip;]<\/p>\n","protected":false},"author":2,"featured_media":9288,"comment_status":"closed","ping_status":"closed","sticky":false,"template":"","format":"standard","meta":{"h5ap_radio_sources":[],"footnotes":""},"categories":[1],"tags":[],"class_list":["post-9287","post","type-post","status-publish","format-standard","has-post-thumbnail","hentry","category-bihiregija"],"yoast_head":"<!-- This site is optimized with the Yoast SEO plugin v27.5 - https:\/\/yoast.com\/product\/yoast-seo-wordpress\/ -->\n<title>Papa Franjo: I od ru\u0161evina na\u0161eg srca Bog mo\u017ee napraviti umjetni\u010dko djelo - RADIO LJUBU\u0160KI<\/title>\n<meta name=\"robots\" content=\"index, follow, max-snippet:-1, max-image-preview:large, max-video-preview:-1\" \/>\n<link rel=\"canonical\" href=\"https:\/\/radioljubuski.ba\/index.php\/2021\/04\/04\/papa-franjo-i-od-rusevina-naseg-srca-bog-moze-napraviti-umjetnicko-djelo\/\" \/>\n<meta property=\"og:locale\" content=\"hr_HR\" \/>\n<meta property=\"og:type\" content=\"article\" \/>\n<meta property=\"og:title\" content=\"Papa Franjo: I od ru\u0161evina na\u0161eg srca Bog mo\u017ee napraviti umjetni\u010dko djelo - RADIO LJUBU\u0160KI\" \/>\n<meta property=\"og:description\" content=\"Papa Franjo predvodio je u Svetoj no\u0107i 3. travnja u Bazilici svetoga Petra Vazmeno bdjenje na kojem je mogao sudjelovati ograni\u010deni broj vjernika. \u201eI od ru\u0161evina na\u0161eg srca Bog mo\u017ee napraviti umjetni\u010dko djelo, i od razvalina na\u0161eg \u010dovje\u0161tva Bog priprema novu povijest. Uvijek ide ispred nas: u kri\u017eu patnje, pusto\u0161i i smrti, kao i u [&hellip;]\" \/>\n<meta property=\"og:url\" content=\"https:\/\/radioljubuski.ba\/index.php\/2021\/04\/04\/papa-franjo-i-od-rusevina-naseg-srca-bog-moze-napraviti-umjetnicko-djelo\/\" \/>\n<meta property=\"og:site_name\" content=\"RADIO LJUBU\u0160KI\" \/>\n<meta property=\"article:publisher\" content=\"https:\/\/www.facebook.com\/Radiio-Ljubuski-1490835324566332\" \/>\n<meta property=\"article:published_time\" content=\"2021-04-04T11:43:54+00:00\" \/>\n<meta property=\"article:modified_time\" content=\"2021-04-04T11:43:55+00:00\" \/>\n<meta property=\"og:image\" content=\"https:\/\/radioljubuski.ba\/wp-content\/uploads\/2021\/04\/pxl-reu-030421-32396810-1280x0-c-default.jpg\" \/>\n\t<meta property=\"og:image:width\" content=\"1280\" \/>\n\t<meta property=\"og:image:height\" content=\"853\" \/>\n\t<meta property=\"og:image:type\" content=\"image\/jpeg\" \/>\n<meta name=\"author\" content=\"Radio Ljubu\u0161ki\" \/>\n<meta name=\"twitter:card\" content=\"summary_large_image\" \/>\n<meta name=\"twitter:creator\" content=\"@radioljubuski\" \/>\n<meta name=\"twitter:site\" content=\"@radioljubuski\" \/>\n<meta name=\"twitter:label1\" content=\"Napisao\/la\" \/>\n\t<meta name=\"twitter:data1\" content=\"Radio Ljubu\u0161ki\" \/>\n\t<meta name=\"twitter:label2\" content=\"Procijenjeno vrijeme \u010ditanja\" \/>\n\t<meta name=\"twitter:data2\" content=\"5 minuta\" \/>\n<script type=\"application\/ld+json\" class=\"yoast-schema-graph\">{\"@context\":\"https:\\\/\\\/schema.org\",\"@graph\":[{\"@type\":\"Article\",\"@id\":\"https:\\\/\\\/radioljubuski.ba\\\/index.php\\\/2021\\\/04\\\/04\\\/papa-franjo-i-od-rusevina-naseg-srca-bog-moze-napraviti-umjetnicko-djelo\\\/#article\",\"isPartOf\":{\"@id\":\"https:\\\/\\\/radioljubuski.ba\\\/index.php\\\/2021\\\/04\\\/04\\\/papa-franjo-i-od-rusevina-naseg-srca-bog-moze-napraviti-umjetnicko-djelo\\\/\"},\"author\":{\"name\":\"Radio Ljubu\u0161ki\",\"@id\":\"https:\\\/\\\/radioljubuski.ba\\\/#\\\/schema\\\/person\\\/19fc700381a780f69665d7956c469e3b\"},\"headline\":\"Papa Franjo: I od ru\u0161evina na\u0161eg srca Bog mo\u017ee napraviti umjetni\u010dko djelo\",\"datePublished\":\"2021-04-04T11:43:54+00:00\",\"dateModified\":\"2021-04-04T11:43:55+00:00\",\"mainEntityOfPage\":{\"@id\":\"https:\\\/\\\/radioljubuski.ba\\\/index.php\\\/2021\\\/04\\\/04\\\/papa-franjo-i-od-rusevina-naseg-srca-bog-moze-napraviti-umjetnicko-djelo\\\/\"},\"wordCount\":1071,\"publisher\":{\"@id\":\"https:\\\/\\\/radioljubuski.ba\\\/#organization\"},\"image\":{\"@id\":\"https:\\\/\\\/radioljubuski.ba\\\/index.php\\\/2021\\\/04\\\/04\\\/papa-franjo-i-od-rusevina-naseg-srca-bog-moze-napraviti-umjetnicko-djelo\\\/#primaryimage\"},\"thumbnailUrl\":\"https:\\\/\\\/radioljubuski.ba\\\/wp-content\\\/uploads\\\/2021\\\/04\\\/pxl-reu-030421-32396810-1280x0-c-default.jpg\",\"articleSection\":[\"BIH i regija\"],\"inLanguage\":\"hr\"},{\"@type\":\"WebPage\",\"@id\":\"https:\\\/\\\/radioljubuski.ba\\\/index.php\\\/2021\\\/04\\\/04\\\/papa-franjo-i-od-rusevina-naseg-srca-bog-moze-napraviti-umjetnicko-djelo\\\/\",\"url\":\"https:\\\/\\\/radioljubuski.ba\\\/index.php\\\/2021\\\/04\\\/04\\\/papa-franjo-i-od-rusevina-naseg-srca-bog-moze-napraviti-umjetnicko-djelo\\\/\",\"name\":\"Papa Franjo: I od ru\u0161evina na\u0161eg srca Bog mo\u017ee napraviti umjetni\u010dko djelo - RADIO LJUBU\u0160KI\",\"isPartOf\":{\"@id\":\"https:\\\/\\\/radioljubuski.ba\\\/#website\"},\"primaryImageOfPage\":{\"@id\":\"https:\\\/\\\/radioljubuski.ba\\\/index.php\\\/2021\\\/04\\\/04\\\/papa-franjo-i-od-rusevina-naseg-srca-bog-moze-napraviti-umjetnicko-djelo\\\/#primaryimage\"},\"image\":{\"@id\":\"https:\\\/\\\/radioljubuski.ba\\\/index.php\\\/2021\\\/04\\\/04\\\/papa-franjo-i-od-rusevina-naseg-srca-bog-moze-napraviti-umjetnicko-djelo\\\/#primaryimage\"},\"thumbnailUrl\":\"https:\\\/\\\/radioljubuski.ba\\\/wp-content\\\/uploads\\\/2021\\\/04\\\/pxl-reu-030421-32396810-1280x0-c-default.jpg\",\"datePublished\":\"2021-04-04T11:43:54+00:00\",\"dateModified\":\"2021-04-04T11:43:55+00:00\",\"breadcrumb\":{\"@id\":\"https:\\\/\\\/radioljubuski.ba\\\/index.php\\\/2021\\\/04\\\/04\\\/papa-franjo-i-od-rusevina-naseg-srca-bog-moze-napraviti-umjetnicko-djelo\\\/#breadcrumb\"},\"inLanguage\":\"hr\",\"potentialAction\":[{\"@type\":\"ReadAction\",\"target\":[\"https:\\\/\\\/radioljubuski.ba\\\/index.php\\\/2021\\\/04\\\/04\\\/papa-franjo-i-od-rusevina-naseg-srca-bog-moze-napraviti-umjetnicko-djelo\\\/\"]}]},{\"@type\":\"ImageObject\",\"inLanguage\":\"hr\",\"@id\":\"https:\\\/\\\/radioljubuski.ba\\\/index.php\\\/2021\\\/04\\\/04\\\/papa-franjo-i-od-rusevina-naseg-srca-bog-moze-napraviti-umjetnicko-djelo\\\/#primaryimage\",\"url\":\"https:\\\/\\\/radioljubuski.ba\\\/wp-content\\\/uploads\\\/2021\\\/04\\\/pxl-reu-030421-32396810-1280x0-c-default.jpg\",\"contentUrl\":\"https:\\\/\\\/radioljubuski.ba\\\/wp-content\\\/uploads\\\/2021\\\/04\\\/pxl-reu-030421-32396810-1280x0-c-default.jpg\",\"width\":1280,\"height\":853},{\"@type\":\"BreadcrumbList\",\"@id\":\"https:\\\/\\\/radioljubuski.ba\\\/index.php\\\/2021\\\/04\\\/04\\\/papa-franjo-i-od-rusevina-naseg-srca-bog-moze-napraviti-umjetnicko-djelo\\\/#breadcrumb\",\"itemListElement\":[{\"@type\":\"ListItem\",\"position\":1,\"name\":\"Po\u010detna stranica\",\"item\":\"https:\\\/\\\/radioljubuski.ba\\\/\"},{\"@type\":\"ListItem\",\"position\":2,\"name\":\"Papa Franjo: I od ru\u0161evina na\u0161eg srca Bog mo\u017ee napraviti umjetni\u010dko djelo\"}]},{\"@type\":\"WebSite\",\"@id\":\"https:\\\/\\\/radioljubuski.ba\\\/#website\",\"url\":\"https:\\\/\\\/radioljubuski.ba\\\/\",\"name\":\"Radio Ljubu\u0161ki\",\"description\":\"Sun\u010dana frekvencija Hercegovine\",\"publisher\":{\"@id\":\"https:\\\/\\\/radioljubuski.ba\\\/#organization\"},\"potentialAction\":[{\"@type\":\"SearchAction\",\"target\":{\"@type\":\"EntryPoint\",\"urlTemplate\":\"https:\\\/\\\/radioljubuski.ba\\\/?s={search_term_string}\"},\"query-input\":{\"@type\":\"PropertyValueSpecification\",\"valueRequired\":true,\"valueName\":\"search_term_string\"}}],\"inLanguage\":\"hr\"},{\"@type\":\"Organization\",\"@id\":\"https:\\\/\\\/radioljubuski.ba\\\/#organization\",\"name\":\"Radio Ljubu\u0161ki\",\"url\":\"https:\\\/\\\/radioljubuski.ba\\\/\",\"logo\":{\"@type\":\"ImageObject\",\"inLanguage\":\"hr\",\"@id\":\"https:\\\/\\\/radioljubuski.ba\\\/#\\\/schema\\\/logo\\\/image\\\/\",\"url\":\"https:\\\/\\\/radioljubuski.ba\\\/wp-content\\\/uploads\\\/2021\\\/02\\\/cropped-Radio_Ljubuski_logo1.jpg\",\"contentUrl\":\"https:\\\/\\\/radioljubuski.ba\\\/wp-content\\\/uploads\\\/2021\\\/02\\\/cropped-Radio_Ljubuski_logo1.jpg\",\"width\":512,\"height\":512,\"caption\":\"Radio Ljubu\u0161ki\"},\"image\":{\"@id\":\"https:\\\/\\\/radioljubuski.ba\\\/#\\\/schema\\\/logo\\\/image\\\/\"},\"sameAs\":[\"https:\\\/\\\/www.facebook.com\\\/Radiio-Ljubuski-1490835324566332\",\"https:\\\/\\\/x.com\\\/radioljubuski\",\"https:\\\/\\\/hr.linkedin.com\\\/company\\\/radio-ljubuski\",\"https:\\\/\\\/www.youtube.com\\\/channel\\\/UCHYaeO_n0Db3tjNGudGpXyw\"]},{\"@type\":\"Person\",\"@id\":\"https:\\\/\\\/radioljubuski.ba\\\/#\\\/schema\\\/person\\\/19fc700381a780f69665d7956c469e3b\",\"name\":\"Radio Ljubu\u0161ki\"}]}<\/script>\n<!-- \/ Yoast SEO plugin. -->","yoast_head_json":{"title":"Papa Franjo: I od ru\u0161evina na\u0161eg srca Bog mo\u017ee napraviti umjetni\u010dko djelo - RADIO LJUBU\u0160KI","robots":{"index":"index","follow":"follow","max-snippet":"max-snippet:-1","max-image-preview":"max-image-preview:large","max-video-preview":"max-video-preview:-1"},"canonical":"https:\/\/radioljubuski.ba\/index.php\/2021\/04\/04\/papa-franjo-i-od-rusevina-naseg-srca-bog-moze-napraviti-umjetnicko-djelo\/","og_locale":"hr_HR","og_type":"article","og_title":"Papa Franjo: I od ru\u0161evina na\u0161eg srca Bog mo\u017ee napraviti umjetni\u010dko djelo - RADIO LJUBU\u0160KI","og_description":"Papa Franjo predvodio je u Svetoj no\u0107i 3. travnja u Bazilici svetoga Petra Vazmeno bdjenje na kojem je mogao sudjelovati ograni\u010deni broj vjernika. \u201eI od ru\u0161evina na\u0161eg srca Bog mo\u017ee napraviti umjetni\u010dko djelo, i od razvalina na\u0161eg \u010dovje\u0161tva Bog priprema novu povijest. Uvijek ide ispred nas: u kri\u017eu patnje, pusto\u0161i i smrti, kao i u [&hellip;]","og_url":"https:\/\/radioljubuski.ba\/index.php\/2021\/04\/04\/papa-franjo-i-od-rusevina-naseg-srca-bog-moze-napraviti-umjetnicko-djelo\/","og_site_name":"RADIO LJUBU\u0160KI","article_publisher":"https:\/\/www.facebook.com\/Radiio-Ljubuski-1490835324566332","article_published_time":"2021-04-04T11:43:54+00:00","article_modified_time":"2021-04-04T11:43:55+00:00","og_image":[{"width":1280,"height":853,"url":"https:\/\/radioljubuski.ba\/wp-content\/uploads\/2021\/04\/pxl-reu-030421-32396810-1280x0-c-default.jpg","type":"image\/jpeg"}],"author":"Radio Ljubu\u0161ki","twitter_card":"summary_large_image","twitter_creator":"@radioljubuski","twitter_site":"@radioljubuski","twitter_misc":{"Napisao\/la":"Radio Ljubu\u0161ki","Procijenjeno vrijeme \u010ditanja":"5 minuta"},"schema":{"@context":"https:\/\/schema.org","@graph":[{"@type":"Article","@id":"https:\/\/radioljubuski.ba\/index.php\/2021\/04\/04\/papa-franjo-i-od-rusevina-naseg-srca-bog-moze-napraviti-umjetnicko-djelo\/#article","isPartOf":{"@id":"https:\/\/radioljubuski.ba\/index.php\/2021\/04\/04\/papa-franjo-i-od-rusevina-naseg-srca-bog-moze-napraviti-umjetnicko-djelo\/"},"author":{"name":"Radio Ljubu\u0161ki","@id":"https:\/\/radioljubuski.ba\/#\/schema\/person\/19fc700381a780f69665d7956c469e3b"},"headline":"Papa Franjo: I od ru\u0161evina na\u0161eg srca Bog mo\u017ee napraviti umjetni\u010dko djelo","datePublished":"2021-04-04T11:43:54+00:00","dateModified":"2021-04-04T11:43:55+00:00","mainEntityOfPage":{"@id":"https:\/\/radioljubuski.ba\/index.php\/2021\/04\/04\/papa-franjo-i-od-rusevina-naseg-srca-bog-moze-napraviti-umjetnicko-djelo\/"},"wordCount":1071,"publisher":{"@id":"https:\/\/radioljubuski.ba\/#organization"},"image":{"@id":"https:\/\/radioljubuski.ba\/index.php\/2021\/04\/04\/papa-franjo-i-od-rusevina-naseg-srca-bog-moze-napraviti-umjetnicko-djelo\/#primaryimage"},"thumbnailUrl":"https:\/\/radioljubuski.ba\/wp-content\/uploads\/2021\/04\/pxl-reu-030421-32396810-1280x0-c-default.jpg","articleSection":["BIH i regija"],"inLanguage":"hr"},{"@type":"WebPage","@id":"https:\/\/radioljubuski.ba\/index.php\/2021\/04\/04\/papa-franjo-i-od-rusevina-naseg-srca-bog-moze-napraviti-umjetnicko-djelo\/","url":"https:\/\/radioljubuski.ba\/index.php\/2021\/04\/04\/papa-franjo-i-od-rusevina-naseg-srca-bog-moze-napraviti-umjetnicko-djelo\/","name":"Papa Franjo: I od ru\u0161evina na\u0161eg srca Bog mo\u017ee napraviti umjetni\u010dko djelo - RADIO LJUBU\u0160KI","isPartOf":{"@id":"https:\/\/radioljubuski.ba\/#website"},"primaryImageOfPage":{"@id":"https:\/\/radioljubuski.ba\/index.php\/2021\/04\/04\/papa-franjo-i-od-rusevina-naseg-srca-bog-moze-napraviti-umjetnicko-djelo\/#primaryimage"},"image":{"@id":"https:\/\/radioljubuski.ba\/index.php\/2021\/04\/04\/papa-franjo-i-od-rusevina-naseg-srca-bog-moze-napraviti-umjetnicko-djelo\/#primaryimage"},"thumbnailUrl":"https:\/\/radioljubuski.ba\/wp-content\/uploads\/2021\/04\/pxl-reu-030421-32396810-1280x0-c-default.jpg","datePublished":"2021-04-04T11:43:54+00:00","dateModified":"2021-04-04T11:43:55+00:00","breadcrumb":{"@id":"https:\/\/radioljubuski.ba\/index.php\/2021\/04\/04\/papa-franjo-i-od-rusevina-naseg-srca-bog-moze-napraviti-umjetnicko-djelo\/#breadcrumb"},"inLanguage":"hr","potentialAction":[{"@type":"ReadAction","target":["https:\/\/radioljubuski.ba\/index.php\/2021\/04\/04\/papa-franjo-i-od-rusevina-naseg-srca-bog-moze-napraviti-umjetnicko-djelo\/"]}]},{"@type":"ImageObject","inLanguage":"hr","@id":"https:\/\/radioljubuski.ba\/index.php\/2021\/04\/04\/papa-franjo-i-od-rusevina-naseg-srca-bog-moze-napraviti-umjetnicko-djelo\/#primaryimage","url":"https:\/\/radioljubuski.ba\/wp-content\/uploads\/2021\/04\/pxl-reu-030421-32396810-1280x0-c-default.jpg","contentUrl":"https:\/\/radioljubuski.ba\/wp-content\/uploads\/2021\/04\/pxl-reu-030421-32396810-1280x0-c-default.jpg","width":1280,"height":853},{"@type":"BreadcrumbList","@id":"https:\/\/radioljubuski.ba\/index.php\/2021\/04\/04\/papa-franjo-i-od-rusevina-naseg-srca-bog-moze-napraviti-umjetnicko-djelo\/#breadcrumb","itemListElement":[{"@type":"ListItem","position":1,"name":"Po\u010detna stranica","item":"https:\/\/radioljubuski.ba\/"},{"@type":"ListItem","position":2,"name":"Papa Franjo: I od ru\u0161evina na\u0161eg srca Bog mo\u017ee napraviti umjetni\u010dko djelo"}]},{"@type":"WebSite","@id":"https:\/\/radioljubuski.ba\/#website","url":"https:\/\/radioljubuski.ba\/","name":"Radio Ljubu\u0161ki","description":"Sun\u010dana frekvencija Hercegovine","publisher":{"@id":"https:\/\/radioljubuski.ba\/#organization"},"potentialAction":[{"@type":"SearchAction","target":{"@type":"EntryPoint","urlTemplate":"https:\/\/radioljubuski.ba\/?s={search_term_string}"},"query-input":{"@type":"PropertyValueSpecification","valueRequired":true,"valueName":"search_term_string"}}],"inLanguage":"hr"},{"@type":"Organization","@id":"https:\/\/radioljubuski.ba\/#organization","name":"Radio Ljubu\u0161ki","url":"https:\/\/radioljubuski.ba\/","logo":{"@type":"ImageObject","inLanguage":"hr","@id":"https:\/\/radioljubuski.ba\/#\/schema\/logo\/image\/","url":"https:\/\/radioljubuski.ba\/wp-content\/uploads\/2021\/02\/cropped-Radio_Ljubuski_logo1.jpg","contentUrl":"https:\/\/radioljubuski.ba\/wp-content\/uploads\/2021\/02\/cropped-Radio_Ljubuski_logo1.jpg","width":512,"height":512,"caption":"Radio Ljubu\u0161ki"},"image":{"@id":"https:\/\/radioljubuski.ba\/#\/schema\/logo\/image\/"},"sameAs":["https:\/\/www.facebook.com\/Radiio-Ljubuski-1490835324566332","https:\/\/x.com\/radioljubuski","https:\/\/hr.linkedin.com\/company\/radio-ljubuski","https:\/\/www.youtube.com\/channel\/UCHYaeO_n0Db3tjNGudGpXyw"]},{"@type":"Person","@id":"https:\/\/radioljubuski.ba\/#\/schema\/person\/19fc700381a780f69665d7956c469e3b","name":"Radio Ljubu\u0161ki"}]}},"_links":{"self":[{"href":"https:\/\/radioljubuski.ba\/index.php\/wp-json\/wp\/v2\/posts\/9287","targetHints":{"allow":["GET"]}}],"collection":[{"href":"https:\/\/radioljubuski.ba\/index.php\/wp-json\/wp\/v2\/posts"}],"about":[{"href":"https:\/\/radioljubuski.ba\/index.php\/wp-json\/wp\/v2\/types\/post"}],"author":[{"embeddable":true,"href":"https:\/\/radioljubuski.ba\/index.php\/wp-json\/wp\/v2\/users\/2"}],"replies":[{"embeddable":true,"href":"https:\/\/radioljubuski.ba\/index.php\/wp-json\/wp\/v2\/comments?post=9287"}],"version-history":[{"count":1,"href":"https:\/\/radioljubuski.ba\/index.php\/wp-json\/wp\/v2\/posts\/9287\/revisions"}],"predecessor-version":[{"id":9289,"href":"https:\/\/radioljubuski.ba\/index.php\/wp-json\/wp\/v2\/posts\/9287\/revisions\/9289"}],"wp:featuredmedia":[{"embeddable":true,"href":"https:\/\/radioljubuski.ba\/index.php\/wp-json\/wp\/v2\/media\/9288"}],"wp:attachment":[{"href":"https:\/\/radioljubuski.ba\/index.php\/wp-json\/wp\/v2\/media?parent=9287"}],"wp:term":[{"taxonomy":"category","embeddable":true,"href":"https:\/\/radioljubuski.ba\/index.php\/wp-json\/wp\/v2\/categories?post=9287"},{"taxonomy":"post_tag","embeddable":true,"href":"https:\/\/radioljubuski.ba\/index.php\/wp-json\/wp\/v2\/tags?post=9287"}],"curies":[{"name":"wp","href":"https:\/\/api.w.org\/{rel}","templated":true}]}}