{"id":93062,"date":"2021-11-28T00:07:12","date_gmt":"2021-11-27T23:07:12","guid":{"rendered":"https:\/\/radioljubuski.ba\/?p=93062"},"modified":"2021-11-28T00:07:13","modified_gmt":"2021-11-27T23:07:13","slug":"grubesa-pisao-europskim-sucima-vas-kolega-vehabovic-mjesecima-nastupa-kao-glasnogovornik-unitaristicke-politike","status":"publish","type":"post","link":"https:\/\/radioljubuski.ba\/index.php\/2021\/11\/28\/grubesa-pisao-europskim-sucima-vas-kolega-vehabovic-mjesecima-nastupa-kao-glasnogovornik-unitaristicke-politike\/","title":{"rendered":"Grube\u0161a pisao europskim sucima: Va\u0161 kolega Vehabovi\u0107 mjesecima nastupa kao glasnogovornik unitaristi\u010dke politike"},"content":{"rendered":"\n<p><strong>Ministar pravde Bosne i Hercegovine Josip Grube\u0161a uputio je pismo svim sucima Europskom suda za ljudska prava u Strasbourgu. Ministar Grube\u0161a europskim sudcima skrenuo je pozornost na \u0161tetno djelovanje njihovog kolege, sudca Europskog suda, iz BiH Farisa Vehabovi\u0107a, koji, kako je naveo, u medijima, ve\u0107 mjesecima, istupa gao glasnogovornik unitaristi\u010dke politike. Ministar Grube\u0161a u pismu navodi:<\/strong><\/p>\n\n\n\n<p>\u2013 Ministarstvo pravde Bosne i Hercegovine pozdravlja pozitivnu suradnju koju kroz svoj rad obavlja s Europskim sudom za ljudska prava, ogledaju\u0107i je kroz uspostavu sustava za\u0161tite ljudskih prava i temeljnih sloboda, te vladavine prava. Iz svoje nadle\u017enosti, ovo ministarstvo je uputilo niz odluka i urgencija prema Vije\u0107u ministara BiH u vezi implementacije presuda Europskog suda za ljudska prava iz grupe predmeta Sejdi\u0107 i Finci protiv Bosne i Hercegovine. Naime, iskazali smo spremnost kako visokim standardom vrijednosti svojih odluka tako i neposrednom suradnjom u razmjeni mi\u0161ljenja i stajali\u0161ta prema najosjetljivijim pitanjima za\u0161tite ljudskih prava i temeljnih sloboda.<\/p>\n\n\n\n<p>Obna\u0161aju\u0107i du\u017enost ministra pravde Bosne i Hercegovine imam priliku, te mi je zadovoljstvo, da s posebnom pozorno\u0161\u0107u i uva\u017eavanjem pratim rad Va\u0161e institucije, kao i Va\u0161e profesionalne doprinose primjeni me\u0111unarodnih deklaracija i standarda u cilju za\u0161tite i ostvarivanja ljudskih prava, bez razlike odakle dolaze i na koga se odnose. Smatram kako su mi upravo takva uvjerenja bila povod da Vam se obratim, te Vam skrenem pozornost na neke otvorene istupe gospodina Farisa Vehabovi\u0107a, Va\u0161ega kolegu, suca Europskog suda za ljudska prava, koji imaju \u0161tetan utjecaj s nesagledivim posljedicama u procesu izmjene Izbornog zakona Bosne i Hercegovine i \u201eograni\u010denim\u201c izmjenama Ustava BiH, koji su u tijeku, a \u0161to je Vama sigurno poznato.<\/p>\n\n\n\n<p>Gospodin Vehabovi\u0107 ve\u0107 tjednima, ako ne i mjesecima nastupa u medijima i okruglim stolovima kao politi\u010dki glasnogovornik i zagovornik unitaristi\u010dke politike jedne prepoznatljive politi\u010dke opcije u BiH, tuma\u010de\u0107i presude Europskog suda za ljudska prava na na\u010din koji zanemaruje odredbe Ustava BiH, a sve suprotno samom karakteru vi\u0161enacionalne Bosne i Hercegovine i slobodan sam kazati na na\u010din na koji se odluke ovog uva\u017eenog suda ne mogu i ne smiju tuma\u010diti. Nitko ne smije tuma\u010diti odluke, a pogotovo ne pojedinac iz Va\u0161ih redova, politi\u010dkim jezikom, te na taj na\u010din ugroziti kvalitetu sudskih odluka, a samim time i vladavinu prava.<\/p>\n\n\n\n<p>Medijski navodi suca Vehabovi\u0107a, citiram \u201eDevedesetih godina se moralo pristati na konstitutivne narode, jer je to bilo prijelazno rje\u0161enje. BiH mora omogu\u0107iti svima da sudjeluju u izbornom procesu bez ikakvih davanja povlastica konstitutivnim narodima. Ne bi trebale postojati etni\u010dke odrednice. Nema Srbin, Hrvat, Bo\u0161njak ve\u0107 gra\u0111anin(\u2026)\u201c ne bi smjeli biti predmetom opservacije i slu\u017eiti na \u010dast sucu jedne takve pravosudne institucije. Uostalom, ne smije se zaboraviti da je gospodin Vehabovi\u0107 na du\u017enost suca koju trenuta\u010dno obna\u0161a delegiran kao predstavnik jednog konstitutivnog naroda, \u0161to mu tada iz oportunih razloga o\u010digledno nije smetalo.<\/p>\n\n\n\n<p>Jasno je kako se tako jednom o\u0161trom i nekorektnom retorikom suca Vehabovi\u0107a stvara privid te poku\u0161ava nametnuti uvjerenje da je to ujedno stav Europskog suda za ljudska prava. Naravno, ovo je samo dio \u0161ire kampanje koja se vodi, a svrha joj je da se na taj na\u010din utje\u010de na sudionike u ovom reformskom procesu pa \u010dak i na neke me\u0111unarodne medijatore za \u0161to ve\u0107 postoje vidljive naznake. Ugled Europskog suda za ljudska prava je ogroman i ako na nastupe njihovog suca nema reakcije onda su i logi\u010dna uvjerenja da on samo prenosi stavove te institucije, \u0161to je suprotno na\u0161em promi\u0161ljanju.<\/p>\n\n\n\n<p>Uvjeren sam kako gospodin Vehabovi\u0107 u svojim istupima postupa suprotno mandatu suca i pravilima Europskog suda za ljudska prava i da na taj na\u010din naru\u0161ava visoki ugled ove zna\u010dajne europske pravne institucije, a \u0161teta koju \u010dini svojim medijskim nastupima mo\u017ee imati nesagledive posljedice za reformski proces u tijeku, ali i za druge reforme koje stoje pred Bosnom i Hercegovinom.<\/p>\n\n\n\n<p>Imaju\u0107i u vidu izneseno, puno je opravdanih razloga za zabrinutost, kako mene tako i \u0161ire dru\u0161tvene zajednice koja participira u politi\u010dkom \u017eivotu Bosne i Hercegovine i \u017eeli stvoriti ambijent u kome bi svi bili jednakopravni i jednako zastupljeni. Stoga sam se odlu\u010dio na ovaj korak, kako bih Vas upoznao s ovim, po nama, neprimjerenim i \u0161tetnim pona\u0161anjem suca Vehabovi\u0107a, imaju\u0107i pri tomu uvjerenje kako \u0107e Va\u0161 profesionalni diskurs znati to prepoznati i poduzeti odgovaraju\u0107e korake na sprje\u010davanju daljnjeg nano\u0161enja \u0161tete ugledu Europskom sudu za ljudska prava, ali i reformskom procesu koji je u tijeku, stoji u pismu ministra pravde BiH.<\/p>\n\n\n\n<p>\/HMS\/<\/p>\n","protected":false},"excerpt":{"rendered":"<p>Ministar pravde Bosne i Hercegovine Josip Grube\u0161a uputio je pismo svim sucima Europskom suda za ljudska prava u Strasbourgu. Ministar Grube\u0161a europskim sudcima skrenuo je pozornost na \u0161tetno djelovanje njihovog kolege, sudca Europskog suda, iz BiH Farisa Vehabovi\u0107a, koji, kako je naveo, u medijima, ve\u0107 mjesecima, istupa gao glasnogovornik unitaristi\u010dke politike. Ministar Grube\u0161a u pismu [&hellip;]<\/p>\n","protected":false},"author":2,"featured_media":27141,"comment_status":"closed","ping_status":"closed","sticky":false,"template":"","format":"standard","meta":{"h5ap_radio_sources":[],"footnotes":""},"categories":[1],"tags":[],"class_list":["post-93062","post","type-post","status-publish","format-standard","has-post-thumbnail","hentry","category-bihiregija"],"yoast_head":"<!-- This site is optimized with the Yoast SEO plugin v27.4 - https:\/\/yoast.com\/product\/yoast-seo-wordpress\/ -->\n<title>Grube\u0161a pisao europskim sucima: Va\u0161 kolega Vehabovi\u0107 mjesecima nastupa kao glasnogovornik unitaristi\u010dke politike - RADIO LJUBU\u0160KI<\/title>\n<meta name=\"robots\" content=\"index, follow, max-snippet:-1, max-image-preview:large, max-video-preview:-1\" \/>\n<link rel=\"canonical\" href=\"https:\/\/radioljubuski.ba\/index.php\/2021\/11\/28\/grubesa-pisao-europskim-sucima-vas-kolega-vehabovic-mjesecima-nastupa-kao-glasnogovornik-unitaristicke-politike\/\" \/>\n<meta property=\"og:locale\" content=\"hr_HR\" \/>\n<meta property=\"og:type\" content=\"article\" \/>\n<meta property=\"og:title\" content=\"Grube\u0161a pisao europskim sucima: Va\u0161 kolega Vehabovi\u0107 mjesecima nastupa kao glasnogovornik unitaristi\u010dke politike - RADIO LJUBU\u0160KI\" \/>\n<meta property=\"og:description\" content=\"Ministar pravde Bosne i Hercegovine Josip Grube\u0161a uputio je pismo svim sucima Europskom suda za ljudska prava u Strasbourgu. Ministar Grube\u0161a europskim sudcima skrenuo je pozornost na \u0161tetno djelovanje njihovog kolege, sudca Europskog suda, iz BiH Farisa Vehabovi\u0107a, koji, kako je naveo, u medijima, ve\u0107 mjesecima, istupa gao glasnogovornik unitaristi\u010dke politike. Ministar Grube\u0161a u pismu [&hellip;]\" \/>\n<meta property=\"og:url\" content=\"https:\/\/radioljubuski.ba\/index.php\/2021\/11\/28\/grubesa-pisao-europskim-sucima-vas-kolega-vehabovic-mjesecima-nastupa-kao-glasnogovornik-unitaristicke-politike\/\" \/>\n<meta property=\"og:site_name\" content=\"RADIO LJUBU\u0160KI\" \/>\n<meta property=\"article:publisher\" content=\"https:\/\/www.facebook.com\/Radiio-Ljubuski-1490835324566332\" \/>\n<meta property=\"article:published_time\" content=\"2021-11-27T23:07:12+00:00\" \/>\n<meta property=\"article:modified_time\" content=\"2021-11-27T23:07:13+00:00\" \/>\n<meta property=\"og:image\" content=\"https:\/\/radioljubuski.ba\/wp-content\/uploads\/2021\/06\/Josip-Grubesa.jpg\" \/>\n\t<meta property=\"og:image:width\" content=\"1024\" \/>\n\t<meta property=\"og:image:height\" content=\"480\" \/>\n\t<meta property=\"og:image:type\" content=\"image\/jpeg\" \/>\n<meta name=\"author\" content=\"Radio Ljubu\u0161ki\" \/>\n<meta name=\"twitter:card\" content=\"summary_large_image\" \/>\n<meta name=\"twitter:creator\" content=\"@radioljubuski\" \/>\n<meta name=\"twitter:site\" content=\"@radioljubuski\" \/>\n<meta name=\"twitter:label1\" content=\"Napisao\/la\" \/>\n\t<meta name=\"twitter:data1\" content=\"Radio Ljubu\u0161ki\" \/>\n\t<meta name=\"twitter:label2\" content=\"Procijenjeno vrijeme \u010ditanja\" \/>\n\t<meta name=\"twitter:data2\" content=\"4 minute\" \/>\n<script type=\"application\/ld+json\" class=\"yoast-schema-graph\">{\"@context\":\"https:\\\/\\\/schema.org\",\"@graph\":[{\"@type\":\"Article\",\"@id\":\"https:\\\/\\\/radioljubuski.ba\\\/index.php\\\/2021\\\/11\\\/28\\\/grubesa-pisao-europskim-sucima-vas-kolega-vehabovic-mjesecima-nastupa-kao-glasnogovornik-unitaristicke-politike\\\/#article\",\"isPartOf\":{\"@id\":\"https:\\\/\\\/radioljubuski.ba\\\/index.php\\\/2021\\\/11\\\/28\\\/grubesa-pisao-europskim-sucima-vas-kolega-vehabovic-mjesecima-nastupa-kao-glasnogovornik-unitaristicke-politike\\\/\"},\"author\":{\"name\":\"Radio Ljubu\u0161ki\",\"@id\":\"https:\\\/\\\/radioljubuski.ba\\\/#\\\/schema\\\/person\\\/19fc700381a780f69665d7956c469e3b\"},\"headline\":\"Grube\u0161a pisao europskim sucima: Va\u0161 kolega Vehabovi\u0107 mjesecima nastupa kao glasnogovornik unitaristi\u010dke politike\",\"datePublished\":\"2021-11-27T23:07:12+00:00\",\"dateModified\":\"2021-11-27T23:07:13+00:00\",\"mainEntityOfPage\":{\"@id\":\"https:\\\/\\\/radioljubuski.ba\\\/index.php\\\/2021\\\/11\\\/28\\\/grubesa-pisao-europskim-sucima-vas-kolega-vehabovic-mjesecima-nastupa-kao-glasnogovornik-unitaristicke-politike\\\/\"},\"wordCount\":797,\"publisher\":{\"@id\":\"https:\\\/\\\/radioljubuski.ba\\\/#organization\"},\"image\":{\"@id\":\"https:\\\/\\\/radioljubuski.ba\\\/index.php\\\/2021\\\/11\\\/28\\\/grubesa-pisao-europskim-sucima-vas-kolega-vehabovic-mjesecima-nastupa-kao-glasnogovornik-unitaristicke-politike\\\/#primaryimage\"},\"thumbnailUrl\":\"https:\\\/\\\/radioljubuski.ba\\\/wp-content\\\/uploads\\\/2021\\\/06\\\/Josip-Grubesa.jpg\",\"articleSection\":[\"BIH i regija\"],\"inLanguage\":\"hr\"},{\"@type\":\"WebPage\",\"@id\":\"https:\\\/\\\/radioljubuski.ba\\\/index.php\\\/2021\\\/11\\\/28\\\/grubesa-pisao-europskim-sucima-vas-kolega-vehabovic-mjesecima-nastupa-kao-glasnogovornik-unitaristicke-politike\\\/\",\"url\":\"https:\\\/\\\/radioljubuski.ba\\\/index.php\\\/2021\\\/11\\\/28\\\/grubesa-pisao-europskim-sucima-vas-kolega-vehabovic-mjesecima-nastupa-kao-glasnogovornik-unitaristicke-politike\\\/\",\"name\":\"Grube\u0161a pisao europskim sucima: Va\u0161 kolega Vehabovi\u0107 mjesecima nastupa kao glasnogovornik unitaristi\u010dke politike - RADIO LJUBU\u0160KI\",\"isPartOf\":{\"@id\":\"https:\\\/\\\/radioljubuski.ba\\\/#website\"},\"primaryImageOfPage\":{\"@id\":\"https:\\\/\\\/radioljubuski.ba\\\/index.php\\\/2021\\\/11\\\/28\\\/grubesa-pisao-europskim-sucima-vas-kolega-vehabovic-mjesecima-nastupa-kao-glasnogovornik-unitaristicke-politike\\\/#primaryimage\"},\"image\":{\"@id\":\"https:\\\/\\\/radioljubuski.ba\\\/index.php\\\/2021\\\/11\\\/28\\\/grubesa-pisao-europskim-sucima-vas-kolega-vehabovic-mjesecima-nastupa-kao-glasnogovornik-unitaristicke-politike\\\/#primaryimage\"},\"thumbnailUrl\":\"https:\\\/\\\/radioljubuski.ba\\\/wp-content\\\/uploads\\\/2021\\\/06\\\/Josip-Grubesa.jpg\",\"datePublished\":\"2021-11-27T23:07:12+00:00\",\"dateModified\":\"2021-11-27T23:07:13+00:00\",\"breadcrumb\":{\"@id\":\"https:\\\/\\\/radioljubuski.ba\\\/index.php\\\/2021\\\/11\\\/28\\\/grubesa-pisao-europskim-sucima-vas-kolega-vehabovic-mjesecima-nastupa-kao-glasnogovornik-unitaristicke-politike\\\/#breadcrumb\"},\"inLanguage\":\"hr\",\"potentialAction\":[{\"@type\":\"ReadAction\",\"target\":[\"https:\\\/\\\/radioljubuski.ba\\\/index.php\\\/2021\\\/11\\\/28\\\/grubesa-pisao-europskim-sucima-vas-kolega-vehabovic-mjesecima-nastupa-kao-glasnogovornik-unitaristicke-politike\\\/\"]}]},{\"@type\":\"ImageObject\",\"inLanguage\":\"hr\",\"@id\":\"https:\\\/\\\/radioljubuski.ba\\\/index.php\\\/2021\\\/11\\\/28\\\/grubesa-pisao-europskim-sucima-vas-kolega-vehabovic-mjesecima-nastupa-kao-glasnogovornik-unitaristicke-politike\\\/#primaryimage\",\"url\":\"https:\\\/\\\/radioljubuski.ba\\\/wp-content\\\/uploads\\\/2021\\\/06\\\/Josip-Grubesa.jpg\",\"contentUrl\":\"https:\\\/\\\/radioljubuski.ba\\\/wp-content\\\/uploads\\\/2021\\\/06\\\/Josip-Grubesa.jpg\",\"width\":1024,\"height\":480},{\"@type\":\"BreadcrumbList\",\"@id\":\"https:\\\/\\\/radioljubuski.ba\\\/index.php\\\/2021\\\/11\\\/28\\\/grubesa-pisao-europskim-sucima-vas-kolega-vehabovic-mjesecima-nastupa-kao-glasnogovornik-unitaristicke-politike\\\/#breadcrumb\",\"itemListElement\":[{\"@type\":\"ListItem\",\"position\":1,\"name\":\"Po\u010detna stranica\",\"item\":\"https:\\\/\\\/radioljubuski.ba\\\/\"},{\"@type\":\"ListItem\",\"position\":2,\"name\":\"Grube\u0161a pisao europskim sucima: Va\u0161 kolega Vehabovi\u0107 mjesecima nastupa kao glasnogovornik unitaristi\u010dke politike\"}]},{\"@type\":\"WebSite\",\"@id\":\"https:\\\/\\\/radioljubuski.ba\\\/#website\",\"url\":\"https:\\\/\\\/radioljubuski.ba\\\/\",\"name\":\"Radio Ljubu\u0161ki\",\"description\":\"Sun\u010dana frekvencija Hercegovine\",\"publisher\":{\"@id\":\"https:\\\/\\\/radioljubuski.ba\\\/#organization\"},\"potentialAction\":[{\"@type\":\"SearchAction\",\"target\":{\"@type\":\"EntryPoint\",\"urlTemplate\":\"https:\\\/\\\/radioljubuski.ba\\\/?s={search_term_string}\"},\"query-input\":{\"@type\":\"PropertyValueSpecification\",\"valueRequired\":true,\"valueName\":\"search_term_string\"}}],\"inLanguage\":\"hr\"},{\"@type\":\"Organization\",\"@id\":\"https:\\\/\\\/radioljubuski.ba\\\/#organization\",\"name\":\"Radio Ljubu\u0161ki\",\"url\":\"https:\\\/\\\/radioljubuski.ba\\\/\",\"logo\":{\"@type\":\"ImageObject\",\"inLanguage\":\"hr\",\"@id\":\"https:\\\/\\\/radioljubuski.ba\\\/#\\\/schema\\\/logo\\\/image\\\/\",\"url\":\"https:\\\/\\\/radioljubuski.ba\\\/wp-content\\\/uploads\\\/2021\\\/02\\\/cropped-Radio_Ljubuski_logo1.jpg\",\"contentUrl\":\"https:\\\/\\\/radioljubuski.ba\\\/wp-content\\\/uploads\\\/2021\\\/02\\\/cropped-Radio_Ljubuski_logo1.jpg\",\"width\":512,\"height\":512,\"caption\":\"Radio Ljubu\u0161ki\"},\"image\":{\"@id\":\"https:\\\/\\\/radioljubuski.ba\\\/#\\\/schema\\\/logo\\\/image\\\/\"},\"sameAs\":[\"https:\\\/\\\/www.facebook.com\\\/Radiio-Ljubuski-1490835324566332\",\"https:\\\/\\\/x.com\\\/radioljubuski\",\"https:\\\/\\\/hr.linkedin.com\\\/company\\\/radio-ljubuski\",\"https:\\\/\\\/www.youtube.com\\\/channel\\\/UCHYaeO_n0Db3tjNGudGpXyw\"]},{\"@type\":\"Person\",\"@id\":\"https:\\\/\\\/radioljubuski.ba\\\/#\\\/schema\\\/person\\\/19fc700381a780f69665d7956c469e3b\",\"name\":\"Radio Ljubu\u0161ki\"}]}<\/script>\n<!-- \/ Yoast SEO plugin. -->","yoast_head_json":{"title":"Grube\u0161a pisao europskim sucima: Va\u0161 kolega Vehabovi\u0107 mjesecima nastupa kao glasnogovornik unitaristi\u010dke politike - RADIO LJUBU\u0160KI","robots":{"index":"index","follow":"follow","max-snippet":"max-snippet:-1","max-image-preview":"max-image-preview:large","max-video-preview":"max-video-preview:-1"},"canonical":"https:\/\/radioljubuski.ba\/index.php\/2021\/11\/28\/grubesa-pisao-europskim-sucima-vas-kolega-vehabovic-mjesecima-nastupa-kao-glasnogovornik-unitaristicke-politike\/","og_locale":"hr_HR","og_type":"article","og_title":"Grube\u0161a pisao europskim sucima: Va\u0161 kolega Vehabovi\u0107 mjesecima nastupa kao glasnogovornik unitaristi\u010dke politike - RADIO LJUBU\u0160KI","og_description":"Ministar pravde Bosne i Hercegovine Josip Grube\u0161a uputio je pismo svim sucima Europskom suda za ljudska prava u Strasbourgu. Ministar Grube\u0161a europskim sudcima skrenuo je pozornost na \u0161tetno djelovanje njihovog kolege, sudca Europskog suda, iz BiH Farisa Vehabovi\u0107a, koji, kako je naveo, u medijima, ve\u0107 mjesecima, istupa gao glasnogovornik unitaristi\u010dke politike. Ministar Grube\u0161a u pismu [&hellip;]","og_url":"https:\/\/radioljubuski.ba\/index.php\/2021\/11\/28\/grubesa-pisao-europskim-sucima-vas-kolega-vehabovic-mjesecima-nastupa-kao-glasnogovornik-unitaristicke-politike\/","og_site_name":"RADIO LJUBU\u0160KI","article_publisher":"https:\/\/www.facebook.com\/Radiio-Ljubuski-1490835324566332","article_published_time":"2021-11-27T23:07:12+00:00","article_modified_time":"2021-11-27T23:07:13+00:00","og_image":[{"width":1024,"height":480,"url":"https:\/\/radioljubuski.ba\/wp-content\/uploads\/2021\/06\/Josip-Grubesa.jpg","type":"image\/jpeg"}],"author":"Radio Ljubu\u0161ki","twitter_card":"summary_large_image","twitter_creator":"@radioljubuski","twitter_site":"@radioljubuski","twitter_misc":{"Napisao\/la":"Radio Ljubu\u0161ki","Procijenjeno vrijeme \u010ditanja":"4 minute"},"schema":{"@context":"https:\/\/schema.org","@graph":[{"@type":"Article","@id":"https:\/\/radioljubuski.ba\/index.php\/2021\/11\/28\/grubesa-pisao-europskim-sucima-vas-kolega-vehabovic-mjesecima-nastupa-kao-glasnogovornik-unitaristicke-politike\/#article","isPartOf":{"@id":"https:\/\/radioljubuski.ba\/index.php\/2021\/11\/28\/grubesa-pisao-europskim-sucima-vas-kolega-vehabovic-mjesecima-nastupa-kao-glasnogovornik-unitaristicke-politike\/"},"author":{"name":"Radio Ljubu\u0161ki","@id":"https:\/\/radioljubuski.ba\/#\/schema\/person\/19fc700381a780f69665d7956c469e3b"},"headline":"Grube\u0161a pisao europskim sucima: Va\u0161 kolega Vehabovi\u0107 mjesecima nastupa kao glasnogovornik unitaristi\u010dke politike","datePublished":"2021-11-27T23:07:12+00:00","dateModified":"2021-11-27T23:07:13+00:00","mainEntityOfPage":{"@id":"https:\/\/radioljubuski.ba\/index.php\/2021\/11\/28\/grubesa-pisao-europskim-sucima-vas-kolega-vehabovic-mjesecima-nastupa-kao-glasnogovornik-unitaristicke-politike\/"},"wordCount":797,"publisher":{"@id":"https:\/\/radioljubuski.ba\/#organization"},"image":{"@id":"https:\/\/radioljubuski.ba\/index.php\/2021\/11\/28\/grubesa-pisao-europskim-sucima-vas-kolega-vehabovic-mjesecima-nastupa-kao-glasnogovornik-unitaristicke-politike\/#primaryimage"},"thumbnailUrl":"https:\/\/radioljubuski.ba\/wp-content\/uploads\/2021\/06\/Josip-Grubesa.jpg","articleSection":["BIH i regija"],"inLanguage":"hr"},{"@type":"WebPage","@id":"https:\/\/radioljubuski.ba\/index.php\/2021\/11\/28\/grubesa-pisao-europskim-sucima-vas-kolega-vehabovic-mjesecima-nastupa-kao-glasnogovornik-unitaristicke-politike\/","url":"https:\/\/radioljubuski.ba\/index.php\/2021\/11\/28\/grubesa-pisao-europskim-sucima-vas-kolega-vehabovic-mjesecima-nastupa-kao-glasnogovornik-unitaristicke-politike\/","name":"Grube\u0161a pisao europskim sucima: Va\u0161 kolega Vehabovi\u0107 mjesecima nastupa kao glasnogovornik unitaristi\u010dke politike - RADIO LJUBU\u0160KI","isPartOf":{"@id":"https:\/\/radioljubuski.ba\/#website"},"primaryImageOfPage":{"@id":"https:\/\/radioljubuski.ba\/index.php\/2021\/11\/28\/grubesa-pisao-europskim-sucima-vas-kolega-vehabovic-mjesecima-nastupa-kao-glasnogovornik-unitaristicke-politike\/#primaryimage"},"image":{"@id":"https:\/\/radioljubuski.ba\/index.php\/2021\/11\/28\/grubesa-pisao-europskim-sucima-vas-kolega-vehabovic-mjesecima-nastupa-kao-glasnogovornik-unitaristicke-politike\/#primaryimage"},"thumbnailUrl":"https:\/\/radioljubuski.ba\/wp-content\/uploads\/2021\/06\/Josip-Grubesa.jpg","datePublished":"2021-11-27T23:07:12+00:00","dateModified":"2021-11-27T23:07:13+00:00","breadcrumb":{"@id":"https:\/\/radioljubuski.ba\/index.php\/2021\/11\/28\/grubesa-pisao-europskim-sucima-vas-kolega-vehabovic-mjesecima-nastupa-kao-glasnogovornik-unitaristicke-politike\/#breadcrumb"},"inLanguage":"hr","potentialAction":[{"@type":"ReadAction","target":["https:\/\/radioljubuski.ba\/index.php\/2021\/11\/28\/grubesa-pisao-europskim-sucima-vas-kolega-vehabovic-mjesecima-nastupa-kao-glasnogovornik-unitaristicke-politike\/"]}]},{"@type":"ImageObject","inLanguage":"hr","@id":"https:\/\/radioljubuski.ba\/index.php\/2021\/11\/28\/grubesa-pisao-europskim-sucima-vas-kolega-vehabovic-mjesecima-nastupa-kao-glasnogovornik-unitaristicke-politike\/#primaryimage","url":"https:\/\/radioljubuski.ba\/wp-content\/uploads\/2021\/06\/Josip-Grubesa.jpg","contentUrl":"https:\/\/radioljubuski.ba\/wp-content\/uploads\/2021\/06\/Josip-Grubesa.jpg","width":1024,"height":480},{"@type":"BreadcrumbList","@id":"https:\/\/radioljubuski.ba\/index.php\/2021\/11\/28\/grubesa-pisao-europskim-sucima-vas-kolega-vehabovic-mjesecima-nastupa-kao-glasnogovornik-unitaristicke-politike\/#breadcrumb","itemListElement":[{"@type":"ListItem","position":1,"name":"Po\u010detna stranica","item":"https:\/\/radioljubuski.ba\/"},{"@type":"ListItem","position":2,"name":"Grube\u0161a pisao europskim sucima: Va\u0161 kolega Vehabovi\u0107 mjesecima nastupa kao glasnogovornik unitaristi\u010dke politike"}]},{"@type":"WebSite","@id":"https:\/\/radioljubuski.ba\/#website","url":"https:\/\/radioljubuski.ba\/","name":"Radio Ljubu\u0161ki","description":"Sun\u010dana frekvencija Hercegovine","publisher":{"@id":"https:\/\/radioljubuski.ba\/#organization"},"potentialAction":[{"@type":"SearchAction","target":{"@type":"EntryPoint","urlTemplate":"https:\/\/radioljubuski.ba\/?s={search_term_string}"},"query-input":{"@type":"PropertyValueSpecification","valueRequired":true,"valueName":"search_term_string"}}],"inLanguage":"hr"},{"@type":"Organization","@id":"https:\/\/radioljubuski.ba\/#organization","name":"Radio Ljubu\u0161ki","url":"https:\/\/radioljubuski.ba\/","logo":{"@type":"ImageObject","inLanguage":"hr","@id":"https:\/\/radioljubuski.ba\/#\/schema\/logo\/image\/","url":"https:\/\/radioljubuski.ba\/wp-content\/uploads\/2021\/02\/cropped-Radio_Ljubuski_logo1.jpg","contentUrl":"https:\/\/radioljubuski.ba\/wp-content\/uploads\/2021\/02\/cropped-Radio_Ljubuski_logo1.jpg","width":512,"height":512,"caption":"Radio Ljubu\u0161ki"},"image":{"@id":"https:\/\/radioljubuski.ba\/#\/schema\/logo\/image\/"},"sameAs":["https:\/\/www.facebook.com\/Radiio-Ljubuski-1490835324566332","https:\/\/x.com\/radioljubuski","https:\/\/hr.linkedin.com\/company\/radio-ljubuski","https:\/\/www.youtube.com\/channel\/UCHYaeO_n0Db3tjNGudGpXyw"]},{"@type":"Person","@id":"https:\/\/radioljubuski.ba\/#\/schema\/person\/19fc700381a780f69665d7956c469e3b","name":"Radio Ljubu\u0161ki"}]}},"_links":{"self":[{"href":"https:\/\/radioljubuski.ba\/index.php\/wp-json\/wp\/v2\/posts\/93062","targetHints":{"allow":["GET"]}}],"collection":[{"href":"https:\/\/radioljubuski.ba\/index.php\/wp-json\/wp\/v2\/posts"}],"about":[{"href":"https:\/\/radioljubuski.ba\/index.php\/wp-json\/wp\/v2\/types\/post"}],"author":[{"embeddable":true,"href":"https:\/\/radioljubuski.ba\/index.php\/wp-json\/wp\/v2\/users\/2"}],"replies":[{"embeddable":true,"href":"https:\/\/radioljubuski.ba\/index.php\/wp-json\/wp\/v2\/comments?post=93062"}],"version-history":[{"count":1,"href":"https:\/\/radioljubuski.ba\/index.php\/wp-json\/wp\/v2\/posts\/93062\/revisions"}],"predecessor-version":[{"id":93063,"href":"https:\/\/radioljubuski.ba\/index.php\/wp-json\/wp\/v2\/posts\/93062\/revisions\/93063"}],"wp:featuredmedia":[{"embeddable":true,"href":"https:\/\/radioljubuski.ba\/index.php\/wp-json\/wp\/v2\/media\/27141"}],"wp:attachment":[{"href":"https:\/\/radioljubuski.ba\/index.php\/wp-json\/wp\/v2\/media?parent=93062"}],"wp:term":[{"taxonomy":"category","embeddable":true,"href":"https:\/\/radioljubuski.ba\/index.php\/wp-json\/wp\/v2\/categories?post=93062"},{"taxonomy":"post_tag","embeddable":true,"href":"https:\/\/radioljubuski.ba\/index.php\/wp-json\/wp\/v2\/tags?post=93062"}],"curies":[{"name":"wp","href":"https:\/\/api.w.org\/{rel}","templated":true}]}}