{"id":93303,"date":"2021-11-28T18:04:39","date_gmt":"2021-11-28T17:04:39","guid":{"rendered":"https:\/\/radioljubuski.ba\/?p=93303"},"modified":"2021-11-28T18:04:40","modified_gmt":"2021-11-28T17:04:40","slug":"djelatniku-elektroprivrede-hzhb-zapaljen-mercedes-dok-je-bio-pritvoren","status":"publish","type":"post","link":"https:\/\/radioljubuski.ba\/index.php\/2021\/11\/28\/djelatniku-elektroprivrede-hzhb-zapaljen-mercedes-dok-je-bio-pritvoren\/","title":{"rendered":"Djelatniku &#8220;Elektroprivrede HZHB&#8221; zapaljen Mercedes dok je bio pritvoren"},"content":{"rendered":"\n<p>Nepoznate osobe zapalile su automobil Mercedes koji je bio parkiran kod zgrade \u201eElektroprivrede HZHB\u201c u mostarskom naselju Rudnik. Rije\u010d je o automobilu 37-godi\u0161njeg Mostarca, radnika ovog poduze\u0107a, kojeg su pripadnici Federalne uprave policije (FUP) u utorak, tijekom radnog vremena, uhitili zbog vi\u0161e krivi\u010dnih djela, a nakon prijave koju je protiv njega podnijela njegova biv\u0161a djevojka.<\/p>\n\n\n\n<p><strong>Djevojka podnijela prijavu<\/strong><br>On je ju\u010der, u prijepodnevnim satima, nakon saslu\u0161anja u Tu\u017eiteljstvuHercegova\u010dko-neretvanske \u017eupanije, pod \u010dijim nadzorom se vodi istraga protiv njega, pu\u0161ten da se brani sa slobode.<\/p>\n\n\n\n<p>Kako saznajemo iz izvora bliskih istrazi, on je, prakti\u010dno, priznao navode koji mu se stavljaju na teret, a to je da je u jednom trenutku, dok je bio u ljubavnoj vezi s o\u0161te\u0107enom, snimke seksualnog sadr\u017eaja, koje je na\u010dinio bez njenog pristanka, postavio u jednu Viber grupu, pi\u0161e&nbsp;<a href=\"https:\/\/avaz.ba\/vijesti\/crna-hronika\/699298\/uposleniku-elektroprivrede-hzhb-zapaljen-mercedes-dok-je-bio-pritvoren\">Avaz<\/a>.<\/p>\n\n\n\n<p>Tako\u0111er, snimao je i njihov razgovor u kojem je tra\u017eio od nje da mu prizna kako ga je varala dok su bili u ljubavnoj vezi. Upravo zbog ljubomore je u jednom trenutku na djevojku i fizi\u010dki nasrnuo. Budu\u0107i da je to svojevrsno zlostavljanje trajalo nekoliko mjeseci, djevojka, koja se zbog svega nalazi u vrlo te\u0161kom psihi\u010dkom stanju, uspjela se oduprijeti, podnijev\u0161i krivi\u010dnu prijavu protiv njega.<\/p>\n\n\n\n<p><strong>Tre\u0107a osoba<\/strong><br>S druge strane, on je odmah nakon suo\u010davanja pristao sura\u0111ivati s istra\u017eiteljima, a pokazalo se da do sada nije bio sklon ovakvom pona\u0161anju te da je rije\u010d o prili\u010dno povu\u010denoj osobi. Tako\u0111er, nakon paljevine njegovog automobila istra\u017eitelji sumnjaju da se u cijelu pri\u010du \u201eupetljala\u201c tre\u0107a osoba, kojoj je, iz sada nejasnih razloga, stalo da se otkrije njegov identitet, a samim tim i \u017ertve.<\/p>\n\n\n\n<p>Izvor:avaz.ba<\/p>\n","protected":false},"excerpt":{"rendered":"<p>Nepoznate osobe zapalile su automobil Mercedes koji je bio parkiran kod zgrade \u201eElektroprivrede HZHB\u201c u mostarskom naselju Rudnik. Rije\u010d je o automobilu 37-godi\u0161njeg Mostarca, radnika ovog poduze\u0107a, kojeg su pripadnici Federalne uprave policije (FUP) u utorak, tijekom radnog vremena, uhitili zbog vi\u0161e krivi\u010dnih djela, a nakon prijave koju je protiv njega podnijela njegova biv\u0161a djevojka. [&hellip;]<\/p>\n","protected":false},"author":2,"featured_media":93304,"comment_status":"closed","ping_status":"closed","sticky":false,"template":"","format":"standard","meta":{"h5ap_radio_sources":[],"footnotes":""},"categories":[1],"tags":[],"class_list":["post-93303","post","type-post","status-publish","format-standard","has-post-thumbnail","hentry","category-bihiregija"],"yoast_head":"<!-- This site is optimized with the Yoast SEO plugin v27.5 - https:\/\/yoast.com\/product\/yoast-seo-wordpress\/ -->\n<title>Djelatniku &quot;Elektroprivrede HZHB&quot; zapaljen Mercedes dok je bio pritvoren - RADIO LJUBU\u0160KI<\/title>\n<meta name=\"robots\" content=\"index, follow, max-snippet:-1, max-image-preview:large, max-video-preview:-1\" \/>\n<link rel=\"canonical\" href=\"https:\/\/radioljubuski.ba\/index.php\/2021\/11\/28\/djelatniku-elektroprivrede-hzhb-zapaljen-mercedes-dok-je-bio-pritvoren\/\" \/>\n<meta property=\"og:locale\" content=\"hr_HR\" \/>\n<meta property=\"og:type\" content=\"article\" \/>\n<meta property=\"og:title\" content=\"Djelatniku &quot;Elektroprivrede HZHB&quot; zapaljen Mercedes dok je bio pritvoren - RADIO LJUBU\u0160KI\" \/>\n<meta property=\"og:description\" content=\"Nepoznate osobe zapalile su automobil Mercedes koji je bio parkiran kod zgrade \u201eElektroprivrede HZHB\u201c u mostarskom naselju Rudnik. Rije\u010d je o automobilu 37-godi\u0161njeg Mostarca, radnika ovog poduze\u0107a, kojeg su pripadnici Federalne uprave policije (FUP) u utorak, tijekom radnog vremena, uhitili zbog vi\u0161e krivi\u010dnih djela, a nakon prijave koju je protiv njega podnijela njegova biv\u0161a djevojka. [&hellip;]\" \/>\n<meta property=\"og:url\" content=\"https:\/\/radioljubuski.ba\/index.php\/2021\/11\/28\/djelatniku-elektroprivrede-hzhb-zapaljen-mercedes-dok-je-bio-pritvoren\/\" \/>\n<meta property=\"og:site_name\" content=\"RADIO LJUBU\u0160KI\" \/>\n<meta property=\"article:publisher\" content=\"https:\/\/www.facebook.com\/Radiio-Ljubuski-1490835324566332\" \/>\n<meta property=\"article:published_time\" content=\"2021-11-28T17:04:39+00:00\" \/>\n<meta property=\"article:modified_time\" content=\"2021-11-28T17:04:40+00:00\" \/>\n<meta property=\"og:image\" content=\"https:\/\/radioljubuski.ba\/wp-content\/uploads\/2021\/11\/3-2021-11-28-08-44-11-paljevna.jpg\" \/>\n\t<meta property=\"og:image:width\" content=\"1000\" \/>\n\t<meta property=\"og:image:height\" content=\"625\" \/>\n\t<meta property=\"og:image:type\" content=\"image\/jpeg\" \/>\n<meta name=\"author\" content=\"Radio Ljubu\u0161ki\" \/>\n<meta name=\"twitter:card\" content=\"summary_large_image\" \/>\n<meta name=\"twitter:creator\" content=\"@radioljubuski\" \/>\n<meta name=\"twitter:site\" content=\"@radioljubuski\" \/>\n<meta name=\"twitter:label1\" content=\"Napisao\/la\" \/>\n\t<meta name=\"twitter:data1\" content=\"Radio Ljubu\u0161ki\" \/>\n\t<meta name=\"twitter:label2\" content=\"Procijenjeno vrijeme \u010ditanja\" \/>\n\t<meta name=\"twitter:data2\" content=\"2 minute\" \/>\n<script type=\"application\/ld+json\" class=\"yoast-schema-graph\">{\"@context\":\"https:\\\/\\\/schema.org\",\"@graph\":[{\"@type\":\"Article\",\"@id\":\"https:\\\/\\\/radioljubuski.ba\\\/index.php\\\/2021\\\/11\\\/28\\\/djelatniku-elektroprivrede-hzhb-zapaljen-mercedes-dok-je-bio-pritvoren\\\/#article\",\"isPartOf\":{\"@id\":\"https:\\\/\\\/radioljubuski.ba\\\/index.php\\\/2021\\\/11\\\/28\\\/djelatniku-elektroprivrede-hzhb-zapaljen-mercedes-dok-je-bio-pritvoren\\\/\"},\"author\":{\"name\":\"Radio Ljubu\u0161ki\",\"@id\":\"https:\\\/\\\/radioljubuski.ba\\\/#\\\/schema\\\/person\\\/19fc700381a780f69665d7956c469e3b\"},\"headline\":\"Djelatniku &#8220;Elektroprivrede HZHB&#8221; zapaljen Mercedes dok je bio pritvoren\",\"datePublished\":\"2021-11-28T17:04:39+00:00\",\"dateModified\":\"2021-11-28T17:04:40+00:00\",\"mainEntityOfPage\":{\"@id\":\"https:\\\/\\\/radioljubuski.ba\\\/index.php\\\/2021\\\/11\\\/28\\\/djelatniku-elektroprivrede-hzhb-zapaljen-mercedes-dok-je-bio-pritvoren\\\/\"},\"wordCount\":310,\"publisher\":{\"@id\":\"https:\\\/\\\/radioljubuski.ba\\\/#organization\"},\"image\":{\"@id\":\"https:\\\/\\\/radioljubuski.ba\\\/index.php\\\/2021\\\/11\\\/28\\\/djelatniku-elektroprivrede-hzhb-zapaljen-mercedes-dok-je-bio-pritvoren\\\/#primaryimage\"},\"thumbnailUrl\":\"https:\\\/\\\/radioljubuski.ba\\\/wp-content\\\/uploads\\\/2021\\\/11\\\/3-2021-11-28-08-44-11-paljevna.jpg\",\"articleSection\":[\"BIH i regija\"],\"inLanguage\":\"hr\"},{\"@type\":\"WebPage\",\"@id\":\"https:\\\/\\\/radioljubuski.ba\\\/index.php\\\/2021\\\/11\\\/28\\\/djelatniku-elektroprivrede-hzhb-zapaljen-mercedes-dok-je-bio-pritvoren\\\/\",\"url\":\"https:\\\/\\\/radioljubuski.ba\\\/index.php\\\/2021\\\/11\\\/28\\\/djelatniku-elektroprivrede-hzhb-zapaljen-mercedes-dok-je-bio-pritvoren\\\/\",\"name\":\"Djelatniku \\\"Elektroprivrede HZHB\\\" zapaljen Mercedes dok je bio pritvoren - RADIO LJUBU\u0160KI\",\"isPartOf\":{\"@id\":\"https:\\\/\\\/radioljubuski.ba\\\/#website\"},\"primaryImageOfPage\":{\"@id\":\"https:\\\/\\\/radioljubuski.ba\\\/index.php\\\/2021\\\/11\\\/28\\\/djelatniku-elektroprivrede-hzhb-zapaljen-mercedes-dok-je-bio-pritvoren\\\/#primaryimage\"},\"image\":{\"@id\":\"https:\\\/\\\/radioljubuski.ba\\\/index.php\\\/2021\\\/11\\\/28\\\/djelatniku-elektroprivrede-hzhb-zapaljen-mercedes-dok-je-bio-pritvoren\\\/#primaryimage\"},\"thumbnailUrl\":\"https:\\\/\\\/radioljubuski.ba\\\/wp-content\\\/uploads\\\/2021\\\/11\\\/3-2021-11-28-08-44-11-paljevna.jpg\",\"datePublished\":\"2021-11-28T17:04:39+00:00\",\"dateModified\":\"2021-11-28T17:04:40+00:00\",\"breadcrumb\":{\"@id\":\"https:\\\/\\\/radioljubuski.ba\\\/index.php\\\/2021\\\/11\\\/28\\\/djelatniku-elektroprivrede-hzhb-zapaljen-mercedes-dok-je-bio-pritvoren\\\/#breadcrumb\"},\"inLanguage\":\"hr\",\"potentialAction\":[{\"@type\":\"ReadAction\",\"target\":[\"https:\\\/\\\/radioljubuski.ba\\\/index.php\\\/2021\\\/11\\\/28\\\/djelatniku-elektroprivrede-hzhb-zapaljen-mercedes-dok-je-bio-pritvoren\\\/\"]}]},{\"@type\":\"ImageObject\",\"inLanguage\":\"hr\",\"@id\":\"https:\\\/\\\/radioljubuski.ba\\\/index.php\\\/2021\\\/11\\\/28\\\/djelatniku-elektroprivrede-hzhb-zapaljen-mercedes-dok-je-bio-pritvoren\\\/#primaryimage\",\"url\":\"https:\\\/\\\/radioljubuski.ba\\\/wp-content\\\/uploads\\\/2021\\\/11\\\/3-2021-11-28-08-44-11-paljevna.jpg\",\"contentUrl\":\"https:\\\/\\\/radioljubuski.ba\\\/wp-content\\\/uploads\\\/2021\\\/11\\\/3-2021-11-28-08-44-11-paljevna.jpg\",\"width\":1000,\"height\":625},{\"@type\":\"BreadcrumbList\",\"@id\":\"https:\\\/\\\/radioljubuski.ba\\\/index.php\\\/2021\\\/11\\\/28\\\/djelatniku-elektroprivrede-hzhb-zapaljen-mercedes-dok-je-bio-pritvoren\\\/#breadcrumb\",\"itemListElement\":[{\"@type\":\"ListItem\",\"position\":1,\"name\":\"Po\u010detna stranica\",\"item\":\"https:\\\/\\\/radioljubuski.ba\\\/\"},{\"@type\":\"ListItem\",\"position\":2,\"name\":\"Djelatniku &#8220;Elektroprivrede HZHB&#8221; zapaljen Mercedes dok je bio pritvoren\"}]},{\"@type\":\"WebSite\",\"@id\":\"https:\\\/\\\/radioljubuski.ba\\\/#website\",\"url\":\"https:\\\/\\\/radioljubuski.ba\\\/\",\"name\":\"Radio Ljubu\u0161ki\",\"description\":\"Sun\u010dana frekvencija Hercegovine\",\"publisher\":{\"@id\":\"https:\\\/\\\/radioljubuski.ba\\\/#organization\"},\"potentialAction\":[{\"@type\":\"SearchAction\",\"target\":{\"@type\":\"EntryPoint\",\"urlTemplate\":\"https:\\\/\\\/radioljubuski.ba\\\/?s={search_term_string}\"},\"query-input\":{\"@type\":\"PropertyValueSpecification\",\"valueRequired\":true,\"valueName\":\"search_term_string\"}}],\"inLanguage\":\"hr\"},{\"@type\":\"Organization\",\"@id\":\"https:\\\/\\\/radioljubuski.ba\\\/#organization\",\"name\":\"Radio Ljubu\u0161ki\",\"url\":\"https:\\\/\\\/radioljubuski.ba\\\/\",\"logo\":{\"@type\":\"ImageObject\",\"inLanguage\":\"hr\",\"@id\":\"https:\\\/\\\/radioljubuski.ba\\\/#\\\/schema\\\/logo\\\/image\\\/\",\"url\":\"https:\\\/\\\/radioljubuski.ba\\\/wp-content\\\/uploads\\\/2021\\\/02\\\/cropped-Radio_Ljubuski_logo1.jpg\",\"contentUrl\":\"https:\\\/\\\/radioljubuski.ba\\\/wp-content\\\/uploads\\\/2021\\\/02\\\/cropped-Radio_Ljubuski_logo1.jpg\",\"width\":512,\"height\":512,\"caption\":\"Radio Ljubu\u0161ki\"},\"image\":{\"@id\":\"https:\\\/\\\/radioljubuski.ba\\\/#\\\/schema\\\/logo\\\/image\\\/\"},\"sameAs\":[\"https:\\\/\\\/www.facebook.com\\\/Radiio-Ljubuski-1490835324566332\",\"https:\\\/\\\/x.com\\\/radioljubuski\",\"https:\\\/\\\/hr.linkedin.com\\\/company\\\/radio-ljubuski\",\"https:\\\/\\\/www.youtube.com\\\/channel\\\/UCHYaeO_n0Db3tjNGudGpXyw\"]},{\"@type\":\"Person\",\"@id\":\"https:\\\/\\\/radioljubuski.ba\\\/#\\\/schema\\\/person\\\/19fc700381a780f69665d7956c469e3b\",\"name\":\"Radio Ljubu\u0161ki\"}]}<\/script>\n<!-- \/ Yoast SEO plugin. -->","yoast_head_json":{"title":"Djelatniku \"Elektroprivrede HZHB\" zapaljen Mercedes dok je bio pritvoren - RADIO LJUBU\u0160KI","robots":{"index":"index","follow":"follow","max-snippet":"max-snippet:-1","max-image-preview":"max-image-preview:large","max-video-preview":"max-video-preview:-1"},"canonical":"https:\/\/radioljubuski.ba\/index.php\/2021\/11\/28\/djelatniku-elektroprivrede-hzhb-zapaljen-mercedes-dok-je-bio-pritvoren\/","og_locale":"hr_HR","og_type":"article","og_title":"Djelatniku \"Elektroprivrede HZHB\" zapaljen Mercedes dok je bio pritvoren - RADIO LJUBU\u0160KI","og_description":"Nepoznate osobe zapalile su automobil Mercedes koji je bio parkiran kod zgrade \u201eElektroprivrede HZHB\u201c u mostarskom naselju Rudnik. Rije\u010d je o automobilu 37-godi\u0161njeg Mostarca, radnika ovog poduze\u0107a, kojeg su pripadnici Federalne uprave policije (FUP) u utorak, tijekom radnog vremena, uhitili zbog vi\u0161e krivi\u010dnih djela, a nakon prijave koju je protiv njega podnijela njegova biv\u0161a djevojka. [&hellip;]","og_url":"https:\/\/radioljubuski.ba\/index.php\/2021\/11\/28\/djelatniku-elektroprivrede-hzhb-zapaljen-mercedes-dok-je-bio-pritvoren\/","og_site_name":"RADIO LJUBU\u0160KI","article_publisher":"https:\/\/www.facebook.com\/Radiio-Ljubuski-1490835324566332","article_published_time":"2021-11-28T17:04:39+00:00","article_modified_time":"2021-11-28T17:04:40+00:00","og_image":[{"width":1000,"height":625,"url":"https:\/\/radioljubuski.ba\/wp-content\/uploads\/2021\/11\/3-2021-11-28-08-44-11-paljevna.jpg","type":"image\/jpeg"}],"author":"Radio Ljubu\u0161ki","twitter_card":"summary_large_image","twitter_creator":"@radioljubuski","twitter_site":"@radioljubuski","twitter_misc":{"Napisao\/la":"Radio Ljubu\u0161ki","Procijenjeno vrijeme \u010ditanja":"2 minute"},"schema":{"@context":"https:\/\/schema.org","@graph":[{"@type":"Article","@id":"https:\/\/radioljubuski.ba\/index.php\/2021\/11\/28\/djelatniku-elektroprivrede-hzhb-zapaljen-mercedes-dok-je-bio-pritvoren\/#article","isPartOf":{"@id":"https:\/\/radioljubuski.ba\/index.php\/2021\/11\/28\/djelatniku-elektroprivrede-hzhb-zapaljen-mercedes-dok-je-bio-pritvoren\/"},"author":{"name":"Radio Ljubu\u0161ki","@id":"https:\/\/radioljubuski.ba\/#\/schema\/person\/19fc700381a780f69665d7956c469e3b"},"headline":"Djelatniku &#8220;Elektroprivrede HZHB&#8221; zapaljen Mercedes dok je bio pritvoren","datePublished":"2021-11-28T17:04:39+00:00","dateModified":"2021-11-28T17:04:40+00:00","mainEntityOfPage":{"@id":"https:\/\/radioljubuski.ba\/index.php\/2021\/11\/28\/djelatniku-elektroprivrede-hzhb-zapaljen-mercedes-dok-je-bio-pritvoren\/"},"wordCount":310,"publisher":{"@id":"https:\/\/radioljubuski.ba\/#organization"},"image":{"@id":"https:\/\/radioljubuski.ba\/index.php\/2021\/11\/28\/djelatniku-elektroprivrede-hzhb-zapaljen-mercedes-dok-je-bio-pritvoren\/#primaryimage"},"thumbnailUrl":"https:\/\/radioljubuski.ba\/wp-content\/uploads\/2021\/11\/3-2021-11-28-08-44-11-paljevna.jpg","articleSection":["BIH i regija"],"inLanguage":"hr"},{"@type":"WebPage","@id":"https:\/\/radioljubuski.ba\/index.php\/2021\/11\/28\/djelatniku-elektroprivrede-hzhb-zapaljen-mercedes-dok-je-bio-pritvoren\/","url":"https:\/\/radioljubuski.ba\/index.php\/2021\/11\/28\/djelatniku-elektroprivrede-hzhb-zapaljen-mercedes-dok-je-bio-pritvoren\/","name":"Djelatniku \"Elektroprivrede HZHB\" zapaljen Mercedes dok je bio pritvoren - RADIO LJUBU\u0160KI","isPartOf":{"@id":"https:\/\/radioljubuski.ba\/#website"},"primaryImageOfPage":{"@id":"https:\/\/radioljubuski.ba\/index.php\/2021\/11\/28\/djelatniku-elektroprivrede-hzhb-zapaljen-mercedes-dok-je-bio-pritvoren\/#primaryimage"},"image":{"@id":"https:\/\/radioljubuski.ba\/index.php\/2021\/11\/28\/djelatniku-elektroprivrede-hzhb-zapaljen-mercedes-dok-je-bio-pritvoren\/#primaryimage"},"thumbnailUrl":"https:\/\/radioljubuski.ba\/wp-content\/uploads\/2021\/11\/3-2021-11-28-08-44-11-paljevna.jpg","datePublished":"2021-11-28T17:04:39+00:00","dateModified":"2021-11-28T17:04:40+00:00","breadcrumb":{"@id":"https:\/\/radioljubuski.ba\/index.php\/2021\/11\/28\/djelatniku-elektroprivrede-hzhb-zapaljen-mercedes-dok-je-bio-pritvoren\/#breadcrumb"},"inLanguage":"hr","potentialAction":[{"@type":"ReadAction","target":["https:\/\/radioljubuski.ba\/index.php\/2021\/11\/28\/djelatniku-elektroprivrede-hzhb-zapaljen-mercedes-dok-je-bio-pritvoren\/"]}]},{"@type":"ImageObject","inLanguage":"hr","@id":"https:\/\/radioljubuski.ba\/index.php\/2021\/11\/28\/djelatniku-elektroprivrede-hzhb-zapaljen-mercedes-dok-je-bio-pritvoren\/#primaryimage","url":"https:\/\/radioljubuski.ba\/wp-content\/uploads\/2021\/11\/3-2021-11-28-08-44-11-paljevna.jpg","contentUrl":"https:\/\/radioljubuski.ba\/wp-content\/uploads\/2021\/11\/3-2021-11-28-08-44-11-paljevna.jpg","width":1000,"height":625},{"@type":"BreadcrumbList","@id":"https:\/\/radioljubuski.ba\/index.php\/2021\/11\/28\/djelatniku-elektroprivrede-hzhb-zapaljen-mercedes-dok-je-bio-pritvoren\/#breadcrumb","itemListElement":[{"@type":"ListItem","position":1,"name":"Po\u010detna stranica","item":"https:\/\/radioljubuski.ba\/"},{"@type":"ListItem","position":2,"name":"Djelatniku &#8220;Elektroprivrede HZHB&#8221; zapaljen Mercedes dok je bio pritvoren"}]},{"@type":"WebSite","@id":"https:\/\/radioljubuski.ba\/#website","url":"https:\/\/radioljubuski.ba\/","name":"Radio Ljubu\u0161ki","description":"Sun\u010dana frekvencija Hercegovine","publisher":{"@id":"https:\/\/radioljubuski.ba\/#organization"},"potentialAction":[{"@type":"SearchAction","target":{"@type":"EntryPoint","urlTemplate":"https:\/\/radioljubuski.ba\/?s={search_term_string}"},"query-input":{"@type":"PropertyValueSpecification","valueRequired":true,"valueName":"search_term_string"}}],"inLanguage":"hr"},{"@type":"Organization","@id":"https:\/\/radioljubuski.ba\/#organization","name":"Radio Ljubu\u0161ki","url":"https:\/\/radioljubuski.ba\/","logo":{"@type":"ImageObject","inLanguage":"hr","@id":"https:\/\/radioljubuski.ba\/#\/schema\/logo\/image\/","url":"https:\/\/radioljubuski.ba\/wp-content\/uploads\/2021\/02\/cropped-Radio_Ljubuski_logo1.jpg","contentUrl":"https:\/\/radioljubuski.ba\/wp-content\/uploads\/2021\/02\/cropped-Radio_Ljubuski_logo1.jpg","width":512,"height":512,"caption":"Radio Ljubu\u0161ki"},"image":{"@id":"https:\/\/radioljubuski.ba\/#\/schema\/logo\/image\/"},"sameAs":["https:\/\/www.facebook.com\/Radiio-Ljubuski-1490835324566332","https:\/\/x.com\/radioljubuski","https:\/\/hr.linkedin.com\/company\/radio-ljubuski","https:\/\/www.youtube.com\/channel\/UCHYaeO_n0Db3tjNGudGpXyw"]},{"@type":"Person","@id":"https:\/\/radioljubuski.ba\/#\/schema\/person\/19fc700381a780f69665d7956c469e3b","name":"Radio Ljubu\u0161ki"}]}},"_links":{"self":[{"href":"https:\/\/radioljubuski.ba\/index.php\/wp-json\/wp\/v2\/posts\/93303","targetHints":{"allow":["GET"]}}],"collection":[{"href":"https:\/\/radioljubuski.ba\/index.php\/wp-json\/wp\/v2\/posts"}],"about":[{"href":"https:\/\/radioljubuski.ba\/index.php\/wp-json\/wp\/v2\/types\/post"}],"author":[{"embeddable":true,"href":"https:\/\/radioljubuski.ba\/index.php\/wp-json\/wp\/v2\/users\/2"}],"replies":[{"embeddable":true,"href":"https:\/\/radioljubuski.ba\/index.php\/wp-json\/wp\/v2\/comments?post=93303"}],"version-history":[{"count":1,"href":"https:\/\/radioljubuski.ba\/index.php\/wp-json\/wp\/v2\/posts\/93303\/revisions"}],"predecessor-version":[{"id":93305,"href":"https:\/\/radioljubuski.ba\/index.php\/wp-json\/wp\/v2\/posts\/93303\/revisions\/93305"}],"wp:featuredmedia":[{"embeddable":true,"href":"https:\/\/radioljubuski.ba\/index.php\/wp-json\/wp\/v2\/media\/93304"}],"wp:attachment":[{"href":"https:\/\/radioljubuski.ba\/index.php\/wp-json\/wp\/v2\/media?parent=93303"}],"wp:term":[{"taxonomy":"category","embeddable":true,"href":"https:\/\/radioljubuski.ba\/index.php\/wp-json\/wp\/v2\/categories?post=93303"},{"taxonomy":"post_tag","embeddable":true,"href":"https:\/\/radioljubuski.ba\/index.php\/wp-json\/wp\/v2\/tags?post=93303"}],"curies":[{"name":"wp","href":"https:\/\/api.w.org\/{rel}","templated":true}]}}