{"id":9344,"date":"2021-04-04T15:24:45","date_gmt":"2021-04-04T14:24:45","guid":{"rendered":"https:\/\/radioljubuski.ba\/?p=9344"},"modified":"2021-04-04T15:24:45","modified_gmt":"2021-04-04T14:24:45","slug":"preminula-djevojcica","status":"publish","type":"post","link":"https:\/\/radioljubuski.ba\/index.php\/2021\/04\/04\/preminula-djevojcica\/","title":{"rendered":"Preminula djevoj\u010dica"},"content":{"rendered":"\n<p><strong>Kod dvoipolgodi\u0161nje djevoj\u010dice iz Nove Gradi\u0161ke, koja je s te\u0161kim ozljedama pro\u0161li tjedan primljena u zagreba\u010dku Kliniku za dje\u010dje bolesti, potvr\u0111ena je, na\u017ealost, mo\u017edana smrt.<\/strong><\/p>\n\n\n\n<p>Ravnatelj Klinike doktor&nbsp;<strong>Goran Roi\u0107&nbsp;<\/strong>priop\u0107io je da se to dogodilo unato\u010d svim poduzetim terapijskim mjerama i iznimnim naporima intenzivisti\u010dkog tima.<br><br>U cijelosti prenosimo priop\u0107enje Klinike za dje\u010dje bolesti Zagreb:<br><br>&#8211; S velikom tugom i \u017ealjenjem moramo vas izvijestiti da je kod na\u0161e male pacijentice, unato\u010d svim poduzetim terapijskim mjerama i izuzetnim naporima intenzivisti\u010dkog tima,&nbsp;do\u0161lo do kriti\u010dnog klini\u010dkog pogor\u0161anja. U skladu sa tim, prema protokolu proveden je postupak za utvr\u0111ivanje mo\u017edane smrti, \u0161to je na\u017ealost potvr\u0111eno. Po\u010divala u miru, navodi se u priop\u0107enju ravnatelja KDBZ-a Gorana Roi\u0107a.<br><br>Roditelji su djelomice priznali krivnju za djetetove te\u0161ke ozljede te su u jednomjese\u010dnom istra\u017enom zatvoru. Zbog tog slu\u010daja smijenjen je ravnatelj Centra za socijalnu skrb u Novoj Gradi\u0161ki pod \u010dijim je nadzorom bila obitelj.<br><br>Djevoj\u010dica je i jutros bila u vrlo kriti\u010dnom stanju, provodili su se dodatni dijagnosti\u010dki testovi kojima se nastojalo utvrditi stanje vitalnih funkcija i objektivizirati stupanj o\u0161te\u0107enja mo\u017edanih struktura, doznao je jutros HTV.<\/p>\n\n\n\n<p><br>No na\u017ealost, djevoj\u010dica je izgubila bitku za \u017eivot, ozljede su bile prete\u0161ke.<br><br>Podsjetimo,&nbsp;<strong>Goran Roi\u0107<\/strong>, ravnatelj Klinike za dje\u010dje bolesti Zagreb, rekao je ju\u010der u sredi\u0161njem Dnevniku HTV-a da bi i on i cijeli tim intenzivista voljeli vi\u0161e od i\u010dega bolje vijesti.&nbsp;<br><br>Na pitanje kakve su prognoze, odgovorio je da su nezahvalne, ali da je ve\u0107 od prijma 31. o\u017eujka zdravstveno stanje djeteta iznimno te\u0161ko, pa se bez objektivnih medicinskih kriterija ne usu\u0111uje prognozirati.<\/p>\n\n\n\n<p>Roditelji su djelomi\u010dno priznali krivnju za te\u0161ke ozljede svoje dvoipolgodi\u0161nje k\u0107eri koja je i dalje u kriti\u010dnom stanju. Zbog tog slu\u010daja, kojim se mjerodavni centar za socijalnu skrb bavi ve\u0107 tre\u0107u godinu, smijenjen je njegov ravnatelj. A to mo\u017eda ne\u0107e biti jedina sankcija, jer je dijete vra\u0107eno biolo\u0161kim roditeljima unato\u010d slu\u017ebeno zabilje\u017eenim znakovima nasilja u obiteljskom domu.<br><br>Roditelji djevoj\u010dice, 24-godi\u0161nja majka i 27-godi\u0161nji otac, ispitani su u \u017dupanijskom dr\u017eavnom odvjetni\u0161tvu u Slavonskom Brodu. Odre\u0111en im je istra\u017eni zatvor od 30 dana zbog opasnosti od utjecaja na svjedoke.<br><br>Nu\u017eno je bilo dodatno vje\u0161ta\u010denje koje u ovom slu\u010daju nije provedeno, istaknula je u ju\u010dera\u0161njem sredi\u0161njem Dnevniku HTV-a na\u010delnica Sektora za razvoj socijalnih politika Ministarstva socijalne skrbi. Najavila je i promjene u sustavu socijalne skrbi.<\/p>\n\n\n\n<p>Izvor:hrt.hr<\/p>\n","protected":false},"excerpt":{"rendered":"<p>Kod dvoipolgodi\u0161nje djevoj\u010dice iz Nove Gradi\u0161ke, koja je s te\u0161kim ozljedama pro\u0161li tjedan primljena u zagreba\u010dku Kliniku za dje\u010dje bolesti, potvr\u0111ena je, na\u017ealost, mo\u017edana smrt. Ravnatelj Klinike doktor&nbsp;Goran Roi\u0107&nbsp;priop\u0107io je da se to dogodilo unato\u010d svim poduzetim terapijskim mjerama i iznimnim naporima intenzivisti\u010dkog tima. U cijelosti prenosimo priop\u0107enje Klinike za dje\u010dje bolesti Zagreb: &#8211; S [&hellip;]<\/p>\n","protected":false},"author":2,"featured_media":8983,"comment_status":"closed","ping_status":"closed","sticky":false,"template":"","format":"standard","meta":{"h5ap_radio_sources":[],"footnotes":""},"categories":[1],"tags":[],"class_list":["post-9344","post","type-post","status-publish","format-standard","has-post-thumbnail","hentry","category-bihiregija"],"yoast_head":"<!-- This site is optimized with the Yoast SEO plugin v27.4 - https:\/\/yoast.com\/product\/yoast-seo-wordpress\/ -->\n<title>Preminula djevoj\u010dica - RADIO LJUBU\u0160KI<\/title>\n<meta name=\"robots\" content=\"index, follow, max-snippet:-1, max-image-preview:large, max-video-preview:-1\" \/>\n<link rel=\"canonical\" href=\"https:\/\/radioljubuski.ba\/index.php\/2021\/04\/04\/preminula-djevojcica\/\" \/>\n<meta property=\"og:locale\" content=\"hr_HR\" \/>\n<meta property=\"og:type\" content=\"article\" \/>\n<meta property=\"og:title\" content=\"Preminula djevoj\u010dica - RADIO LJUBU\u0160KI\" \/>\n<meta property=\"og:description\" content=\"Kod dvoipolgodi\u0161nje djevoj\u010dice iz Nove Gradi\u0161ke, koja je s te\u0161kim ozljedama pro\u0161li tjedan primljena u zagreba\u010dku Kliniku za dje\u010dje bolesti, potvr\u0111ena je, na\u017ealost, mo\u017edana smrt. Ravnatelj Klinike doktor&nbsp;Goran Roi\u0107&nbsp;priop\u0107io je da se to dogodilo unato\u010d svim poduzetim terapijskim mjerama i iznimnim naporima intenzivisti\u010dkog tima. U cijelosti prenosimo priop\u0107enje Klinike za dje\u010dje bolesti Zagreb: &#8211; S [&hellip;]\" \/>\n<meta property=\"og:url\" content=\"https:\/\/radioljubuski.ba\/index.php\/2021\/04\/04\/preminula-djevojcica\/\" \/>\n<meta property=\"og:site_name\" content=\"RADIO LJUBU\u0160KI\" \/>\n<meta property=\"article:publisher\" content=\"https:\/\/www.facebook.com\/Radiio-Ljubuski-1490835324566332\" \/>\n<meta property=\"article:published_time\" content=\"2021-04-04T14:24:45+00:00\" \/>\n<meta property=\"og:image\" content=\"https:\/\/radioljubuski.ba\/wp-content\/uploads\/2021\/04\/roicnovag-20210402092950.jpg\" \/>\n\t<meta property=\"og:image:width\" content=\"740\" \/>\n\t<meta property=\"og:image:height\" content=\"438\" \/>\n\t<meta property=\"og:image:type\" content=\"image\/jpeg\" \/>\n<meta name=\"author\" content=\"Radio Ljubu\u0161ki\" \/>\n<meta name=\"twitter:card\" content=\"summary_large_image\" \/>\n<meta name=\"twitter:creator\" content=\"@radioljubuski\" \/>\n<meta name=\"twitter:site\" content=\"@radioljubuski\" \/>\n<meta name=\"twitter:label1\" content=\"Napisao\/la\" \/>\n\t<meta name=\"twitter:data1\" content=\"Radio Ljubu\u0161ki\" \/>\n\t<meta name=\"twitter:label2\" content=\"Procijenjeno vrijeme \u010ditanja\" \/>\n\t<meta name=\"twitter:data2\" content=\"2 minute\" \/>\n<script type=\"application\/ld+json\" class=\"yoast-schema-graph\">{\"@context\":\"https:\\\/\\\/schema.org\",\"@graph\":[{\"@type\":\"Article\",\"@id\":\"https:\\\/\\\/radioljubuski.ba\\\/index.php\\\/2021\\\/04\\\/04\\\/preminula-djevojcica\\\/#article\",\"isPartOf\":{\"@id\":\"https:\\\/\\\/radioljubuski.ba\\\/index.php\\\/2021\\\/04\\\/04\\\/preminula-djevojcica\\\/\"},\"author\":{\"name\":\"Radio Ljubu\u0161ki\",\"@id\":\"https:\\\/\\\/radioljubuski.ba\\\/#\\\/schema\\\/person\\\/19fc700381a780f69665d7956c469e3b\"},\"headline\":\"Preminula djevoj\u010dica\",\"datePublished\":\"2021-04-04T14:24:45+00:00\",\"mainEntityOfPage\":{\"@id\":\"https:\\\/\\\/radioljubuski.ba\\\/index.php\\\/2021\\\/04\\\/04\\\/preminula-djevojcica\\\/\"},\"wordCount\":461,\"publisher\":{\"@id\":\"https:\\\/\\\/radioljubuski.ba\\\/#organization\"},\"image\":{\"@id\":\"https:\\\/\\\/radioljubuski.ba\\\/index.php\\\/2021\\\/04\\\/04\\\/preminula-djevojcica\\\/#primaryimage\"},\"thumbnailUrl\":\"https:\\\/\\\/radioljubuski.ba\\\/wp-content\\\/uploads\\\/2021\\\/04\\\/roicnovag-20210402092950.jpg\",\"articleSection\":[\"BIH i regija\"],\"inLanguage\":\"hr\"},{\"@type\":\"WebPage\",\"@id\":\"https:\\\/\\\/radioljubuski.ba\\\/index.php\\\/2021\\\/04\\\/04\\\/preminula-djevojcica\\\/\",\"url\":\"https:\\\/\\\/radioljubuski.ba\\\/index.php\\\/2021\\\/04\\\/04\\\/preminula-djevojcica\\\/\",\"name\":\"Preminula djevoj\u010dica - RADIO LJUBU\u0160KI\",\"isPartOf\":{\"@id\":\"https:\\\/\\\/radioljubuski.ba\\\/#website\"},\"primaryImageOfPage\":{\"@id\":\"https:\\\/\\\/radioljubuski.ba\\\/index.php\\\/2021\\\/04\\\/04\\\/preminula-djevojcica\\\/#primaryimage\"},\"image\":{\"@id\":\"https:\\\/\\\/radioljubuski.ba\\\/index.php\\\/2021\\\/04\\\/04\\\/preminula-djevojcica\\\/#primaryimage\"},\"thumbnailUrl\":\"https:\\\/\\\/radioljubuski.ba\\\/wp-content\\\/uploads\\\/2021\\\/04\\\/roicnovag-20210402092950.jpg\",\"datePublished\":\"2021-04-04T14:24:45+00:00\",\"breadcrumb\":{\"@id\":\"https:\\\/\\\/radioljubuski.ba\\\/index.php\\\/2021\\\/04\\\/04\\\/preminula-djevojcica\\\/#breadcrumb\"},\"inLanguage\":\"hr\",\"potentialAction\":[{\"@type\":\"ReadAction\",\"target\":[\"https:\\\/\\\/radioljubuski.ba\\\/index.php\\\/2021\\\/04\\\/04\\\/preminula-djevojcica\\\/\"]}]},{\"@type\":\"ImageObject\",\"inLanguage\":\"hr\",\"@id\":\"https:\\\/\\\/radioljubuski.ba\\\/index.php\\\/2021\\\/04\\\/04\\\/preminula-djevojcica\\\/#primaryimage\",\"url\":\"https:\\\/\\\/radioljubuski.ba\\\/wp-content\\\/uploads\\\/2021\\\/04\\\/roicnovag-20210402092950.jpg\",\"contentUrl\":\"https:\\\/\\\/radioljubuski.ba\\\/wp-content\\\/uploads\\\/2021\\\/04\\\/roicnovag-20210402092950.jpg\",\"width\":740,\"height\":438},{\"@type\":\"BreadcrumbList\",\"@id\":\"https:\\\/\\\/radioljubuski.ba\\\/index.php\\\/2021\\\/04\\\/04\\\/preminula-djevojcica\\\/#breadcrumb\",\"itemListElement\":[{\"@type\":\"ListItem\",\"position\":1,\"name\":\"Po\u010detna stranica\",\"item\":\"https:\\\/\\\/radioljubuski.ba\\\/\"},{\"@type\":\"ListItem\",\"position\":2,\"name\":\"Preminula djevoj\u010dica\"}]},{\"@type\":\"WebSite\",\"@id\":\"https:\\\/\\\/radioljubuski.ba\\\/#website\",\"url\":\"https:\\\/\\\/radioljubuski.ba\\\/\",\"name\":\"Radio Ljubu\u0161ki\",\"description\":\"Sun\u010dana frekvencija Hercegovine\",\"publisher\":{\"@id\":\"https:\\\/\\\/radioljubuski.ba\\\/#organization\"},\"potentialAction\":[{\"@type\":\"SearchAction\",\"target\":{\"@type\":\"EntryPoint\",\"urlTemplate\":\"https:\\\/\\\/radioljubuski.ba\\\/?s={search_term_string}\"},\"query-input\":{\"@type\":\"PropertyValueSpecification\",\"valueRequired\":true,\"valueName\":\"search_term_string\"}}],\"inLanguage\":\"hr\"},{\"@type\":\"Organization\",\"@id\":\"https:\\\/\\\/radioljubuski.ba\\\/#organization\",\"name\":\"Radio Ljubu\u0161ki\",\"url\":\"https:\\\/\\\/radioljubuski.ba\\\/\",\"logo\":{\"@type\":\"ImageObject\",\"inLanguage\":\"hr\",\"@id\":\"https:\\\/\\\/radioljubuski.ba\\\/#\\\/schema\\\/logo\\\/image\\\/\",\"url\":\"https:\\\/\\\/radioljubuski.ba\\\/wp-content\\\/uploads\\\/2021\\\/02\\\/cropped-Radio_Ljubuski_logo1.jpg\",\"contentUrl\":\"https:\\\/\\\/radioljubuski.ba\\\/wp-content\\\/uploads\\\/2021\\\/02\\\/cropped-Radio_Ljubuski_logo1.jpg\",\"width\":512,\"height\":512,\"caption\":\"Radio Ljubu\u0161ki\"},\"image\":{\"@id\":\"https:\\\/\\\/radioljubuski.ba\\\/#\\\/schema\\\/logo\\\/image\\\/\"},\"sameAs\":[\"https:\\\/\\\/www.facebook.com\\\/Radiio-Ljubuski-1490835324566332\",\"https:\\\/\\\/x.com\\\/radioljubuski\",\"https:\\\/\\\/hr.linkedin.com\\\/company\\\/radio-ljubuski\",\"https:\\\/\\\/www.youtube.com\\\/channel\\\/UCHYaeO_n0Db3tjNGudGpXyw\"]},{\"@type\":\"Person\",\"@id\":\"https:\\\/\\\/radioljubuski.ba\\\/#\\\/schema\\\/person\\\/19fc700381a780f69665d7956c469e3b\",\"name\":\"Radio Ljubu\u0161ki\"}]}<\/script>\n<!-- \/ Yoast SEO plugin. -->","yoast_head_json":{"title":"Preminula djevoj\u010dica - RADIO LJUBU\u0160KI","robots":{"index":"index","follow":"follow","max-snippet":"max-snippet:-1","max-image-preview":"max-image-preview:large","max-video-preview":"max-video-preview:-1"},"canonical":"https:\/\/radioljubuski.ba\/index.php\/2021\/04\/04\/preminula-djevojcica\/","og_locale":"hr_HR","og_type":"article","og_title":"Preminula djevoj\u010dica - RADIO LJUBU\u0160KI","og_description":"Kod dvoipolgodi\u0161nje djevoj\u010dice iz Nove Gradi\u0161ke, koja je s te\u0161kim ozljedama pro\u0161li tjedan primljena u zagreba\u010dku Kliniku za dje\u010dje bolesti, potvr\u0111ena je, na\u017ealost, mo\u017edana smrt. Ravnatelj Klinike doktor&nbsp;Goran Roi\u0107&nbsp;priop\u0107io je da se to dogodilo unato\u010d svim poduzetim terapijskim mjerama i iznimnim naporima intenzivisti\u010dkog tima. U cijelosti prenosimo priop\u0107enje Klinike za dje\u010dje bolesti Zagreb: &#8211; S [&hellip;]","og_url":"https:\/\/radioljubuski.ba\/index.php\/2021\/04\/04\/preminula-djevojcica\/","og_site_name":"RADIO LJUBU\u0160KI","article_publisher":"https:\/\/www.facebook.com\/Radiio-Ljubuski-1490835324566332","article_published_time":"2021-04-04T14:24:45+00:00","og_image":[{"width":740,"height":438,"url":"https:\/\/radioljubuski.ba\/wp-content\/uploads\/2021\/04\/roicnovag-20210402092950.jpg","type":"image\/jpeg"}],"author":"Radio Ljubu\u0161ki","twitter_card":"summary_large_image","twitter_creator":"@radioljubuski","twitter_site":"@radioljubuski","twitter_misc":{"Napisao\/la":"Radio Ljubu\u0161ki","Procijenjeno vrijeme \u010ditanja":"2 minute"},"schema":{"@context":"https:\/\/schema.org","@graph":[{"@type":"Article","@id":"https:\/\/radioljubuski.ba\/index.php\/2021\/04\/04\/preminula-djevojcica\/#article","isPartOf":{"@id":"https:\/\/radioljubuski.ba\/index.php\/2021\/04\/04\/preminula-djevojcica\/"},"author":{"name":"Radio Ljubu\u0161ki","@id":"https:\/\/radioljubuski.ba\/#\/schema\/person\/19fc700381a780f69665d7956c469e3b"},"headline":"Preminula djevoj\u010dica","datePublished":"2021-04-04T14:24:45+00:00","mainEntityOfPage":{"@id":"https:\/\/radioljubuski.ba\/index.php\/2021\/04\/04\/preminula-djevojcica\/"},"wordCount":461,"publisher":{"@id":"https:\/\/radioljubuski.ba\/#organization"},"image":{"@id":"https:\/\/radioljubuski.ba\/index.php\/2021\/04\/04\/preminula-djevojcica\/#primaryimage"},"thumbnailUrl":"https:\/\/radioljubuski.ba\/wp-content\/uploads\/2021\/04\/roicnovag-20210402092950.jpg","articleSection":["BIH i regija"],"inLanguage":"hr"},{"@type":"WebPage","@id":"https:\/\/radioljubuski.ba\/index.php\/2021\/04\/04\/preminula-djevojcica\/","url":"https:\/\/radioljubuski.ba\/index.php\/2021\/04\/04\/preminula-djevojcica\/","name":"Preminula djevoj\u010dica - RADIO LJUBU\u0160KI","isPartOf":{"@id":"https:\/\/radioljubuski.ba\/#website"},"primaryImageOfPage":{"@id":"https:\/\/radioljubuski.ba\/index.php\/2021\/04\/04\/preminula-djevojcica\/#primaryimage"},"image":{"@id":"https:\/\/radioljubuski.ba\/index.php\/2021\/04\/04\/preminula-djevojcica\/#primaryimage"},"thumbnailUrl":"https:\/\/radioljubuski.ba\/wp-content\/uploads\/2021\/04\/roicnovag-20210402092950.jpg","datePublished":"2021-04-04T14:24:45+00:00","breadcrumb":{"@id":"https:\/\/radioljubuski.ba\/index.php\/2021\/04\/04\/preminula-djevojcica\/#breadcrumb"},"inLanguage":"hr","potentialAction":[{"@type":"ReadAction","target":["https:\/\/radioljubuski.ba\/index.php\/2021\/04\/04\/preminula-djevojcica\/"]}]},{"@type":"ImageObject","inLanguage":"hr","@id":"https:\/\/radioljubuski.ba\/index.php\/2021\/04\/04\/preminula-djevojcica\/#primaryimage","url":"https:\/\/radioljubuski.ba\/wp-content\/uploads\/2021\/04\/roicnovag-20210402092950.jpg","contentUrl":"https:\/\/radioljubuski.ba\/wp-content\/uploads\/2021\/04\/roicnovag-20210402092950.jpg","width":740,"height":438},{"@type":"BreadcrumbList","@id":"https:\/\/radioljubuski.ba\/index.php\/2021\/04\/04\/preminula-djevojcica\/#breadcrumb","itemListElement":[{"@type":"ListItem","position":1,"name":"Po\u010detna stranica","item":"https:\/\/radioljubuski.ba\/"},{"@type":"ListItem","position":2,"name":"Preminula djevoj\u010dica"}]},{"@type":"WebSite","@id":"https:\/\/radioljubuski.ba\/#website","url":"https:\/\/radioljubuski.ba\/","name":"Radio Ljubu\u0161ki","description":"Sun\u010dana frekvencija Hercegovine","publisher":{"@id":"https:\/\/radioljubuski.ba\/#organization"},"potentialAction":[{"@type":"SearchAction","target":{"@type":"EntryPoint","urlTemplate":"https:\/\/radioljubuski.ba\/?s={search_term_string}"},"query-input":{"@type":"PropertyValueSpecification","valueRequired":true,"valueName":"search_term_string"}}],"inLanguage":"hr"},{"@type":"Organization","@id":"https:\/\/radioljubuski.ba\/#organization","name":"Radio Ljubu\u0161ki","url":"https:\/\/radioljubuski.ba\/","logo":{"@type":"ImageObject","inLanguage":"hr","@id":"https:\/\/radioljubuski.ba\/#\/schema\/logo\/image\/","url":"https:\/\/radioljubuski.ba\/wp-content\/uploads\/2021\/02\/cropped-Radio_Ljubuski_logo1.jpg","contentUrl":"https:\/\/radioljubuski.ba\/wp-content\/uploads\/2021\/02\/cropped-Radio_Ljubuski_logo1.jpg","width":512,"height":512,"caption":"Radio Ljubu\u0161ki"},"image":{"@id":"https:\/\/radioljubuski.ba\/#\/schema\/logo\/image\/"},"sameAs":["https:\/\/www.facebook.com\/Radiio-Ljubuski-1490835324566332","https:\/\/x.com\/radioljubuski","https:\/\/hr.linkedin.com\/company\/radio-ljubuski","https:\/\/www.youtube.com\/channel\/UCHYaeO_n0Db3tjNGudGpXyw"]},{"@type":"Person","@id":"https:\/\/radioljubuski.ba\/#\/schema\/person\/19fc700381a780f69665d7956c469e3b","name":"Radio Ljubu\u0161ki"}]}},"_links":{"self":[{"href":"https:\/\/radioljubuski.ba\/index.php\/wp-json\/wp\/v2\/posts\/9344","targetHints":{"allow":["GET"]}}],"collection":[{"href":"https:\/\/radioljubuski.ba\/index.php\/wp-json\/wp\/v2\/posts"}],"about":[{"href":"https:\/\/radioljubuski.ba\/index.php\/wp-json\/wp\/v2\/types\/post"}],"author":[{"embeddable":true,"href":"https:\/\/radioljubuski.ba\/index.php\/wp-json\/wp\/v2\/users\/2"}],"replies":[{"embeddable":true,"href":"https:\/\/radioljubuski.ba\/index.php\/wp-json\/wp\/v2\/comments?post=9344"}],"version-history":[{"count":1,"href":"https:\/\/radioljubuski.ba\/index.php\/wp-json\/wp\/v2\/posts\/9344\/revisions"}],"predecessor-version":[{"id":9345,"href":"https:\/\/radioljubuski.ba\/index.php\/wp-json\/wp\/v2\/posts\/9344\/revisions\/9345"}],"wp:featuredmedia":[{"embeddable":true,"href":"https:\/\/radioljubuski.ba\/index.php\/wp-json\/wp\/v2\/media\/8983"}],"wp:attachment":[{"href":"https:\/\/radioljubuski.ba\/index.php\/wp-json\/wp\/v2\/media?parent=9344"}],"wp:term":[{"taxonomy":"category","embeddable":true,"href":"https:\/\/radioljubuski.ba\/index.php\/wp-json\/wp\/v2\/categories?post=9344"},{"taxonomy":"post_tag","embeddable":true,"href":"https:\/\/radioljubuski.ba\/index.php\/wp-json\/wp\/v2\/tags?post=9344"}],"curies":[{"name":"wp","href":"https:\/\/api.w.org\/{rel}","templated":true}]}}