{"id":93782,"date":"2021-11-29T14:07:40","date_gmt":"2021-11-29T13:07:40","guid":{"rendered":"https:\/\/radioljubuski.ba\/?p=93782"},"modified":"2021-11-29T14:07:42","modified_gmt":"2021-11-29T13:07:42","slug":"sostaric-odredio-16-putnica-na-sp-vjeruje-u-dobar-rezultat","status":"publish","type":"post","link":"https:\/\/radioljubuski.ba\/index.php\/2021\/11\/29\/sostaric-odredio-16-putnica-na-sp-vjeruje-u-dobar-rezultat\/","title":{"rendered":"\u0160o\u0161tari\u0107 odredio 16 putnica na SP, vjeruje u dobar rezultat"},"content":{"rendered":"\n<p><strong>Hrvatska \u017eenska rukometna reprezentacija, osvaja\u010dice bron\u010danog odli\u010dja na posljednjem Europskom prvenstvu, u utorak \u0107e se zaputiti prema \u0160panjolskoj, gdje \u0107e nakon deset godina izbivanja ponovno nastupiti na Svjetskom prvenstvu za koje su se proteklih tjedan dana pripremale u Pore\u010du.&nbsp;<\/strong><\/p>\n\n\n\n<p>&#8211; Ne mogu to nazvati pripremama, to je jedan mikro ciklus koji je trajao tjedan dana i u kojem smo poku\u0161ali cure dovesti u optimalnu fizi\u010dku pripremu, da budu otprilike na istom nivou. S druge strane, radili smo dosta na obrambenoj formaciji 6-0 koja nam je jedna od najbitnijih. Dvije utakmice sa Slovenijom i zajedni\u010dki trening su nam jako dobro do\u0161le da vidimo gdje smo. Mislim da smo u zadovoljavaju\u0107em stanju, izjavio je u ponedjeljak izbornik&nbsp;<strong>Nenad&nbsp;\u0160o\u0161tari\u0107<\/strong>&nbsp;koji je uo\u010di putovanja morao skratiti popis na 16 igra\u010dica pa \u0107e u Hrvatskoj ostati&nbsp;<strong>Gabriela Gudelj&nbsp;<\/strong>i&nbsp;<strong>Elena Popovi\u0107<\/strong>, ali \u0107e nastaviti s radom kako bi se mogle priklju\u010diti reprezentaciji uka\u017ee li se za to potreba.<\/p>\n\n\n\n<p>Put \u0160panjolske \u0107e tako u utorak rano ujutro krenuti:<\/p>\n\n\n\n<p>Tea Pijevi\u0107, Ivana Kapitanovi\u0107, Lucija Be\u0161en, Paula i Stela Posavec, Andrea \u0160imara, Ana Turk, Josipa Mami\u0107, Lara Buri\u0107, Katarina Je\u017ei\u0107, Ana Debeli\u0107, \u0106amila Mi\u010dijevi\u0107, Larrisa Kalaus, Valentina Bla\u017eevi\u0107, Dora Krsnik i Ivana De\u017ei\u0107.<\/p>\n\n\n\n<p>&#8211; Sve skupa je dobro pro\u0161lo. Ostale smo zdrave i to je najbitnije. Idemo sretne, vesele, pune o\u010dekivanja na to svjetsko prvenstvo, rekla je\u00a0<strong>Ivana\u00a0Kapitanovi\u0107<\/strong>, jedna od tri vratarice koje su se na\u0161le na kona\u010dnom popisu.<\/p>\n\n\n\n<blockquote class=\"twitter-tweet\"><p lang=\"und\" dir=\"ltr\">\ud83e\udd3e\ud83c\udffb\u200d\u2640\ufe0f | <a href=\"https:\/\/twitter.com\/SheLOVsHandball?ref_src=twsrc%5Etfw\">@SheLOVsHandball<\/a> <br><br>\u0160okirale su Europu, mogu li i svijet? \ud83e\udd14<br><br>\ud835\udc7d\ud835\udc82\ud835\udc8e\ud835\udc90\ud835\udc94 \ud835\udc82 \ud835\udc6c\ud835\udc94\ud835\udc91\ud835\udc82\ud835\udc8f\ud835\udc82 \u2728<a href=\"https:\/\/twitter.com\/hashtag\/crohandball?src=hash&amp;ref_src=twsrc%5Etfw\">#crohandball<\/a> <a href=\"https:\/\/twitter.com\/hashtag\/SheLovesHandball?src=hash&amp;ref_src=twsrc%5Etfw\">#SheLovesHandball<\/a> <a href=\"https:\/\/twitter.com\/hashtag\/spain2021?src=hash&amp;ref_src=twsrc%5Etfw\">#spain2021<\/a> <a href=\"https:\/\/t.co\/YI4nNuMpF8\">pic.twitter.com\/YI4nNuMpF8<\/a><\/p>&mdash; HRS (@HRStwitt) <a href=\"https:\/\/twitter.com\/HRStwitt\/status\/1465271680289411076?ref_src=twsrc%5Etfw\">November 29, 2021<\/a><\/blockquote> <script async src=\"https:\/\/platform.twitter.com\/widgets.js\" charset=\"utf-8\"><\/script>\n\n\n\n<p>&#8211; Maksimalno smo iskoristili ovo vrijeme koje smo provele zajedno. Dvije odigrane utakmice dobar su pokazatelj u kakvoj smo formi. Naravno, trebamo nastaviti u tom smjeru, optimisti\u010dna je i kapetanica&nbsp;<strong>Katarina&nbsp;Je\u017ei\u0107<\/strong>, jedina igra\u010dica iz ovog sastava koja je osjetila atmosferu igranja na svjetskom prvenstvu 2011. u Brazilu.<\/p>\n\n\n\n<p>Upravo je reprezentacija te dr\u017eave ona koja \u0107e se &#8220;Kraljicama \u0161oka&#8221; suprotstaviti u \u010detvrtak, 2. prosinca (18 sati), u Castellon de la Plani.<\/p>\n\n\n\n<p>&#8211; Najja\u010di suparnik u grupi. Sve igra\u010dice igraju u Europi. To je prije svega iskusna ekipa, iako imaju i par mla\u0111ih dobrih igra\u010dica. Nadam se da ne grije\u0161im, ali mislim da nisu toliko kvalitetne na lijevom krilu. To je utakmica koja mo\u017ee dosta toga odrediti. Najva\u017enije je da mi budemo pravi, da tu pri\u010du zatvorimo kroz fazu obrane, jer je Brazil ipak vi\u0161e napada\u010dka ekipa. Moramo ih u napadu ra\u0161iriti i biti precizni u realizaciji, otkrio je izbornik \u0160o\u0161tari\u0107 generalni plan za dvoboj sa svjetskim prvakinjama iz 2013.<\/p>\n\n\n\n<p>&#8211; Svi smo koncentrirani na Brazil. Znamo \u0161to nam ta utakmica nosi, jer je to najja\u010da ekipa u skupini uz nas i o\u010dekujemo da \u0107e i Brazil izboriti prolaz. Najbitnije je za samopouzdanje kolektiva da u toj utakmici pobijedimo&#8221;, istaknula je Ivana Kapitanovi\u0107.<\/p>\n\n\n\n<p>Osim Brazila, Hrvatsku u prvoj fazi natjecanja u skupini G o\u010dekuju jo\u0161 utakmice protiv reprezentacija Paragvaja (4.12., 18 sati) i Japana (6.12., 20.30 sati).<\/p>\n\n\n\n<p>&#8211; Sve tri ekipe moramo shvatiti ozbiljno i na jednak na\u010din. Naravno, otvaranje s Brazilom bih istaknula kao najja\u010deg suparnika i bilo bi jako bitno za nas da se pobijedi, rekla je kapetanica Je\u017ei\u0107, a podrobnije je o preostalim suparnicima ne\u0161to rekao izbornik \u0160o\u0161tari\u0107.<\/p>\n\n\n\n<p>&#8211; Paragvaj je kvalitetom daleko ispod Brazila, \u010dak i ispod Argentine. Moj osnovni moto na bilo kojem prvenstvu je &#8211; ne podcijeni i ne precijeni. Iz utakmice u utakmicu moramo i\u0107i, jednako pristupiti Paragvaju kao \u0161to pristupamo Brazilu i Japanu. Japan je promijenio skoro sve igra\u010dice koje su bile na Olimpijskim igrama. Ostale su samo tri igra\u010dice koje igraju u Europi. Promijenili su i izbornika, Danca je zamijenio doma\u0107i trener koji je odgojio ve\u0107inu igra\u010dica. To \u0107e sigurno biti jedan specifi\u010dan na\u010din igre. Dobro je \u0161to \u0107emo ih vidjeti u dvije utakmice, a imamo i snimku iz finala Azijskog prvenstva protiv Koreje pa \u0107e nam to biti smjernica.<\/p>\n\n\n\n<p>Ivana Kapitanovi\u0107 zbog ozljede nije mogla biti s reprezentacijom na Europskom prvenstvu na kojem je senzacionalno osvojena bron\u010dana medalja, ali vjeruje da i u \u0160panjolskoj mo\u017ee biti nastavljen niz dobrih rezultata.<\/p>\n\n\n\n<iframe loading=\"lazy\" src=\"https:\/\/www.facebook.com\/plugins\/post.php?href=https%3A%2F%2Fwww.facebook.com%2Fhrs.chf%2Fposts%2F353454516635995&#038;show_text=true&#038;width=500\" width=\"500\" height=\"684\" style=\"border:none;overflow:hidden\" scrolling=\"no\" frameborder=\"0\" allowfullscreen=\"true\" allow=\"autoplay; clipboard-write; encrypted-media; picture-in-picture; web-share\"><\/iframe>\n\n\n\n<p>&#8211; Stvarno mislim da \u0107emo imati kontinuitet. I pro\u0161le godine sam govorila da to nije odjednom do\u0161lo, da se to godinama gradilo. Lijepo je da nas respektiraju, da se pripremaju za nas, da nismo tamo neka Hrvatska koju \u0107e pregaziti. Mislim da zaslu\u017eujemo to po\u0161tovanje, jer znamo \u0161to radimo i mislim da to radimo dobro.<\/p>\n\n\n\n<p>U to je uvjeren i izbornik \u0160o\u0161tari\u0107.<\/p>\n\n\n\n<p>&#8211; Kad smo kretali 2017. jako malo njih je vjerovalo u ono \u0161to radimo. Skoro nitko, osim nas u uskom krugu ljudi i igra\u010dica. Znali smo da se \u0161kolovanje pla\u0107a. Sad smo postali vrlo zanimljivi svima, jer su shvatili da nismo jednodnevni hit, ve\u0107 poku\u0161avamo biti ne\u0161to \u0161to \u0107e trajati du\u017ee vremena. Najve\u0107i ponos budi to \u0161to su ovi ljudi, kad se sretnu na pripremama, veseli da su u reprezentaciji, da su radosne \u0161to su zajedno i da u\u017eivaju u tome. To nas na neki na\u010din dr\u017ei i osnova je svega.<\/p>\n\n\n\n<p>\u0160o\u0161tari\u0107 nije \u010dovjek koji \u0107e poletjeti u nebo nakon jednog uspjeha, niti \u0107e obe\u0107avati nova \u010duda. No, u jedno je siguran:<\/p>\n\n\n\n<p>&#8211; Mi \u0107emo dati maksimum, kao \u0161to to uvijek \u010dinimo. Jedno \u0161to sigurno mogu o\u010dekivati od nas je da mogu biti ponosni na na\u010din na koji se cure bore za boje svog dresa i za svoju domovinu. Dugo nas nije bilo na velikom svjetskom natjecanju i bit \u0107e zanimljivo vidjeti gdje smo u odnosu na ekipe iz Ju\u017ene Amerike i Azije s kojima dugo nismo igrali. Vjerujem u ljude s kojima radim, vjerujem u cure s kojima radim i vjerujem u to \u0161to radim. Kad to sve zbrojite, vjerujem da \u0107e to donijeti dobar rezultat, zaklju\u010dio je izbornik hrvatskih rukometa\u0161ica.<\/p>\n\n\n\n<p>Izvor:hrt.hr<\/p>\n","protected":false},"excerpt":{"rendered":"<p>Hrvatska \u017eenska rukometna reprezentacija, osvaja\u010dice bron\u010danog odli\u010dja na posljednjem Europskom prvenstvu, u utorak \u0107e se zaputiti prema \u0160panjolskoj, gdje \u0107e nakon deset godina izbivanja ponovno nastupiti na Svjetskom prvenstvu za koje su se proteklih tjedan dana pripremale u Pore\u010du.&nbsp; &#8211; Ne mogu to nazvati pripremama, to je jedan mikro ciklus koji je trajao tjedan dana [&hellip;]<\/p>\n","protected":false},"author":2,"featured_media":74407,"comment_status":"closed","ping_status":"closed","sticky":false,"template":"","format":"standard","meta":{"h5ap_radio_sources":[],"footnotes":""},"categories":[7],"tags":[],"class_list":["post-93782","post","type-post","status-publish","format-standard","has-post-thumbnail","hentry","category-sport"],"yoast_head":"<!-- This site is optimized with the Yoast SEO plugin v27.5 - https:\/\/yoast.com\/product\/yoast-seo-wordpress\/ -->\n<title>\u0160o\u0161tari\u0107 odredio 16 putnica na SP, vjeruje u dobar rezultat - RADIO LJUBU\u0160KI<\/title>\n<meta name=\"robots\" content=\"index, follow, max-snippet:-1, max-image-preview:large, max-video-preview:-1\" \/>\n<link rel=\"canonical\" href=\"https:\/\/radioljubuski.ba\/index.php\/2021\/11\/29\/sostaric-odredio-16-putnica-na-sp-vjeruje-u-dobar-rezultat\/\" \/>\n<meta property=\"og:locale\" content=\"hr_HR\" \/>\n<meta property=\"og:type\" content=\"article\" \/>\n<meta property=\"og:title\" content=\"\u0160o\u0161tari\u0107 odredio 16 putnica na SP, vjeruje u dobar rezultat - RADIO LJUBU\u0160KI\" \/>\n<meta property=\"og:description\" content=\"Hrvatska \u017eenska rukometna reprezentacija, osvaja\u010dice bron\u010danog odli\u010dja na posljednjem Europskom prvenstvu, u utorak \u0107e se zaputiti prema \u0160panjolskoj, gdje \u0107e nakon deset godina izbivanja ponovno nastupiti na Svjetskom prvenstvu za koje su se proteklih tjedan dana pripremale u Pore\u010du.&nbsp; &#8211; Ne mogu to nazvati pripremama, to je jedan mikro ciklus koji je trajao tjedan dana [&hellip;]\" \/>\n<meta property=\"og:url\" content=\"https:\/\/radioljubuski.ba\/index.php\/2021\/11\/29\/sostaric-odredio-16-putnica-na-sp-vjeruje-u-dobar-rezultat\/\" \/>\n<meta property=\"og:site_name\" content=\"RADIO LJUBU\u0160KI\" \/>\n<meta property=\"article:publisher\" content=\"https:\/\/www.facebook.com\/Radiio-Ljubuski-1490835324566332\" \/>\n<meta property=\"article:published_time\" content=\"2021-11-29T13:07:40+00:00\" \/>\n<meta property=\"article:modified_time\" content=\"2021-11-29T13:07:42+00:00\" \/>\n<meta property=\"og:image\" content=\"https:\/\/radioljubuski.ba\/wp-content\/uploads\/2021\/10\/sostaric-nenad-20211011121207.jpg\" \/>\n\t<meta property=\"og:image:width\" content=\"1600\" \/>\n\t<meta property=\"og:image:height\" content=\"940\" \/>\n\t<meta property=\"og:image:type\" content=\"image\/jpeg\" \/>\n<meta name=\"author\" content=\"Radio Ljubu\u0161ki\" \/>\n<meta name=\"twitter:card\" content=\"summary_large_image\" \/>\n<meta name=\"twitter:creator\" content=\"@radioljubuski\" \/>\n<meta name=\"twitter:site\" content=\"@radioljubuski\" \/>\n<meta name=\"twitter:label1\" content=\"Napisao\/la\" \/>\n\t<meta name=\"twitter:data1\" content=\"Radio Ljubu\u0161ki\" \/>\n\t<meta name=\"twitter:label2\" content=\"Procijenjeno vrijeme \u010ditanja\" \/>\n\t<meta name=\"twitter:data2\" content=\"5 minuta\" \/>\n<script type=\"application\/ld+json\" class=\"yoast-schema-graph\">{\"@context\":\"https:\\\/\\\/schema.org\",\"@graph\":[{\"@type\":\"Article\",\"@id\":\"https:\\\/\\\/radioljubuski.ba\\\/index.php\\\/2021\\\/11\\\/29\\\/sostaric-odredio-16-putnica-na-sp-vjeruje-u-dobar-rezultat\\\/#article\",\"isPartOf\":{\"@id\":\"https:\\\/\\\/radioljubuski.ba\\\/index.php\\\/2021\\\/11\\\/29\\\/sostaric-odredio-16-putnica-na-sp-vjeruje-u-dobar-rezultat\\\/\"},\"author\":{\"name\":\"Radio Ljubu\u0161ki\",\"@id\":\"https:\\\/\\\/radioljubuski.ba\\\/#\\\/schema\\\/person\\\/19fc700381a780f69665d7956c469e3b\"},\"headline\":\"\u0160o\u0161tari\u0107 odredio 16 putnica na SP, vjeruje u dobar rezultat\",\"datePublished\":\"2021-11-29T13:07:40+00:00\",\"dateModified\":\"2021-11-29T13:07:42+00:00\",\"mainEntityOfPage\":{\"@id\":\"https:\\\/\\\/radioljubuski.ba\\\/index.php\\\/2021\\\/11\\\/29\\\/sostaric-odredio-16-putnica-na-sp-vjeruje-u-dobar-rezultat\\\/\"},\"wordCount\":1026,\"publisher\":{\"@id\":\"https:\\\/\\\/radioljubuski.ba\\\/#organization\"},\"image\":{\"@id\":\"https:\\\/\\\/radioljubuski.ba\\\/index.php\\\/2021\\\/11\\\/29\\\/sostaric-odredio-16-putnica-na-sp-vjeruje-u-dobar-rezultat\\\/#primaryimage\"},\"thumbnailUrl\":\"https:\\\/\\\/radioljubuski.ba\\\/wp-content\\\/uploads\\\/2021\\\/10\\\/sostaric-nenad-20211011121207.jpg\",\"articleSection\":[\"\u0160port\"],\"inLanguage\":\"hr\"},{\"@type\":\"WebPage\",\"@id\":\"https:\\\/\\\/radioljubuski.ba\\\/index.php\\\/2021\\\/11\\\/29\\\/sostaric-odredio-16-putnica-na-sp-vjeruje-u-dobar-rezultat\\\/\",\"url\":\"https:\\\/\\\/radioljubuski.ba\\\/index.php\\\/2021\\\/11\\\/29\\\/sostaric-odredio-16-putnica-na-sp-vjeruje-u-dobar-rezultat\\\/\",\"name\":\"\u0160o\u0161tari\u0107 odredio 16 putnica na SP, vjeruje u dobar rezultat - RADIO LJUBU\u0160KI\",\"isPartOf\":{\"@id\":\"https:\\\/\\\/radioljubuski.ba\\\/#website\"},\"primaryImageOfPage\":{\"@id\":\"https:\\\/\\\/radioljubuski.ba\\\/index.php\\\/2021\\\/11\\\/29\\\/sostaric-odredio-16-putnica-na-sp-vjeruje-u-dobar-rezultat\\\/#primaryimage\"},\"image\":{\"@id\":\"https:\\\/\\\/radioljubuski.ba\\\/index.php\\\/2021\\\/11\\\/29\\\/sostaric-odredio-16-putnica-na-sp-vjeruje-u-dobar-rezultat\\\/#primaryimage\"},\"thumbnailUrl\":\"https:\\\/\\\/radioljubuski.ba\\\/wp-content\\\/uploads\\\/2021\\\/10\\\/sostaric-nenad-20211011121207.jpg\",\"datePublished\":\"2021-11-29T13:07:40+00:00\",\"dateModified\":\"2021-11-29T13:07:42+00:00\",\"breadcrumb\":{\"@id\":\"https:\\\/\\\/radioljubuski.ba\\\/index.php\\\/2021\\\/11\\\/29\\\/sostaric-odredio-16-putnica-na-sp-vjeruje-u-dobar-rezultat\\\/#breadcrumb\"},\"inLanguage\":\"hr\",\"potentialAction\":[{\"@type\":\"ReadAction\",\"target\":[\"https:\\\/\\\/radioljubuski.ba\\\/index.php\\\/2021\\\/11\\\/29\\\/sostaric-odredio-16-putnica-na-sp-vjeruje-u-dobar-rezultat\\\/\"]}]},{\"@type\":\"ImageObject\",\"inLanguage\":\"hr\",\"@id\":\"https:\\\/\\\/radioljubuski.ba\\\/index.php\\\/2021\\\/11\\\/29\\\/sostaric-odredio-16-putnica-na-sp-vjeruje-u-dobar-rezultat\\\/#primaryimage\",\"url\":\"https:\\\/\\\/radioljubuski.ba\\\/wp-content\\\/uploads\\\/2021\\\/10\\\/sostaric-nenad-20211011121207.jpg\",\"contentUrl\":\"https:\\\/\\\/radioljubuski.ba\\\/wp-content\\\/uploads\\\/2021\\\/10\\\/sostaric-nenad-20211011121207.jpg\",\"width\":1600,\"height\":940,\"caption\":\"07.10.2021., Rijeka - Rukometna utakmica zenskih reprezentacija Hrvatska - Ukrajina u dvorani Zamet. Photo: Goran Kovacic\\\/PIXSELL (07.10.2021., Rijeka - Rukometna utakmica zenskih reprezentacija Hrvatska - Ukrajina u dvorani Zamet. Photo: Goran Kovaci\"},{\"@type\":\"BreadcrumbList\",\"@id\":\"https:\\\/\\\/radioljubuski.ba\\\/index.php\\\/2021\\\/11\\\/29\\\/sostaric-odredio-16-putnica-na-sp-vjeruje-u-dobar-rezultat\\\/#breadcrumb\",\"itemListElement\":[{\"@type\":\"ListItem\",\"position\":1,\"name\":\"Po\u010detna stranica\",\"item\":\"https:\\\/\\\/radioljubuski.ba\\\/\"},{\"@type\":\"ListItem\",\"position\":2,\"name\":\"\u0160o\u0161tari\u0107 odredio 16 putnica na SP, vjeruje u dobar rezultat\"}]},{\"@type\":\"WebSite\",\"@id\":\"https:\\\/\\\/radioljubuski.ba\\\/#website\",\"url\":\"https:\\\/\\\/radioljubuski.ba\\\/\",\"name\":\"Radio Ljubu\u0161ki\",\"description\":\"Sun\u010dana frekvencija Hercegovine\",\"publisher\":{\"@id\":\"https:\\\/\\\/radioljubuski.ba\\\/#organization\"},\"potentialAction\":[{\"@type\":\"SearchAction\",\"target\":{\"@type\":\"EntryPoint\",\"urlTemplate\":\"https:\\\/\\\/radioljubuski.ba\\\/?s={search_term_string}\"},\"query-input\":{\"@type\":\"PropertyValueSpecification\",\"valueRequired\":true,\"valueName\":\"search_term_string\"}}],\"inLanguage\":\"hr\"},{\"@type\":\"Organization\",\"@id\":\"https:\\\/\\\/radioljubuski.ba\\\/#organization\",\"name\":\"Radio Ljubu\u0161ki\",\"url\":\"https:\\\/\\\/radioljubuski.ba\\\/\",\"logo\":{\"@type\":\"ImageObject\",\"inLanguage\":\"hr\",\"@id\":\"https:\\\/\\\/radioljubuski.ba\\\/#\\\/schema\\\/logo\\\/image\\\/\",\"url\":\"https:\\\/\\\/radioljubuski.ba\\\/wp-content\\\/uploads\\\/2021\\\/02\\\/cropped-Radio_Ljubuski_logo1.jpg\",\"contentUrl\":\"https:\\\/\\\/radioljubuski.ba\\\/wp-content\\\/uploads\\\/2021\\\/02\\\/cropped-Radio_Ljubuski_logo1.jpg\",\"width\":512,\"height\":512,\"caption\":\"Radio Ljubu\u0161ki\"},\"image\":{\"@id\":\"https:\\\/\\\/radioljubuski.ba\\\/#\\\/schema\\\/logo\\\/image\\\/\"},\"sameAs\":[\"https:\\\/\\\/www.facebook.com\\\/Radiio-Ljubuski-1490835324566332\",\"https:\\\/\\\/x.com\\\/radioljubuski\",\"https:\\\/\\\/hr.linkedin.com\\\/company\\\/radio-ljubuski\",\"https:\\\/\\\/www.youtube.com\\\/channel\\\/UCHYaeO_n0Db3tjNGudGpXyw\"]},{\"@type\":\"Person\",\"@id\":\"https:\\\/\\\/radioljubuski.ba\\\/#\\\/schema\\\/person\\\/19fc700381a780f69665d7956c469e3b\",\"name\":\"Radio Ljubu\u0161ki\"}]}<\/script>\n<!-- \/ Yoast SEO plugin. -->","yoast_head_json":{"title":"\u0160o\u0161tari\u0107 odredio 16 putnica na SP, vjeruje u dobar rezultat - RADIO LJUBU\u0160KI","robots":{"index":"index","follow":"follow","max-snippet":"max-snippet:-1","max-image-preview":"max-image-preview:large","max-video-preview":"max-video-preview:-1"},"canonical":"https:\/\/radioljubuski.ba\/index.php\/2021\/11\/29\/sostaric-odredio-16-putnica-na-sp-vjeruje-u-dobar-rezultat\/","og_locale":"hr_HR","og_type":"article","og_title":"\u0160o\u0161tari\u0107 odredio 16 putnica na SP, vjeruje u dobar rezultat - RADIO LJUBU\u0160KI","og_description":"Hrvatska \u017eenska rukometna reprezentacija, osvaja\u010dice bron\u010danog odli\u010dja na posljednjem Europskom prvenstvu, u utorak \u0107e se zaputiti prema \u0160panjolskoj, gdje \u0107e nakon deset godina izbivanja ponovno nastupiti na Svjetskom prvenstvu za koje su se proteklih tjedan dana pripremale u Pore\u010du.&nbsp; &#8211; Ne mogu to nazvati pripremama, to je jedan mikro ciklus koji je trajao tjedan dana [&hellip;]","og_url":"https:\/\/radioljubuski.ba\/index.php\/2021\/11\/29\/sostaric-odredio-16-putnica-na-sp-vjeruje-u-dobar-rezultat\/","og_site_name":"RADIO LJUBU\u0160KI","article_publisher":"https:\/\/www.facebook.com\/Radiio-Ljubuski-1490835324566332","article_published_time":"2021-11-29T13:07:40+00:00","article_modified_time":"2021-11-29T13:07:42+00:00","og_image":[{"width":1600,"height":940,"url":"https:\/\/radioljubuski.ba\/wp-content\/uploads\/2021\/10\/sostaric-nenad-20211011121207.jpg","type":"image\/jpeg"}],"author":"Radio Ljubu\u0161ki","twitter_card":"summary_large_image","twitter_creator":"@radioljubuski","twitter_site":"@radioljubuski","twitter_misc":{"Napisao\/la":"Radio Ljubu\u0161ki","Procijenjeno vrijeme \u010ditanja":"5 minuta"},"schema":{"@context":"https:\/\/schema.org","@graph":[{"@type":"Article","@id":"https:\/\/radioljubuski.ba\/index.php\/2021\/11\/29\/sostaric-odredio-16-putnica-na-sp-vjeruje-u-dobar-rezultat\/#article","isPartOf":{"@id":"https:\/\/radioljubuski.ba\/index.php\/2021\/11\/29\/sostaric-odredio-16-putnica-na-sp-vjeruje-u-dobar-rezultat\/"},"author":{"name":"Radio Ljubu\u0161ki","@id":"https:\/\/radioljubuski.ba\/#\/schema\/person\/19fc700381a780f69665d7956c469e3b"},"headline":"\u0160o\u0161tari\u0107 odredio 16 putnica na SP, vjeruje u dobar rezultat","datePublished":"2021-11-29T13:07:40+00:00","dateModified":"2021-11-29T13:07:42+00:00","mainEntityOfPage":{"@id":"https:\/\/radioljubuski.ba\/index.php\/2021\/11\/29\/sostaric-odredio-16-putnica-na-sp-vjeruje-u-dobar-rezultat\/"},"wordCount":1026,"publisher":{"@id":"https:\/\/radioljubuski.ba\/#organization"},"image":{"@id":"https:\/\/radioljubuski.ba\/index.php\/2021\/11\/29\/sostaric-odredio-16-putnica-na-sp-vjeruje-u-dobar-rezultat\/#primaryimage"},"thumbnailUrl":"https:\/\/radioljubuski.ba\/wp-content\/uploads\/2021\/10\/sostaric-nenad-20211011121207.jpg","articleSection":["\u0160port"],"inLanguage":"hr"},{"@type":"WebPage","@id":"https:\/\/radioljubuski.ba\/index.php\/2021\/11\/29\/sostaric-odredio-16-putnica-na-sp-vjeruje-u-dobar-rezultat\/","url":"https:\/\/radioljubuski.ba\/index.php\/2021\/11\/29\/sostaric-odredio-16-putnica-na-sp-vjeruje-u-dobar-rezultat\/","name":"\u0160o\u0161tari\u0107 odredio 16 putnica na SP, vjeruje u dobar rezultat - RADIO LJUBU\u0160KI","isPartOf":{"@id":"https:\/\/radioljubuski.ba\/#website"},"primaryImageOfPage":{"@id":"https:\/\/radioljubuski.ba\/index.php\/2021\/11\/29\/sostaric-odredio-16-putnica-na-sp-vjeruje-u-dobar-rezultat\/#primaryimage"},"image":{"@id":"https:\/\/radioljubuski.ba\/index.php\/2021\/11\/29\/sostaric-odredio-16-putnica-na-sp-vjeruje-u-dobar-rezultat\/#primaryimage"},"thumbnailUrl":"https:\/\/radioljubuski.ba\/wp-content\/uploads\/2021\/10\/sostaric-nenad-20211011121207.jpg","datePublished":"2021-11-29T13:07:40+00:00","dateModified":"2021-11-29T13:07:42+00:00","breadcrumb":{"@id":"https:\/\/radioljubuski.ba\/index.php\/2021\/11\/29\/sostaric-odredio-16-putnica-na-sp-vjeruje-u-dobar-rezultat\/#breadcrumb"},"inLanguage":"hr","potentialAction":[{"@type":"ReadAction","target":["https:\/\/radioljubuski.ba\/index.php\/2021\/11\/29\/sostaric-odredio-16-putnica-na-sp-vjeruje-u-dobar-rezultat\/"]}]},{"@type":"ImageObject","inLanguage":"hr","@id":"https:\/\/radioljubuski.ba\/index.php\/2021\/11\/29\/sostaric-odredio-16-putnica-na-sp-vjeruje-u-dobar-rezultat\/#primaryimage","url":"https:\/\/radioljubuski.ba\/wp-content\/uploads\/2021\/10\/sostaric-nenad-20211011121207.jpg","contentUrl":"https:\/\/radioljubuski.ba\/wp-content\/uploads\/2021\/10\/sostaric-nenad-20211011121207.jpg","width":1600,"height":940,"caption":"07.10.2021., Rijeka - Rukometna utakmica zenskih reprezentacija Hrvatska - Ukrajina u dvorani Zamet. Photo: Goran Kovacic\/PIXSELL (07.10.2021., Rijeka - Rukometna utakmica zenskih reprezentacija Hrvatska - Ukrajina u dvorani Zamet. Photo: Goran Kovaci"},{"@type":"BreadcrumbList","@id":"https:\/\/radioljubuski.ba\/index.php\/2021\/11\/29\/sostaric-odredio-16-putnica-na-sp-vjeruje-u-dobar-rezultat\/#breadcrumb","itemListElement":[{"@type":"ListItem","position":1,"name":"Po\u010detna stranica","item":"https:\/\/radioljubuski.ba\/"},{"@type":"ListItem","position":2,"name":"\u0160o\u0161tari\u0107 odredio 16 putnica na SP, vjeruje u dobar rezultat"}]},{"@type":"WebSite","@id":"https:\/\/radioljubuski.ba\/#website","url":"https:\/\/radioljubuski.ba\/","name":"Radio Ljubu\u0161ki","description":"Sun\u010dana frekvencija Hercegovine","publisher":{"@id":"https:\/\/radioljubuski.ba\/#organization"},"potentialAction":[{"@type":"SearchAction","target":{"@type":"EntryPoint","urlTemplate":"https:\/\/radioljubuski.ba\/?s={search_term_string}"},"query-input":{"@type":"PropertyValueSpecification","valueRequired":true,"valueName":"search_term_string"}}],"inLanguage":"hr"},{"@type":"Organization","@id":"https:\/\/radioljubuski.ba\/#organization","name":"Radio Ljubu\u0161ki","url":"https:\/\/radioljubuski.ba\/","logo":{"@type":"ImageObject","inLanguage":"hr","@id":"https:\/\/radioljubuski.ba\/#\/schema\/logo\/image\/","url":"https:\/\/radioljubuski.ba\/wp-content\/uploads\/2021\/02\/cropped-Radio_Ljubuski_logo1.jpg","contentUrl":"https:\/\/radioljubuski.ba\/wp-content\/uploads\/2021\/02\/cropped-Radio_Ljubuski_logo1.jpg","width":512,"height":512,"caption":"Radio Ljubu\u0161ki"},"image":{"@id":"https:\/\/radioljubuski.ba\/#\/schema\/logo\/image\/"},"sameAs":["https:\/\/www.facebook.com\/Radiio-Ljubuski-1490835324566332","https:\/\/x.com\/radioljubuski","https:\/\/hr.linkedin.com\/company\/radio-ljubuski","https:\/\/www.youtube.com\/channel\/UCHYaeO_n0Db3tjNGudGpXyw"]},{"@type":"Person","@id":"https:\/\/radioljubuski.ba\/#\/schema\/person\/19fc700381a780f69665d7956c469e3b","name":"Radio Ljubu\u0161ki"}]}},"_links":{"self":[{"href":"https:\/\/radioljubuski.ba\/index.php\/wp-json\/wp\/v2\/posts\/93782","targetHints":{"allow":["GET"]}}],"collection":[{"href":"https:\/\/radioljubuski.ba\/index.php\/wp-json\/wp\/v2\/posts"}],"about":[{"href":"https:\/\/radioljubuski.ba\/index.php\/wp-json\/wp\/v2\/types\/post"}],"author":[{"embeddable":true,"href":"https:\/\/radioljubuski.ba\/index.php\/wp-json\/wp\/v2\/users\/2"}],"replies":[{"embeddable":true,"href":"https:\/\/radioljubuski.ba\/index.php\/wp-json\/wp\/v2\/comments?post=93782"}],"version-history":[{"count":1,"href":"https:\/\/radioljubuski.ba\/index.php\/wp-json\/wp\/v2\/posts\/93782\/revisions"}],"predecessor-version":[{"id":93783,"href":"https:\/\/radioljubuski.ba\/index.php\/wp-json\/wp\/v2\/posts\/93782\/revisions\/93783"}],"wp:featuredmedia":[{"embeddable":true,"href":"https:\/\/radioljubuski.ba\/index.php\/wp-json\/wp\/v2\/media\/74407"}],"wp:attachment":[{"href":"https:\/\/radioljubuski.ba\/index.php\/wp-json\/wp\/v2\/media?parent=93782"}],"wp:term":[{"taxonomy":"category","embeddable":true,"href":"https:\/\/radioljubuski.ba\/index.php\/wp-json\/wp\/v2\/categories?post=93782"},{"taxonomy":"post_tag","embeddable":true,"href":"https:\/\/radioljubuski.ba\/index.php\/wp-json\/wp\/v2\/tags?post=93782"}],"curies":[{"name":"wp","href":"https:\/\/api.w.org\/{rel}","templated":true}]}}