{"id":93787,"date":"2021-11-29T14:13:36","date_gmt":"2021-11-29T13:13:36","guid":{"rendered":"https:\/\/radioljubuski.ba\/?p=93787"},"modified":"2021-11-29T14:13:38","modified_gmt":"2021-11-29T13:13:38","slug":"neymar-out-do-kraja-godine","status":"publish","type":"post","link":"https:\/\/radioljubuski.ba\/index.php\/2021\/11\/29\/neymar-out-do-kraja-godine\/","title":{"rendered":"Neymar &#8220;out&#8221; do kraja godine"},"content":{"rendered":"\n<p><strong>Napada\u010d PSG-a&nbsp;Neymar&nbsp;bit \u0107e odsutan oko \u0161est tjedana zbog ozljede koju je ju\u010der zadobio u ogledu protiv St Etiennea, navodi RMC. Napada\u010d je zadobio te\u017eak udarac u gle\u017eanj lijeve noge zbog \u010dega je morao napustiti teren na nosilima.<\/strong><\/p>\n\n\n\n<p>Brazilac, koji se tek po\u010deo uigravati s&nbsp;<strong>Messijem&nbsp;<\/strong>i&nbsp;<strong>Mbapp\u00e9om&nbsp;<\/strong>i jedan je od najva\u017enijih igra\u010da za&nbsp;<strong>Mauricija&nbsp;Pochettina<\/strong>, izostat \u0107e do 2022. godine, a koliko brzo \u0107e se vratiti na teren ovisit \u0107e tijeku oporavka. Mogao bi izostati do drugog tjedna sije\u010dnja i propustiti do \u0161est utakmica Ligue 1 i UEFA Lige prvaka.<\/p>\n\n\n\n<p>Pari\u0161ku mom\u010dad u sljede\u0107im utakmicama o\u010dekuju Nica, Lens, Bruges, AS Monaco, Lorient te Olympique Lyon, \u0161to je prva utakmica u 2022. godini i klju\u010dna utakmica za korak bli\u017ee prvom mjestu u francuskom prvenstvu.<\/p>\n\n\n\n<p>Ako se ostvare prognoze lije\u010dnika Neymar bi se trebao vratiti u akciju na vrijeme za PSG-ov prvi ogled nokaut faze Lige prvaka u velja\u010di.<\/p>\n\n\n\n<blockquote class=\"twitter-tweet\"><p lang=\"en\" dir=\"ltr\">Neymar is expected to be out for six weeks following the ankle injury he suffered today. First exams have shown a big sprain. More exams to come on Monday. <a href=\"https:\/\/t.co\/rbPBlp2vCq\">pic.twitter.com\/rbPBlp2vCq<\/a><\/p>&mdash; Football &amp; Witball (@FootballWitball) <a href=\"https:\/\/twitter.com\/FootballWitball\/status\/1465234612183990274?ref_src=twsrc%5Etfw\">November 29, 2021<\/a><\/blockquote> <script async src=\"https:\/\/platform.twitter.com\/widgets.js\" charset=\"utf-8\"><\/script>\n\n\n\n<p>Izvor:hrt.hr<\/p>\n","protected":false},"excerpt":{"rendered":"<p>Napada\u010d PSG-a&nbsp;Neymar&nbsp;bit \u0107e odsutan oko \u0161est tjedana zbog ozljede koju je ju\u010der zadobio u ogledu protiv St Etiennea, navodi RMC. Napada\u010d je zadobio te\u017eak udarac u gle\u017eanj lijeve noge zbog \u010dega je morao napustiti teren na nosilima. Brazilac, koji se tek po\u010deo uigravati s&nbsp;Messijem&nbsp;i&nbsp;Mbapp\u00e9om&nbsp;i jedan je od najva\u017enijih igra\u010da za&nbsp;Mauricija&nbsp;Pochettina, izostat \u0107e do 2022. godine, [&hellip;]<\/p>\n","protected":false},"author":2,"featured_media":0,"comment_status":"closed","ping_status":"closed","sticky":false,"template":"","format":"standard","meta":{"h5ap_radio_sources":[],"footnotes":""},"categories":[7],"tags":[],"class_list":["post-93787","post","type-post","status-publish","format-standard","hentry","category-sport"],"yoast_head":"<!-- This site is optimized with the Yoast SEO plugin v27.5 - https:\/\/yoast.com\/product\/yoast-seo-wordpress\/ -->\n<title>Neymar &quot;out&quot; do kraja godine - RADIO LJUBU\u0160KI<\/title>\n<meta name=\"robots\" content=\"index, follow, max-snippet:-1, max-image-preview:large, max-video-preview:-1\" \/>\n<link rel=\"canonical\" href=\"https:\/\/radioljubuski.ba\/index.php\/2021\/11\/29\/neymar-out-do-kraja-godine\/\" \/>\n<meta property=\"og:locale\" content=\"hr_HR\" \/>\n<meta property=\"og:type\" content=\"article\" \/>\n<meta property=\"og:title\" content=\"Neymar &quot;out&quot; do kraja godine - RADIO LJUBU\u0160KI\" \/>\n<meta property=\"og:description\" content=\"Napada\u010d PSG-a&nbsp;Neymar&nbsp;bit \u0107e odsutan oko \u0161est tjedana zbog ozljede koju je ju\u010der zadobio u ogledu protiv St Etiennea, navodi RMC. Napada\u010d je zadobio te\u017eak udarac u gle\u017eanj lijeve noge zbog \u010dega je morao napustiti teren na nosilima. Brazilac, koji se tek po\u010deo uigravati s&nbsp;Messijem&nbsp;i&nbsp;Mbapp\u00e9om&nbsp;i jedan je od najva\u017enijih igra\u010da za&nbsp;Mauricija&nbsp;Pochettina, izostat \u0107e do 2022. godine, [&hellip;]\" \/>\n<meta property=\"og:url\" content=\"https:\/\/radioljubuski.ba\/index.php\/2021\/11\/29\/neymar-out-do-kraja-godine\/\" \/>\n<meta property=\"og:site_name\" content=\"RADIO LJUBU\u0160KI\" \/>\n<meta property=\"article:publisher\" content=\"https:\/\/www.facebook.com\/Radiio-Ljubuski-1490835324566332\" \/>\n<meta property=\"article:published_time\" content=\"2021-11-29T13:13:36+00:00\" \/>\n<meta property=\"article:modified_time\" content=\"2021-11-29T13:13:38+00:00\" \/>\n<meta property=\"og:image\" content=\"https:\/\/radioljubuski.ba\/wp-content\/uploads\/2021\/11\/2021-11-28t135637z-1574303533-up1ehbs12qbe5-rtrmadp-3-soccer-france-ste-psg-report-20211128153545.jpg\" \/>\n\t<meta property=\"og:image:width\" content=\"1961\" \/>\n\t<meta property=\"og:image:height\" content=\"1226\" \/>\n\t<meta property=\"og:image:type\" content=\"image\/jpeg\" \/>\n<meta name=\"author\" content=\"Radio Ljubu\u0161ki\" \/>\n<meta name=\"twitter:card\" content=\"summary_large_image\" \/>\n<meta name=\"twitter:creator\" content=\"@radioljubuski\" \/>\n<meta name=\"twitter:site\" content=\"@radioljubuski\" \/>\n<meta name=\"twitter:label1\" content=\"Napisao\/la\" \/>\n\t<meta name=\"twitter:data1\" content=\"Radio Ljubu\u0161ki\" \/>\n\t<meta name=\"twitter:label2\" content=\"Procijenjeno vrijeme \u010ditanja\" \/>\n\t<meta name=\"twitter:data2\" content=\"1 minuta\" \/>\n<script type=\"application\/ld+json\" class=\"yoast-schema-graph\">{\"@context\":\"https:\\\/\\\/schema.org\",\"@graph\":[{\"@type\":\"Article\",\"@id\":\"https:\\\/\\\/radioljubuski.ba\\\/index.php\\\/2021\\\/11\\\/29\\\/neymar-out-do-kraja-godine\\\/#article\",\"isPartOf\":{\"@id\":\"https:\\\/\\\/radioljubuski.ba\\\/index.php\\\/2021\\\/11\\\/29\\\/neymar-out-do-kraja-godine\\\/\"},\"author\":{\"name\":\"Radio Ljubu\u0161ki\",\"@id\":\"https:\\\/\\\/radioljubuski.ba\\\/#\\\/schema\\\/person\\\/19fc700381a780f69665d7956c469e3b\"},\"headline\":\"Neymar &#8220;out&#8221; do kraja godine\",\"datePublished\":\"2021-11-29T13:13:36+00:00\",\"dateModified\":\"2021-11-29T13:13:38+00:00\",\"mainEntityOfPage\":{\"@id\":\"https:\\\/\\\/radioljubuski.ba\\\/index.php\\\/2021\\\/11\\\/29\\\/neymar-out-do-kraja-godine\\\/\"},\"wordCount\":219,\"publisher\":{\"@id\":\"https:\\\/\\\/radioljubuski.ba\\\/#organization\"},\"articleSection\":[\"\u0160port\"],\"inLanguage\":\"hr\"},{\"@type\":\"WebPage\",\"@id\":\"https:\\\/\\\/radioljubuski.ba\\\/index.php\\\/2021\\\/11\\\/29\\\/neymar-out-do-kraja-godine\\\/\",\"url\":\"https:\\\/\\\/radioljubuski.ba\\\/index.php\\\/2021\\\/11\\\/29\\\/neymar-out-do-kraja-godine\\\/\",\"name\":\"Neymar \\\"out\\\" do kraja godine - RADIO LJUBU\u0160KI\",\"isPartOf\":{\"@id\":\"https:\\\/\\\/radioljubuski.ba\\\/#website\"},\"datePublished\":\"2021-11-29T13:13:36+00:00\",\"dateModified\":\"2021-11-29T13:13:38+00:00\",\"breadcrumb\":{\"@id\":\"https:\\\/\\\/radioljubuski.ba\\\/index.php\\\/2021\\\/11\\\/29\\\/neymar-out-do-kraja-godine\\\/#breadcrumb\"},\"inLanguage\":\"hr\",\"potentialAction\":[{\"@type\":\"ReadAction\",\"target\":[\"https:\\\/\\\/radioljubuski.ba\\\/index.php\\\/2021\\\/11\\\/29\\\/neymar-out-do-kraja-godine\\\/\"]}]},{\"@type\":\"BreadcrumbList\",\"@id\":\"https:\\\/\\\/radioljubuski.ba\\\/index.php\\\/2021\\\/11\\\/29\\\/neymar-out-do-kraja-godine\\\/#breadcrumb\",\"itemListElement\":[{\"@type\":\"ListItem\",\"position\":1,\"name\":\"Po\u010detna stranica\",\"item\":\"https:\\\/\\\/radioljubuski.ba\\\/\"},{\"@type\":\"ListItem\",\"position\":2,\"name\":\"Neymar &#8220;out&#8221; do kraja godine\"}]},{\"@type\":\"WebSite\",\"@id\":\"https:\\\/\\\/radioljubuski.ba\\\/#website\",\"url\":\"https:\\\/\\\/radioljubuski.ba\\\/\",\"name\":\"Radio Ljubu\u0161ki\",\"description\":\"Sun\u010dana frekvencija Hercegovine\",\"publisher\":{\"@id\":\"https:\\\/\\\/radioljubuski.ba\\\/#organization\"},\"potentialAction\":[{\"@type\":\"SearchAction\",\"target\":{\"@type\":\"EntryPoint\",\"urlTemplate\":\"https:\\\/\\\/radioljubuski.ba\\\/?s={search_term_string}\"},\"query-input\":{\"@type\":\"PropertyValueSpecification\",\"valueRequired\":true,\"valueName\":\"search_term_string\"}}],\"inLanguage\":\"hr\"},{\"@type\":\"Organization\",\"@id\":\"https:\\\/\\\/radioljubuski.ba\\\/#organization\",\"name\":\"Radio Ljubu\u0161ki\",\"url\":\"https:\\\/\\\/radioljubuski.ba\\\/\",\"logo\":{\"@type\":\"ImageObject\",\"inLanguage\":\"hr\",\"@id\":\"https:\\\/\\\/radioljubuski.ba\\\/#\\\/schema\\\/logo\\\/image\\\/\",\"url\":\"https:\\\/\\\/radioljubuski.ba\\\/wp-content\\\/uploads\\\/2021\\\/02\\\/cropped-Radio_Ljubuski_logo1.jpg\",\"contentUrl\":\"https:\\\/\\\/radioljubuski.ba\\\/wp-content\\\/uploads\\\/2021\\\/02\\\/cropped-Radio_Ljubuski_logo1.jpg\",\"width\":512,\"height\":512,\"caption\":\"Radio Ljubu\u0161ki\"},\"image\":{\"@id\":\"https:\\\/\\\/radioljubuski.ba\\\/#\\\/schema\\\/logo\\\/image\\\/\"},\"sameAs\":[\"https:\\\/\\\/www.facebook.com\\\/Radiio-Ljubuski-1490835324566332\",\"https:\\\/\\\/x.com\\\/radioljubuski\",\"https:\\\/\\\/hr.linkedin.com\\\/company\\\/radio-ljubuski\",\"https:\\\/\\\/www.youtube.com\\\/channel\\\/UCHYaeO_n0Db3tjNGudGpXyw\"]},{\"@type\":\"Person\",\"@id\":\"https:\\\/\\\/radioljubuski.ba\\\/#\\\/schema\\\/person\\\/19fc700381a780f69665d7956c469e3b\",\"name\":\"Radio Ljubu\u0161ki\"}]}<\/script>\n<!-- \/ Yoast SEO plugin. -->","yoast_head_json":{"title":"Neymar \"out\" do kraja godine - RADIO LJUBU\u0160KI","robots":{"index":"index","follow":"follow","max-snippet":"max-snippet:-1","max-image-preview":"max-image-preview:large","max-video-preview":"max-video-preview:-1"},"canonical":"https:\/\/radioljubuski.ba\/index.php\/2021\/11\/29\/neymar-out-do-kraja-godine\/","og_locale":"hr_HR","og_type":"article","og_title":"Neymar \"out\" do kraja godine - RADIO LJUBU\u0160KI","og_description":"Napada\u010d PSG-a&nbsp;Neymar&nbsp;bit \u0107e odsutan oko \u0161est tjedana zbog ozljede koju je ju\u010der zadobio u ogledu protiv St Etiennea, navodi RMC. Napada\u010d je zadobio te\u017eak udarac u gle\u017eanj lijeve noge zbog \u010dega je morao napustiti teren na nosilima. Brazilac, koji se tek po\u010deo uigravati s&nbsp;Messijem&nbsp;i&nbsp;Mbapp\u00e9om&nbsp;i jedan je od najva\u017enijih igra\u010da za&nbsp;Mauricija&nbsp;Pochettina, izostat \u0107e do 2022. godine, [&hellip;]","og_url":"https:\/\/radioljubuski.ba\/index.php\/2021\/11\/29\/neymar-out-do-kraja-godine\/","og_site_name":"RADIO LJUBU\u0160KI","article_publisher":"https:\/\/www.facebook.com\/Radiio-Ljubuski-1490835324566332","article_published_time":"2021-11-29T13:13:36+00:00","article_modified_time":"2021-11-29T13:13:38+00:00","og_image":[{"width":1961,"height":1226,"url":"https:\/\/radioljubuski.ba\/wp-content\/uploads\/2021\/11\/2021-11-28t135637z-1574303533-up1ehbs12qbe5-rtrmadp-3-soccer-france-ste-psg-report-20211128153545.jpg","type":"image\/jpeg"}],"author":"Radio Ljubu\u0161ki","twitter_card":"summary_large_image","twitter_creator":"@radioljubuski","twitter_site":"@radioljubuski","twitter_misc":{"Napisao\/la":"Radio Ljubu\u0161ki","Procijenjeno vrijeme \u010ditanja":"1 minuta"},"schema":{"@context":"https:\/\/schema.org","@graph":[{"@type":"Article","@id":"https:\/\/radioljubuski.ba\/index.php\/2021\/11\/29\/neymar-out-do-kraja-godine\/#article","isPartOf":{"@id":"https:\/\/radioljubuski.ba\/index.php\/2021\/11\/29\/neymar-out-do-kraja-godine\/"},"author":{"name":"Radio Ljubu\u0161ki","@id":"https:\/\/radioljubuski.ba\/#\/schema\/person\/19fc700381a780f69665d7956c469e3b"},"headline":"Neymar &#8220;out&#8221; do kraja godine","datePublished":"2021-11-29T13:13:36+00:00","dateModified":"2021-11-29T13:13:38+00:00","mainEntityOfPage":{"@id":"https:\/\/radioljubuski.ba\/index.php\/2021\/11\/29\/neymar-out-do-kraja-godine\/"},"wordCount":219,"publisher":{"@id":"https:\/\/radioljubuski.ba\/#organization"},"articleSection":["\u0160port"],"inLanguage":"hr"},{"@type":"WebPage","@id":"https:\/\/radioljubuski.ba\/index.php\/2021\/11\/29\/neymar-out-do-kraja-godine\/","url":"https:\/\/radioljubuski.ba\/index.php\/2021\/11\/29\/neymar-out-do-kraja-godine\/","name":"Neymar \"out\" do kraja godine - RADIO LJUBU\u0160KI","isPartOf":{"@id":"https:\/\/radioljubuski.ba\/#website"},"datePublished":"2021-11-29T13:13:36+00:00","dateModified":"2021-11-29T13:13:38+00:00","breadcrumb":{"@id":"https:\/\/radioljubuski.ba\/index.php\/2021\/11\/29\/neymar-out-do-kraja-godine\/#breadcrumb"},"inLanguage":"hr","potentialAction":[{"@type":"ReadAction","target":["https:\/\/radioljubuski.ba\/index.php\/2021\/11\/29\/neymar-out-do-kraja-godine\/"]}]},{"@type":"BreadcrumbList","@id":"https:\/\/radioljubuski.ba\/index.php\/2021\/11\/29\/neymar-out-do-kraja-godine\/#breadcrumb","itemListElement":[{"@type":"ListItem","position":1,"name":"Po\u010detna stranica","item":"https:\/\/radioljubuski.ba\/"},{"@type":"ListItem","position":2,"name":"Neymar &#8220;out&#8221; do kraja godine"}]},{"@type":"WebSite","@id":"https:\/\/radioljubuski.ba\/#website","url":"https:\/\/radioljubuski.ba\/","name":"Radio Ljubu\u0161ki","description":"Sun\u010dana frekvencija Hercegovine","publisher":{"@id":"https:\/\/radioljubuski.ba\/#organization"},"potentialAction":[{"@type":"SearchAction","target":{"@type":"EntryPoint","urlTemplate":"https:\/\/radioljubuski.ba\/?s={search_term_string}"},"query-input":{"@type":"PropertyValueSpecification","valueRequired":true,"valueName":"search_term_string"}}],"inLanguage":"hr"},{"@type":"Organization","@id":"https:\/\/radioljubuski.ba\/#organization","name":"Radio Ljubu\u0161ki","url":"https:\/\/radioljubuski.ba\/","logo":{"@type":"ImageObject","inLanguage":"hr","@id":"https:\/\/radioljubuski.ba\/#\/schema\/logo\/image\/","url":"https:\/\/radioljubuski.ba\/wp-content\/uploads\/2021\/02\/cropped-Radio_Ljubuski_logo1.jpg","contentUrl":"https:\/\/radioljubuski.ba\/wp-content\/uploads\/2021\/02\/cropped-Radio_Ljubuski_logo1.jpg","width":512,"height":512,"caption":"Radio Ljubu\u0161ki"},"image":{"@id":"https:\/\/radioljubuski.ba\/#\/schema\/logo\/image\/"},"sameAs":["https:\/\/www.facebook.com\/Radiio-Ljubuski-1490835324566332","https:\/\/x.com\/radioljubuski","https:\/\/hr.linkedin.com\/company\/radio-ljubuski","https:\/\/www.youtube.com\/channel\/UCHYaeO_n0Db3tjNGudGpXyw"]},{"@type":"Person","@id":"https:\/\/radioljubuski.ba\/#\/schema\/person\/19fc700381a780f69665d7956c469e3b","name":"Radio Ljubu\u0161ki"}]}},"_links":{"self":[{"href":"https:\/\/radioljubuski.ba\/index.php\/wp-json\/wp\/v2\/posts\/93787","targetHints":{"allow":["GET"]}}],"collection":[{"href":"https:\/\/radioljubuski.ba\/index.php\/wp-json\/wp\/v2\/posts"}],"about":[{"href":"https:\/\/radioljubuski.ba\/index.php\/wp-json\/wp\/v2\/types\/post"}],"author":[{"embeddable":true,"href":"https:\/\/radioljubuski.ba\/index.php\/wp-json\/wp\/v2\/users\/2"}],"replies":[{"embeddable":true,"href":"https:\/\/radioljubuski.ba\/index.php\/wp-json\/wp\/v2\/comments?post=93787"}],"version-history":[{"count":1,"href":"https:\/\/radioljubuski.ba\/index.php\/wp-json\/wp\/v2\/posts\/93787\/revisions"}],"predecessor-version":[{"id":93788,"href":"https:\/\/radioljubuski.ba\/index.php\/wp-json\/wp\/v2\/posts\/93787\/revisions\/93788"}],"wp:attachment":[{"href":"https:\/\/radioljubuski.ba\/index.php\/wp-json\/wp\/v2\/media?parent=93787"}],"wp:term":[{"taxonomy":"category","embeddable":true,"href":"https:\/\/radioljubuski.ba\/index.php\/wp-json\/wp\/v2\/categories?post=93787"},{"taxonomy":"post_tag","embeddable":true,"href":"https:\/\/radioljubuski.ba\/index.php\/wp-json\/wp\/v2\/tags?post=93787"}],"curies":[{"name":"wp","href":"https:\/\/api.w.org\/{rel}","templated":true}]}}