{"id":93888,"date":"2021-11-29T18:39:11","date_gmt":"2021-11-29T17:39:11","guid":{"rendered":"https:\/\/radioljubuski.ba\/?p=93888"},"modified":"2021-11-29T18:39:12","modified_gmt":"2021-11-29T17:39:12","slug":"nova-pravila-za-odlazak-na-rad-u-njemacku-termini-ce-se-od-1-12-dobivati-po-principu-lutrije","status":"publish","type":"post","link":"https:\/\/radioljubuski.ba\/index.php\/2021\/11\/29\/nova-pravila-za-odlazak-na-rad-u-njemacku-termini-ce-se-od-1-12-dobivati-po-principu-lutrije\/","title":{"rendered":"Nova pravila za odlazak na rad u Njema\u010dku, termini \u0107e se od 1.12. dobivati po principu lutrije"},"content":{"rendered":"\n<p>Zbog prevelikog broja zahtjeva, pravila za odlazak na boravak i rad u Njema\u010dku za dr\u017eavljane Bosne i Hercegovine od 1. prosinca ove godine ne\u0161to su druga\u010dija, objavljeno je na slu\u017ebenoj stranici njema\u010dkog Veleposlanstva u Bosni i Hercegovini. &#8211; Od 1. sije\u010dnja 2021. godine u Njema\u010dkoj je stupilo na snagu novo pravilo koje predstavlja produ\u017eetak aktualno va\u017ee\u0107eg takozvanog pravila za zapadni Balkan. Time je Savezna vlada Njema\u010dke omogu\u0107ila da i poslije 2020. godine dr\u017eavljani Albanije, Bosne i Hercegovine, Kosova, Crne Gore, Sjeverne Makedonije i Srbije imaju privilegiran pristup njema\u010dkom tr\u017ei\u0161tu rada. To i dalje vrijedi za svaku vrstu zaposlenja &#8211; neovisno o tome je li kvalifikacija priznata, pi\u0161e Ve\u010dernji list BIH. &nbsp;<\/p>\n\n\n\n<p>Liste za registraciju<\/p>\n\n\n\n<p>Produljenje navedenog pravila vrijedi zaklju\u010dno s 2023. Preduvjet za izdavanje vize ostaje i dalje pribavljanje suglasnosti Savezne agencije za rad. Tako\u0111er \u0107e se i dalje vr\u0161iti provjera prioriteta u pogledu njema\u010dkih i dr\u017eavljana EU-a. Zbog velikog zanimanja za termine u svrhu podno\u0161enja zahtjeva, koji daleko prema\u0161uje broj dostupnih termina, od prosinca 2021. dodjela termina \u0107e se svakog mjeseca vr\u0161iti po na\u010delu izvla\u010denja (po na\u010delu lutrijskog postupka) &#8211; objavljeno je na slu\u017ebenoj stranici njema\u010dkog Veleposlanstva u BiH. Dodaju kako se tim povodom od 1. prosinca 2021. u 11 sati prvi put otvora nova lista za registraciju termina u svrhu podno\u0161enje zahtjeva za vizu. &#8211; Ova nova lista za registraciju termina \u0107e u kontinuitetu biti otvorena do 17. prosinca 2021. do 12 sati i ne\u0107e se vi\u0161e zatvarati kad se dosegne ukupan broj registracija, kao \u0161to je to bio slu\u010daj dosad. Umjesto toga \u0107e se aktualna lista za registraciju termina zatvoriti 17. prosinca 2021. u 12 sati i sve registracije na listi \u0107e biti uba\u010dene u ra\u010dunalnu bazu gdje \u0107e se po na\u010delu izvla\u010denja izabrati tko \u0107e u sije\u010dnju 2022. dobiti termin u svrhu podno\u0161enja zahtjeva za vizu &#8211; objasnili su iz Veleposlanstva. Postupak izvla\u010denja (Losverfahren) \u0107e se odr\u017eati u 51. kalendarskom tjednu u Ministarstvu vanjskih poslova u Berlinu pod nadzorom vi\u0161e osoba. Nakon toga \u0107e izvu\u010dene osobe jo\u0161 u prosincu 2021. biti obavije\u0161tene iz Veleposlanstva kada je njihov termin u sije\u010dnju 2022. &#8211; Sve registracije koje su izvr\u0161ene od 1. do 17. prosinca 2021. \u0107e sudjelovati u postupku izvla\u010denja. Dakle, ranije izvr\u0161ena registracija nema prednost u odnosu na onu koja je uslijedila kasnije u razdoblju od 1. do 17. prosinca 2021. U ovom postupku nije mogu\u0107e izvr\u0161iti vi\u0161estruke registracije. Naknadna izmjena danih podataka prilikom registracije nije mogu\u0107a. Davanje termina na raspolaganje nekoj drugoj osobi nije dopu\u0161teno. Anga\u017eiranje tre\u0107ih osoba (npr. agencija za vizu) nije potrebno i ne donosi nikakvu prednost. Molimo vas da posebno obratite pozornost na to da bh. putovnice nikada ne sadr\u017ee slovo \u201cO\u201d. Ako slovo \u201cO\u201d unesete umjesto znamenke \u201c0\u201d, onda ste pogre\u0161no naveli broj va\u0161e putovnice i ne\u0107e vam biti dopu\u0161ten pristup Odjelu za vize &#8211; upozorili su iz ovog Veleposlanstva te podsjetili sve one koji planiraju i\u0107i raditi u Njema\u010dku kako im vize koje su izdane u svrhu zapo\u0161ljavanja prema pravilu za zemlje zapadnog Balkana same po sebi ne predstavljaju pravo na ulazak u Njema\u010dku.<\/p>\n\n\n\n<p>Zahtjevi za vize<\/p>\n\n\n\n<p>Ulazak u Njema\u010dku s izdanom vizom u svrhu zapo\u0161ljavanja prema pravilu za zemlje zapadnog Balkana dopu\u0161ten je samo ako se pri ulasku predo\u010di priznati dokaz o potpunoj imunizaciji protiv koronavirusa &#8211; zaklju\u010dili su iz ovog Veleposlanstva. Ina\u010de, broj zahtjeva za vize raste iz mjeseca u mjesec s obzirom na to da veliki broj dr\u017eavljana BiH svoju budu\u0107nost vidi upravo u Njema\u010dkoj. Podsjetimo, posljednji podaci pokazuju kako je BiH samo u prvoj polovini ove godine napustilo \u010dak 80 tisu\u0107a stanovnika. Prema podacima svih relevantnih agencija u BiH i \u0161ire koje posreduju za zapo\u0161ljavanje radnika sa zapadnog Balkana, najvi\u0161e u Njema\u010dku na rad odlaze mlade osobe iz BiH. Ono \u0161to je zabrinjavaju\u0107e je trend odlaska cijelih obitelji koje odlaze s namjerom tamo nastaviti \u017eivjeti i ne vra\u0107aju se u BiH. Stru\u010dnjaci su vi\u0161e puta upozoravali vlasti u BiH kako je potrebno uraditi strategiju demografskog oporavka ili bar pod \u017eurno donijeti mjere kako bi se zaustavilo iseljavanje bh. gra\u0111ana. Podaci tako\u0111er pokazuju kako se odlazi iz svih krajeva BiH, ljudi svih nacionalnosti, nezadovoljni stanjem u dr\u017eavi, politi\u010dkom situacijom, nemogu\u0107no\u0161\u0107u ostvarivanja prava i pronalaska posla. Besperspektivnost u BiH traje godinama, mladi, prema izjavama koje daju pred odlazak iz BiH, u svojoj zemlji ne vide budu\u0107nost.<\/p>\n\n\n\n<p>Izvor:Vecernji.ba<\/p>\n","protected":false},"excerpt":{"rendered":"<p>Zbog prevelikog broja zahtjeva, pravila za odlazak na boravak i rad u Njema\u010dku za dr\u017eavljane Bosne i Hercegovine od 1. prosinca ove godine ne\u0161to su druga\u010dija, objavljeno je na slu\u017ebenoj stranici njema\u010dkog Veleposlanstva u Bosni i Hercegovini. &#8211; Od 1. sije\u010dnja 2021. godine u Njema\u010dkoj je stupilo na snagu novo pravilo koje predstavlja produ\u017eetak aktualno [&hellip;]<\/p>\n","protected":false},"author":2,"featured_media":93889,"comment_status":"closed","ping_status":"closed","sticky":false,"template":"","format":"standard","meta":{"h5ap_radio_sources":[],"footnotes":""},"categories":[1],"tags":[],"class_list":["post-93888","post","type-post","status-publish","format-standard","has-post-thumbnail","hentry","category-bihiregija"],"yoast_head":"<!-- This site is optimized with the Yoast SEO plugin v27.5 - https:\/\/yoast.com\/product\/yoast-seo-wordpress\/ -->\n<title>Nova pravila za odlazak na rad u Njema\u010dku, termini \u0107e se od 1.12. dobivati po principu lutrije - RADIO LJUBU\u0160KI<\/title>\n<meta name=\"robots\" content=\"index, follow, max-snippet:-1, max-image-preview:large, max-video-preview:-1\" \/>\n<link rel=\"canonical\" href=\"https:\/\/radioljubuski.ba\/index.php\/2021\/11\/29\/nova-pravila-za-odlazak-na-rad-u-njemacku-termini-ce-se-od-1-12-dobivati-po-principu-lutrije\/\" \/>\n<meta property=\"og:locale\" content=\"hr_HR\" \/>\n<meta property=\"og:type\" content=\"article\" \/>\n<meta property=\"og:title\" content=\"Nova pravila za odlazak na rad u Njema\u010dku, termini \u0107e se od 1.12. dobivati po principu lutrije - RADIO LJUBU\u0160KI\" \/>\n<meta property=\"og:description\" content=\"Zbog prevelikog broja zahtjeva, pravila za odlazak na boravak i rad u Njema\u010dku za dr\u017eavljane Bosne i Hercegovine od 1. prosinca ove godine ne\u0161to su druga\u010dija, objavljeno je na slu\u017ebenoj stranici njema\u010dkog Veleposlanstva u Bosni i Hercegovini. &#8211; Od 1. sije\u010dnja 2021. godine u Njema\u010dkoj je stupilo na snagu novo pravilo koje predstavlja produ\u017eetak aktualno [&hellip;]\" \/>\n<meta property=\"og:url\" content=\"https:\/\/radioljubuski.ba\/index.php\/2021\/11\/29\/nova-pravila-za-odlazak-na-rad-u-njemacku-termini-ce-se-od-1-12-dobivati-po-principu-lutrije\/\" \/>\n<meta property=\"og:site_name\" content=\"RADIO LJUBU\u0160KI\" \/>\n<meta property=\"article:publisher\" content=\"https:\/\/www.facebook.com\/Radiio-Ljubuski-1490835324566332\" \/>\n<meta property=\"article:published_time\" content=\"2021-11-29T17:39:11+00:00\" \/>\n<meta property=\"article:modified_time\" content=\"2021-11-29T17:39:12+00:00\" \/>\n<meta property=\"og:image\" content=\"https:\/\/radioljubuski.ba\/wp-content\/uploads\/2021\/11\/9-2021-11-29-15-18-03-viza-njemacka.png\" \/>\n\t<meta property=\"og:image:width\" content=\"1000\" \/>\n\t<meta property=\"og:image:height\" content=\"625\" \/>\n\t<meta property=\"og:image:type\" content=\"image\/png\" \/>\n<meta name=\"author\" content=\"Radio Ljubu\u0161ki\" \/>\n<meta name=\"twitter:card\" content=\"summary_large_image\" \/>\n<meta name=\"twitter:creator\" content=\"@radioljubuski\" \/>\n<meta name=\"twitter:site\" content=\"@radioljubuski\" \/>\n<meta name=\"twitter:label1\" content=\"Napisao\/la\" \/>\n\t<meta name=\"twitter:data1\" content=\"Radio Ljubu\u0161ki\" \/>\n\t<meta name=\"twitter:label2\" content=\"Procijenjeno vrijeme \u010ditanja\" \/>\n\t<meta name=\"twitter:data2\" content=\"4 minute\" \/>\n<script type=\"application\/ld+json\" class=\"yoast-schema-graph\">{\"@context\":\"https:\\\/\\\/schema.org\",\"@graph\":[{\"@type\":\"Article\",\"@id\":\"https:\\\/\\\/radioljubuski.ba\\\/index.php\\\/2021\\\/11\\\/29\\\/nova-pravila-za-odlazak-na-rad-u-njemacku-termini-ce-se-od-1-12-dobivati-po-principu-lutrije\\\/#article\",\"isPartOf\":{\"@id\":\"https:\\\/\\\/radioljubuski.ba\\\/index.php\\\/2021\\\/11\\\/29\\\/nova-pravila-za-odlazak-na-rad-u-njemacku-termini-ce-se-od-1-12-dobivati-po-principu-lutrije\\\/\"},\"author\":{\"name\":\"Radio Ljubu\u0161ki\",\"@id\":\"https:\\\/\\\/radioljubuski.ba\\\/#\\\/schema\\\/person\\\/19fc700381a780f69665d7956c469e3b\"},\"headline\":\"Nova pravila za odlazak na rad u Njema\u010dku, termini \u0107e se od 1.12. dobivati po principu lutrije\",\"datePublished\":\"2021-11-29T17:39:11+00:00\",\"dateModified\":\"2021-11-29T17:39:12+00:00\",\"mainEntityOfPage\":{\"@id\":\"https:\\\/\\\/radioljubuski.ba\\\/index.php\\\/2021\\\/11\\\/29\\\/nova-pravila-za-odlazak-na-rad-u-njemacku-termini-ce-se-od-1-12-dobivati-po-principu-lutrije\\\/\"},\"wordCount\":791,\"publisher\":{\"@id\":\"https:\\\/\\\/radioljubuski.ba\\\/#organization\"},\"image\":{\"@id\":\"https:\\\/\\\/radioljubuski.ba\\\/index.php\\\/2021\\\/11\\\/29\\\/nova-pravila-za-odlazak-na-rad-u-njemacku-termini-ce-se-od-1-12-dobivati-po-principu-lutrije\\\/#primaryimage\"},\"thumbnailUrl\":\"https:\\\/\\\/radioljubuski.ba\\\/wp-content\\\/uploads\\\/2021\\\/11\\\/9-2021-11-29-15-18-03-viza-njemacka.png\",\"articleSection\":[\"BIH i regija\"],\"inLanguage\":\"hr\"},{\"@type\":\"WebPage\",\"@id\":\"https:\\\/\\\/radioljubuski.ba\\\/index.php\\\/2021\\\/11\\\/29\\\/nova-pravila-za-odlazak-na-rad-u-njemacku-termini-ce-se-od-1-12-dobivati-po-principu-lutrije\\\/\",\"url\":\"https:\\\/\\\/radioljubuski.ba\\\/index.php\\\/2021\\\/11\\\/29\\\/nova-pravila-za-odlazak-na-rad-u-njemacku-termini-ce-se-od-1-12-dobivati-po-principu-lutrije\\\/\",\"name\":\"Nova pravila za odlazak na rad u Njema\u010dku, termini \u0107e se od 1.12. dobivati po principu lutrije - RADIO LJUBU\u0160KI\",\"isPartOf\":{\"@id\":\"https:\\\/\\\/radioljubuski.ba\\\/#website\"},\"primaryImageOfPage\":{\"@id\":\"https:\\\/\\\/radioljubuski.ba\\\/index.php\\\/2021\\\/11\\\/29\\\/nova-pravila-za-odlazak-na-rad-u-njemacku-termini-ce-se-od-1-12-dobivati-po-principu-lutrije\\\/#primaryimage\"},\"image\":{\"@id\":\"https:\\\/\\\/radioljubuski.ba\\\/index.php\\\/2021\\\/11\\\/29\\\/nova-pravila-za-odlazak-na-rad-u-njemacku-termini-ce-se-od-1-12-dobivati-po-principu-lutrije\\\/#primaryimage\"},\"thumbnailUrl\":\"https:\\\/\\\/radioljubuski.ba\\\/wp-content\\\/uploads\\\/2021\\\/11\\\/9-2021-11-29-15-18-03-viza-njemacka.png\",\"datePublished\":\"2021-11-29T17:39:11+00:00\",\"dateModified\":\"2021-11-29T17:39:12+00:00\",\"breadcrumb\":{\"@id\":\"https:\\\/\\\/radioljubuski.ba\\\/index.php\\\/2021\\\/11\\\/29\\\/nova-pravila-za-odlazak-na-rad-u-njemacku-termini-ce-se-od-1-12-dobivati-po-principu-lutrije\\\/#breadcrumb\"},\"inLanguage\":\"hr\",\"potentialAction\":[{\"@type\":\"ReadAction\",\"target\":[\"https:\\\/\\\/radioljubuski.ba\\\/index.php\\\/2021\\\/11\\\/29\\\/nova-pravila-za-odlazak-na-rad-u-njemacku-termini-ce-se-od-1-12-dobivati-po-principu-lutrije\\\/\"]}]},{\"@type\":\"ImageObject\",\"inLanguage\":\"hr\",\"@id\":\"https:\\\/\\\/radioljubuski.ba\\\/index.php\\\/2021\\\/11\\\/29\\\/nova-pravila-za-odlazak-na-rad-u-njemacku-termini-ce-se-od-1-12-dobivati-po-principu-lutrije\\\/#primaryimage\",\"url\":\"https:\\\/\\\/radioljubuski.ba\\\/wp-content\\\/uploads\\\/2021\\\/11\\\/9-2021-11-29-15-18-03-viza-njemacka.png\",\"contentUrl\":\"https:\\\/\\\/radioljubuski.ba\\\/wp-content\\\/uploads\\\/2021\\\/11\\\/9-2021-11-29-15-18-03-viza-njemacka.png\",\"width\":1000,\"height\":625},{\"@type\":\"BreadcrumbList\",\"@id\":\"https:\\\/\\\/radioljubuski.ba\\\/index.php\\\/2021\\\/11\\\/29\\\/nova-pravila-za-odlazak-na-rad-u-njemacku-termini-ce-se-od-1-12-dobivati-po-principu-lutrije\\\/#breadcrumb\",\"itemListElement\":[{\"@type\":\"ListItem\",\"position\":1,\"name\":\"Po\u010detna stranica\",\"item\":\"https:\\\/\\\/radioljubuski.ba\\\/\"},{\"@type\":\"ListItem\",\"position\":2,\"name\":\"Nova pravila za odlazak na rad u Njema\u010dku, termini \u0107e se od 1.12. dobivati po principu lutrije\"}]},{\"@type\":\"WebSite\",\"@id\":\"https:\\\/\\\/radioljubuski.ba\\\/#website\",\"url\":\"https:\\\/\\\/radioljubuski.ba\\\/\",\"name\":\"Radio Ljubu\u0161ki\",\"description\":\"Sun\u010dana frekvencija Hercegovine\",\"publisher\":{\"@id\":\"https:\\\/\\\/radioljubuski.ba\\\/#organization\"},\"potentialAction\":[{\"@type\":\"SearchAction\",\"target\":{\"@type\":\"EntryPoint\",\"urlTemplate\":\"https:\\\/\\\/radioljubuski.ba\\\/?s={search_term_string}\"},\"query-input\":{\"@type\":\"PropertyValueSpecification\",\"valueRequired\":true,\"valueName\":\"search_term_string\"}}],\"inLanguage\":\"hr\"},{\"@type\":\"Organization\",\"@id\":\"https:\\\/\\\/radioljubuski.ba\\\/#organization\",\"name\":\"Radio Ljubu\u0161ki\",\"url\":\"https:\\\/\\\/radioljubuski.ba\\\/\",\"logo\":{\"@type\":\"ImageObject\",\"inLanguage\":\"hr\",\"@id\":\"https:\\\/\\\/radioljubuski.ba\\\/#\\\/schema\\\/logo\\\/image\\\/\",\"url\":\"https:\\\/\\\/radioljubuski.ba\\\/wp-content\\\/uploads\\\/2021\\\/02\\\/cropped-Radio_Ljubuski_logo1.jpg\",\"contentUrl\":\"https:\\\/\\\/radioljubuski.ba\\\/wp-content\\\/uploads\\\/2021\\\/02\\\/cropped-Radio_Ljubuski_logo1.jpg\",\"width\":512,\"height\":512,\"caption\":\"Radio Ljubu\u0161ki\"},\"image\":{\"@id\":\"https:\\\/\\\/radioljubuski.ba\\\/#\\\/schema\\\/logo\\\/image\\\/\"},\"sameAs\":[\"https:\\\/\\\/www.facebook.com\\\/Radiio-Ljubuski-1490835324566332\",\"https:\\\/\\\/x.com\\\/radioljubuski\",\"https:\\\/\\\/hr.linkedin.com\\\/company\\\/radio-ljubuski\",\"https:\\\/\\\/www.youtube.com\\\/channel\\\/UCHYaeO_n0Db3tjNGudGpXyw\"]},{\"@type\":\"Person\",\"@id\":\"https:\\\/\\\/radioljubuski.ba\\\/#\\\/schema\\\/person\\\/19fc700381a780f69665d7956c469e3b\",\"name\":\"Radio Ljubu\u0161ki\"}]}<\/script>\n<!-- \/ Yoast SEO plugin. -->","yoast_head_json":{"title":"Nova pravila za odlazak na rad u Njema\u010dku, termini \u0107e se od 1.12. dobivati po principu lutrije - RADIO LJUBU\u0160KI","robots":{"index":"index","follow":"follow","max-snippet":"max-snippet:-1","max-image-preview":"max-image-preview:large","max-video-preview":"max-video-preview:-1"},"canonical":"https:\/\/radioljubuski.ba\/index.php\/2021\/11\/29\/nova-pravila-za-odlazak-na-rad-u-njemacku-termini-ce-se-od-1-12-dobivati-po-principu-lutrije\/","og_locale":"hr_HR","og_type":"article","og_title":"Nova pravila za odlazak na rad u Njema\u010dku, termini \u0107e se od 1.12. dobivati po principu lutrije - RADIO LJUBU\u0160KI","og_description":"Zbog prevelikog broja zahtjeva, pravila za odlazak na boravak i rad u Njema\u010dku za dr\u017eavljane Bosne i Hercegovine od 1. prosinca ove godine ne\u0161to su druga\u010dija, objavljeno je na slu\u017ebenoj stranici njema\u010dkog Veleposlanstva u Bosni i Hercegovini. &#8211; Od 1. sije\u010dnja 2021. godine u Njema\u010dkoj je stupilo na snagu novo pravilo koje predstavlja produ\u017eetak aktualno [&hellip;]","og_url":"https:\/\/radioljubuski.ba\/index.php\/2021\/11\/29\/nova-pravila-za-odlazak-na-rad-u-njemacku-termini-ce-se-od-1-12-dobivati-po-principu-lutrije\/","og_site_name":"RADIO LJUBU\u0160KI","article_publisher":"https:\/\/www.facebook.com\/Radiio-Ljubuski-1490835324566332","article_published_time":"2021-11-29T17:39:11+00:00","article_modified_time":"2021-11-29T17:39:12+00:00","og_image":[{"width":1000,"height":625,"url":"https:\/\/radioljubuski.ba\/wp-content\/uploads\/2021\/11\/9-2021-11-29-15-18-03-viza-njemacka.png","type":"image\/png"}],"author":"Radio Ljubu\u0161ki","twitter_card":"summary_large_image","twitter_creator":"@radioljubuski","twitter_site":"@radioljubuski","twitter_misc":{"Napisao\/la":"Radio Ljubu\u0161ki","Procijenjeno vrijeme \u010ditanja":"4 minute"},"schema":{"@context":"https:\/\/schema.org","@graph":[{"@type":"Article","@id":"https:\/\/radioljubuski.ba\/index.php\/2021\/11\/29\/nova-pravila-za-odlazak-na-rad-u-njemacku-termini-ce-se-od-1-12-dobivati-po-principu-lutrije\/#article","isPartOf":{"@id":"https:\/\/radioljubuski.ba\/index.php\/2021\/11\/29\/nova-pravila-za-odlazak-na-rad-u-njemacku-termini-ce-se-od-1-12-dobivati-po-principu-lutrije\/"},"author":{"name":"Radio Ljubu\u0161ki","@id":"https:\/\/radioljubuski.ba\/#\/schema\/person\/19fc700381a780f69665d7956c469e3b"},"headline":"Nova pravila za odlazak na rad u Njema\u010dku, termini \u0107e se od 1.12. dobivati po principu lutrije","datePublished":"2021-11-29T17:39:11+00:00","dateModified":"2021-11-29T17:39:12+00:00","mainEntityOfPage":{"@id":"https:\/\/radioljubuski.ba\/index.php\/2021\/11\/29\/nova-pravila-za-odlazak-na-rad-u-njemacku-termini-ce-se-od-1-12-dobivati-po-principu-lutrije\/"},"wordCount":791,"publisher":{"@id":"https:\/\/radioljubuski.ba\/#organization"},"image":{"@id":"https:\/\/radioljubuski.ba\/index.php\/2021\/11\/29\/nova-pravila-za-odlazak-na-rad-u-njemacku-termini-ce-se-od-1-12-dobivati-po-principu-lutrije\/#primaryimage"},"thumbnailUrl":"https:\/\/radioljubuski.ba\/wp-content\/uploads\/2021\/11\/9-2021-11-29-15-18-03-viza-njemacka.png","articleSection":["BIH i regija"],"inLanguage":"hr"},{"@type":"WebPage","@id":"https:\/\/radioljubuski.ba\/index.php\/2021\/11\/29\/nova-pravila-za-odlazak-na-rad-u-njemacku-termini-ce-se-od-1-12-dobivati-po-principu-lutrije\/","url":"https:\/\/radioljubuski.ba\/index.php\/2021\/11\/29\/nova-pravila-za-odlazak-na-rad-u-njemacku-termini-ce-se-od-1-12-dobivati-po-principu-lutrije\/","name":"Nova pravila za odlazak na rad u Njema\u010dku, termini \u0107e se od 1.12. dobivati po principu lutrije - RADIO LJUBU\u0160KI","isPartOf":{"@id":"https:\/\/radioljubuski.ba\/#website"},"primaryImageOfPage":{"@id":"https:\/\/radioljubuski.ba\/index.php\/2021\/11\/29\/nova-pravila-za-odlazak-na-rad-u-njemacku-termini-ce-se-od-1-12-dobivati-po-principu-lutrije\/#primaryimage"},"image":{"@id":"https:\/\/radioljubuski.ba\/index.php\/2021\/11\/29\/nova-pravila-za-odlazak-na-rad-u-njemacku-termini-ce-se-od-1-12-dobivati-po-principu-lutrije\/#primaryimage"},"thumbnailUrl":"https:\/\/radioljubuski.ba\/wp-content\/uploads\/2021\/11\/9-2021-11-29-15-18-03-viza-njemacka.png","datePublished":"2021-11-29T17:39:11+00:00","dateModified":"2021-11-29T17:39:12+00:00","breadcrumb":{"@id":"https:\/\/radioljubuski.ba\/index.php\/2021\/11\/29\/nova-pravila-za-odlazak-na-rad-u-njemacku-termini-ce-se-od-1-12-dobivati-po-principu-lutrije\/#breadcrumb"},"inLanguage":"hr","potentialAction":[{"@type":"ReadAction","target":["https:\/\/radioljubuski.ba\/index.php\/2021\/11\/29\/nova-pravila-za-odlazak-na-rad-u-njemacku-termini-ce-se-od-1-12-dobivati-po-principu-lutrije\/"]}]},{"@type":"ImageObject","inLanguage":"hr","@id":"https:\/\/radioljubuski.ba\/index.php\/2021\/11\/29\/nova-pravila-za-odlazak-na-rad-u-njemacku-termini-ce-se-od-1-12-dobivati-po-principu-lutrije\/#primaryimage","url":"https:\/\/radioljubuski.ba\/wp-content\/uploads\/2021\/11\/9-2021-11-29-15-18-03-viza-njemacka.png","contentUrl":"https:\/\/radioljubuski.ba\/wp-content\/uploads\/2021\/11\/9-2021-11-29-15-18-03-viza-njemacka.png","width":1000,"height":625},{"@type":"BreadcrumbList","@id":"https:\/\/radioljubuski.ba\/index.php\/2021\/11\/29\/nova-pravila-za-odlazak-na-rad-u-njemacku-termini-ce-se-od-1-12-dobivati-po-principu-lutrije\/#breadcrumb","itemListElement":[{"@type":"ListItem","position":1,"name":"Po\u010detna stranica","item":"https:\/\/radioljubuski.ba\/"},{"@type":"ListItem","position":2,"name":"Nova pravila za odlazak na rad u Njema\u010dku, termini \u0107e se od 1.12. dobivati po principu lutrije"}]},{"@type":"WebSite","@id":"https:\/\/radioljubuski.ba\/#website","url":"https:\/\/radioljubuski.ba\/","name":"Radio Ljubu\u0161ki","description":"Sun\u010dana frekvencija Hercegovine","publisher":{"@id":"https:\/\/radioljubuski.ba\/#organization"},"potentialAction":[{"@type":"SearchAction","target":{"@type":"EntryPoint","urlTemplate":"https:\/\/radioljubuski.ba\/?s={search_term_string}"},"query-input":{"@type":"PropertyValueSpecification","valueRequired":true,"valueName":"search_term_string"}}],"inLanguage":"hr"},{"@type":"Organization","@id":"https:\/\/radioljubuski.ba\/#organization","name":"Radio Ljubu\u0161ki","url":"https:\/\/radioljubuski.ba\/","logo":{"@type":"ImageObject","inLanguage":"hr","@id":"https:\/\/radioljubuski.ba\/#\/schema\/logo\/image\/","url":"https:\/\/radioljubuski.ba\/wp-content\/uploads\/2021\/02\/cropped-Radio_Ljubuski_logo1.jpg","contentUrl":"https:\/\/radioljubuski.ba\/wp-content\/uploads\/2021\/02\/cropped-Radio_Ljubuski_logo1.jpg","width":512,"height":512,"caption":"Radio Ljubu\u0161ki"},"image":{"@id":"https:\/\/radioljubuski.ba\/#\/schema\/logo\/image\/"},"sameAs":["https:\/\/www.facebook.com\/Radiio-Ljubuski-1490835324566332","https:\/\/x.com\/radioljubuski","https:\/\/hr.linkedin.com\/company\/radio-ljubuski","https:\/\/www.youtube.com\/channel\/UCHYaeO_n0Db3tjNGudGpXyw"]},{"@type":"Person","@id":"https:\/\/radioljubuski.ba\/#\/schema\/person\/19fc700381a780f69665d7956c469e3b","name":"Radio Ljubu\u0161ki"}]}},"_links":{"self":[{"href":"https:\/\/radioljubuski.ba\/index.php\/wp-json\/wp\/v2\/posts\/93888","targetHints":{"allow":["GET"]}}],"collection":[{"href":"https:\/\/radioljubuski.ba\/index.php\/wp-json\/wp\/v2\/posts"}],"about":[{"href":"https:\/\/radioljubuski.ba\/index.php\/wp-json\/wp\/v2\/types\/post"}],"author":[{"embeddable":true,"href":"https:\/\/radioljubuski.ba\/index.php\/wp-json\/wp\/v2\/users\/2"}],"replies":[{"embeddable":true,"href":"https:\/\/radioljubuski.ba\/index.php\/wp-json\/wp\/v2\/comments?post=93888"}],"version-history":[{"count":1,"href":"https:\/\/radioljubuski.ba\/index.php\/wp-json\/wp\/v2\/posts\/93888\/revisions"}],"predecessor-version":[{"id":93890,"href":"https:\/\/radioljubuski.ba\/index.php\/wp-json\/wp\/v2\/posts\/93888\/revisions\/93890"}],"wp:featuredmedia":[{"embeddable":true,"href":"https:\/\/radioljubuski.ba\/index.php\/wp-json\/wp\/v2\/media\/93889"}],"wp:attachment":[{"href":"https:\/\/radioljubuski.ba\/index.php\/wp-json\/wp\/v2\/media?parent=93888"}],"wp:term":[{"taxonomy":"category","embeddable":true,"href":"https:\/\/radioljubuski.ba\/index.php\/wp-json\/wp\/v2\/categories?post=93888"},{"taxonomy":"post_tag","embeddable":true,"href":"https:\/\/radioljubuski.ba\/index.php\/wp-json\/wp\/v2\/tags?post=93888"}],"curies":[{"name":"wp","href":"https:\/\/api.w.org\/{rel}","templated":true}]}}