{"id":93894,"date":"2021-11-29T18:41:31","date_gmt":"2021-11-29T17:41:31","guid":{"rendered":"https:\/\/radioljubuski.ba\/?p=93894"},"modified":"2021-11-29T18:41:31","modified_gmt":"2021-11-29T17:41:31","slug":"proizvodaci-pocinju-raditi-na-cjepivu-za-omikron-rusija-vjeruje-u-sputnjik","status":"publish","type":"post","link":"https:\/\/radioljubuski.ba\/index.php\/2021\/11\/29\/proizvodaci-pocinju-raditi-na-cjepivu-za-omikron-rusija-vjeruje-u-sputnjik\/","title":{"rendered":"Proizvo\u0111a\u010di po\u010dinju raditi na cjepivu za omikron, Rusija vjeruje u Sputnjik"},"content":{"rendered":"\n<p>BioNTech, Moderna i Johnson &amp; Johnson rade na cjepivima koje bi specifi\u010dno ciljala omikron, ako se poka\u017ee da postoje\u0107a nisu u\u010dinkovita protiv te nove varijante koronavirusa, objavile su te tvrtke u ponedjeljak.<\/p>\n\n\n\n<p>Pojava nove varijante pokenula je globalni odgovor, jer u strahu da bi se mogla br\u017ee \u0161iriti \u010dak i me\u0111u cijepljenima vlade uvode zabrane putovanja i druge mjere, prenose agencije.<\/p>\n\n\n\n<p>BioNTech je objavio da je po\u010deo raditi na cjepivu za omikron zajedno s partnerom Pfizerom.<\/p>\n\n\n\n<p>Johnson &amp; Johnson tako\u0111er analizira u\u010dinovitost svoga cjepiva protiv omikrona, istovremeno rade\u0107i na specifi\u010dnom cjepivu za tu varijantu.<\/p>\n\n\n\n<p>&#8220;Po\u010deli smo raditi na osmi\u0161ljavanju i razvoju novoga cjepiva za omikron i ako zatreba brzo \u0107emo krenuti u klini\u010dka ispitivanja&#8221;, rekao je Mathai Mammen, direktor razvoja u toj farmaceutskoj kompaniji.<\/p>\n\n\n\n<p>Moderni \u0107e mo\u017eda trebati mjeseci da po\u010dne isporu\u010divati cjepivo koje djeluje protiv varijante omikron, rekao je izvr\u0161ni direktor Stephane Bancel za CNBC, dok je Rusija uvjerena da je njezino cjepivo Sputnjik V u\u010dinkovito protiv nove varijante, a u protivnom je spremna proizvesti stotine milijuna booster doza.&nbsp;<\/p>\n\n\n\n<p>Bancel je u intervjuu za CNBC rekao da zasad nije poznata u\u010dinkovitost cjepiva protiv te varijante i da bi se vi\u0161e trebalo znati za otprilike dva tjedna.&nbsp;<\/p>\n\n\n\n<p>Moderna je u petak objavila da radi na prilago\u0111avanju cjepiva novoj varijanti te da testira ve\u0107u dozu postoje\u0107e &#8216;booster&#8217; doze i prou\u010dava verzije cjepiva za za\u0161titu od vi\u0161e varijanti.&nbsp;<\/p>\n\n\n\n<p>Rusija je u ponedjeljak objavila da \u0107e, bude li potrebno, biti spremna ponuditi booster doze za za\u0161titu protiv omikrona, no Kremlj je naveo da je nervozna reakcija tr\u017ei\u0161ta na novi soj emocionalne naravi i da se ne temelji na znanstvenim podacima.&nbsp;<\/p>\n\n\n\n<p>Rusija je pro\u0161le godine brzo razvila cjepivo Sputnjik V u dvije doze, a nakon toga i jednokratno cjepivo Sputnjik Light. Tvrdi da su oba cjepiva pokazala visoku u\u010dinkovitost u ispitivanjima, ali jo\u0161 uvijek \u010dekaju odobrenje WHO-a.&nbsp;<\/p>\n\n\n\n<p>Rusija je navela da \u0107e cjepivo, koje je razvio Institut Gamaleya, vjerojatno biti u\u010dinkovito protiv omikrona, a u protivnom je spremna proizvesti stotine milijuna booster doza.&nbsp;<\/p>\n\n\n\n<p>&#8220;Institut Gamaleya vjeruje da \u0107e Sputnjik V i Light neutralizirati omikron jer su naju\u010dinkovitiji protiv drugih mutacija&#8221;, rekao je Kiril Dmitriev, \u0161ef ruskog fonda za izravna ulaganja (RDIF) koji je zadu\u017een za izvoz cjepiva u inozemstvo.<\/p>\n\n\n\n<p>&#8220;Ako modifikacija bude potrebna, \u0161to je malo vjerojatno, osigurat \u0107emo nekoliko stotina milijuna booster doza Sputnjika protiv omikrona do 20. velja\u010de 2022.&#8221;, napisao je Dmitriev na slu\u017ebenom Twitter ra\u010dunu Sputnjika V.<\/p>\n\n\n\n<p>Izvor:pogled.ba<\/p>\n","protected":false},"excerpt":{"rendered":"<p>BioNTech, Moderna i Johnson &amp; Johnson rade na cjepivima koje bi specifi\u010dno ciljala omikron, ako se poka\u017ee da postoje\u0107a nisu u\u010dinkovita protiv te nove varijante koronavirusa, objavile su te tvrtke u ponedjeljak. Pojava nove varijante pokenula je globalni odgovor, jer u strahu da bi se mogla br\u017ee \u0161iriti \u010dak i me\u0111u cijepljenima vlade uvode zabrane [&hellip;]<\/p>\n","protected":false},"author":2,"featured_media":93895,"comment_status":"closed","ping_status":"closed","sticky":false,"template":"","format":"standard","meta":{"h5ap_radio_sources":[],"footnotes":""},"categories":[1],"tags":[],"class_list":["post-93894","post","type-post","status-publish","format-standard","has-post-thumbnail","hentry","category-bihiregija"],"yoast_head":"<!-- This site is optimized with the Yoast SEO plugin v27.5 - https:\/\/yoast.com\/product\/yoast-seo-wordpress\/ -->\n<title>Proizvo\u0111a\u010di po\u010dinju raditi na cjepivu za omikron, Rusija vjeruje u Sputnjik - RADIO LJUBU\u0160KI<\/title>\n<meta name=\"robots\" content=\"index, follow, max-snippet:-1, max-image-preview:large, max-video-preview:-1\" \/>\n<link rel=\"canonical\" href=\"https:\/\/radioljubuski.ba\/index.php\/2021\/11\/29\/proizvodaci-pocinju-raditi-na-cjepivu-za-omikron-rusija-vjeruje-u-sputnjik\/\" \/>\n<meta property=\"og:locale\" content=\"hr_HR\" \/>\n<meta property=\"og:type\" content=\"article\" \/>\n<meta property=\"og:title\" content=\"Proizvo\u0111a\u010di po\u010dinju raditi na cjepivu za omikron, Rusija vjeruje u Sputnjik - RADIO LJUBU\u0160KI\" \/>\n<meta property=\"og:description\" content=\"BioNTech, Moderna i Johnson &amp; Johnson rade na cjepivima koje bi specifi\u010dno ciljala omikron, ako se poka\u017ee da postoje\u0107a nisu u\u010dinkovita protiv te nove varijante koronavirusa, objavile su te tvrtke u ponedjeljak. Pojava nove varijante pokenula je globalni odgovor, jer u strahu da bi se mogla br\u017ee \u0161iriti \u010dak i me\u0111u cijepljenima vlade uvode zabrane [&hellip;]\" \/>\n<meta property=\"og:url\" content=\"https:\/\/radioljubuski.ba\/index.php\/2021\/11\/29\/proizvodaci-pocinju-raditi-na-cjepivu-za-omikron-rusija-vjeruje-u-sputnjik\/\" \/>\n<meta property=\"og:site_name\" content=\"RADIO LJUBU\u0160KI\" \/>\n<meta property=\"article:publisher\" content=\"https:\/\/www.facebook.com\/Radiio-Ljubuski-1490835324566332\" \/>\n<meta property=\"article:published_time\" content=\"2021-11-29T17:41:31+00:00\" \/>\n<meta property=\"og:image\" content=\"https:\/\/radioljubuski.ba\/wp-content\/uploads\/2021\/11\/9-2021-11-29-16-25-10-hrhhrhr.jpg\" \/>\n\t<meta property=\"og:image:width\" content=\"1000\" \/>\n\t<meta property=\"og:image:height\" content=\"625\" \/>\n\t<meta property=\"og:image:type\" content=\"image\/jpeg\" \/>\n<meta name=\"author\" content=\"Radio Ljubu\u0161ki\" \/>\n<meta name=\"twitter:card\" content=\"summary_large_image\" \/>\n<meta name=\"twitter:creator\" content=\"@radioljubuski\" \/>\n<meta name=\"twitter:site\" content=\"@radioljubuski\" \/>\n<meta name=\"twitter:label1\" content=\"Napisao\/la\" \/>\n\t<meta name=\"twitter:data1\" content=\"Radio Ljubu\u0161ki\" \/>\n\t<meta name=\"twitter:label2\" content=\"Procijenjeno vrijeme \u010ditanja\" \/>\n\t<meta name=\"twitter:data2\" content=\"2 minute\" \/>\n<script type=\"application\/ld+json\" class=\"yoast-schema-graph\">{\"@context\":\"https:\\\/\\\/schema.org\",\"@graph\":[{\"@type\":\"Article\",\"@id\":\"https:\\\/\\\/radioljubuski.ba\\\/index.php\\\/2021\\\/11\\\/29\\\/proizvodaci-pocinju-raditi-na-cjepivu-za-omikron-rusija-vjeruje-u-sputnjik\\\/#article\",\"isPartOf\":{\"@id\":\"https:\\\/\\\/radioljubuski.ba\\\/index.php\\\/2021\\\/11\\\/29\\\/proizvodaci-pocinju-raditi-na-cjepivu-za-omikron-rusija-vjeruje-u-sputnjik\\\/\"},\"author\":{\"name\":\"Radio Ljubu\u0161ki\",\"@id\":\"https:\\\/\\\/radioljubuski.ba\\\/#\\\/schema\\\/person\\\/19fc700381a780f69665d7956c469e3b\"},\"headline\":\"Proizvo\u0111a\u010di po\u010dinju raditi na cjepivu za omikron, Rusija vjeruje u Sputnjik\",\"datePublished\":\"2021-11-29T17:41:31+00:00\",\"mainEntityOfPage\":{\"@id\":\"https:\\\/\\\/radioljubuski.ba\\\/index.php\\\/2021\\\/11\\\/29\\\/proizvodaci-pocinju-raditi-na-cjepivu-za-omikron-rusija-vjeruje-u-sputnjik\\\/\"},\"wordCount\":455,\"publisher\":{\"@id\":\"https:\\\/\\\/radioljubuski.ba\\\/#organization\"},\"image\":{\"@id\":\"https:\\\/\\\/radioljubuski.ba\\\/index.php\\\/2021\\\/11\\\/29\\\/proizvodaci-pocinju-raditi-na-cjepivu-za-omikron-rusija-vjeruje-u-sputnjik\\\/#primaryimage\"},\"thumbnailUrl\":\"https:\\\/\\\/radioljubuski.ba\\\/wp-content\\\/uploads\\\/2021\\\/11\\\/9-2021-11-29-16-25-10-hrhhrhr.jpg\",\"articleSection\":[\"BIH i regija\"],\"inLanguage\":\"hr\"},{\"@type\":\"WebPage\",\"@id\":\"https:\\\/\\\/radioljubuski.ba\\\/index.php\\\/2021\\\/11\\\/29\\\/proizvodaci-pocinju-raditi-na-cjepivu-za-omikron-rusija-vjeruje-u-sputnjik\\\/\",\"url\":\"https:\\\/\\\/radioljubuski.ba\\\/index.php\\\/2021\\\/11\\\/29\\\/proizvodaci-pocinju-raditi-na-cjepivu-za-omikron-rusija-vjeruje-u-sputnjik\\\/\",\"name\":\"Proizvo\u0111a\u010di po\u010dinju raditi na cjepivu za omikron, Rusija vjeruje u Sputnjik - RADIO LJUBU\u0160KI\",\"isPartOf\":{\"@id\":\"https:\\\/\\\/radioljubuski.ba\\\/#website\"},\"primaryImageOfPage\":{\"@id\":\"https:\\\/\\\/radioljubuski.ba\\\/index.php\\\/2021\\\/11\\\/29\\\/proizvodaci-pocinju-raditi-na-cjepivu-za-omikron-rusija-vjeruje-u-sputnjik\\\/#primaryimage\"},\"image\":{\"@id\":\"https:\\\/\\\/radioljubuski.ba\\\/index.php\\\/2021\\\/11\\\/29\\\/proizvodaci-pocinju-raditi-na-cjepivu-za-omikron-rusija-vjeruje-u-sputnjik\\\/#primaryimage\"},\"thumbnailUrl\":\"https:\\\/\\\/radioljubuski.ba\\\/wp-content\\\/uploads\\\/2021\\\/11\\\/9-2021-11-29-16-25-10-hrhhrhr.jpg\",\"datePublished\":\"2021-11-29T17:41:31+00:00\",\"breadcrumb\":{\"@id\":\"https:\\\/\\\/radioljubuski.ba\\\/index.php\\\/2021\\\/11\\\/29\\\/proizvodaci-pocinju-raditi-na-cjepivu-za-omikron-rusija-vjeruje-u-sputnjik\\\/#breadcrumb\"},\"inLanguage\":\"hr\",\"potentialAction\":[{\"@type\":\"ReadAction\",\"target\":[\"https:\\\/\\\/radioljubuski.ba\\\/index.php\\\/2021\\\/11\\\/29\\\/proizvodaci-pocinju-raditi-na-cjepivu-za-omikron-rusija-vjeruje-u-sputnjik\\\/\"]}]},{\"@type\":\"ImageObject\",\"inLanguage\":\"hr\",\"@id\":\"https:\\\/\\\/radioljubuski.ba\\\/index.php\\\/2021\\\/11\\\/29\\\/proizvodaci-pocinju-raditi-na-cjepivu-za-omikron-rusija-vjeruje-u-sputnjik\\\/#primaryimage\",\"url\":\"https:\\\/\\\/radioljubuski.ba\\\/wp-content\\\/uploads\\\/2021\\\/11\\\/9-2021-11-29-16-25-10-hrhhrhr.jpg\",\"contentUrl\":\"https:\\\/\\\/radioljubuski.ba\\\/wp-content\\\/uploads\\\/2021\\\/11\\\/9-2021-11-29-16-25-10-hrhhrhr.jpg\",\"width\":1000,\"height\":625},{\"@type\":\"BreadcrumbList\",\"@id\":\"https:\\\/\\\/radioljubuski.ba\\\/index.php\\\/2021\\\/11\\\/29\\\/proizvodaci-pocinju-raditi-na-cjepivu-za-omikron-rusija-vjeruje-u-sputnjik\\\/#breadcrumb\",\"itemListElement\":[{\"@type\":\"ListItem\",\"position\":1,\"name\":\"Po\u010detna stranica\",\"item\":\"https:\\\/\\\/radioljubuski.ba\\\/\"},{\"@type\":\"ListItem\",\"position\":2,\"name\":\"Proizvo\u0111a\u010di po\u010dinju raditi na cjepivu za omikron, Rusija vjeruje u Sputnjik\"}]},{\"@type\":\"WebSite\",\"@id\":\"https:\\\/\\\/radioljubuski.ba\\\/#website\",\"url\":\"https:\\\/\\\/radioljubuski.ba\\\/\",\"name\":\"Radio Ljubu\u0161ki\",\"description\":\"Sun\u010dana frekvencija Hercegovine\",\"publisher\":{\"@id\":\"https:\\\/\\\/radioljubuski.ba\\\/#organization\"},\"potentialAction\":[{\"@type\":\"SearchAction\",\"target\":{\"@type\":\"EntryPoint\",\"urlTemplate\":\"https:\\\/\\\/radioljubuski.ba\\\/?s={search_term_string}\"},\"query-input\":{\"@type\":\"PropertyValueSpecification\",\"valueRequired\":true,\"valueName\":\"search_term_string\"}}],\"inLanguage\":\"hr\"},{\"@type\":\"Organization\",\"@id\":\"https:\\\/\\\/radioljubuski.ba\\\/#organization\",\"name\":\"Radio Ljubu\u0161ki\",\"url\":\"https:\\\/\\\/radioljubuski.ba\\\/\",\"logo\":{\"@type\":\"ImageObject\",\"inLanguage\":\"hr\",\"@id\":\"https:\\\/\\\/radioljubuski.ba\\\/#\\\/schema\\\/logo\\\/image\\\/\",\"url\":\"https:\\\/\\\/radioljubuski.ba\\\/wp-content\\\/uploads\\\/2021\\\/02\\\/cropped-Radio_Ljubuski_logo1.jpg\",\"contentUrl\":\"https:\\\/\\\/radioljubuski.ba\\\/wp-content\\\/uploads\\\/2021\\\/02\\\/cropped-Radio_Ljubuski_logo1.jpg\",\"width\":512,\"height\":512,\"caption\":\"Radio Ljubu\u0161ki\"},\"image\":{\"@id\":\"https:\\\/\\\/radioljubuski.ba\\\/#\\\/schema\\\/logo\\\/image\\\/\"},\"sameAs\":[\"https:\\\/\\\/www.facebook.com\\\/Radiio-Ljubuski-1490835324566332\",\"https:\\\/\\\/x.com\\\/radioljubuski\",\"https:\\\/\\\/hr.linkedin.com\\\/company\\\/radio-ljubuski\",\"https:\\\/\\\/www.youtube.com\\\/channel\\\/UCHYaeO_n0Db3tjNGudGpXyw\"]},{\"@type\":\"Person\",\"@id\":\"https:\\\/\\\/radioljubuski.ba\\\/#\\\/schema\\\/person\\\/19fc700381a780f69665d7956c469e3b\",\"name\":\"Radio Ljubu\u0161ki\"}]}<\/script>\n<!-- \/ Yoast SEO plugin. -->","yoast_head_json":{"title":"Proizvo\u0111a\u010di po\u010dinju raditi na cjepivu za omikron, Rusija vjeruje u Sputnjik - RADIO LJUBU\u0160KI","robots":{"index":"index","follow":"follow","max-snippet":"max-snippet:-1","max-image-preview":"max-image-preview:large","max-video-preview":"max-video-preview:-1"},"canonical":"https:\/\/radioljubuski.ba\/index.php\/2021\/11\/29\/proizvodaci-pocinju-raditi-na-cjepivu-za-omikron-rusija-vjeruje-u-sputnjik\/","og_locale":"hr_HR","og_type":"article","og_title":"Proizvo\u0111a\u010di po\u010dinju raditi na cjepivu za omikron, Rusija vjeruje u Sputnjik - RADIO LJUBU\u0160KI","og_description":"BioNTech, Moderna i Johnson &amp; Johnson rade na cjepivima koje bi specifi\u010dno ciljala omikron, ako se poka\u017ee da postoje\u0107a nisu u\u010dinkovita protiv te nove varijante koronavirusa, objavile su te tvrtke u ponedjeljak. Pojava nove varijante pokenula je globalni odgovor, jer u strahu da bi se mogla br\u017ee \u0161iriti \u010dak i me\u0111u cijepljenima vlade uvode zabrane [&hellip;]","og_url":"https:\/\/radioljubuski.ba\/index.php\/2021\/11\/29\/proizvodaci-pocinju-raditi-na-cjepivu-za-omikron-rusija-vjeruje-u-sputnjik\/","og_site_name":"RADIO LJUBU\u0160KI","article_publisher":"https:\/\/www.facebook.com\/Radiio-Ljubuski-1490835324566332","article_published_time":"2021-11-29T17:41:31+00:00","og_image":[{"width":1000,"height":625,"url":"https:\/\/radioljubuski.ba\/wp-content\/uploads\/2021\/11\/9-2021-11-29-16-25-10-hrhhrhr.jpg","type":"image\/jpeg"}],"author":"Radio Ljubu\u0161ki","twitter_card":"summary_large_image","twitter_creator":"@radioljubuski","twitter_site":"@radioljubuski","twitter_misc":{"Napisao\/la":"Radio Ljubu\u0161ki","Procijenjeno vrijeme \u010ditanja":"2 minute"},"schema":{"@context":"https:\/\/schema.org","@graph":[{"@type":"Article","@id":"https:\/\/radioljubuski.ba\/index.php\/2021\/11\/29\/proizvodaci-pocinju-raditi-na-cjepivu-za-omikron-rusija-vjeruje-u-sputnjik\/#article","isPartOf":{"@id":"https:\/\/radioljubuski.ba\/index.php\/2021\/11\/29\/proizvodaci-pocinju-raditi-na-cjepivu-za-omikron-rusija-vjeruje-u-sputnjik\/"},"author":{"name":"Radio Ljubu\u0161ki","@id":"https:\/\/radioljubuski.ba\/#\/schema\/person\/19fc700381a780f69665d7956c469e3b"},"headline":"Proizvo\u0111a\u010di po\u010dinju raditi na cjepivu za omikron, Rusija vjeruje u Sputnjik","datePublished":"2021-11-29T17:41:31+00:00","mainEntityOfPage":{"@id":"https:\/\/radioljubuski.ba\/index.php\/2021\/11\/29\/proizvodaci-pocinju-raditi-na-cjepivu-za-omikron-rusija-vjeruje-u-sputnjik\/"},"wordCount":455,"publisher":{"@id":"https:\/\/radioljubuski.ba\/#organization"},"image":{"@id":"https:\/\/radioljubuski.ba\/index.php\/2021\/11\/29\/proizvodaci-pocinju-raditi-na-cjepivu-za-omikron-rusija-vjeruje-u-sputnjik\/#primaryimage"},"thumbnailUrl":"https:\/\/radioljubuski.ba\/wp-content\/uploads\/2021\/11\/9-2021-11-29-16-25-10-hrhhrhr.jpg","articleSection":["BIH i regija"],"inLanguage":"hr"},{"@type":"WebPage","@id":"https:\/\/radioljubuski.ba\/index.php\/2021\/11\/29\/proizvodaci-pocinju-raditi-na-cjepivu-za-omikron-rusija-vjeruje-u-sputnjik\/","url":"https:\/\/radioljubuski.ba\/index.php\/2021\/11\/29\/proizvodaci-pocinju-raditi-na-cjepivu-za-omikron-rusija-vjeruje-u-sputnjik\/","name":"Proizvo\u0111a\u010di po\u010dinju raditi na cjepivu za omikron, Rusija vjeruje u Sputnjik - RADIO LJUBU\u0160KI","isPartOf":{"@id":"https:\/\/radioljubuski.ba\/#website"},"primaryImageOfPage":{"@id":"https:\/\/radioljubuski.ba\/index.php\/2021\/11\/29\/proizvodaci-pocinju-raditi-na-cjepivu-za-omikron-rusija-vjeruje-u-sputnjik\/#primaryimage"},"image":{"@id":"https:\/\/radioljubuski.ba\/index.php\/2021\/11\/29\/proizvodaci-pocinju-raditi-na-cjepivu-za-omikron-rusija-vjeruje-u-sputnjik\/#primaryimage"},"thumbnailUrl":"https:\/\/radioljubuski.ba\/wp-content\/uploads\/2021\/11\/9-2021-11-29-16-25-10-hrhhrhr.jpg","datePublished":"2021-11-29T17:41:31+00:00","breadcrumb":{"@id":"https:\/\/radioljubuski.ba\/index.php\/2021\/11\/29\/proizvodaci-pocinju-raditi-na-cjepivu-za-omikron-rusija-vjeruje-u-sputnjik\/#breadcrumb"},"inLanguage":"hr","potentialAction":[{"@type":"ReadAction","target":["https:\/\/radioljubuski.ba\/index.php\/2021\/11\/29\/proizvodaci-pocinju-raditi-na-cjepivu-za-omikron-rusija-vjeruje-u-sputnjik\/"]}]},{"@type":"ImageObject","inLanguage":"hr","@id":"https:\/\/radioljubuski.ba\/index.php\/2021\/11\/29\/proizvodaci-pocinju-raditi-na-cjepivu-za-omikron-rusija-vjeruje-u-sputnjik\/#primaryimage","url":"https:\/\/radioljubuski.ba\/wp-content\/uploads\/2021\/11\/9-2021-11-29-16-25-10-hrhhrhr.jpg","contentUrl":"https:\/\/radioljubuski.ba\/wp-content\/uploads\/2021\/11\/9-2021-11-29-16-25-10-hrhhrhr.jpg","width":1000,"height":625},{"@type":"BreadcrumbList","@id":"https:\/\/radioljubuski.ba\/index.php\/2021\/11\/29\/proizvodaci-pocinju-raditi-na-cjepivu-za-omikron-rusija-vjeruje-u-sputnjik\/#breadcrumb","itemListElement":[{"@type":"ListItem","position":1,"name":"Po\u010detna stranica","item":"https:\/\/radioljubuski.ba\/"},{"@type":"ListItem","position":2,"name":"Proizvo\u0111a\u010di po\u010dinju raditi na cjepivu za omikron, Rusija vjeruje u Sputnjik"}]},{"@type":"WebSite","@id":"https:\/\/radioljubuski.ba\/#website","url":"https:\/\/radioljubuski.ba\/","name":"Radio Ljubu\u0161ki","description":"Sun\u010dana frekvencija Hercegovine","publisher":{"@id":"https:\/\/radioljubuski.ba\/#organization"},"potentialAction":[{"@type":"SearchAction","target":{"@type":"EntryPoint","urlTemplate":"https:\/\/radioljubuski.ba\/?s={search_term_string}"},"query-input":{"@type":"PropertyValueSpecification","valueRequired":true,"valueName":"search_term_string"}}],"inLanguage":"hr"},{"@type":"Organization","@id":"https:\/\/radioljubuski.ba\/#organization","name":"Radio Ljubu\u0161ki","url":"https:\/\/radioljubuski.ba\/","logo":{"@type":"ImageObject","inLanguage":"hr","@id":"https:\/\/radioljubuski.ba\/#\/schema\/logo\/image\/","url":"https:\/\/radioljubuski.ba\/wp-content\/uploads\/2021\/02\/cropped-Radio_Ljubuski_logo1.jpg","contentUrl":"https:\/\/radioljubuski.ba\/wp-content\/uploads\/2021\/02\/cropped-Radio_Ljubuski_logo1.jpg","width":512,"height":512,"caption":"Radio Ljubu\u0161ki"},"image":{"@id":"https:\/\/radioljubuski.ba\/#\/schema\/logo\/image\/"},"sameAs":["https:\/\/www.facebook.com\/Radiio-Ljubuski-1490835324566332","https:\/\/x.com\/radioljubuski","https:\/\/hr.linkedin.com\/company\/radio-ljubuski","https:\/\/www.youtube.com\/channel\/UCHYaeO_n0Db3tjNGudGpXyw"]},{"@type":"Person","@id":"https:\/\/radioljubuski.ba\/#\/schema\/person\/19fc700381a780f69665d7956c469e3b","name":"Radio Ljubu\u0161ki"}]}},"_links":{"self":[{"href":"https:\/\/radioljubuski.ba\/index.php\/wp-json\/wp\/v2\/posts\/93894","targetHints":{"allow":["GET"]}}],"collection":[{"href":"https:\/\/radioljubuski.ba\/index.php\/wp-json\/wp\/v2\/posts"}],"about":[{"href":"https:\/\/radioljubuski.ba\/index.php\/wp-json\/wp\/v2\/types\/post"}],"author":[{"embeddable":true,"href":"https:\/\/radioljubuski.ba\/index.php\/wp-json\/wp\/v2\/users\/2"}],"replies":[{"embeddable":true,"href":"https:\/\/radioljubuski.ba\/index.php\/wp-json\/wp\/v2\/comments?post=93894"}],"version-history":[{"count":1,"href":"https:\/\/radioljubuski.ba\/index.php\/wp-json\/wp\/v2\/posts\/93894\/revisions"}],"predecessor-version":[{"id":93896,"href":"https:\/\/radioljubuski.ba\/index.php\/wp-json\/wp\/v2\/posts\/93894\/revisions\/93896"}],"wp:featuredmedia":[{"embeddable":true,"href":"https:\/\/radioljubuski.ba\/index.php\/wp-json\/wp\/v2\/media\/93895"}],"wp:attachment":[{"href":"https:\/\/radioljubuski.ba\/index.php\/wp-json\/wp\/v2\/media?parent=93894"}],"wp:term":[{"taxonomy":"category","embeddable":true,"href":"https:\/\/radioljubuski.ba\/index.php\/wp-json\/wp\/v2\/categories?post=93894"},{"taxonomy":"post_tag","embeddable":true,"href":"https:\/\/radioljubuski.ba\/index.php\/wp-json\/wp\/v2\/tags?post=93894"}],"curies":[{"name":"wp","href":"https:\/\/api.w.org\/{rel}","templated":true}]}}