{"id":94027,"date":"2021-11-30T00:30:24","date_gmt":"2021-11-29T23:30:24","guid":{"rendered":"https:\/\/radioljubuski.ba\/?p=94027"},"modified":"2021-11-30T00:30:24","modified_gmt":"2021-11-29T23:30:24","slug":"uhicen-muskarac-koji-je-novinarki-na-prosvjedu-oteo-mikrofon-rijec-je-o-osobi-koja-je-vec-bila-uhicena-iste-veceri-sate-i-sate-je-proveo-na-otrijeznjavanju","status":"publish","type":"post","link":"https:\/\/radioljubuski.ba\/index.php\/2021\/11\/30\/uhicen-muskarac-koji-je-novinarki-na-prosvjedu-oteo-mikrofon-rijec-je-o-osobi-koja-je-vec-bila-uhicena-iste-veceri-sate-i-sate-je-proveo-na-otrijeznjavanju\/","title":{"rendered":"Uhi\u0107en mu\u0161karac koji je novinarki na prosvjedu oteo mikrofon, rije\u010d je o osobi koja je ve\u0107 bila uhi\u0107ena iste ve\u010deri, sate i sate je proveo na otrije\u017enjavanju"},"content":{"rendered":"\n<p>Intenzivnim kriminalisti\u010dkim istra\u017eivanjem te pregledom na stotine sati videomaterijala, zagreba\u010dka policija je uspjela u\u0107i u trag jednom od &#8220;napada\u010da na sedmu silu&#8221; tijekom prosvjeda protiv covid potvrda pretpro\u0161log vikenda, javlja&nbsp;<a href=\"https:\/\/www.jutarnji.hr\/vijesti\/hrvatska\/zavrsio-u-pritvoru-jer-je-novinarki-na-prosvjedu-oteo-mikrofon-iste-veceri-policija-ga-zbog-maske-izbacila-iz-vlaka-15126504\" target=\"_blank\" rel=\"noreferrer noopener\">Jutarnji list<\/a>.<\/p>\n\n\n\n<p>Iz PU zagreba\u010dke ka\u017eu da su dovr\u0161ili kriminalisti\u010dko istra\u017eivanje nad 33-godi\u0161njim mu\u0161karcem te su ga prijavili zbog kaznenog djela prisile prema osobi koja obavlja poslove od javnog interesa, a u ovom slu\u010daju novinarki Al Jazeere Balkans.<\/p>\n\n\n\n<p>&#8211; Naime, sumnja se da je 20. studenoga oko 18 sati na Trgu bana Josipa Jela\u010di\u0107a u Zagrebu, za vrijeme dok je u \u017eivo izvje\u0161tavala javnost o javnom okupljanju, pri\u0161ao zaposlenici medijske ku\u0107e-novinarki te joj rukom istrgnuo mikrofon, nakon \u010dega se po\u010deo udaljavati te ju na taj na\u010din sprije\u010dio u obavljanju njenog posla. Daljnjim kriminalisti\u010dkim istra\u017eivanjem, iako je pobjegao s mjesta doga\u0111aja, utvr\u0111eno je o kome bi se moglo raditi te je danas osumnji\u010deni mu\u0161karac uhi\u0107en, a kroz kriminalisti\u010dko istra\u017eivanje sumnja je potvr\u0111ena &#8211; ka\u017eu iz zagreba\u010dke policije koja je osumnji\u010denog mu\u0161karca uz kaznenu prijavu nadle\u017enom dr\u017eavnom odvjetni\u0161tvu predala pritvorskom nadzorniku.<\/p>\n\n\n\n<iframe loading=\"lazy\" title=\"Novinari na meti demonstranata u Zagrebu\" width=\"640\" height=\"360\" src=\"https:\/\/www.youtube.com\/embed\/Atw8zWSmEYU?feature=oembed\" frameborder=\"0\" allow=\"accelerometer; autoplay; clipboard-write; encrypted-media; gyroscope; picture-in-picture; web-share\" referrerpolicy=\"strict-origin-when-cross-origin\" allowfullscreen><\/iframe>\n\n\n\n<p>Napada\u010di, pak, na novinara RTL-a&nbsp;Gorana Latkovi\u0107a&nbsp;jo\u0161 se tra\u017ee.<\/p>\n\n\n\n<p>Kako doznajemo, mu\u0161karac uhi\u0107en zbog otimanja mikrofona novinarki je 33-godi\u0161nji&nbsp;A.\u0106., koji je istu ve\u010der odmah nakon prosvjeda pod utjecajem alkohola pravio incident u vlaku koji prometuje na relaciji Zagreb-Dugo Selo pa je intervenirala policija, a snimka policijskog postupanja zavr\u0161ila je na dru\u0161tvenim mre\u017eama.<\/p>\n\n\n\n<p>Na snimci se vidi kako policajci prilaze mu\u0161karcu bez maske koji je prethodno, \u0161to se ne vidi na snimci, naru\u0161avao javni red i mir galamom i razbijanjem, pa je zbog njega iz vlaka, koji je bio zaustavljen na sesvetskom kolodvoru, intervenirala policija. Nakon razmjenjenih par rije\u010di, policajci su mu\u0161karca koji se opirao svladali na o\u010digled ostalih putnika te ga izveli iz vlaka van kako bi \u017eeljezni\u010dki promet nastavio neometano te\u0107i, a neki od putnika koji su snimili policijsku intervenciju, privo\u0111enje i izvo\u0111enje iz vlaka su okarakterizirali kao nasilno i neprimjereno.<\/p>\n\n\n\n<p>No, prije kriminalisti\u010dkog istra\u017eivanja mu\u0161karac je proveo sate i sate na otrije\u017enjenju u odvojenoj prostoriji policije jer je u vrijeme privo\u0111enja imao 2,1 promil alkohola u krvi. Kad je do\u0161ao k sebi i kad su ishlapile alkoholne pare, s njim su obavili razgovor i prijavili ga zbog kr\u0161enja \u010dlanka 13. Zakona o javnom redu i miru te \u010dlanka 47. st.2.to\u010d.9. Zakona o za\u0161titi pu\u010danstva od zaraznih bolesti. A provode\u0107i intenzivno istra\u017eivanje u potrazi za napada\u010dima na novinare tijekom prosvjeda, nije dugo trebalo da policija me\u0111u stotinama sati pregledanom videomaterijala, na snimkama prepozna znanca iz vlaka.<\/p>\n\n\n\n<p><strong>PI\u0160E&nbsp;<\/strong>HAJDI KARAKA\u0160 JAKUBIN\/JL<\/p>\n","protected":false},"excerpt":{"rendered":"<p>Intenzivnim kriminalisti\u010dkim istra\u017eivanjem te pregledom na stotine sati videomaterijala, zagreba\u010dka policija je uspjela u\u0107i u trag jednom od &#8220;napada\u010da na sedmu silu&#8221; tijekom prosvjeda protiv covid potvrda pretpro\u0161log vikenda, javlja&nbsp;Jutarnji list. Iz PU zagreba\u010dke ka\u017eu da su dovr\u0161ili kriminalisti\u010dko istra\u017eivanje nad 33-godi\u0161njim mu\u0161karcem te su ga prijavili zbog kaznenog djela prisile prema osobi koja obavlja [&hellip;]<\/p>\n","protected":false},"author":2,"featured_media":94028,"comment_status":"closed","ping_status":"closed","sticky":false,"template":"","format":"standard","meta":{"h5ap_radio_sources":[],"footnotes":""},"categories":[1],"tags":[],"class_list":["post-94027","post","type-post","status-publish","format-standard","has-post-thumbnail","hentry","category-bihiregija"],"yoast_head":"<!-- This site is optimized with the Yoast SEO plugin v27.5 - https:\/\/yoast.com\/product\/yoast-seo-wordpress\/ -->\n<title>Uhi\u0107en mu\u0161karac koji je novinarki na prosvjedu oteo mikrofon, rije\u010d je o osobi koja je ve\u0107 bila uhi\u0107ena iste ve\u010deri, sate i sate je proveo na otrije\u017enjavanju - RADIO LJUBU\u0160KI<\/title>\n<meta name=\"robots\" content=\"index, follow, max-snippet:-1, max-image-preview:large, max-video-preview:-1\" \/>\n<link rel=\"canonical\" href=\"https:\/\/radioljubuski.ba\/index.php\/2021\/11\/30\/uhicen-muskarac-koji-je-novinarki-na-prosvjedu-oteo-mikrofon-rijec-je-o-osobi-koja-je-vec-bila-uhicena-iste-veceri-sate-i-sate-je-proveo-na-otrijeznjavanju\/\" \/>\n<meta property=\"og:locale\" content=\"hr_HR\" \/>\n<meta property=\"og:type\" content=\"article\" \/>\n<meta property=\"og:title\" content=\"Uhi\u0107en mu\u0161karac koji je novinarki na prosvjedu oteo mikrofon, rije\u010d je o osobi koja je ve\u0107 bila uhi\u0107ena iste ve\u010deri, sate i sate je proveo na otrije\u017enjavanju - RADIO LJUBU\u0160KI\" \/>\n<meta property=\"og:description\" content=\"Intenzivnim kriminalisti\u010dkim istra\u017eivanjem te pregledom na stotine sati videomaterijala, zagreba\u010dka policija je uspjela u\u0107i u trag jednom od &#8220;napada\u010da na sedmu silu&#8221; tijekom prosvjeda protiv covid potvrda pretpro\u0161log vikenda, javlja&nbsp;Jutarnji list. Iz PU zagreba\u010dke ka\u017eu da su dovr\u0161ili kriminalisti\u010dko istra\u017eivanje nad 33-godi\u0161njim mu\u0161karcem te su ga prijavili zbog kaznenog djela prisile prema osobi koja obavlja [&hellip;]\" \/>\n<meta property=\"og:url\" content=\"https:\/\/radioljubuski.ba\/index.php\/2021\/11\/30\/uhicen-muskarac-koji-je-novinarki-na-prosvjedu-oteo-mikrofon-rijec-je-o-osobi-koja-je-vec-bila-uhicena-iste-veceri-sate-i-sate-je-proveo-na-otrijeznjavanju\/\" \/>\n<meta property=\"og:site_name\" content=\"RADIO LJUBU\u0160KI\" \/>\n<meta property=\"article:publisher\" content=\"https:\/\/www.facebook.com\/Radiio-Ljubuski-1490835324566332\" \/>\n<meta property=\"article:published_time\" content=\"2021-11-29T23:30:24+00:00\" \/>\n<meta property=\"og:image\" content=\"https:\/\/radioljubuski.ba\/wp-content\/uploads\/2021\/11\/o_20167180_1024.jpg\" \/>\n\t<meta property=\"og:image:width\" content=\"1024\" \/>\n\t<meta property=\"og:image:height\" content=\"536\" \/>\n\t<meta property=\"og:image:type\" content=\"image\/jpeg\" \/>\n<meta name=\"author\" content=\"Radio Ljubu\u0161ki\" \/>\n<meta name=\"twitter:card\" content=\"summary_large_image\" \/>\n<meta name=\"twitter:creator\" content=\"@radioljubuski\" \/>\n<meta name=\"twitter:site\" content=\"@radioljubuski\" \/>\n<meta name=\"twitter:label1\" content=\"Napisao\/la\" \/>\n\t<meta name=\"twitter:data1\" content=\"Radio Ljubu\u0161ki\" \/>\n\t<meta name=\"twitter:label2\" content=\"Procijenjeno vrijeme \u010ditanja\" \/>\n\t<meta name=\"twitter:data2\" content=\"2 minute\" \/>\n<script type=\"application\/ld+json\" class=\"yoast-schema-graph\">{\"@context\":\"https:\\\/\\\/schema.org\",\"@graph\":[{\"@type\":\"Article\",\"@id\":\"https:\\\/\\\/radioljubuski.ba\\\/index.php\\\/2021\\\/11\\\/30\\\/uhicen-muskarac-koji-je-novinarki-na-prosvjedu-oteo-mikrofon-rijec-je-o-osobi-koja-je-vec-bila-uhicena-iste-veceri-sate-i-sate-je-proveo-na-otrijeznjavanju\\\/#article\",\"isPartOf\":{\"@id\":\"https:\\\/\\\/radioljubuski.ba\\\/index.php\\\/2021\\\/11\\\/30\\\/uhicen-muskarac-koji-je-novinarki-na-prosvjedu-oteo-mikrofon-rijec-je-o-osobi-koja-je-vec-bila-uhicena-iste-veceri-sate-i-sate-je-proveo-na-otrijeznjavanju\\\/\"},\"author\":{\"name\":\"Radio Ljubu\u0161ki\",\"@id\":\"https:\\\/\\\/radioljubuski.ba\\\/#\\\/schema\\\/person\\\/19fc700381a780f69665d7956c469e3b\"},\"headline\":\"Uhi\u0107en mu\u0161karac koji je novinarki na prosvjedu oteo mikrofon, rije\u010d je o osobi koja je ve\u0107 bila uhi\u0107ena iste ve\u010deri, sate i sate je proveo na otrije\u017enjavanju\",\"datePublished\":\"2021-11-29T23:30:24+00:00\",\"mainEntityOfPage\":{\"@id\":\"https:\\\/\\\/radioljubuski.ba\\\/index.php\\\/2021\\\/11\\\/30\\\/uhicen-muskarac-koji-je-novinarki-na-prosvjedu-oteo-mikrofon-rijec-je-o-osobi-koja-je-vec-bila-uhicena-iste-veceri-sate-i-sate-je-proveo-na-otrijeznjavanju\\\/\"},\"wordCount\":526,\"publisher\":{\"@id\":\"https:\\\/\\\/radioljubuski.ba\\\/#organization\"},\"image\":{\"@id\":\"https:\\\/\\\/radioljubuski.ba\\\/index.php\\\/2021\\\/11\\\/30\\\/uhicen-muskarac-koji-je-novinarki-na-prosvjedu-oteo-mikrofon-rijec-je-o-osobi-koja-je-vec-bila-uhicena-iste-veceri-sate-i-sate-je-proveo-na-otrijeznjavanju\\\/#primaryimage\"},\"thumbnailUrl\":\"https:\\\/\\\/radioljubuski.ba\\\/wp-content\\\/uploads\\\/2021\\\/11\\\/o_20167180_1024.jpg\",\"articleSection\":[\"BIH i regija\"],\"inLanguage\":\"hr\"},{\"@type\":\"WebPage\",\"@id\":\"https:\\\/\\\/radioljubuski.ba\\\/index.php\\\/2021\\\/11\\\/30\\\/uhicen-muskarac-koji-je-novinarki-na-prosvjedu-oteo-mikrofon-rijec-je-o-osobi-koja-je-vec-bila-uhicena-iste-veceri-sate-i-sate-je-proveo-na-otrijeznjavanju\\\/\",\"url\":\"https:\\\/\\\/radioljubuski.ba\\\/index.php\\\/2021\\\/11\\\/30\\\/uhicen-muskarac-koji-je-novinarki-na-prosvjedu-oteo-mikrofon-rijec-je-o-osobi-koja-je-vec-bila-uhicena-iste-veceri-sate-i-sate-je-proveo-na-otrijeznjavanju\\\/\",\"name\":\"Uhi\u0107en mu\u0161karac koji je novinarki na prosvjedu oteo mikrofon, rije\u010d je o osobi koja je ve\u0107 bila uhi\u0107ena iste ve\u010deri, sate i sate je proveo na otrije\u017enjavanju - RADIO LJUBU\u0160KI\",\"isPartOf\":{\"@id\":\"https:\\\/\\\/radioljubuski.ba\\\/#website\"},\"primaryImageOfPage\":{\"@id\":\"https:\\\/\\\/radioljubuski.ba\\\/index.php\\\/2021\\\/11\\\/30\\\/uhicen-muskarac-koji-je-novinarki-na-prosvjedu-oteo-mikrofon-rijec-je-o-osobi-koja-je-vec-bila-uhicena-iste-veceri-sate-i-sate-je-proveo-na-otrijeznjavanju\\\/#primaryimage\"},\"image\":{\"@id\":\"https:\\\/\\\/radioljubuski.ba\\\/index.php\\\/2021\\\/11\\\/30\\\/uhicen-muskarac-koji-je-novinarki-na-prosvjedu-oteo-mikrofon-rijec-je-o-osobi-koja-je-vec-bila-uhicena-iste-veceri-sate-i-sate-je-proveo-na-otrijeznjavanju\\\/#primaryimage\"},\"thumbnailUrl\":\"https:\\\/\\\/radioljubuski.ba\\\/wp-content\\\/uploads\\\/2021\\\/11\\\/o_20167180_1024.jpg\",\"datePublished\":\"2021-11-29T23:30:24+00:00\",\"breadcrumb\":{\"@id\":\"https:\\\/\\\/radioljubuski.ba\\\/index.php\\\/2021\\\/11\\\/30\\\/uhicen-muskarac-koji-je-novinarki-na-prosvjedu-oteo-mikrofon-rijec-je-o-osobi-koja-je-vec-bila-uhicena-iste-veceri-sate-i-sate-je-proveo-na-otrijeznjavanju\\\/#breadcrumb\"},\"inLanguage\":\"hr\",\"potentialAction\":[{\"@type\":\"ReadAction\",\"target\":[\"https:\\\/\\\/radioljubuski.ba\\\/index.php\\\/2021\\\/11\\\/30\\\/uhicen-muskarac-koji-je-novinarki-na-prosvjedu-oteo-mikrofon-rijec-je-o-osobi-koja-je-vec-bila-uhicena-iste-veceri-sate-i-sate-je-proveo-na-otrijeznjavanju\\\/\"]}]},{\"@type\":\"ImageObject\",\"inLanguage\":\"hr\",\"@id\":\"https:\\\/\\\/radioljubuski.ba\\\/index.php\\\/2021\\\/11\\\/30\\\/uhicen-muskarac-koji-je-novinarki-na-prosvjedu-oteo-mikrofon-rijec-je-o-osobi-koja-je-vec-bila-uhicena-iste-veceri-sate-i-sate-je-proveo-na-otrijeznjavanju\\\/#primaryimage\",\"url\":\"https:\\\/\\\/radioljubuski.ba\\\/wp-content\\\/uploads\\\/2021\\\/11\\\/o_20167180_1024.jpg\",\"contentUrl\":\"https:\\\/\\\/radioljubuski.ba\\\/wp-content\\\/uploads\\\/2021\\\/11\\\/o_20167180_1024.jpg\",\"width\":1024,\"height\":536},{\"@type\":\"BreadcrumbList\",\"@id\":\"https:\\\/\\\/radioljubuski.ba\\\/index.php\\\/2021\\\/11\\\/30\\\/uhicen-muskarac-koji-je-novinarki-na-prosvjedu-oteo-mikrofon-rijec-je-o-osobi-koja-je-vec-bila-uhicena-iste-veceri-sate-i-sate-je-proveo-na-otrijeznjavanju\\\/#breadcrumb\",\"itemListElement\":[{\"@type\":\"ListItem\",\"position\":1,\"name\":\"Po\u010detna stranica\",\"item\":\"https:\\\/\\\/radioljubuski.ba\\\/\"},{\"@type\":\"ListItem\",\"position\":2,\"name\":\"Uhi\u0107en mu\u0161karac koji je novinarki na prosvjedu oteo mikrofon, rije\u010d je o osobi koja je ve\u0107 bila uhi\u0107ena iste ve\u010deri, sate i sate je proveo na otrije\u017enjavanju\"}]},{\"@type\":\"WebSite\",\"@id\":\"https:\\\/\\\/radioljubuski.ba\\\/#website\",\"url\":\"https:\\\/\\\/radioljubuski.ba\\\/\",\"name\":\"Radio Ljubu\u0161ki\",\"description\":\"Sun\u010dana frekvencija Hercegovine\",\"publisher\":{\"@id\":\"https:\\\/\\\/radioljubuski.ba\\\/#organization\"},\"potentialAction\":[{\"@type\":\"SearchAction\",\"target\":{\"@type\":\"EntryPoint\",\"urlTemplate\":\"https:\\\/\\\/radioljubuski.ba\\\/?s={search_term_string}\"},\"query-input\":{\"@type\":\"PropertyValueSpecification\",\"valueRequired\":true,\"valueName\":\"search_term_string\"}}],\"inLanguage\":\"hr\"},{\"@type\":\"Organization\",\"@id\":\"https:\\\/\\\/radioljubuski.ba\\\/#organization\",\"name\":\"Radio Ljubu\u0161ki\",\"url\":\"https:\\\/\\\/radioljubuski.ba\\\/\",\"logo\":{\"@type\":\"ImageObject\",\"inLanguage\":\"hr\",\"@id\":\"https:\\\/\\\/radioljubuski.ba\\\/#\\\/schema\\\/logo\\\/image\\\/\",\"url\":\"https:\\\/\\\/radioljubuski.ba\\\/wp-content\\\/uploads\\\/2021\\\/02\\\/cropped-Radio_Ljubuski_logo1.jpg\",\"contentUrl\":\"https:\\\/\\\/radioljubuski.ba\\\/wp-content\\\/uploads\\\/2021\\\/02\\\/cropped-Radio_Ljubuski_logo1.jpg\",\"width\":512,\"height\":512,\"caption\":\"Radio Ljubu\u0161ki\"},\"image\":{\"@id\":\"https:\\\/\\\/radioljubuski.ba\\\/#\\\/schema\\\/logo\\\/image\\\/\"},\"sameAs\":[\"https:\\\/\\\/www.facebook.com\\\/Radiio-Ljubuski-1490835324566332\",\"https:\\\/\\\/x.com\\\/radioljubuski\",\"https:\\\/\\\/hr.linkedin.com\\\/company\\\/radio-ljubuski\",\"https:\\\/\\\/www.youtube.com\\\/channel\\\/UCHYaeO_n0Db3tjNGudGpXyw\"]},{\"@type\":\"Person\",\"@id\":\"https:\\\/\\\/radioljubuski.ba\\\/#\\\/schema\\\/person\\\/19fc700381a780f69665d7956c469e3b\",\"name\":\"Radio Ljubu\u0161ki\"}]}<\/script>\n<!-- \/ Yoast SEO plugin. -->","yoast_head_json":{"title":"Uhi\u0107en mu\u0161karac koji je novinarki na prosvjedu oteo mikrofon, rije\u010d je o osobi koja je ve\u0107 bila uhi\u0107ena iste ve\u010deri, sate i sate je proveo na otrije\u017enjavanju - RADIO LJUBU\u0160KI","robots":{"index":"index","follow":"follow","max-snippet":"max-snippet:-1","max-image-preview":"max-image-preview:large","max-video-preview":"max-video-preview:-1"},"canonical":"https:\/\/radioljubuski.ba\/index.php\/2021\/11\/30\/uhicen-muskarac-koji-je-novinarki-na-prosvjedu-oteo-mikrofon-rijec-je-o-osobi-koja-je-vec-bila-uhicena-iste-veceri-sate-i-sate-je-proveo-na-otrijeznjavanju\/","og_locale":"hr_HR","og_type":"article","og_title":"Uhi\u0107en mu\u0161karac koji je novinarki na prosvjedu oteo mikrofon, rije\u010d je o osobi koja je ve\u0107 bila uhi\u0107ena iste ve\u010deri, sate i sate je proveo na otrije\u017enjavanju - RADIO LJUBU\u0160KI","og_description":"Intenzivnim kriminalisti\u010dkim istra\u017eivanjem te pregledom na stotine sati videomaterijala, zagreba\u010dka policija je uspjela u\u0107i u trag jednom od &#8220;napada\u010da na sedmu silu&#8221; tijekom prosvjeda protiv covid potvrda pretpro\u0161log vikenda, javlja&nbsp;Jutarnji list. Iz PU zagreba\u010dke ka\u017eu da su dovr\u0161ili kriminalisti\u010dko istra\u017eivanje nad 33-godi\u0161njim mu\u0161karcem te su ga prijavili zbog kaznenog djela prisile prema osobi koja obavlja [&hellip;]","og_url":"https:\/\/radioljubuski.ba\/index.php\/2021\/11\/30\/uhicen-muskarac-koji-je-novinarki-na-prosvjedu-oteo-mikrofon-rijec-je-o-osobi-koja-je-vec-bila-uhicena-iste-veceri-sate-i-sate-je-proveo-na-otrijeznjavanju\/","og_site_name":"RADIO LJUBU\u0160KI","article_publisher":"https:\/\/www.facebook.com\/Radiio-Ljubuski-1490835324566332","article_published_time":"2021-11-29T23:30:24+00:00","og_image":[{"width":1024,"height":536,"url":"https:\/\/radioljubuski.ba\/wp-content\/uploads\/2021\/11\/o_20167180_1024.jpg","type":"image\/jpeg"}],"author":"Radio Ljubu\u0161ki","twitter_card":"summary_large_image","twitter_creator":"@radioljubuski","twitter_site":"@radioljubuski","twitter_misc":{"Napisao\/la":"Radio Ljubu\u0161ki","Procijenjeno vrijeme \u010ditanja":"2 minute"},"schema":{"@context":"https:\/\/schema.org","@graph":[{"@type":"Article","@id":"https:\/\/radioljubuski.ba\/index.php\/2021\/11\/30\/uhicen-muskarac-koji-je-novinarki-na-prosvjedu-oteo-mikrofon-rijec-je-o-osobi-koja-je-vec-bila-uhicena-iste-veceri-sate-i-sate-je-proveo-na-otrijeznjavanju\/#article","isPartOf":{"@id":"https:\/\/radioljubuski.ba\/index.php\/2021\/11\/30\/uhicen-muskarac-koji-je-novinarki-na-prosvjedu-oteo-mikrofon-rijec-je-o-osobi-koja-je-vec-bila-uhicena-iste-veceri-sate-i-sate-je-proveo-na-otrijeznjavanju\/"},"author":{"name":"Radio Ljubu\u0161ki","@id":"https:\/\/radioljubuski.ba\/#\/schema\/person\/19fc700381a780f69665d7956c469e3b"},"headline":"Uhi\u0107en mu\u0161karac koji je novinarki na prosvjedu oteo mikrofon, rije\u010d je o osobi koja je ve\u0107 bila uhi\u0107ena iste ve\u010deri, sate i sate je proveo na otrije\u017enjavanju","datePublished":"2021-11-29T23:30:24+00:00","mainEntityOfPage":{"@id":"https:\/\/radioljubuski.ba\/index.php\/2021\/11\/30\/uhicen-muskarac-koji-je-novinarki-na-prosvjedu-oteo-mikrofon-rijec-je-o-osobi-koja-je-vec-bila-uhicena-iste-veceri-sate-i-sate-je-proveo-na-otrijeznjavanju\/"},"wordCount":526,"publisher":{"@id":"https:\/\/radioljubuski.ba\/#organization"},"image":{"@id":"https:\/\/radioljubuski.ba\/index.php\/2021\/11\/30\/uhicen-muskarac-koji-je-novinarki-na-prosvjedu-oteo-mikrofon-rijec-je-o-osobi-koja-je-vec-bila-uhicena-iste-veceri-sate-i-sate-je-proveo-na-otrijeznjavanju\/#primaryimage"},"thumbnailUrl":"https:\/\/radioljubuski.ba\/wp-content\/uploads\/2021\/11\/o_20167180_1024.jpg","articleSection":["BIH i regija"],"inLanguage":"hr"},{"@type":"WebPage","@id":"https:\/\/radioljubuski.ba\/index.php\/2021\/11\/30\/uhicen-muskarac-koji-je-novinarki-na-prosvjedu-oteo-mikrofon-rijec-je-o-osobi-koja-je-vec-bila-uhicena-iste-veceri-sate-i-sate-je-proveo-na-otrijeznjavanju\/","url":"https:\/\/radioljubuski.ba\/index.php\/2021\/11\/30\/uhicen-muskarac-koji-je-novinarki-na-prosvjedu-oteo-mikrofon-rijec-je-o-osobi-koja-je-vec-bila-uhicena-iste-veceri-sate-i-sate-je-proveo-na-otrijeznjavanju\/","name":"Uhi\u0107en mu\u0161karac koji je novinarki na prosvjedu oteo mikrofon, rije\u010d je o osobi koja je ve\u0107 bila uhi\u0107ena iste ve\u010deri, sate i sate je proveo na otrije\u017enjavanju - RADIO LJUBU\u0160KI","isPartOf":{"@id":"https:\/\/radioljubuski.ba\/#website"},"primaryImageOfPage":{"@id":"https:\/\/radioljubuski.ba\/index.php\/2021\/11\/30\/uhicen-muskarac-koji-je-novinarki-na-prosvjedu-oteo-mikrofon-rijec-je-o-osobi-koja-je-vec-bila-uhicena-iste-veceri-sate-i-sate-je-proveo-na-otrijeznjavanju\/#primaryimage"},"image":{"@id":"https:\/\/radioljubuski.ba\/index.php\/2021\/11\/30\/uhicen-muskarac-koji-je-novinarki-na-prosvjedu-oteo-mikrofon-rijec-je-o-osobi-koja-je-vec-bila-uhicena-iste-veceri-sate-i-sate-je-proveo-na-otrijeznjavanju\/#primaryimage"},"thumbnailUrl":"https:\/\/radioljubuski.ba\/wp-content\/uploads\/2021\/11\/o_20167180_1024.jpg","datePublished":"2021-11-29T23:30:24+00:00","breadcrumb":{"@id":"https:\/\/radioljubuski.ba\/index.php\/2021\/11\/30\/uhicen-muskarac-koji-je-novinarki-na-prosvjedu-oteo-mikrofon-rijec-je-o-osobi-koja-je-vec-bila-uhicena-iste-veceri-sate-i-sate-je-proveo-na-otrijeznjavanju\/#breadcrumb"},"inLanguage":"hr","potentialAction":[{"@type":"ReadAction","target":["https:\/\/radioljubuski.ba\/index.php\/2021\/11\/30\/uhicen-muskarac-koji-je-novinarki-na-prosvjedu-oteo-mikrofon-rijec-je-o-osobi-koja-je-vec-bila-uhicena-iste-veceri-sate-i-sate-je-proveo-na-otrijeznjavanju\/"]}]},{"@type":"ImageObject","inLanguage":"hr","@id":"https:\/\/radioljubuski.ba\/index.php\/2021\/11\/30\/uhicen-muskarac-koji-je-novinarki-na-prosvjedu-oteo-mikrofon-rijec-je-o-osobi-koja-je-vec-bila-uhicena-iste-veceri-sate-i-sate-je-proveo-na-otrijeznjavanju\/#primaryimage","url":"https:\/\/radioljubuski.ba\/wp-content\/uploads\/2021\/11\/o_20167180_1024.jpg","contentUrl":"https:\/\/radioljubuski.ba\/wp-content\/uploads\/2021\/11\/o_20167180_1024.jpg","width":1024,"height":536},{"@type":"BreadcrumbList","@id":"https:\/\/radioljubuski.ba\/index.php\/2021\/11\/30\/uhicen-muskarac-koji-je-novinarki-na-prosvjedu-oteo-mikrofon-rijec-je-o-osobi-koja-je-vec-bila-uhicena-iste-veceri-sate-i-sate-je-proveo-na-otrijeznjavanju\/#breadcrumb","itemListElement":[{"@type":"ListItem","position":1,"name":"Po\u010detna stranica","item":"https:\/\/radioljubuski.ba\/"},{"@type":"ListItem","position":2,"name":"Uhi\u0107en mu\u0161karac koji je novinarki na prosvjedu oteo mikrofon, rije\u010d je o osobi koja je ve\u0107 bila uhi\u0107ena iste ve\u010deri, sate i sate je proveo na otrije\u017enjavanju"}]},{"@type":"WebSite","@id":"https:\/\/radioljubuski.ba\/#website","url":"https:\/\/radioljubuski.ba\/","name":"Radio Ljubu\u0161ki","description":"Sun\u010dana frekvencija Hercegovine","publisher":{"@id":"https:\/\/radioljubuski.ba\/#organization"},"potentialAction":[{"@type":"SearchAction","target":{"@type":"EntryPoint","urlTemplate":"https:\/\/radioljubuski.ba\/?s={search_term_string}"},"query-input":{"@type":"PropertyValueSpecification","valueRequired":true,"valueName":"search_term_string"}}],"inLanguage":"hr"},{"@type":"Organization","@id":"https:\/\/radioljubuski.ba\/#organization","name":"Radio Ljubu\u0161ki","url":"https:\/\/radioljubuski.ba\/","logo":{"@type":"ImageObject","inLanguage":"hr","@id":"https:\/\/radioljubuski.ba\/#\/schema\/logo\/image\/","url":"https:\/\/radioljubuski.ba\/wp-content\/uploads\/2021\/02\/cropped-Radio_Ljubuski_logo1.jpg","contentUrl":"https:\/\/radioljubuski.ba\/wp-content\/uploads\/2021\/02\/cropped-Radio_Ljubuski_logo1.jpg","width":512,"height":512,"caption":"Radio Ljubu\u0161ki"},"image":{"@id":"https:\/\/radioljubuski.ba\/#\/schema\/logo\/image\/"},"sameAs":["https:\/\/www.facebook.com\/Radiio-Ljubuski-1490835324566332","https:\/\/x.com\/radioljubuski","https:\/\/hr.linkedin.com\/company\/radio-ljubuski","https:\/\/www.youtube.com\/channel\/UCHYaeO_n0Db3tjNGudGpXyw"]},{"@type":"Person","@id":"https:\/\/radioljubuski.ba\/#\/schema\/person\/19fc700381a780f69665d7956c469e3b","name":"Radio Ljubu\u0161ki"}]}},"_links":{"self":[{"href":"https:\/\/radioljubuski.ba\/index.php\/wp-json\/wp\/v2\/posts\/94027","targetHints":{"allow":["GET"]}}],"collection":[{"href":"https:\/\/radioljubuski.ba\/index.php\/wp-json\/wp\/v2\/posts"}],"about":[{"href":"https:\/\/radioljubuski.ba\/index.php\/wp-json\/wp\/v2\/types\/post"}],"author":[{"embeddable":true,"href":"https:\/\/radioljubuski.ba\/index.php\/wp-json\/wp\/v2\/users\/2"}],"replies":[{"embeddable":true,"href":"https:\/\/radioljubuski.ba\/index.php\/wp-json\/wp\/v2\/comments?post=94027"}],"version-history":[{"count":1,"href":"https:\/\/radioljubuski.ba\/index.php\/wp-json\/wp\/v2\/posts\/94027\/revisions"}],"predecessor-version":[{"id":94029,"href":"https:\/\/radioljubuski.ba\/index.php\/wp-json\/wp\/v2\/posts\/94027\/revisions\/94029"}],"wp:featuredmedia":[{"embeddable":true,"href":"https:\/\/radioljubuski.ba\/index.php\/wp-json\/wp\/v2\/media\/94028"}],"wp:attachment":[{"href":"https:\/\/radioljubuski.ba\/index.php\/wp-json\/wp\/v2\/media?parent=94027"}],"wp:term":[{"taxonomy":"category","embeddable":true,"href":"https:\/\/radioljubuski.ba\/index.php\/wp-json\/wp\/v2\/categories?post=94027"},{"taxonomy":"post_tag","embeddable":true,"href":"https:\/\/radioljubuski.ba\/index.php\/wp-json\/wp\/v2\/tags?post=94027"}],"curies":[{"name":"wp","href":"https:\/\/api.w.org\/{rel}","templated":true}]}}