{"id":94153,"date":"2021-11-30T13:21:43","date_gmt":"2021-11-30T12:21:43","guid":{"rendered":"https:\/\/radioljubuski.ba\/?p=94153"},"modified":"2021-11-30T13:21:44","modified_gmt":"2021-11-30T12:21:44","slug":"nova-knjiga-prof-dr-franje-topica-bosna-i-hercegovina-nasa-domovina","status":"publish","type":"post","link":"https:\/\/radioljubuski.ba\/index.php\/2021\/11\/30\/nova-knjiga-prof-dr-franje-topica-bosna-i-hercegovina-nasa-domovina\/","title":{"rendered":"Nova knjiga prof. dr. Franje Topi\u0107a: \u201eBosna i Hercegovina na\u0161a domovina\u201c"},"content":{"rendered":"\n<p>Nedavno je iz tiska iza\u0161la nova knjiga prof. dr. Franje Topi\u0107a, po\u010dasnog predsjednika HKD Napredak i Peu BiH. Rije\u010d je o zbirci kolumni koje je profesor pisao u razdoblju od 2002. do 2017. godine za razli\u010dite novinske medije. Dr. Topi\u0107 se prije svega osvr\u0107e na aktualnu situaciju kako u Bosni i Hercegovini tako i \u0161ire s dosta op\u0107ih tema kao \u0161to je dijalog, ekumenizam, konzumizam, natalitet itd.&nbsp;<\/p>\n\n\n\n<p><br>Knjiga je podijeljena u \u010detiri cjeline koje kronolo\u0161ki opisuju doga\u0111aje navedenih godina. Rije\u010d je o kolumnama objavljenim u Dnevnom listu od 2002-2003, Katoli\u010dkom tjedniku od 2005-2008, kao i o izabranim kolumnama, intervjuima i prigodnim govorima.<\/p>\n\n\n\n<p>Knjiga se sastoji od 75 kolumni vezanih za politi\u010dke, vjerske i dru\u0161tveno-kulturne doga\u0111aje u Bosni i Hercegovini. Autor tako\u0111er donosi i razne stavove sugestivne spoznaje o pojedinim doga\u0111ajima poput polo\u017eaja i budu\u0107nosti &nbsp;Hrvata u BiH i posebno u Sarajevu. U brojnim \u010dlancima autor donosi i biografske sadr\u017eaje i putovanja koja je imao kao predsjednik HKD Napredak. U njima donosi pojedinosti o sastancima i razgovorima s \u010delnim ljudima kako iz BiH, Hrvatske tako i iz svjetskog \u201emainstream-a\u201c.<br>Knjiga tako\u0111er donosi pojedine doga\u0111aje iz crkvene problematike; osvr\u0107e se na smrt sv. pape Ivana Pavla II. kao i na izbor pape Benedikta XIV i pape Franje za poglavara Katoli\u010dke Crkve. Autor pronalazi papu Ivana Pavla II. kao neiscrpan izvor teme o zagovaranju mira u Bosni i Hercegovini, spominju\u0107i 263 intervencije pape i Vatikana u poku\u0161aju prekidanja sukoba &nbsp;u BiH.<\/p>\n\n\n\n<p>U aktualnim temama koje se prikazuju kroz objavljene kolumne, autor me\u0111ureligijskim stavovima i dogovorima iznosi rje\u0161enje su\u017eivota u Bosni i Hercegovini kao jedino mogu\u0107e rje\u0161enje. Ni\u0161ta manje autor ne pi\u0161e ni o nekim va\u017enim li\u010dnostima, poput Rene Girarda, Teilharda de Chardina, svjetskoj literaturi kao \u0161to je djelo Fukuyama (Kraj \u010dovjeka), ili Machiavellija \u201eVladar\u201c u kojem su istaknute karakteristike uspje\u0161nog vladara.<\/p>\n\n\n\n<p>Posebnu pozornost autor sa svojim kolumnama ipak stavlja na &nbsp;potrebe prihva\u0107anja BiH svojom domovinom od strane bosanskohercegova\u010dkih Hrvata i svih drugih gra\u0111ana. Na nekoliko stranica, kroz sva \u010detiri poglavlja, Topi\u0107 pi\u0161e o zna\u010daju po\u0161tovanja, imanja i \u017eelje za uspjehom vlastite zemlje, isti\u010du\u0107i kako ni jedna zemlja, pored Hrvatske naravno, &nbsp;nema vi\u0161e kulturnih institucija (\u010dasopisi, radiji, kulturna dru\u0161tva) s hrvatskim predznakom od BiH. U ovoj zemlji je sna\u017eno prisutna kultura i tradicija Hrvata. Na nekoliko mjesta isti\u010de kako je Vrhbosanska nadbiskupija me\u0111u najstarijima (1089.) na ovim prostorima, ne zaboravljaju\u0107i na franjevce, dominikance i redovnice. &nbsp;Nadalje autor isti\u010de \u010desto nejasnu i nekonzistentnu politiku Zagreba \u010de\u0161\u0107e govore\u0107i kako u BiH, a napose u Sarajevu, nema \u017eivota za Hrvate. Ovu konstrukciju Topi\u0107 s argumentima opovrgava na vi\u0161e mjesta. Prof. Topi\u0107 na vi\u0161e mjesta ukazuje na konstrukcije koje se moraju promijeniti kako bi do\u0161lo do \u017eeljenih rezultata i prosperitetne domovine BiH, isti\u010du\u0107i va\u017enost povezanosti BiH i Hrvatske. Tko ne\u0107e da radi neka i ne jede, ka\u017ee Pavao (2 Sol, 10). \u201eBog ne poma\u017ee lijenost i nerad\u201c upozorava prof. Topi\u0107.<\/p>\n\n\n\n<p>U posljednjem, \u010detvrtom dijelu, autor donosi osvrte na neke izjave i prozivke koje su mu upu\u0107ene.&nbsp;<br>Ova knjiga na 240 stranica teksta obra\u0111uje i donosi odre\u0111ene velike ideje, pokre\u0107e aktualne teme iz pro\u0161losti koje se i nakon desetak godina nisu razjasnile, gradi poru\u0161ene mostove izme\u0111u islama i kr\u0161\u0107anstva, &nbsp;ru\u0161i &nbsp;barijere me\u0111u nepromjenjivim nacionalnim te\u017enjama te poku\u0161ava izgraditi dublju moralnu svijest svih bosanskohercegova\u010dkih gra\u0111ana.<\/p>\n\n\n\n<p>Izvor:pogled.ba<\/p>\n","protected":false},"excerpt":{"rendered":"<p>Nedavno je iz tiska iza\u0161la nova knjiga prof. dr. Franje Topi\u0107a, po\u010dasnog predsjednika HKD Napredak i Peu BiH. Rije\u010d je o zbirci kolumni koje je profesor pisao u razdoblju od 2002. do 2017. godine za razli\u010dite novinske medije. Dr. Topi\u0107 se prije svega osvr\u0107e na aktualnu situaciju kako u Bosni i Hercegovini tako i \u0161ire [&hellip;]<\/p>\n","protected":false},"author":2,"featured_media":94154,"comment_status":"closed","ping_status":"closed","sticky":false,"template":"","format":"standard","meta":{"h5ap_radio_sources":[],"footnotes":""},"categories":[1],"tags":[],"class_list":["post-94153","post","type-post","status-publish","format-standard","has-post-thumbnail","hentry","category-bihiregija"],"yoast_head":"<!-- This site is optimized with the Yoast SEO plugin v27.4 - https:\/\/yoast.com\/product\/yoast-seo-wordpress\/ -->\n<title>Nova knjiga prof. dr. Franje Topi\u0107a: \u201eBosna i Hercegovina na\u0161a domovina\u201c - RADIO LJUBU\u0160KI<\/title>\n<meta name=\"robots\" content=\"index, follow, max-snippet:-1, max-image-preview:large, max-video-preview:-1\" \/>\n<link rel=\"canonical\" href=\"https:\/\/radioljubuski.ba\/index.php\/2021\/11\/30\/nova-knjiga-prof-dr-franje-topica-bosna-i-hercegovina-nasa-domovina\/\" \/>\n<meta property=\"og:locale\" content=\"hr_HR\" \/>\n<meta property=\"og:type\" content=\"article\" \/>\n<meta property=\"og:title\" content=\"Nova knjiga prof. dr. Franje Topi\u0107a: \u201eBosna i Hercegovina na\u0161a domovina\u201c - RADIO LJUBU\u0160KI\" \/>\n<meta property=\"og:description\" content=\"Nedavno je iz tiska iza\u0161la nova knjiga prof. dr. Franje Topi\u0107a, po\u010dasnog predsjednika HKD Napredak i Peu BiH. Rije\u010d je o zbirci kolumni koje je profesor pisao u razdoblju od 2002. do 2017. godine za razli\u010dite novinske medije. Dr. Topi\u0107 se prije svega osvr\u0107e na aktualnu situaciju kako u Bosni i Hercegovini tako i \u0161ire [&hellip;]\" \/>\n<meta property=\"og:url\" content=\"https:\/\/radioljubuski.ba\/index.php\/2021\/11\/30\/nova-knjiga-prof-dr-franje-topica-bosna-i-hercegovina-nasa-domovina\/\" \/>\n<meta property=\"og:site_name\" content=\"RADIO LJUBU\u0160KI\" \/>\n<meta property=\"article:publisher\" content=\"https:\/\/www.facebook.com\/Radiio-Ljubuski-1490835324566332\" \/>\n<meta property=\"article:published_time\" content=\"2021-11-30T12:21:43+00:00\" \/>\n<meta property=\"article:modified_time\" content=\"2021-11-30T12:21:44+00:00\" \/>\n<meta property=\"og:image\" content=\"https:\/\/radioljubuski.ba\/wp-content\/uploads\/2021\/11\/3-2021-11-30-09-59-45-ftopic.jpg\" \/>\n\t<meta property=\"og:image:width\" content=\"1000\" \/>\n\t<meta property=\"og:image:height\" content=\"625\" \/>\n\t<meta property=\"og:image:type\" content=\"image\/jpeg\" \/>\n<meta name=\"author\" content=\"Radio Ljubu\u0161ki\" \/>\n<meta name=\"twitter:card\" content=\"summary_large_image\" \/>\n<meta name=\"twitter:creator\" content=\"@radioljubuski\" \/>\n<meta name=\"twitter:site\" content=\"@radioljubuski\" \/>\n<meta name=\"twitter:label1\" content=\"Napisao\/la\" \/>\n\t<meta name=\"twitter:data1\" content=\"Radio Ljubu\u0161ki\" \/>\n\t<meta name=\"twitter:label2\" content=\"Procijenjeno vrijeme \u010ditanja\" \/>\n\t<meta name=\"twitter:data2\" content=\"3 minute\" \/>\n<script type=\"application\/ld+json\" class=\"yoast-schema-graph\">{\"@context\":\"https:\\\/\\\/schema.org\",\"@graph\":[{\"@type\":\"Article\",\"@id\":\"https:\\\/\\\/radioljubuski.ba\\\/index.php\\\/2021\\\/11\\\/30\\\/nova-knjiga-prof-dr-franje-topica-bosna-i-hercegovina-nasa-domovina\\\/#article\",\"isPartOf\":{\"@id\":\"https:\\\/\\\/radioljubuski.ba\\\/index.php\\\/2021\\\/11\\\/30\\\/nova-knjiga-prof-dr-franje-topica-bosna-i-hercegovina-nasa-domovina\\\/\"},\"author\":{\"name\":\"Radio Ljubu\u0161ki\",\"@id\":\"https:\\\/\\\/radioljubuski.ba\\\/#\\\/schema\\\/person\\\/19fc700381a780f69665d7956c469e3b\"},\"headline\":\"Nova knjiga prof. dr. Franje Topi\u0107a: \u201eBosna i Hercegovina na\u0161a domovina\u201c\",\"datePublished\":\"2021-11-30T12:21:43+00:00\",\"dateModified\":\"2021-11-30T12:21:44+00:00\",\"mainEntityOfPage\":{\"@id\":\"https:\\\/\\\/radioljubuski.ba\\\/index.php\\\/2021\\\/11\\\/30\\\/nova-knjiga-prof-dr-franje-topica-bosna-i-hercegovina-nasa-domovina\\\/\"},\"wordCount\":625,\"publisher\":{\"@id\":\"https:\\\/\\\/radioljubuski.ba\\\/#organization\"},\"image\":{\"@id\":\"https:\\\/\\\/radioljubuski.ba\\\/index.php\\\/2021\\\/11\\\/30\\\/nova-knjiga-prof-dr-franje-topica-bosna-i-hercegovina-nasa-domovina\\\/#primaryimage\"},\"thumbnailUrl\":\"https:\\\/\\\/radioljubuski.ba\\\/wp-content\\\/uploads\\\/2021\\\/11\\\/3-2021-11-30-09-59-45-ftopic.jpg\",\"articleSection\":[\"BIH i regija\"],\"inLanguage\":\"hr\"},{\"@type\":\"WebPage\",\"@id\":\"https:\\\/\\\/radioljubuski.ba\\\/index.php\\\/2021\\\/11\\\/30\\\/nova-knjiga-prof-dr-franje-topica-bosna-i-hercegovina-nasa-domovina\\\/\",\"url\":\"https:\\\/\\\/radioljubuski.ba\\\/index.php\\\/2021\\\/11\\\/30\\\/nova-knjiga-prof-dr-franje-topica-bosna-i-hercegovina-nasa-domovina\\\/\",\"name\":\"Nova knjiga prof. dr. Franje Topi\u0107a: \u201eBosna i Hercegovina na\u0161a domovina\u201c - RADIO LJUBU\u0160KI\",\"isPartOf\":{\"@id\":\"https:\\\/\\\/radioljubuski.ba\\\/#website\"},\"primaryImageOfPage\":{\"@id\":\"https:\\\/\\\/radioljubuski.ba\\\/index.php\\\/2021\\\/11\\\/30\\\/nova-knjiga-prof-dr-franje-topica-bosna-i-hercegovina-nasa-domovina\\\/#primaryimage\"},\"image\":{\"@id\":\"https:\\\/\\\/radioljubuski.ba\\\/index.php\\\/2021\\\/11\\\/30\\\/nova-knjiga-prof-dr-franje-topica-bosna-i-hercegovina-nasa-domovina\\\/#primaryimage\"},\"thumbnailUrl\":\"https:\\\/\\\/radioljubuski.ba\\\/wp-content\\\/uploads\\\/2021\\\/11\\\/3-2021-11-30-09-59-45-ftopic.jpg\",\"datePublished\":\"2021-11-30T12:21:43+00:00\",\"dateModified\":\"2021-11-30T12:21:44+00:00\",\"breadcrumb\":{\"@id\":\"https:\\\/\\\/radioljubuski.ba\\\/index.php\\\/2021\\\/11\\\/30\\\/nova-knjiga-prof-dr-franje-topica-bosna-i-hercegovina-nasa-domovina\\\/#breadcrumb\"},\"inLanguage\":\"hr\",\"potentialAction\":[{\"@type\":\"ReadAction\",\"target\":[\"https:\\\/\\\/radioljubuski.ba\\\/index.php\\\/2021\\\/11\\\/30\\\/nova-knjiga-prof-dr-franje-topica-bosna-i-hercegovina-nasa-domovina\\\/\"]}]},{\"@type\":\"ImageObject\",\"inLanguage\":\"hr\",\"@id\":\"https:\\\/\\\/radioljubuski.ba\\\/index.php\\\/2021\\\/11\\\/30\\\/nova-knjiga-prof-dr-franje-topica-bosna-i-hercegovina-nasa-domovina\\\/#primaryimage\",\"url\":\"https:\\\/\\\/radioljubuski.ba\\\/wp-content\\\/uploads\\\/2021\\\/11\\\/3-2021-11-30-09-59-45-ftopic.jpg\",\"contentUrl\":\"https:\\\/\\\/radioljubuski.ba\\\/wp-content\\\/uploads\\\/2021\\\/11\\\/3-2021-11-30-09-59-45-ftopic.jpg\",\"width\":1000,\"height\":625},{\"@type\":\"BreadcrumbList\",\"@id\":\"https:\\\/\\\/radioljubuski.ba\\\/index.php\\\/2021\\\/11\\\/30\\\/nova-knjiga-prof-dr-franje-topica-bosna-i-hercegovina-nasa-domovina\\\/#breadcrumb\",\"itemListElement\":[{\"@type\":\"ListItem\",\"position\":1,\"name\":\"Po\u010detna stranica\",\"item\":\"https:\\\/\\\/radioljubuski.ba\\\/\"},{\"@type\":\"ListItem\",\"position\":2,\"name\":\"Nova knjiga prof. dr. Franje Topi\u0107a: \u201eBosna i Hercegovina na\u0161a domovina\u201c\"}]},{\"@type\":\"WebSite\",\"@id\":\"https:\\\/\\\/radioljubuski.ba\\\/#website\",\"url\":\"https:\\\/\\\/radioljubuski.ba\\\/\",\"name\":\"Radio Ljubu\u0161ki\",\"description\":\"Sun\u010dana frekvencija Hercegovine\",\"publisher\":{\"@id\":\"https:\\\/\\\/radioljubuski.ba\\\/#organization\"},\"potentialAction\":[{\"@type\":\"SearchAction\",\"target\":{\"@type\":\"EntryPoint\",\"urlTemplate\":\"https:\\\/\\\/radioljubuski.ba\\\/?s={search_term_string}\"},\"query-input\":{\"@type\":\"PropertyValueSpecification\",\"valueRequired\":true,\"valueName\":\"search_term_string\"}}],\"inLanguage\":\"hr\"},{\"@type\":\"Organization\",\"@id\":\"https:\\\/\\\/radioljubuski.ba\\\/#organization\",\"name\":\"Radio Ljubu\u0161ki\",\"url\":\"https:\\\/\\\/radioljubuski.ba\\\/\",\"logo\":{\"@type\":\"ImageObject\",\"inLanguage\":\"hr\",\"@id\":\"https:\\\/\\\/radioljubuski.ba\\\/#\\\/schema\\\/logo\\\/image\\\/\",\"url\":\"https:\\\/\\\/radioljubuski.ba\\\/wp-content\\\/uploads\\\/2021\\\/02\\\/cropped-Radio_Ljubuski_logo1.jpg\",\"contentUrl\":\"https:\\\/\\\/radioljubuski.ba\\\/wp-content\\\/uploads\\\/2021\\\/02\\\/cropped-Radio_Ljubuski_logo1.jpg\",\"width\":512,\"height\":512,\"caption\":\"Radio Ljubu\u0161ki\"},\"image\":{\"@id\":\"https:\\\/\\\/radioljubuski.ba\\\/#\\\/schema\\\/logo\\\/image\\\/\"},\"sameAs\":[\"https:\\\/\\\/www.facebook.com\\\/Radiio-Ljubuski-1490835324566332\",\"https:\\\/\\\/x.com\\\/radioljubuski\",\"https:\\\/\\\/hr.linkedin.com\\\/company\\\/radio-ljubuski\",\"https:\\\/\\\/www.youtube.com\\\/channel\\\/UCHYaeO_n0Db3tjNGudGpXyw\"]},{\"@type\":\"Person\",\"@id\":\"https:\\\/\\\/radioljubuski.ba\\\/#\\\/schema\\\/person\\\/19fc700381a780f69665d7956c469e3b\",\"name\":\"Radio Ljubu\u0161ki\"}]}<\/script>\n<!-- \/ Yoast SEO plugin. -->","yoast_head_json":{"title":"Nova knjiga prof. dr. Franje Topi\u0107a: \u201eBosna i Hercegovina na\u0161a domovina\u201c - RADIO LJUBU\u0160KI","robots":{"index":"index","follow":"follow","max-snippet":"max-snippet:-1","max-image-preview":"max-image-preview:large","max-video-preview":"max-video-preview:-1"},"canonical":"https:\/\/radioljubuski.ba\/index.php\/2021\/11\/30\/nova-knjiga-prof-dr-franje-topica-bosna-i-hercegovina-nasa-domovina\/","og_locale":"hr_HR","og_type":"article","og_title":"Nova knjiga prof. dr. Franje Topi\u0107a: \u201eBosna i Hercegovina na\u0161a domovina\u201c - RADIO LJUBU\u0160KI","og_description":"Nedavno je iz tiska iza\u0161la nova knjiga prof. dr. Franje Topi\u0107a, po\u010dasnog predsjednika HKD Napredak i Peu BiH. Rije\u010d je o zbirci kolumni koje je profesor pisao u razdoblju od 2002. do 2017. godine za razli\u010dite novinske medije. Dr. Topi\u0107 se prije svega osvr\u0107e na aktualnu situaciju kako u Bosni i Hercegovini tako i \u0161ire [&hellip;]","og_url":"https:\/\/radioljubuski.ba\/index.php\/2021\/11\/30\/nova-knjiga-prof-dr-franje-topica-bosna-i-hercegovina-nasa-domovina\/","og_site_name":"RADIO LJUBU\u0160KI","article_publisher":"https:\/\/www.facebook.com\/Radiio-Ljubuski-1490835324566332","article_published_time":"2021-11-30T12:21:43+00:00","article_modified_time":"2021-11-30T12:21:44+00:00","og_image":[{"width":1000,"height":625,"url":"https:\/\/radioljubuski.ba\/wp-content\/uploads\/2021\/11\/3-2021-11-30-09-59-45-ftopic.jpg","type":"image\/jpeg"}],"author":"Radio Ljubu\u0161ki","twitter_card":"summary_large_image","twitter_creator":"@radioljubuski","twitter_site":"@radioljubuski","twitter_misc":{"Napisao\/la":"Radio Ljubu\u0161ki","Procijenjeno vrijeme \u010ditanja":"3 minute"},"schema":{"@context":"https:\/\/schema.org","@graph":[{"@type":"Article","@id":"https:\/\/radioljubuski.ba\/index.php\/2021\/11\/30\/nova-knjiga-prof-dr-franje-topica-bosna-i-hercegovina-nasa-domovina\/#article","isPartOf":{"@id":"https:\/\/radioljubuski.ba\/index.php\/2021\/11\/30\/nova-knjiga-prof-dr-franje-topica-bosna-i-hercegovina-nasa-domovina\/"},"author":{"name":"Radio Ljubu\u0161ki","@id":"https:\/\/radioljubuski.ba\/#\/schema\/person\/19fc700381a780f69665d7956c469e3b"},"headline":"Nova knjiga prof. dr. Franje Topi\u0107a: \u201eBosna i Hercegovina na\u0161a domovina\u201c","datePublished":"2021-11-30T12:21:43+00:00","dateModified":"2021-11-30T12:21:44+00:00","mainEntityOfPage":{"@id":"https:\/\/radioljubuski.ba\/index.php\/2021\/11\/30\/nova-knjiga-prof-dr-franje-topica-bosna-i-hercegovina-nasa-domovina\/"},"wordCount":625,"publisher":{"@id":"https:\/\/radioljubuski.ba\/#organization"},"image":{"@id":"https:\/\/radioljubuski.ba\/index.php\/2021\/11\/30\/nova-knjiga-prof-dr-franje-topica-bosna-i-hercegovina-nasa-domovina\/#primaryimage"},"thumbnailUrl":"https:\/\/radioljubuski.ba\/wp-content\/uploads\/2021\/11\/3-2021-11-30-09-59-45-ftopic.jpg","articleSection":["BIH i regija"],"inLanguage":"hr"},{"@type":"WebPage","@id":"https:\/\/radioljubuski.ba\/index.php\/2021\/11\/30\/nova-knjiga-prof-dr-franje-topica-bosna-i-hercegovina-nasa-domovina\/","url":"https:\/\/radioljubuski.ba\/index.php\/2021\/11\/30\/nova-knjiga-prof-dr-franje-topica-bosna-i-hercegovina-nasa-domovina\/","name":"Nova knjiga prof. dr. Franje Topi\u0107a: \u201eBosna i Hercegovina na\u0161a domovina\u201c - RADIO LJUBU\u0160KI","isPartOf":{"@id":"https:\/\/radioljubuski.ba\/#website"},"primaryImageOfPage":{"@id":"https:\/\/radioljubuski.ba\/index.php\/2021\/11\/30\/nova-knjiga-prof-dr-franje-topica-bosna-i-hercegovina-nasa-domovina\/#primaryimage"},"image":{"@id":"https:\/\/radioljubuski.ba\/index.php\/2021\/11\/30\/nova-knjiga-prof-dr-franje-topica-bosna-i-hercegovina-nasa-domovina\/#primaryimage"},"thumbnailUrl":"https:\/\/radioljubuski.ba\/wp-content\/uploads\/2021\/11\/3-2021-11-30-09-59-45-ftopic.jpg","datePublished":"2021-11-30T12:21:43+00:00","dateModified":"2021-11-30T12:21:44+00:00","breadcrumb":{"@id":"https:\/\/radioljubuski.ba\/index.php\/2021\/11\/30\/nova-knjiga-prof-dr-franje-topica-bosna-i-hercegovina-nasa-domovina\/#breadcrumb"},"inLanguage":"hr","potentialAction":[{"@type":"ReadAction","target":["https:\/\/radioljubuski.ba\/index.php\/2021\/11\/30\/nova-knjiga-prof-dr-franje-topica-bosna-i-hercegovina-nasa-domovina\/"]}]},{"@type":"ImageObject","inLanguage":"hr","@id":"https:\/\/radioljubuski.ba\/index.php\/2021\/11\/30\/nova-knjiga-prof-dr-franje-topica-bosna-i-hercegovina-nasa-domovina\/#primaryimage","url":"https:\/\/radioljubuski.ba\/wp-content\/uploads\/2021\/11\/3-2021-11-30-09-59-45-ftopic.jpg","contentUrl":"https:\/\/radioljubuski.ba\/wp-content\/uploads\/2021\/11\/3-2021-11-30-09-59-45-ftopic.jpg","width":1000,"height":625},{"@type":"BreadcrumbList","@id":"https:\/\/radioljubuski.ba\/index.php\/2021\/11\/30\/nova-knjiga-prof-dr-franje-topica-bosna-i-hercegovina-nasa-domovina\/#breadcrumb","itemListElement":[{"@type":"ListItem","position":1,"name":"Po\u010detna stranica","item":"https:\/\/radioljubuski.ba\/"},{"@type":"ListItem","position":2,"name":"Nova knjiga prof. dr. Franje Topi\u0107a: \u201eBosna i Hercegovina na\u0161a domovina\u201c"}]},{"@type":"WebSite","@id":"https:\/\/radioljubuski.ba\/#website","url":"https:\/\/radioljubuski.ba\/","name":"Radio Ljubu\u0161ki","description":"Sun\u010dana frekvencija Hercegovine","publisher":{"@id":"https:\/\/radioljubuski.ba\/#organization"},"potentialAction":[{"@type":"SearchAction","target":{"@type":"EntryPoint","urlTemplate":"https:\/\/radioljubuski.ba\/?s={search_term_string}"},"query-input":{"@type":"PropertyValueSpecification","valueRequired":true,"valueName":"search_term_string"}}],"inLanguage":"hr"},{"@type":"Organization","@id":"https:\/\/radioljubuski.ba\/#organization","name":"Radio Ljubu\u0161ki","url":"https:\/\/radioljubuski.ba\/","logo":{"@type":"ImageObject","inLanguage":"hr","@id":"https:\/\/radioljubuski.ba\/#\/schema\/logo\/image\/","url":"https:\/\/radioljubuski.ba\/wp-content\/uploads\/2021\/02\/cropped-Radio_Ljubuski_logo1.jpg","contentUrl":"https:\/\/radioljubuski.ba\/wp-content\/uploads\/2021\/02\/cropped-Radio_Ljubuski_logo1.jpg","width":512,"height":512,"caption":"Radio Ljubu\u0161ki"},"image":{"@id":"https:\/\/radioljubuski.ba\/#\/schema\/logo\/image\/"},"sameAs":["https:\/\/www.facebook.com\/Radiio-Ljubuski-1490835324566332","https:\/\/x.com\/radioljubuski","https:\/\/hr.linkedin.com\/company\/radio-ljubuski","https:\/\/www.youtube.com\/channel\/UCHYaeO_n0Db3tjNGudGpXyw"]},{"@type":"Person","@id":"https:\/\/radioljubuski.ba\/#\/schema\/person\/19fc700381a780f69665d7956c469e3b","name":"Radio Ljubu\u0161ki"}]}},"_links":{"self":[{"href":"https:\/\/radioljubuski.ba\/index.php\/wp-json\/wp\/v2\/posts\/94153","targetHints":{"allow":["GET"]}}],"collection":[{"href":"https:\/\/radioljubuski.ba\/index.php\/wp-json\/wp\/v2\/posts"}],"about":[{"href":"https:\/\/radioljubuski.ba\/index.php\/wp-json\/wp\/v2\/types\/post"}],"author":[{"embeddable":true,"href":"https:\/\/radioljubuski.ba\/index.php\/wp-json\/wp\/v2\/users\/2"}],"replies":[{"embeddable":true,"href":"https:\/\/radioljubuski.ba\/index.php\/wp-json\/wp\/v2\/comments?post=94153"}],"version-history":[{"count":1,"href":"https:\/\/radioljubuski.ba\/index.php\/wp-json\/wp\/v2\/posts\/94153\/revisions"}],"predecessor-version":[{"id":94155,"href":"https:\/\/radioljubuski.ba\/index.php\/wp-json\/wp\/v2\/posts\/94153\/revisions\/94155"}],"wp:featuredmedia":[{"embeddable":true,"href":"https:\/\/radioljubuski.ba\/index.php\/wp-json\/wp\/v2\/media\/94154"}],"wp:attachment":[{"href":"https:\/\/radioljubuski.ba\/index.php\/wp-json\/wp\/v2\/media?parent=94153"}],"wp:term":[{"taxonomy":"category","embeddable":true,"href":"https:\/\/radioljubuski.ba\/index.php\/wp-json\/wp\/v2\/categories?post=94153"},{"taxonomy":"post_tag","embeddable":true,"href":"https:\/\/radioljubuski.ba\/index.php\/wp-json\/wp\/v2\/tags?post=94153"}],"curies":[{"name":"wp","href":"https:\/\/api.w.org\/{rel}","templated":true}]}}