{"id":94197,"date":"2021-11-30T14:01:17","date_gmt":"2021-11-30T13:01:17","guid":{"rendered":"https:\/\/radioljubuski.ba\/?p=94197"},"modified":"2021-11-30T14:01:19","modified_gmt":"2021-11-30T13:01:19","slug":"obrvan-moramo-ponoviti-obranu-iz-prve-utakmice","status":"publish","type":"post","link":"https:\/\/radioljubuski.ba\/index.php\/2021\/11\/30\/obrvan-moramo-ponoviti-obranu-iz-prve-utakmice\/","title":{"rendered":"Obrvan: Moramo ponoviti obranu iz prve utakmice"},"content":{"rendered":"\n<p>Trener hrvatskog rukometnog prvaka PPD Zagreba <strong>Ivica Obrvan <\/strong>uo\u010di gostovanja kod Montpelliera u 9. kolu skupine A Lige prvaka u srijedu od 20.45 sati naglasio je kako njegovu mom\u010dad o\u010dekuje te\u0161ka utakmica protiv trenuta\u010dno vode\u0107eg sastava skupine.<\/p>\n\n\n\n<p>Gostovanje u Montpellieru &#8220;zagreba\u0161ima&#8221; dolazi tjedan dana nakon \u0161to su protiv Me\u0161kova ostvarili prvu pobjedu u sezoni te stigli na bod zaostatka za Vardarom koji se nalazi na \u0161estom mjestu.<\/p>\n\n\n\n<p>Prije ne\u0161to vi\u0161e od mjesec dana Zagreb je izgubio od Montpelliera na svom terenu sa 22-25.<\/p>\n\n\n\n<p>&#8211; Idemo na jako te\u0161ko gostovanje. Montpellier je na prvom mjestu na\u0161e skupine sa 13 osvojenih bodova. Dodu\u0161e, kao danak tomu platili su neke neplanirane poraze u doma\u0107em prvenstvu, ali to nije neobi\u010dno za francusku ligu. Imaju sjajnu, radnu ekipu koja igra \u010dvrst i agresivan rukomet u oba smjera. \u0160to se ti\u010de na\u0161eg prvog susreta, mi\u0161ljenja sam da je moja ekipa obrambeno odigrala odli\u010dnu utakmicu u kojoj smo i na poluvremenu imali pozitivan rezultat i vodstvo. Na\u017ealost, prvi dio nastavka smo odigrali jako slabo u napadu i time smo Francuze gurnuli prema pobjedi. Ukoliko budemo na tragu takve obrane i u ovoj utakmici u Montpellieru, onda se imamo pravo nadati i biti optimisti, kazao je Obrvan koji se osvrnuo i na zdravstveno stanje svoje mom\u010dadi:<\/p>\n\n\n\n<p>&#8211; Stanje je zadovoljavaju\u0107e osim <strong>Csabe Leimetera <\/strong>koji je na zadnjem susretu s Brestom zadobio ozljedu prsta na stopalu zbog koje, na\u017ealost, ne\u0107e konkurirati za sastav u srijedu.<\/p>\n\n\n\n<blockquote class=\"twitter-tweet\"><p lang=\"und\" dir=\"ltr\">[ <a href=\"https:\/\/twitter.com\/ehfcl?ref_src=twsrc%5Etfw\">@ehfcl<\/a> ] <br><br>Treba ponoviti obranu iz prve utakmice s <a href=\"https:\/\/twitter.com\/mhbofficiel?ref_src=twsrc%5Etfw\">@mhbofficiel<\/a> i popraviti napad, slo\u017eili su se trener Obrvan i kapetan Mandi\u0107 u najavi sutra\u0161njeg gostovanja\ud83d\udd1c<br><br>Cijele izjave na\u0161eg trenera i kapetana mo\u017eete pro\u010ditati \ud83d\udc47<a href=\"https:\/\/twitter.com\/hashtag\/IznadSvihZagreb?src=hash&amp;ref_src=twsrc%5Etfw\">#IznadSvihZagreb<\/a> <a href=\"https:\/\/twitter.com\/hashtag\/ehfcl?src=hash&amp;ref_src=twsrc%5Etfw\">#ehfcl<\/a><a href=\"https:\/\/t.co\/SMRHajHGl7\">https:\/\/t.co\/SMRHajHGl7<\/a><\/p>&mdash; RK PPD Zagreb (@RKZagreb) <a href=\"https:\/\/twitter.com\/RKZagreb\/status\/1465590921509150721?ref_src=twsrc%5Etfw\">November 30, 2021<\/a><\/blockquote> <script async src=\"https:\/\/platform.twitter.com\/widgets.js\" charset=\"utf-8\"><\/script> \n\n\n\n<p>Kapetan hrvatskog prvaka <strong>David Mandi\u0107 <\/strong>optimist je pred odlazak na jug Francuske:<\/p>\n\n\n\n<p>&#8211; Montpellier je sjajna ekipa, \u0161to se vidi i iz pogleda na na\u0161u skupinu u Ligi prvaka. Ipak, mislim da im mo\u017eemo parirati, a recept za to bi bio da ponovimo obranu iz prve utakmice gdje smo u tom segmentu igre bili sjajni. Pritom, dakako, ne smijemo olako raditi tehni\u010dke gre\u0161ke u napadu. Kada pogledamo taj prvi susret u Zagrebu onda je sasvim jasno da smo 45 minuta bili ravnopravan takmac, a da bi sve to zeznuli u prvih 15 minuta nastavka kada smo radili po\u010detni\u010dke gre\u0161ke u napadu, \u0161to su oni znali kazniti. Putujemo u Francusku rastere\u0107eni i s nadom da mo\u017eemo ostvariti \u0161to bolji rezultat.<\/p>\n\n\n\n<p>Izvor:hrt.hr<\/p>\n","protected":false},"excerpt":{"rendered":"<p>Trener hrvatskog rukometnog prvaka PPD Zagreba Ivica Obrvan uo\u010di gostovanja kod Montpelliera u 9. kolu skupine A Lige prvaka u srijedu od 20.45 sati naglasio je kako njegovu mom\u010dad o\u010dekuje te\u0161ka utakmica protiv trenuta\u010dno vode\u0107eg sastava skupine. Gostovanje u Montpellieru &#8220;zagreba\u0161ima&#8221; dolazi tjedan dana nakon \u0161to su protiv Me\u0161kova ostvarili prvu pobjedu u sezoni te [&hellip;]<\/p>\n","protected":false},"author":2,"featured_media":0,"comment_status":"closed","ping_status":"closed","sticky":false,"template":"","format":"standard","meta":{"h5ap_radio_sources":[],"footnotes":""},"categories":[7],"tags":[],"class_list":["post-94197","post","type-post","status-publish","format-standard","hentry","category-sport"],"yoast_head":"<!-- This site is optimized with the Yoast SEO plugin v27.4 - https:\/\/yoast.com\/product\/yoast-seo-wordpress\/ -->\n<title>Obrvan: Moramo ponoviti obranu iz prve utakmice - RADIO LJUBU\u0160KI<\/title>\n<meta name=\"robots\" content=\"index, follow, max-snippet:-1, max-image-preview:large, max-video-preview:-1\" \/>\n<link rel=\"canonical\" href=\"https:\/\/radioljubuski.ba\/index.php\/2021\/11\/30\/obrvan-moramo-ponoviti-obranu-iz-prve-utakmice\/\" \/>\n<meta property=\"og:locale\" content=\"hr_HR\" \/>\n<meta property=\"og:type\" content=\"article\" \/>\n<meta property=\"og:title\" content=\"Obrvan: Moramo ponoviti obranu iz prve utakmice - RADIO LJUBU\u0160KI\" \/>\n<meta property=\"og:description\" content=\"Trener hrvatskog rukometnog prvaka PPD Zagreba Ivica Obrvan uo\u010di gostovanja kod Montpelliera u 9. kolu skupine A Lige prvaka u srijedu od 20.45 sati naglasio je kako njegovu mom\u010dad o\u010dekuje te\u0161ka utakmica protiv trenuta\u010dno vode\u0107eg sastava skupine. Gostovanje u Montpellieru &#8220;zagreba\u0161ima&#8221; dolazi tjedan dana nakon \u0161to su protiv Me\u0161kova ostvarili prvu pobjedu u sezoni te [&hellip;]\" \/>\n<meta property=\"og:url\" content=\"https:\/\/radioljubuski.ba\/index.php\/2021\/11\/30\/obrvan-moramo-ponoviti-obranu-iz-prve-utakmice\/\" \/>\n<meta property=\"og:site_name\" content=\"RADIO LJUBU\u0160KI\" \/>\n<meta property=\"article:publisher\" content=\"https:\/\/www.facebook.com\/Radiio-Ljubuski-1490835324566332\" \/>\n<meta property=\"article:published_time\" content=\"2021-11-30T13:01:17+00:00\" \/>\n<meta property=\"article:modified_time\" content=\"2021-11-30T13:01:19+00:00\" \/>\n<meta property=\"og:image\" content=\"https:\/\/radioljubuski.ba\/wp-content\/uploads\/2021\/10\/pxl-290921-34846812-20211018131747.jpg\" \/>\n\t<meta property=\"og:image:width\" content=\"1600\" \/>\n\t<meta property=\"og:image:height\" content=\"1066\" \/>\n\t<meta property=\"og:image:type\" content=\"image\/jpeg\" \/>\n<meta name=\"author\" content=\"Radio Ljubu\u0161ki\" \/>\n<meta name=\"twitter:card\" content=\"summary_large_image\" \/>\n<meta name=\"twitter:creator\" content=\"@radioljubuski\" \/>\n<meta name=\"twitter:site\" content=\"@radioljubuski\" \/>\n<meta name=\"twitter:label1\" content=\"Napisao\/la\" \/>\n\t<meta name=\"twitter:data1\" content=\"Radio Ljubu\u0161ki\" \/>\n\t<meta name=\"twitter:label2\" content=\"Procijenjeno vrijeme \u010ditanja\" \/>\n\t<meta name=\"twitter:data2\" content=\"2 minute\" \/>\n<script type=\"application\/ld+json\" class=\"yoast-schema-graph\">{\"@context\":\"https:\\\/\\\/schema.org\",\"@graph\":[{\"@type\":\"Article\",\"@id\":\"https:\\\/\\\/radioljubuski.ba\\\/index.php\\\/2021\\\/11\\\/30\\\/obrvan-moramo-ponoviti-obranu-iz-prve-utakmice\\\/#article\",\"isPartOf\":{\"@id\":\"https:\\\/\\\/radioljubuski.ba\\\/index.php\\\/2021\\\/11\\\/30\\\/obrvan-moramo-ponoviti-obranu-iz-prve-utakmice\\\/\"},\"author\":{\"name\":\"Radio Ljubu\u0161ki\",\"@id\":\"https:\\\/\\\/radioljubuski.ba\\\/#\\\/schema\\\/person\\\/19fc700381a780f69665d7956c469e3b\"},\"headline\":\"Obrvan: Moramo ponoviti obranu iz prve utakmice\",\"datePublished\":\"2021-11-30T13:01:17+00:00\",\"dateModified\":\"2021-11-30T13:01:19+00:00\",\"mainEntityOfPage\":{\"@id\":\"https:\\\/\\\/radioljubuski.ba\\\/index.php\\\/2021\\\/11\\\/30\\\/obrvan-moramo-ponoviti-obranu-iz-prve-utakmice\\\/\"},\"wordCount\":442,\"publisher\":{\"@id\":\"https:\\\/\\\/radioljubuski.ba\\\/#organization\"},\"articleSection\":[\"\u0160port\"],\"inLanguage\":\"hr\"},{\"@type\":\"WebPage\",\"@id\":\"https:\\\/\\\/radioljubuski.ba\\\/index.php\\\/2021\\\/11\\\/30\\\/obrvan-moramo-ponoviti-obranu-iz-prve-utakmice\\\/\",\"url\":\"https:\\\/\\\/radioljubuski.ba\\\/index.php\\\/2021\\\/11\\\/30\\\/obrvan-moramo-ponoviti-obranu-iz-prve-utakmice\\\/\",\"name\":\"Obrvan: Moramo ponoviti obranu iz prve utakmice - RADIO LJUBU\u0160KI\",\"isPartOf\":{\"@id\":\"https:\\\/\\\/radioljubuski.ba\\\/#website\"},\"datePublished\":\"2021-11-30T13:01:17+00:00\",\"dateModified\":\"2021-11-30T13:01:19+00:00\",\"breadcrumb\":{\"@id\":\"https:\\\/\\\/radioljubuski.ba\\\/index.php\\\/2021\\\/11\\\/30\\\/obrvan-moramo-ponoviti-obranu-iz-prve-utakmice\\\/#breadcrumb\"},\"inLanguage\":\"hr\",\"potentialAction\":[{\"@type\":\"ReadAction\",\"target\":[\"https:\\\/\\\/radioljubuski.ba\\\/index.php\\\/2021\\\/11\\\/30\\\/obrvan-moramo-ponoviti-obranu-iz-prve-utakmice\\\/\"]}]},{\"@type\":\"BreadcrumbList\",\"@id\":\"https:\\\/\\\/radioljubuski.ba\\\/index.php\\\/2021\\\/11\\\/30\\\/obrvan-moramo-ponoviti-obranu-iz-prve-utakmice\\\/#breadcrumb\",\"itemListElement\":[{\"@type\":\"ListItem\",\"position\":1,\"name\":\"Po\u010detna stranica\",\"item\":\"https:\\\/\\\/radioljubuski.ba\\\/\"},{\"@type\":\"ListItem\",\"position\":2,\"name\":\"Obrvan: Moramo ponoviti obranu iz prve utakmice\"}]},{\"@type\":\"WebSite\",\"@id\":\"https:\\\/\\\/radioljubuski.ba\\\/#website\",\"url\":\"https:\\\/\\\/radioljubuski.ba\\\/\",\"name\":\"Radio Ljubu\u0161ki\",\"description\":\"Sun\u010dana frekvencija Hercegovine\",\"publisher\":{\"@id\":\"https:\\\/\\\/radioljubuski.ba\\\/#organization\"},\"potentialAction\":[{\"@type\":\"SearchAction\",\"target\":{\"@type\":\"EntryPoint\",\"urlTemplate\":\"https:\\\/\\\/radioljubuski.ba\\\/?s={search_term_string}\"},\"query-input\":{\"@type\":\"PropertyValueSpecification\",\"valueRequired\":true,\"valueName\":\"search_term_string\"}}],\"inLanguage\":\"hr\"},{\"@type\":\"Organization\",\"@id\":\"https:\\\/\\\/radioljubuski.ba\\\/#organization\",\"name\":\"Radio Ljubu\u0161ki\",\"url\":\"https:\\\/\\\/radioljubuski.ba\\\/\",\"logo\":{\"@type\":\"ImageObject\",\"inLanguage\":\"hr\",\"@id\":\"https:\\\/\\\/radioljubuski.ba\\\/#\\\/schema\\\/logo\\\/image\\\/\",\"url\":\"https:\\\/\\\/radioljubuski.ba\\\/wp-content\\\/uploads\\\/2021\\\/02\\\/cropped-Radio_Ljubuski_logo1.jpg\",\"contentUrl\":\"https:\\\/\\\/radioljubuski.ba\\\/wp-content\\\/uploads\\\/2021\\\/02\\\/cropped-Radio_Ljubuski_logo1.jpg\",\"width\":512,\"height\":512,\"caption\":\"Radio Ljubu\u0161ki\"},\"image\":{\"@id\":\"https:\\\/\\\/radioljubuski.ba\\\/#\\\/schema\\\/logo\\\/image\\\/\"},\"sameAs\":[\"https:\\\/\\\/www.facebook.com\\\/Radiio-Ljubuski-1490835324566332\",\"https:\\\/\\\/x.com\\\/radioljubuski\",\"https:\\\/\\\/hr.linkedin.com\\\/company\\\/radio-ljubuski\",\"https:\\\/\\\/www.youtube.com\\\/channel\\\/UCHYaeO_n0Db3tjNGudGpXyw\"]},{\"@type\":\"Person\",\"@id\":\"https:\\\/\\\/radioljubuski.ba\\\/#\\\/schema\\\/person\\\/19fc700381a780f69665d7956c469e3b\",\"name\":\"Radio Ljubu\u0161ki\"}]}<\/script>\n<!-- \/ Yoast SEO plugin. -->","yoast_head_json":{"title":"Obrvan: Moramo ponoviti obranu iz prve utakmice - RADIO LJUBU\u0160KI","robots":{"index":"index","follow":"follow","max-snippet":"max-snippet:-1","max-image-preview":"max-image-preview:large","max-video-preview":"max-video-preview:-1"},"canonical":"https:\/\/radioljubuski.ba\/index.php\/2021\/11\/30\/obrvan-moramo-ponoviti-obranu-iz-prve-utakmice\/","og_locale":"hr_HR","og_type":"article","og_title":"Obrvan: Moramo ponoviti obranu iz prve utakmice - RADIO LJUBU\u0160KI","og_description":"Trener hrvatskog rukometnog prvaka PPD Zagreba Ivica Obrvan uo\u010di gostovanja kod Montpelliera u 9. kolu skupine A Lige prvaka u srijedu od 20.45 sati naglasio je kako njegovu mom\u010dad o\u010dekuje te\u0161ka utakmica protiv trenuta\u010dno vode\u0107eg sastava skupine. Gostovanje u Montpellieru &#8220;zagreba\u0161ima&#8221; dolazi tjedan dana nakon \u0161to su protiv Me\u0161kova ostvarili prvu pobjedu u sezoni te [&hellip;]","og_url":"https:\/\/radioljubuski.ba\/index.php\/2021\/11\/30\/obrvan-moramo-ponoviti-obranu-iz-prve-utakmice\/","og_site_name":"RADIO LJUBU\u0160KI","article_publisher":"https:\/\/www.facebook.com\/Radiio-Ljubuski-1490835324566332","article_published_time":"2021-11-30T13:01:17+00:00","article_modified_time":"2021-11-30T13:01:19+00:00","og_image":[{"width":1600,"height":1066,"url":"https:\/\/radioljubuski.ba\/wp-content\/uploads\/2021\/10\/pxl-290921-34846812-20211018131747.jpg","type":"image\/jpeg"}],"author":"Radio Ljubu\u0161ki","twitter_card":"summary_large_image","twitter_creator":"@radioljubuski","twitter_site":"@radioljubuski","twitter_misc":{"Napisao\/la":"Radio Ljubu\u0161ki","Procijenjeno vrijeme \u010ditanja":"2 minute"},"schema":{"@context":"https:\/\/schema.org","@graph":[{"@type":"Article","@id":"https:\/\/radioljubuski.ba\/index.php\/2021\/11\/30\/obrvan-moramo-ponoviti-obranu-iz-prve-utakmice\/#article","isPartOf":{"@id":"https:\/\/radioljubuski.ba\/index.php\/2021\/11\/30\/obrvan-moramo-ponoviti-obranu-iz-prve-utakmice\/"},"author":{"name":"Radio Ljubu\u0161ki","@id":"https:\/\/radioljubuski.ba\/#\/schema\/person\/19fc700381a780f69665d7956c469e3b"},"headline":"Obrvan: Moramo ponoviti obranu iz prve utakmice","datePublished":"2021-11-30T13:01:17+00:00","dateModified":"2021-11-30T13:01:19+00:00","mainEntityOfPage":{"@id":"https:\/\/radioljubuski.ba\/index.php\/2021\/11\/30\/obrvan-moramo-ponoviti-obranu-iz-prve-utakmice\/"},"wordCount":442,"publisher":{"@id":"https:\/\/radioljubuski.ba\/#organization"},"articleSection":["\u0160port"],"inLanguage":"hr"},{"@type":"WebPage","@id":"https:\/\/radioljubuski.ba\/index.php\/2021\/11\/30\/obrvan-moramo-ponoviti-obranu-iz-prve-utakmice\/","url":"https:\/\/radioljubuski.ba\/index.php\/2021\/11\/30\/obrvan-moramo-ponoviti-obranu-iz-prve-utakmice\/","name":"Obrvan: Moramo ponoviti obranu iz prve utakmice - RADIO LJUBU\u0160KI","isPartOf":{"@id":"https:\/\/radioljubuski.ba\/#website"},"datePublished":"2021-11-30T13:01:17+00:00","dateModified":"2021-11-30T13:01:19+00:00","breadcrumb":{"@id":"https:\/\/radioljubuski.ba\/index.php\/2021\/11\/30\/obrvan-moramo-ponoviti-obranu-iz-prve-utakmice\/#breadcrumb"},"inLanguage":"hr","potentialAction":[{"@type":"ReadAction","target":["https:\/\/radioljubuski.ba\/index.php\/2021\/11\/30\/obrvan-moramo-ponoviti-obranu-iz-prve-utakmice\/"]}]},{"@type":"BreadcrumbList","@id":"https:\/\/radioljubuski.ba\/index.php\/2021\/11\/30\/obrvan-moramo-ponoviti-obranu-iz-prve-utakmice\/#breadcrumb","itemListElement":[{"@type":"ListItem","position":1,"name":"Po\u010detna stranica","item":"https:\/\/radioljubuski.ba\/"},{"@type":"ListItem","position":2,"name":"Obrvan: Moramo ponoviti obranu iz prve utakmice"}]},{"@type":"WebSite","@id":"https:\/\/radioljubuski.ba\/#website","url":"https:\/\/radioljubuski.ba\/","name":"Radio Ljubu\u0161ki","description":"Sun\u010dana frekvencija Hercegovine","publisher":{"@id":"https:\/\/radioljubuski.ba\/#organization"},"potentialAction":[{"@type":"SearchAction","target":{"@type":"EntryPoint","urlTemplate":"https:\/\/radioljubuski.ba\/?s={search_term_string}"},"query-input":{"@type":"PropertyValueSpecification","valueRequired":true,"valueName":"search_term_string"}}],"inLanguage":"hr"},{"@type":"Organization","@id":"https:\/\/radioljubuski.ba\/#organization","name":"Radio Ljubu\u0161ki","url":"https:\/\/radioljubuski.ba\/","logo":{"@type":"ImageObject","inLanguage":"hr","@id":"https:\/\/radioljubuski.ba\/#\/schema\/logo\/image\/","url":"https:\/\/radioljubuski.ba\/wp-content\/uploads\/2021\/02\/cropped-Radio_Ljubuski_logo1.jpg","contentUrl":"https:\/\/radioljubuski.ba\/wp-content\/uploads\/2021\/02\/cropped-Radio_Ljubuski_logo1.jpg","width":512,"height":512,"caption":"Radio Ljubu\u0161ki"},"image":{"@id":"https:\/\/radioljubuski.ba\/#\/schema\/logo\/image\/"},"sameAs":["https:\/\/www.facebook.com\/Radiio-Ljubuski-1490835324566332","https:\/\/x.com\/radioljubuski","https:\/\/hr.linkedin.com\/company\/radio-ljubuski","https:\/\/www.youtube.com\/channel\/UCHYaeO_n0Db3tjNGudGpXyw"]},{"@type":"Person","@id":"https:\/\/radioljubuski.ba\/#\/schema\/person\/19fc700381a780f69665d7956c469e3b","name":"Radio Ljubu\u0161ki"}]}},"_links":{"self":[{"href":"https:\/\/radioljubuski.ba\/index.php\/wp-json\/wp\/v2\/posts\/94197","targetHints":{"allow":["GET"]}}],"collection":[{"href":"https:\/\/radioljubuski.ba\/index.php\/wp-json\/wp\/v2\/posts"}],"about":[{"href":"https:\/\/radioljubuski.ba\/index.php\/wp-json\/wp\/v2\/types\/post"}],"author":[{"embeddable":true,"href":"https:\/\/radioljubuski.ba\/index.php\/wp-json\/wp\/v2\/users\/2"}],"replies":[{"embeddable":true,"href":"https:\/\/radioljubuski.ba\/index.php\/wp-json\/wp\/v2\/comments?post=94197"}],"version-history":[{"count":1,"href":"https:\/\/radioljubuski.ba\/index.php\/wp-json\/wp\/v2\/posts\/94197\/revisions"}],"predecessor-version":[{"id":94198,"href":"https:\/\/radioljubuski.ba\/index.php\/wp-json\/wp\/v2\/posts\/94197\/revisions\/94198"}],"wp:attachment":[{"href":"https:\/\/radioljubuski.ba\/index.php\/wp-json\/wp\/v2\/media?parent=94197"}],"wp:term":[{"taxonomy":"category","embeddable":true,"href":"https:\/\/radioljubuski.ba\/index.php\/wp-json\/wp\/v2\/categories?post=94197"},{"taxonomy":"post_tag","embeddable":true,"href":"https:\/\/radioljubuski.ba\/index.php\/wp-json\/wp\/v2\/tags?post=94197"}],"curies":[{"name":"wp","href":"https:\/\/api.w.org\/{rel}","templated":true}]}}