{"id":94227,"date":"2021-11-30T14:28:58","date_gmt":"2021-11-30T13:28:58","guid":{"rendered":"https:\/\/radioljubuski.ba\/?p=94227"},"modified":"2021-11-30T14:28:59","modified_gmt":"2021-11-30T13:28:59","slug":"marca-o-zlatnoj-lopti-ponizenje-za-europu","status":"publish","type":"post","link":"https:\/\/radioljubuski.ba\/index.php\/2021\/11\/30\/marca-o-zlatnoj-lopti-ponizenje-za-europu\/","title":{"rendered":"Marca o Zlatnoj lopti: Poni\u017eenje za Europu"},"content":{"rendered":"\n<p>&#8220;Znate li \u0161to je zajedni\u010dko Adrianu 2004., Robinhu 2007., Luisu Suarezu 2011., Alexisu Sanchezu 2016. i Daniju Alvesu 2019. godine? Svi su osvojili Copa Americu, svi su izabrani za najboljeg igra\u010da turnira. I nijedan od njih nije osvojio Zlatnu loptu&#8221;, tako novinar Marce Raul Varela po\u010dinje tekst o ju\u010dera\u0161njoj dodjeli Zlatne lopte.<\/p>\n\n\n\n<p>Lionel Messi u Parizu je osvojio svoju sedmu Zlatnu loptu. Novinari koji su glasali procijenili su da su Messijeve igre pro\u0161le sezone i njegovo osvajanje Copa Americe s Argentinom dovoljni za prvo mjesto ispred Roberta Lewandowskog i Jorginha.<\/p>\n\n\n\n<p>&#8220;Europa se poni\u017eava. Odustanite od aktualnog poretka u svjetskom nogometu jer od ju\u010der znamo da Copa America ima ve\u0107u te\u017einu i vrijednost od Europskog prvenstva i Lige prvaka. Bez obzira na to \u0161to ka\u017ee FIFA-ina ljestvica u kojoj Ju\u017enoamerikanci imaju samo pet zemalja u prvih 20. Nije bitno koja je najzahtjevnija liga svijeta, o\u010dito da su Urugvaj, Paragvaj, \u010cile, Bolivija, Ekvador, Kolumbija i Brazil nivo iznad Liverpoola, Bayerna, Atletica, Belgije, Engleske ili \u0160panjolske&#8221;, pi\u0161e Marca.<\/p>\n\n\n\n<p>&#8220;Messijeve titule su bile manje vrijedne od Jorginhovih pro\u0161le sezone. Zabio je manje od Lewandowskog, a nije ni imao utjecaj na igre mom\u010dadi poput Karima Benzeme. \u0160to je sljede\u0107e? Da 2022. najbolji igra\u010d Afri\u010dkog kupa nacija bude nagra\u0111en Zlatnom loptom. Dodu\u0161e, postoji jedan problem. Messi ne igra na tom natjecanju.&#8221;<\/p>\n\n\n\n<p>Messi je Zlatnu loptu osvojio s 33 glasa prednosti ispred Lewandowskog.<\/p>\n\n\n\n<p>Izvor:index.hr<\/p>\n","protected":false},"excerpt":{"rendered":"<p>&#8220;Znate li \u0161to je zajedni\u010dko Adrianu 2004., Robinhu 2007., Luisu Suarezu 2011., Alexisu Sanchezu 2016. i Daniju Alvesu 2019. godine? Svi su osvojili Copa Americu, svi su izabrani za najboljeg igra\u010da turnira. I nijedan od njih nije osvojio Zlatnu loptu&#8221;, tako novinar Marce Raul Varela po\u010dinje tekst o ju\u010dera\u0161njoj dodjeli Zlatne lopte. Lionel Messi u [&hellip;]<\/p>\n","protected":false},"author":2,"featured_media":94228,"comment_status":"closed","ping_status":"closed","sticky":false,"template":"","format":"standard","meta":{"h5ap_radio_sources":[],"footnotes":""},"categories":[7],"tags":[],"class_list":["post-94227","post","type-post","status-publish","format-standard","has-post-thumbnail","hentry","category-sport"],"yoast_head":"<!-- This site is optimized with the Yoast SEO plugin v27.4 - https:\/\/yoast.com\/product\/yoast-seo-wordpress\/ -->\n<title>Marca o Zlatnoj lopti: Poni\u017eenje za Europu - RADIO LJUBU\u0160KI<\/title>\n<meta name=\"robots\" content=\"index, follow, max-snippet:-1, max-image-preview:large, max-video-preview:-1\" \/>\n<link rel=\"canonical\" href=\"https:\/\/radioljubuski.ba\/index.php\/2021\/11\/30\/marca-o-zlatnoj-lopti-ponizenje-za-europu\/\" \/>\n<meta property=\"og:locale\" content=\"hr_HR\" \/>\n<meta property=\"og:type\" content=\"article\" \/>\n<meta property=\"og:title\" content=\"Marca o Zlatnoj lopti: Poni\u017eenje za Europu - RADIO LJUBU\u0160KI\" \/>\n<meta property=\"og:description\" content=\"&#8220;Znate li \u0161to je zajedni\u010dko Adrianu 2004., Robinhu 2007., Luisu Suarezu 2011., Alexisu Sanchezu 2016. i Daniju Alvesu 2019. godine? Svi su osvojili Copa Americu, svi su izabrani za najboljeg igra\u010da turnira. I nijedan od njih nije osvojio Zlatnu loptu&#8221;, tako novinar Marce Raul Varela po\u010dinje tekst o ju\u010dera\u0161njoj dodjeli Zlatne lopte. Lionel Messi u [&hellip;]\" \/>\n<meta property=\"og:url\" content=\"https:\/\/radioljubuski.ba\/index.php\/2021\/11\/30\/marca-o-zlatnoj-lopti-ponizenje-za-europu\/\" \/>\n<meta property=\"og:site_name\" content=\"RADIO LJUBU\u0160KI\" \/>\n<meta property=\"article:publisher\" content=\"https:\/\/www.facebook.com\/Radiio-Ljubuski-1490835324566332\" \/>\n<meta property=\"article:published_time\" content=\"2021-11-30T13:28:58+00:00\" \/>\n<meta property=\"article:modified_time\" content=\"2021-11-30T13:28:59+00:00\" \/>\n<meta property=\"og:image\" content=\"https:\/\/radioljubuski.ba\/wp-content\/uploads\/2021\/11\/8-2021-11-30-07-11-29-MESSI.jpg\" \/>\n\t<meta property=\"og:image:width\" content=\"1000\" \/>\n\t<meta property=\"og:image:height\" content=\"625\" \/>\n\t<meta property=\"og:image:type\" content=\"image\/jpeg\" \/>\n<meta name=\"author\" content=\"Radio Ljubu\u0161ki\" \/>\n<meta name=\"twitter:card\" content=\"summary_large_image\" \/>\n<meta name=\"twitter:creator\" content=\"@radioljubuski\" \/>\n<meta name=\"twitter:site\" content=\"@radioljubuski\" \/>\n<meta name=\"twitter:label1\" content=\"Napisao\/la\" \/>\n\t<meta name=\"twitter:data1\" content=\"Radio Ljubu\u0161ki\" \/>\n\t<meta name=\"twitter:label2\" content=\"Procijenjeno vrijeme \u010ditanja\" \/>\n\t<meta name=\"twitter:data2\" content=\"1 minuta\" \/>\n<script type=\"application\/ld+json\" class=\"yoast-schema-graph\">{\"@context\":\"https:\\\/\\\/schema.org\",\"@graph\":[{\"@type\":\"Article\",\"@id\":\"https:\\\/\\\/radioljubuski.ba\\\/index.php\\\/2021\\\/11\\\/30\\\/marca-o-zlatnoj-lopti-ponizenje-za-europu\\\/#article\",\"isPartOf\":{\"@id\":\"https:\\\/\\\/radioljubuski.ba\\\/index.php\\\/2021\\\/11\\\/30\\\/marca-o-zlatnoj-lopti-ponizenje-za-europu\\\/\"},\"author\":{\"name\":\"Radio Ljubu\u0161ki\",\"@id\":\"https:\\\/\\\/radioljubuski.ba\\\/#\\\/schema\\\/person\\\/19fc700381a780f69665d7956c469e3b\"},\"headline\":\"Marca o Zlatnoj lopti: Poni\u017eenje za Europu\",\"datePublished\":\"2021-11-30T13:28:58+00:00\",\"dateModified\":\"2021-11-30T13:28:59+00:00\",\"mainEntityOfPage\":{\"@id\":\"https:\\\/\\\/radioljubuski.ba\\\/index.php\\\/2021\\\/11\\\/30\\\/marca-o-zlatnoj-lopti-ponizenje-za-europu\\\/\"},\"wordCount\":249,\"publisher\":{\"@id\":\"https:\\\/\\\/radioljubuski.ba\\\/#organization\"},\"image\":{\"@id\":\"https:\\\/\\\/radioljubuski.ba\\\/index.php\\\/2021\\\/11\\\/30\\\/marca-o-zlatnoj-lopti-ponizenje-za-europu\\\/#primaryimage\"},\"thumbnailUrl\":\"https:\\\/\\\/radioljubuski.ba\\\/wp-content\\\/uploads\\\/2021\\\/11\\\/8-2021-11-30-07-11-29-MESSI.jpg\",\"articleSection\":[\"\u0160port\"],\"inLanguage\":\"hr\"},{\"@type\":\"WebPage\",\"@id\":\"https:\\\/\\\/radioljubuski.ba\\\/index.php\\\/2021\\\/11\\\/30\\\/marca-o-zlatnoj-lopti-ponizenje-za-europu\\\/\",\"url\":\"https:\\\/\\\/radioljubuski.ba\\\/index.php\\\/2021\\\/11\\\/30\\\/marca-o-zlatnoj-lopti-ponizenje-za-europu\\\/\",\"name\":\"Marca o Zlatnoj lopti: Poni\u017eenje za Europu - RADIO LJUBU\u0160KI\",\"isPartOf\":{\"@id\":\"https:\\\/\\\/radioljubuski.ba\\\/#website\"},\"primaryImageOfPage\":{\"@id\":\"https:\\\/\\\/radioljubuski.ba\\\/index.php\\\/2021\\\/11\\\/30\\\/marca-o-zlatnoj-lopti-ponizenje-za-europu\\\/#primaryimage\"},\"image\":{\"@id\":\"https:\\\/\\\/radioljubuski.ba\\\/index.php\\\/2021\\\/11\\\/30\\\/marca-o-zlatnoj-lopti-ponizenje-za-europu\\\/#primaryimage\"},\"thumbnailUrl\":\"https:\\\/\\\/radioljubuski.ba\\\/wp-content\\\/uploads\\\/2021\\\/11\\\/8-2021-11-30-07-11-29-MESSI.jpg\",\"datePublished\":\"2021-11-30T13:28:58+00:00\",\"dateModified\":\"2021-11-30T13:28:59+00:00\",\"breadcrumb\":{\"@id\":\"https:\\\/\\\/radioljubuski.ba\\\/index.php\\\/2021\\\/11\\\/30\\\/marca-o-zlatnoj-lopti-ponizenje-za-europu\\\/#breadcrumb\"},\"inLanguage\":\"hr\",\"potentialAction\":[{\"@type\":\"ReadAction\",\"target\":[\"https:\\\/\\\/radioljubuski.ba\\\/index.php\\\/2021\\\/11\\\/30\\\/marca-o-zlatnoj-lopti-ponizenje-za-europu\\\/\"]}]},{\"@type\":\"ImageObject\",\"inLanguage\":\"hr\",\"@id\":\"https:\\\/\\\/radioljubuski.ba\\\/index.php\\\/2021\\\/11\\\/30\\\/marca-o-zlatnoj-lopti-ponizenje-za-europu\\\/#primaryimage\",\"url\":\"https:\\\/\\\/radioljubuski.ba\\\/wp-content\\\/uploads\\\/2021\\\/11\\\/8-2021-11-30-07-11-29-MESSI.jpg\",\"contentUrl\":\"https:\\\/\\\/radioljubuski.ba\\\/wp-content\\\/uploads\\\/2021\\\/11\\\/8-2021-11-30-07-11-29-MESSI.jpg\",\"width\":1000,\"height\":625},{\"@type\":\"BreadcrumbList\",\"@id\":\"https:\\\/\\\/radioljubuski.ba\\\/index.php\\\/2021\\\/11\\\/30\\\/marca-o-zlatnoj-lopti-ponizenje-za-europu\\\/#breadcrumb\",\"itemListElement\":[{\"@type\":\"ListItem\",\"position\":1,\"name\":\"Po\u010detna stranica\",\"item\":\"https:\\\/\\\/radioljubuski.ba\\\/\"},{\"@type\":\"ListItem\",\"position\":2,\"name\":\"Marca o Zlatnoj lopti: Poni\u017eenje za Europu\"}]},{\"@type\":\"WebSite\",\"@id\":\"https:\\\/\\\/radioljubuski.ba\\\/#website\",\"url\":\"https:\\\/\\\/radioljubuski.ba\\\/\",\"name\":\"Radio Ljubu\u0161ki\",\"description\":\"Sun\u010dana frekvencija Hercegovine\",\"publisher\":{\"@id\":\"https:\\\/\\\/radioljubuski.ba\\\/#organization\"},\"potentialAction\":[{\"@type\":\"SearchAction\",\"target\":{\"@type\":\"EntryPoint\",\"urlTemplate\":\"https:\\\/\\\/radioljubuski.ba\\\/?s={search_term_string}\"},\"query-input\":{\"@type\":\"PropertyValueSpecification\",\"valueRequired\":true,\"valueName\":\"search_term_string\"}}],\"inLanguage\":\"hr\"},{\"@type\":\"Organization\",\"@id\":\"https:\\\/\\\/radioljubuski.ba\\\/#organization\",\"name\":\"Radio Ljubu\u0161ki\",\"url\":\"https:\\\/\\\/radioljubuski.ba\\\/\",\"logo\":{\"@type\":\"ImageObject\",\"inLanguage\":\"hr\",\"@id\":\"https:\\\/\\\/radioljubuski.ba\\\/#\\\/schema\\\/logo\\\/image\\\/\",\"url\":\"https:\\\/\\\/radioljubuski.ba\\\/wp-content\\\/uploads\\\/2021\\\/02\\\/cropped-Radio_Ljubuski_logo1.jpg\",\"contentUrl\":\"https:\\\/\\\/radioljubuski.ba\\\/wp-content\\\/uploads\\\/2021\\\/02\\\/cropped-Radio_Ljubuski_logo1.jpg\",\"width\":512,\"height\":512,\"caption\":\"Radio Ljubu\u0161ki\"},\"image\":{\"@id\":\"https:\\\/\\\/radioljubuski.ba\\\/#\\\/schema\\\/logo\\\/image\\\/\"},\"sameAs\":[\"https:\\\/\\\/www.facebook.com\\\/Radiio-Ljubuski-1490835324566332\",\"https:\\\/\\\/x.com\\\/radioljubuski\",\"https:\\\/\\\/hr.linkedin.com\\\/company\\\/radio-ljubuski\",\"https:\\\/\\\/www.youtube.com\\\/channel\\\/UCHYaeO_n0Db3tjNGudGpXyw\"]},{\"@type\":\"Person\",\"@id\":\"https:\\\/\\\/radioljubuski.ba\\\/#\\\/schema\\\/person\\\/19fc700381a780f69665d7956c469e3b\",\"name\":\"Radio Ljubu\u0161ki\"}]}<\/script>\n<!-- \/ Yoast SEO plugin. -->","yoast_head_json":{"title":"Marca o Zlatnoj lopti: Poni\u017eenje za Europu - RADIO LJUBU\u0160KI","robots":{"index":"index","follow":"follow","max-snippet":"max-snippet:-1","max-image-preview":"max-image-preview:large","max-video-preview":"max-video-preview:-1"},"canonical":"https:\/\/radioljubuski.ba\/index.php\/2021\/11\/30\/marca-o-zlatnoj-lopti-ponizenje-za-europu\/","og_locale":"hr_HR","og_type":"article","og_title":"Marca o Zlatnoj lopti: Poni\u017eenje za Europu - RADIO LJUBU\u0160KI","og_description":"&#8220;Znate li \u0161to je zajedni\u010dko Adrianu 2004., Robinhu 2007., Luisu Suarezu 2011., Alexisu Sanchezu 2016. i Daniju Alvesu 2019. godine? Svi su osvojili Copa Americu, svi su izabrani za najboljeg igra\u010da turnira. I nijedan od njih nije osvojio Zlatnu loptu&#8221;, tako novinar Marce Raul Varela po\u010dinje tekst o ju\u010dera\u0161njoj dodjeli Zlatne lopte. Lionel Messi u [&hellip;]","og_url":"https:\/\/radioljubuski.ba\/index.php\/2021\/11\/30\/marca-o-zlatnoj-lopti-ponizenje-za-europu\/","og_site_name":"RADIO LJUBU\u0160KI","article_publisher":"https:\/\/www.facebook.com\/Radiio-Ljubuski-1490835324566332","article_published_time":"2021-11-30T13:28:58+00:00","article_modified_time":"2021-11-30T13:28:59+00:00","og_image":[{"width":1000,"height":625,"url":"https:\/\/radioljubuski.ba\/wp-content\/uploads\/2021\/11\/8-2021-11-30-07-11-29-MESSI.jpg","type":"image\/jpeg"}],"author":"Radio Ljubu\u0161ki","twitter_card":"summary_large_image","twitter_creator":"@radioljubuski","twitter_site":"@radioljubuski","twitter_misc":{"Napisao\/la":"Radio Ljubu\u0161ki","Procijenjeno vrijeme \u010ditanja":"1 minuta"},"schema":{"@context":"https:\/\/schema.org","@graph":[{"@type":"Article","@id":"https:\/\/radioljubuski.ba\/index.php\/2021\/11\/30\/marca-o-zlatnoj-lopti-ponizenje-za-europu\/#article","isPartOf":{"@id":"https:\/\/radioljubuski.ba\/index.php\/2021\/11\/30\/marca-o-zlatnoj-lopti-ponizenje-za-europu\/"},"author":{"name":"Radio Ljubu\u0161ki","@id":"https:\/\/radioljubuski.ba\/#\/schema\/person\/19fc700381a780f69665d7956c469e3b"},"headline":"Marca o Zlatnoj lopti: Poni\u017eenje za Europu","datePublished":"2021-11-30T13:28:58+00:00","dateModified":"2021-11-30T13:28:59+00:00","mainEntityOfPage":{"@id":"https:\/\/radioljubuski.ba\/index.php\/2021\/11\/30\/marca-o-zlatnoj-lopti-ponizenje-za-europu\/"},"wordCount":249,"publisher":{"@id":"https:\/\/radioljubuski.ba\/#organization"},"image":{"@id":"https:\/\/radioljubuski.ba\/index.php\/2021\/11\/30\/marca-o-zlatnoj-lopti-ponizenje-za-europu\/#primaryimage"},"thumbnailUrl":"https:\/\/radioljubuski.ba\/wp-content\/uploads\/2021\/11\/8-2021-11-30-07-11-29-MESSI.jpg","articleSection":["\u0160port"],"inLanguage":"hr"},{"@type":"WebPage","@id":"https:\/\/radioljubuski.ba\/index.php\/2021\/11\/30\/marca-o-zlatnoj-lopti-ponizenje-za-europu\/","url":"https:\/\/radioljubuski.ba\/index.php\/2021\/11\/30\/marca-o-zlatnoj-lopti-ponizenje-za-europu\/","name":"Marca o Zlatnoj lopti: Poni\u017eenje za Europu - RADIO LJUBU\u0160KI","isPartOf":{"@id":"https:\/\/radioljubuski.ba\/#website"},"primaryImageOfPage":{"@id":"https:\/\/radioljubuski.ba\/index.php\/2021\/11\/30\/marca-o-zlatnoj-lopti-ponizenje-za-europu\/#primaryimage"},"image":{"@id":"https:\/\/radioljubuski.ba\/index.php\/2021\/11\/30\/marca-o-zlatnoj-lopti-ponizenje-za-europu\/#primaryimage"},"thumbnailUrl":"https:\/\/radioljubuski.ba\/wp-content\/uploads\/2021\/11\/8-2021-11-30-07-11-29-MESSI.jpg","datePublished":"2021-11-30T13:28:58+00:00","dateModified":"2021-11-30T13:28:59+00:00","breadcrumb":{"@id":"https:\/\/radioljubuski.ba\/index.php\/2021\/11\/30\/marca-o-zlatnoj-lopti-ponizenje-za-europu\/#breadcrumb"},"inLanguage":"hr","potentialAction":[{"@type":"ReadAction","target":["https:\/\/radioljubuski.ba\/index.php\/2021\/11\/30\/marca-o-zlatnoj-lopti-ponizenje-za-europu\/"]}]},{"@type":"ImageObject","inLanguage":"hr","@id":"https:\/\/radioljubuski.ba\/index.php\/2021\/11\/30\/marca-o-zlatnoj-lopti-ponizenje-za-europu\/#primaryimage","url":"https:\/\/radioljubuski.ba\/wp-content\/uploads\/2021\/11\/8-2021-11-30-07-11-29-MESSI.jpg","contentUrl":"https:\/\/radioljubuski.ba\/wp-content\/uploads\/2021\/11\/8-2021-11-30-07-11-29-MESSI.jpg","width":1000,"height":625},{"@type":"BreadcrumbList","@id":"https:\/\/radioljubuski.ba\/index.php\/2021\/11\/30\/marca-o-zlatnoj-lopti-ponizenje-za-europu\/#breadcrumb","itemListElement":[{"@type":"ListItem","position":1,"name":"Po\u010detna stranica","item":"https:\/\/radioljubuski.ba\/"},{"@type":"ListItem","position":2,"name":"Marca o Zlatnoj lopti: Poni\u017eenje za Europu"}]},{"@type":"WebSite","@id":"https:\/\/radioljubuski.ba\/#website","url":"https:\/\/radioljubuski.ba\/","name":"Radio Ljubu\u0161ki","description":"Sun\u010dana frekvencija Hercegovine","publisher":{"@id":"https:\/\/radioljubuski.ba\/#organization"},"potentialAction":[{"@type":"SearchAction","target":{"@type":"EntryPoint","urlTemplate":"https:\/\/radioljubuski.ba\/?s={search_term_string}"},"query-input":{"@type":"PropertyValueSpecification","valueRequired":true,"valueName":"search_term_string"}}],"inLanguage":"hr"},{"@type":"Organization","@id":"https:\/\/radioljubuski.ba\/#organization","name":"Radio Ljubu\u0161ki","url":"https:\/\/radioljubuski.ba\/","logo":{"@type":"ImageObject","inLanguage":"hr","@id":"https:\/\/radioljubuski.ba\/#\/schema\/logo\/image\/","url":"https:\/\/radioljubuski.ba\/wp-content\/uploads\/2021\/02\/cropped-Radio_Ljubuski_logo1.jpg","contentUrl":"https:\/\/radioljubuski.ba\/wp-content\/uploads\/2021\/02\/cropped-Radio_Ljubuski_logo1.jpg","width":512,"height":512,"caption":"Radio Ljubu\u0161ki"},"image":{"@id":"https:\/\/radioljubuski.ba\/#\/schema\/logo\/image\/"},"sameAs":["https:\/\/www.facebook.com\/Radiio-Ljubuski-1490835324566332","https:\/\/x.com\/radioljubuski","https:\/\/hr.linkedin.com\/company\/radio-ljubuski","https:\/\/www.youtube.com\/channel\/UCHYaeO_n0Db3tjNGudGpXyw"]},{"@type":"Person","@id":"https:\/\/radioljubuski.ba\/#\/schema\/person\/19fc700381a780f69665d7956c469e3b","name":"Radio Ljubu\u0161ki"}]}},"_links":{"self":[{"href":"https:\/\/radioljubuski.ba\/index.php\/wp-json\/wp\/v2\/posts\/94227","targetHints":{"allow":["GET"]}}],"collection":[{"href":"https:\/\/radioljubuski.ba\/index.php\/wp-json\/wp\/v2\/posts"}],"about":[{"href":"https:\/\/radioljubuski.ba\/index.php\/wp-json\/wp\/v2\/types\/post"}],"author":[{"embeddable":true,"href":"https:\/\/radioljubuski.ba\/index.php\/wp-json\/wp\/v2\/users\/2"}],"replies":[{"embeddable":true,"href":"https:\/\/radioljubuski.ba\/index.php\/wp-json\/wp\/v2\/comments?post=94227"}],"version-history":[{"count":1,"href":"https:\/\/radioljubuski.ba\/index.php\/wp-json\/wp\/v2\/posts\/94227\/revisions"}],"predecessor-version":[{"id":94229,"href":"https:\/\/radioljubuski.ba\/index.php\/wp-json\/wp\/v2\/posts\/94227\/revisions\/94229"}],"wp:featuredmedia":[{"embeddable":true,"href":"https:\/\/radioljubuski.ba\/index.php\/wp-json\/wp\/v2\/media\/94228"}],"wp:attachment":[{"href":"https:\/\/radioljubuski.ba\/index.php\/wp-json\/wp\/v2\/media?parent=94227"}],"wp:term":[{"taxonomy":"category","embeddable":true,"href":"https:\/\/radioljubuski.ba\/index.php\/wp-json\/wp\/v2\/categories?post=94227"},{"taxonomy":"post_tag","embeddable":true,"href":"https:\/\/radioljubuski.ba\/index.php\/wp-json\/wp\/v2\/tags?post=94227"}],"curies":[{"name":"wp","href":"https:\/\/api.w.org\/{rel}","templated":true}]}}