{"id":94259,"date":"2021-11-30T15:24:09","date_gmt":"2021-11-30T14:24:09","guid":{"rendered":"https:\/\/radioljubuski.ba\/?p=94259"},"modified":"2021-12-02T13:20:16","modified_gmt":"2021-12-02T12:20:16","slug":"u-ljubuskom-odrzana-radionica-agropoduzetnistvo-u-zupaniji-zapadnohercegovackoj-audio-i-foto","status":"publish","type":"post","link":"https:\/\/radioljubuski.ba\/index.php\/2021\/11\/30\/u-ljubuskom-odrzana-radionica-agropoduzetnistvo-u-zupaniji-zapadnohercegovackoj-audio-i-foto\/","title":{"rendered":"U Ljubu\u0161kom odr\u017eana radionica \u201eAgropoduzetni\u0161tvo u \u017dupaniji Zapadnohercegova\u010dkoj\u201c &#8211; audio i foto"},"content":{"rendered":"\n<p>U organizaciji Ureda za europske integracije Vlade \u017dZH-e i uz podr\u0161ku USAID Turizam projekta&nbsp; danas je u hotelu Bigeste odr\u017eana radionica o agropoduzetni\u0161tvu u \u017dupaniji Zapadnohercegova\u010dkoj, a radionice \u0107e se odr\u017eati i u ostalim gradovima i op\u0107inama u \u017dupaniji.<\/p>\n\n\n\n<p>Uz Ured za europske integracije na radionici sudjeluje i ministarstvo gospodarstva \u017dZH-e, pa je Pero Mandi\u0107 govorio o pokretanju \u201edigitalne tr\u017enice\u201c te obrazlo\u017eio pogodnosti koje se pru\u017eaju, a najbolje se to vidjelo u Covid krizi gdje je put robe od proizvo\u0111a\u010da do potro\u0161a\u010da prakti\u010dno sveden na minimum, a korist je obostrana, bez tro\u0161kova transporta, distribucije\u2026<\/p>\n\n\n\n<p>Gospo\u0111a Nata\u0161a Musa iz Sarajeva ispred USAID-a govorila je o odr\u017eivom turizmu i njegovu razvoju kroz razne aspekte i iskustva temeljena na konkretnim proizvodima.<\/p>\n\n\n\n<p>Osim predava\u010da i moderatora sudjelovalo je nekoliko doma\u0107ih proizvo\u0111a\u010da koji se bave izradom suvenira, tradicijskih glazbala, doma\u0107ih sokova, maslinova ulja\u2026 Bilo je zanimljivo \u010duti njihova razmi\u0161ljanja, prijedloge, ali i probleme s kojima se susre\u0107u prilikom plasmana svojih proizvoda.<\/p>\n\n\n\n<p>Predstavnika USAID-a su spremni pomo\u0107i da gospodarstva i pojedinci, koji se bave proizvodnjom poljoprivrednih i prehrambenih proizvoda, lak\u0161e plasiraju svoje proizvode. Prije svega boljom prezentacijom i marketingom zbog ve\u0107e prepoznatljivosti, boljim pozicioniranjem, ali i pobolj\u0161anjem kvalitete i ve\u0107om cijenom. USAID Turizam projekt je prepoznao prijedlog, ideju i posve\u0107enost Ureda Vlade \u017dZH-e za europske integracije da podr\u017ei poljoprivredna i druga gospodarstva u pobolj\u0161anju postoje\u0107e ponude i njene bolje integracije u turisti\u010dki lanac vrijednosti, a tome \u0107e biti posve\u0107en i ubudu\u0107e.<\/p>\n\n\n\n<p>Poslu\u0161ajte \u0161to nam je ispred Ureda Vlade \u017dZH-e za europske integracije rekao mr. Tomislav Leko.<\/p>\n\n\n\n<iframe src=\"https:\/\/drive.google.com\/file\/d\/1DbGuCSH7J56qjnBnRPnmqu4ZFuU8uzhd\/preview\" style=\"width: 100%; height: 100px;\"><\/iframe>\n\n\n\n<p><\/p>\n\n\n\n<iframe loading=\"lazy\" src=\"https:\/\/www.facebook.com\/plugins\/post.php?href=https%3A%2F%2Fwww.facebook.com%2Fpermalink.php%3Fstory_fbid%3D10160123580885101%26id%3D168112865100&amp;show_text=true&amp;width=500\" style=\"border:none;overflow:hidden\" scrolling=\"no\" allowfullscreen=\"true\" allow=\"autoplay; clipboard-write; encrypted-media; picture-in-picture; web-share\" width=\"500\" height=\"665\" frameborder=\"0\"><\/iframe>\n\n\n\n<p>Mile Kraljevi\u0107\/Radio Ljubu\u0161ki<\/p>\n","protected":false},"excerpt":{"rendered":"<p>U organizaciji Ureda za europske integracije Vlade \u017dZH-e i uz podr\u0161ku USAID Turizam projekta&nbsp; danas je u hotelu Bigeste odr\u017eana radionica o agropoduzetni\u0161tvu u \u017dupaniji Zapadnohercegova\u010dkoj, a radionice \u0107e se odr\u017eati i u ostalim gradovima i op\u0107inama u \u017dupaniji. Uz Ured za europske integracije na radionici sudjeluje i ministarstvo gospodarstva \u017dZH-e, pa je Pero Mandi\u0107 [&hellip;]<\/p>\n","protected":false},"author":2,"featured_media":94261,"comment_status":"closed","ping_status":"closed","sticky":false,"template":"","format":"standard","meta":{"h5ap_radio_sources":[],"footnotes":""},"categories":[8],"tags":[],"class_list":["post-94259","post","type-post","status-publish","format-standard","has-post-thumbnail","hentry","category-rlj-audio"],"yoast_head":"<!-- This site is optimized with the Yoast SEO plugin v27.5 - https:\/\/yoast.com\/product\/yoast-seo-wordpress\/ -->\n<title>U Ljubu\u0161kom odr\u017eana radionica \u201eAgropoduzetni\u0161tvo u \u017dupaniji Zapadnohercegova\u010dkoj\u201c - audio i foto - RADIO LJUBU\u0160KI<\/title>\n<meta name=\"robots\" content=\"index, follow, max-snippet:-1, max-image-preview:large, max-video-preview:-1\" \/>\n<link rel=\"canonical\" href=\"https:\/\/radioljubuski.ba\/index.php\/2021\/11\/30\/u-ljubuskom-odrzana-radionica-agropoduzetnistvo-u-zupaniji-zapadnohercegovackoj-audio-i-foto\/\" \/>\n<meta property=\"og:locale\" content=\"hr_HR\" \/>\n<meta property=\"og:type\" content=\"article\" \/>\n<meta property=\"og:title\" content=\"U Ljubu\u0161kom odr\u017eana radionica \u201eAgropoduzetni\u0161tvo u \u017dupaniji Zapadnohercegova\u010dkoj\u201c - audio i foto - RADIO LJUBU\u0160KI\" \/>\n<meta property=\"og:description\" content=\"U organizaciji Ureda za europske integracije Vlade \u017dZH-e i uz podr\u0161ku USAID Turizam projekta&nbsp; danas je u hotelu Bigeste odr\u017eana radionica o agropoduzetni\u0161tvu u \u017dupaniji Zapadnohercegova\u010dkoj, a radionice \u0107e se odr\u017eati i u ostalim gradovima i op\u0107inama u \u017dupaniji. Uz Ured za europske integracije na radionici sudjeluje i ministarstvo gospodarstva \u017dZH-e, pa je Pero Mandi\u0107 [&hellip;]\" \/>\n<meta property=\"og:url\" content=\"https:\/\/radioljubuski.ba\/index.php\/2021\/11\/30\/u-ljubuskom-odrzana-radionica-agropoduzetnistvo-u-zupaniji-zapadnohercegovackoj-audio-i-foto\/\" \/>\n<meta property=\"og:site_name\" content=\"RADIO LJUBU\u0160KI\" \/>\n<meta property=\"article:publisher\" content=\"https:\/\/www.facebook.com\/Radiio-Ljubuski-1490835324566332\" \/>\n<meta property=\"article:published_time\" content=\"2021-11-30T14:24:09+00:00\" \/>\n<meta property=\"article:modified_time\" content=\"2021-12-02T12:20:16+00:00\" \/>\n<meta property=\"og:image\" content=\"https:\/\/radioljubuski.ba\/wp-content\/uploads\/2021\/11\/262687152_10160123580080101_2617523203519085667_n.jpg\" \/>\n\t<meta property=\"og:image:width\" content=\"1024\" \/>\n\t<meta property=\"og:image:height\" content=\"683\" \/>\n\t<meta property=\"og:image:type\" content=\"image\/jpeg\" \/>\n<meta name=\"author\" content=\"Radio Ljubu\u0161ki\" \/>\n<meta name=\"twitter:card\" content=\"summary_large_image\" \/>\n<meta name=\"twitter:creator\" content=\"@radioljubuski\" \/>\n<meta name=\"twitter:site\" content=\"@radioljubuski\" \/>\n<meta name=\"twitter:label1\" content=\"Napisao\/la\" \/>\n\t<meta name=\"twitter:data1\" content=\"Radio Ljubu\u0161ki\" \/>\n\t<meta name=\"twitter:label2\" content=\"Procijenjeno vrijeme \u010ditanja\" \/>\n\t<meta name=\"twitter:data2\" content=\"1 minuta\" \/>\n<script type=\"application\/ld+json\" class=\"yoast-schema-graph\">{\"@context\":\"https:\\\/\\\/schema.org\",\"@graph\":[{\"@type\":\"Article\",\"@id\":\"https:\\\/\\\/radioljubuski.ba\\\/index.php\\\/2021\\\/11\\\/30\\\/u-ljubuskom-odrzana-radionica-agropoduzetnistvo-u-zupaniji-zapadnohercegovackoj-audio-i-foto\\\/#article\",\"isPartOf\":{\"@id\":\"https:\\\/\\\/radioljubuski.ba\\\/index.php\\\/2021\\\/11\\\/30\\\/u-ljubuskom-odrzana-radionica-agropoduzetnistvo-u-zupaniji-zapadnohercegovackoj-audio-i-foto\\\/\"},\"author\":{\"name\":\"Radio Ljubu\u0161ki\",\"@id\":\"https:\\\/\\\/radioljubuski.ba\\\/#\\\/schema\\\/person\\\/19fc700381a780f69665d7956c469e3b\"},\"headline\":\"U Ljubu\u0161kom odr\u017eana radionica \u201eAgropoduzetni\u0161tvo u \u017dupaniji Zapadnohercegova\u010dkoj\u201c &#8211; audio i foto\",\"datePublished\":\"2021-11-30T14:24:09+00:00\",\"dateModified\":\"2021-12-02T12:20:16+00:00\",\"mainEntityOfPage\":{\"@id\":\"https:\\\/\\\/radioljubuski.ba\\\/index.php\\\/2021\\\/11\\\/30\\\/u-ljubuskom-odrzana-radionica-agropoduzetnistvo-u-zupaniji-zapadnohercegovackoj-audio-i-foto\\\/\"},\"wordCount\":310,\"publisher\":{\"@id\":\"https:\\\/\\\/radioljubuski.ba\\\/#organization\"},\"image\":{\"@id\":\"https:\\\/\\\/radioljubuski.ba\\\/index.php\\\/2021\\\/11\\\/30\\\/u-ljubuskom-odrzana-radionica-agropoduzetnistvo-u-zupaniji-zapadnohercegovackoj-audio-i-foto\\\/#primaryimage\"},\"thumbnailUrl\":\"https:\\\/\\\/radioljubuski.ba\\\/wp-content\\\/uploads\\\/2021\\\/11\\\/262687152_10160123580080101_2617523203519085667_n.jpg\",\"articleSection\":[\"RLJ Audio\"],\"inLanguage\":\"hr\"},{\"@type\":\"WebPage\",\"@id\":\"https:\\\/\\\/radioljubuski.ba\\\/index.php\\\/2021\\\/11\\\/30\\\/u-ljubuskom-odrzana-radionica-agropoduzetnistvo-u-zupaniji-zapadnohercegovackoj-audio-i-foto\\\/\",\"url\":\"https:\\\/\\\/radioljubuski.ba\\\/index.php\\\/2021\\\/11\\\/30\\\/u-ljubuskom-odrzana-radionica-agropoduzetnistvo-u-zupaniji-zapadnohercegovackoj-audio-i-foto\\\/\",\"name\":\"U Ljubu\u0161kom odr\u017eana radionica \u201eAgropoduzetni\u0161tvo u \u017dupaniji Zapadnohercegova\u010dkoj\u201c - audio i foto - RADIO LJUBU\u0160KI\",\"isPartOf\":{\"@id\":\"https:\\\/\\\/radioljubuski.ba\\\/#website\"},\"primaryImageOfPage\":{\"@id\":\"https:\\\/\\\/radioljubuski.ba\\\/index.php\\\/2021\\\/11\\\/30\\\/u-ljubuskom-odrzana-radionica-agropoduzetnistvo-u-zupaniji-zapadnohercegovackoj-audio-i-foto\\\/#primaryimage\"},\"image\":{\"@id\":\"https:\\\/\\\/radioljubuski.ba\\\/index.php\\\/2021\\\/11\\\/30\\\/u-ljubuskom-odrzana-radionica-agropoduzetnistvo-u-zupaniji-zapadnohercegovackoj-audio-i-foto\\\/#primaryimage\"},\"thumbnailUrl\":\"https:\\\/\\\/radioljubuski.ba\\\/wp-content\\\/uploads\\\/2021\\\/11\\\/262687152_10160123580080101_2617523203519085667_n.jpg\",\"datePublished\":\"2021-11-30T14:24:09+00:00\",\"dateModified\":\"2021-12-02T12:20:16+00:00\",\"breadcrumb\":{\"@id\":\"https:\\\/\\\/radioljubuski.ba\\\/index.php\\\/2021\\\/11\\\/30\\\/u-ljubuskom-odrzana-radionica-agropoduzetnistvo-u-zupaniji-zapadnohercegovackoj-audio-i-foto\\\/#breadcrumb\"},\"inLanguage\":\"hr\",\"potentialAction\":[{\"@type\":\"ReadAction\",\"target\":[\"https:\\\/\\\/radioljubuski.ba\\\/index.php\\\/2021\\\/11\\\/30\\\/u-ljubuskom-odrzana-radionica-agropoduzetnistvo-u-zupaniji-zapadnohercegovackoj-audio-i-foto\\\/\"]}]},{\"@type\":\"ImageObject\",\"inLanguage\":\"hr\",\"@id\":\"https:\\\/\\\/radioljubuski.ba\\\/index.php\\\/2021\\\/11\\\/30\\\/u-ljubuskom-odrzana-radionica-agropoduzetnistvo-u-zupaniji-zapadnohercegovackoj-audio-i-foto\\\/#primaryimage\",\"url\":\"https:\\\/\\\/radioljubuski.ba\\\/wp-content\\\/uploads\\\/2021\\\/11\\\/262687152_10160123580080101_2617523203519085667_n.jpg\",\"contentUrl\":\"https:\\\/\\\/radioljubuski.ba\\\/wp-content\\\/uploads\\\/2021\\\/11\\\/262687152_10160123580080101_2617523203519085667_n.jpg\",\"width\":1024,\"height\":683},{\"@type\":\"BreadcrumbList\",\"@id\":\"https:\\\/\\\/radioljubuski.ba\\\/index.php\\\/2021\\\/11\\\/30\\\/u-ljubuskom-odrzana-radionica-agropoduzetnistvo-u-zupaniji-zapadnohercegovackoj-audio-i-foto\\\/#breadcrumb\",\"itemListElement\":[{\"@type\":\"ListItem\",\"position\":1,\"name\":\"Po\u010detna stranica\",\"item\":\"https:\\\/\\\/radioljubuski.ba\\\/\"},{\"@type\":\"ListItem\",\"position\":2,\"name\":\"U Ljubu\u0161kom odr\u017eana radionica \u201eAgropoduzetni\u0161tvo u \u017dupaniji Zapadnohercegova\u010dkoj\u201c &#8211; audio i foto\"}]},{\"@type\":\"WebSite\",\"@id\":\"https:\\\/\\\/radioljubuski.ba\\\/#website\",\"url\":\"https:\\\/\\\/radioljubuski.ba\\\/\",\"name\":\"Radio Ljubu\u0161ki\",\"description\":\"Sun\u010dana frekvencija Hercegovine\",\"publisher\":{\"@id\":\"https:\\\/\\\/radioljubuski.ba\\\/#organization\"},\"potentialAction\":[{\"@type\":\"SearchAction\",\"target\":{\"@type\":\"EntryPoint\",\"urlTemplate\":\"https:\\\/\\\/radioljubuski.ba\\\/?s={search_term_string}\"},\"query-input\":{\"@type\":\"PropertyValueSpecification\",\"valueRequired\":true,\"valueName\":\"search_term_string\"}}],\"inLanguage\":\"hr\"},{\"@type\":\"Organization\",\"@id\":\"https:\\\/\\\/radioljubuski.ba\\\/#organization\",\"name\":\"Radio Ljubu\u0161ki\",\"url\":\"https:\\\/\\\/radioljubuski.ba\\\/\",\"logo\":{\"@type\":\"ImageObject\",\"inLanguage\":\"hr\",\"@id\":\"https:\\\/\\\/radioljubuski.ba\\\/#\\\/schema\\\/logo\\\/image\\\/\",\"url\":\"https:\\\/\\\/radioljubuski.ba\\\/wp-content\\\/uploads\\\/2021\\\/02\\\/cropped-Radio_Ljubuski_logo1.jpg\",\"contentUrl\":\"https:\\\/\\\/radioljubuski.ba\\\/wp-content\\\/uploads\\\/2021\\\/02\\\/cropped-Radio_Ljubuski_logo1.jpg\",\"width\":512,\"height\":512,\"caption\":\"Radio Ljubu\u0161ki\"},\"image\":{\"@id\":\"https:\\\/\\\/radioljubuski.ba\\\/#\\\/schema\\\/logo\\\/image\\\/\"},\"sameAs\":[\"https:\\\/\\\/www.facebook.com\\\/Radiio-Ljubuski-1490835324566332\",\"https:\\\/\\\/x.com\\\/radioljubuski\",\"https:\\\/\\\/hr.linkedin.com\\\/company\\\/radio-ljubuski\",\"https:\\\/\\\/www.youtube.com\\\/channel\\\/UCHYaeO_n0Db3tjNGudGpXyw\"]},{\"@type\":\"Person\",\"@id\":\"https:\\\/\\\/radioljubuski.ba\\\/#\\\/schema\\\/person\\\/19fc700381a780f69665d7956c469e3b\",\"name\":\"Radio Ljubu\u0161ki\"}]}<\/script>\n<!-- \/ Yoast SEO plugin. -->","yoast_head_json":{"title":"U Ljubu\u0161kom odr\u017eana radionica \u201eAgropoduzetni\u0161tvo u \u017dupaniji Zapadnohercegova\u010dkoj\u201c - audio i foto - RADIO LJUBU\u0160KI","robots":{"index":"index","follow":"follow","max-snippet":"max-snippet:-1","max-image-preview":"max-image-preview:large","max-video-preview":"max-video-preview:-1"},"canonical":"https:\/\/radioljubuski.ba\/index.php\/2021\/11\/30\/u-ljubuskom-odrzana-radionica-agropoduzetnistvo-u-zupaniji-zapadnohercegovackoj-audio-i-foto\/","og_locale":"hr_HR","og_type":"article","og_title":"U Ljubu\u0161kom odr\u017eana radionica \u201eAgropoduzetni\u0161tvo u \u017dupaniji Zapadnohercegova\u010dkoj\u201c - audio i foto - RADIO LJUBU\u0160KI","og_description":"U organizaciji Ureda za europske integracije Vlade \u017dZH-e i uz podr\u0161ku USAID Turizam projekta&nbsp; danas je u hotelu Bigeste odr\u017eana radionica o agropoduzetni\u0161tvu u \u017dupaniji Zapadnohercegova\u010dkoj, a radionice \u0107e se odr\u017eati i u ostalim gradovima i op\u0107inama u \u017dupaniji. Uz Ured za europske integracije na radionici sudjeluje i ministarstvo gospodarstva \u017dZH-e, pa je Pero Mandi\u0107 [&hellip;]","og_url":"https:\/\/radioljubuski.ba\/index.php\/2021\/11\/30\/u-ljubuskom-odrzana-radionica-agropoduzetnistvo-u-zupaniji-zapadnohercegovackoj-audio-i-foto\/","og_site_name":"RADIO LJUBU\u0160KI","article_publisher":"https:\/\/www.facebook.com\/Radiio-Ljubuski-1490835324566332","article_published_time":"2021-11-30T14:24:09+00:00","article_modified_time":"2021-12-02T12:20:16+00:00","og_image":[{"width":1024,"height":683,"url":"https:\/\/radioljubuski.ba\/wp-content\/uploads\/2021\/11\/262687152_10160123580080101_2617523203519085667_n.jpg","type":"image\/jpeg"}],"author":"Radio Ljubu\u0161ki","twitter_card":"summary_large_image","twitter_creator":"@radioljubuski","twitter_site":"@radioljubuski","twitter_misc":{"Napisao\/la":"Radio Ljubu\u0161ki","Procijenjeno vrijeme \u010ditanja":"1 minuta"},"schema":{"@context":"https:\/\/schema.org","@graph":[{"@type":"Article","@id":"https:\/\/radioljubuski.ba\/index.php\/2021\/11\/30\/u-ljubuskom-odrzana-radionica-agropoduzetnistvo-u-zupaniji-zapadnohercegovackoj-audio-i-foto\/#article","isPartOf":{"@id":"https:\/\/radioljubuski.ba\/index.php\/2021\/11\/30\/u-ljubuskom-odrzana-radionica-agropoduzetnistvo-u-zupaniji-zapadnohercegovackoj-audio-i-foto\/"},"author":{"name":"Radio Ljubu\u0161ki","@id":"https:\/\/radioljubuski.ba\/#\/schema\/person\/19fc700381a780f69665d7956c469e3b"},"headline":"U Ljubu\u0161kom odr\u017eana radionica \u201eAgropoduzetni\u0161tvo u \u017dupaniji Zapadnohercegova\u010dkoj\u201c &#8211; audio i foto","datePublished":"2021-11-30T14:24:09+00:00","dateModified":"2021-12-02T12:20:16+00:00","mainEntityOfPage":{"@id":"https:\/\/radioljubuski.ba\/index.php\/2021\/11\/30\/u-ljubuskom-odrzana-radionica-agropoduzetnistvo-u-zupaniji-zapadnohercegovackoj-audio-i-foto\/"},"wordCount":310,"publisher":{"@id":"https:\/\/radioljubuski.ba\/#organization"},"image":{"@id":"https:\/\/radioljubuski.ba\/index.php\/2021\/11\/30\/u-ljubuskom-odrzana-radionica-agropoduzetnistvo-u-zupaniji-zapadnohercegovackoj-audio-i-foto\/#primaryimage"},"thumbnailUrl":"https:\/\/radioljubuski.ba\/wp-content\/uploads\/2021\/11\/262687152_10160123580080101_2617523203519085667_n.jpg","articleSection":["RLJ Audio"],"inLanguage":"hr"},{"@type":"WebPage","@id":"https:\/\/radioljubuski.ba\/index.php\/2021\/11\/30\/u-ljubuskom-odrzana-radionica-agropoduzetnistvo-u-zupaniji-zapadnohercegovackoj-audio-i-foto\/","url":"https:\/\/radioljubuski.ba\/index.php\/2021\/11\/30\/u-ljubuskom-odrzana-radionica-agropoduzetnistvo-u-zupaniji-zapadnohercegovackoj-audio-i-foto\/","name":"U Ljubu\u0161kom odr\u017eana radionica \u201eAgropoduzetni\u0161tvo u \u017dupaniji Zapadnohercegova\u010dkoj\u201c - audio i foto - RADIO LJUBU\u0160KI","isPartOf":{"@id":"https:\/\/radioljubuski.ba\/#website"},"primaryImageOfPage":{"@id":"https:\/\/radioljubuski.ba\/index.php\/2021\/11\/30\/u-ljubuskom-odrzana-radionica-agropoduzetnistvo-u-zupaniji-zapadnohercegovackoj-audio-i-foto\/#primaryimage"},"image":{"@id":"https:\/\/radioljubuski.ba\/index.php\/2021\/11\/30\/u-ljubuskom-odrzana-radionica-agropoduzetnistvo-u-zupaniji-zapadnohercegovackoj-audio-i-foto\/#primaryimage"},"thumbnailUrl":"https:\/\/radioljubuski.ba\/wp-content\/uploads\/2021\/11\/262687152_10160123580080101_2617523203519085667_n.jpg","datePublished":"2021-11-30T14:24:09+00:00","dateModified":"2021-12-02T12:20:16+00:00","breadcrumb":{"@id":"https:\/\/radioljubuski.ba\/index.php\/2021\/11\/30\/u-ljubuskom-odrzana-radionica-agropoduzetnistvo-u-zupaniji-zapadnohercegovackoj-audio-i-foto\/#breadcrumb"},"inLanguage":"hr","potentialAction":[{"@type":"ReadAction","target":["https:\/\/radioljubuski.ba\/index.php\/2021\/11\/30\/u-ljubuskom-odrzana-radionica-agropoduzetnistvo-u-zupaniji-zapadnohercegovackoj-audio-i-foto\/"]}]},{"@type":"ImageObject","inLanguage":"hr","@id":"https:\/\/radioljubuski.ba\/index.php\/2021\/11\/30\/u-ljubuskom-odrzana-radionica-agropoduzetnistvo-u-zupaniji-zapadnohercegovackoj-audio-i-foto\/#primaryimage","url":"https:\/\/radioljubuski.ba\/wp-content\/uploads\/2021\/11\/262687152_10160123580080101_2617523203519085667_n.jpg","contentUrl":"https:\/\/radioljubuski.ba\/wp-content\/uploads\/2021\/11\/262687152_10160123580080101_2617523203519085667_n.jpg","width":1024,"height":683},{"@type":"BreadcrumbList","@id":"https:\/\/radioljubuski.ba\/index.php\/2021\/11\/30\/u-ljubuskom-odrzana-radionica-agropoduzetnistvo-u-zupaniji-zapadnohercegovackoj-audio-i-foto\/#breadcrumb","itemListElement":[{"@type":"ListItem","position":1,"name":"Po\u010detna stranica","item":"https:\/\/radioljubuski.ba\/"},{"@type":"ListItem","position":2,"name":"U Ljubu\u0161kom odr\u017eana radionica \u201eAgropoduzetni\u0161tvo u \u017dupaniji Zapadnohercegova\u010dkoj\u201c &#8211; audio i foto"}]},{"@type":"WebSite","@id":"https:\/\/radioljubuski.ba\/#website","url":"https:\/\/radioljubuski.ba\/","name":"Radio Ljubu\u0161ki","description":"Sun\u010dana frekvencija Hercegovine","publisher":{"@id":"https:\/\/radioljubuski.ba\/#organization"},"potentialAction":[{"@type":"SearchAction","target":{"@type":"EntryPoint","urlTemplate":"https:\/\/radioljubuski.ba\/?s={search_term_string}"},"query-input":{"@type":"PropertyValueSpecification","valueRequired":true,"valueName":"search_term_string"}}],"inLanguage":"hr"},{"@type":"Organization","@id":"https:\/\/radioljubuski.ba\/#organization","name":"Radio Ljubu\u0161ki","url":"https:\/\/radioljubuski.ba\/","logo":{"@type":"ImageObject","inLanguage":"hr","@id":"https:\/\/radioljubuski.ba\/#\/schema\/logo\/image\/","url":"https:\/\/radioljubuski.ba\/wp-content\/uploads\/2021\/02\/cropped-Radio_Ljubuski_logo1.jpg","contentUrl":"https:\/\/radioljubuski.ba\/wp-content\/uploads\/2021\/02\/cropped-Radio_Ljubuski_logo1.jpg","width":512,"height":512,"caption":"Radio Ljubu\u0161ki"},"image":{"@id":"https:\/\/radioljubuski.ba\/#\/schema\/logo\/image\/"},"sameAs":["https:\/\/www.facebook.com\/Radiio-Ljubuski-1490835324566332","https:\/\/x.com\/radioljubuski","https:\/\/hr.linkedin.com\/company\/radio-ljubuski","https:\/\/www.youtube.com\/channel\/UCHYaeO_n0Db3tjNGudGpXyw"]},{"@type":"Person","@id":"https:\/\/radioljubuski.ba\/#\/schema\/person\/19fc700381a780f69665d7956c469e3b","name":"Radio Ljubu\u0161ki"}]}},"_links":{"self":[{"href":"https:\/\/radioljubuski.ba\/index.php\/wp-json\/wp\/v2\/posts\/94259","targetHints":{"allow":["GET"]}}],"collection":[{"href":"https:\/\/radioljubuski.ba\/index.php\/wp-json\/wp\/v2\/posts"}],"about":[{"href":"https:\/\/radioljubuski.ba\/index.php\/wp-json\/wp\/v2\/types\/post"}],"author":[{"embeddable":true,"href":"https:\/\/radioljubuski.ba\/index.php\/wp-json\/wp\/v2\/users\/2"}],"replies":[{"embeddable":true,"href":"https:\/\/radioljubuski.ba\/index.php\/wp-json\/wp\/v2\/comments?post=94259"}],"version-history":[{"count":2,"href":"https:\/\/radioljubuski.ba\/index.php\/wp-json\/wp\/v2\/posts\/94259\/revisions"}],"predecessor-version":[{"id":94262,"href":"https:\/\/radioljubuski.ba\/index.php\/wp-json\/wp\/v2\/posts\/94259\/revisions\/94262"}],"wp:featuredmedia":[{"embeddable":true,"href":"https:\/\/radioljubuski.ba\/index.php\/wp-json\/wp\/v2\/media\/94261"}],"wp:attachment":[{"href":"https:\/\/radioljubuski.ba\/index.php\/wp-json\/wp\/v2\/media?parent=94259"}],"wp:term":[{"taxonomy":"category","embeddable":true,"href":"https:\/\/radioljubuski.ba\/index.php\/wp-json\/wp\/v2\/categories?post=94259"},{"taxonomy":"post_tag","embeddable":true,"href":"https:\/\/radioljubuski.ba\/index.php\/wp-json\/wp\/v2\/tags?post=94259"}],"curies":[{"name":"wp","href":"https:\/\/api.w.org\/{rel}","templated":true}]}}