{"id":94285,"date":"2021-11-30T17:43:53","date_gmt":"2021-11-30T16:43:53","guid":{"rendered":"https:\/\/radioljubuski.ba\/?p=94285"},"modified":"2021-11-30T17:43:54","modified_gmt":"2021-11-30T16:43:54","slug":"delegacije-hdz-a-i-sda-na-sastanku-s-palmerom-i-eichhorst","status":"publish","type":"post","link":"https:\/\/radioljubuski.ba\/index.php\/2021\/11\/30\/delegacije-hdz-a-i-sda-na-sastanku-s-palmerom-i-eichhorst\/","title":{"rendered":"Delegacije HDZ-a i SDA na sastanku s Palmerom i Eichhorst"},"content":{"rendered":"\n<p><strong>Pregovori oko izmjena Izbornog zakona nastavljeni su i danas.<\/strong><\/p>\n\n\n\n<p>U zgradi Delegacije EU u Sarajevu u tijeku je sastanak Matthewa Palmera, ameri\u010dkog izaslanika za izborne reforme, i Angeline Eichhorst, direktorice pri europskoj slu\u017ebi za vanjske poslove sa Draganom \u010covi\u0107em, liderom HDZ-a i predsjedavaju\u0107eg Doma naroda PS BiH te Borjane Kri\u0161to, \u010dlanicom Kolegija Zastupni\u010dkog doma Parlamentarne skup\u0161tine BiH, kao i liderom SDA Bakirom Izetbegovi\u0107em i Almom \u010colo, dr\u017eavna zastupnicom SDA i predsjedavaju\u0107a Interresorne radne skupine za izmjene Izbornog zakona BiH, saznaje Ve\u010dernji list.<\/p>\n\n\n\n<p>Ranije jutros sa Palmerom i Eichhorst sastao se \u017deljko Kom\u0161i\u0107, lider DF-a, a kako je ju\u010der kazala Angelina Eichhorst, pregovori \u0107e trajati i naredna dva dana, a ako bude bilo potrebno, i du\u017ee.<\/p>\n\n\n\n<p>Politi\u010dki du\u017enosnici u BiH i ju\u010der su se sastali s predstavnicima me\u0111unarodne zajednice, a svi su poslali jasnu poruku da me\u0111unarodna zajednica nije predstavila nikakvo rje\u0161enje \u201cna papiru\u201d, nego su tu da zajedno sa doma\u0107im politi\u010darima postignu dogovor oko izmjena Izbornog zakona, izmjena Ustava i deblokade rada dr\u017eavnih institucija.<\/p>\n\n\n\n<p>\/HMS\/<\/p>\n","protected":false},"excerpt":{"rendered":"<p>Pregovori oko izmjena Izbornog zakona nastavljeni su i danas. U zgradi Delegacije EU u Sarajevu u tijeku je sastanak Matthewa Palmera, ameri\u010dkog izaslanika za izborne reforme, i Angeline Eichhorst, direktorice pri europskoj slu\u017ebi za vanjske poslove sa Draganom \u010covi\u0107em, liderom HDZ-a i predsjedavaju\u0107eg Doma naroda PS BiH te Borjane Kri\u0161to, \u010dlanicom Kolegija Zastupni\u010dkog doma Parlamentarne [&hellip;]<\/p>\n","protected":false},"author":2,"featured_media":94286,"comment_status":"closed","ping_status":"closed","sticky":false,"template":"","format":"standard","meta":{"h5ap_radio_sources":[],"footnotes":""},"categories":[1],"tags":[],"class_list":["post-94285","post","type-post","status-publish","format-standard","has-post-thumbnail","hentry","category-bihiregija"],"yoast_head":"<!-- This site is optimized with the Yoast SEO plugin v27.5 - https:\/\/yoast.com\/product\/yoast-seo-wordpress\/ -->\n<title>Delegacije HDZ-a i SDA na sastanku s Palmerom i Eichhorst - RADIO LJUBU\u0160KI<\/title>\n<meta name=\"robots\" content=\"index, follow, max-snippet:-1, max-image-preview:large, max-video-preview:-1\" \/>\n<link rel=\"canonical\" href=\"https:\/\/radioljubuski.ba\/index.php\/2021\/11\/30\/delegacije-hdz-a-i-sda-na-sastanku-s-palmerom-i-eichhorst\/\" \/>\n<meta property=\"og:locale\" content=\"hr_HR\" \/>\n<meta property=\"og:type\" content=\"article\" \/>\n<meta property=\"og:title\" content=\"Delegacije HDZ-a i SDA na sastanku s Palmerom i Eichhorst - RADIO LJUBU\u0160KI\" \/>\n<meta property=\"og:description\" content=\"Pregovori oko izmjena Izbornog zakona nastavljeni su i danas. U zgradi Delegacije EU u Sarajevu u tijeku je sastanak Matthewa Palmera, ameri\u010dkog izaslanika za izborne reforme, i Angeline Eichhorst, direktorice pri europskoj slu\u017ebi za vanjske poslove sa Draganom \u010covi\u0107em, liderom HDZ-a i predsjedavaju\u0107eg Doma naroda PS BiH te Borjane Kri\u0161to, \u010dlanicom Kolegija Zastupni\u010dkog doma Parlamentarne [&hellip;]\" \/>\n<meta property=\"og:url\" content=\"https:\/\/radioljubuski.ba\/index.php\/2021\/11\/30\/delegacije-hdz-a-i-sda-na-sastanku-s-palmerom-i-eichhorst\/\" \/>\n<meta property=\"og:site_name\" content=\"RADIO LJUBU\u0160KI\" \/>\n<meta property=\"article:publisher\" content=\"https:\/\/www.facebook.com\/Radiio-Ljubuski-1490835324566332\" \/>\n<meta property=\"article:published_time\" content=\"2021-11-30T16:43:53+00:00\" \/>\n<meta property=\"article:modified_time\" content=\"2021-11-30T16:43:54+00:00\" \/>\n<meta property=\"og:image\" content=\"https:\/\/radioljubuski.ba\/wp-content\/uploads\/2021\/11\/eu-delegacija.jpg\" \/>\n\t<meta property=\"og:image:width\" content=\"1024\" \/>\n\t<meta property=\"og:image:height\" content=\"478\" \/>\n\t<meta property=\"og:image:type\" content=\"image\/jpeg\" \/>\n<meta name=\"author\" content=\"Radio Ljubu\u0161ki\" \/>\n<meta name=\"twitter:card\" content=\"summary_large_image\" \/>\n<meta name=\"twitter:creator\" content=\"@radioljubuski\" \/>\n<meta name=\"twitter:site\" content=\"@radioljubuski\" \/>\n<meta name=\"twitter:label1\" content=\"Napisao\/la\" \/>\n\t<meta name=\"twitter:data1\" content=\"Radio Ljubu\u0161ki\" \/>\n\t<meta name=\"twitter:label2\" content=\"Procijenjeno vrijeme \u010ditanja\" \/>\n\t<meta name=\"twitter:data2\" content=\"1 minuta\" \/>\n<script type=\"application\/ld+json\" class=\"yoast-schema-graph\">{\"@context\":\"https:\\\/\\\/schema.org\",\"@graph\":[{\"@type\":\"Article\",\"@id\":\"https:\\\/\\\/radioljubuski.ba\\\/index.php\\\/2021\\\/11\\\/30\\\/delegacije-hdz-a-i-sda-na-sastanku-s-palmerom-i-eichhorst\\\/#article\",\"isPartOf\":{\"@id\":\"https:\\\/\\\/radioljubuski.ba\\\/index.php\\\/2021\\\/11\\\/30\\\/delegacije-hdz-a-i-sda-na-sastanku-s-palmerom-i-eichhorst\\\/\"},\"author\":{\"name\":\"Radio Ljubu\u0161ki\",\"@id\":\"https:\\\/\\\/radioljubuski.ba\\\/#\\\/schema\\\/person\\\/19fc700381a780f69665d7956c469e3b\"},\"headline\":\"Delegacije HDZ-a i SDA na sastanku s Palmerom i Eichhorst\",\"datePublished\":\"2021-11-30T16:43:53+00:00\",\"dateModified\":\"2021-11-30T16:43:54+00:00\",\"mainEntityOfPage\":{\"@id\":\"https:\\\/\\\/radioljubuski.ba\\\/index.php\\\/2021\\\/11\\\/30\\\/delegacije-hdz-a-i-sda-na-sastanku-s-palmerom-i-eichhorst\\\/\"},\"wordCount\":198,\"publisher\":{\"@id\":\"https:\\\/\\\/radioljubuski.ba\\\/#organization\"},\"image\":{\"@id\":\"https:\\\/\\\/radioljubuski.ba\\\/index.php\\\/2021\\\/11\\\/30\\\/delegacije-hdz-a-i-sda-na-sastanku-s-palmerom-i-eichhorst\\\/#primaryimage\"},\"thumbnailUrl\":\"https:\\\/\\\/radioljubuski.ba\\\/wp-content\\\/uploads\\\/2021\\\/11\\\/eu-delegacija.jpg\",\"articleSection\":[\"BIH i regija\"],\"inLanguage\":\"hr\"},{\"@type\":\"WebPage\",\"@id\":\"https:\\\/\\\/radioljubuski.ba\\\/index.php\\\/2021\\\/11\\\/30\\\/delegacije-hdz-a-i-sda-na-sastanku-s-palmerom-i-eichhorst\\\/\",\"url\":\"https:\\\/\\\/radioljubuski.ba\\\/index.php\\\/2021\\\/11\\\/30\\\/delegacije-hdz-a-i-sda-na-sastanku-s-palmerom-i-eichhorst\\\/\",\"name\":\"Delegacije HDZ-a i SDA na sastanku s Palmerom i Eichhorst - RADIO LJUBU\u0160KI\",\"isPartOf\":{\"@id\":\"https:\\\/\\\/radioljubuski.ba\\\/#website\"},\"primaryImageOfPage\":{\"@id\":\"https:\\\/\\\/radioljubuski.ba\\\/index.php\\\/2021\\\/11\\\/30\\\/delegacije-hdz-a-i-sda-na-sastanku-s-palmerom-i-eichhorst\\\/#primaryimage\"},\"image\":{\"@id\":\"https:\\\/\\\/radioljubuski.ba\\\/index.php\\\/2021\\\/11\\\/30\\\/delegacije-hdz-a-i-sda-na-sastanku-s-palmerom-i-eichhorst\\\/#primaryimage\"},\"thumbnailUrl\":\"https:\\\/\\\/radioljubuski.ba\\\/wp-content\\\/uploads\\\/2021\\\/11\\\/eu-delegacija.jpg\",\"datePublished\":\"2021-11-30T16:43:53+00:00\",\"dateModified\":\"2021-11-30T16:43:54+00:00\",\"breadcrumb\":{\"@id\":\"https:\\\/\\\/radioljubuski.ba\\\/index.php\\\/2021\\\/11\\\/30\\\/delegacije-hdz-a-i-sda-na-sastanku-s-palmerom-i-eichhorst\\\/#breadcrumb\"},\"inLanguage\":\"hr\",\"potentialAction\":[{\"@type\":\"ReadAction\",\"target\":[\"https:\\\/\\\/radioljubuski.ba\\\/index.php\\\/2021\\\/11\\\/30\\\/delegacije-hdz-a-i-sda-na-sastanku-s-palmerom-i-eichhorst\\\/\"]}]},{\"@type\":\"ImageObject\",\"inLanguage\":\"hr\",\"@id\":\"https:\\\/\\\/radioljubuski.ba\\\/index.php\\\/2021\\\/11\\\/30\\\/delegacije-hdz-a-i-sda-na-sastanku-s-palmerom-i-eichhorst\\\/#primaryimage\",\"url\":\"https:\\\/\\\/radioljubuski.ba\\\/wp-content\\\/uploads\\\/2021\\\/11\\\/eu-delegacija.jpg\",\"contentUrl\":\"https:\\\/\\\/radioljubuski.ba\\\/wp-content\\\/uploads\\\/2021\\\/11\\\/eu-delegacija.jpg\",\"width\":1024,\"height\":478},{\"@type\":\"BreadcrumbList\",\"@id\":\"https:\\\/\\\/radioljubuski.ba\\\/index.php\\\/2021\\\/11\\\/30\\\/delegacije-hdz-a-i-sda-na-sastanku-s-palmerom-i-eichhorst\\\/#breadcrumb\",\"itemListElement\":[{\"@type\":\"ListItem\",\"position\":1,\"name\":\"Po\u010detna stranica\",\"item\":\"https:\\\/\\\/radioljubuski.ba\\\/\"},{\"@type\":\"ListItem\",\"position\":2,\"name\":\"Delegacije HDZ-a i SDA na sastanku s Palmerom i Eichhorst\"}]},{\"@type\":\"WebSite\",\"@id\":\"https:\\\/\\\/radioljubuski.ba\\\/#website\",\"url\":\"https:\\\/\\\/radioljubuski.ba\\\/\",\"name\":\"Radio Ljubu\u0161ki\",\"description\":\"Sun\u010dana frekvencija Hercegovine\",\"publisher\":{\"@id\":\"https:\\\/\\\/radioljubuski.ba\\\/#organization\"},\"potentialAction\":[{\"@type\":\"SearchAction\",\"target\":{\"@type\":\"EntryPoint\",\"urlTemplate\":\"https:\\\/\\\/radioljubuski.ba\\\/?s={search_term_string}\"},\"query-input\":{\"@type\":\"PropertyValueSpecification\",\"valueRequired\":true,\"valueName\":\"search_term_string\"}}],\"inLanguage\":\"hr\"},{\"@type\":\"Organization\",\"@id\":\"https:\\\/\\\/radioljubuski.ba\\\/#organization\",\"name\":\"Radio Ljubu\u0161ki\",\"url\":\"https:\\\/\\\/radioljubuski.ba\\\/\",\"logo\":{\"@type\":\"ImageObject\",\"inLanguage\":\"hr\",\"@id\":\"https:\\\/\\\/radioljubuski.ba\\\/#\\\/schema\\\/logo\\\/image\\\/\",\"url\":\"https:\\\/\\\/radioljubuski.ba\\\/wp-content\\\/uploads\\\/2021\\\/02\\\/cropped-Radio_Ljubuski_logo1.jpg\",\"contentUrl\":\"https:\\\/\\\/radioljubuski.ba\\\/wp-content\\\/uploads\\\/2021\\\/02\\\/cropped-Radio_Ljubuski_logo1.jpg\",\"width\":512,\"height\":512,\"caption\":\"Radio Ljubu\u0161ki\"},\"image\":{\"@id\":\"https:\\\/\\\/radioljubuski.ba\\\/#\\\/schema\\\/logo\\\/image\\\/\"},\"sameAs\":[\"https:\\\/\\\/www.facebook.com\\\/Radiio-Ljubuski-1490835324566332\",\"https:\\\/\\\/x.com\\\/radioljubuski\",\"https:\\\/\\\/hr.linkedin.com\\\/company\\\/radio-ljubuski\",\"https:\\\/\\\/www.youtube.com\\\/channel\\\/UCHYaeO_n0Db3tjNGudGpXyw\"]},{\"@type\":\"Person\",\"@id\":\"https:\\\/\\\/radioljubuski.ba\\\/#\\\/schema\\\/person\\\/19fc700381a780f69665d7956c469e3b\",\"name\":\"Radio Ljubu\u0161ki\"}]}<\/script>\n<!-- \/ Yoast SEO plugin. -->","yoast_head_json":{"title":"Delegacije HDZ-a i SDA na sastanku s Palmerom i Eichhorst - RADIO LJUBU\u0160KI","robots":{"index":"index","follow":"follow","max-snippet":"max-snippet:-1","max-image-preview":"max-image-preview:large","max-video-preview":"max-video-preview:-1"},"canonical":"https:\/\/radioljubuski.ba\/index.php\/2021\/11\/30\/delegacije-hdz-a-i-sda-na-sastanku-s-palmerom-i-eichhorst\/","og_locale":"hr_HR","og_type":"article","og_title":"Delegacije HDZ-a i SDA na sastanku s Palmerom i Eichhorst - RADIO LJUBU\u0160KI","og_description":"Pregovori oko izmjena Izbornog zakona nastavljeni su i danas. U zgradi Delegacije EU u Sarajevu u tijeku je sastanak Matthewa Palmera, ameri\u010dkog izaslanika za izborne reforme, i Angeline Eichhorst, direktorice pri europskoj slu\u017ebi za vanjske poslove sa Draganom \u010covi\u0107em, liderom HDZ-a i predsjedavaju\u0107eg Doma naroda PS BiH te Borjane Kri\u0161to, \u010dlanicom Kolegija Zastupni\u010dkog doma Parlamentarne [&hellip;]","og_url":"https:\/\/radioljubuski.ba\/index.php\/2021\/11\/30\/delegacije-hdz-a-i-sda-na-sastanku-s-palmerom-i-eichhorst\/","og_site_name":"RADIO LJUBU\u0160KI","article_publisher":"https:\/\/www.facebook.com\/Radiio-Ljubuski-1490835324566332","article_published_time":"2021-11-30T16:43:53+00:00","article_modified_time":"2021-11-30T16:43:54+00:00","og_image":[{"width":1024,"height":478,"url":"https:\/\/radioljubuski.ba\/wp-content\/uploads\/2021\/11\/eu-delegacija.jpg","type":"image\/jpeg"}],"author":"Radio Ljubu\u0161ki","twitter_card":"summary_large_image","twitter_creator":"@radioljubuski","twitter_site":"@radioljubuski","twitter_misc":{"Napisao\/la":"Radio Ljubu\u0161ki","Procijenjeno vrijeme \u010ditanja":"1 minuta"},"schema":{"@context":"https:\/\/schema.org","@graph":[{"@type":"Article","@id":"https:\/\/radioljubuski.ba\/index.php\/2021\/11\/30\/delegacije-hdz-a-i-sda-na-sastanku-s-palmerom-i-eichhorst\/#article","isPartOf":{"@id":"https:\/\/radioljubuski.ba\/index.php\/2021\/11\/30\/delegacije-hdz-a-i-sda-na-sastanku-s-palmerom-i-eichhorst\/"},"author":{"name":"Radio Ljubu\u0161ki","@id":"https:\/\/radioljubuski.ba\/#\/schema\/person\/19fc700381a780f69665d7956c469e3b"},"headline":"Delegacije HDZ-a i SDA na sastanku s Palmerom i Eichhorst","datePublished":"2021-11-30T16:43:53+00:00","dateModified":"2021-11-30T16:43:54+00:00","mainEntityOfPage":{"@id":"https:\/\/radioljubuski.ba\/index.php\/2021\/11\/30\/delegacije-hdz-a-i-sda-na-sastanku-s-palmerom-i-eichhorst\/"},"wordCount":198,"publisher":{"@id":"https:\/\/radioljubuski.ba\/#organization"},"image":{"@id":"https:\/\/radioljubuski.ba\/index.php\/2021\/11\/30\/delegacije-hdz-a-i-sda-na-sastanku-s-palmerom-i-eichhorst\/#primaryimage"},"thumbnailUrl":"https:\/\/radioljubuski.ba\/wp-content\/uploads\/2021\/11\/eu-delegacija.jpg","articleSection":["BIH i regija"],"inLanguage":"hr"},{"@type":"WebPage","@id":"https:\/\/radioljubuski.ba\/index.php\/2021\/11\/30\/delegacije-hdz-a-i-sda-na-sastanku-s-palmerom-i-eichhorst\/","url":"https:\/\/radioljubuski.ba\/index.php\/2021\/11\/30\/delegacije-hdz-a-i-sda-na-sastanku-s-palmerom-i-eichhorst\/","name":"Delegacije HDZ-a i SDA na sastanku s Palmerom i Eichhorst - RADIO LJUBU\u0160KI","isPartOf":{"@id":"https:\/\/radioljubuski.ba\/#website"},"primaryImageOfPage":{"@id":"https:\/\/radioljubuski.ba\/index.php\/2021\/11\/30\/delegacije-hdz-a-i-sda-na-sastanku-s-palmerom-i-eichhorst\/#primaryimage"},"image":{"@id":"https:\/\/radioljubuski.ba\/index.php\/2021\/11\/30\/delegacije-hdz-a-i-sda-na-sastanku-s-palmerom-i-eichhorst\/#primaryimage"},"thumbnailUrl":"https:\/\/radioljubuski.ba\/wp-content\/uploads\/2021\/11\/eu-delegacija.jpg","datePublished":"2021-11-30T16:43:53+00:00","dateModified":"2021-11-30T16:43:54+00:00","breadcrumb":{"@id":"https:\/\/radioljubuski.ba\/index.php\/2021\/11\/30\/delegacije-hdz-a-i-sda-na-sastanku-s-palmerom-i-eichhorst\/#breadcrumb"},"inLanguage":"hr","potentialAction":[{"@type":"ReadAction","target":["https:\/\/radioljubuski.ba\/index.php\/2021\/11\/30\/delegacije-hdz-a-i-sda-na-sastanku-s-palmerom-i-eichhorst\/"]}]},{"@type":"ImageObject","inLanguage":"hr","@id":"https:\/\/radioljubuski.ba\/index.php\/2021\/11\/30\/delegacije-hdz-a-i-sda-na-sastanku-s-palmerom-i-eichhorst\/#primaryimage","url":"https:\/\/radioljubuski.ba\/wp-content\/uploads\/2021\/11\/eu-delegacija.jpg","contentUrl":"https:\/\/radioljubuski.ba\/wp-content\/uploads\/2021\/11\/eu-delegacija.jpg","width":1024,"height":478},{"@type":"BreadcrumbList","@id":"https:\/\/radioljubuski.ba\/index.php\/2021\/11\/30\/delegacije-hdz-a-i-sda-na-sastanku-s-palmerom-i-eichhorst\/#breadcrumb","itemListElement":[{"@type":"ListItem","position":1,"name":"Po\u010detna stranica","item":"https:\/\/radioljubuski.ba\/"},{"@type":"ListItem","position":2,"name":"Delegacije HDZ-a i SDA na sastanku s Palmerom i Eichhorst"}]},{"@type":"WebSite","@id":"https:\/\/radioljubuski.ba\/#website","url":"https:\/\/radioljubuski.ba\/","name":"Radio Ljubu\u0161ki","description":"Sun\u010dana frekvencija Hercegovine","publisher":{"@id":"https:\/\/radioljubuski.ba\/#organization"},"potentialAction":[{"@type":"SearchAction","target":{"@type":"EntryPoint","urlTemplate":"https:\/\/radioljubuski.ba\/?s={search_term_string}"},"query-input":{"@type":"PropertyValueSpecification","valueRequired":true,"valueName":"search_term_string"}}],"inLanguage":"hr"},{"@type":"Organization","@id":"https:\/\/radioljubuski.ba\/#organization","name":"Radio Ljubu\u0161ki","url":"https:\/\/radioljubuski.ba\/","logo":{"@type":"ImageObject","inLanguage":"hr","@id":"https:\/\/radioljubuski.ba\/#\/schema\/logo\/image\/","url":"https:\/\/radioljubuski.ba\/wp-content\/uploads\/2021\/02\/cropped-Radio_Ljubuski_logo1.jpg","contentUrl":"https:\/\/radioljubuski.ba\/wp-content\/uploads\/2021\/02\/cropped-Radio_Ljubuski_logo1.jpg","width":512,"height":512,"caption":"Radio Ljubu\u0161ki"},"image":{"@id":"https:\/\/radioljubuski.ba\/#\/schema\/logo\/image\/"},"sameAs":["https:\/\/www.facebook.com\/Radiio-Ljubuski-1490835324566332","https:\/\/x.com\/radioljubuski","https:\/\/hr.linkedin.com\/company\/radio-ljubuski","https:\/\/www.youtube.com\/channel\/UCHYaeO_n0Db3tjNGudGpXyw"]},{"@type":"Person","@id":"https:\/\/radioljubuski.ba\/#\/schema\/person\/19fc700381a780f69665d7956c469e3b","name":"Radio Ljubu\u0161ki"}]}},"_links":{"self":[{"href":"https:\/\/radioljubuski.ba\/index.php\/wp-json\/wp\/v2\/posts\/94285","targetHints":{"allow":["GET"]}}],"collection":[{"href":"https:\/\/radioljubuski.ba\/index.php\/wp-json\/wp\/v2\/posts"}],"about":[{"href":"https:\/\/radioljubuski.ba\/index.php\/wp-json\/wp\/v2\/types\/post"}],"author":[{"embeddable":true,"href":"https:\/\/radioljubuski.ba\/index.php\/wp-json\/wp\/v2\/users\/2"}],"replies":[{"embeddable":true,"href":"https:\/\/radioljubuski.ba\/index.php\/wp-json\/wp\/v2\/comments?post=94285"}],"version-history":[{"count":1,"href":"https:\/\/radioljubuski.ba\/index.php\/wp-json\/wp\/v2\/posts\/94285\/revisions"}],"predecessor-version":[{"id":94287,"href":"https:\/\/radioljubuski.ba\/index.php\/wp-json\/wp\/v2\/posts\/94285\/revisions\/94287"}],"wp:featuredmedia":[{"embeddable":true,"href":"https:\/\/radioljubuski.ba\/index.php\/wp-json\/wp\/v2\/media\/94286"}],"wp:attachment":[{"href":"https:\/\/radioljubuski.ba\/index.php\/wp-json\/wp\/v2\/media?parent=94285"}],"wp:term":[{"taxonomy":"category","embeddable":true,"href":"https:\/\/radioljubuski.ba\/index.php\/wp-json\/wp\/v2\/categories?post=94285"},{"taxonomy":"post_tag","embeddable":true,"href":"https:\/\/radioljubuski.ba\/index.php\/wp-json\/wp\/v2\/tags?post=94285"}],"curies":[{"name":"wp","href":"https:\/\/api.w.org\/{rel}","templated":true}]}}