{"id":94359,"date":"2021-11-30T19:23:04","date_gmt":"2021-11-30T18:23:04","guid":{"rendered":"https:\/\/radioljubuski.ba\/?p=94359"},"modified":"2021-11-30T19:23:05","modified_gmt":"2021-11-30T18:23:05","slug":"putin-prijeti-da-ce-djelovati-ako-nato-prijede-crvene-linije-prema-ukrajini","status":"publish","type":"post","link":"https:\/\/radioljubuski.ba\/index.php\/2021\/11\/30\/putin-prijeti-da-ce-djelovati-ako-nato-prijede-crvene-linije-prema-ukrajini\/","title":{"rendered":"Putin prijeti da \u0107e djelovati ako NATO prije\u0111e \u2018crvene linije\u2019 prema Ukrajini"},"content":{"rendered":"\n<p>Ruski predsjednik Vladimir Putin upozorio je u utorak da \u0107e Rusija biti prisiljena djelovati ako NATO prije\u0111e njezine &#8216;crvene linije&#8217; prema Ukrajini, a NATO i Sjedinjene Ameri\u010dke Dr\u017eave su upozorile Rusiju da \u0107e platiti visoku cijenu u slu\u010daju nove vojne agresije protiv Ukrajine.<\/p>\n\n\n\n<p>Putin je na investicijskom forumu u Moskvi rekao da se nada da \u0107e zdrav razum prevagnuti na svim stranama, ali \u017eeli da NATO bude svjestan zabrinutosti Rusije za vlastitu sigurnost.<\/p>\n\n\n\n<p>\u201cAko se neka vrsta napada\u010dkog sustava pojavi na teritoriju Ukrajine, vrijeme leta do Moskve bit \u0107e sedam do 10 minuta, a pet minuta u slu\u010daju postavljanja hipersoni\u010dnog oru\u017eja. Samo zamislite to\u201d, rekao je Putin.<\/p>\n\n\n\n<p>\u201c\u0160to nam je \u010diniti u takvom scenariju? Morat \u0107emo stvoriti ne\u0161to sli\u010dno u odnosu na one koji nam prijete na taj na\u010din. I mi to mo\u017eemo u\u010diniti sada.\u201d<\/p>\n\n\n\n<p>Putin je dodao da je Rusija uspje\u0161no testirala novi hipersoni\u010dni projektil na moru koji \u0107e biti u upotrebi od po\u010detka idu\u0107e godine.<\/p>\n\n\n\n<p>\u201cStvaranje takvih prijetnji (u Ukrajini) za nas predstavlja crvene linije. No nadam se da ne\u0107e do\u0107i do toga. Nadam se da \u0107e prevladati osje\u0107aj zdravog razuma, odgovornosti za na\u0161e zemlje i za me\u0111unarodnu zajednicu\u201d, istaknuo je Putin.<\/p>\n\n\n\n<p>Sjedinjene Ameri\u010dke Dr\u017eave i Velika Britanija upozorile su ranije u utorak Rusiju protiv bilo kakve nove vojne agresije na Ukrajinu, a NATO se sastao kako bi razgovarao o premje\u0161tanju ruskih vojnika bli\u017ee granici s ju\u017enim susjedom.<\/p>\n\n\n\n<p>Rusija je odbacila naga\u0111anja o tome da planira napad na Ukrajinu i ka\u017ee da je raspore\u0111ivanje vojnika isklju\u010divo obrambene naravi.<\/p>\n\n\n\n<p>\u201cRusku Federaciju tako\u0111er zabrinjava \u010dinjenica da se u blizini njezinih granica provode masovne vje\u017ebe, uklju\u010duju\u0107i i one neplanirane, kao \u0161to je to bio slu\u010daj nedavno u Crnom moru kada su strate\u0161ki bombarderi\u2026letjeli 20 kilometara od na\u0161ih granica\u2026 Ima preciznog oru\u017eja, a mo\u017eda ima i nuklearnog oru\u017eja\u201d, rekao je Putin.<\/p>\n\n\n\n<p>Uo\u010di razgovora s ministarima vanjskih poslova NATO-a u latvijskoj prijestolnici Rigi, glavni tajnik NATO-a Jens Stoltenberg je novinarima reko da je Zapad ve\u0107 pokazao da mo\u017ee uvesti ekonomske, financijske i politi\u010dke sankcije protiv Moskve.<\/p>\n\n\n\n<p>\u201cRusija \u0107e platiti visoku cijenu ako jo\u0161 jednom upotrijebe silu protiv neovisnosti Ukrajine\u201d, rekao je Stoltenberg.<\/p>\n\n\n\n<p>O\u010dekuje se da \u0107e ameri\u010dki dr\u017eavni tajnik Antony Blinken izvijestiti svojih 29 kolega u NATO-u o ameri\u010dkim obavje\u0161tajnim podacima o tome \u0161to se doga\u0111a na isto\u010dnom krilu saveza i u Ukrajini koja nije \u010dlanica NATO-a.<\/p>\n\n\n\n<p>\u201cSvaka eskaliraju\u0107a akcija Rusije predstavljala bi veliku zabrinutost za SAD\u2026a svaka nova agresija izazvala bi ozbiljne posljedice\u201d, rekao je Blinken na konferenciji za medije prije sastanka.<\/p>\n\n\n\n<p>\u201cIdu\u0107ih dana blisko \u0107emo se konzultirati sa saveznicima i partnerima u NATO-u\u2026o tome postoje li drugi koraci koje bismo trebali poduzeti kao savez za ja\u010danje na\u0161e obrane, otpornosti, kapaciteta\u201d, dodao je.<\/p>\n\n\n\n<p>Izvor:pogled.ba<\/p>\n","protected":false},"excerpt":{"rendered":"<p>Ruski predsjednik Vladimir Putin upozorio je u utorak da \u0107e Rusija biti prisiljena djelovati ako NATO prije\u0111e njezine &#8216;crvene linije&#8217; prema Ukrajini, a NATO i Sjedinjene Ameri\u010dke Dr\u017eave su upozorile Rusiju da \u0107e platiti visoku cijenu u slu\u010daju nove vojne agresije protiv Ukrajine. Putin je na investicijskom forumu u Moskvi rekao da se nada da [&hellip;]<\/p>\n","protected":false},"author":2,"featured_media":33926,"comment_status":"closed","ping_status":"closed","sticky":false,"template":"","format":"standard","meta":{"h5ap_radio_sources":[],"footnotes":""},"categories":[1],"tags":[],"class_list":["post-94359","post","type-post","status-publish","format-standard","has-post-thumbnail","hentry","category-bihiregija"],"yoast_head":"<!-- This site is optimized with the Yoast SEO plugin v27.4 - https:\/\/yoast.com\/product\/yoast-seo-wordpress\/ -->\n<title>Putin prijeti da \u0107e djelovati ako NATO prije\u0111e \u2018crvene linije\u2019 prema Ukrajini - RADIO LJUBU\u0160KI<\/title>\n<meta name=\"robots\" content=\"index, follow, max-snippet:-1, max-image-preview:large, max-video-preview:-1\" \/>\n<link rel=\"canonical\" href=\"https:\/\/radioljubuski.ba\/index.php\/2021\/11\/30\/putin-prijeti-da-ce-djelovati-ako-nato-prijede-crvene-linije-prema-ukrajini\/\" \/>\n<meta property=\"og:locale\" content=\"hr_HR\" \/>\n<meta property=\"og:type\" content=\"article\" \/>\n<meta property=\"og:title\" content=\"Putin prijeti da \u0107e djelovati ako NATO prije\u0111e \u2018crvene linije\u2019 prema Ukrajini - RADIO LJUBU\u0160KI\" \/>\n<meta property=\"og:description\" content=\"Ruski predsjednik Vladimir Putin upozorio je u utorak da \u0107e Rusija biti prisiljena djelovati ako NATO prije\u0111e njezine &#8216;crvene linije&#8217; prema Ukrajini, a NATO i Sjedinjene Ameri\u010dke Dr\u017eave su upozorile Rusiju da \u0107e platiti visoku cijenu u slu\u010daju nove vojne agresije protiv Ukrajine. Putin je na investicijskom forumu u Moskvi rekao da se nada da [&hellip;]\" \/>\n<meta property=\"og:url\" content=\"https:\/\/radioljubuski.ba\/index.php\/2021\/11\/30\/putin-prijeti-da-ce-djelovati-ako-nato-prijede-crvene-linije-prema-ukrajini\/\" \/>\n<meta property=\"og:site_name\" content=\"RADIO LJUBU\u0160KI\" \/>\n<meta property=\"article:publisher\" content=\"https:\/\/www.facebook.com\/Radiio-Ljubuski-1490835324566332\" \/>\n<meta property=\"article:published_time\" content=\"2021-11-30T18:23:04+00:00\" \/>\n<meta property=\"article:modified_time\" content=\"2021-11-30T18:23:05+00:00\" \/>\n<meta property=\"og:image\" content=\"https:\/\/radioljubuski.ba\/wp-content\/uploads\/2021\/06\/9-2021-03-23-14-28-06-putin-2.jpg\" \/>\n\t<meta property=\"og:image:width\" content=\"1000\" \/>\n\t<meta property=\"og:image:height\" content=\"625\" \/>\n\t<meta property=\"og:image:type\" content=\"image\/jpeg\" \/>\n<meta name=\"author\" content=\"Radio Ljubu\u0161ki\" \/>\n<meta name=\"twitter:card\" content=\"summary_large_image\" \/>\n<meta name=\"twitter:creator\" content=\"@radioljubuski\" \/>\n<meta name=\"twitter:site\" content=\"@radioljubuski\" \/>\n<meta name=\"twitter:label1\" content=\"Napisao\/la\" \/>\n\t<meta name=\"twitter:data1\" content=\"Radio Ljubu\u0161ki\" \/>\n\t<meta name=\"twitter:label2\" content=\"Procijenjeno vrijeme \u010ditanja\" \/>\n\t<meta name=\"twitter:data2\" content=\"2 minute\" \/>\n<script type=\"application\/ld+json\" class=\"yoast-schema-graph\">{\"@context\":\"https:\\\/\\\/schema.org\",\"@graph\":[{\"@type\":\"Article\",\"@id\":\"https:\\\/\\\/radioljubuski.ba\\\/index.php\\\/2021\\\/11\\\/30\\\/putin-prijeti-da-ce-djelovati-ako-nato-prijede-crvene-linije-prema-ukrajini\\\/#article\",\"isPartOf\":{\"@id\":\"https:\\\/\\\/radioljubuski.ba\\\/index.php\\\/2021\\\/11\\\/30\\\/putin-prijeti-da-ce-djelovati-ako-nato-prijede-crvene-linije-prema-ukrajini\\\/\"},\"author\":{\"name\":\"Radio Ljubu\u0161ki\",\"@id\":\"https:\\\/\\\/radioljubuski.ba\\\/#\\\/schema\\\/person\\\/19fc700381a780f69665d7956c469e3b\"},\"headline\":\"Putin prijeti da \u0107e djelovati ako NATO prije\u0111e \u2018crvene linije\u2019 prema Ukrajini\",\"datePublished\":\"2021-11-30T18:23:04+00:00\",\"dateModified\":\"2021-11-30T18:23:05+00:00\",\"mainEntityOfPage\":{\"@id\":\"https:\\\/\\\/radioljubuski.ba\\\/index.php\\\/2021\\\/11\\\/30\\\/putin-prijeti-da-ce-djelovati-ako-nato-prijede-crvene-linije-prema-ukrajini\\\/\"},\"wordCount\":512,\"publisher\":{\"@id\":\"https:\\\/\\\/radioljubuski.ba\\\/#organization\"},\"image\":{\"@id\":\"https:\\\/\\\/radioljubuski.ba\\\/index.php\\\/2021\\\/11\\\/30\\\/putin-prijeti-da-ce-djelovati-ako-nato-prijede-crvene-linije-prema-ukrajini\\\/#primaryimage\"},\"thumbnailUrl\":\"https:\\\/\\\/radioljubuski.ba\\\/wp-content\\\/uploads\\\/2021\\\/06\\\/9-2021-03-23-14-28-06-putin-2.jpg\",\"articleSection\":[\"BIH i regija\"],\"inLanguage\":\"hr\"},{\"@type\":\"WebPage\",\"@id\":\"https:\\\/\\\/radioljubuski.ba\\\/index.php\\\/2021\\\/11\\\/30\\\/putin-prijeti-da-ce-djelovati-ako-nato-prijede-crvene-linije-prema-ukrajini\\\/\",\"url\":\"https:\\\/\\\/radioljubuski.ba\\\/index.php\\\/2021\\\/11\\\/30\\\/putin-prijeti-da-ce-djelovati-ako-nato-prijede-crvene-linije-prema-ukrajini\\\/\",\"name\":\"Putin prijeti da \u0107e djelovati ako NATO prije\u0111e \u2018crvene linije\u2019 prema Ukrajini - RADIO LJUBU\u0160KI\",\"isPartOf\":{\"@id\":\"https:\\\/\\\/radioljubuski.ba\\\/#website\"},\"primaryImageOfPage\":{\"@id\":\"https:\\\/\\\/radioljubuski.ba\\\/index.php\\\/2021\\\/11\\\/30\\\/putin-prijeti-da-ce-djelovati-ako-nato-prijede-crvene-linije-prema-ukrajini\\\/#primaryimage\"},\"image\":{\"@id\":\"https:\\\/\\\/radioljubuski.ba\\\/index.php\\\/2021\\\/11\\\/30\\\/putin-prijeti-da-ce-djelovati-ako-nato-prijede-crvene-linije-prema-ukrajini\\\/#primaryimage\"},\"thumbnailUrl\":\"https:\\\/\\\/radioljubuski.ba\\\/wp-content\\\/uploads\\\/2021\\\/06\\\/9-2021-03-23-14-28-06-putin-2.jpg\",\"datePublished\":\"2021-11-30T18:23:04+00:00\",\"dateModified\":\"2021-11-30T18:23:05+00:00\",\"breadcrumb\":{\"@id\":\"https:\\\/\\\/radioljubuski.ba\\\/index.php\\\/2021\\\/11\\\/30\\\/putin-prijeti-da-ce-djelovati-ako-nato-prijede-crvene-linije-prema-ukrajini\\\/#breadcrumb\"},\"inLanguage\":\"hr\",\"potentialAction\":[{\"@type\":\"ReadAction\",\"target\":[\"https:\\\/\\\/radioljubuski.ba\\\/index.php\\\/2021\\\/11\\\/30\\\/putin-prijeti-da-ce-djelovati-ako-nato-prijede-crvene-linije-prema-ukrajini\\\/\"]}]},{\"@type\":\"ImageObject\",\"inLanguage\":\"hr\",\"@id\":\"https:\\\/\\\/radioljubuski.ba\\\/index.php\\\/2021\\\/11\\\/30\\\/putin-prijeti-da-ce-djelovati-ako-nato-prijede-crvene-linije-prema-ukrajini\\\/#primaryimage\",\"url\":\"https:\\\/\\\/radioljubuski.ba\\\/wp-content\\\/uploads\\\/2021\\\/06\\\/9-2021-03-23-14-28-06-putin-2.jpg\",\"contentUrl\":\"https:\\\/\\\/radioljubuski.ba\\\/wp-content\\\/uploads\\\/2021\\\/06\\\/9-2021-03-23-14-28-06-putin-2.jpg\",\"width\":1000,\"height\":625},{\"@type\":\"BreadcrumbList\",\"@id\":\"https:\\\/\\\/radioljubuski.ba\\\/index.php\\\/2021\\\/11\\\/30\\\/putin-prijeti-da-ce-djelovati-ako-nato-prijede-crvene-linije-prema-ukrajini\\\/#breadcrumb\",\"itemListElement\":[{\"@type\":\"ListItem\",\"position\":1,\"name\":\"Po\u010detna stranica\",\"item\":\"https:\\\/\\\/radioljubuski.ba\\\/\"},{\"@type\":\"ListItem\",\"position\":2,\"name\":\"Putin prijeti da \u0107e djelovati ako NATO prije\u0111e \u2018crvene linije\u2019 prema Ukrajini\"}]},{\"@type\":\"WebSite\",\"@id\":\"https:\\\/\\\/radioljubuski.ba\\\/#website\",\"url\":\"https:\\\/\\\/radioljubuski.ba\\\/\",\"name\":\"Radio Ljubu\u0161ki\",\"description\":\"Sun\u010dana frekvencija Hercegovine\",\"publisher\":{\"@id\":\"https:\\\/\\\/radioljubuski.ba\\\/#organization\"},\"potentialAction\":[{\"@type\":\"SearchAction\",\"target\":{\"@type\":\"EntryPoint\",\"urlTemplate\":\"https:\\\/\\\/radioljubuski.ba\\\/?s={search_term_string}\"},\"query-input\":{\"@type\":\"PropertyValueSpecification\",\"valueRequired\":true,\"valueName\":\"search_term_string\"}}],\"inLanguage\":\"hr\"},{\"@type\":\"Organization\",\"@id\":\"https:\\\/\\\/radioljubuski.ba\\\/#organization\",\"name\":\"Radio Ljubu\u0161ki\",\"url\":\"https:\\\/\\\/radioljubuski.ba\\\/\",\"logo\":{\"@type\":\"ImageObject\",\"inLanguage\":\"hr\",\"@id\":\"https:\\\/\\\/radioljubuski.ba\\\/#\\\/schema\\\/logo\\\/image\\\/\",\"url\":\"https:\\\/\\\/radioljubuski.ba\\\/wp-content\\\/uploads\\\/2021\\\/02\\\/cropped-Radio_Ljubuski_logo1.jpg\",\"contentUrl\":\"https:\\\/\\\/radioljubuski.ba\\\/wp-content\\\/uploads\\\/2021\\\/02\\\/cropped-Radio_Ljubuski_logo1.jpg\",\"width\":512,\"height\":512,\"caption\":\"Radio Ljubu\u0161ki\"},\"image\":{\"@id\":\"https:\\\/\\\/radioljubuski.ba\\\/#\\\/schema\\\/logo\\\/image\\\/\"},\"sameAs\":[\"https:\\\/\\\/www.facebook.com\\\/Radiio-Ljubuski-1490835324566332\",\"https:\\\/\\\/x.com\\\/radioljubuski\",\"https:\\\/\\\/hr.linkedin.com\\\/company\\\/radio-ljubuski\",\"https:\\\/\\\/www.youtube.com\\\/channel\\\/UCHYaeO_n0Db3tjNGudGpXyw\"]},{\"@type\":\"Person\",\"@id\":\"https:\\\/\\\/radioljubuski.ba\\\/#\\\/schema\\\/person\\\/19fc700381a780f69665d7956c469e3b\",\"name\":\"Radio Ljubu\u0161ki\"}]}<\/script>\n<!-- \/ Yoast SEO plugin. -->","yoast_head_json":{"title":"Putin prijeti da \u0107e djelovati ako NATO prije\u0111e \u2018crvene linije\u2019 prema Ukrajini - RADIO LJUBU\u0160KI","robots":{"index":"index","follow":"follow","max-snippet":"max-snippet:-1","max-image-preview":"max-image-preview:large","max-video-preview":"max-video-preview:-1"},"canonical":"https:\/\/radioljubuski.ba\/index.php\/2021\/11\/30\/putin-prijeti-da-ce-djelovati-ako-nato-prijede-crvene-linije-prema-ukrajini\/","og_locale":"hr_HR","og_type":"article","og_title":"Putin prijeti da \u0107e djelovati ako NATO prije\u0111e \u2018crvene linije\u2019 prema Ukrajini - RADIO LJUBU\u0160KI","og_description":"Ruski predsjednik Vladimir Putin upozorio je u utorak da \u0107e Rusija biti prisiljena djelovati ako NATO prije\u0111e njezine &#8216;crvene linije&#8217; prema Ukrajini, a NATO i Sjedinjene Ameri\u010dke Dr\u017eave su upozorile Rusiju da \u0107e platiti visoku cijenu u slu\u010daju nove vojne agresije protiv Ukrajine. Putin je na investicijskom forumu u Moskvi rekao da se nada da [&hellip;]","og_url":"https:\/\/radioljubuski.ba\/index.php\/2021\/11\/30\/putin-prijeti-da-ce-djelovati-ako-nato-prijede-crvene-linije-prema-ukrajini\/","og_site_name":"RADIO LJUBU\u0160KI","article_publisher":"https:\/\/www.facebook.com\/Radiio-Ljubuski-1490835324566332","article_published_time":"2021-11-30T18:23:04+00:00","article_modified_time":"2021-11-30T18:23:05+00:00","og_image":[{"width":1000,"height":625,"url":"https:\/\/radioljubuski.ba\/wp-content\/uploads\/2021\/06\/9-2021-03-23-14-28-06-putin-2.jpg","type":"image\/jpeg"}],"author":"Radio Ljubu\u0161ki","twitter_card":"summary_large_image","twitter_creator":"@radioljubuski","twitter_site":"@radioljubuski","twitter_misc":{"Napisao\/la":"Radio Ljubu\u0161ki","Procijenjeno vrijeme \u010ditanja":"2 minute"},"schema":{"@context":"https:\/\/schema.org","@graph":[{"@type":"Article","@id":"https:\/\/radioljubuski.ba\/index.php\/2021\/11\/30\/putin-prijeti-da-ce-djelovati-ako-nato-prijede-crvene-linije-prema-ukrajini\/#article","isPartOf":{"@id":"https:\/\/radioljubuski.ba\/index.php\/2021\/11\/30\/putin-prijeti-da-ce-djelovati-ako-nato-prijede-crvene-linije-prema-ukrajini\/"},"author":{"name":"Radio Ljubu\u0161ki","@id":"https:\/\/radioljubuski.ba\/#\/schema\/person\/19fc700381a780f69665d7956c469e3b"},"headline":"Putin prijeti da \u0107e djelovati ako NATO prije\u0111e \u2018crvene linije\u2019 prema Ukrajini","datePublished":"2021-11-30T18:23:04+00:00","dateModified":"2021-11-30T18:23:05+00:00","mainEntityOfPage":{"@id":"https:\/\/radioljubuski.ba\/index.php\/2021\/11\/30\/putin-prijeti-da-ce-djelovati-ako-nato-prijede-crvene-linije-prema-ukrajini\/"},"wordCount":512,"publisher":{"@id":"https:\/\/radioljubuski.ba\/#organization"},"image":{"@id":"https:\/\/radioljubuski.ba\/index.php\/2021\/11\/30\/putin-prijeti-da-ce-djelovati-ako-nato-prijede-crvene-linije-prema-ukrajini\/#primaryimage"},"thumbnailUrl":"https:\/\/radioljubuski.ba\/wp-content\/uploads\/2021\/06\/9-2021-03-23-14-28-06-putin-2.jpg","articleSection":["BIH i regija"],"inLanguage":"hr"},{"@type":"WebPage","@id":"https:\/\/radioljubuski.ba\/index.php\/2021\/11\/30\/putin-prijeti-da-ce-djelovati-ako-nato-prijede-crvene-linije-prema-ukrajini\/","url":"https:\/\/radioljubuski.ba\/index.php\/2021\/11\/30\/putin-prijeti-da-ce-djelovati-ako-nato-prijede-crvene-linije-prema-ukrajini\/","name":"Putin prijeti da \u0107e djelovati ako NATO prije\u0111e \u2018crvene linije\u2019 prema Ukrajini - RADIO LJUBU\u0160KI","isPartOf":{"@id":"https:\/\/radioljubuski.ba\/#website"},"primaryImageOfPage":{"@id":"https:\/\/radioljubuski.ba\/index.php\/2021\/11\/30\/putin-prijeti-da-ce-djelovati-ako-nato-prijede-crvene-linije-prema-ukrajini\/#primaryimage"},"image":{"@id":"https:\/\/radioljubuski.ba\/index.php\/2021\/11\/30\/putin-prijeti-da-ce-djelovati-ako-nato-prijede-crvene-linije-prema-ukrajini\/#primaryimage"},"thumbnailUrl":"https:\/\/radioljubuski.ba\/wp-content\/uploads\/2021\/06\/9-2021-03-23-14-28-06-putin-2.jpg","datePublished":"2021-11-30T18:23:04+00:00","dateModified":"2021-11-30T18:23:05+00:00","breadcrumb":{"@id":"https:\/\/radioljubuski.ba\/index.php\/2021\/11\/30\/putin-prijeti-da-ce-djelovati-ako-nato-prijede-crvene-linije-prema-ukrajini\/#breadcrumb"},"inLanguage":"hr","potentialAction":[{"@type":"ReadAction","target":["https:\/\/radioljubuski.ba\/index.php\/2021\/11\/30\/putin-prijeti-da-ce-djelovati-ako-nato-prijede-crvene-linije-prema-ukrajini\/"]}]},{"@type":"ImageObject","inLanguage":"hr","@id":"https:\/\/radioljubuski.ba\/index.php\/2021\/11\/30\/putin-prijeti-da-ce-djelovati-ako-nato-prijede-crvene-linije-prema-ukrajini\/#primaryimage","url":"https:\/\/radioljubuski.ba\/wp-content\/uploads\/2021\/06\/9-2021-03-23-14-28-06-putin-2.jpg","contentUrl":"https:\/\/radioljubuski.ba\/wp-content\/uploads\/2021\/06\/9-2021-03-23-14-28-06-putin-2.jpg","width":1000,"height":625},{"@type":"BreadcrumbList","@id":"https:\/\/radioljubuski.ba\/index.php\/2021\/11\/30\/putin-prijeti-da-ce-djelovati-ako-nato-prijede-crvene-linije-prema-ukrajini\/#breadcrumb","itemListElement":[{"@type":"ListItem","position":1,"name":"Po\u010detna stranica","item":"https:\/\/radioljubuski.ba\/"},{"@type":"ListItem","position":2,"name":"Putin prijeti da \u0107e djelovati ako NATO prije\u0111e \u2018crvene linije\u2019 prema Ukrajini"}]},{"@type":"WebSite","@id":"https:\/\/radioljubuski.ba\/#website","url":"https:\/\/radioljubuski.ba\/","name":"Radio Ljubu\u0161ki","description":"Sun\u010dana frekvencija Hercegovine","publisher":{"@id":"https:\/\/radioljubuski.ba\/#organization"},"potentialAction":[{"@type":"SearchAction","target":{"@type":"EntryPoint","urlTemplate":"https:\/\/radioljubuski.ba\/?s={search_term_string}"},"query-input":{"@type":"PropertyValueSpecification","valueRequired":true,"valueName":"search_term_string"}}],"inLanguage":"hr"},{"@type":"Organization","@id":"https:\/\/radioljubuski.ba\/#organization","name":"Radio Ljubu\u0161ki","url":"https:\/\/radioljubuski.ba\/","logo":{"@type":"ImageObject","inLanguage":"hr","@id":"https:\/\/radioljubuski.ba\/#\/schema\/logo\/image\/","url":"https:\/\/radioljubuski.ba\/wp-content\/uploads\/2021\/02\/cropped-Radio_Ljubuski_logo1.jpg","contentUrl":"https:\/\/radioljubuski.ba\/wp-content\/uploads\/2021\/02\/cropped-Radio_Ljubuski_logo1.jpg","width":512,"height":512,"caption":"Radio Ljubu\u0161ki"},"image":{"@id":"https:\/\/radioljubuski.ba\/#\/schema\/logo\/image\/"},"sameAs":["https:\/\/www.facebook.com\/Radiio-Ljubuski-1490835324566332","https:\/\/x.com\/radioljubuski","https:\/\/hr.linkedin.com\/company\/radio-ljubuski","https:\/\/www.youtube.com\/channel\/UCHYaeO_n0Db3tjNGudGpXyw"]},{"@type":"Person","@id":"https:\/\/radioljubuski.ba\/#\/schema\/person\/19fc700381a780f69665d7956c469e3b","name":"Radio Ljubu\u0161ki"}]}},"_links":{"self":[{"href":"https:\/\/radioljubuski.ba\/index.php\/wp-json\/wp\/v2\/posts\/94359","targetHints":{"allow":["GET"]}}],"collection":[{"href":"https:\/\/radioljubuski.ba\/index.php\/wp-json\/wp\/v2\/posts"}],"about":[{"href":"https:\/\/radioljubuski.ba\/index.php\/wp-json\/wp\/v2\/types\/post"}],"author":[{"embeddable":true,"href":"https:\/\/radioljubuski.ba\/index.php\/wp-json\/wp\/v2\/users\/2"}],"replies":[{"embeddable":true,"href":"https:\/\/radioljubuski.ba\/index.php\/wp-json\/wp\/v2\/comments?post=94359"}],"version-history":[{"count":1,"href":"https:\/\/radioljubuski.ba\/index.php\/wp-json\/wp\/v2\/posts\/94359\/revisions"}],"predecessor-version":[{"id":94360,"href":"https:\/\/radioljubuski.ba\/index.php\/wp-json\/wp\/v2\/posts\/94359\/revisions\/94360"}],"wp:featuredmedia":[{"embeddable":true,"href":"https:\/\/radioljubuski.ba\/index.php\/wp-json\/wp\/v2\/media\/33926"}],"wp:attachment":[{"href":"https:\/\/radioljubuski.ba\/index.php\/wp-json\/wp\/v2\/media?parent=94359"}],"wp:term":[{"taxonomy":"category","embeddable":true,"href":"https:\/\/radioljubuski.ba\/index.php\/wp-json\/wp\/v2\/categories?post=94359"},{"taxonomy":"post_tag","embeddable":true,"href":"https:\/\/radioljubuski.ba\/index.php\/wp-json\/wp\/v2\/tags?post=94359"}],"curies":[{"name":"wp","href":"https:\/\/api.w.org\/{rel}","templated":true}]}}