{"id":94558,"date":"2021-12-01T10:13:28","date_gmt":"2021-12-01T09:13:28","guid":{"rendered":"https:\/\/radioljubuski.ba\/?p=94558"},"modified":"2021-12-02T13:20:45","modified_gmt":"2021-12-02T12:20:45","slug":"promocija-knjige-branka-rogica-audio-i-foto","status":"publish","type":"post","link":"https:\/\/radioljubuski.ba\/index.php\/2021\/12\/01\/promocija-knjige-branka-rogica-audio-i-foto\/","title":{"rendered":"Promocija knjige Branka Rogi\u0107a &#8211; audio i foto"},"content":{"rendered":"\n<p>\u201e<em>\u010citava moja generacija se odgojila na motiki. Ja evo nikako pobje\u0107 od motike, uvijek joj ka\u017eem zbogom, ali opet do\u0111e sezona i \u010deka me opet\u201c,<\/em> poru\u010dio je magistar agronomije Branko Rogi\u0107 koji je sino\u0107 u Knji\u017enici Ljubu\u0161ki predstavio svoju knjigu znakovita naziva \u201eZbogom motiko ljubavi moja\u201c.<\/p>\n\n\n\n<p>Rije\u010d je o njegovoj drugoj knjizi u kojoj su objedinjeni, me\u0111u ostalim, poljoprivredni prakti\u010dni i stru\u010dni savjeti te pri\u010de iz \u017eivota, poneke humoristi\u010dne, a mnoge pou\u010dne.<\/p>\n\n\n\n<p>A sam naslov djela je vrlo sugestivan \u2013 ima u samom naslovu i one \u017eelje \u010dovjeka da se okani te\u0161kog rada, ali ujedno i ljubavi prema motiki kao simbolu rada na zemlji. &nbsp;<\/p>\n\n\n\n<p>Kako je sam Rogi\u0107 kazao nakon promocije daju\u0107i izjave za medije, njemu je ve\u0107 68 godina, a \u010ditav \u017eivot fizi\u010dki radi.<\/p>\n\n\n\n<p>\u201e<em>\u010citav se \u017eivot dru\u017eim sa poljoprivrednim alatom. Motika je simbol sveg tog poljoprivrednog alata. Mene ljudi tra\u017ee. Kada je sezona rezidbe maslina imam po 20-tak poziva. Ljudi su zadovoljni \u0161to ja odradim, pogotovo prinosom gro\u017e\u0111a i kvalitetom maslinova ulja. \u010citav sam \u017eivot u vinogradu. Ne\u0107e loza molitve, neg motike! Danas su strojevi i hvala Bogu da su strojevi, lak\u0161e je i bolje da su strojevi i da se okanemo te motike, ali mi stariji se moramo sje\u0107ati te motike\u201c,<\/em> govori ovaj agronom, koji se ne libi kritizirati one agronome koji svoj radni vijek provode u uredima. &nbsp;<br><br>A on sam svoj zanat razvija po terenu, ali ujedno i marljivo prati stru\u010dnu literaturu, te ima niz ideja kako razviti poljoprivredu u Hercegovini.<\/p>\n\n\n\n<p>Ka\u017ee da je potrebno vratiti stare sorte.<\/p>\n\n\n\n<p>\u201e<em>Ljudi idu vani i dobro je da se po Europi mogu zaraditi novci, ali ja mislim da i ovdje ima prilika. Ljubu\u0161ki, pa i \u010ditava Hercegovina mogu imati ekolo\u0161ku i organsku proizvodnju, a mi ni\u0161ta na tom planu ne radimo. Kako su na\u0161i o\u010devi imali povr\u0107a, a nije ni pesticida bilo? Zato treba vratiti te stare sorte. Nije bilo pesticida kada se proizvodila paprika u na\u0161em polju, a u me\u0111uvremenu smo mi uzeli neke sorte koje su osjetljive na bolesti\u201c <\/em>, ka\u017ee Rogi\u0107.<\/p>\n\n\n\n<p>On dodaje kako redovno istra\u017euje i prati stru\u010dnu literaturu, a smatra kako u Hercegovini ima potencijala za uzgoj lupinastog vo\u0107a i ora\u0161astih plodova.<br><br><em>\u201eTo je lje\u0161njak, to je badem. Sada sam se upustio i na pistacio\u201c,<\/em> ka\u017ee Rogi\u0107 i dodaje da poku\u0161ava nakalemiti pistacijo na smrdljiku.<\/p>\n\n\n\n<p><em>\u201eJa jo\u0161 roda nisam vidio, ali tek u \u0161estoj godini o\u010dekujemo rod\u201c, <\/em>ka\u017ee.<\/p>\n\n\n\n<p>\u0160to se ti\u010de same promocije njegove najnovije knjige, ista je pro\u0161la u veseloj atmosferi.<br><br>Bilo je tu \u0161ala i po\u0161alica i prepri\u010davanja zgoda i nezgoda, a predstavljanje je dodatno obogatio autorov brat blizanac Zdravko Rogi\u0107 glazbenim to\u010dkama na diplama.<\/p>\n\n\n\n<p>Dvije pri\u010da iz knjige je pak pro\u010ditala Slavica Tomi\u0107.<br><br>U audiozapisu poslu\u0161ajte razgovor kojeg je kolega Du\u0161an Musa obavio s Brankom Rogi\u0107em<\/p>\n\n\n\n<iframe src=\"https:\/\/drive.google.com\/file\/d\/1_5Yo51osP7DX7DZHbMPgHuNWrTJx75vg\/preview\" style=\"width: 100%; height: 100px;\"><\/iframe>\n\n\n\n<iframe loading=\"lazy\" src=\"https:\/\/www.facebook.com\/plugins\/post.php?href=https%3A%2F%2Fwww.facebook.com%2Fpermalink.php%3Fstory_fbid%3D3013426942307155%26id%3D1490835324566332&amp;show_text=true&amp;width=500\" style=\"border:none;overflow:hidden\" scrolling=\"no\" allowfullscreen=\"true\" allow=\"autoplay; clipboard-write; encrypted-media; picture-in-picture; web-share\" width=\"500\" height=\"665\" frameborder=\"0\"><\/iframe>\n\n\n\n<p><strong>Ivan Herceg \/ Radio Ljubu\u0161ki<\/strong><\/p>\n","protected":false},"excerpt":{"rendered":"<p>\u201e\u010citava moja generacija se odgojila na motiki. Ja evo nikako pobje\u0107 od motike, uvijek joj ka\u017eem zbogom, ali opet do\u0111e sezona i \u010deka me opet\u201c, poru\u010dio je magistar agronomije Branko Rogi\u0107 koji je sino\u0107 u Knji\u017enici Ljubu\u0161ki predstavio svoju knjigu znakovita naziva \u201eZbogom motiko ljubavi moja\u201c. Rije\u010d je o njegovoj drugoj knjizi u kojoj su [&hellip;]<\/p>\n","protected":false},"author":2,"featured_media":94559,"comment_status":"closed","ping_status":"closed","sticky":false,"template":"","format":"standard","meta":{"h5ap_radio_sources":[],"footnotes":""},"categories":[8],"tags":[],"class_list":["post-94558","post","type-post","status-publish","format-standard","has-post-thumbnail","hentry","category-rlj-audio"],"yoast_head":"<!-- This site is optimized with the Yoast SEO plugin v27.5 - https:\/\/yoast.com\/product\/yoast-seo-wordpress\/ -->\n<title>Promocija knjige Branka Rogi\u0107a - audio i foto - RADIO LJUBU\u0160KI<\/title>\n<meta name=\"robots\" content=\"index, follow, max-snippet:-1, max-image-preview:large, max-video-preview:-1\" \/>\n<link rel=\"canonical\" href=\"https:\/\/radioljubuski.ba\/index.php\/2021\/12\/01\/promocija-knjige-branka-rogica-audio-i-foto\/\" \/>\n<meta property=\"og:locale\" content=\"hr_HR\" \/>\n<meta property=\"og:type\" content=\"article\" \/>\n<meta property=\"og:title\" content=\"Promocija knjige Branka Rogi\u0107a - audio i foto - RADIO LJUBU\u0160KI\" \/>\n<meta property=\"og:description\" content=\"\u201e\u010citava moja generacija se odgojila na motiki. Ja evo nikako pobje\u0107 od motike, uvijek joj ka\u017eem zbogom, ali opet do\u0111e sezona i \u010deka me opet\u201c, poru\u010dio je magistar agronomije Branko Rogi\u0107 koji je sino\u0107 u Knji\u017enici Ljubu\u0161ki predstavio svoju knjigu znakovita naziva \u201eZbogom motiko ljubavi moja\u201c. Rije\u010d je o njegovoj drugoj knjizi u kojoj su [&hellip;]\" \/>\n<meta property=\"og:url\" content=\"https:\/\/radioljubuski.ba\/index.php\/2021\/12\/01\/promocija-knjige-branka-rogica-audio-i-foto\/\" \/>\n<meta property=\"og:site_name\" content=\"RADIO LJUBU\u0160KI\" \/>\n<meta property=\"article:publisher\" content=\"https:\/\/www.facebook.com\/Radiio-Ljubuski-1490835324566332\" \/>\n<meta property=\"article:published_time\" content=\"2021-12-01T09:13:28+00:00\" \/>\n<meta property=\"article:modified_time\" content=\"2021-12-02T12:20:45+00:00\" \/>\n<meta property=\"og:image\" content=\"https:\/\/radioljubuski.ba\/wp-content\/uploads\/2021\/12\/branko-rogic.jpg\" \/>\n\t<meta property=\"og:image:width\" content=\"1686\" \/>\n\t<meta property=\"og:image:height\" content=\"1125\" \/>\n\t<meta property=\"og:image:type\" content=\"image\/jpeg\" \/>\n<meta name=\"author\" content=\"Radio Ljubu\u0161ki\" \/>\n<meta name=\"twitter:card\" content=\"summary_large_image\" \/>\n<meta name=\"twitter:creator\" content=\"@radioljubuski\" \/>\n<meta name=\"twitter:site\" content=\"@radioljubuski\" \/>\n<meta name=\"twitter:label1\" content=\"Napisao\/la\" \/>\n\t<meta name=\"twitter:data1\" content=\"Radio Ljubu\u0161ki\" \/>\n\t<meta name=\"twitter:label2\" content=\"Procijenjeno vrijeme \u010ditanja\" \/>\n\t<meta name=\"twitter:data2\" content=\"3 minute\" \/>\n<script type=\"application\/ld+json\" class=\"yoast-schema-graph\">{\"@context\":\"https:\\\/\\\/schema.org\",\"@graph\":[{\"@type\":\"Article\",\"@id\":\"https:\\\/\\\/radioljubuski.ba\\\/index.php\\\/2021\\\/12\\\/01\\\/promocija-knjige-branka-rogica-audio-i-foto\\\/#article\",\"isPartOf\":{\"@id\":\"https:\\\/\\\/radioljubuski.ba\\\/index.php\\\/2021\\\/12\\\/01\\\/promocija-knjige-branka-rogica-audio-i-foto\\\/\"},\"author\":{\"name\":\"Radio Ljubu\u0161ki\",\"@id\":\"https:\\\/\\\/radioljubuski.ba\\\/#\\\/schema\\\/person\\\/19fc700381a780f69665d7956c469e3b\"},\"headline\":\"Promocija knjige Branka Rogi\u0107a &#8211; audio i foto\",\"datePublished\":\"2021-12-01T09:13:28+00:00\",\"dateModified\":\"2021-12-02T12:20:45+00:00\",\"mainEntityOfPage\":{\"@id\":\"https:\\\/\\\/radioljubuski.ba\\\/index.php\\\/2021\\\/12\\\/01\\\/promocija-knjige-branka-rogica-audio-i-foto\\\/\"},\"wordCount\":518,\"publisher\":{\"@id\":\"https:\\\/\\\/radioljubuski.ba\\\/#organization\"},\"image\":{\"@id\":\"https:\\\/\\\/radioljubuski.ba\\\/index.php\\\/2021\\\/12\\\/01\\\/promocija-knjige-branka-rogica-audio-i-foto\\\/#primaryimage\"},\"thumbnailUrl\":\"https:\\\/\\\/radioljubuski.ba\\\/wp-content\\\/uploads\\\/2021\\\/12\\\/branko-rogic.jpg\",\"articleSection\":[\"RLJ Audio\"],\"inLanguage\":\"hr\"},{\"@type\":\"WebPage\",\"@id\":\"https:\\\/\\\/radioljubuski.ba\\\/index.php\\\/2021\\\/12\\\/01\\\/promocija-knjige-branka-rogica-audio-i-foto\\\/\",\"url\":\"https:\\\/\\\/radioljubuski.ba\\\/index.php\\\/2021\\\/12\\\/01\\\/promocija-knjige-branka-rogica-audio-i-foto\\\/\",\"name\":\"Promocija knjige Branka Rogi\u0107a - audio i foto - RADIO LJUBU\u0160KI\",\"isPartOf\":{\"@id\":\"https:\\\/\\\/radioljubuski.ba\\\/#website\"},\"primaryImageOfPage\":{\"@id\":\"https:\\\/\\\/radioljubuski.ba\\\/index.php\\\/2021\\\/12\\\/01\\\/promocija-knjige-branka-rogica-audio-i-foto\\\/#primaryimage\"},\"image\":{\"@id\":\"https:\\\/\\\/radioljubuski.ba\\\/index.php\\\/2021\\\/12\\\/01\\\/promocija-knjige-branka-rogica-audio-i-foto\\\/#primaryimage\"},\"thumbnailUrl\":\"https:\\\/\\\/radioljubuski.ba\\\/wp-content\\\/uploads\\\/2021\\\/12\\\/branko-rogic.jpg\",\"datePublished\":\"2021-12-01T09:13:28+00:00\",\"dateModified\":\"2021-12-02T12:20:45+00:00\",\"breadcrumb\":{\"@id\":\"https:\\\/\\\/radioljubuski.ba\\\/index.php\\\/2021\\\/12\\\/01\\\/promocija-knjige-branka-rogica-audio-i-foto\\\/#breadcrumb\"},\"inLanguage\":\"hr\",\"potentialAction\":[{\"@type\":\"ReadAction\",\"target\":[\"https:\\\/\\\/radioljubuski.ba\\\/index.php\\\/2021\\\/12\\\/01\\\/promocija-knjige-branka-rogica-audio-i-foto\\\/\"]}]},{\"@type\":\"ImageObject\",\"inLanguage\":\"hr\",\"@id\":\"https:\\\/\\\/radioljubuski.ba\\\/index.php\\\/2021\\\/12\\\/01\\\/promocija-knjige-branka-rogica-audio-i-foto\\\/#primaryimage\",\"url\":\"https:\\\/\\\/radioljubuski.ba\\\/wp-content\\\/uploads\\\/2021\\\/12\\\/branko-rogic.jpg\",\"contentUrl\":\"https:\\\/\\\/radioljubuski.ba\\\/wp-content\\\/uploads\\\/2021\\\/12\\\/branko-rogic.jpg\",\"width\":1686,\"height\":1125},{\"@type\":\"BreadcrumbList\",\"@id\":\"https:\\\/\\\/radioljubuski.ba\\\/index.php\\\/2021\\\/12\\\/01\\\/promocija-knjige-branka-rogica-audio-i-foto\\\/#breadcrumb\",\"itemListElement\":[{\"@type\":\"ListItem\",\"position\":1,\"name\":\"Po\u010detna stranica\",\"item\":\"https:\\\/\\\/radioljubuski.ba\\\/\"},{\"@type\":\"ListItem\",\"position\":2,\"name\":\"Promocija knjige Branka Rogi\u0107a &#8211; audio i foto\"}]},{\"@type\":\"WebSite\",\"@id\":\"https:\\\/\\\/radioljubuski.ba\\\/#website\",\"url\":\"https:\\\/\\\/radioljubuski.ba\\\/\",\"name\":\"Radio Ljubu\u0161ki\",\"description\":\"Sun\u010dana frekvencija Hercegovine\",\"publisher\":{\"@id\":\"https:\\\/\\\/radioljubuski.ba\\\/#organization\"},\"potentialAction\":[{\"@type\":\"SearchAction\",\"target\":{\"@type\":\"EntryPoint\",\"urlTemplate\":\"https:\\\/\\\/radioljubuski.ba\\\/?s={search_term_string}\"},\"query-input\":{\"@type\":\"PropertyValueSpecification\",\"valueRequired\":true,\"valueName\":\"search_term_string\"}}],\"inLanguage\":\"hr\"},{\"@type\":\"Organization\",\"@id\":\"https:\\\/\\\/radioljubuski.ba\\\/#organization\",\"name\":\"Radio Ljubu\u0161ki\",\"url\":\"https:\\\/\\\/radioljubuski.ba\\\/\",\"logo\":{\"@type\":\"ImageObject\",\"inLanguage\":\"hr\",\"@id\":\"https:\\\/\\\/radioljubuski.ba\\\/#\\\/schema\\\/logo\\\/image\\\/\",\"url\":\"https:\\\/\\\/radioljubuski.ba\\\/wp-content\\\/uploads\\\/2021\\\/02\\\/cropped-Radio_Ljubuski_logo1.jpg\",\"contentUrl\":\"https:\\\/\\\/radioljubuski.ba\\\/wp-content\\\/uploads\\\/2021\\\/02\\\/cropped-Radio_Ljubuski_logo1.jpg\",\"width\":512,\"height\":512,\"caption\":\"Radio Ljubu\u0161ki\"},\"image\":{\"@id\":\"https:\\\/\\\/radioljubuski.ba\\\/#\\\/schema\\\/logo\\\/image\\\/\"},\"sameAs\":[\"https:\\\/\\\/www.facebook.com\\\/Radiio-Ljubuski-1490835324566332\",\"https:\\\/\\\/x.com\\\/radioljubuski\",\"https:\\\/\\\/hr.linkedin.com\\\/company\\\/radio-ljubuski\",\"https:\\\/\\\/www.youtube.com\\\/channel\\\/UCHYaeO_n0Db3tjNGudGpXyw\"]},{\"@type\":\"Person\",\"@id\":\"https:\\\/\\\/radioljubuski.ba\\\/#\\\/schema\\\/person\\\/19fc700381a780f69665d7956c469e3b\",\"name\":\"Radio Ljubu\u0161ki\"}]}<\/script>\n<!-- \/ Yoast SEO plugin. -->","yoast_head_json":{"title":"Promocija knjige Branka Rogi\u0107a - audio i foto - RADIO LJUBU\u0160KI","robots":{"index":"index","follow":"follow","max-snippet":"max-snippet:-1","max-image-preview":"max-image-preview:large","max-video-preview":"max-video-preview:-1"},"canonical":"https:\/\/radioljubuski.ba\/index.php\/2021\/12\/01\/promocija-knjige-branka-rogica-audio-i-foto\/","og_locale":"hr_HR","og_type":"article","og_title":"Promocija knjige Branka Rogi\u0107a - audio i foto - RADIO LJUBU\u0160KI","og_description":"\u201e\u010citava moja generacija se odgojila na motiki. Ja evo nikako pobje\u0107 od motike, uvijek joj ka\u017eem zbogom, ali opet do\u0111e sezona i \u010deka me opet\u201c, poru\u010dio je magistar agronomije Branko Rogi\u0107 koji je sino\u0107 u Knji\u017enici Ljubu\u0161ki predstavio svoju knjigu znakovita naziva \u201eZbogom motiko ljubavi moja\u201c. Rije\u010d je o njegovoj drugoj knjizi u kojoj su [&hellip;]","og_url":"https:\/\/radioljubuski.ba\/index.php\/2021\/12\/01\/promocija-knjige-branka-rogica-audio-i-foto\/","og_site_name":"RADIO LJUBU\u0160KI","article_publisher":"https:\/\/www.facebook.com\/Radiio-Ljubuski-1490835324566332","article_published_time":"2021-12-01T09:13:28+00:00","article_modified_time":"2021-12-02T12:20:45+00:00","og_image":[{"width":1686,"height":1125,"url":"https:\/\/radioljubuski.ba\/wp-content\/uploads\/2021\/12\/branko-rogic.jpg","type":"image\/jpeg"}],"author":"Radio Ljubu\u0161ki","twitter_card":"summary_large_image","twitter_creator":"@radioljubuski","twitter_site":"@radioljubuski","twitter_misc":{"Napisao\/la":"Radio Ljubu\u0161ki","Procijenjeno vrijeme \u010ditanja":"3 minute"},"schema":{"@context":"https:\/\/schema.org","@graph":[{"@type":"Article","@id":"https:\/\/radioljubuski.ba\/index.php\/2021\/12\/01\/promocija-knjige-branka-rogica-audio-i-foto\/#article","isPartOf":{"@id":"https:\/\/radioljubuski.ba\/index.php\/2021\/12\/01\/promocija-knjige-branka-rogica-audio-i-foto\/"},"author":{"name":"Radio Ljubu\u0161ki","@id":"https:\/\/radioljubuski.ba\/#\/schema\/person\/19fc700381a780f69665d7956c469e3b"},"headline":"Promocija knjige Branka Rogi\u0107a &#8211; audio i foto","datePublished":"2021-12-01T09:13:28+00:00","dateModified":"2021-12-02T12:20:45+00:00","mainEntityOfPage":{"@id":"https:\/\/radioljubuski.ba\/index.php\/2021\/12\/01\/promocija-knjige-branka-rogica-audio-i-foto\/"},"wordCount":518,"publisher":{"@id":"https:\/\/radioljubuski.ba\/#organization"},"image":{"@id":"https:\/\/radioljubuski.ba\/index.php\/2021\/12\/01\/promocija-knjige-branka-rogica-audio-i-foto\/#primaryimage"},"thumbnailUrl":"https:\/\/radioljubuski.ba\/wp-content\/uploads\/2021\/12\/branko-rogic.jpg","articleSection":["RLJ Audio"],"inLanguage":"hr"},{"@type":"WebPage","@id":"https:\/\/radioljubuski.ba\/index.php\/2021\/12\/01\/promocija-knjige-branka-rogica-audio-i-foto\/","url":"https:\/\/radioljubuski.ba\/index.php\/2021\/12\/01\/promocija-knjige-branka-rogica-audio-i-foto\/","name":"Promocija knjige Branka Rogi\u0107a - audio i foto - RADIO LJUBU\u0160KI","isPartOf":{"@id":"https:\/\/radioljubuski.ba\/#website"},"primaryImageOfPage":{"@id":"https:\/\/radioljubuski.ba\/index.php\/2021\/12\/01\/promocija-knjige-branka-rogica-audio-i-foto\/#primaryimage"},"image":{"@id":"https:\/\/radioljubuski.ba\/index.php\/2021\/12\/01\/promocija-knjige-branka-rogica-audio-i-foto\/#primaryimage"},"thumbnailUrl":"https:\/\/radioljubuski.ba\/wp-content\/uploads\/2021\/12\/branko-rogic.jpg","datePublished":"2021-12-01T09:13:28+00:00","dateModified":"2021-12-02T12:20:45+00:00","breadcrumb":{"@id":"https:\/\/radioljubuski.ba\/index.php\/2021\/12\/01\/promocija-knjige-branka-rogica-audio-i-foto\/#breadcrumb"},"inLanguage":"hr","potentialAction":[{"@type":"ReadAction","target":["https:\/\/radioljubuski.ba\/index.php\/2021\/12\/01\/promocija-knjige-branka-rogica-audio-i-foto\/"]}]},{"@type":"ImageObject","inLanguage":"hr","@id":"https:\/\/radioljubuski.ba\/index.php\/2021\/12\/01\/promocija-knjige-branka-rogica-audio-i-foto\/#primaryimage","url":"https:\/\/radioljubuski.ba\/wp-content\/uploads\/2021\/12\/branko-rogic.jpg","contentUrl":"https:\/\/radioljubuski.ba\/wp-content\/uploads\/2021\/12\/branko-rogic.jpg","width":1686,"height":1125},{"@type":"BreadcrumbList","@id":"https:\/\/radioljubuski.ba\/index.php\/2021\/12\/01\/promocija-knjige-branka-rogica-audio-i-foto\/#breadcrumb","itemListElement":[{"@type":"ListItem","position":1,"name":"Po\u010detna stranica","item":"https:\/\/radioljubuski.ba\/"},{"@type":"ListItem","position":2,"name":"Promocija knjige Branka Rogi\u0107a &#8211; audio i foto"}]},{"@type":"WebSite","@id":"https:\/\/radioljubuski.ba\/#website","url":"https:\/\/radioljubuski.ba\/","name":"Radio Ljubu\u0161ki","description":"Sun\u010dana frekvencija Hercegovine","publisher":{"@id":"https:\/\/radioljubuski.ba\/#organization"},"potentialAction":[{"@type":"SearchAction","target":{"@type":"EntryPoint","urlTemplate":"https:\/\/radioljubuski.ba\/?s={search_term_string}"},"query-input":{"@type":"PropertyValueSpecification","valueRequired":true,"valueName":"search_term_string"}}],"inLanguage":"hr"},{"@type":"Organization","@id":"https:\/\/radioljubuski.ba\/#organization","name":"Radio Ljubu\u0161ki","url":"https:\/\/radioljubuski.ba\/","logo":{"@type":"ImageObject","inLanguage":"hr","@id":"https:\/\/radioljubuski.ba\/#\/schema\/logo\/image\/","url":"https:\/\/radioljubuski.ba\/wp-content\/uploads\/2021\/02\/cropped-Radio_Ljubuski_logo1.jpg","contentUrl":"https:\/\/radioljubuski.ba\/wp-content\/uploads\/2021\/02\/cropped-Radio_Ljubuski_logo1.jpg","width":512,"height":512,"caption":"Radio Ljubu\u0161ki"},"image":{"@id":"https:\/\/radioljubuski.ba\/#\/schema\/logo\/image\/"},"sameAs":["https:\/\/www.facebook.com\/Radiio-Ljubuski-1490835324566332","https:\/\/x.com\/radioljubuski","https:\/\/hr.linkedin.com\/company\/radio-ljubuski","https:\/\/www.youtube.com\/channel\/UCHYaeO_n0Db3tjNGudGpXyw"]},{"@type":"Person","@id":"https:\/\/radioljubuski.ba\/#\/schema\/person\/19fc700381a780f69665d7956c469e3b","name":"Radio Ljubu\u0161ki"}]}},"_links":{"self":[{"href":"https:\/\/radioljubuski.ba\/index.php\/wp-json\/wp\/v2\/posts\/94558","targetHints":{"allow":["GET"]}}],"collection":[{"href":"https:\/\/radioljubuski.ba\/index.php\/wp-json\/wp\/v2\/posts"}],"about":[{"href":"https:\/\/radioljubuski.ba\/index.php\/wp-json\/wp\/v2\/types\/post"}],"author":[{"embeddable":true,"href":"https:\/\/radioljubuski.ba\/index.php\/wp-json\/wp\/v2\/users\/2"}],"replies":[{"embeddable":true,"href":"https:\/\/radioljubuski.ba\/index.php\/wp-json\/wp\/v2\/comments?post=94558"}],"version-history":[{"count":3,"href":"https:\/\/radioljubuski.ba\/index.php\/wp-json\/wp\/v2\/posts\/94558\/revisions"}],"predecessor-version":[{"id":94574,"href":"https:\/\/radioljubuski.ba\/index.php\/wp-json\/wp\/v2\/posts\/94558\/revisions\/94574"}],"wp:featuredmedia":[{"embeddable":true,"href":"https:\/\/radioljubuski.ba\/index.php\/wp-json\/wp\/v2\/media\/94559"}],"wp:attachment":[{"href":"https:\/\/radioljubuski.ba\/index.php\/wp-json\/wp\/v2\/media?parent=94558"}],"wp:term":[{"taxonomy":"category","embeddable":true,"href":"https:\/\/radioljubuski.ba\/index.php\/wp-json\/wp\/v2\/categories?post=94558"},{"taxonomy":"post_tag","embeddable":true,"href":"https:\/\/radioljubuski.ba\/index.php\/wp-json\/wp\/v2\/tags?post=94558"}],"curies":[{"name":"wp","href":"https:\/\/api.w.org\/{rel}","templated":true}]}}