{"id":94570,"date":"2021-12-01T11:39:42","date_gmt":"2021-12-01T10:39:42","guid":{"rendered":"https:\/\/radioljubuski.ba\/?p=94570"},"modified":"2021-12-01T11:39:42","modified_gmt":"2021-12-01T10:39:42","slug":"lutkarski-mjuzikl-zelena-prica-izveden-u-djecjem-vrticu-ljubuski","status":"publish","type":"post","link":"https:\/\/radioljubuski.ba\/index.php\/2021\/12\/01\/lutkarski-mjuzikl-zelena-prica-izveden-u-djecjem-vrticu-ljubuski\/","title":{"rendered":"Lutkarski mjuzikl \u201eZelena pri\u010da\u201c izveden u Dje\u010djem vrti\u0107u Ljubu\u0161ki"},"content":{"rendered":"\n<p>U Dje\u010djem vrti\u0107u Ljubu\u0161ki ugostili su Studio Suncokret koji je izveo edukativni lutkarski mjuzikl \u201eZelena pri\u010da\u201c.<\/p>\n\n\n\n<p>Kako za\u0161tititi okoli\u0161? Kako odvajati otpad? <\/p>\n\n\n\n<p>To su samo neka od pitanja na koja odgovore tra\u017ee smetlar Medo te mudra Sova, Gica Prljavica, Magarac, Ribica, Vjeverica i Glista koji su i junaci ovog ekolo\u0161kog lutkarskog mjuzikla koji je ostvaren u suradnji s Fondom za za\u0161titu okoli\u0161a Republike Hrvatske.<\/p>\n\n\n\n<p>Junaci ovog lutkarskog mjuzikla u svojim prirodnim stani\u0161tima susre\u0107u sa raznim vrstama one\u010di\u0161\u0107enja, te dok neki u\u017eivaju praviti nered drugi tra\u017ee rje\u0161enja kako okoli\u0161u vratiti stari sjaj. <\/p>\n\n\n\n<p>Tijekom predstave djeci se prikazuju osnove razvrstavanja otpada na zabavan i interaktivan na\u010din. <\/p>\n\n\n\n<p>Uz veliki broj edukacijskih songova mo\u017eda je najva\u017enije istaknuti i glavnu misao ovog ekolo\u0161kog mjuzikla : \u201eO za\u0161titi okoli\u0161a brinemo se od malena.\u201c<\/p>\n\n\n\n<p>Ekolo\u0161ki lutkarski mjuzikl ZELENA PRI\u010cA pridonosi da se djeca u vrti\u0107u pobli\u017ee upoznaju sa temama o\u010duvanja i za\u0161tite okoli\u0161a.<\/p>\n\n\n\n<iframe loading=\"lazy\" src=\"https:\/\/www.facebook.com\/plugins\/post.php?href=https%3A%2F%2Fwww.facebook.com%2Fpermalink.php%3Fstory_fbid%3D356916829537353%26id%3D101447888417583&#038;show_text=true&#038;width=500\" width=\"500\" height=\"793\" style=\"border:none;overflow:hidden\" scrolling=\"no\" frameborder=\"0\" allowfullscreen=\"true\" allow=\"autoplay; clipboard-write; encrypted-media; picture-in-picture; web-share\"><\/iframe>\n\n\n\n<p><\/p>\n","protected":false},"excerpt":{"rendered":"<p>U Dje\u010djem vrti\u0107u Ljubu\u0161ki ugostili su Studio Suncokret koji je izveo edukativni lutkarski mjuzikl \u201eZelena pri\u010da\u201c. Kako za\u0161tititi okoli\u0161? Kako odvajati otpad? To su samo neka od pitanja na koja odgovore tra\u017ee smetlar Medo te mudra Sova, Gica Prljavica, Magarac, Ribica, Vjeverica i Glista koji su i junaci ovog ekolo\u0161kog lutkarskog mjuzikla koji je ostvaren [&hellip;]<\/p>\n","protected":false},"author":2,"featured_media":94571,"comment_status":"closed","ping_status":"closed","sticky":false,"template":"","format":"standard","meta":{"h5ap_radio_sources":[],"footnotes":""},"categories":[3],"tags":[],"class_list":["post-94570","post","type-post","status-publish","format-standard","has-post-thumbnail","hentry","category-ljubuski"],"yoast_head":"<!-- This site is optimized with the Yoast SEO plugin v27.5 - https:\/\/yoast.com\/product\/yoast-seo-wordpress\/ -->\n<title>Lutkarski mjuzikl \u201eZelena pri\u010da\u201c izveden u Dje\u010djem vrti\u0107u Ljubu\u0161ki - RADIO LJUBU\u0160KI<\/title>\n<meta name=\"robots\" content=\"index, follow, max-snippet:-1, max-image-preview:large, max-video-preview:-1\" \/>\n<link rel=\"canonical\" href=\"https:\/\/radioljubuski.ba\/index.php\/2021\/12\/01\/lutkarski-mjuzikl-zelena-prica-izveden-u-djecjem-vrticu-ljubuski\/\" \/>\n<meta property=\"og:locale\" content=\"hr_HR\" \/>\n<meta property=\"og:type\" content=\"article\" \/>\n<meta property=\"og:title\" content=\"Lutkarski mjuzikl \u201eZelena pri\u010da\u201c izveden u Dje\u010djem vrti\u0107u Ljubu\u0161ki - RADIO LJUBU\u0160KI\" \/>\n<meta property=\"og:description\" content=\"U Dje\u010djem vrti\u0107u Ljubu\u0161ki ugostili su Studio Suncokret koji je izveo edukativni lutkarski mjuzikl \u201eZelena pri\u010da\u201c. Kako za\u0161tititi okoli\u0161? Kako odvajati otpad? To su samo neka od pitanja na koja odgovore tra\u017ee smetlar Medo te mudra Sova, Gica Prljavica, Magarac, Ribica, Vjeverica i Glista koji su i junaci ovog ekolo\u0161kog lutkarskog mjuzikla koji je ostvaren [&hellip;]\" \/>\n<meta property=\"og:url\" content=\"https:\/\/radioljubuski.ba\/index.php\/2021\/12\/01\/lutkarski-mjuzikl-zelena-prica-izveden-u-djecjem-vrticu-ljubuski\/\" \/>\n<meta property=\"og:site_name\" content=\"RADIO LJUBU\u0160KI\" \/>\n<meta property=\"article:publisher\" content=\"https:\/\/www.facebook.com\/Radiio-Ljubuski-1490835324566332\" \/>\n<meta property=\"article:published_time\" content=\"2021-12-01T10:39:42+00:00\" \/>\n<meta property=\"og:image\" content=\"https:\/\/radioljubuski.ba\/wp-content\/uploads\/2021\/12\/zelena-prica.jpg\" \/>\n\t<meta property=\"og:image:width\" content=\"1024\" \/>\n\t<meta property=\"og:image:height\" content=\"683\" \/>\n\t<meta property=\"og:image:type\" content=\"image\/jpeg\" \/>\n<meta name=\"author\" content=\"Radio Ljubu\u0161ki\" \/>\n<meta name=\"twitter:card\" content=\"summary_large_image\" \/>\n<meta name=\"twitter:creator\" content=\"@radioljubuski\" \/>\n<meta name=\"twitter:site\" content=\"@radioljubuski\" \/>\n<meta name=\"twitter:label1\" content=\"Napisao\/la\" \/>\n\t<meta name=\"twitter:data1\" content=\"Radio Ljubu\u0161ki\" \/>\n\t<meta name=\"twitter:label2\" content=\"Procijenjeno vrijeme \u010ditanja\" \/>\n\t<meta name=\"twitter:data2\" content=\"1 minuta\" \/>\n<script type=\"application\/ld+json\" class=\"yoast-schema-graph\">{\"@context\":\"https:\\\/\\\/schema.org\",\"@graph\":[{\"@type\":\"Article\",\"@id\":\"https:\\\/\\\/radioljubuski.ba\\\/index.php\\\/2021\\\/12\\\/01\\\/lutkarski-mjuzikl-zelena-prica-izveden-u-djecjem-vrticu-ljubuski\\\/#article\",\"isPartOf\":{\"@id\":\"https:\\\/\\\/radioljubuski.ba\\\/index.php\\\/2021\\\/12\\\/01\\\/lutkarski-mjuzikl-zelena-prica-izveden-u-djecjem-vrticu-ljubuski\\\/\"},\"author\":{\"name\":\"Radio Ljubu\u0161ki\",\"@id\":\"https:\\\/\\\/radioljubuski.ba\\\/#\\\/schema\\\/person\\\/19fc700381a780f69665d7956c469e3b\"},\"headline\":\"Lutkarski mjuzikl \u201eZelena pri\u010da\u201c izveden u Dje\u010djem vrti\u0107u Ljubu\u0161ki\",\"datePublished\":\"2021-12-01T10:39:42+00:00\",\"mainEntityOfPage\":{\"@id\":\"https:\\\/\\\/radioljubuski.ba\\\/index.php\\\/2021\\\/12\\\/01\\\/lutkarski-mjuzikl-zelena-prica-izveden-u-djecjem-vrticu-ljubuski\\\/\"},\"wordCount\":188,\"publisher\":{\"@id\":\"https:\\\/\\\/radioljubuski.ba\\\/#organization\"},\"image\":{\"@id\":\"https:\\\/\\\/radioljubuski.ba\\\/index.php\\\/2021\\\/12\\\/01\\\/lutkarski-mjuzikl-zelena-prica-izveden-u-djecjem-vrticu-ljubuski\\\/#primaryimage\"},\"thumbnailUrl\":\"https:\\\/\\\/radioljubuski.ba\\\/wp-content\\\/uploads\\\/2021\\\/12\\\/zelena-prica.jpg\",\"articleSection\":[\"Ljubu\u0161ki\"],\"inLanguage\":\"hr\"},{\"@type\":\"WebPage\",\"@id\":\"https:\\\/\\\/radioljubuski.ba\\\/index.php\\\/2021\\\/12\\\/01\\\/lutkarski-mjuzikl-zelena-prica-izveden-u-djecjem-vrticu-ljubuski\\\/\",\"url\":\"https:\\\/\\\/radioljubuski.ba\\\/index.php\\\/2021\\\/12\\\/01\\\/lutkarski-mjuzikl-zelena-prica-izveden-u-djecjem-vrticu-ljubuski\\\/\",\"name\":\"Lutkarski mjuzikl \u201eZelena pri\u010da\u201c izveden u Dje\u010djem vrti\u0107u Ljubu\u0161ki - RADIO LJUBU\u0160KI\",\"isPartOf\":{\"@id\":\"https:\\\/\\\/radioljubuski.ba\\\/#website\"},\"primaryImageOfPage\":{\"@id\":\"https:\\\/\\\/radioljubuski.ba\\\/index.php\\\/2021\\\/12\\\/01\\\/lutkarski-mjuzikl-zelena-prica-izveden-u-djecjem-vrticu-ljubuski\\\/#primaryimage\"},\"image\":{\"@id\":\"https:\\\/\\\/radioljubuski.ba\\\/index.php\\\/2021\\\/12\\\/01\\\/lutkarski-mjuzikl-zelena-prica-izveden-u-djecjem-vrticu-ljubuski\\\/#primaryimage\"},\"thumbnailUrl\":\"https:\\\/\\\/radioljubuski.ba\\\/wp-content\\\/uploads\\\/2021\\\/12\\\/zelena-prica.jpg\",\"datePublished\":\"2021-12-01T10:39:42+00:00\",\"breadcrumb\":{\"@id\":\"https:\\\/\\\/radioljubuski.ba\\\/index.php\\\/2021\\\/12\\\/01\\\/lutkarski-mjuzikl-zelena-prica-izveden-u-djecjem-vrticu-ljubuski\\\/#breadcrumb\"},\"inLanguage\":\"hr\",\"potentialAction\":[{\"@type\":\"ReadAction\",\"target\":[\"https:\\\/\\\/radioljubuski.ba\\\/index.php\\\/2021\\\/12\\\/01\\\/lutkarski-mjuzikl-zelena-prica-izveden-u-djecjem-vrticu-ljubuski\\\/\"]}]},{\"@type\":\"ImageObject\",\"inLanguage\":\"hr\",\"@id\":\"https:\\\/\\\/radioljubuski.ba\\\/index.php\\\/2021\\\/12\\\/01\\\/lutkarski-mjuzikl-zelena-prica-izveden-u-djecjem-vrticu-ljubuski\\\/#primaryimage\",\"url\":\"https:\\\/\\\/radioljubuski.ba\\\/wp-content\\\/uploads\\\/2021\\\/12\\\/zelena-prica.jpg\",\"contentUrl\":\"https:\\\/\\\/radioljubuski.ba\\\/wp-content\\\/uploads\\\/2021\\\/12\\\/zelena-prica.jpg\",\"width\":1024,\"height\":683},{\"@type\":\"BreadcrumbList\",\"@id\":\"https:\\\/\\\/radioljubuski.ba\\\/index.php\\\/2021\\\/12\\\/01\\\/lutkarski-mjuzikl-zelena-prica-izveden-u-djecjem-vrticu-ljubuski\\\/#breadcrumb\",\"itemListElement\":[{\"@type\":\"ListItem\",\"position\":1,\"name\":\"Po\u010detna stranica\",\"item\":\"https:\\\/\\\/radioljubuski.ba\\\/\"},{\"@type\":\"ListItem\",\"position\":2,\"name\":\"Lutkarski mjuzikl \u201eZelena pri\u010da\u201c izveden u Dje\u010djem vrti\u0107u Ljubu\u0161ki\"}]},{\"@type\":\"WebSite\",\"@id\":\"https:\\\/\\\/radioljubuski.ba\\\/#website\",\"url\":\"https:\\\/\\\/radioljubuski.ba\\\/\",\"name\":\"Radio Ljubu\u0161ki\",\"description\":\"Sun\u010dana frekvencija Hercegovine\",\"publisher\":{\"@id\":\"https:\\\/\\\/radioljubuski.ba\\\/#organization\"},\"potentialAction\":[{\"@type\":\"SearchAction\",\"target\":{\"@type\":\"EntryPoint\",\"urlTemplate\":\"https:\\\/\\\/radioljubuski.ba\\\/?s={search_term_string}\"},\"query-input\":{\"@type\":\"PropertyValueSpecification\",\"valueRequired\":true,\"valueName\":\"search_term_string\"}}],\"inLanguage\":\"hr\"},{\"@type\":\"Organization\",\"@id\":\"https:\\\/\\\/radioljubuski.ba\\\/#organization\",\"name\":\"Radio Ljubu\u0161ki\",\"url\":\"https:\\\/\\\/radioljubuski.ba\\\/\",\"logo\":{\"@type\":\"ImageObject\",\"inLanguage\":\"hr\",\"@id\":\"https:\\\/\\\/radioljubuski.ba\\\/#\\\/schema\\\/logo\\\/image\\\/\",\"url\":\"https:\\\/\\\/radioljubuski.ba\\\/wp-content\\\/uploads\\\/2021\\\/02\\\/cropped-Radio_Ljubuski_logo1.jpg\",\"contentUrl\":\"https:\\\/\\\/radioljubuski.ba\\\/wp-content\\\/uploads\\\/2021\\\/02\\\/cropped-Radio_Ljubuski_logo1.jpg\",\"width\":512,\"height\":512,\"caption\":\"Radio Ljubu\u0161ki\"},\"image\":{\"@id\":\"https:\\\/\\\/radioljubuski.ba\\\/#\\\/schema\\\/logo\\\/image\\\/\"},\"sameAs\":[\"https:\\\/\\\/www.facebook.com\\\/Radiio-Ljubuski-1490835324566332\",\"https:\\\/\\\/x.com\\\/radioljubuski\",\"https:\\\/\\\/hr.linkedin.com\\\/company\\\/radio-ljubuski\",\"https:\\\/\\\/www.youtube.com\\\/channel\\\/UCHYaeO_n0Db3tjNGudGpXyw\"]},{\"@type\":\"Person\",\"@id\":\"https:\\\/\\\/radioljubuski.ba\\\/#\\\/schema\\\/person\\\/19fc700381a780f69665d7956c469e3b\",\"name\":\"Radio Ljubu\u0161ki\"}]}<\/script>\n<!-- \/ Yoast SEO plugin. -->","yoast_head_json":{"title":"Lutkarski mjuzikl \u201eZelena pri\u010da\u201c izveden u Dje\u010djem vrti\u0107u Ljubu\u0161ki - RADIO LJUBU\u0160KI","robots":{"index":"index","follow":"follow","max-snippet":"max-snippet:-1","max-image-preview":"max-image-preview:large","max-video-preview":"max-video-preview:-1"},"canonical":"https:\/\/radioljubuski.ba\/index.php\/2021\/12\/01\/lutkarski-mjuzikl-zelena-prica-izveden-u-djecjem-vrticu-ljubuski\/","og_locale":"hr_HR","og_type":"article","og_title":"Lutkarski mjuzikl \u201eZelena pri\u010da\u201c izveden u Dje\u010djem vrti\u0107u Ljubu\u0161ki - RADIO LJUBU\u0160KI","og_description":"U Dje\u010djem vrti\u0107u Ljubu\u0161ki ugostili su Studio Suncokret koji je izveo edukativni lutkarski mjuzikl \u201eZelena pri\u010da\u201c. Kako za\u0161tititi okoli\u0161? Kako odvajati otpad? To su samo neka od pitanja na koja odgovore tra\u017ee smetlar Medo te mudra Sova, Gica Prljavica, Magarac, Ribica, Vjeverica i Glista koji su i junaci ovog ekolo\u0161kog lutkarskog mjuzikla koji je ostvaren [&hellip;]","og_url":"https:\/\/radioljubuski.ba\/index.php\/2021\/12\/01\/lutkarski-mjuzikl-zelena-prica-izveden-u-djecjem-vrticu-ljubuski\/","og_site_name":"RADIO LJUBU\u0160KI","article_publisher":"https:\/\/www.facebook.com\/Radiio-Ljubuski-1490835324566332","article_published_time":"2021-12-01T10:39:42+00:00","og_image":[{"width":1024,"height":683,"url":"https:\/\/radioljubuski.ba\/wp-content\/uploads\/2021\/12\/zelena-prica.jpg","type":"image\/jpeg"}],"author":"Radio Ljubu\u0161ki","twitter_card":"summary_large_image","twitter_creator":"@radioljubuski","twitter_site":"@radioljubuski","twitter_misc":{"Napisao\/la":"Radio Ljubu\u0161ki","Procijenjeno vrijeme \u010ditanja":"1 minuta"},"schema":{"@context":"https:\/\/schema.org","@graph":[{"@type":"Article","@id":"https:\/\/radioljubuski.ba\/index.php\/2021\/12\/01\/lutkarski-mjuzikl-zelena-prica-izveden-u-djecjem-vrticu-ljubuski\/#article","isPartOf":{"@id":"https:\/\/radioljubuski.ba\/index.php\/2021\/12\/01\/lutkarski-mjuzikl-zelena-prica-izveden-u-djecjem-vrticu-ljubuski\/"},"author":{"name":"Radio Ljubu\u0161ki","@id":"https:\/\/radioljubuski.ba\/#\/schema\/person\/19fc700381a780f69665d7956c469e3b"},"headline":"Lutkarski mjuzikl \u201eZelena pri\u010da\u201c izveden u Dje\u010djem vrti\u0107u Ljubu\u0161ki","datePublished":"2021-12-01T10:39:42+00:00","mainEntityOfPage":{"@id":"https:\/\/radioljubuski.ba\/index.php\/2021\/12\/01\/lutkarski-mjuzikl-zelena-prica-izveden-u-djecjem-vrticu-ljubuski\/"},"wordCount":188,"publisher":{"@id":"https:\/\/radioljubuski.ba\/#organization"},"image":{"@id":"https:\/\/radioljubuski.ba\/index.php\/2021\/12\/01\/lutkarski-mjuzikl-zelena-prica-izveden-u-djecjem-vrticu-ljubuski\/#primaryimage"},"thumbnailUrl":"https:\/\/radioljubuski.ba\/wp-content\/uploads\/2021\/12\/zelena-prica.jpg","articleSection":["Ljubu\u0161ki"],"inLanguage":"hr"},{"@type":"WebPage","@id":"https:\/\/radioljubuski.ba\/index.php\/2021\/12\/01\/lutkarski-mjuzikl-zelena-prica-izveden-u-djecjem-vrticu-ljubuski\/","url":"https:\/\/radioljubuski.ba\/index.php\/2021\/12\/01\/lutkarski-mjuzikl-zelena-prica-izveden-u-djecjem-vrticu-ljubuski\/","name":"Lutkarski mjuzikl \u201eZelena pri\u010da\u201c izveden u Dje\u010djem vrti\u0107u Ljubu\u0161ki - RADIO LJUBU\u0160KI","isPartOf":{"@id":"https:\/\/radioljubuski.ba\/#website"},"primaryImageOfPage":{"@id":"https:\/\/radioljubuski.ba\/index.php\/2021\/12\/01\/lutkarski-mjuzikl-zelena-prica-izveden-u-djecjem-vrticu-ljubuski\/#primaryimage"},"image":{"@id":"https:\/\/radioljubuski.ba\/index.php\/2021\/12\/01\/lutkarski-mjuzikl-zelena-prica-izveden-u-djecjem-vrticu-ljubuski\/#primaryimage"},"thumbnailUrl":"https:\/\/radioljubuski.ba\/wp-content\/uploads\/2021\/12\/zelena-prica.jpg","datePublished":"2021-12-01T10:39:42+00:00","breadcrumb":{"@id":"https:\/\/radioljubuski.ba\/index.php\/2021\/12\/01\/lutkarski-mjuzikl-zelena-prica-izveden-u-djecjem-vrticu-ljubuski\/#breadcrumb"},"inLanguage":"hr","potentialAction":[{"@type":"ReadAction","target":["https:\/\/radioljubuski.ba\/index.php\/2021\/12\/01\/lutkarski-mjuzikl-zelena-prica-izveden-u-djecjem-vrticu-ljubuski\/"]}]},{"@type":"ImageObject","inLanguage":"hr","@id":"https:\/\/radioljubuski.ba\/index.php\/2021\/12\/01\/lutkarski-mjuzikl-zelena-prica-izveden-u-djecjem-vrticu-ljubuski\/#primaryimage","url":"https:\/\/radioljubuski.ba\/wp-content\/uploads\/2021\/12\/zelena-prica.jpg","contentUrl":"https:\/\/radioljubuski.ba\/wp-content\/uploads\/2021\/12\/zelena-prica.jpg","width":1024,"height":683},{"@type":"BreadcrumbList","@id":"https:\/\/radioljubuski.ba\/index.php\/2021\/12\/01\/lutkarski-mjuzikl-zelena-prica-izveden-u-djecjem-vrticu-ljubuski\/#breadcrumb","itemListElement":[{"@type":"ListItem","position":1,"name":"Po\u010detna stranica","item":"https:\/\/radioljubuski.ba\/"},{"@type":"ListItem","position":2,"name":"Lutkarski mjuzikl \u201eZelena pri\u010da\u201c izveden u Dje\u010djem vrti\u0107u Ljubu\u0161ki"}]},{"@type":"WebSite","@id":"https:\/\/radioljubuski.ba\/#website","url":"https:\/\/radioljubuski.ba\/","name":"Radio Ljubu\u0161ki","description":"Sun\u010dana frekvencija Hercegovine","publisher":{"@id":"https:\/\/radioljubuski.ba\/#organization"},"potentialAction":[{"@type":"SearchAction","target":{"@type":"EntryPoint","urlTemplate":"https:\/\/radioljubuski.ba\/?s={search_term_string}"},"query-input":{"@type":"PropertyValueSpecification","valueRequired":true,"valueName":"search_term_string"}}],"inLanguage":"hr"},{"@type":"Organization","@id":"https:\/\/radioljubuski.ba\/#organization","name":"Radio Ljubu\u0161ki","url":"https:\/\/radioljubuski.ba\/","logo":{"@type":"ImageObject","inLanguage":"hr","@id":"https:\/\/radioljubuski.ba\/#\/schema\/logo\/image\/","url":"https:\/\/radioljubuski.ba\/wp-content\/uploads\/2021\/02\/cropped-Radio_Ljubuski_logo1.jpg","contentUrl":"https:\/\/radioljubuski.ba\/wp-content\/uploads\/2021\/02\/cropped-Radio_Ljubuski_logo1.jpg","width":512,"height":512,"caption":"Radio Ljubu\u0161ki"},"image":{"@id":"https:\/\/radioljubuski.ba\/#\/schema\/logo\/image\/"},"sameAs":["https:\/\/www.facebook.com\/Radiio-Ljubuski-1490835324566332","https:\/\/x.com\/radioljubuski","https:\/\/hr.linkedin.com\/company\/radio-ljubuski","https:\/\/www.youtube.com\/channel\/UCHYaeO_n0Db3tjNGudGpXyw"]},{"@type":"Person","@id":"https:\/\/radioljubuski.ba\/#\/schema\/person\/19fc700381a780f69665d7956c469e3b","name":"Radio Ljubu\u0161ki"}]}},"_links":{"self":[{"href":"https:\/\/radioljubuski.ba\/index.php\/wp-json\/wp\/v2\/posts\/94570","targetHints":{"allow":["GET"]}}],"collection":[{"href":"https:\/\/radioljubuski.ba\/index.php\/wp-json\/wp\/v2\/posts"}],"about":[{"href":"https:\/\/radioljubuski.ba\/index.php\/wp-json\/wp\/v2\/types\/post"}],"author":[{"embeddable":true,"href":"https:\/\/radioljubuski.ba\/index.php\/wp-json\/wp\/v2\/users\/2"}],"replies":[{"embeddable":true,"href":"https:\/\/radioljubuski.ba\/index.php\/wp-json\/wp\/v2\/comments?post=94570"}],"version-history":[{"count":1,"href":"https:\/\/radioljubuski.ba\/index.php\/wp-json\/wp\/v2\/posts\/94570\/revisions"}],"predecessor-version":[{"id":94572,"href":"https:\/\/radioljubuski.ba\/index.php\/wp-json\/wp\/v2\/posts\/94570\/revisions\/94572"}],"wp:featuredmedia":[{"embeddable":true,"href":"https:\/\/radioljubuski.ba\/index.php\/wp-json\/wp\/v2\/media\/94571"}],"wp:attachment":[{"href":"https:\/\/radioljubuski.ba\/index.php\/wp-json\/wp\/v2\/media?parent=94570"}],"wp:term":[{"taxonomy":"category","embeddable":true,"href":"https:\/\/radioljubuski.ba\/index.php\/wp-json\/wp\/v2\/categories?post=94570"},{"taxonomy":"post_tag","embeddable":true,"href":"https:\/\/radioljubuski.ba\/index.php\/wp-json\/wp\/v2\/tags?post=94570"}],"curies":[{"name":"wp","href":"https:\/\/api.w.org\/{rel}","templated":true}]}}